{"id":2994,"date":"2024-08-27T06:00:00","date_gmt":"2024-08-27T09:00:00","guid":{"rendered":"https:\/\/www.oracaoefe.com\/?p=2994"},"modified":"2025-05-20T15:23:40","modified_gmt":"2025-05-20T18:23:40","slug":"oracao-para-superar-desafios-financeiros-durante-a-crise","status":"publish","type":"post","link":"https:\/\/www.oracaoefe.com\/fr\/oracao-para-superar-desafios-financeiros-durante-a-crise\/","title":{"rendered":"Ora\u00e7\u00e3o para superar desafios financeiros durante a crise"},"content":{"rendered":"<p class=\"has-text-align-center wp-block-paragraph\"><strong>Conecte-se com sua f\u00e9!<\/strong><\/p>\n\n\n\n<div class=\"wp-block-buttons is-vertical is-content-justification-center is-layout-flex wp-container-core-buttons-is-layout-569b4b61 wp-block-buttons-is-layout-flex\">\n<div class=\"wp-block-button\"><a class=\"wp-block-button__link has-white-color has-vivid-red-background-color has-text-color has-background has-link-color wp-element-button\" href=\"https:\/\/www.oracaoefe.com\/fr\/categorie\/oracao\/\" style=\"border-radius:12px\">Mais Ora\u00e7\u00f5es Para Superar Obst\u00e1culos Di\u00e1rios<\/a><\/div>\n\n\n\n<div class=\"wp-block-button\"><a class=\"wp-block-button__link has-white-color has-luminous-vivid-amber-background-color has-text-color has-background has-link-color wp-element-button\" href=\"https:\/\/www.oracaoefe.com\/fr\/a-tempestade-nao-veio-para-te-afogar-mas-para-revelar-sua-forca\/\" style=\"border-radius:12px\">Uma Palavra de Vida<\/a><\/div>\n\n\n\n<div class=\"wp-block-button\"><a class=\"wp-block-button__link has-white-color has-vivid-green-cyan-background-color has-text-color has-background has-link-color wp-element-button\" href=\"https:\/\/www.oracaoefe.com\/fr\/missas-e-cultos-online-continuam-em-alta-veja-como-assistir\/\" style=\"border-radius:12px\">Como Assistir Missa Online<\/a><\/div>\n<\/div>\n\n\n\n<p class=\"wp-block-paragraph\">Nos momentos de crise financeira, a f\u00e9 pode ser uma fonte de for\u00e7a e esperan\u00e7a. A ora\u00e7\u00e3o \u00e9 uma maneira poderosa de buscar orienta\u00e7\u00e3o e apoio espiritual para enfrentar as dificuldades. Se voc\u00ea est\u00e1 enfrentando desafios financeiros e busca al\u00edvio e estabilidade, aqui est\u00e1 uma ora\u00e7\u00e3o que pode ajud\u00e1-lo a encontrar paz e orienta\u00e7\u00e3o durante esse per\u00edodo dif\u00edcil.<\/p>\n\n\n\n<h2 class=\"wp-block-heading\">Ora\u00e7\u00e3o para superar desafios financeiros<\/h2>\n\n\n\n<figure class=\"wp-block-image size-full is-resized\"><img loading=\"lazy\" decoding=\"async\" width=\"740\" height=\"491\" src=\"https:\/\/www.oracaoefe.com\/wp-content\/uploads\/2024\/08\/image-3.png\" alt=\"\" class=\"wp-image-3014\" style=\"width:840px;height:auto\" srcset=\"https:\/\/www.oracaoefe.com\/wp-content\/uploads\/2024\/08\/image-3.png 740w, https:\/\/www.oracaoefe.com\/wp-content\/uploads\/2024\/08\/image-3-300x199.png 300w, https:\/\/www.oracaoefe.com\/wp-content\/uploads\/2024\/08\/image-3-18x12.png 18w\" sizes=\"auto, (max-width: 740px) 100vw, 740px\" \/><\/figure>\n\n\n\n<p class=\"wp-block-paragraph\"><strong>Senhor Deus,<\/strong><\/p>\n\n\n\n<p class=\"wp-block-paragraph\">Em tempos de dificuldade financeira, venho a Ti com um cora\u00e7\u00e3o humilde e cheio de f\u00e9. Reconhe\u00e7o a Tua infinita sabedoria e miseric\u00f3rdia, e pe\u00e7o que me concedas a Tua orienta\u00e7\u00e3o e paz enquanto enfrento esses desafios.<\/p>\n\n\n\n<p class=\"wp-block-paragraph\"><strong>Pai Celestial,<\/strong><\/p>\n\n\n\n<p class=\"wp-block-paragraph\">Ajuda-me a manter a confian\u00e7a em Ti mesmo quando as circunst\u00e2ncias parecem desanimadoras. D\u00e1-me a for\u00e7a e a coragem necess\u00e1rias para enfrentar as dificuldades com esperan\u00e7a e determina\u00e7\u00e3o. Ilumina meu caminho e guia minhas decis\u00f5es para que eu possa encontrar solu\u00e7\u00f5es para meus problemas financeiros.<\/p>\n\n\n\n<p class=\"wp-block-paragraph\"><strong>Senhor,<\/strong><\/p>\n\n\n\n<p class=\"wp-block-paragraph\">Pe\u00e7o que me concedas clareza mental e sabedoria para administrar meus recursos com responsabilidade e discernimento. Ajuda-me a fazer escolhas financeiras que sejam prudentes e que reflitam a Tua vontade. Que eu possa encontrar o equil\u00edbrio necess\u00e1rio para superar essa crise e restaurar a estabilidade em minha vida.<\/p>\n\n\n\n<p class=\"wp-block-paragraph\"><strong>Deus de abund\u00e2ncia,<\/strong><\/p>\n\n\n\n<p class=\"wp-block-paragraph\">Pe\u00e7o tamb\u00e9m que toques os cora\u00e7\u00f5es daqueles que podem estar em posi\u00e7\u00e3o de ajudar. Que eles sejam inspirados a oferecer apoio e generosidade, conforme a Tua vontade. E, da mesma forma, concede-me a capacidade de ser um instrumento de b\u00ean\u00e7\u00e3o e ajuda para os outros quando eu estiver em condi\u00e7\u00f5es de faz\u00ea-lo.<\/p>\n\n\n\n<p class=\"wp-block-paragraph\"><strong>Pai de miseric\u00f3rdia,<\/strong><\/p>\n\n\n\n<p class=\"wp-block-paragraph\">Renova minha esperan\u00e7a e fortalece minha f\u00e9 em momentos de incerteza. Que eu possa sentir a Tua presen\u00e7a constante ao meu lado, trazendo-me conforto e encorajamento. Ajuda-me a lembrar que mesmo nas situa\u00e7\u00f5es mais dif\u00edceis, Tu est\u00e1s conosco, oferecendo consolo e orienta\u00e7\u00e3o.<\/p>\n\n\n\n<p class=\"wp-block-paragraph\"><strong>Senhor,<\/strong><\/p>\n\n\n\n<p class=\"wp-block-paragraph\">Em tudo o que fa\u00e7o, que eu possa buscar a Tua vontade e confiar em Teus planos para minha vida. Que a minha perseveran\u00e7a e f\u00e9 sejam fortalecidas, e que eu possa encontrar a paz que s\u00f3 Tu podes oferecer.<\/p>\n\n\n\n<p class=\"wp-block-paragraph\"><strong>Amen<\/strong><\/p>\n\n\n\n<p class=\"wp-block-paragraph\"><strong>Voir aussi\u00a0: <a href=\"https:\/\/www.oracaoefe.com\/fr\/oracao-para-acalmar-uma-pessoa-urgente\/\">Ora\u00e7\u00e3o para acalmar uma pessoa urgente<\/a><\/strong><\/p>\n\n\n\n<p class=\"wp-block-paragraph\">Atualizado em 20 de maio de 2025<\/p>","protected":false},"excerpt":{"rendered":"<p>Conecte-se com sua f\u00e9! Nos momentos de crise financeira, a f\u00e9 pode ser uma fonte de for\u00e7a e esperan\u00e7a. A ora\u00e7\u00e3o \u00e9 uma maneira poderosa de buscar orienta\u00e7\u00e3o e apoio espiritual para enfrentar as dificuldades. Se voc\u00ea est\u00e1 enfrentando desafios financeiros e busca al\u00edvio e estabilidade, aqui est\u00e1 uma ora\u00e7\u00e3o que pode ajud\u00e1-lo a encontrar&hellip;&nbsp;<\/p>","protected":false},"author":3,"featured_media":3014,"comment_status":"closed","ping_status":"closed","sticky":false,"template":"","format":"standard","meta":{"neve_meta_sidebar":"","neve_meta_container":"","neve_meta_enable_content_width":"","neve_meta_content_width":0,"neve_meta_title_alignment":"","neve_meta_author_avatar":"","neve_post_elements_order":"","neve_meta_disable_header":"","neve_meta_disable_footer":"","neve_meta_disable_title":"","footnotes":""},"categories":[2],"tags":[],"class_list":["post-2994","post","type-post","status-publish","format-standard","has-post-thumbnail","hentry","category-oracao"],"yoast_head":"<!-- This site is optimized with the Yoast SEO plugin v28.4 - https:\/\/yoast.com\/product\/yoast-seo-wordpress\/ -->\n<title>Ora\u00e7\u00e3o para superar desafios financeiros durante a crise - Ora\u00e7\u00e3o e F\u00e9<\/title>\n<meta name=\"description\" content=\"Deus tem pra voc\u00ea uma palavra de vida!\" \/>\n<meta name=\"robots\" content=\"index, follow, max-snippet:-1, max-image-preview:large, max-video-preview:-1\" \/>\n<link rel=\"canonical\" href=\"https:\/\/www.oracaoefe.com\/fr\/oracao-para-superar-desafios-financeiros-durante-a-crise\/\" \/>\n<meta property=\"og:locale\" content=\"fr_FR\" \/>\n<meta property=\"og:type\" content=\"article\" \/>\n<meta property=\"og:title\" content=\"Ora\u00e7\u00e3o para superar desafios financeiros durante a crise - Ora\u00e7\u00e3o e F\u00e9\" \/>\n<meta property=\"og:description\" content=\"Deus tem pra voc\u00ea uma palavra de vida!\" \/>\n<meta property=\"og:url\" content=\"https:\/\/www.oracaoefe.com\/fr\/oracao-para-superar-desafios-financeiros-durante-a-crise\/\" \/>\n<meta property=\"og:site_name\" content=\"Ora\u00e7\u00e3o e F\u00e9\" \/>\n<meta property=\"article:published_time\" content=\"2024-08-27T09:00:00+00:00\" \/>\n<meta property=\"article:modified_time\" content=\"2025-05-20T18:23:40+00:00\" \/>\n<meta property=\"og:image\" content=\"https:\/\/www.oracaoefe.com\/wp-content\/uploads\/2024\/08\/image-3.png\" \/>\n\t<meta property=\"og:image:width\" content=\"740\" \/>\n\t<meta property=\"og:image:height\" content=\"491\" \/>\n\t<meta property=\"og:image:type\" content=\"image\/png\" \/>\n<meta name=\"author\" content=\"Michele Azevedo\" \/>\n<meta name=\"twitter:card\" content=\"summary_large_image\" \/>\n<meta name=\"twitter:label1\" content=\"\u00c9crit par\" \/>\n\t<meta name=\"twitter:data1\" content=\"Michele Azevedo\" \/>\n\t<meta name=\"twitter:label2\" content=\"Dur\u00e9e de lecture estim\u00e9e\" \/>\n\t<meta name=\"twitter:data2\" content=\"2 minutes\" \/>\n<script type=\"application\/ld+json\" class=\"yoast-schema-graph\">{\"@context\":\"https:\\\/\\\/schema.org\",\"@graph\":[{\"@type\":\"Article\",\"@id\":\"https:\\\/\\\/www.oracaoefe.com\\\/oracao-para-superar-desafios-financeiros-durante-a-crise\\\/#article\",\"isPartOf\":{\"@id\":\"https:\\\/\\\/www.oracaoefe.com\\\/oracao-para-superar-desafios-financeiros-durante-a-crise\\\/\"},\"author\":{\"name\":\"Michele Azevedo\",\"@id\":\"https:\\\/\\\/www.oracaoefe.com\\\/#\\\/schema\\\/person\\\/17283c669442cf005c4d5bb58adfb7f5\"},\"headline\":\"Ora\u00e7\u00e3o para superar desafios financeiros durante a crise\",\"datePublished\":\"2024-08-27T09:00:00+00:00\",\"dateModified\":\"2025-05-20T18:23:40+00:00\",\"mainEntityOfPage\":{\"@id\":\"https:\\\/\\\/www.oracaoefe.com\\\/oracao-para-superar-desafios-financeiros-durante-a-crise\\\/\"},\"wordCount\":431,\"image\":{\"@id\":\"https:\\\/\\\/www.oracaoefe.com\\\/oracao-para-superar-desafios-financeiros-durante-a-crise\\\/#primaryimage\"},\"thumbnailUrl\":\"https:\\\/\\\/www.oracaoefe.com\\\/wp-content\\\/uploads\\\/2024\\\/08\\\/image-3.png\",\"articleSection\":[\"Ora\u00e7\u00e3o\"],\"inLanguage\":\"fr-FR\"},{\"@type\":\"WebPage\",\"@id\":\"https:\\\/\\\/www.oracaoefe.com\\\/oracao-para-superar-desafios-financeiros-durante-a-crise\\\/\",\"url\":\"https:\\\/\\\/www.oracaoefe.com\\\/oracao-para-superar-desafios-financeiros-durante-a-crise\\\/\",\"name\":\"Ora\u00e7\u00e3o para superar desafios financeiros durante a crise - Ora\u00e7\u00e3o e F\u00e9\",\"isPartOf\":{\"@id\":\"https:\\\/\\\/www.oracaoefe.com\\\/#website\"},\"primaryImageOfPage\":{\"@id\":\"https:\\\/\\\/www.oracaoefe.com\\\/oracao-para-superar-desafios-financeiros-durante-a-crise\\\/#primaryimage\"},\"image\":{\"@id\":\"https:\\\/\\\/www.oracaoefe.com\\\/oracao-para-superar-desafios-financeiros-durante-a-crise\\\/#primaryimage\"},\"thumbnailUrl\":\"https:\\\/\\\/www.oracaoefe.com\\\/wp-content\\\/uploads\\\/2024\\\/08\\\/image-3.png\",\"datePublished\":\"2024-08-27T09:00:00+00:00\",\"dateModified\":\"2025-05-20T18:23:40+00:00\",\"author\":{\"@id\":\"https:\\\/\\\/www.oracaoefe.com\\\/#\\\/schema\\\/person\\\/17283c669442cf005c4d5bb58adfb7f5\"},\"description\":\"Deus tem pra voc\u00ea uma palavra de vida!\",\"breadcrumb\":{\"@id\":\"https:\\\/\\\/www.oracaoefe.com\\\/oracao-para-superar-desafios-financeiros-durante-a-crise\\\/#breadcrumb\"},\"inLanguage\":\"fr-FR\",\"potentialAction\":[{\"@type\":\"ReadAction\",\"target\":[\"https:\\\/\\\/www.oracaoefe.com\\\/oracao-para-superar-desafios-financeiros-durante-a-crise\\\/\"]}]},{\"@type\":\"ImageObject\",\"inLanguage\":\"fr-FR\",\"@id\":\"https:\\\/\\\/www.oracaoefe.com\\\/oracao-para-superar-desafios-financeiros-durante-a-crise\\\/#primaryimage\",\"url\":\"https:\\\/\\\/www.oracaoefe.com\\\/wp-content\\\/uploads\\\/2024\\\/08\\\/image-3.png\",\"contentUrl\":\"https:\\\/\\\/www.oracaoefe.com\\\/wp-content\\\/uploads\\\/2024\\\/08\\\/image-3.png\",\"width\":740,\"height\":491,\"caption\":\"Ora\u00e7\u00e3o para superar desafios financeiros durante a crise\"},{\"@type\":\"BreadcrumbList\",\"@id\":\"https:\\\/\\\/www.oracaoefe.com\\\/oracao-para-superar-desafios-financeiros-durante-a-crise\\\/#breadcrumb\",\"itemListElement\":[{\"@type\":\"ListItem\",\"position\":1,\"name\":\"Home\",\"item\":\"https:\\\/\\\/www.oracaoefe.com\\\/\"},{\"@type\":\"ListItem\",\"position\":2,\"name\":\"Ora\u00e7\u00e3o\",\"item\":\"https:\\\/\\\/www.oracaoefe.com\\\/category\\\/oracao\\\/\"},{\"@type\":\"ListItem\",\"position\":3,\"name\":\"Ora\u00e7\u00e3o para superar desafios financeiros durante a crise\"}]},{\"@type\":\"WebSite\",\"@id\":\"https:\\\/\\\/www.oracaoefe.com\\\/#website\",\"url\":\"https:\\\/\\\/www.oracaoefe.com\\\/\",\"name\":\"Ora\u00e7\u00e3o e F\u00e9\",\"description\":\"\",\"potentialAction\":[{\"@type\":\"SearchAction\",\"target\":{\"@type\":\"EntryPoint\",\"urlTemplate\":\"https:\\\/\\\/www.oracaoefe.com\\\/?s={search_term_string}\"},\"query-input\":{\"@type\":\"PropertyValueSpecification\",\"valueRequired\":true,\"valueName\":\"search_term_string\"}}],\"inLanguage\":\"fr-FR\"},{\"@type\":\"Person\",\"@id\":\"https:\\\/\\\/www.oracaoefe.com\\\/#\\\/schema\\\/person\\\/17283c669442cf005c4d5bb58adfb7f5\",\"name\":\"Michele Azevedo\",\"image\":{\"@type\":\"ImageObject\",\"inLanguage\":\"fr-FR\",\"@id\":\"https:\\\/\\\/secure.gravatar.com\\\/avatar\\\/6b0eb9d22841282815e2cd856a0061c45e1761cd54b22e952d98c4746939aa85?s=96&d=mm&r=g\",\"url\":\"https:\\\/\\\/secure.gravatar.com\\\/avatar\\\/6b0eb9d22841282815e2cd856a0061c45e1761cd54b22e952d98c4746939aa85?s=96&d=mm&r=g\",\"contentUrl\":\"https:\\\/\\\/secure.gravatar.com\\\/avatar\\\/6b0eb9d22841282815e2cd856a0061c45e1761cd54b22e952d98c4746939aa85?s=96&d=mm&r=g\",\"caption\":\"Michele Azevedo\"},\"description\":\"Formada em Letras - Portugu\u00eas\\\/ Ingl\u00eas pela Universidade Estadual de Ponta Grossa (UEPG), p\u00f3s-graduada em Arte na Educa\u00e7\u00e3o (FAPI) e Psicopedagogia Escolar (FAPI), idealizadora e propriet\u00e1ria do site Escritora de Sucesso, possui experi\u00eancia em escrita para blogs em geral e atua como redatora e revisora dos conte\u00fados do Ora\u00e7\u00e3o e F\u00e9.\",\"url\":\"https:\\\/\\\/www.oracaoefe.com\\\/fr\\\/author\\\/michele-azevedo\\\/\"}]}<\/script>\n<!-- \/ Yoast SEO plugin. -->","yoast_head_json":{"title":"Ora\u00e7\u00e3o para superar desafios financeiros durante a crise - Ora\u00e7\u00e3o e F\u00e9","description":"Dieu a une parole de vie pour vous !","robots":{"index":"index","follow":"follow","max-snippet":"max-snippet:-1","max-image-preview":"max-image-preview:large","max-video-preview":"max-video-preview:-1"},"canonical":"https:\/\/www.oracaoefe.com\/fr\/oracao-para-superar-desafios-financeiros-durante-a-crise\/","og_locale":"fr_FR","og_type":"article","og_title":"Ora\u00e7\u00e3o para superar desafios financeiros durante a crise - Ora\u00e7\u00e3o e F\u00e9","og_description":"Deus tem pra voc\u00ea uma palavra de vida!","og_url":"https:\/\/www.oracaoefe.com\/fr\/oracao-para-superar-desafios-financeiros-durante-a-crise\/","og_site_name":"Ora\u00e7\u00e3o e F\u00e9","article_published_time":"2024-08-27T09:00:00+00:00","article_modified_time":"2025-05-20T18:23:40+00:00","og_image":[{"width":740,"height":491,"url":"https:\/\/www.oracaoefe.com\/wp-content\/uploads\/2024\/08\/image-3.png","type":"image\/png"}],"author":"Michele Azevedo","twitter_card":"summary_large_image","twitter_misc":{"\u00c9crit par":"Michele Azevedo","Dur\u00e9e de lecture estim\u00e9e":"2 minutes"},"schema":{"@context":"https:\/\/schema.org","@graph":[{"@type":"Article","@id":"https:\/\/www.oracaoefe.com\/oracao-para-superar-desafios-financeiros-durante-a-crise\/#article","isPartOf":{"@id":"https:\/\/www.oracaoefe.com\/oracao-para-superar-desafios-financeiros-durante-a-crise\/"},"author":{"name":"Michele Azevedo","@id":"https:\/\/www.oracaoefe.com\/#\/schema\/person\/17283c669442cf005c4d5bb58adfb7f5"},"headline":"Ora\u00e7\u00e3o para superar desafios financeiros durante a crise","datePublished":"2024-08-27T09:00:00+00:00","dateModified":"2025-05-20T18:23:40+00:00","mainEntityOfPage":{"@id":"https:\/\/www.oracaoefe.com\/oracao-para-superar-desafios-financeiros-durante-a-crise\/"},"wordCount":431,"image":{"@id":"https:\/\/www.oracaoefe.com\/oracao-para-superar-desafios-financeiros-durante-a-crise\/#primaryimage"},"thumbnailUrl":"https:\/\/www.oracaoefe.com\/wp-content\/uploads\/2024\/08\/image-3.png","articleSection":["Ora\u00e7\u00e3o"],"inLanguage":"fr-FR"},{"@type":"WebPage","@id":"https:\/\/www.oracaoefe.com\/oracao-para-superar-desafios-financeiros-durante-a-crise\/","url":"https:\/\/www.oracaoefe.com\/oracao-para-superar-desafios-financeiros-durante-a-crise\/","name":"Ora\u00e7\u00e3o para superar desafios financeiros durante a crise - Ora\u00e7\u00e3o e F\u00e9","isPartOf":{"@id":"https:\/\/www.oracaoefe.com\/#website"},"primaryImageOfPage":{"@id":"https:\/\/www.oracaoefe.com\/oracao-para-superar-desafios-financeiros-durante-a-crise\/#primaryimage"},"image":{"@id":"https:\/\/www.oracaoefe.com\/oracao-para-superar-desafios-financeiros-durante-a-crise\/#primaryimage"},"thumbnailUrl":"https:\/\/www.oracaoefe.com\/wp-content\/uploads\/2024\/08\/image-3.png","datePublished":"2024-08-27T09:00:00+00:00","dateModified":"2025-05-20T18:23:40+00:00","author":{"@id":"https:\/\/www.oracaoefe.com\/#\/schema\/person\/17283c669442cf005c4d5bb58adfb7f5"},"description":"Dieu a une parole de vie pour vous !","breadcrumb":{"@id":"https:\/\/www.oracaoefe.com\/oracao-para-superar-desafios-financeiros-durante-a-crise\/#breadcrumb"},"inLanguage":"fr-FR","potentialAction":[{"@type":"ReadAction","target":["https:\/\/www.oracaoefe.com\/oracao-para-superar-desafios-financeiros-durante-a-crise\/"]}]},{"@type":"ImageObject","inLanguage":"fr-FR","@id":"https:\/\/www.oracaoefe.com\/oracao-para-superar-desafios-financeiros-durante-a-crise\/#primaryimage","url":"https:\/\/www.oracaoefe.com\/wp-content\/uploads\/2024\/08\/image-3.png","contentUrl":"https:\/\/www.oracaoefe.com\/wp-content\/uploads\/2024\/08\/image-3.png","width":740,"height":491,"caption":"Ora\u00e7\u00e3o para superar desafios financeiros durante a crise"},{"@type":"BreadcrumbList","@id":"https:\/\/www.oracaoefe.com\/oracao-para-superar-desafios-financeiros-durante-a-crise\/#breadcrumb","itemListElement":[{"@type":"ListItem","position":1,"name":"Home","item":"https:\/\/www.oracaoefe.com\/"},{"@type":"ListItem","position":2,"name":"Ora\u00e7\u00e3o","item":"https:\/\/www.oracaoefe.com\/category\/oracao\/"},{"@type":"ListItem","position":3,"name":"Ora\u00e7\u00e3o para superar desafios financeiros durante a crise"}]},{"@type":"WebSite","@id":"https:\/\/www.oracaoefe.com\/#website","url":"https:\/\/www.oracaoefe.com\/","name":"Pri\u00e8re et foi","description":"","potentialAction":[{"@type":"SearchAction","target":{"@type":"EntryPoint","urlTemplate":"https:\/\/www.oracaoefe.com\/?s={search_term_string}"},"query-input":{"@type":"PropertyValueSpecification","valueRequired":true,"valueName":"search_term_string"}}],"inLanguage":"fr-FR"},{"@type":"Person","@id":"https:\/\/www.oracaoefe.com\/#\/schema\/person\/17283c669442cf005c4d5bb58adfb7f5","name":"Michele Azevedo","image":{"@type":"ImageObject","inLanguage":"fr-FR","@id":"https:\/\/secure.gravatar.com\/avatar\/6b0eb9d22841282815e2cd856a0061c45e1761cd54b22e952d98c4746939aa85?s=96&d=mm&r=g","url":"https:\/\/secure.gravatar.com\/avatar\/6b0eb9d22841282815e2cd856a0061c45e1761cd54b22e952d98c4746939aa85?s=96&d=mm&r=g","contentUrl":"https:\/\/secure.gravatar.com\/avatar\/6b0eb9d22841282815e2cd856a0061c45e1761cd54b22e952d98c4746939aa85?s=96&d=mm&r=g","caption":"Michele Azevedo"},"description":"Dipl\u00f4m\u00e9e en litt\u00e9rature portugaise\/anglaise de l&#039;Universit\u00e9 d&#039;\u00c9tat de Ponta Grossa (UEPG), avec des dipl\u00f4mes de troisi\u00e8me cycle en art dans l&#039;\u00e9ducation (FAPI) et en psychop\u00e9dagogie scolaire (FAPI), elle est la cr\u00e9atrice et propri\u00e9taire du site web Escritora de Sucesso, a de l&#039;exp\u00e9rience dans l&#039;\u00e9criture pour les blogs en g\u00e9n\u00e9ral et travaille comme r\u00e9dactrice et \u00e9ditrice du contenu pour Ora\u00e7\u00e3o e F\u00e9.","url":"https:\/\/www.oracaoefe.com\/fr\/author\/michele-azevedo\/"}]}},"_links":{"self":[{"href":"https:\/\/www.oracaoefe.com\/fr\/wp-json\/wp\/v2\/posts\/2994","targetHints":{"allow":["GET"]}}],"collection":[{"href":"https:\/\/www.oracaoefe.com\/fr\/wp-json\/wp\/v2\/posts"}],"about":[{"href":"https:\/\/www.oracaoefe.com\/fr\/wp-json\/wp\/v2\/types\/post"}],"author":[{"embeddable":true,"href":"https:\/\/www.oracaoefe.com\/fr\/wp-json\/wp\/v2\/users\/3"}],"replies":[{"embeddable":true,"href":"https:\/\/www.oracaoefe.com\/fr\/wp-json\/wp\/v2\/comments?post=2994"}],"version-history":[{"count":3,"href":"https:\/\/www.oracaoefe.com\/fr\/wp-json\/wp\/v2\/posts\/2994\/revisions"}],"predecessor-version":[{"id":3607,"href":"https:\/\/www.oracaoefe.com\/fr\/wp-json\/wp\/v2\/posts\/2994\/revisions\/3607"}],"wp:featuredmedia":[{"embeddable":true,"href":"https:\/\/www.oracaoefe.com\/fr\/wp-json\/wp\/v2\/media\/3014"}],"wp:attachment":[{"href":"https:\/\/www.oracaoefe.com\/fr\/wp-json\/wp\/v2\/media?parent=2994"}],"wp:term":[{"taxonomy":"category","embeddable":true,"href":"https:\/\/www.oracaoefe.com\/fr\/wp-json\/wp\/v2\/categories?post=2994"},{"taxonomy":"post_tag","embeddable":true,"href":"https:\/\/www.oracaoefe.com\/fr\/wp-json\/wp\/v2\/tags?post=2994"}],"curies":[{"name":"wp","href":"https:\/\/api.w.org\/{rel}","templated":true}]}}