{"id":2992,"date":"2024-08-24T06:00:00","date_gmt":"2024-08-24T09:00:00","guid":{"rendered":"https:\/\/www.oracaoefe.com\/?p=2992"},"modified":"2024-08-19T20:02:57","modified_gmt":"2024-08-19T23:02:57","slug":"ultimas-iniciativas-da-igreja-catolica-para-apoio-social","status":"publish","type":"post","link":"https:\/\/www.oracaoefe.com\/fr\/ultimas-iniciativas-da-igreja-catolica-para-apoio-social\/","title":{"rendered":"\u00daltimas iniciativas da Igreja Cat\u00f3lica para apoio social"},"content":{"rendered":"<p class=\"wp-block-paragraph\">A Igreja Cat\u00f3lica, ao longo dos s\u00e9culos, tem desempenhado um papel significativo no apoio social e na promo\u00e7\u00e3o do bem-estar das comunidades ao redor do mundo. Com uma tradi\u00e7\u00e3o de servi\u00e7o e caridade, a Igreja tem constantemente se adaptado e respondido \u00e0s necessidades emergentes da sociedade. Recentemente, v\u00e1rias iniciativas not\u00e1veis t\u00eam sido lan\u00e7adas para enfrentar desafios contempor\u00e2neos e apoiar os mais vulner\u00e1veis.<\/p>\n\n\n\n<h2 class=\"wp-block-heading\">Iniciativas recentes de apoio social<\/h2>\n\n\n\n<figure class=\"wp-block-image size-full is-resized\"><img loading=\"lazy\" decoding=\"async\" width=\"740\" height=\"493\" src=\"https:\/\/www.oracaoefe.com\/wp-content\/uploads\/2024\/08\/image-2.png\" alt=\"\" class=\"wp-image-3012\" style=\"width:840px;height:auto\" srcset=\"https:\/\/www.oracaoefe.com\/wp-content\/uploads\/2024\/08\/image-2.png 740w, https:\/\/www.oracaoefe.com\/wp-content\/uploads\/2024\/08\/image-2-300x200.png 300w, https:\/\/www.oracaoefe.com\/wp-content\/uploads\/2024\/08\/image-2-18x12.png 18w\" sizes=\"auto, (max-width: 740px) 100vw, 740px\" \/><\/figure>\n\n\n\n<h3 class=\"wp-block-heading\">1. <strong>Programas de Ajuda Humanit\u00e1ria para Refugiados e Migrantes<\/strong><\/h3>\n\n\n\n<p class=\"wp-block-paragraph\">A crise dos refugiados e migrantes continua a ser uma das quest\u00f5es mais prementes no cen\u00e1rio global. A Igreja Cat\u00f3lica tem intensificado seus esfor\u00e7os para oferecer ajuda humanit\u00e1ria e apoio a essas popula\u00e7\u00f5es vulner\u00e1veis. Entre as iniciativas recentes destacam-se:<\/p>\n\n\n\n<ul class=\"wp-block-list\">\n<li><strong>A\u00e7\u00e3o da C\u00e1ritas Internacional<\/strong>: A C\u00e1ritas Internacional, uma das maiores redes de ajuda humanit\u00e1ria vinculadas \u00e0 Igreja Cat\u00f3lica, tem trabalhado incansavelmente para fornecer abrigo, alimenta\u00e7\u00e3o e cuidados m\u00e9dicos aos refugiados. Recentemente, a C\u00e1ritas lan\u00e7ou campanhas de arrecada\u00e7\u00e3o e programas de apoio em pa\u00edses afetados por grandes fluxos migrat\u00f3rios, como a Turquia, o L\u00edbano e pa\u00edses da Am\u00e9rica Central.<\/li>\n\n\n\n<li><strong>Apoio Psicol\u00f3gico e Integra\u00e7\u00e3o<\/strong>: Em muitos pa\u00edses, a Igreja est\u00e1 oferecendo servi\u00e7os de apoio psicol\u00f3gico e programas de integra\u00e7\u00e3o para refugiados e migrantes. Isso inclui a cria\u00e7\u00e3o de centros de acolhimento, escolas e programas de capacita\u00e7\u00e3o profissional para ajudar na integra\u00e7\u00e3o social e econ\u00f4mica desses indiv\u00edduos.<\/li>\n<\/ul>\n\n\n\n<h3 class=\"wp-block-heading\">2. <strong>Iniciativas de Combate \u00e0 Pobreza e Desigualdade<\/strong><\/h3>\n\n\n\n<p class=\"wp-block-paragraph\">A pobreza e a desigualdade s\u00e3o quest\u00f5es centrais para a Igreja Cat\u00f3lica, que tem buscado implementar v\u00e1rias iniciativas para enfrentar esses desafios:<\/p>\n\n\n\n<ul class=\"wp-block-list\">\n<li><strong>Programas de Alimenta\u00e7\u00e3o e Distribui\u00e7\u00e3o de Recursos<\/strong>: Muitas dioceses e par\u00f3quias t\u00eam intensificado seus programas de distribui\u00e7\u00e3o de alimentos e recursos essenciais para fam\u00edlias em situa\u00e7\u00e3o de vulnerabilidade. Essas iniciativas frequentemente envolvem parcerias com bancos de alimentos e outras organiza\u00e7\u00f5es de caridade para maximizar o impacto.<\/li>\n\n\n\n<li><strong>Projetos de Desenvolvimento Comunit\u00e1rio<\/strong>: Em pa\u00edses em desenvolvimento, a Igreja est\u00e1 promovendo projetos de desenvolvimento comunit\u00e1rio que visam melhorar as condi\u00e7\u00f5es de vida. Esses projetos incluem a constru\u00e7\u00e3o de infraestruturas, como escolas e centros de sa\u00fade, e a implementa\u00e7\u00e3o de programas de microcr\u00e9dito para apoiar o empreendedorismo local.<\/li>\n<\/ul>\n\n\n\n<h3 class=\"wp-block-heading\">3. <strong>Iniciativas de Sa\u00fade e Bem-Estar<\/strong><\/h3>\n\n\n\n<p class=\"wp-block-paragraph\">A sa\u00fade \u00e9 uma \u00e1rea de grande preocupa\u00e7\u00e3o para a Igreja Cat\u00f3lica, que tem promovido v\u00e1rias iniciativas para melhorar o acesso aos cuidados de sa\u00fade e promover o bem-estar:<\/p>\n\n\n\n<ul class=\"wp-block-list\">\n<li><strong>Campanhas de Vacina\u00e7\u00e3o e Preven\u00e7\u00e3o de Doen\u00e7as<\/strong>: Em resposta \u00e0 pandemia de COVID-19 e a outras crises de sa\u00fade, a Igreja tem apoiado campanhas de vacina\u00e7\u00e3o e iniciativas de preven\u00e7\u00e3o de doen\u00e7as. Isso inclui a colabora\u00e7\u00e3o com organiza\u00e7\u00f5es de sa\u00fade para fornecer vacinas e informa\u00e7\u00f5es sobre medidas de preven\u00e7\u00e3o em comunidades carentes.<\/li>\n\n\n\n<li><strong>Servi\u00e7os de Sa\u00fade Mental e Apoio Social<\/strong>: Reconhecendo a crescente necessidade de apoio \u00e0 sa\u00fade mental, a Igreja est\u00e1 implementando servi\u00e7os de apoio psicol\u00f3gico e programas de assist\u00eancia social para lidar com quest\u00f5es como depress\u00e3o e ansiedade. Esses servi\u00e7os s\u00e3o oferecidos atrav\u00e9s de centros comunit\u00e1rios e par\u00f3quias.<\/li>\n<\/ul>\n\n\n\n<h3 class=\"wp-block-heading\">4. <strong>Promo\u00e7\u00e3o da Justi\u00e7a Social e Direitos Humanos<\/strong><\/h3>\n\n\n\n<p class=\"wp-block-paragraph\">A Igreja Cat\u00f3lica tem se comprometido com a promo\u00e7\u00e3o da justi\u00e7a social e dos direitos humanos, lan\u00e7ando v\u00e1rias iniciativas para enfrentar injusti\u00e7as e promover a dignidade humana:<\/p>\n\n\n\n<ul class=\"wp-block-list\">\n<li><strong>Campanhas de Sensibiliza\u00e7\u00e3o e Advocacia<\/strong>: A Igreja est\u00e1 engajada em campanhas de sensibiliza\u00e7\u00e3o e advocacia para quest\u00f5es como a escravid\u00e3o moderna, tr\u00e1fico de pessoas e explora\u00e7\u00e3o laboral. Essas campanhas visam aumentar a conscientiza\u00e7\u00e3o e promover mudan\u00e7as pol\u00edticas e sociais para proteger os direitos dos mais vulner\u00e1veis.<\/li>\n\n\n\n<li><strong>Parcerias com Organiza\u00e7\u00f5es de Direitos Humanos<\/strong>: A Igreja colabora com diversas organiza\u00e7\u00f5es de direitos humanos para enfrentar viola\u00e7\u00f5es e promover a justi\u00e7a. Essas parcerias permitem a cria\u00e7\u00e3o de projetos conjuntos e a mobiliza\u00e7\u00e3o de recursos para apoiar v\u00edtimas de abuso e injusti\u00e7a.<\/li>\n<\/ul>\n\n\n\n<h3 class=\"wp-block-heading\">5. <strong>Educa\u00e7\u00e3o e Capacita\u00e7\u00e3o<\/strong><\/h3>\n\n\n\n<p class=\"wp-block-paragraph\">A educa\u00e7\u00e3o \u00e9 uma prioridade para a Igreja, que acredita no poder transformador do conhecimento e das habilidades para melhorar a vida das pessoas:<\/p>\n\n\n\n<ul class=\"wp-block-list\">\n<li><strong>Programas de Educa\u00e7\u00e3o e Capacita\u00e7\u00e3o<\/strong>: A Igreja tem investido em programas de educa\u00e7\u00e3o e capacita\u00e7\u00e3o para jovens e adultos em situa\u00e7\u00e3o de vulnerabilidade. Isso inclui a constru\u00e7\u00e3o de escolas, a oferta de bolsas de estudo e a implementa\u00e7\u00e3o de programas de treinamento profissional para preparar os indiv\u00edduos para o mercado de trabalho.<\/li>\n\n\n\n<li><strong>Educa\u00e7\u00e3o para a Inclus\u00e3o Social<\/strong>: Em muitos pa\u00edses, a Igreja est\u00e1 promovendo a inclus\u00e3o social atrav\u00e9s de iniciativas educacionais que visam integrar grupos marginalizados e promover a igualdade de oportunidades. Esses programas s\u00e3o projetados para superar barreiras e criar um ambiente mais inclusivo e equitativo.<\/li>\n<\/ul>\n\n\n\n<h2 class=\"wp-block-heading\">Impacto das iniciativas de apoio social<\/h2>\n\n\n\n<h3 class=\"wp-block-heading\">Melhoria das Condi\u00e7\u00f5es de Vida<\/h3>\n\n\n\n<p class=\"wp-block-paragraph\">As iniciativas da Igreja Cat\u00f3lica t\u00eam tido um impacto significativo na melhoria das condi\u00e7\u00f5es de vida para muitos indiv\u00edduos e comunidades. Programas de ajuda humanit\u00e1ria, combate \u00e0 pobreza e educa\u00e7\u00e3o t\u00eam contribu\u00eddo para elevar a qualidade de vida e oferecer novas oportunidades para aqueles que mais precisam.<\/p>\n\n\n\n<h3 class=\"wp-block-heading\">Promo\u00e7\u00e3o da Dignidade Humana<\/h3>\n\n\n\n<p class=\"wp-block-paragraph\">Ao focar na promo\u00e7\u00e3o da justi\u00e7a social e na defesa dos direitos humanos, a Igreja Cat\u00f3lica est\u00e1 desempenhando um papel crucial na prote\u00e7\u00e3o da dignidade humana e na luta contra a injusti\u00e7a. Essas iniciativas ajudam a garantir que todos sejam tratados com respeito e tenham acesso a recursos essenciais para uma vida digna.<\/p>\n\n\n\n<h3 class=\"wp-block-heading\">Fortalecimento da Coes\u00e3o Comunit\u00e1ria<\/h3>\n\n\n\n<p class=\"wp-block-paragraph\">Os projetos de apoio social promovidos pela Igreja tamb\u00e9m ajudam a fortalecer a coes\u00e3o comunit\u00e1ria, incentivando a solidariedade e o trabalho conjunto para enfrentar desafios comuns. Ao criar redes de apoio e colabora\u00e7\u00e3o, a Igreja promove um senso de comunidade e encoraja a participa\u00e7\u00e3o ativa na constru\u00e7\u00e3o de um mundo melhor.<\/p>\n\n\n\n<h2 class=\"wp-block-heading\">O compromisso cont\u00ednuo com o apoio social<\/h2>\n\n\n\n<p class=\"wp-block-paragraph\">A Igreja Cat\u00f3lica tem demonstrado um compromisso cont\u00ednuo com o apoio social atrav\u00e9s de uma variedade de iniciativas voltadas para a promo\u00e7\u00e3o do bem-estar e da dignidade humana. Desde a ajuda humanit\u00e1ria para refugiados at\u00e9 a promo\u00e7\u00e3o da justi\u00e7a social e da educa\u00e7\u00e3o, essas iniciativas refletem o desejo da Igreja de responder \u00e0s necessidades emergentes e fazer uma diferen\u00e7a positiva na vida das pessoas.<\/p>\n\n\n\n<p class=\"wp-block-paragraph\">\u00c0 medida que enfrentamos desafios globais e locais, o papel da Igreja na promo\u00e7\u00e3o do apoio social continua a ser de grande import\u00e2ncia. Atrav\u00e9s de suas a\u00e7\u00f5es e compromissos, a Igreja Cat\u00f3lica n\u00e3o apenas oferece assist\u00eancia imediata, mas tamb\u00e9m trabalha para criar um futuro mais justo e inclusivo para todos.<\/p>\n\n\n\n<p class=\"wp-block-paragraph\"><strong>Voir aussi\u00a0: <a href=\"https:\/\/www.oracaoefe.com\/fr\/oracao-para-acalmar-uma-pessoa-urgente\/\">Ora\u00e7\u00e3o para acalmar uma pessoa urgente<\/a><\/strong><\/p>\n\n\n\n<p class=\"wp-block-paragraph\">24 de agosto de 2024<\/p>","protected":false},"excerpt":{"rendered":"<p>A Igreja Cat\u00f3lica, ao longo dos s\u00e9culos, tem desempenhado um papel significativo no apoio social e na promo\u00e7\u00e3o do bem-estar das comunidades ao redor do mundo. Com uma tradi\u00e7\u00e3o de servi\u00e7o e caridade, a Igreja tem constantemente se adaptado e respondido \u00e0s necessidades emergentes da sociedade. Recentemente, v\u00e1rias iniciativas not\u00e1veis t\u00eam sido lan\u00e7adas para enfrentar&hellip;&nbsp;<\/p>","protected":false},"author":3,"featured_media":3012,"comment_status":"closed","ping_status":"closed","sticky":false,"template":"","format":"standard","meta":{"neve_meta_sidebar":"","neve_meta_container":"","neve_meta_enable_content_width":"","neve_meta_content_width":0,"neve_meta_title_alignment":"","neve_meta_author_avatar":"","neve_post_elements_order":"","neve_meta_disable_header":"","neve_meta_disable_footer":"","neve_meta_disable_title":"","footnotes":""},"categories":[4],"tags":[],"class_list":["post-2992","post","type-post","status-publish","format-standard","has-post-thumbnail","hentry","category-fique-por-dentro"],"yoast_head":"<!-- This site is optimized with the Yoast SEO plugin v28.4 - https:\/\/yoast.com\/product\/yoast-seo-wordpress\/ -->\n<title>\u00daltimas iniciativas da Igreja Cat\u00f3lica para apoio social - Ora\u00e7\u00e3o e F\u00e9<\/title>\n<meta name=\"description\" content=\"Deus tem pra voc\u00ea uma palavra de vida!\" \/>\n<meta name=\"robots\" content=\"index, follow, max-snippet:-1, max-image-preview:large, max-video-preview:-1\" \/>\n<link rel=\"canonical\" href=\"https:\/\/www.oracaoefe.com\/fr\/ultimas-iniciativas-da-igreja-catolica-para-apoio-social\/\" \/>\n<meta property=\"og:locale\" content=\"fr_FR\" \/>\n<meta property=\"og:type\" content=\"article\" \/>\n<meta property=\"og:title\" content=\"\u00daltimas iniciativas da Igreja Cat\u00f3lica para apoio social - Ora\u00e7\u00e3o e F\u00e9\" \/>\n<meta property=\"og:description\" content=\"Deus tem pra voc\u00ea uma palavra de vida!\" \/>\n<meta property=\"og:url\" content=\"https:\/\/www.oracaoefe.com\/fr\/ultimas-iniciativas-da-igreja-catolica-para-apoio-social\/\" \/>\n<meta property=\"og:site_name\" content=\"Ora\u00e7\u00e3o e F\u00e9\" \/>\n<meta property=\"article:published_time\" content=\"2024-08-24T09:00:00+00:00\" \/>\n<meta property=\"og:image\" content=\"https:\/\/www.oracaoefe.com\/wp-content\/uploads\/2024\/08\/image-2.png\" \/>\n\t<meta property=\"og:image:width\" content=\"740\" \/>\n\t<meta property=\"og:image:height\" content=\"493\" \/>\n\t<meta property=\"og:image:type\" content=\"image\/png\" \/>\n<meta name=\"author\" content=\"Michele Azevedo\" \/>\n<meta name=\"twitter:card\" content=\"summary_large_image\" \/>\n<meta name=\"twitter:label1\" content=\"\u00c9crit par\" \/>\n\t<meta name=\"twitter:data1\" content=\"Michele Azevedo\" \/>\n\t<meta name=\"twitter:label2\" content=\"Dur\u00e9e de lecture estim\u00e9e\" \/>\n\t<meta name=\"twitter:data2\" content=\"6 minutes\" \/>\n<script type=\"application\/ld+json\" class=\"yoast-schema-graph\">{\"@context\":\"https:\\\/\\\/schema.org\",\"@graph\":[{\"@type\":\"Article\",\"@id\":\"https:\\\/\\\/www.oracaoefe.com\\\/ultimas-iniciativas-da-igreja-catolica-para-apoio-social\\\/#article\",\"isPartOf\":{\"@id\":\"https:\\\/\\\/www.oracaoefe.com\\\/ultimas-iniciativas-da-igreja-catolica-para-apoio-social\\\/\"},\"author\":{\"name\":\"Michele Azevedo\",\"@id\":\"https:\\\/\\\/www.oracaoefe.com\\\/#\\\/schema\\\/person\\\/17283c669442cf005c4d5bb58adfb7f5\"},\"headline\":\"\u00daltimas iniciativas da Igreja Cat\u00f3lica para apoio social\",\"datePublished\":\"2024-08-24T09:00:00+00:00\",\"mainEntityOfPage\":{\"@id\":\"https:\\\/\\\/www.oracaoefe.com\\\/ultimas-iniciativas-da-igreja-catolica-para-apoio-social\\\/\"},\"wordCount\":1205,\"image\":{\"@id\":\"https:\\\/\\\/www.oracaoefe.com\\\/ultimas-iniciativas-da-igreja-catolica-para-apoio-social\\\/#primaryimage\"},\"thumbnailUrl\":\"https:\\\/\\\/www.oracaoefe.com\\\/wp-content\\\/uploads\\\/2024\\\/08\\\/image-2.png\",\"articleSection\":[\"Fique por Dentro\"],\"inLanguage\":\"fr-FR\"},{\"@type\":\"WebPage\",\"@id\":\"https:\\\/\\\/www.oracaoefe.com\\\/ultimas-iniciativas-da-igreja-catolica-para-apoio-social\\\/\",\"url\":\"https:\\\/\\\/www.oracaoefe.com\\\/ultimas-iniciativas-da-igreja-catolica-para-apoio-social\\\/\",\"name\":\"\u00daltimas iniciativas da Igreja Cat\u00f3lica para apoio social - Ora\u00e7\u00e3o e F\u00e9\",\"isPartOf\":{\"@id\":\"https:\\\/\\\/www.oracaoefe.com\\\/#website\"},\"primaryImageOfPage\":{\"@id\":\"https:\\\/\\\/www.oracaoefe.com\\\/ultimas-iniciativas-da-igreja-catolica-para-apoio-social\\\/#primaryimage\"},\"image\":{\"@id\":\"https:\\\/\\\/www.oracaoefe.com\\\/ultimas-iniciativas-da-igreja-catolica-para-apoio-social\\\/#primaryimage\"},\"thumbnailUrl\":\"https:\\\/\\\/www.oracaoefe.com\\\/wp-content\\\/uploads\\\/2024\\\/08\\\/image-2.png\",\"datePublished\":\"2024-08-24T09:00:00+00:00\",\"author\":{\"@id\":\"https:\\\/\\\/www.oracaoefe.com\\\/#\\\/schema\\\/person\\\/17283c669442cf005c4d5bb58adfb7f5\"},\"description\":\"Deus tem pra voc\u00ea uma palavra de vida!\",\"breadcrumb\":{\"@id\":\"https:\\\/\\\/www.oracaoefe.com\\\/ultimas-iniciativas-da-igreja-catolica-para-apoio-social\\\/#breadcrumb\"},\"inLanguage\":\"fr-FR\",\"potentialAction\":[{\"@type\":\"ReadAction\",\"target\":[\"https:\\\/\\\/www.oracaoefe.com\\\/ultimas-iniciativas-da-igreja-catolica-para-apoio-social\\\/\"]}]},{\"@type\":\"ImageObject\",\"inLanguage\":\"fr-FR\",\"@id\":\"https:\\\/\\\/www.oracaoefe.com\\\/ultimas-iniciativas-da-igreja-catolica-para-apoio-social\\\/#primaryimage\",\"url\":\"https:\\\/\\\/www.oracaoefe.com\\\/wp-content\\\/uploads\\\/2024\\\/08\\\/image-2.png\",\"contentUrl\":\"https:\\\/\\\/www.oracaoefe.com\\\/wp-content\\\/uploads\\\/2024\\\/08\\\/image-2.png\",\"width\":740,\"height\":493},{\"@type\":\"BreadcrumbList\",\"@id\":\"https:\\\/\\\/www.oracaoefe.com\\\/ultimas-iniciativas-da-igreja-catolica-para-apoio-social\\\/#breadcrumb\",\"itemListElement\":[{\"@type\":\"ListItem\",\"position\":1,\"name\":\"Home\",\"item\":\"https:\\\/\\\/www.oracaoefe.com\\\/\"},{\"@type\":\"ListItem\",\"position\":2,\"name\":\"Fique por Dentro\",\"item\":\"https:\\\/\\\/www.oracaoefe.com\\\/category\\\/fique-por-dentro\\\/\"},{\"@type\":\"ListItem\",\"position\":3,\"name\":\"\u00daltimas iniciativas da Igreja Cat\u00f3lica para apoio social\"}]},{\"@type\":\"WebSite\",\"@id\":\"https:\\\/\\\/www.oracaoefe.com\\\/#website\",\"url\":\"https:\\\/\\\/www.oracaoefe.com\\\/\",\"name\":\"Ora\u00e7\u00e3o e F\u00e9\",\"description\":\"\",\"potentialAction\":[{\"@type\":\"SearchAction\",\"target\":{\"@type\":\"EntryPoint\",\"urlTemplate\":\"https:\\\/\\\/www.oracaoefe.com\\\/?s={search_term_string}\"},\"query-input\":{\"@type\":\"PropertyValueSpecification\",\"valueRequired\":true,\"valueName\":\"search_term_string\"}}],\"inLanguage\":\"fr-FR\"},{\"@type\":\"Person\",\"@id\":\"https:\\\/\\\/www.oracaoefe.com\\\/#\\\/schema\\\/person\\\/17283c669442cf005c4d5bb58adfb7f5\",\"name\":\"Michele Azevedo\",\"image\":{\"@type\":\"ImageObject\",\"inLanguage\":\"fr-FR\",\"@id\":\"https:\\\/\\\/secure.gravatar.com\\\/avatar\\\/6b0eb9d22841282815e2cd856a0061c45e1761cd54b22e952d98c4746939aa85?s=96&d=mm&r=g\",\"url\":\"https:\\\/\\\/secure.gravatar.com\\\/avatar\\\/6b0eb9d22841282815e2cd856a0061c45e1761cd54b22e952d98c4746939aa85?s=96&d=mm&r=g\",\"contentUrl\":\"https:\\\/\\\/secure.gravatar.com\\\/avatar\\\/6b0eb9d22841282815e2cd856a0061c45e1761cd54b22e952d98c4746939aa85?s=96&d=mm&r=g\",\"caption\":\"Michele Azevedo\"},\"description\":\"Formada em Letras - Portugu\u00eas\\\/ Ingl\u00eas pela Universidade Estadual de Ponta Grossa (UEPG), p\u00f3s-graduada em Arte na Educa\u00e7\u00e3o (FAPI) e Psicopedagogia Escolar (FAPI), idealizadora e propriet\u00e1ria do site Escritora de Sucesso, possui experi\u00eancia em escrita para blogs em geral e atua como redatora e revisora dos conte\u00fados do Ora\u00e7\u00e3o e F\u00e9.\",\"url\":\"https:\\\/\\\/www.oracaoefe.com\\\/fr\\\/author\\\/michele-azevedo\\\/\"}]}<\/script>\n<!-- \/ Yoast SEO plugin. -->","yoast_head_json":{"title":"\u00daltimas iniciativas da Igreja Cat\u00f3lica para apoio social - Ora\u00e7\u00e3o e F\u00e9","description":"Dieu a une parole de vie pour vous !","robots":{"index":"index","follow":"follow","max-snippet":"max-snippet:-1","max-image-preview":"max-image-preview:large","max-video-preview":"max-video-preview:-1"},"canonical":"https:\/\/www.oracaoefe.com\/fr\/ultimas-iniciativas-da-igreja-catolica-para-apoio-social\/","og_locale":"fr_FR","og_type":"article","og_title":"\u00daltimas iniciativas da Igreja Cat\u00f3lica para apoio social - Ora\u00e7\u00e3o e F\u00e9","og_description":"Deus tem pra voc\u00ea uma palavra de vida!","og_url":"https:\/\/www.oracaoefe.com\/fr\/ultimas-iniciativas-da-igreja-catolica-para-apoio-social\/","og_site_name":"Ora\u00e7\u00e3o e F\u00e9","article_published_time":"2024-08-24T09:00:00+00:00","og_image":[{"width":740,"height":493,"url":"https:\/\/www.oracaoefe.com\/wp-content\/uploads\/2024\/08\/image-2.png","type":"image\/png"}],"author":"Michele Azevedo","twitter_card":"summary_large_image","twitter_misc":{"\u00c9crit par":"Michele Azevedo","Dur\u00e9e de lecture estim\u00e9e":"6 minutes"},"schema":{"@context":"https:\/\/schema.org","@graph":[{"@type":"Article","@id":"https:\/\/www.oracaoefe.com\/ultimas-iniciativas-da-igreja-catolica-para-apoio-social\/#article","isPartOf":{"@id":"https:\/\/www.oracaoefe.com\/ultimas-iniciativas-da-igreja-catolica-para-apoio-social\/"},"author":{"name":"Michele Azevedo","@id":"https:\/\/www.oracaoefe.com\/#\/schema\/person\/17283c669442cf005c4d5bb58adfb7f5"},"headline":"\u00daltimas iniciativas da Igreja Cat\u00f3lica para apoio social","datePublished":"2024-08-24T09:00:00+00:00","mainEntityOfPage":{"@id":"https:\/\/www.oracaoefe.com\/ultimas-iniciativas-da-igreja-catolica-para-apoio-social\/"},"wordCount":1205,"image":{"@id":"https:\/\/www.oracaoefe.com\/ultimas-iniciativas-da-igreja-catolica-para-apoio-social\/#primaryimage"},"thumbnailUrl":"https:\/\/www.oracaoefe.com\/wp-content\/uploads\/2024\/08\/image-2.png","articleSection":["Fique por Dentro"],"inLanguage":"fr-FR"},{"@type":"WebPage","@id":"https:\/\/www.oracaoefe.com\/ultimas-iniciativas-da-igreja-catolica-para-apoio-social\/","url":"https:\/\/www.oracaoefe.com\/ultimas-iniciativas-da-igreja-catolica-para-apoio-social\/","name":"\u00daltimas iniciativas da Igreja Cat\u00f3lica para apoio social - Ora\u00e7\u00e3o e F\u00e9","isPartOf":{"@id":"https:\/\/www.oracaoefe.com\/#website"},"primaryImageOfPage":{"@id":"https:\/\/www.oracaoefe.com\/ultimas-iniciativas-da-igreja-catolica-para-apoio-social\/#primaryimage"},"image":{"@id":"https:\/\/www.oracaoefe.com\/ultimas-iniciativas-da-igreja-catolica-para-apoio-social\/#primaryimage"},"thumbnailUrl":"https:\/\/www.oracaoefe.com\/wp-content\/uploads\/2024\/08\/image-2.png","datePublished":"2024-08-24T09:00:00+00:00","author":{"@id":"https:\/\/www.oracaoefe.com\/#\/schema\/person\/17283c669442cf005c4d5bb58adfb7f5"},"description":"Dieu a une parole de vie pour vous !","breadcrumb":{"@id":"https:\/\/www.oracaoefe.com\/ultimas-iniciativas-da-igreja-catolica-para-apoio-social\/#breadcrumb"},"inLanguage":"fr-FR","potentialAction":[{"@type":"ReadAction","target":["https:\/\/www.oracaoefe.com\/ultimas-iniciativas-da-igreja-catolica-para-apoio-social\/"]}]},{"@type":"ImageObject","inLanguage":"fr-FR","@id":"https:\/\/www.oracaoefe.com\/ultimas-iniciativas-da-igreja-catolica-para-apoio-social\/#primaryimage","url":"https:\/\/www.oracaoefe.com\/wp-content\/uploads\/2024\/08\/image-2.png","contentUrl":"https:\/\/www.oracaoefe.com\/wp-content\/uploads\/2024\/08\/image-2.png","width":740,"height":493},{"@type":"BreadcrumbList","@id":"https:\/\/www.oracaoefe.com\/ultimas-iniciativas-da-igreja-catolica-para-apoio-social\/#breadcrumb","itemListElement":[{"@type":"ListItem","position":1,"name":"Home","item":"https:\/\/www.oracaoefe.com\/"},{"@type":"ListItem","position":2,"name":"Fique por Dentro","item":"https:\/\/www.oracaoefe.com\/category\/fique-por-dentro\/"},{"@type":"ListItem","position":3,"name":"\u00daltimas iniciativas da Igreja Cat\u00f3lica para apoio social"}]},{"@type":"WebSite","@id":"https:\/\/www.oracaoefe.com\/#website","url":"https:\/\/www.oracaoefe.com\/","name":"Pri\u00e8re et foi","description":"","potentialAction":[{"@type":"SearchAction","target":{"@type":"EntryPoint","urlTemplate":"https:\/\/www.oracaoefe.com\/?s={search_term_string}"},"query-input":{"@type":"PropertyValueSpecification","valueRequired":true,"valueName":"search_term_string"}}],"inLanguage":"fr-FR"},{"@type":"Person","@id":"https:\/\/www.oracaoefe.com\/#\/schema\/person\/17283c669442cf005c4d5bb58adfb7f5","name":"Michele Azevedo","image":{"@type":"ImageObject","inLanguage":"fr-FR","@id":"https:\/\/secure.gravatar.com\/avatar\/6b0eb9d22841282815e2cd856a0061c45e1761cd54b22e952d98c4746939aa85?s=96&d=mm&r=g","url":"https:\/\/secure.gravatar.com\/avatar\/6b0eb9d22841282815e2cd856a0061c45e1761cd54b22e952d98c4746939aa85?s=96&d=mm&r=g","contentUrl":"https:\/\/secure.gravatar.com\/avatar\/6b0eb9d22841282815e2cd856a0061c45e1761cd54b22e952d98c4746939aa85?s=96&d=mm&r=g","caption":"Michele Azevedo"},"description":"Dipl\u00f4m\u00e9e en litt\u00e9rature portugaise\/anglaise de l&#039;Universit\u00e9 d&#039;\u00c9tat de Ponta Grossa (UEPG), avec des dipl\u00f4mes de troisi\u00e8me cycle en art dans l&#039;\u00e9ducation (FAPI) et en psychop\u00e9dagogie scolaire (FAPI), elle est la cr\u00e9atrice et propri\u00e9taire du site web Escritora de Sucesso, a de l&#039;exp\u00e9rience dans l&#039;\u00e9criture pour les blogs en g\u00e9n\u00e9ral et travaille comme r\u00e9dactrice et \u00e9ditrice du contenu pour Ora\u00e7\u00e3o e F\u00e9.","url":"https:\/\/www.oracaoefe.com\/fr\/author\/michele-azevedo\/"}]}},"_links":{"self":[{"href":"https:\/\/www.oracaoefe.com\/fr\/wp-json\/wp\/v2\/posts\/2992","targetHints":{"allow":["GET"]}}],"collection":[{"href":"https:\/\/www.oracaoefe.com\/fr\/wp-json\/wp\/v2\/posts"}],"about":[{"href":"https:\/\/www.oracaoefe.com\/fr\/wp-json\/wp\/v2\/types\/post"}],"author":[{"embeddable":true,"href":"https:\/\/www.oracaoefe.com\/fr\/wp-json\/wp\/v2\/users\/3"}],"replies":[{"embeddable":true,"href":"https:\/\/www.oracaoefe.com\/fr\/wp-json\/wp\/v2\/comments?post=2992"}],"version-history":[{"count":2,"href":"https:\/\/www.oracaoefe.com\/fr\/wp-json\/wp\/v2\/posts\/2992\/revisions"}],"predecessor-version":[{"id":3013,"href":"https:\/\/www.oracaoefe.com\/fr\/wp-json\/wp\/v2\/posts\/2992\/revisions\/3013"}],"wp:featuredmedia":[{"embeddable":true,"href":"https:\/\/www.oracaoefe.com\/fr\/wp-json\/wp\/v2\/media\/3012"}],"wp:attachment":[{"href":"https:\/\/www.oracaoefe.com\/fr\/wp-json\/wp\/v2\/media?parent=2992"}],"wp:term":[{"taxonomy":"category","embeddable":true,"href":"https:\/\/www.oracaoefe.com\/fr\/wp-json\/wp\/v2\/categories?post=2992"},{"taxonomy":"post_tag","embeddable":true,"href":"https:\/\/www.oracaoefe.com\/fr\/wp-json\/wp\/v2\/tags?post=2992"}],"curies":[{"name":"wp","href":"https:\/\/api.w.org\/{rel}","templated":true}]}}