{"id":2990,"date":"2024-08-21T06:00:00","date_gmt":"2024-08-21T09:00:00","guid":{"rendered":"https:\/\/www.oracaoefe.com\/?p=2990"},"modified":"2024-08-19T20:02:15","modified_gmt":"2024-08-19T23:02:15","slug":"historia-da-renovacao-espiritual-em-comunidades-cristas","status":"publish","type":"post","link":"https:\/\/www.oracaoefe.com\/fr\/historia-da-renovacao-espiritual-em-comunidades-cristas\/","title":{"rendered":"Hist\u00f3ria da renova\u00e7\u00e3o espiritual em comunidades crist\u00e3s"},"content":{"rendered":"<p class=\"wp-block-paragraph\">A renova\u00e7\u00e3o espiritual tem desempenhado um papel fundamental na evolu\u00e7\u00e3o das comunidades crist\u00e3s ao longo dos s\u00e9culos. Desde os primeiros dias do cristianismo at\u00e9 os movimentos contempor\u00e2neos, a busca por uma experi\u00eancia mais profunda e aut\u00eantica de f\u00e9 tem levado \u00e0 cria\u00e7\u00e3o de diversos movimentos e reformas que moldaram a pr\u00e1tica religiosa.<\/p>\n\n\n\n<h2 class=\"wp-block-heading\">O que \u00e9 a renova\u00e7\u00e3o espiritual crist\u00e3?<\/h2>\n\n\n\n<p class=\"wp-block-paragraph\">A renova\u00e7\u00e3o espiritual refere-se a um processo de revitaliza\u00e7\u00e3o e aprofundamento da experi\u00eancia religiosa. No contexto crist\u00e3o, isso geralmente envolve uma renova\u00e7\u00e3o da f\u00e9, um retorno a princ\u00edpios fundamentais e uma transforma\u00e7\u00e3o pessoal e comunit\u00e1ria. A renova\u00e7\u00e3o pode ser motivada por uma variedade de fatores, incluindo o desejo de reconectar-se com os ensinamentos de Jesus, corrigir pr\u00e1ticas que se desviaram dos princ\u00edpios originais ou responder a necessidades sociais e culturais emergentes.<\/p>\n\n\n\n<figure class=\"wp-block-image size-full is-resized\"><img loading=\"lazy\" decoding=\"async\" width=\"740\" height=\"493\" src=\"https:\/\/www.oracaoefe.com\/wp-content\/uploads\/2024\/08\/image-1.png\" alt=\"\" class=\"wp-image-3010\" style=\"width:840px;height:auto\" srcset=\"https:\/\/www.oracaoefe.com\/wp-content\/uploads\/2024\/08\/image-1.png 740w, https:\/\/www.oracaoefe.com\/wp-content\/uploads\/2024\/08\/image-1-300x200.png 300w, https:\/\/www.oracaoefe.com\/wp-content\/uploads\/2024\/08\/image-1-18x12.png 18w\" sizes=\"auto, (max-width: 740px) 100vw, 740px\" \/><\/figure>\n\n\n\n<p class=\"wp-block-paragraph\">Desde os primeiros dias do cristianismo, a renova\u00e7\u00e3o espiritual tem sido uma for\u00e7a propulsora na hist\u00f3ria da Igreja. Diversos movimentos e reformas foram impulsionados pelo desejo de restaurar a autenticidade da f\u00e9 crist\u00e3 e promover uma pr\u00e1tica mais profunda e significativa.<\/p>\n\n\n\n<h2 class=\"wp-block-heading\">Movimentos de renova\u00e7\u00e3o espiritual ao longo da hist\u00f3ria<\/h2>\n\n\n\n<h3 class=\"wp-block-heading\">1. <strong>Os Pais da Igreja e o Monasticismo (s\u00e9culos II\u2013V)<\/strong><\/h3>\n\n\n\n<p class=\"wp-block-paragraph\">Os primeiros movimentos de renova\u00e7\u00e3o espiritual no cristianismo podem ser encontrados nos esfor\u00e7os dos Pais da Igreja e no desenvolvimento do monasticismo. Os Pais da Igreja, como Santo Agostinho e S\u00e3o Jo\u00e3o Cris\u00f3stomo, buscaram aprofundar a compreens\u00e3o dos ensinamentos de Cristo e reformar pr\u00e1ticas religiosas para promover uma vida crist\u00e3 mais aut\u00eantica.<\/p>\n\n\n\n<p class=\"wp-block-paragraph\">O monasticismo, que surgiu com figuras como S\u00e3o Bento e S\u00e3o Bas\u00edlio, tamb\u00e9m desempenhou um papel crucial na renova\u00e7\u00e3o espiritual. Os monges procuraram viver uma vida de ora\u00e7\u00e3o, estudo e trabalho em comunidade, enfatizando a import\u00e2ncia da disciplina espiritual e da vida simples. Este movimento teve um impacto duradouro na forma\u00e7\u00e3o da espiritualidade crist\u00e3 e na preserva\u00e7\u00e3o do conhecimento teol\u00f3gico durante per\u00edodos de turbul\u00eancia.<\/p>\n\n\n\n<h3 class=\"wp-block-heading\">2. <strong>A Reforma Protestante (s\u00e9culo XVI)<\/strong><\/h3>\n\n\n\n<p class=\"wp-block-paragraph\">A Reforma Protestante, iniciada por Martinho Lutero em 1517, foi um dos movimentos de renova\u00e7\u00e3o espiritual mais significativos na hist\u00f3ria do cristianismo. Lutero e outros reformadores como Jo\u00e3o Calvino e Ulrico Zu\u00ednglio buscaram reformar a Igreja Cat\u00f3lica, abordando quest\u00f5es como a corrup\u00e7\u00e3o, a venda de indulg\u00eancias e a necessidade de retornar \u00e0s Escrituras como a autoridade final.<\/p>\n\n\n\n<p class=\"wp-block-paragraph\">A Reforma resultou na cria\u00e7\u00e3o de v\u00e1rias denomina\u00e7\u00f5es protestantes e introduziu novas pr\u00e1ticas e doutrinas que enfatizavam a import\u00e2ncia da f\u00e9 pessoal, a leitura da B\u00edblia e a salva\u00e7\u00e3o pela gra\u00e7a. Este movimento teve um impacto profundo na hist\u00f3ria da Igreja, promovendo uma renova\u00e7\u00e3o espiritual que ainda ressoa nas tradi\u00e7\u00f5es protestantes atuais.<\/p>\n\n\n\n<h3 class=\"wp-block-heading\">3. <strong>O Grande Despertar (s\u00e9culos XVIII e XIX)<\/strong><\/h3>\n\n\n\n<p class=\"wp-block-paragraph\">O Grande Despertar, um per\u00edodo de revivifica\u00e7\u00e3o espiritual que ocorreu no s\u00e9culo XVIII e in\u00edcio do s\u00e9culo XIX, foi um movimento de renova\u00e7\u00e3o que se espalhou principalmente pelos Estados Unidos e pelo Reino Unido. Liderado por pregadores como Jonathan Edwards e George Whitefield, o Grande Despertar enfatizou a necessidade de uma convers\u00e3o pessoal e um renascimento espiritual.<\/p>\n\n\n\n<p class=\"wp-block-paragraph\">As reuni\u00f5es de avivamento, caracterizadas por prega\u00e7\u00f5es emocionantes e experi\u00eancias espirituais intensas, foram uma caracter\u00edstica marcante desse movimento. O Grande Despertar resultou em um aumento significativo no n\u00famero de convers\u00f5es e no envolvimento nas igrejas evang\u00e9licas, influenciando profundamente a pr\u00e1tica religiosa nas comunidades crist\u00e3s da \u00e9poca.<\/p>\n\n\n\n<h3 class=\"wp-block-heading\">4. <strong>O Movimento Pentecostal (in\u00edcio do s\u00e9culo XX)<\/strong><\/h3>\n\n\n\n<p class=\"wp-block-paragraph\">O Movimento Pentecostal surgiu no in\u00edcio do s\u00e9culo XX como uma renova\u00e7\u00e3o espiritual que enfatizava a experi\u00eancia direta do Esp\u00edrito Santo. Com ra\u00edzes em revivais como o Avivamento de Azusa Street, liderado por William J. Seymour, o pentecostalismo promoveu a import\u00e2ncia dos dons espirituais, como a glossolalia (falar em l\u00ednguas) e a cura divina.<\/p>\n\n\n\n<p class=\"wp-block-paragraph\">Este movimento teve um impacto significativo no cristianismo global, levando ao surgimento de v\u00e1rias denomina\u00e7\u00f5es pentecostais e carism\u00e1ticas. O pentecostalismo enfatizou uma viv\u00eancia mais intensa e emotiva da f\u00e9 crist\u00e3, com \u00eanfase na experi\u00eancia pessoal do Esp\u00edrito Santo e na pr\u00e1tica de dons espirituais.<\/p>\n\n\n\n<h3 class=\"wp-block-heading\">5. <strong>O Movimento de Renova\u00e7\u00e3o Carism\u00e1tica (d\u00e9cada de 1960)<\/strong><\/h3>\n\n\n\n<p class=\"wp-block-paragraph\">O Movimento de Renova\u00e7\u00e3o Carism\u00e1tica surgiu na d\u00e9cada de 1960 e se expandiu por v\u00e1rias denomina\u00e7\u00f5es crist\u00e3s, incluindo cat\u00f3licos e protestantes. Este movimento \u00e9 caracterizado pela \u00eanfase na experi\u00eancia direta do Esp\u00edrito Santo e na renova\u00e7\u00e3o dos dons espirituais.<\/p>\n\n\n\n<p class=\"wp-block-paragraph\">A Renova\u00e7\u00e3o Carism\u00e1tica trouxe uma nova \u00eanfase na adora\u00e7\u00e3o espont\u00e2nea, na ora\u00e7\u00e3o em l\u00ednguas e na expectativa de experi\u00eancias sobrenaturais. As reuni\u00f5es carism\u00e1ticas s\u00e3o frequentemente marcadas por uma atmosfera vibrante e emotiva, e o movimento teve um impacto duradouro em v\u00e1rias tradi\u00e7\u00f5es crist\u00e3s, promovendo uma viv\u00eancia mais din\u00e2mica e emocional da f\u00e9.<\/p>\n\n\n\n<h3 class=\"wp-block-heading\">6. <strong>Movimentos Contempor\u00e2neos de Renova\u00e7\u00e3o<\/strong><\/h3>\n\n\n\n<p class=\"wp-block-paragraph\">Nos \u00faltimos anos, surgiram v\u00e1rios movimentos contempor\u00e2neos de renova\u00e7\u00e3o espiritual que refletem a diversidade das pr\u00e1ticas crist\u00e3s modernas. Esses movimentos muitas vezes combinam elementos tradicionais com novas abordagens, como a \u00eanfase na justi\u00e7a social, a busca por uma espiritualidade mais pessoal e o engajamento com quest\u00f5es culturais contempor\u00e2neas.<\/p>\n\n\n\n<p class=\"wp-block-paragraph\">Entre os exemplos contempor\u00e2neos est\u00e3o o Movimento de Igreja Emergente, que busca reformar a pr\u00e1tica da f\u00e9 para responder \u00e0s necessidades da sociedade moderna, e a Igreja de Prop\u00f3sito, que se concentra na miss\u00e3o e na relev\u00e2ncia da igreja no mundo atual. Esses movimentos frequentemente utilizam a tecnologia e novas formas de comunica\u00e7\u00e3o para alcan\u00e7ar uma audi\u00eancia mais ampla e promover uma experi\u00eancia espiritual renovada.<\/p>\n\n\n\n<h2 class=\"wp-block-heading\">Impactos da renova\u00e7\u00e3o espiritual<\/h2>\n\n\n\n<p class=\"wp-block-paragraph\">Os movimentos de renova\u00e7\u00e3o espiritual t\u00eam contribu\u00eddo para o fortalecimento das comunidades crist\u00e3s, promovendo uma maior coes\u00e3o e engajamento entre os membros. As celebra\u00e7\u00f5es, encontros e pr\u00e1ticas comuns ajudam a criar la\u00e7os mais fortes e um senso de pertencimento dentro da comunidade de f\u00e9.<\/p>\n\n\n\n<h3 class=\"wp-block-heading\">Revitaliza\u00e7\u00e3o da Pr\u00e1tica Religiosa<\/h3>\n\n\n\n<p class=\"wp-block-paragraph\">A renova\u00e7\u00e3o espiritual muitas vezes leva \u00e0 revitaliza\u00e7\u00e3o das pr\u00e1ticas religiosas, incentivando os crist\u00e3os a reavaliar e aprofundar sua f\u00e9. Isso pode incluir uma maior \u00eanfase na ora\u00e7\u00e3o, no estudo das Escrituras e na participa\u00e7\u00e3o em atividades comunit\u00e1rias e mission\u00e1rias.<\/p>\n\n\n\n<h3 class=\"wp-block-heading\">Influ\u00eancia Cultural e Social<\/h3>\n\n\n\n<p class=\"wp-block-paragraph\">Os movimentos de renova\u00e7\u00e3o espiritual tamb\u00e9m t\u00eam uma influ\u00eancia significativa na cultura e na sociedade. Eles frequentemente abordam quest\u00f5es sociais e culturais, promovendo mudan\u00e7as e trazendo uma nova perspectiva para a pr\u00e1tica crist\u00e3. Atrav\u00e9s de seu engajamento com a sociedade, esses movimentos ajudam a moldar a forma como a f\u00e9 crist\u00e3 \u00e9 vivida e expressa no mundo moderno.<\/p>\n\n\n\n<h2 class=\"wp-block-heading\">A cont\u00ednua busca por renova\u00e7\u00e3o<\/h2>\n\n\n\n<p class=\"wp-block-paragraph\">A hist\u00f3ria da renova\u00e7\u00e3o espiritual em comunidades crist\u00e3s \u00e9 uma jornada rica e diversificada, marcada por uma busca cont\u00ednua por uma experi\u00eancia mais profunda e aut\u00eantica de f\u00e9. Desde os primeiros dias do cristianismo at\u00e9 os movimentos contempor\u00e2neos, a renova\u00e7\u00e3o espiritual tem desempenhado um papel crucial na evolu\u00e7\u00e3o das pr\u00e1ticas religiosas e na forma\u00e7\u00e3o das comunidades de f\u00e9.<\/p>\n\n\n\n<p class=\"wp-block-paragraph\">Atrav\u00e9s de diversos movimentos e reformas, os crist\u00e3os t\u00eam procurado responder \u00e0s necessidades de seu tempo e aprofundar sua compreens\u00e3o dos ensinamentos de Jesus. A renova\u00e7\u00e3o espiritual continua a ser uma for\u00e7a vital na vida das comunidades crist\u00e3s, promovendo uma pr\u00e1tica mais aut\u00eantica e relevante da f\u00e9 em um mundo em constante mudan\u00e7a.<\/p>\n\n\n\n<p class=\"wp-block-paragraph\"><strong>Voir aussi\u00a0: <a href=\"https:\/\/www.oracaoefe.com\/fr\/oracao-para-acalmar-uma-pessoa-urgente\/\">Ora\u00e7\u00e3o para acalmar uma pessoa urgente<\/a><\/strong><\/p>\n\n\n\n<p class=\"wp-block-paragraph\">21 de agosto de 2024<\/p>","protected":false},"excerpt":{"rendered":"<p>A renova\u00e7\u00e3o espiritual tem desempenhado um papel fundamental na evolu\u00e7\u00e3o das comunidades crist\u00e3s ao longo dos s\u00e9culos. Desde os primeiros dias do cristianismo at\u00e9 os movimentos contempor\u00e2neos, a busca por uma experi\u00eancia mais profunda e aut\u00eantica de f\u00e9 tem levado \u00e0 cria\u00e7\u00e3o de diversos movimentos e reformas que moldaram a pr\u00e1tica religiosa. O que \u00e9&hellip;&nbsp;<\/p>","protected":false},"author":3,"featured_media":3010,"comment_status":"closed","ping_status":"closed","sticky":false,"template":"","format":"standard","meta":{"neve_meta_sidebar":"","neve_meta_container":"","neve_meta_enable_content_width":"","neve_meta_content_width":0,"neve_meta_title_alignment":"","neve_meta_author_avatar":"","neve_post_elements_order":"","neve_meta_disable_header":"","neve_meta_disable_footer":"","neve_meta_disable_title":"","footnotes":""},"categories":[3],"tags":[],"class_list":["post-2990","post","type-post","status-publish","format-standard","has-post-thumbnail","hentry","category-fe"],"yoast_head":"<!-- This site is optimized with the Yoast SEO plugin v28.4 - https:\/\/yoast.com\/product\/yoast-seo-wordpress\/ -->\n<title>Hist\u00f3ria da renova\u00e7\u00e3o espiritual em comunidades crist\u00e3s - Ora\u00e7\u00e3o e F\u00e9<\/title>\n<meta name=\"description\" content=\"Deus tem pra voc\u00ea uma palavra de vida!\" \/>\n<meta name=\"robots\" content=\"index, follow, max-snippet:-1, max-image-preview:large, max-video-preview:-1\" \/>\n<link rel=\"canonical\" href=\"https:\/\/www.oracaoefe.com\/fr\/historia-da-renovacao-espiritual-em-comunidades-cristas\/\" \/>\n<meta property=\"og:locale\" content=\"fr_FR\" \/>\n<meta property=\"og:type\" content=\"article\" \/>\n<meta property=\"og:title\" content=\"Hist\u00f3ria da renova\u00e7\u00e3o espiritual em comunidades crist\u00e3s - Ora\u00e7\u00e3o e F\u00e9\" \/>\n<meta property=\"og:description\" content=\"Deus tem pra voc\u00ea uma palavra de vida!\" \/>\n<meta property=\"og:url\" content=\"https:\/\/www.oracaoefe.com\/fr\/historia-da-renovacao-espiritual-em-comunidades-cristas\/\" \/>\n<meta property=\"og:site_name\" content=\"Ora\u00e7\u00e3o e F\u00e9\" \/>\n<meta property=\"article:published_time\" content=\"2024-08-21T09:00:00+00:00\" \/>\n<meta property=\"og:image\" content=\"https:\/\/www.oracaoefe.com\/wp-content\/uploads\/2024\/08\/image-1.png\" \/>\n\t<meta property=\"og:image:width\" content=\"740\" \/>\n\t<meta property=\"og:image:height\" content=\"493\" \/>\n\t<meta property=\"og:image:type\" content=\"image\/png\" \/>\n<meta name=\"author\" content=\"Michele Azevedo\" \/>\n<meta name=\"twitter:card\" content=\"summary_large_image\" \/>\n<meta name=\"twitter:label1\" content=\"\u00c9crit par\" \/>\n\t<meta name=\"twitter:data1\" content=\"Michele Azevedo\" \/>\n\t<meta name=\"twitter:label2\" content=\"Dur\u00e9e de lecture estim\u00e9e\" \/>\n\t<meta name=\"twitter:data2\" content=\"7 minutes\" \/>\n<script type=\"application\/ld+json\" class=\"yoast-schema-graph\">{\"@context\":\"https:\\\/\\\/schema.org\",\"@graph\":[{\"@type\":\"Article\",\"@id\":\"https:\\\/\\\/www.oracaoefe.com\\\/historia-da-renovacao-espiritual-em-comunidades-cristas\\\/#article\",\"isPartOf\":{\"@id\":\"https:\\\/\\\/www.oracaoefe.com\\\/historia-da-renovacao-espiritual-em-comunidades-cristas\\\/\"},\"author\":{\"name\":\"Michele Azevedo\",\"@id\":\"https:\\\/\\\/www.oracaoefe.com\\\/#\\\/schema\\\/person\\\/17283c669442cf005c4d5bb58adfb7f5\"},\"headline\":\"Hist\u00f3ria da renova\u00e7\u00e3o espiritual em comunidades crist\u00e3s\",\"datePublished\":\"2024-08-21T09:00:00+00:00\",\"mainEntityOfPage\":{\"@id\":\"https:\\\/\\\/www.oracaoefe.com\\\/historia-da-renovacao-espiritual-em-comunidades-cristas\\\/\"},\"wordCount\":1335,\"image\":{\"@id\":\"https:\\\/\\\/www.oracaoefe.com\\\/historia-da-renovacao-espiritual-em-comunidades-cristas\\\/#primaryimage\"},\"thumbnailUrl\":\"https:\\\/\\\/www.oracaoefe.com\\\/wp-content\\\/uploads\\\/2024\\\/08\\\/image-1.png\",\"articleSection\":[\"F\u00e9\"],\"inLanguage\":\"fr-FR\"},{\"@type\":\"WebPage\",\"@id\":\"https:\\\/\\\/www.oracaoefe.com\\\/historia-da-renovacao-espiritual-em-comunidades-cristas\\\/\",\"url\":\"https:\\\/\\\/www.oracaoefe.com\\\/historia-da-renovacao-espiritual-em-comunidades-cristas\\\/\",\"name\":\"Hist\u00f3ria da renova\u00e7\u00e3o espiritual em comunidades crist\u00e3s - Ora\u00e7\u00e3o e F\u00e9\",\"isPartOf\":{\"@id\":\"https:\\\/\\\/www.oracaoefe.com\\\/#website\"},\"primaryImageOfPage\":{\"@id\":\"https:\\\/\\\/www.oracaoefe.com\\\/historia-da-renovacao-espiritual-em-comunidades-cristas\\\/#primaryimage\"},\"image\":{\"@id\":\"https:\\\/\\\/www.oracaoefe.com\\\/historia-da-renovacao-espiritual-em-comunidades-cristas\\\/#primaryimage\"},\"thumbnailUrl\":\"https:\\\/\\\/www.oracaoefe.com\\\/wp-content\\\/uploads\\\/2024\\\/08\\\/image-1.png\",\"datePublished\":\"2024-08-21T09:00:00+00:00\",\"author\":{\"@id\":\"https:\\\/\\\/www.oracaoefe.com\\\/#\\\/schema\\\/person\\\/17283c669442cf005c4d5bb58adfb7f5\"},\"description\":\"Deus tem pra voc\u00ea uma palavra de vida!\",\"breadcrumb\":{\"@id\":\"https:\\\/\\\/www.oracaoefe.com\\\/historia-da-renovacao-espiritual-em-comunidades-cristas\\\/#breadcrumb\"},\"inLanguage\":\"fr-FR\",\"potentialAction\":[{\"@type\":\"ReadAction\",\"target\":[\"https:\\\/\\\/www.oracaoefe.com\\\/historia-da-renovacao-espiritual-em-comunidades-cristas\\\/\"]}]},{\"@type\":\"ImageObject\",\"inLanguage\":\"fr-FR\",\"@id\":\"https:\\\/\\\/www.oracaoefe.com\\\/historia-da-renovacao-espiritual-em-comunidades-cristas\\\/#primaryimage\",\"url\":\"https:\\\/\\\/www.oracaoefe.com\\\/wp-content\\\/uploads\\\/2024\\\/08\\\/image-1.png\",\"contentUrl\":\"https:\\\/\\\/www.oracaoefe.com\\\/wp-content\\\/uploads\\\/2024\\\/08\\\/image-1.png\",\"width\":740,\"height\":493},{\"@type\":\"BreadcrumbList\",\"@id\":\"https:\\\/\\\/www.oracaoefe.com\\\/historia-da-renovacao-espiritual-em-comunidades-cristas\\\/#breadcrumb\",\"itemListElement\":[{\"@type\":\"ListItem\",\"position\":1,\"name\":\"Home\",\"item\":\"https:\\\/\\\/www.oracaoefe.com\\\/\"},{\"@type\":\"ListItem\",\"position\":2,\"name\":\"F\u00e9\",\"item\":\"https:\\\/\\\/www.oracaoefe.com\\\/es\\\/categoria\\\/fe\\\/\"},{\"@type\":\"ListItem\",\"position\":3,\"name\":\"Hist\u00f3ria da renova\u00e7\u00e3o espiritual em comunidades crist\u00e3s\"}]},{\"@type\":\"WebSite\",\"@id\":\"https:\\\/\\\/www.oracaoefe.com\\\/#website\",\"url\":\"https:\\\/\\\/www.oracaoefe.com\\\/\",\"name\":\"Ora\u00e7\u00e3o e F\u00e9\",\"description\":\"\",\"potentialAction\":[{\"@type\":\"SearchAction\",\"target\":{\"@type\":\"EntryPoint\",\"urlTemplate\":\"https:\\\/\\\/www.oracaoefe.com\\\/?s={search_term_string}\"},\"query-input\":{\"@type\":\"PropertyValueSpecification\",\"valueRequired\":true,\"valueName\":\"search_term_string\"}}],\"inLanguage\":\"fr-FR\"},{\"@type\":\"Person\",\"@id\":\"https:\\\/\\\/www.oracaoefe.com\\\/#\\\/schema\\\/person\\\/17283c669442cf005c4d5bb58adfb7f5\",\"name\":\"Michele Azevedo\",\"image\":{\"@type\":\"ImageObject\",\"inLanguage\":\"fr-FR\",\"@id\":\"https:\\\/\\\/secure.gravatar.com\\\/avatar\\\/6b0eb9d22841282815e2cd856a0061c45e1761cd54b22e952d98c4746939aa85?s=96&d=mm&r=g\",\"url\":\"https:\\\/\\\/secure.gravatar.com\\\/avatar\\\/6b0eb9d22841282815e2cd856a0061c45e1761cd54b22e952d98c4746939aa85?s=96&d=mm&r=g\",\"contentUrl\":\"https:\\\/\\\/secure.gravatar.com\\\/avatar\\\/6b0eb9d22841282815e2cd856a0061c45e1761cd54b22e952d98c4746939aa85?s=96&d=mm&r=g\",\"caption\":\"Michele Azevedo\"},\"description\":\"Formada em Letras - Portugu\u00eas\\\/ Ingl\u00eas pela Universidade Estadual de Ponta Grossa (UEPG), p\u00f3s-graduada em Arte na Educa\u00e7\u00e3o (FAPI) e Psicopedagogia Escolar (FAPI), idealizadora e propriet\u00e1ria do site Escritora de Sucesso, possui experi\u00eancia em escrita para blogs em geral e atua como redatora e revisora dos conte\u00fados do Ora\u00e7\u00e3o e F\u00e9.\",\"url\":\"https:\\\/\\\/www.oracaoefe.com\\\/fr\\\/author\\\/michele-azevedo\\\/\"}]}<\/script>\n<!-- \/ Yoast SEO plugin. -->","yoast_head_json":{"title":"Hist\u00f3ria da renova\u00e7\u00e3o espiritual em comunidades crist\u00e3s - Ora\u00e7\u00e3o e F\u00e9","description":"Dieu a une parole de vie pour vous !","robots":{"index":"index","follow":"follow","max-snippet":"max-snippet:-1","max-image-preview":"max-image-preview:large","max-video-preview":"max-video-preview:-1"},"canonical":"https:\/\/www.oracaoefe.com\/fr\/historia-da-renovacao-espiritual-em-comunidades-cristas\/","og_locale":"fr_FR","og_type":"article","og_title":"Hist\u00f3ria da renova\u00e7\u00e3o espiritual em comunidades crist\u00e3s - Ora\u00e7\u00e3o e F\u00e9","og_description":"Deus tem pra voc\u00ea uma palavra de vida!","og_url":"https:\/\/www.oracaoefe.com\/fr\/historia-da-renovacao-espiritual-em-comunidades-cristas\/","og_site_name":"Ora\u00e7\u00e3o e F\u00e9","article_published_time":"2024-08-21T09:00:00+00:00","og_image":[{"width":740,"height":493,"url":"https:\/\/www.oracaoefe.com\/wp-content\/uploads\/2024\/08\/image-1.png","type":"image\/png"}],"author":"Michele Azevedo","twitter_card":"summary_large_image","twitter_misc":{"\u00c9crit par":"Michele Azevedo","Dur\u00e9e de lecture estim\u00e9e":"7 minutes"},"schema":{"@context":"https:\/\/schema.org","@graph":[{"@type":"Article","@id":"https:\/\/www.oracaoefe.com\/historia-da-renovacao-espiritual-em-comunidades-cristas\/#article","isPartOf":{"@id":"https:\/\/www.oracaoefe.com\/historia-da-renovacao-espiritual-em-comunidades-cristas\/"},"author":{"name":"Michele Azevedo","@id":"https:\/\/www.oracaoefe.com\/#\/schema\/person\/17283c669442cf005c4d5bb58adfb7f5"},"headline":"Hist\u00f3ria da renova\u00e7\u00e3o espiritual em comunidades crist\u00e3s","datePublished":"2024-08-21T09:00:00+00:00","mainEntityOfPage":{"@id":"https:\/\/www.oracaoefe.com\/historia-da-renovacao-espiritual-em-comunidades-cristas\/"},"wordCount":1335,"image":{"@id":"https:\/\/www.oracaoefe.com\/historia-da-renovacao-espiritual-em-comunidades-cristas\/#primaryimage"},"thumbnailUrl":"https:\/\/www.oracaoefe.com\/wp-content\/uploads\/2024\/08\/image-1.png","articleSection":["F\u00e9"],"inLanguage":"fr-FR"},{"@type":"WebPage","@id":"https:\/\/www.oracaoefe.com\/historia-da-renovacao-espiritual-em-comunidades-cristas\/","url":"https:\/\/www.oracaoefe.com\/historia-da-renovacao-espiritual-em-comunidades-cristas\/","name":"Hist\u00f3ria da renova\u00e7\u00e3o espiritual em comunidades crist\u00e3s - Ora\u00e7\u00e3o e F\u00e9","isPartOf":{"@id":"https:\/\/www.oracaoefe.com\/#website"},"primaryImageOfPage":{"@id":"https:\/\/www.oracaoefe.com\/historia-da-renovacao-espiritual-em-comunidades-cristas\/#primaryimage"},"image":{"@id":"https:\/\/www.oracaoefe.com\/historia-da-renovacao-espiritual-em-comunidades-cristas\/#primaryimage"},"thumbnailUrl":"https:\/\/www.oracaoefe.com\/wp-content\/uploads\/2024\/08\/image-1.png","datePublished":"2024-08-21T09:00:00+00:00","author":{"@id":"https:\/\/www.oracaoefe.com\/#\/schema\/person\/17283c669442cf005c4d5bb58adfb7f5"},"description":"Dieu a une parole de vie pour vous !","breadcrumb":{"@id":"https:\/\/www.oracaoefe.com\/historia-da-renovacao-espiritual-em-comunidades-cristas\/#breadcrumb"},"inLanguage":"fr-FR","potentialAction":[{"@type":"ReadAction","target":["https:\/\/www.oracaoefe.com\/historia-da-renovacao-espiritual-em-comunidades-cristas\/"]}]},{"@type":"ImageObject","inLanguage":"fr-FR","@id":"https:\/\/www.oracaoefe.com\/historia-da-renovacao-espiritual-em-comunidades-cristas\/#primaryimage","url":"https:\/\/www.oracaoefe.com\/wp-content\/uploads\/2024\/08\/image-1.png","contentUrl":"https:\/\/www.oracaoefe.com\/wp-content\/uploads\/2024\/08\/image-1.png","width":740,"height":493},{"@type":"BreadcrumbList","@id":"https:\/\/www.oracaoefe.com\/historia-da-renovacao-espiritual-em-comunidades-cristas\/#breadcrumb","itemListElement":[{"@type":"ListItem","position":1,"name":"Home","item":"https:\/\/www.oracaoefe.com\/"},{"@type":"ListItem","position":2,"name":"F\u00e9","item":"https:\/\/www.oracaoefe.com\/es\/categoria\/fe\/"},{"@type":"ListItem","position":3,"name":"Hist\u00f3ria da renova\u00e7\u00e3o espiritual em comunidades crist\u00e3s"}]},{"@type":"WebSite","@id":"https:\/\/www.oracaoefe.com\/#website","url":"https:\/\/www.oracaoefe.com\/","name":"Pri\u00e8re et foi","description":"","potentialAction":[{"@type":"SearchAction","target":{"@type":"EntryPoint","urlTemplate":"https:\/\/www.oracaoefe.com\/?s={search_term_string}"},"query-input":{"@type":"PropertyValueSpecification","valueRequired":true,"valueName":"search_term_string"}}],"inLanguage":"fr-FR"},{"@type":"Person","@id":"https:\/\/www.oracaoefe.com\/#\/schema\/person\/17283c669442cf005c4d5bb58adfb7f5","name":"Michele Azevedo","image":{"@type":"ImageObject","inLanguage":"fr-FR","@id":"https:\/\/secure.gravatar.com\/avatar\/6b0eb9d22841282815e2cd856a0061c45e1761cd54b22e952d98c4746939aa85?s=96&d=mm&r=g","url":"https:\/\/secure.gravatar.com\/avatar\/6b0eb9d22841282815e2cd856a0061c45e1761cd54b22e952d98c4746939aa85?s=96&d=mm&r=g","contentUrl":"https:\/\/secure.gravatar.com\/avatar\/6b0eb9d22841282815e2cd856a0061c45e1761cd54b22e952d98c4746939aa85?s=96&d=mm&r=g","caption":"Michele Azevedo"},"description":"Dipl\u00f4m\u00e9e en litt\u00e9rature portugaise\/anglaise de l&#039;Universit\u00e9 d&#039;\u00c9tat de Ponta Grossa (UEPG), avec des dipl\u00f4mes de troisi\u00e8me cycle en art dans l&#039;\u00e9ducation (FAPI) et en psychop\u00e9dagogie scolaire (FAPI), elle est la cr\u00e9atrice et propri\u00e9taire du site web Escritora de Sucesso, a de l&#039;exp\u00e9rience dans l&#039;\u00e9criture pour les blogs en g\u00e9n\u00e9ral et travaille comme r\u00e9dactrice et \u00e9ditrice du contenu pour Ora\u00e7\u00e3o e F\u00e9.","url":"https:\/\/www.oracaoefe.com\/fr\/author\/michele-azevedo\/"}]}},"_links":{"self":[{"href":"https:\/\/www.oracaoefe.com\/fr\/wp-json\/wp\/v2\/posts\/2990","targetHints":{"allow":["GET"]}}],"collection":[{"href":"https:\/\/www.oracaoefe.com\/fr\/wp-json\/wp\/v2\/posts"}],"about":[{"href":"https:\/\/www.oracaoefe.com\/fr\/wp-json\/wp\/v2\/types\/post"}],"author":[{"embeddable":true,"href":"https:\/\/www.oracaoefe.com\/fr\/wp-json\/wp\/v2\/users\/3"}],"replies":[{"embeddable":true,"href":"https:\/\/www.oracaoefe.com\/fr\/wp-json\/wp\/v2\/comments?post=2990"}],"version-history":[{"count":2,"href":"https:\/\/www.oracaoefe.com\/fr\/wp-json\/wp\/v2\/posts\/2990\/revisions"}],"predecessor-version":[{"id":3011,"href":"https:\/\/www.oracaoefe.com\/fr\/wp-json\/wp\/v2\/posts\/2990\/revisions\/3011"}],"wp:featuredmedia":[{"embeddable":true,"href":"https:\/\/www.oracaoefe.com\/fr\/wp-json\/wp\/v2\/media\/3010"}],"wp:attachment":[{"href":"https:\/\/www.oracaoefe.com\/fr\/wp-json\/wp\/v2\/media?parent=2990"}],"wp:term":[{"taxonomy":"category","embeddable":true,"href":"https:\/\/www.oracaoefe.com\/fr\/wp-json\/wp\/v2\/categories?post=2990"},{"taxonomy":"post_tag","embeddable":true,"href":"https:\/\/www.oracaoefe.com\/fr\/wp-json\/wp\/v2\/tags?post=2990"}],"curies":[{"name":"wp","href":"https:\/\/api.w.org\/{rel}","templated":true}]}}