{"id":2988,"date":"2024-08-19T20:01:14","date_gmt":"2024-08-19T23:01:14","guid":{"rendered":"https:\/\/www.oracaoefe.com\/?p=2988"},"modified":"2024-08-19T20:01:14","modified_gmt":"2024-08-19T23:01:14","slug":"como-a-tradicao-budista-influencia-festividades-em-diferentes-paises","status":"publish","type":"post","link":"https:\/\/www.oracaoefe.com\/fr\/como-a-tradicao-budista-influencia-festividades-em-diferentes-paises\/","title":{"rendered":"Como a tradi\u00e7\u00e3o budista influencia festividades em diferentes pa\u00edses"},"content":{"rendered":"<p class=\"wp-block-paragraph\">A tradi\u00e7\u00e3o budista, que se originou na \u00cdndia h\u00e1 mais de dois mil anos, exerce uma influ\u00eancia significativa em v\u00e1rias culturas e festividades ao redor do mundo. Com suas ra\u00edzes profundas em ensinamentos sobre ilumina\u00e7\u00e3o, compaix\u00e3o e equil\u00edbrio, o budismo moldou n\u00e3o apenas pr\u00e1ticas espirituais, mas tamb\u00e9m as celebra\u00e7\u00f5es e festividades em muitos pa\u00edses. <\/p>\n\n\n\n<h2 class=\"wp-block-heading\">A influ\u00eancia do budismo nas festividades<\/h2>\n\n\n\n<p class=\"wp-block-paragraph\">O budismo foi fundado por Siddhartha Gautama, conhecido como Buda, no s\u00e9culo V a.C. na \u00cdndia. Seus ensinamentos centram-se na busca pela ilumina\u00e7\u00e3o atrav\u00e9s da pr\u00e1tica da \u00e9tica, da medita\u00e7\u00e3o e da sabedoria. Com a propaga\u00e7\u00e3o do budismo para fora da \u00cdndia, esses princ\u00edpios foram integrados em v\u00e1rias culturas e tradi\u00e7\u00f5es locais, resultando em uma rica diversidade de pr\u00e1ticas e festividades associadas ao budismo.<\/p>\n\n\n\n<figure class=\"wp-block-image size-full is-resized\"><img loading=\"lazy\" decoding=\"async\" width=\"740\" height=\"493\" src=\"https:\/\/www.oracaoefe.com\/wp-content\/uploads\/2024\/08\/image.png\" alt=\"\" class=\"wp-image-3008\" style=\"width:840px;height:auto\" srcset=\"https:\/\/www.oracaoefe.com\/wp-content\/uploads\/2024\/08\/image.png 740w, https:\/\/www.oracaoefe.com\/wp-content\/uploads\/2024\/08\/image-300x200.png 300w, https:\/\/www.oracaoefe.com\/wp-content\/uploads\/2024\/08\/image-18x12.png 18w\" sizes=\"auto, (max-width: 740px) 100vw, 740px\" \/><\/figure>\n\n\n\n<p class=\"wp-block-paragraph\">As festividades budistas s\u00e3o frequentemente marcadas por rituais que celebram eventos importantes na vida de Buda, como seu nascimento, ilumina\u00e7\u00e3o e morte, bem como por celebra\u00e7\u00f5es que refletem a pr\u00e1tica espiritual e a busca pela ilumina\u00e7\u00e3o. Essas festividades variam significativamente de um pa\u00eds para outro, refletindo a adapta\u00e7\u00e3o das tradi\u00e7\u00f5es budistas \u00e0s culturas locais.<\/p>\n\n\n\n<h2 class=\"wp-block-heading\">Festividades budistas na \u00c1sia<\/h2>\n\n\n\n<h3 class=\"wp-block-heading\">1. <strong>Buda Jayanti (Vesak) \u2013 \u00cdndia e Sri Lanka<\/strong><\/h3>\n\n\n\n<p class=\"wp-block-paragraph\">Na \u00cdndia e no Sri Lanka, uma das festividades budistas mais importantes \u00e9 o Buda Jayanti, tamb\u00e9m conhecido como Vesak. Esta celebra\u00e7\u00e3o marca o nascimento, a ilumina\u00e7\u00e3o e o falecimento de Buda. O Vesak ocorre geralmente em maio ou junho, de acordo com o calend\u00e1rio lunar.<\/p>\n\n\n\n<p class=\"wp-block-paragraph\">Durante o Vesak, os budistas participam de diversas atividades, como cerim\u00f4nias em templos, oferendas de flores e velas, e atos de caridade. As cidades e vilarejos s\u00e3o decorados com lanternas e bandeiras, e h\u00e1 uma atmosfera de devo\u00e7\u00e3o e reflex\u00e3o. Al\u00e9m disso, muitos budistas fazem jejum e meditam para aprofundar sua pr\u00e1tica espiritual.<\/p>\n\n\n\n<h3 class=\"wp-block-heading\">2. <strong>Boun Pi Mai \u2013 Laos<\/strong><\/h3>\n\n\n\n<p class=\"wp-block-paragraph\">No Laos, o festival Boun Pi Mai, tamb\u00e9m conhecido como o Ano Novo Lao, \u00e9 uma festividade significativa com profundas ra\u00edzes budistas. Celebrado em abril, o festival \u00e9 uma oportunidade para limpar o passado e come\u00e7ar um novo ano com boas energias.<\/p>\n\n\n\n<p class=\"wp-block-paragraph\">As celebra\u00e7\u00f5es incluem rituais de purifica\u00e7\u00e3o, onde os participantes despejam \u00e1gua nas m\u00e3os uns dos outros como s\u00edmbolo de boas inten\u00e7\u00f5es e limpeza espiritual. Al\u00e9m disso, h\u00e1 cerim\u00f4nias em templos, onde os fi\u00e9is fazem oferendas e participam de rituais para garantir boa sorte e prosperidade no ano que se inicia.<\/p>\n\n\n\n<h3 class=\"wp-block-heading\">3. <strong>Loy Krathong \u2013 Tail\u00e2ndia<\/strong><\/h3>\n\n\n\n<p class=\"wp-block-paragraph\">O festival Loy Krathong \u00e9 uma das celebra\u00e7\u00f5es budistas mais famosas da Tail\u00e2ndia, realizada em novembro. O evento \u00e9 conhecido por sua beleza c\u00eanica, com milhares de pequenos barcos de flores (krathongs) sendo lan\u00e7ados em rios, lagos e canais.<\/p>\n\n\n\n<p class=\"wp-block-paragraph\">Durante o Loy Krathong, os tailandeses fazem oferendas aos esp\u00edritos da \u00e1gua e pedem desculpas pelos danos causados \u00e0 natureza. \u00c9 um momento de reflex\u00e3o e gratid\u00e3o, e as lanternas flutuantes e os krathongs s\u00e3o s\u00edmbolos de desejos e esperan\u00e7as para o futuro. A celebra\u00e7\u00e3o \u00e9 um exemplo de como a tradi\u00e7\u00e3o budista pode ser incorporada em festividades populares.<\/p>\n\n\n\n<h2 class=\"wp-block-heading\">Festividades budistas fora da \u00c1sia<\/h2>\n\n\n\n<h3 class=\"wp-block-heading\">4. <strong>Buddha's Birthday \u2013 Estados Unidos<\/strong><\/h3>\n\n\n\n<p class=\"wp-block-paragraph\">Nos Estados Unidos, onde h\u00e1 uma grande diversidade cultural e religiosa, o anivers\u00e1rio de Buda (Buddha's Birthday) \u00e9 celebrado por comunidades budistas em v\u00e1rias cidades. A data \u00e9 comemorada em diferentes momentos, dependendo da tradi\u00e7\u00e3o budista seguida, mas geralmente ocorre na primavera.<\/p>\n\n\n\n<p class=\"wp-block-paragraph\">As celebra\u00e7\u00f5es incluem cerim\u00f4nias em templos, medita\u00e7\u00e3o em grupo e eventos comunit\u00e1rios. Em algumas cidades, h\u00e1 desfiles e feiras que apresentam a cultura budista e promovem a compreens\u00e3o entre diferentes comunidades. Essas celebra\u00e7\u00f5es ajudam a divulgar os ensinamentos budistas e a fortalecer os la\u00e7os entre os membros da comunidade.<\/p>\n\n\n\n<h3 class=\"wp-block-heading\">5. <strong>Festival de Dharma \u2013 Brasil<\/strong><\/h3>\n\n\n\n<p class=\"wp-block-paragraph\">No Brasil, onde o budismo \u00e9 uma religi\u00e3o minorit\u00e1ria, festividades como o Festival de Dharma s\u00e3o uma oportunidade para os praticantes se reunirem e celebrarem os ensinamentos de Buda. Este festival \u00e9 organizado por comunidades budistas e geralmente inclui palestras, medita\u00e7\u00e3o, e atividades culturais.<\/p>\n\n\n\n<p class=\"wp-block-paragraph\">O Festival de Dharma visa promover a pr\u00e1tica budista e oferecer um espa\u00e7o para a reflex\u00e3o e a pr\u00e1tica espiritual. \u00c9 um exemplo de como as tradi\u00e7\u00f5es budistas podem ser adaptadas e celebradas em diferentes contextos culturais, mesmo fora de seu pa\u00eds de origem.<\/p>\n\n\n\n<h2 class=\"wp-block-heading\">Impacto cultural e social das festividades budistas<\/h2>\n\n\n\n<p class=\"wp-block-paragraph\">As festividades budistas desempenham um papel importante na promo\u00e7\u00e3o da compreens\u00e3o e da harmonia entre diferentes culturas e religi\u00f5es. Atrav\u00e9s de celebra\u00e7\u00f5es e rituais, os princ\u00edpios do budismo, como a compaix\u00e3o, a paz e a sabedoria, s\u00e3o compartilhados com um p\u00fablico mais amplo. Essas festividades ajudam a promover uma maior aceita\u00e7\u00e3o e respeito pela diversidade cultural e religiosa.<\/p>\n\n\n\n<h3 class=\"wp-block-heading\">Preserva\u00e7\u00e3o das Tradi\u00e7\u00f5es<\/h3>\n\n\n\n<p class=\"wp-block-paragraph\">As festividades tamb\u00e9m desempenham um papel crucial na preserva\u00e7\u00e3o das tradi\u00e7\u00f5es budistas e na transmiss\u00e3o dos ensinamentos de gera\u00e7\u00e3o em gera\u00e7\u00e3o. Ao celebrar eventos importantes na vida de Buda e praticar rituais tradicionais, as comunidades budistas mant\u00eam vivas suas tradi\u00e7\u00f5es e valores, garantindo que esses aspectos culturais sejam passados adiante.<\/p>\n\n\n\n<h3 class=\"wp-block-heading\">Fomento ao Engajamento Comunit\u00e1rio<\/h3>\n\n\n\n<p class=\"wp-block-paragraph\">As festividades budistas frequentemente envolvem a participa\u00e7\u00e3o ativa da comunidade, promovendo a coes\u00e3o social e o engajamento. As celebra\u00e7\u00f5es proporcionam oportunidades para que os membros da comunidade se re\u00fanam, trabalhem juntos e compartilhem experi\u00eancias espirituais, fortalecendo os la\u00e7os comunit\u00e1rios e promovendo a colabora\u00e7\u00e3o e o apoio m\u00fatuo.<\/p>\n\n\n\n<h2 class=\"wp-block-heading\">A influ\u00eancia do budismo nas festividades globais<\/h2>\n\n\n\n<p class=\"wp-block-paragraph\">A tradi\u00e7\u00e3o budista tem um impacto profundo e diversificado nas festividades ao redor do mundo. Desde a celebra\u00e7\u00e3o do Vesak na \u00cdndia e Sri Lanka at\u00e9 o Loy Krathong na Tail\u00e2ndia e festivais budistas em pa\u00edses fora da \u00c1sia, os princ\u00edpios budistas de ilumina\u00e7\u00e3o, compaix\u00e3o e equil\u00edbrio continuam a moldar e inspirar celebra\u00e7\u00f5es culturais e religiosas.<\/p>\n\n\n\n<p class=\"wp-block-paragraph\">Essas festividades n\u00e3o apenas refletem a rica heran\u00e7a do budismo, mas tamb\u00e9m ajudam a promover uma maior compreens\u00e3o e aprecia\u00e7\u00e3o entre diferentes culturas e tradi\u00e7\u00f5es. Ao celebrar e praticar os ensinamentos de Buda, as comunidades ao redor do mundo contribuem para a preserva\u00e7\u00e3o e dissemina\u00e7\u00e3o dessas valiosas tradi\u00e7\u00f5es, garantindo que o legado do budismo continue a enriquecer a vida de pessoas em todo o globo.<\/p>\n\n\n\n<p class=\"wp-block-paragraph\"><strong>Voir aussi\u00a0: <a href=\"https:\/\/www.oracaoefe.com\/fr\/oracao-para-acalmar-uma-pessoa-urgente\/\">Ora\u00e7\u00e3o para acalmar uma pessoa urgente<\/a><\/strong><\/p>\n\n\n\n<p class=\"wp-block-paragraph\">19 de agosto de 2024<\/p>","protected":false},"excerpt":{"rendered":"<p>A tradi\u00e7\u00e3o budista, que se originou na \u00cdndia h\u00e1 mais de dois mil anos, exerce uma influ\u00eancia significativa em v\u00e1rias culturas e festividades ao redor do mundo. Com suas ra\u00edzes profundas em ensinamentos sobre ilumina\u00e7\u00e3o, compaix\u00e3o e equil\u00edbrio, o budismo moldou n\u00e3o apenas pr\u00e1ticas espirituais, mas tamb\u00e9m as celebra\u00e7\u00f5es e festividades em muitos pa\u00edses. A&hellip;&nbsp;<\/p>","protected":false},"author":3,"featured_media":3008,"comment_status":"closed","ping_status":"closed","sticky":false,"template":"","format":"standard","meta":{"neve_meta_sidebar":"","neve_meta_container":"","neve_meta_enable_content_width":"","neve_meta_content_width":0,"neve_meta_title_alignment":"","neve_meta_author_avatar":"","neve_post_elements_order":"","neve_meta_disable_header":"","neve_meta_disable_footer":"","neve_meta_disable_title":"","footnotes":""},"categories":[1],"tags":[],"class_list":["post-2988","post","type-post","status-publish","format-standard","has-post-thumbnail","hentry","category-curiosidades"],"yoast_head":"<!-- This site is optimized with the Yoast SEO plugin v28.4 - https:\/\/yoast.com\/product\/yoast-seo-wordpress\/ -->\n<title>Como a tradi\u00e7\u00e3o budista influencia festividades em diferentes pa\u00edses - Ora\u00e7\u00e3o e F\u00e9<\/title>\n<meta name=\"description\" content=\"Deus tem pra voc\u00ea uma palavra de vida!\" \/>\n<meta name=\"robots\" content=\"index, follow, max-snippet:-1, max-image-preview:large, max-video-preview:-1\" \/>\n<link rel=\"canonical\" href=\"https:\/\/www.oracaoefe.com\/fr\/como-a-tradicao-budista-influencia-festividades-em-diferentes-paises\/\" \/>\n<meta property=\"og:locale\" content=\"fr_FR\" \/>\n<meta property=\"og:type\" content=\"article\" \/>\n<meta property=\"og:title\" content=\"Como a tradi\u00e7\u00e3o budista influencia festividades em diferentes pa\u00edses - Ora\u00e7\u00e3o e F\u00e9\" \/>\n<meta property=\"og:description\" content=\"Deus tem pra voc\u00ea uma palavra de vida!\" \/>\n<meta property=\"og:url\" content=\"https:\/\/www.oracaoefe.com\/fr\/como-a-tradicao-budista-influencia-festividades-em-diferentes-paises\/\" \/>\n<meta property=\"og:site_name\" content=\"Ora\u00e7\u00e3o e F\u00e9\" \/>\n<meta property=\"article:published_time\" content=\"2024-08-19T23:01:14+00:00\" \/>\n<meta property=\"og:image\" content=\"https:\/\/www.oracaoefe.com\/wp-content\/uploads\/2024\/08\/image.png\" \/>\n\t<meta property=\"og:image:width\" content=\"740\" \/>\n\t<meta property=\"og:image:height\" content=\"493\" \/>\n\t<meta property=\"og:image:type\" content=\"image\/png\" \/>\n<meta name=\"author\" content=\"Michele Azevedo\" \/>\n<meta name=\"twitter:card\" content=\"summary_large_image\" \/>\n<meta name=\"twitter:label1\" content=\"\u00c9crit par\" \/>\n\t<meta name=\"twitter:data1\" content=\"Michele Azevedo\" \/>\n\t<meta name=\"twitter:label2\" content=\"Dur\u00e9e de lecture estim\u00e9e\" \/>\n\t<meta name=\"twitter:data2\" content=\"6 minutes\" \/>\n<script type=\"application\/ld+json\" class=\"yoast-schema-graph\">{\"@context\":\"https:\\\/\\\/schema.org\",\"@graph\":[{\"@type\":\"Article\",\"@id\":\"https:\\\/\\\/www.oracaoefe.com\\\/como-a-tradicao-budista-influencia-festividades-em-diferentes-paises\\\/#article\",\"isPartOf\":{\"@id\":\"https:\\\/\\\/www.oracaoefe.com\\\/como-a-tradicao-budista-influencia-festividades-em-diferentes-paises\\\/\"},\"author\":{\"name\":\"Michele Azevedo\",\"@id\":\"https:\\\/\\\/www.oracaoefe.com\\\/#\\\/schema\\\/person\\\/17283c669442cf005c4d5bb58adfb7f5\"},\"headline\":\"Como a tradi\u00e7\u00e3o budista influencia festividades em diferentes pa\u00edses\",\"datePublished\":\"2024-08-19T23:01:14+00:00\",\"mainEntityOfPage\":{\"@id\":\"https:\\\/\\\/www.oracaoefe.com\\\/como-a-tradicao-budista-influencia-festividades-em-diferentes-paises\\\/\"},\"wordCount\":1122,\"image\":{\"@id\":\"https:\\\/\\\/www.oracaoefe.com\\\/como-a-tradicao-budista-influencia-festividades-em-diferentes-paises\\\/#primaryimage\"},\"thumbnailUrl\":\"https:\\\/\\\/www.oracaoefe.com\\\/wp-content\\\/uploads\\\/2024\\\/08\\\/image.png\",\"articleSection\":[\"Curiosidades\"],\"inLanguage\":\"fr-FR\"},{\"@type\":\"WebPage\",\"@id\":\"https:\\\/\\\/www.oracaoefe.com\\\/como-a-tradicao-budista-influencia-festividades-em-diferentes-paises\\\/\",\"url\":\"https:\\\/\\\/www.oracaoefe.com\\\/como-a-tradicao-budista-influencia-festividades-em-diferentes-paises\\\/\",\"name\":\"Como a tradi\u00e7\u00e3o budista influencia festividades em diferentes pa\u00edses - Ora\u00e7\u00e3o e F\u00e9\",\"isPartOf\":{\"@id\":\"https:\\\/\\\/www.oracaoefe.com\\\/#website\"},\"primaryImageOfPage\":{\"@id\":\"https:\\\/\\\/www.oracaoefe.com\\\/como-a-tradicao-budista-influencia-festividades-em-diferentes-paises\\\/#primaryimage\"},\"image\":{\"@id\":\"https:\\\/\\\/www.oracaoefe.com\\\/como-a-tradicao-budista-influencia-festividades-em-diferentes-paises\\\/#primaryimage\"},\"thumbnailUrl\":\"https:\\\/\\\/www.oracaoefe.com\\\/wp-content\\\/uploads\\\/2024\\\/08\\\/image.png\",\"datePublished\":\"2024-08-19T23:01:14+00:00\",\"author\":{\"@id\":\"https:\\\/\\\/www.oracaoefe.com\\\/#\\\/schema\\\/person\\\/17283c669442cf005c4d5bb58adfb7f5\"},\"description\":\"Deus tem pra voc\u00ea uma palavra de vida!\",\"breadcrumb\":{\"@id\":\"https:\\\/\\\/www.oracaoefe.com\\\/como-a-tradicao-budista-influencia-festividades-em-diferentes-paises\\\/#breadcrumb\"},\"inLanguage\":\"fr-FR\",\"potentialAction\":[{\"@type\":\"ReadAction\",\"target\":[\"https:\\\/\\\/www.oracaoefe.com\\\/como-a-tradicao-budista-influencia-festividades-em-diferentes-paises\\\/\"]}]},{\"@type\":\"ImageObject\",\"inLanguage\":\"fr-FR\",\"@id\":\"https:\\\/\\\/www.oracaoefe.com\\\/como-a-tradicao-budista-influencia-festividades-em-diferentes-paises\\\/#primaryimage\",\"url\":\"https:\\\/\\\/www.oracaoefe.com\\\/wp-content\\\/uploads\\\/2024\\\/08\\\/image.png\",\"contentUrl\":\"https:\\\/\\\/www.oracaoefe.com\\\/wp-content\\\/uploads\\\/2024\\\/08\\\/image.png\",\"width\":740,\"height\":493},{\"@type\":\"BreadcrumbList\",\"@id\":\"https:\\\/\\\/www.oracaoefe.com\\\/como-a-tradicao-budista-influencia-festividades-em-diferentes-paises\\\/#breadcrumb\",\"itemListElement\":[{\"@type\":\"ListItem\",\"position\":1,\"name\":\"Home\",\"item\":\"https:\\\/\\\/www.oracaoefe.com\\\/\"},{\"@type\":\"ListItem\",\"position\":2,\"name\":\"Curiosidades\",\"item\":\"https:\\\/\\\/www.oracaoefe.com\\\/es\\\/categoria\\\/curiosidades\\\/\"},{\"@type\":\"ListItem\",\"position\":3,\"name\":\"Como a tradi\u00e7\u00e3o budista influencia festividades em diferentes pa\u00edses\"}]},{\"@type\":\"WebSite\",\"@id\":\"https:\\\/\\\/www.oracaoefe.com\\\/#website\",\"url\":\"https:\\\/\\\/www.oracaoefe.com\\\/\",\"name\":\"Ora\u00e7\u00e3o e F\u00e9\",\"description\":\"\",\"potentialAction\":[{\"@type\":\"SearchAction\",\"target\":{\"@type\":\"EntryPoint\",\"urlTemplate\":\"https:\\\/\\\/www.oracaoefe.com\\\/?s={search_term_string}\"},\"query-input\":{\"@type\":\"PropertyValueSpecification\",\"valueRequired\":true,\"valueName\":\"search_term_string\"}}],\"inLanguage\":\"fr-FR\"},{\"@type\":\"Person\",\"@id\":\"https:\\\/\\\/www.oracaoefe.com\\\/#\\\/schema\\\/person\\\/17283c669442cf005c4d5bb58adfb7f5\",\"name\":\"Michele Azevedo\",\"image\":{\"@type\":\"ImageObject\",\"inLanguage\":\"fr-FR\",\"@id\":\"https:\\\/\\\/secure.gravatar.com\\\/avatar\\\/6b0eb9d22841282815e2cd856a0061c45e1761cd54b22e952d98c4746939aa85?s=96&d=mm&r=g\",\"url\":\"https:\\\/\\\/secure.gravatar.com\\\/avatar\\\/6b0eb9d22841282815e2cd856a0061c45e1761cd54b22e952d98c4746939aa85?s=96&d=mm&r=g\",\"contentUrl\":\"https:\\\/\\\/secure.gravatar.com\\\/avatar\\\/6b0eb9d22841282815e2cd856a0061c45e1761cd54b22e952d98c4746939aa85?s=96&d=mm&r=g\",\"caption\":\"Michele Azevedo\"},\"description\":\"Formada em Letras - Portugu\u00eas\\\/ Ingl\u00eas pela Universidade Estadual de Ponta Grossa (UEPG), p\u00f3s-graduada em Arte na Educa\u00e7\u00e3o (FAPI) e Psicopedagogia Escolar (FAPI), idealizadora e propriet\u00e1ria do site Escritora de Sucesso, possui experi\u00eancia em escrita para blogs em geral e atua como redatora e revisora dos conte\u00fados do Ora\u00e7\u00e3o e F\u00e9.\",\"url\":\"https:\\\/\\\/www.oracaoefe.com\\\/fr\\\/author\\\/michele-azevedo\\\/\"}]}<\/script>\n<!-- \/ Yoast SEO plugin. -->","yoast_head_json":{"title":"Como a tradi\u00e7\u00e3o budista influencia festividades em diferentes pa\u00edses - Ora\u00e7\u00e3o e F\u00e9","description":"Dieu a une parole de vie pour vous !","robots":{"index":"index","follow":"follow","max-snippet":"max-snippet:-1","max-image-preview":"max-image-preview:large","max-video-preview":"max-video-preview:-1"},"canonical":"https:\/\/www.oracaoefe.com\/fr\/como-a-tradicao-budista-influencia-festividades-em-diferentes-paises\/","og_locale":"fr_FR","og_type":"article","og_title":"Como a tradi\u00e7\u00e3o budista influencia festividades em diferentes pa\u00edses - Ora\u00e7\u00e3o e F\u00e9","og_description":"Deus tem pra voc\u00ea uma palavra de vida!","og_url":"https:\/\/www.oracaoefe.com\/fr\/como-a-tradicao-budista-influencia-festividades-em-diferentes-paises\/","og_site_name":"Ora\u00e7\u00e3o e F\u00e9","article_published_time":"2024-08-19T23:01:14+00:00","og_image":[{"width":740,"height":493,"url":"https:\/\/www.oracaoefe.com\/wp-content\/uploads\/2024\/08\/image.png","type":"image\/png"}],"author":"Michele Azevedo","twitter_card":"summary_large_image","twitter_misc":{"\u00c9crit par":"Michele Azevedo","Dur\u00e9e de lecture estim\u00e9e":"6 minutes"},"schema":{"@context":"https:\/\/schema.org","@graph":[{"@type":"Article","@id":"https:\/\/www.oracaoefe.com\/como-a-tradicao-budista-influencia-festividades-em-diferentes-paises\/#article","isPartOf":{"@id":"https:\/\/www.oracaoefe.com\/como-a-tradicao-budista-influencia-festividades-em-diferentes-paises\/"},"author":{"name":"Michele Azevedo","@id":"https:\/\/www.oracaoefe.com\/#\/schema\/person\/17283c669442cf005c4d5bb58adfb7f5"},"headline":"Como a tradi\u00e7\u00e3o budista influencia festividades em diferentes pa\u00edses","datePublished":"2024-08-19T23:01:14+00:00","mainEntityOfPage":{"@id":"https:\/\/www.oracaoefe.com\/como-a-tradicao-budista-influencia-festividades-em-diferentes-paises\/"},"wordCount":1122,"image":{"@id":"https:\/\/www.oracaoefe.com\/como-a-tradicao-budista-influencia-festividades-em-diferentes-paises\/#primaryimage"},"thumbnailUrl":"https:\/\/www.oracaoefe.com\/wp-content\/uploads\/2024\/08\/image.png","articleSection":["Curiosidades"],"inLanguage":"fr-FR"},{"@type":"WebPage","@id":"https:\/\/www.oracaoefe.com\/como-a-tradicao-budista-influencia-festividades-em-diferentes-paises\/","url":"https:\/\/www.oracaoefe.com\/como-a-tradicao-budista-influencia-festividades-em-diferentes-paises\/","name":"Como a tradi\u00e7\u00e3o budista influencia festividades em diferentes pa\u00edses - Ora\u00e7\u00e3o e F\u00e9","isPartOf":{"@id":"https:\/\/www.oracaoefe.com\/#website"},"primaryImageOfPage":{"@id":"https:\/\/www.oracaoefe.com\/como-a-tradicao-budista-influencia-festividades-em-diferentes-paises\/#primaryimage"},"image":{"@id":"https:\/\/www.oracaoefe.com\/como-a-tradicao-budista-influencia-festividades-em-diferentes-paises\/#primaryimage"},"thumbnailUrl":"https:\/\/www.oracaoefe.com\/wp-content\/uploads\/2024\/08\/image.png","datePublished":"2024-08-19T23:01:14+00:00","author":{"@id":"https:\/\/www.oracaoefe.com\/#\/schema\/person\/17283c669442cf005c4d5bb58adfb7f5"},"description":"Dieu a une parole de vie pour vous !","breadcrumb":{"@id":"https:\/\/www.oracaoefe.com\/como-a-tradicao-budista-influencia-festividades-em-diferentes-paises\/#breadcrumb"},"inLanguage":"fr-FR","potentialAction":[{"@type":"ReadAction","target":["https:\/\/www.oracaoefe.com\/como-a-tradicao-budista-influencia-festividades-em-diferentes-paises\/"]}]},{"@type":"ImageObject","inLanguage":"fr-FR","@id":"https:\/\/www.oracaoefe.com\/como-a-tradicao-budista-influencia-festividades-em-diferentes-paises\/#primaryimage","url":"https:\/\/www.oracaoefe.com\/wp-content\/uploads\/2024\/08\/image.png","contentUrl":"https:\/\/www.oracaoefe.com\/wp-content\/uploads\/2024\/08\/image.png","width":740,"height":493},{"@type":"BreadcrumbList","@id":"https:\/\/www.oracaoefe.com\/como-a-tradicao-budista-influencia-festividades-em-diferentes-paises\/#breadcrumb","itemListElement":[{"@type":"ListItem","position":1,"name":"Home","item":"https:\/\/www.oracaoefe.com\/"},{"@type":"ListItem","position":2,"name":"Curiosidades","item":"https:\/\/www.oracaoefe.com\/es\/categoria\/curiosidades\/"},{"@type":"ListItem","position":3,"name":"Como a tradi\u00e7\u00e3o budista influencia festividades em diferentes pa\u00edses"}]},{"@type":"WebSite","@id":"https:\/\/www.oracaoefe.com\/#website","url":"https:\/\/www.oracaoefe.com\/","name":"Pri\u00e8re et foi","description":"","potentialAction":[{"@type":"SearchAction","target":{"@type":"EntryPoint","urlTemplate":"https:\/\/www.oracaoefe.com\/?s={search_term_string}"},"query-input":{"@type":"PropertyValueSpecification","valueRequired":true,"valueName":"search_term_string"}}],"inLanguage":"fr-FR"},{"@type":"Person","@id":"https:\/\/www.oracaoefe.com\/#\/schema\/person\/17283c669442cf005c4d5bb58adfb7f5","name":"Michele Azevedo","image":{"@type":"ImageObject","inLanguage":"fr-FR","@id":"https:\/\/secure.gravatar.com\/avatar\/6b0eb9d22841282815e2cd856a0061c45e1761cd54b22e952d98c4746939aa85?s=96&d=mm&r=g","url":"https:\/\/secure.gravatar.com\/avatar\/6b0eb9d22841282815e2cd856a0061c45e1761cd54b22e952d98c4746939aa85?s=96&d=mm&r=g","contentUrl":"https:\/\/secure.gravatar.com\/avatar\/6b0eb9d22841282815e2cd856a0061c45e1761cd54b22e952d98c4746939aa85?s=96&d=mm&r=g","caption":"Michele Azevedo"},"description":"Dipl\u00f4m\u00e9e en litt\u00e9rature portugaise\/anglaise de l&#039;Universit\u00e9 d&#039;\u00c9tat de Ponta Grossa (UEPG), avec des dipl\u00f4mes de troisi\u00e8me cycle en art dans l&#039;\u00e9ducation (FAPI) et en psychop\u00e9dagogie scolaire (FAPI), elle est la cr\u00e9atrice et propri\u00e9taire du site web Escritora de Sucesso, a de l&#039;exp\u00e9rience dans l&#039;\u00e9criture pour les blogs en g\u00e9n\u00e9ral et travaille comme r\u00e9dactrice et \u00e9ditrice du contenu pour Ora\u00e7\u00e3o e F\u00e9.","url":"https:\/\/www.oracaoefe.com\/fr\/author\/michele-azevedo\/"}]}},"_links":{"self":[{"href":"https:\/\/www.oracaoefe.com\/fr\/wp-json\/wp\/v2\/posts\/2988","targetHints":{"allow":["GET"]}}],"collection":[{"href":"https:\/\/www.oracaoefe.com\/fr\/wp-json\/wp\/v2\/posts"}],"about":[{"href":"https:\/\/www.oracaoefe.com\/fr\/wp-json\/wp\/v2\/types\/post"}],"author":[{"embeddable":true,"href":"https:\/\/www.oracaoefe.com\/fr\/wp-json\/wp\/v2\/users\/3"}],"replies":[{"embeddable":true,"href":"https:\/\/www.oracaoefe.com\/fr\/wp-json\/wp\/v2\/comments?post=2988"}],"version-history":[{"count":2,"href":"https:\/\/www.oracaoefe.com\/fr\/wp-json\/wp\/v2\/posts\/2988\/revisions"}],"predecessor-version":[{"id":3009,"href":"https:\/\/www.oracaoefe.com\/fr\/wp-json\/wp\/v2\/posts\/2988\/revisions\/3009"}],"wp:featuredmedia":[{"embeddable":true,"href":"https:\/\/www.oracaoefe.com\/fr\/wp-json\/wp\/v2\/media\/3008"}],"wp:attachment":[{"href":"https:\/\/www.oracaoefe.com\/fr\/wp-json\/wp\/v2\/media?parent=2988"}],"wp:term":[{"taxonomy":"category","embeddable":true,"href":"https:\/\/www.oracaoefe.com\/fr\/wp-json\/wp\/v2\/categories?post=2988"},{"taxonomy":"post_tag","embeddable":true,"href":"https:\/\/www.oracaoefe.com\/fr\/wp-json\/wp\/v2\/tags?post=2988"}],"curies":[{"name":"wp","href":"https:\/\/api.w.org\/{rel}","templated":true}]}}