{"id":297,"date":"2022-09-24T22:04:42","date_gmt":"2022-09-25T01:04:42","guid":{"rendered":"https:\/\/www.oracaoefe.com\/?p=297"},"modified":"2022-09-25T16:26:09","modified_gmt":"2022-09-25T19:26:09","slug":"4-cuidados-necessarios-para-crescimento-da-fe","status":"publish","type":"post","link":"https:\/\/www.oracaoefe.com\/fr\/4-cuidados-necessarios-para-crescimento-da-fe\/","title":{"rendered":"4 soins n\u00e9cessaires \u00e0 la croissance de la foi"},"content":{"rendered":"<div class=\"wp-block-post-date\"><time datetime=\"2022-09-24T22:04:42-03:00\">24 septembre 2022<\/time><\/div>\n\n\n<p class=\"wp-block-paragraph\">A vida crist\u00e3 come\u00e7a com o novo nascimento e assim como os beb\u00eas, o novo crente tem necessidades vitais e fases de crescimento. Ele precisa ser amado, nutrido e nutrido para crescer e ser estabelecido como filho de Deus. Felizmente, ele pode contar com a ajuda do Esp\u00edrito Santo e da igreja local, que juntos o ajudar\u00e3o e responder\u00e3o \u00e0s suas necessidades.<\/p>\n\n\n\n<p class=\"wp-block-paragraph\">Na hora do novo nascimento, o novo crente j\u00e1 conta com o apoio de tr\u00eas elementos importantes.<\/p>\n\n\n\n<p class=\"wp-block-paragraph\">Ele primeiro se beneficia da reden\u00e7\u00e3o em Jesus Cristo, que lhe d\u00e1 uma nova identidade, ao contr\u00e1rio do que foi experimentado antes. O novo crente agora \u00e9 filho de Deus (Romanos 8.16) justificado pela f\u00e9 (Romanos 5.1), santificado (Ef\u00e9sios 2.19), glorificado (Colossenses 3.4), cidad\u00e3o do c\u00e9u (Filipenses 3.20), herdeiro de Deus (G\u00e1latas 4.7) e al\u00e9m disso.<\/p>\n\n\n\n<p class=\"wp-block-paragraph\">Assim como uma crian\u00e7a, ele aprender\u00e1 a dar os primeiros passos sob o olhar atento de Deus e da igreja. Atrav\u00e9s de sua caminhada, ele ter\u00e1 o privil\u00e9gio de experimentar ainda mais a gra\u00e7a de Deus, sofrer\u00e1 quedas, mas seu Pai Celestial tomar\u00e1 sua m\u00e3o e ele n\u00e3o ser\u00e1 abatido (Salmo 37.24).<\/p>\n\n\n\n<p class=\"wp-block-paragraph\">Ele n\u00e3o andar\u00e1 de acordo com o conselho dos \u00edmpios (Salmo 1:1), mas colocar\u00e1 seus pezinhos nos passos de Jesus, que \u00e9 o verdadeiro caminho (Jo\u00e3o 14:6). ele se levantar\u00e1 para andar no chamado caminho santo (Isa\u00edas 35.8) sem mover os antigos marcos (Prov\u00e9rbios 23.10) usando a Palavra de Deus como luz em seu caminho (Salmo 119.105).<\/p>\n\n\n\n<h2 class=\"wp-block-heading\">Os cuidados para crescimento da f\u00e9<\/h2>\n\n\n\n<p class=\"wp-block-paragraph\">Relembre que a F\u00c9 \u00e9 um dom de Deus. N\u00e3o \u00e9 do intelecto ou da nossa capacidade de fazer que a f\u00e9 vem. Voc\u00ea pode ent\u00e3o orar e pedir a Deus para aumentar sua f\u00e9, j\u00e1 que voc\u00ea j\u00e1 acredita. (Marcos 9:23-24)<\/p>\n\n\n\n<h3 class=\"wp-block-heading\">1. Medite na palavra de Deus<\/h3>\n\n\n\n<p class=\"wp-block-paragraph\">Como crist\u00e3o, voc\u00ea deve ler e meditar na Palavra de Deus, a cada dia que Deus lhe d\u00e1. Atrav\u00e9s da Palavra meditada, Deus fala com voc\u00ea, comunica seus pensamentos a voc\u00ea.&nbsp;<\/p>\n\n\n\n<p class=\"wp-block-paragraph\">Deus tamb\u00e9m te visita e se revela a voc\u00ea. A Palavra de Deus nutrir\u00e1 sua alma, fortalec\u00ea-la, anim\u00e1-la e revigor\u00e1-la. Da mesma forma que voc\u00ea cuida do seu corpo e o nutre, \u00e9 ainda mais importante cuidar da sua alma tamb\u00e9m.&nbsp;<\/p>\n\n\n\n<p class=\"wp-block-paragraph\">\u00c9 nisso que voc\u00ea crescer\u00e1 no conhecimento de Deus pela sua palavra e sua f\u00e9 crescer\u00e1. O Senhor tamb\u00e9m nos exorta sobre este assunto em Mateus 4:4 \u2013&nbsp; \u201cNem s\u00f3 de p\u00e3o viver\u00e1 o homem, mas de toda palavra que sai da boca de Deus\u201d.<\/p>\n\n\n\n<h3 class=\"wp-block-heading\">2. Coloque a palavra de Deus em pr\u00e1tica<\/h3>\n\n\n\n<p class=\"wp-block-paragraph\">Meditar nas Sagradas Escrituras \u00e9 bom, mas colocar em pr\u00e1tica o que Deus diz \u00e9 ainda melhor.<\/p>\n\n\n\n<p class=\"wp-block-paragraph\">Diante de um desafio, por exemplo, voc\u00ea sempre tem uma promessa de Deus. Uma adequada palavra de Deus ir\u00e1 acompanh\u00e1-lo, agarr\u00e1-la e coloc\u00e1-la em pr\u00e1tica. Desafios como prova\u00e7\u00f5es na vida s\u00e3o situa\u00e7\u00f5es que podem ajud\u00e1-lo a experimentar a palavra de Deus e crescer em sua f\u00e9.<\/p>\n\n\n\n<h3 class=\"wp-block-heading\">3. Uma vida de ora\u00e7\u00e3o constante<\/h3>\n\n\n\n<p class=\"wp-block-paragraph\">Tenha uma vida de ora\u00e7\u00e3o constante e regular. Seja grato ao seu Criador. Aben\u00e7oe-o em todos os momentos, em todos os lugares e em todas as circunst\u00e2ncias. Crie o h\u00e1bito de louvar a Deus porque Ele se convida para o meio da adora\u00e7\u00e3o.&nbsp;<\/p>\n\n\n\n<p class=\"wp-block-paragraph\">Fa\u00e7a do Esp\u00edrito Santo seu melhor aliado e seu fiel conselheiro. Habitue-se a buscar o rosto de Deus em sil\u00eancio e recolhimento, \u201caquele a um com Deus na intimidade de seu infinito amor por voc\u00ea\u201d. Desenvolva confian\u00e7a em Deus e em sua palavra.&nbsp;<\/p>\n\n\n\n<p class=\"wp-block-paragraph\">Confie tudo a Ele, fa\u00e7a-lhe perguntas, se necess\u00e1rio. Ele tem muito a lhe oferecer, mas seja fiel e paciente em sua presen\u00e7a, Deus o surpreender\u00e1 no momento inesperado e sua f\u00e9 crescer\u00e1 ainda mais.<\/p>\n\n\n\n<h3 class=\"wp-block-heading\">4. Medo e obedi\u00eancia<\/h3>\n\n\n\n<p class=\"wp-block-paragraph\">Conhecer a vontade de Deus e suas prioridades nos permite servi-lo melhor em temor e obedi\u00eancia. Voc\u00ea tem o favor de Deus praticando a obedi\u00eancia. Salmos 103:13 \u201cComo um pai se compadece de seus filhos, assim o Senhor se compadece daqueles que o temem\u201d.<\/p>","protected":false},"excerpt":{"rendered":"<p>A vida crist\u00e3 come\u00e7a com o novo nascimento e assim como os beb\u00eas, o novo crente tem necessidades vitais e fases de crescimento&#8230;<\/p>","protected":false},"author":1,"featured_media":347,"comment_status":"open","ping_status":"closed","sticky":false,"template":"","format":"standard","meta":{"neve_meta_sidebar":"","neve_meta_container":"","neve_meta_enable_content_width":"","neve_meta_content_width":0,"neve_meta_title_alignment":"","neve_meta_author_avatar":"","neve_post_elements_order":"","neve_meta_disable_header":"","neve_meta_disable_footer":"","neve_meta_disable_title":"","footnotes":""},"categories":[4],"tags":[20,29],"class_list":["post-297","post","type-post","status-publish","format-standard","has-post-thumbnail","hentry","category-fique-por-dentro","tag-deus","tag-fe"],"yoast_head":"<!-- This site is optimized with the Yoast SEO plugin v28.4 - https:\/\/yoast.com\/product\/yoast-seo-wordpress\/ -->\n<title>4 cuidados necess\u00e1rios para crescimento da f\u00e9 - Ora\u00e7\u00e3o e F\u00e9<\/title>\n<meta name=\"description\" content=\"A vida crist\u00e3 come\u00e7a com o novo nascimento e assim como os beb\u00eas, o novo crente tem necessidades vitais e fases de crescimento...\" \/>\n<meta name=\"robots\" content=\"index, follow, max-snippet:-1, max-image-preview:large, max-video-preview:-1\" \/>\n<link rel=\"canonical\" href=\"https:\/\/www.oracaoefe.com\/fr\/4-cuidados-necessarios-para-crescimento-da-fe\/\" \/>\n<meta property=\"og:locale\" content=\"fr_FR\" \/>\n<meta property=\"og:type\" content=\"article\" \/>\n<meta property=\"og:title\" content=\"4 cuidados necess\u00e1rios para crescimento da f\u00e9 - Ora\u00e7\u00e3o e F\u00e9\" \/>\n<meta property=\"og:description\" content=\"A vida crist\u00e3 come\u00e7a com o novo nascimento e assim como os beb\u00eas, o novo crente tem necessidades vitais e fases de crescimento...\" \/>\n<meta property=\"og:url\" content=\"https:\/\/www.oracaoefe.com\/fr\/4-cuidados-necessarios-para-crescimento-da-fe\/\" \/>\n<meta property=\"og:site_name\" content=\"Ora\u00e7\u00e3o e F\u00e9\" \/>\n<meta property=\"article:published_time\" content=\"2022-09-25T01:04:42+00:00\" \/>\n<meta property=\"article:modified_time\" content=\"2022-09-25T19:26:09+00:00\" \/>\n<meta property=\"og:image\" content=\"https:\/\/www.oracaoefe.com\/wp-content\/uploads\/2022\/09\/4-cuidados-necessarios-para-crescimento-da-fe.jpg\" \/>\n\t<meta property=\"og:image:width\" content=\"1200\" \/>\n\t<meta property=\"og:image:height\" content=\"675\" \/>\n\t<meta property=\"og:image:type\" content=\"image\/jpeg\" \/>\n<meta name=\"author\" content=\"Maria\" \/>\n<meta name=\"twitter:card\" content=\"summary_large_image\" \/>\n<meta name=\"twitter:label1\" content=\"\u00c9crit par\" \/>\n\t<meta name=\"twitter:data1\" content=\"Maria\" \/>\n\t<meta name=\"twitter:label2\" content=\"Dur\u00e9e de lecture estim\u00e9e\" \/>\n\t<meta name=\"twitter:data2\" content=\"3 minutes\" \/>\n<script type=\"application\/ld+json\" class=\"yoast-schema-graph\">{\"@context\":\"https:\\\/\\\/schema.org\",\"@graph\":[{\"@type\":\"Article\",\"@id\":\"https:\\\/\\\/www.oracaoefe.com\\\/4-cuidados-necessarios-para-crescimento-da-fe\\\/#article\",\"isPartOf\":{\"@id\":\"https:\\\/\\\/www.oracaoefe.com\\\/4-cuidados-necessarios-para-crescimento-da-fe\\\/\"},\"author\":{\"name\":\"Maria\",\"@id\":\"https:\\\/\\\/www.oracaoefe.com\\\/#\\\/schema\\\/person\\\/27873f1e6043866689f5091b5139f23d\"},\"headline\":\"4 cuidados necess\u00e1rios para crescimento da f\u00e9\",\"datePublished\":\"2022-09-25T01:04:42+00:00\",\"dateModified\":\"2022-09-25T19:26:09+00:00\",\"mainEntityOfPage\":{\"@id\":\"https:\\\/\\\/www.oracaoefe.com\\\/4-cuidados-necessarios-para-crescimento-da-fe\\\/\"},\"wordCount\":705,\"commentCount\":0,\"image\":{\"@id\":\"https:\\\/\\\/www.oracaoefe.com\\\/4-cuidados-necessarios-para-crescimento-da-fe\\\/#primaryimage\"},\"thumbnailUrl\":\"https:\\\/\\\/www.oracaoefe.com\\\/wp-content\\\/uploads\\\/2022\\\/09\\\/4-cuidados-necessarios-para-crescimento-da-fe.jpg\",\"keywords\":[\"Deus\",\"fe\"],\"articleSection\":[\"Fique por Dentro\"],\"inLanguage\":\"fr-FR\",\"potentialAction\":[{\"@type\":\"CommentAction\",\"name\":\"Comment\",\"target\":[\"https:\\\/\\\/www.oracaoefe.com\\\/4-cuidados-necessarios-para-crescimento-da-fe\\\/#respond\"]}]},{\"@type\":\"WebPage\",\"@id\":\"https:\\\/\\\/www.oracaoefe.com\\\/4-cuidados-necessarios-para-crescimento-da-fe\\\/\",\"url\":\"https:\\\/\\\/www.oracaoefe.com\\\/4-cuidados-necessarios-para-crescimento-da-fe\\\/\",\"name\":\"4 cuidados necess\u00e1rios para crescimento da f\u00e9 - Ora\u00e7\u00e3o e F\u00e9\",\"isPartOf\":{\"@id\":\"https:\\\/\\\/www.oracaoefe.com\\\/#website\"},\"primaryImageOfPage\":{\"@id\":\"https:\\\/\\\/www.oracaoefe.com\\\/4-cuidados-necessarios-para-crescimento-da-fe\\\/#primaryimage\"},\"image\":{\"@id\":\"https:\\\/\\\/www.oracaoefe.com\\\/4-cuidados-necessarios-para-crescimento-da-fe\\\/#primaryimage\"},\"thumbnailUrl\":\"https:\\\/\\\/www.oracaoefe.com\\\/wp-content\\\/uploads\\\/2022\\\/09\\\/4-cuidados-necessarios-para-crescimento-da-fe.jpg\",\"datePublished\":\"2022-09-25T01:04:42+00:00\",\"dateModified\":\"2022-09-25T19:26:09+00:00\",\"author\":{\"@id\":\"https:\\\/\\\/www.oracaoefe.com\\\/#\\\/schema\\\/person\\\/27873f1e6043866689f5091b5139f23d\"},\"description\":\"A vida crist\u00e3 come\u00e7a com o novo nascimento e assim como os beb\u00eas, o novo crente tem necessidades vitais e fases de crescimento...\",\"breadcrumb\":{\"@id\":\"https:\\\/\\\/www.oracaoefe.com\\\/4-cuidados-necessarios-para-crescimento-da-fe\\\/#breadcrumb\"},\"inLanguage\":\"fr-FR\",\"potentialAction\":[{\"@type\":\"ReadAction\",\"target\":[\"https:\\\/\\\/www.oracaoefe.com\\\/4-cuidados-necessarios-para-crescimento-da-fe\\\/\"]}]},{\"@type\":\"ImageObject\",\"inLanguage\":\"fr-FR\",\"@id\":\"https:\\\/\\\/www.oracaoefe.com\\\/4-cuidados-necessarios-para-crescimento-da-fe\\\/#primaryimage\",\"url\":\"https:\\\/\\\/www.oracaoefe.com\\\/wp-content\\\/uploads\\\/2022\\\/09\\\/4-cuidados-necessarios-para-crescimento-da-fe.jpg\",\"contentUrl\":\"https:\\\/\\\/www.oracaoefe.com\\\/wp-content\\\/uploads\\\/2022\\\/09\\\/4-cuidados-necessarios-para-crescimento-da-fe.jpg\",\"width\":1200,\"height\":675,\"caption\":\"4 cuidados necess\u00e1rios para crescimento da f\u00e9\"},{\"@type\":\"BreadcrumbList\",\"@id\":\"https:\\\/\\\/www.oracaoefe.com\\\/4-cuidados-necessarios-para-crescimento-da-fe\\\/#breadcrumb\",\"itemListElement\":[{\"@type\":\"ListItem\",\"position\":1,\"name\":\"Home\",\"item\":\"https:\\\/\\\/www.oracaoefe.com\\\/\"},{\"@type\":\"ListItem\",\"position\":2,\"name\":\"Fique por Dentro\",\"item\":\"https:\\\/\\\/www.oracaoefe.com\\\/category\\\/fique-por-dentro\\\/\"},{\"@type\":\"ListItem\",\"position\":3,\"name\":\"4 cuidados necess\u00e1rios para crescimento da f\u00e9\"}]},{\"@type\":\"WebSite\",\"@id\":\"https:\\\/\\\/www.oracaoefe.com\\\/#website\",\"url\":\"https:\\\/\\\/www.oracaoefe.com\\\/\",\"name\":\"Ora\u00e7\u00e3o e F\u00e9\",\"description\":\"\",\"potentialAction\":[{\"@type\":\"SearchAction\",\"target\":{\"@type\":\"EntryPoint\",\"urlTemplate\":\"https:\\\/\\\/www.oracaoefe.com\\\/?s={search_term_string}\"},\"query-input\":{\"@type\":\"PropertyValueSpecification\",\"valueRequired\":true,\"valueName\":\"search_term_string\"}}],\"inLanguage\":\"fr-FR\"},{\"@type\":\"Person\",\"@id\":\"https:\\\/\\\/www.oracaoefe.com\\\/#\\\/schema\\\/person\\\/27873f1e6043866689f5091b5139f23d\",\"name\":\"Maria\",\"image\":{\"@type\":\"ImageObject\",\"inLanguage\":\"fr-FR\",\"@id\":\"https:\\\/\\\/secure.gravatar.com\\\/avatar\\\/4cac5ea56d40d599bd7348d330a83b1c84cd229296d1613cd1c7f6740561d0c9?s=96&d=mm&r=g\",\"url\":\"https:\\\/\\\/secure.gravatar.com\\\/avatar\\\/4cac5ea56d40d599bd7348d330a83b1c84cd229296d1613cd1c7f6740561d0c9?s=96&d=mm&r=g\",\"contentUrl\":\"https:\\\/\\\/secure.gravatar.com\\\/avatar\\\/4cac5ea56d40d599bd7348d330a83b1c84cd229296d1613cd1c7f6740561d0c9?s=96&d=mm&r=g\",\"caption\":\"Maria\"},\"description\":\"Meu nome \u00e9 Maria e sou apaixonada por teologia, espiritualidade e estudos religiosos. H\u00e1 mais de 5 anos escrevo sobre o universo da f\u00e9, pesquisando diferentes religi\u00f5es, doutrinas, tradi\u00e7\u00f5es espirituais e curiosidades religiosas ao redor do mundo. Tenho grande interesse em compreender como a f\u00e9 e a religiosidade se manifestam em diferentes culturas, pa\u00edses e idiomas, sempre buscando aprender mais sobre os costumes, cren\u00e7as e hist\u00f3rias que influenciam milh\u00f5es de pessoas diariamente. Atualmente, atuo como redatora no portal Ora\u00e7\u00e3o e F\u00e9, onde compartilho conte\u00fados informativos, reflexivos e inspiradores voltados ao universo religioso e espiritual. Meu objetivo \u00e9 levar conhecimento, curiosidades e mensagens enriquecedoras para leitores que desejam aprofundar sua compreens\u00e3o sobre f\u00e9, religi\u00e3o e espiritualidade no mundo moderno.\",\"sameAs\":[\"https:\\\/\\\/www.oracaoefe.com\"],\"url\":\"https:\\\/\\\/www.oracaoefe.com\\\/fr\\\/author\\\/admin\\\/\"}]}<\/script>\n<!-- \/ Yoast SEO plugin. -->","yoast_head_json":{"title":"4 cuidados necess\u00e1rios para crescimento da f\u00e9 - Ora\u00e7\u00e3o e F\u00e9","description":"La vie chr\u00e9tienne commence par la nouvelle naissance et, tout comme les b\u00e9b\u00e9s, le nouveau croyant a des besoins vitaux et des \u00e9tapes de croissance...","robots":{"index":"index","follow":"follow","max-snippet":"max-snippet:-1","max-image-preview":"max-image-preview:large","max-video-preview":"max-video-preview:-1"},"canonical":"https:\/\/www.oracaoefe.com\/fr\/4-cuidados-necessarios-para-crescimento-da-fe\/","og_locale":"fr_FR","og_type":"article","og_title":"4 cuidados necess\u00e1rios para crescimento da f\u00e9 - Ora\u00e7\u00e3o e F\u00e9","og_description":"A vida crist\u00e3 come\u00e7a com o novo nascimento e assim como os beb\u00eas, o novo crente tem necessidades vitais e fases de crescimento...","og_url":"https:\/\/www.oracaoefe.com\/fr\/4-cuidados-necessarios-para-crescimento-da-fe\/","og_site_name":"Ora\u00e7\u00e3o e F\u00e9","article_published_time":"2022-09-25T01:04:42+00:00","article_modified_time":"2022-09-25T19:26:09+00:00","og_image":[{"width":1200,"height":675,"url":"https:\/\/www.oracaoefe.com\/wp-content\/uploads\/2022\/09\/4-cuidados-necessarios-para-crescimento-da-fe.jpg","type":"image\/jpeg"}],"author":"Maria","twitter_card":"summary_large_image","twitter_misc":{"\u00c9crit par":"Maria","Dur\u00e9e de lecture estim\u00e9e":"3 minutes"},"schema":{"@context":"https:\/\/schema.org","@graph":[{"@type":"Article","@id":"https:\/\/www.oracaoefe.com\/4-cuidados-necessarios-para-crescimento-da-fe\/#article","isPartOf":{"@id":"https:\/\/www.oracaoefe.com\/4-cuidados-necessarios-para-crescimento-da-fe\/"},"author":{"name":"Maria","@id":"https:\/\/www.oracaoefe.com\/#\/schema\/person\/27873f1e6043866689f5091b5139f23d"},"headline":"4 cuidados necess\u00e1rios para crescimento da f\u00e9","datePublished":"2022-09-25T01:04:42+00:00","dateModified":"2022-09-25T19:26:09+00:00","mainEntityOfPage":{"@id":"https:\/\/www.oracaoefe.com\/4-cuidados-necessarios-para-crescimento-da-fe\/"},"wordCount":705,"commentCount":0,"image":{"@id":"https:\/\/www.oracaoefe.com\/4-cuidados-necessarios-para-crescimento-da-fe\/#primaryimage"},"thumbnailUrl":"https:\/\/www.oracaoefe.com\/wp-content\/uploads\/2022\/09\/4-cuidados-necessarios-para-crescimento-da-fe.jpg","keywords":["Deus","fe"],"articleSection":["Fique por Dentro"],"inLanguage":"fr-FR","potentialAction":[{"@type":"CommentAction","name":"Comment","target":["https:\/\/www.oracaoefe.com\/4-cuidados-necessarios-para-crescimento-da-fe\/#respond"]}]},{"@type":"WebPage","@id":"https:\/\/www.oracaoefe.com\/4-cuidados-necessarios-para-crescimento-da-fe\/","url":"https:\/\/www.oracaoefe.com\/4-cuidados-necessarios-para-crescimento-da-fe\/","name":"4 cuidados necess\u00e1rios para crescimento da f\u00e9 - Ora\u00e7\u00e3o e F\u00e9","isPartOf":{"@id":"https:\/\/www.oracaoefe.com\/#website"},"primaryImageOfPage":{"@id":"https:\/\/www.oracaoefe.com\/4-cuidados-necessarios-para-crescimento-da-fe\/#primaryimage"},"image":{"@id":"https:\/\/www.oracaoefe.com\/4-cuidados-necessarios-para-crescimento-da-fe\/#primaryimage"},"thumbnailUrl":"https:\/\/www.oracaoefe.com\/wp-content\/uploads\/2022\/09\/4-cuidados-necessarios-para-crescimento-da-fe.jpg","datePublished":"2022-09-25T01:04:42+00:00","dateModified":"2022-09-25T19:26:09+00:00","author":{"@id":"https:\/\/www.oracaoefe.com\/#\/schema\/person\/27873f1e6043866689f5091b5139f23d"},"description":"La vie chr\u00e9tienne commence par la nouvelle naissance et, tout comme les b\u00e9b\u00e9s, le nouveau croyant a des besoins vitaux et des \u00e9tapes de croissance...","breadcrumb":{"@id":"https:\/\/www.oracaoefe.com\/4-cuidados-necessarios-para-crescimento-da-fe\/#breadcrumb"},"inLanguage":"fr-FR","potentialAction":[{"@type":"ReadAction","target":["https:\/\/www.oracaoefe.com\/4-cuidados-necessarios-para-crescimento-da-fe\/"]}]},{"@type":"ImageObject","inLanguage":"fr-FR","@id":"https:\/\/www.oracaoefe.com\/4-cuidados-necessarios-para-crescimento-da-fe\/#primaryimage","url":"https:\/\/www.oracaoefe.com\/wp-content\/uploads\/2022\/09\/4-cuidados-necessarios-para-crescimento-da-fe.jpg","contentUrl":"https:\/\/www.oracaoefe.com\/wp-content\/uploads\/2022\/09\/4-cuidados-necessarios-para-crescimento-da-fe.jpg","width":1200,"height":675,"caption":"4 cuidados necess\u00e1rios para crescimento da f\u00e9"},{"@type":"BreadcrumbList","@id":"https:\/\/www.oracaoefe.com\/4-cuidados-necessarios-para-crescimento-da-fe\/#breadcrumb","itemListElement":[{"@type":"ListItem","position":1,"name":"Home","item":"https:\/\/www.oracaoefe.com\/"},{"@type":"ListItem","position":2,"name":"Fique por Dentro","item":"https:\/\/www.oracaoefe.com\/category\/fique-por-dentro\/"},{"@type":"ListItem","position":3,"name":"4 cuidados necess\u00e1rios para crescimento da f\u00e9"}]},{"@type":"WebSite","@id":"https:\/\/www.oracaoefe.com\/#website","url":"https:\/\/www.oracaoefe.com\/","name":"Pri\u00e8re et foi","description":"","potentialAction":[{"@type":"SearchAction","target":{"@type":"EntryPoint","urlTemplate":"https:\/\/www.oracaoefe.com\/?s={search_term_string}"},"query-input":{"@type":"PropertyValueSpecification","valueRequired":true,"valueName":"search_term_string"}}],"inLanguage":"fr-FR"},{"@type":"Person","@id":"https:\/\/www.oracaoefe.com\/#\/schema\/person\/27873f1e6043866689f5091b5139f23d","name":"Maria","image":{"@type":"ImageObject","inLanguage":"fr-FR","@id":"https:\/\/secure.gravatar.com\/avatar\/4cac5ea56d40d599bd7348d330a83b1c84cd229296d1613cd1c7f6740561d0c9?s=96&d=mm&r=g","url":"https:\/\/secure.gravatar.com\/avatar\/4cac5ea56d40d599bd7348d330a83b1c84cd229296d1613cd1c7f6740561d0c9?s=96&d=mm&r=g","contentUrl":"https:\/\/secure.gravatar.com\/avatar\/4cac5ea56d40d599bd7348d330a83b1c84cd229296d1613cd1c7f6740561d0c9?s=96&d=mm&r=g","caption":"Maria"},"description":"Meu nome \u00e9 Maria e sou apaixonada por teologia, espiritualidade e estudos religiosos. H\u00e1 mais de 5 anos escrevo sobre o universo da f\u00e9, pesquisando diferentes religi\u00f5es, doutrinas, tradi\u00e7\u00f5es espirituais e curiosidades religiosas ao redor do mundo. Tenho grande interesse em compreender como a f\u00e9 e a religiosidade se manifestam em diferentes culturas, pa\u00edses e idiomas, sempre buscando aprender mais sobre os costumes, cren\u00e7as e hist\u00f3rias que influenciam milh\u00f5es de pessoas diariamente. Atualmente, atuo como redatora no portal Ora\u00e7\u00e3o e F\u00e9, onde compartilho conte\u00fados informativos, reflexivos e inspiradores voltados ao universo religioso e espiritual. Meu objetivo \u00e9 levar conhecimento, curiosidades e mensagens enriquecedoras para leitores que desejam aprofundar sua compreens\u00e3o sobre f\u00e9, religi\u00e3o e espiritualidade no mundo moderno.","sameAs":["https:\/\/www.oracaoefe.com"],"url":"https:\/\/www.oracaoefe.com\/fr\/author\/admin\/"}]}},"_links":{"self":[{"href":"https:\/\/www.oracaoefe.com\/fr\/wp-json\/wp\/v2\/posts\/297","targetHints":{"allow":["GET"]}}],"collection":[{"href":"https:\/\/www.oracaoefe.com\/fr\/wp-json\/wp\/v2\/posts"}],"about":[{"href":"https:\/\/www.oracaoefe.com\/fr\/wp-json\/wp\/v2\/types\/post"}],"author":[{"embeddable":true,"href":"https:\/\/www.oracaoefe.com\/fr\/wp-json\/wp\/v2\/users\/1"}],"replies":[{"embeddable":true,"href":"https:\/\/www.oracaoefe.com\/fr\/wp-json\/wp\/v2\/comments?post=297"}],"version-history":[{"count":2,"href":"https:\/\/www.oracaoefe.com\/fr\/wp-json\/wp\/v2\/posts\/297\/revisions"}],"predecessor-version":[{"id":348,"href":"https:\/\/www.oracaoefe.com\/fr\/wp-json\/wp\/v2\/posts\/297\/revisions\/348"}],"wp:featuredmedia":[{"embeddable":true,"href":"https:\/\/www.oracaoefe.com\/fr\/wp-json\/wp\/v2\/media\/347"}],"wp:attachment":[{"href":"https:\/\/www.oracaoefe.com\/fr\/wp-json\/wp\/v2\/media?parent=297"}],"wp:term":[{"taxonomy":"category","embeddable":true,"href":"https:\/\/www.oracaoefe.com\/fr\/wp-json\/wp\/v2\/categories?post=297"},{"taxonomy":"post_tag","embeddable":true,"href":"https:\/\/www.oracaoefe.com\/fr\/wp-json\/wp\/v2\/tags?post=297"}],"curies":[{"name":"wp","href":"https:\/\/api.w.org\/{rel}","templated":true}]}}