{"id":2969,"date":"2024-08-09T06:00:00","date_gmt":"2024-08-09T09:00:00","guid":{"rendered":"https:\/\/www.oracaoefe.com\/?p=2969"},"modified":"2024-07-26T15:46:06","modified_gmt":"2024-07-26T18:46:06","slug":"fe-e-acolhimento-como-a-espiritualidade-fortalece-familias-com-filhos-autistas","status":"publish","type":"post","link":"https:\/\/www.oracaoefe.com\/fr\/fe-e-acolhimento-como-a-espiritualidade-fortalece-familias-com-filhos-autistas\/","title":{"rendered":"F\u00e9 e acolhimento: como a espiritualidade fortalece fam\u00edlias com filhos autistas"},"content":{"rendered":"<p class=\"wp-block-paragraph\">No universo complexo das fam\u00edlias com filhos autistas, a espiritualidade desempenha um papel crucial que vai al\u00e9m das pr\u00e1ticas religiosas tradicionais. Ela pode ser um farol de esperan\u00e7a, um apoio emocional e uma fonte de conforto para pais e cuidadores enfrentando desafios \u00fanicos.&nbsp;<\/p>\n\n\n\n<h2 class=\"wp-block-heading\">O desafio de criar filhos autistas<\/h2>\n\n\n\n<p class=\"wp-block-paragraph\">Criar um filho com autismo apresenta desafios multifacetados que afetam a crian\u00e7a e toda a estrutura familiar. Desde as primeiras descobertas e diagn\u00f3sticos at\u00e9 o planejamento de interven\u00e7\u00f5es educacionais e terapias, os pais frequentemente enfrentam uma montanha-russa emocional.&nbsp;<\/p>\n\n\n\n<p class=\"wp-block-paragraph\">A incerteza sobre o futuro da crian\u00e7a, a sobrecarga de responsabilidades e a necessidade de adaptar o ambiente familiar s\u00e3o apenas alguns dos aspectos desafiadores que essas fam\u00edlias enfrentam diariamente.<\/p>\n\n\n\n<h2 class=\"wp-block-heading\">O papel da espiritualidade na jornada familiar<\/h2>\n\n\n\n<p class=\"wp-block-paragraph\">Para muitas fam\u00edlias, a espiritualidade se torna um alicerce essencial durante essa jornada. N\u00e3o se trata apenas de seguir uma religi\u00e3o espec\u00edfica, mas sim de encontrar um espa\u00e7o onde se sintam acolhidos, compreendidos e apoiados.\u00a0<\/p>\n\n\n\n<figure class=\"wp-block-image size-full is-resized\"><img loading=\"lazy\" decoding=\"async\" width=\"740\" height=\"494\" src=\"https:\/\/www.oracaoefe.com\/wp-content\/uploads\/2024\/07\/image-13.png\" alt=\"\" class=\"wp-image-2975\" style=\"width:840px;height:auto\" srcset=\"https:\/\/www.oracaoefe.com\/wp-content\/uploads\/2024\/07\/image-13.png 740w, https:\/\/www.oracaoefe.com\/wp-content\/uploads\/2024\/07\/image-13-300x200.png 300w, https:\/\/www.oracaoefe.com\/wp-content\/uploads\/2024\/07\/image-13-18x12.png 18w\" sizes=\"auto, (max-width: 740px) 100vw, 740px\" \/><\/figure>\n\n\n\n<p class=\"wp-block-paragraph\">A f\u00e9 oferece um quadro de refer\u00eancia para lidar com o inesperado e o inexplic\u00e1vel, ajudando os pais a encontrar significado e prop\u00f3sito nas suas experi\u00eancias.<\/p>\n\n\n\n<h2 class=\"wp-block-heading\">Acolhimento e aceita\u00e7\u00e3o na comunidade espiritual<\/h2>\n\n\n\n<p class=\"wp-block-paragraph\">Comunidades religiosas e espirituais frequentemente desempenham um papel crucial ao oferecer um espa\u00e7o de acolhimento para fam\u00edlias com filhos autistas. Estes lugares podem ser o ponto de encontro onde os pais encontram apoio emocional, informa\u00e7\u00f5es \u00fateis e at\u00e9 mesmo recursos pr\u00e1ticos para lidar com os desafios espec\u00edficos que enfrentam.&nbsp;<\/p>\n\n\n\n<p class=\"wp-block-paragraph\">Al\u00e9m disso, a sensa\u00e7\u00e3o de pertencimento e a oportunidade de compartilhar hist\u00f3rias com outros pais em situa\u00e7\u00f5es semelhantes pode ser profundamente reconfortante.<\/p>\n\n\n\n<h2 class=\"wp-block-heading\">A f\u00e9 como fonte de esperan\u00e7a<\/h2>\n\n\n\n<p class=\"wp-block-paragraph\">Um dos aspectos mais poderosos da espiritualidade \u00e9 sua capacidade de oferecer esperan\u00e7a. Em face das dificuldades do autismo, os pais muitas vezes encontram conforto na cren\u00e7a de que existe um prop\u00f3sito maior por tr\u00e1s das suas experi\u00eancias.&nbsp;<\/p>\n\n\n\n<p class=\"wp-block-paragraph\">Isso pode significar acreditar que seus filhos t\u00eam um lugar especial no mundo ou que cada desafio \u00e9 uma oportunidade para crescimento pessoal e espiritual.<\/p>\n\n\n\n<h2 class=\"wp-block-heading\">Pr\u00e1ticas espirituais como sustento emocional<\/h2>\n\n\n\n<p class=\"wp-block-paragraph\">Al\u00e9m do aspecto emocional, as pr\u00e1ticas espirituais, como a ora\u00e7\u00e3o, a medita\u00e7\u00e3o e a participa\u00e7\u00e3o em rituais religiosos, podem fornecer um al\u00edvio emocional fundamental. Elas oferecem momentos de paz e tranquilidade em meio ao caos di\u00e1rio, permitindo que os pais recarreguem suas energias e encontrem clareza mental para enfrentar os desafios da vida cotidiana.<\/p>\n\n\n\n<h2 class=\"wp-block-heading\">Construindo uma comunidade de apoio<\/h2>\n\n\n\n<p class=\"wp-block-paragraph\">Para muitas fam\u00edlias, a comunidade espiritual se torna uma extens\u00e3o da pr\u00f3pria fam\u00edlia. Os la\u00e7os criados atrav\u00e9s da f\u00e9 s\u00e3o frequentemente profundos e significativos, proporcionando um senso de camaradagem e solidariedade que pode ser dif\u00edcil de encontrar em outros lugares. Essas conex\u00f5es s\u00e3o especialmente valiosas quando se trata de compartilhar recursos, ideias e estrat\u00e9gias para melhorar a qualidade de vida dos filhos autistas.<\/p>\n\n\n\n<h2 class=\"wp-block-heading\">Desafios e cr\u00edticas dentro do contexto religioso<\/h2>\n\n\n\n<p class=\"wp-block-paragraph\">Apesar dos benef\u00edcios evidentes, \u00e9 importante reconhecer que nem todas as experi\u00eancias dentro de comunidades religiosas s\u00e3o positivas para fam\u00edlias com crian\u00e7as autistas.&nbsp;<\/p>\n\n\n\n<p class=\"wp-block-paragraph\">Algumas podem enfrentar falta de compreens\u00e3o, estigma ou at\u00e9 mesmo exclus\u00e3o devido \u00e0 falta de sensibilidade ou \u00e0 falta de recursos adequados para apoiar necessidades especiais. Esses desafios destacam a import\u00e2ncia da educa\u00e7\u00e3o e da sensibiliza\u00e7\u00e3o dentro das institui\u00e7\u00f5es religiosas para promover um ambiente verdadeiramente inclusivo.<\/p>\n\n\n\n<h2 class=\"wp-block-heading\">Educa\u00e7\u00e3o e advocacy: promovendo mudan\u00e7as positivas<\/h2>\n\n\n\n<p class=\"wp-block-paragraph\">Para melhorar a inclus\u00e3o e o suporte dentro das comunidades espirituais, muitas fam\u00edlias e defensores do autismo se tornam defensores ativos da conscientiza\u00e7\u00e3o e da educa\u00e7\u00e3o.&nbsp;<\/p>\n\n\n\n<p class=\"wp-block-paragraph\">Eles trabalham lado a lado com l\u00edderes religiosos e membros da comunidade para implementar programas de treinamento, criar recursos acess\u00edveis e promover uma cultura de aceita\u00e7\u00e3o e acolhimento para todos os membros, independentemente das suas diferen\u00e7as.<\/p>\n\n\n\n<h2 class=\"wp-block-heading\">Impacto da espiritualidade no bem-estar familiar<\/h2>\n\n\n\n<p class=\"wp-block-paragraph\">Estudos t\u00eam demonstrado consistentemente que a espiritualidade pode ter um impacto positivo significativo no bem-estar emocional e psicol\u00f3gico das fam\u00edlias que criam filhos autistas.&nbsp;<\/p>\n\n\n\n<p class=\"wp-block-paragraph\">A capacidade de encontrar significado e esperan\u00e7a nas dificuldades cotidianas pode fortalecer os la\u00e7os familiares, melhorar a resili\u00eancia e reduzir o estresse relacionado ao cuidado.<\/p>\n\n\n\n<h2 class=\"wp-block-heading\">Encontrando for\u00e7a na espiritualidade<\/h2>\n\n\n\n<p class=\"wp-block-paragraph\">Para muitas fam\u00edlias com filhos autistas, a espiritualidade \u00e9 uma quest\u00e3o de cren\u00e7a religiosa, e tamb\u00e9m um recurso vital que oferece conforto, esperan\u00e7a e apoio emocional.&nbsp;<\/p>\n\n\n\n<p class=\"wp-block-paragraph\">Ela desempenha um papel fundamental na constru\u00e7\u00e3o de comunidades de apoio, na promo\u00e7\u00e3o da aceita\u00e7\u00e3o e na capacita\u00e7\u00e3o dos pais para enfrentar os desafios \u00fanicos que enfrentam.&nbsp;<\/p>\n\n\n\n<p class=\"wp-block-paragraph\">\u00c0 medida que continuamos a explorar e valorizar essas experi\u00eancias, \u00e9 essencial reconhecer a import\u00e2ncia da educa\u00e7\u00e3o, da sensibiliza\u00e7\u00e3o e do apoio cont\u00ednuo dentro das comunidades espirituais para garantir que todos os membros, incluindo aqueles com necessidades especiais, se sintam verdadeiramente acolhidos e valorizados.<\/p>\n\n\n\n<p class=\"wp-block-paragraph\"><strong>Voir aussi\u00a0: <a href=\"https:\/\/www.oracaoefe.com\/fr\/fe-que-move-turistas-veja-os-lugares-mais-visitados-pelos-cristaos\/\">F\u00e9 que move turistas: veja os lugares mais visitados pelos crist\u00e3os<\/a><\/strong><\/p>\n\n\n\n<p class=\"wp-block-paragraph\">9 de agosto de 2024<\/p>","protected":false},"excerpt":{"rendered":"<p>No universo complexo das fam\u00edlias com filhos autistas, a espiritualidade desempenha um papel crucial que vai al\u00e9m das pr\u00e1ticas religiosas tradicionais. Ela pode ser um farol de esperan\u00e7a, um apoio emocional e uma fonte de conforto para pais e cuidadores enfrentando desafios \u00fanicos.&nbsp; O desafio de criar filhos autistas Criar um filho com autismo apresenta&hellip;&nbsp;<\/p>","protected":false},"author":3,"featured_media":2975,"comment_status":"closed","ping_status":"closed","sticky":false,"template":"","format":"standard","meta":{"neve_meta_sidebar":"","neve_meta_container":"","neve_meta_enable_content_width":"","neve_meta_content_width":0,"neve_meta_title_alignment":"","neve_meta_author_avatar":"","neve_post_elements_order":"","neve_meta_disable_header":"","neve_meta_disable_footer":"","neve_meta_disable_title":"","footnotes":""},"categories":[4],"tags":[],"class_list":["post-2969","post","type-post","status-publish","format-standard","has-post-thumbnail","hentry","category-fique-por-dentro"],"yoast_head":"<!-- This site is optimized with the Yoast SEO plugin v28.4 - https:\/\/yoast.com\/product\/yoast-seo-wordpress\/ -->\n<title>F\u00e9 e acolhimento: como a espiritualidade fortalece fam\u00edlias com filhos autistas - Ora\u00e7\u00e3o e F\u00e9<\/title>\n<meta name=\"description\" content=\"Deus tem pra voc\u00ea uma palavra de vida!\" \/>\n<meta name=\"robots\" content=\"index, follow, max-snippet:-1, max-image-preview:large, max-video-preview:-1\" \/>\n<link rel=\"canonical\" href=\"https:\/\/www.oracaoefe.com\/fr\/fe-e-acolhimento-como-a-espiritualidade-fortalece-familias-com-filhos-autistas\/\" \/>\n<meta property=\"og:locale\" content=\"fr_FR\" \/>\n<meta property=\"og:type\" content=\"article\" \/>\n<meta property=\"og:title\" content=\"F\u00e9 e acolhimento: como a espiritualidade fortalece fam\u00edlias com filhos autistas - Ora\u00e7\u00e3o e F\u00e9\" \/>\n<meta property=\"og:description\" content=\"Deus tem pra voc\u00ea uma palavra de vida!\" \/>\n<meta property=\"og:url\" content=\"https:\/\/www.oracaoefe.com\/fr\/fe-e-acolhimento-como-a-espiritualidade-fortalece-familias-com-filhos-autistas\/\" \/>\n<meta property=\"og:site_name\" content=\"Ora\u00e7\u00e3o e F\u00e9\" \/>\n<meta property=\"article:published_time\" content=\"2024-08-09T09:00:00+00:00\" \/>\n<meta property=\"og:image\" content=\"https:\/\/www.oracaoefe.com\/wp-content\/uploads\/2024\/07\/image-13.png\" \/>\n\t<meta property=\"og:image:width\" content=\"740\" \/>\n\t<meta property=\"og:image:height\" content=\"494\" \/>\n\t<meta property=\"og:image:type\" content=\"image\/png\" \/>\n<meta name=\"author\" content=\"Michele Azevedo\" \/>\n<meta name=\"twitter:card\" content=\"summary_large_image\" \/>\n<meta name=\"twitter:label1\" content=\"\u00c9crit par\" \/>\n\t<meta name=\"twitter:data1\" content=\"Michele Azevedo\" \/>\n\t<meta name=\"twitter:label2\" content=\"Dur\u00e9e de lecture estim\u00e9e\" \/>\n\t<meta name=\"twitter:data2\" content=\"4 minutes\" \/>\n<script type=\"application\/ld+json\" class=\"yoast-schema-graph\">{\"@context\":\"https:\\\/\\\/schema.org\",\"@graph\":[{\"@type\":\"Article\",\"@id\":\"https:\\\/\\\/www.oracaoefe.com\\\/fe-e-acolhimento-como-a-espiritualidade-fortalece-familias-com-filhos-autistas\\\/#article\",\"isPartOf\":{\"@id\":\"https:\\\/\\\/www.oracaoefe.com\\\/fe-e-acolhimento-como-a-espiritualidade-fortalece-familias-com-filhos-autistas\\\/\"},\"author\":{\"name\":\"Michele Azevedo\",\"@id\":\"https:\\\/\\\/www.oracaoefe.com\\\/#\\\/schema\\\/person\\\/17283c669442cf005c4d5bb58adfb7f5\"},\"headline\":\"F\u00e9 e acolhimento: como a espiritualidade fortalece fam\u00edlias com filhos autistas\",\"datePublished\":\"2024-08-09T09:00:00+00:00\",\"mainEntityOfPage\":{\"@id\":\"https:\\\/\\\/www.oracaoefe.com\\\/fe-e-acolhimento-como-a-espiritualidade-fortalece-familias-com-filhos-autistas\\\/\"},\"wordCount\":887,\"image\":{\"@id\":\"https:\\\/\\\/www.oracaoefe.com\\\/fe-e-acolhimento-como-a-espiritualidade-fortalece-familias-com-filhos-autistas\\\/#primaryimage\"},\"thumbnailUrl\":\"https:\\\/\\\/www.oracaoefe.com\\\/wp-content\\\/uploads\\\/2024\\\/07\\\/image-13.png\",\"articleSection\":[\"Fique por Dentro\"],\"inLanguage\":\"fr-FR\"},{\"@type\":\"WebPage\",\"@id\":\"https:\\\/\\\/www.oracaoefe.com\\\/fe-e-acolhimento-como-a-espiritualidade-fortalece-familias-com-filhos-autistas\\\/\",\"url\":\"https:\\\/\\\/www.oracaoefe.com\\\/fe-e-acolhimento-como-a-espiritualidade-fortalece-familias-com-filhos-autistas\\\/\",\"name\":\"F\u00e9 e acolhimento: como a espiritualidade fortalece fam\u00edlias com filhos autistas - Ora\u00e7\u00e3o e F\u00e9\",\"isPartOf\":{\"@id\":\"https:\\\/\\\/www.oracaoefe.com\\\/#website\"},\"primaryImageOfPage\":{\"@id\":\"https:\\\/\\\/www.oracaoefe.com\\\/fe-e-acolhimento-como-a-espiritualidade-fortalece-familias-com-filhos-autistas\\\/#primaryimage\"},\"image\":{\"@id\":\"https:\\\/\\\/www.oracaoefe.com\\\/fe-e-acolhimento-como-a-espiritualidade-fortalece-familias-com-filhos-autistas\\\/#primaryimage\"},\"thumbnailUrl\":\"https:\\\/\\\/www.oracaoefe.com\\\/wp-content\\\/uploads\\\/2024\\\/07\\\/image-13.png\",\"datePublished\":\"2024-08-09T09:00:00+00:00\",\"author\":{\"@id\":\"https:\\\/\\\/www.oracaoefe.com\\\/#\\\/schema\\\/person\\\/17283c669442cf005c4d5bb58adfb7f5\"},\"description\":\"Deus tem pra voc\u00ea uma palavra de vida!\",\"breadcrumb\":{\"@id\":\"https:\\\/\\\/www.oracaoefe.com\\\/fe-e-acolhimento-como-a-espiritualidade-fortalece-familias-com-filhos-autistas\\\/#breadcrumb\"},\"inLanguage\":\"fr-FR\",\"potentialAction\":[{\"@type\":\"ReadAction\",\"target\":[\"https:\\\/\\\/www.oracaoefe.com\\\/fe-e-acolhimento-como-a-espiritualidade-fortalece-familias-com-filhos-autistas\\\/\"]}]},{\"@type\":\"ImageObject\",\"inLanguage\":\"fr-FR\",\"@id\":\"https:\\\/\\\/www.oracaoefe.com\\\/fe-e-acolhimento-como-a-espiritualidade-fortalece-familias-com-filhos-autistas\\\/#primaryimage\",\"url\":\"https:\\\/\\\/www.oracaoefe.com\\\/wp-content\\\/uploads\\\/2024\\\/07\\\/image-13.png\",\"contentUrl\":\"https:\\\/\\\/www.oracaoefe.com\\\/wp-content\\\/uploads\\\/2024\\\/07\\\/image-13.png\",\"width\":740,\"height\":494,\"caption\":\"F\u00e9 e acolhimento: como a espiritualidade fortalece fam\u00edlias com filhos autistas\"},{\"@type\":\"BreadcrumbList\",\"@id\":\"https:\\\/\\\/www.oracaoefe.com\\\/fe-e-acolhimento-como-a-espiritualidade-fortalece-familias-com-filhos-autistas\\\/#breadcrumb\",\"itemListElement\":[{\"@type\":\"ListItem\",\"position\":1,\"name\":\"Home\",\"item\":\"https:\\\/\\\/www.oracaoefe.com\\\/\"},{\"@type\":\"ListItem\",\"position\":2,\"name\":\"Fique por Dentro\",\"item\":\"https:\\\/\\\/www.oracaoefe.com\\\/category\\\/fique-por-dentro\\\/\"},{\"@type\":\"ListItem\",\"position\":3,\"name\":\"F\u00e9 e acolhimento: como a espiritualidade fortalece fam\u00edlias com filhos autistas\"}]},{\"@type\":\"WebSite\",\"@id\":\"https:\\\/\\\/www.oracaoefe.com\\\/#website\",\"url\":\"https:\\\/\\\/www.oracaoefe.com\\\/\",\"name\":\"Ora\u00e7\u00e3o e F\u00e9\",\"description\":\"\",\"potentialAction\":[{\"@type\":\"SearchAction\",\"target\":{\"@type\":\"EntryPoint\",\"urlTemplate\":\"https:\\\/\\\/www.oracaoefe.com\\\/?s={search_term_string}\"},\"query-input\":{\"@type\":\"PropertyValueSpecification\",\"valueRequired\":true,\"valueName\":\"search_term_string\"}}],\"inLanguage\":\"fr-FR\"},{\"@type\":\"Person\",\"@id\":\"https:\\\/\\\/www.oracaoefe.com\\\/#\\\/schema\\\/person\\\/17283c669442cf005c4d5bb58adfb7f5\",\"name\":\"Michele Azevedo\",\"image\":{\"@type\":\"ImageObject\",\"inLanguage\":\"fr-FR\",\"@id\":\"https:\\\/\\\/secure.gravatar.com\\\/avatar\\\/6b0eb9d22841282815e2cd856a0061c45e1761cd54b22e952d98c4746939aa85?s=96&d=mm&r=g\",\"url\":\"https:\\\/\\\/secure.gravatar.com\\\/avatar\\\/6b0eb9d22841282815e2cd856a0061c45e1761cd54b22e952d98c4746939aa85?s=96&d=mm&r=g\",\"contentUrl\":\"https:\\\/\\\/secure.gravatar.com\\\/avatar\\\/6b0eb9d22841282815e2cd856a0061c45e1761cd54b22e952d98c4746939aa85?s=96&d=mm&r=g\",\"caption\":\"Michele Azevedo\"},\"description\":\"Formada em Letras - Portugu\u00eas\\\/ Ingl\u00eas pela Universidade Estadual de Ponta Grossa (UEPG), p\u00f3s-graduada em Arte na Educa\u00e7\u00e3o (FAPI) e Psicopedagogia Escolar (FAPI), idealizadora e propriet\u00e1ria do site Escritora de Sucesso, possui experi\u00eancia em escrita para blogs em geral e atua como redatora e revisora dos conte\u00fados do Ora\u00e7\u00e3o e F\u00e9.\",\"url\":\"https:\\\/\\\/www.oracaoefe.com\\\/fr\\\/author\\\/michele-azevedo\\\/\"}]}<\/script>\n<!-- \/ Yoast SEO plugin. -->","yoast_head_json":{"title":"F\u00e9 e acolhimento: como a espiritualidade fortalece fam\u00edlias com filhos autistas - Ora\u00e7\u00e3o e F\u00e9","description":"Dieu a une parole de vie pour vous !","robots":{"index":"index","follow":"follow","max-snippet":"max-snippet:-1","max-image-preview":"max-image-preview:large","max-video-preview":"max-video-preview:-1"},"canonical":"https:\/\/www.oracaoefe.com\/fr\/fe-e-acolhimento-como-a-espiritualidade-fortalece-familias-com-filhos-autistas\/","og_locale":"fr_FR","og_type":"article","og_title":"F\u00e9 e acolhimento: como a espiritualidade fortalece fam\u00edlias com filhos autistas - Ora\u00e7\u00e3o e F\u00e9","og_description":"Deus tem pra voc\u00ea uma palavra de vida!","og_url":"https:\/\/www.oracaoefe.com\/fr\/fe-e-acolhimento-como-a-espiritualidade-fortalece-familias-com-filhos-autistas\/","og_site_name":"Ora\u00e7\u00e3o e F\u00e9","article_published_time":"2024-08-09T09:00:00+00:00","og_image":[{"width":740,"height":494,"url":"https:\/\/www.oracaoefe.com\/wp-content\/uploads\/2024\/07\/image-13.png","type":"image\/png"}],"author":"Michele Azevedo","twitter_card":"summary_large_image","twitter_misc":{"\u00c9crit par":"Michele Azevedo","Dur\u00e9e de lecture estim\u00e9e":"4 minutes"},"schema":{"@context":"https:\/\/schema.org","@graph":[{"@type":"Article","@id":"https:\/\/www.oracaoefe.com\/fe-e-acolhimento-como-a-espiritualidade-fortalece-familias-com-filhos-autistas\/#article","isPartOf":{"@id":"https:\/\/www.oracaoefe.com\/fe-e-acolhimento-como-a-espiritualidade-fortalece-familias-com-filhos-autistas\/"},"author":{"name":"Michele Azevedo","@id":"https:\/\/www.oracaoefe.com\/#\/schema\/person\/17283c669442cf005c4d5bb58adfb7f5"},"headline":"F\u00e9 e acolhimento: como a espiritualidade fortalece fam\u00edlias com filhos autistas","datePublished":"2024-08-09T09:00:00+00:00","mainEntityOfPage":{"@id":"https:\/\/www.oracaoefe.com\/fe-e-acolhimento-como-a-espiritualidade-fortalece-familias-com-filhos-autistas\/"},"wordCount":887,"image":{"@id":"https:\/\/www.oracaoefe.com\/fe-e-acolhimento-como-a-espiritualidade-fortalece-familias-com-filhos-autistas\/#primaryimage"},"thumbnailUrl":"https:\/\/www.oracaoefe.com\/wp-content\/uploads\/2024\/07\/image-13.png","articleSection":["Fique por Dentro"],"inLanguage":"fr-FR"},{"@type":"WebPage","@id":"https:\/\/www.oracaoefe.com\/fe-e-acolhimento-como-a-espiritualidade-fortalece-familias-com-filhos-autistas\/","url":"https:\/\/www.oracaoefe.com\/fe-e-acolhimento-como-a-espiritualidade-fortalece-familias-com-filhos-autistas\/","name":"F\u00e9 e acolhimento: como a espiritualidade fortalece fam\u00edlias com filhos autistas - Ora\u00e7\u00e3o e F\u00e9","isPartOf":{"@id":"https:\/\/www.oracaoefe.com\/#website"},"primaryImageOfPage":{"@id":"https:\/\/www.oracaoefe.com\/fe-e-acolhimento-como-a-espiritualidade-fortalece-familias-com-filhos-autistas\/#primaryimage"},"image":{"@id":"https:\/\/www.oracaoefe.com\/fe-e-acolhimento-como-a-espiritualidade-fortalece-familias-com-filhos-autistas\/#primaryimage"},"thumbnailUrl":"https:\/\/www.oracaoefe.com\/wp-content\/uploads\/2024\/07\/image-13.png","datePublished":"2024-08-09T09:00:00+00:00","author":{"@id":"https:\/\/www.oracaoefe.com\/#\/schema\/person\/17283c669442cf005c4d5bb58adfb7f5"},"description":"Dieu a une parole de vie pour vous !","breadcrumb":{"@id":"https:\/\/www.oracaoefe.com\/fe-e-acolhimento-como-a-espiritualidade-fortalece-familias-com-filhos-autistas\/#breadcrumb"},"inLanguage":"fr-FR","potentialAction":[{"@type":"ReadAction","target":["https:\/\/www.oracaoefe.com\/fe-e-acolhimento-como-a-espiritualidade-fortalece-familias-com-filhos-autistas\/"]}]},{"@type":"ImageObject","inLanguage":"fr-FR","@id":"https:\/\/www.oracaoefe.com\/fe-e-acolhimento-como-a-espiritualidade-fortalece-familias-com-filhos-autistas\/#primaryimage","url":"https:\/\/www.oracaoefe.com\/wp-content\/uploads\/2024\/07\/image-13.png","contentUrl":"https:\/\/www.oracaoefe.com\/wp-content\/uploads\/2024\/07\/image-13.png","width":740,"height":494,"caption":"F\u00e9 e acolhimento: como a espiritualidade fortalece fam\u00edlias com filhos autistas"},{"@type":"BreadcrumbList","@id":"https:\/\/www.oracaoefe.com\/fe-e-acolhimento-como-a-espiritualidade-fortalece-familias-com-filhos-autistas\/#breadcrumb","itemListElement":[{"@type":"ListItem","position":1,"name":"Home","item":"https:\/\/www.oracaoefe.com\/"},{"@type":"ListItem","position":2,"name":"Fique por Dentro","item":"https:\/\/www.oracaoefe.com\/category\/fique-por-dentro\/"},{"@type":"ListItem","position":3,"name":"F\u00e9 e acolhimento: como a espiritualidade fortalece fam\u00edlias com filhos autistas"}]},{"@type":"WebSite","@id":"https:\/\/www.oracaoefe.com\/#website","url":"https:\/\/www.oracaoefe.com\/","name":"Pri\u00e8re et foi","description":"","potentialAction":[{"@type":"SearchAction","target":{"@type":"EntryPoint","urlTemplate":"https:\/\/www.oracaoefe.com\/?s={search_term_string}"},"query-input":{"@type":"PropertyValueSpecification","valueRequired":true,"valueName":"search_term_string"}}],"inLanguage":"fr-FR"},{"@type":"Person","@id":"https:\/\/www.oracaoefe.com\/#\/schema\/person\/17283c669442cf005c4d5bb58adfb7f5","name":"Michele Azevedo","image":{"@type":"ImageObject","inLanguage":"fr-FR","@id":"https:\/\/secure.gravatar.com\/avatar\/6b0eb9d22841282815e2cd856a0061c45e1761cd54b22e952d98c4746939aa85?s=96&d=mm&r=g","url":"https:\/\/secure.gravatar.com\/avatar\/6b0eb9d22841282815e2cd856a0061c45e1761cd54b22e952d98c4746939aa85?s=96&d=mm&r=g","contentUrl":"https:\/\/secure.gravatar.com\/avatar\/6b0eb9d22841282815e2cd856a0061c45e1761cd54b22e952d98c4746939aa85?s=96&d=mm&r=g","caption":"Michele Azevedo"},"description":"Dipl\u00f4m\u00e9e en litt\u00e9rature portugaise\/anglaise de l&#039;Universit\u00e9 d&#039;\u00c9tat de Ponta Grossa (UEPG), avec des dipl\u00f4mes de troisi\u00e8me cycle en art dans l&#039;\u00e9ducation (FAPI) et en psychop\u00e9dagogie scolaire (FAPI), elle est la cr\u00e9atrice et propri\u00e9taire du site web Escritora de Sucesso, a de l&#039;exp\u00e9rience dans l&#039;\u00e9criture pour les blogs en g\u00e9n\u00e9ral et travaille comme r\u00e9dactrice et \u00e9ditrice du contenu pour Ora\u00e7\u00e3o e F\u00e9.","url":"https:\/\/www.oracaoefe.com\/fr\/author\/michele-azevedo\/"}]}},"_links":{"self":[{"href":"https:\/\/www.oracaoefe.com\/fr\/wp-json\/wp\/v2\/posts\/2969","targetHints":{"allow":["GET"]}}],"collection":[{"href":"https:\/\/www.oracaoefe.com\/fr\/wp-json\/wp\/v2\/posts"}],"about":[{"href":"https:\/\/www.oracaoefe.com\/fr\/wp-json\/wp\/v2\/types\/post"}],"author":[{"embeddable":true,"href":"https:\/\/www.oracaoefe.com\/fr\/wp-json\/wp\/v2\/users\/3"}],"replies":[{"embeddable":true,"href":"https:\/\/www.oracaoefe.com\/fr\/wp-json\/wp\/v2\/comments?post=2969"}],"version-history":[{"count":2,"href":"https:\/\/www.oracaoefe.com\/fr\/wp-json\/wp\/v2\/posts\/2969\/revisions"}],"predecessor-version":[{"id":2976,"href":"https:\/\/www.oracaoefe.com\/fr\/wp-json\/wp\/v2\/posts\/2969\/revisions\/2976"}],"wp:featuredmedia":[{"embeddable":true,"href":"https:\/\/www.oracaoefe.com\/fr\/wp-json\/wp\/v2\/media\/2975"}],"wp:attachment":[{"href":"https:\/\/www.oracaoefe.com\/fr\/wp-json\/wp\/v2\/media?parent=2969"}],"wp:term":[{"taxonomy":"category","embeddable":true,"href":"https:\/\/www.oracaoefe.com\/fr\/wp-json\/wp\/v2\/categories?post=2969"},{"taxonomy":"post_tag","embeddable":true,"href":"https:\/\/www.oracaoefe.com\/fr\/wp-json\/wp\/v2\/tags?post=2969"}],"curies":[{"name":"wp","href":"https:\/\/api.w.org\/{rel}","templated":true}]}}