{"id":2967,"date":"2024-08-15T06:00:00","date_gmt":"2024-08-15T09:00:00","guid":{"rendered":"https:\/\/www.oracaoefe.com\/?p=2967"},"modified":"2025-06-15T15:15:30","modified_gmt":"2025-06-15T18:15:30","slug":"como-ter-a-fe-que-move-montanhas","status":"publish","type":"post","link":"https:\/\/www.oracaoefe.com\/fr\/como-ter-a-fe-que-move-montanhas\/","title":{"rendered":"Como ter a f\u00e9 que move montanhas?"},"content":{"rendered":"<p class=\"wp-block-paragraph\">A f\u00e9, muitas vezes descrita como a cren\u00e7a inabal\u00e1vel em algo ou algu\u00e9m, \u00e9 um tema central em v\u00e1rias religi\u00f5es e filosofias ao redor do mundo. Contudo, alcan\u00e7ar a f\u00e9 que \u00e9 capaz de &#8220;mover montanhas&#8221; \u2013 uma met\u00e1fora para superar obst\u00e1culos aparentemente insuper\u00e1veis \u2013 \u00e9 um desafio que muitos buscam entender e incorporar em suas vidas.<\/p>\n\n\n\n<h2 class=\"wp-block-heading\">O que \u00e9 a f\u00e9?<\/h2>\n\n\n\n<p class=\"wp-block-paragraph\">A f\u00e9 \u00e9 frequentemente definida como a confian\u00e7a ou a cren\u00e7a em algo sem a necessidade de evid\u00eancias tang\u00edveis. No contexto religioso, \u00e9 a cren\u00e7a em uma divindade, em dogmas ou em escrituras sagradas.&nbsp;<\/p>\n\n\n\n<p class=\"wp-block-paragraph\">No entanto, tamb\u00e9m pode ser entendida em um contexto mais amplo, como a confian\u00e7a em si mesmo, em outras pessoas ou no processo da vida.<\/p>\n\n\n\n<figure class=\"wp-block-image size-full is-resized\"><img loading=\"lazy\" decoding=\"async\" width=\"740\" height=\"494\" src=\"https:\/\/www.oracaoefe.com\/wp-content\/uploads\/2024\/07\/image-15.png\" alt=\"\" class=\"wp-image-2979\" style=\"width:840px;height:auto\" srcset=\"https:\/\/www.oracaoefe.com\/wp-content\/uploads\/2024\/07\/image-15.png 740w, https:\/\/www.oracaoefe.com\/wp-content\/uploads\/2024\/07\/image-15-300x200.png 300w, https:\/\/www.oracaoefe.com\/wp-content\/uploads\/2024\/07\/image-15-18x12.png 18w\" sizes=\"auto, (max-width: 740px) 100vw, 740px\" \/><\/figure>\n\n\n\n<h3 class=\"wp-block-heading\">A f\u00e9 nas escrituras<\/h3>\n\n\n\n<p class=\"wp-block-paragraph\">Em muitas tradi\u00e7\u00f5es religiosas, \u00e9 um princ\u00edpio central. No cristianismo, por exemplo, Jesus menciona que a f\u00e9 do tamanho de um gr\u00e3o de mostarda pode mover montanhas. Essa met\u00e1fora n\u00e3o apenas enfatiza a sua pot\u00eancia, mas tamb\u00e9m sugere que a quantidade de f\u00e9 necess\u00e1ria para grandes feitos pode ser pequena, desde que seja genu\u00edna e sincera.<\/p>\n\n\n\n<h3 class=\"wp-block-heading\">F\u00e9 e confian\u00e7a<\/h3>\n\n\n\n<p class=\"wp-block-paragraph\">A f\u00e9 n\u00e3o se limita a contextos religiosos. Ela pode ser vista como uma confian\u00e7a profunda no pr\u00f3prio potencial ou na bondade inerente das pessoas. Quando confiamos em algu\u00e9m, depositamos f\u00e9 nessa pessoa. Da mesma forma, quando acreditamos em nosso pr\u00f3prio potencial, a exercitamos em n\u00f3s mesmos.<\/p>\n\n\n\n<h2 class=\"wp-block-heading\">Como cultivar a f\u00e9<\/h2>\n\n\n\n<p class=\"wp-block-paragraph\">Cultivar a f\u00e9 \u00e9 um processo cont\u00ednuo que exige dedica\u00e7\u00e3o, introspec\u00e7\u00e3o e pr\u00e1tica. N\u00e3o se trata apenas de aceitar passivamente uma cren\u00e7a, mas de nutrir e fortalecer essa cren\u00e7a ao longo do tempo.<\/p>\n\n\n\n<h3 class=\"wp-block-heading\">Reflex\u00e3o e medita\u00e7\u00e3o<\/h3>\n\n\n\n<p class=\"wp-block-paragraph\">A pr\u00e1tica da reflex\u00e3o e da medita\u00e7\u00e3o pode ser uma ferramenta poderosa para cultivar a f\u00e9. Ao reservar tempo para introspec\u00e7\u00e3o, podemos examinar nossas cren\u00e7as e valores, identificar d\u00favidas e medos, e trabalhar para super\u00e1-los.&nbsp;<\/p>\n\n\n\n<p class=\"wp-block-paragraph\">Meditar sobre nossas experi\u00eancias e sobre a natureza pode nos ajudar a compreender melhor onde nossa f\u00e9 est\u00e1 arraigada e como podemos fortalec\u00ea-la.<\/p>\n\n\n\n<h3 class=\"wp-block-heading\">Estudo e conhecimento<\/h3>\n\n\n\n<p class=\"wp-block-paragraph\">Buscar conhecimento sobre as tradi\u00e7\u00f5es, escrituras e filosofias que inspiram f\u00e9 pode fornecer uma base s\u00f3lida para nossas cren\u00e7as. Ler textos sagrados, estudar a vida de figuras inspiradoras e participar de discuss\u00f5es comunit\u00e1rias pode enriquecer nosso entendimento e proporcionar novas perspectivas.<\/p>\n\n\n\n<h3 class=\"wp-block-heading\">Pr\u00e1tica regular<\/h3>\n\n\n\n<p class=\"wp-block-paragraph\">Assim como qualquer habilidade, a f\u00e9 se fortalece com a pr\u00e1tica regular. Isso pode incluir ora\u00e7\u00e3o, medita\u00e7\u00e3o, participa\u00e7\u00e3o em rituais ou simplesmente a pr\u00e1tica di\u00e1ria de afirmar nossas cren\u00e7as. Ao torn\u00e1-la uma parte integral de nossa rotina, permitimos que ela cres\u00e7a e se solidifique.<\/p>\n\n\n\n<h2 class=\"wp-block-heading\">Superando obst\u00e1culos \u00e0 f\u00e9<\/h2>\n\n\n\n<p class=\"wp-block-paragraph\">Mesmo os indiv\u00edduos mais devotos enfrentam momentos de d\u00favida e crise de f\u00e9. Esses momentos s\u00e3o uma parte natural da jornada espiritual e podem, paradoxalmente, fortalecer nossa f\u00e9 a longo prazo.<\/p>\n\n\n\n<h3 class=\"wp-block-heading\">D\u00favida e crescimento<\/h3>\n\n\n\n<p class=\"wp-block-paragraph\">A d\u00favida n\u00e3o \u00e9 o oposto da f\u00e9, mas pode ser um componente essencial para seu crescimento. Questionar nossas cren\u00e7as e enfrentar nossas incertezas pode nos levar a uma compreens\u00e3o mais profunda e robusta. Em vez de temer a d\u00favida, podemos v\u00ea-la como uma oportunidade para fortalecer nossas convic\u00e7\u00f5es.<\/p>\n\n\n\n<h3 class=\"wp-block-heading\">Enfrentando desafios<\/h3>\n\n\n\n<p class=\"wp-block-paragraph\">Os desafios e adversidades s\u00e3o inevit\u00e1veis na vida. No entanto, \u00e9 precisamente nesses momentos que ela pode se revelar mais poderosa. Encarar dificuldades com uma atitude de f\u00e9 pode nos proporcionar resili\u00eancia e esperan\u00e7a, permitindo-nos ver al\u00e9m dos obst\u00e1culos imediatos e confiar em um desfecho positivo.<\/p>\n\n\n\n<h3 class=\"wp-block-heading\">Apoio comunit\u00e1rio<\/h3>\n\n\n\n<p class=\"wp-block-paragraph\">A comunidade pode desempenhar um papel crucial no fortalecimento da f\u00e9. Participar de grupos religiosos ou espirituais, compartilhar experi\u00eancias e apoiar-se mutuamente pode proporcionar um senso de pertencimento e refor\u00e7ar nossas cren\u00e7as. O apoio de outras pessoas pode ser um pilar fundamental em momentos de d\u00favida ou dificuldade.<\/p>\n\n\n\n<h2 class=\"wp-block-heading\">Pr\u00e1ticas para fortalecer a f\u00e9<\/h2>\n\n\n\n<p class=\"wp-block-paragraph\">Existem v\u00e1rias pr\u00e1ticas que podem ajudar a fortalecer a f\u00e9, seja ela religiosa ou pessoal. Essas pr\u00e1ticas podem ser adaptadas de acordo com as cren\u00e7as e necessidades individuais.<\/p>\n\n\n\n<h3 class=\"wp-block-heading\">Ora\u00e7\u00e3o e contempla\u00e7\u00e3o<\/h3>\n\n\n\n<p class=\"wp-block-paragraph\">A ora\u00e7\u00e3o \u00e9 uma pr\u00e1tica comum em muitas religi\u00f5es e pode ser uma forma poderosa de fortalecer a f\u00e9. Atrav\u00e9s da ora\u00e7\u00e3o, expressamos nossas esperan\u00e7as, medos e gratid\u00e3o, estabelecendo uma conex\u00e3o mais profunda com o divino ou com nosso pr\u00f3prio interior. A contempla\u00e7\u00e3o, por sua vez, nos permite refletir sobre nossa jornada e buscar compreens\u00e3o e orienta\u00e7\u00e3o.<\/p>\n\n\n\n<h3 class=\"wp-block-heading\">Gratid\u00e3o<\/h3>\n\n\n\n<p class=\"wp-block-paragraph\">Praticar a gratid\u00e3o pode transformar nossa perspectiva e fortalecer nossa f\u00e9. Ao focar nas b\u00ean\u00e7\u00e3os e aspectos positivos de nossa vida, cultivamos uma atitude de reconhecimento e apre\u00e7o. Isso pode nos ajudar a manter uma vis\u00e3o positiva, mesmo em tempos dif\u00edceis, e refor\u00e7ar nossa confian\u00e7a no processo da vida.<\/p>\n\n\n\n<h3 class=\"wp-block-heading\">Servi\u00e7o e altru\u00edsmo<\/h3>\n\n\n\n<p class=\"wp-block-paragraph\">Engajar-se em atos de servi\u00e7o e altru\u00edsmo pode ser uma maneira eficaz de fortalecer a f\u00e9. Ajudar os outros, seja atrav\u00e9s de voluntariado, doa\u00e7\u00f5es ou simplesmente sendo um apoio para algu\u00e9m, pode nos lembrar da bondade e da interconectividade da vida. Esses atos de generosidade podem refor\u00e7ar nossa cren\u00e7a na humanidade e no bem.<\/p>\n\n\n\n<h2 class=\"wp-block-heading\">Um objetivo nobre e alcan\u00e7\u00e1vel<\/h2>\n\n\n\n<p class=\"wp-block-paragraph\">Ter a f\u00e9 que move montanhas \u00e9 um objetivo nobre e alcan\u00e7\u00e1vel atrav\u00e9s de dedica\u00e7\u00e3o, pr\u00e1tica e reflex\u00e3o. A f\u00e9 n\u00e3o \u00e9 uma constante imut\u00e1vel, mas uma jornada din\u00e2mica que exige esfor\u00e7o cont\u00ednuo e abertura para crescer e evoluir.&nbsp;<\/p>\n\n\n\n<p class=\"wp-block-paragraph\">Ao cultiv\u00e1-la atrav\u00e9s da reflex\u00e3o, do estudo, da pr\u00e1tica regular e do apoio comunit\u00e1rio, podemos desenvolver uma cren\u00e7a profunda e poderosa que nos capacita a superar os maiores desafios da vida.<\/p>\n\n\n\n<p class=\"wp-block-paragraph\"><strong>Voir aussi\u00a0: <a href=\"https:\/\/www.oracaoefe.com\/fr\/fe-que-move-turistas-veja-os-lugares-mais-visitados-pelos-cristaos\/\">F\u00e9 que move turistas: veja os lugares mais visitados pelos crist\u00e3os<\/a><\/strong><\/p>\n\n\n\n<p class=\"wp-block-paragraph\">15 de agosto de 2024<\/p>","protected":false},"excerpt":{"rendered":"<p>A f\u00e9, muitas vezes descrita como a cren\u00e7a inabal\u00e1vel em algo ou algu\u00e9m, \u00e9 um tema central em v\u00e1rias religi\u00f5es e filosofias ao redor do mundo. Contudo, alcan\u00e7ar a f\u00e9 que \u00e9 capaz de &#8220;mover montanhas&#8221; \u2013 uma met\u00e1fora para superar obst\u00e1culos aparentemente insuper\u00e1veis \u2013 \u00e9 um desafio que muitos buscam entender e incorporar em&hellip;&nbsp;<\/p>","protected":false},"author":3,"featured_media":2979,"comment_status":"closed","ping_status":"closed","sticky":false,"template":"","format":"standard","meta":{"neve_meta_sidebar":"","neve_meta_container":"","neve_meta_enable_content_width":"","neve_meta_content_width":0,"neve_meta_title_alignment":"","neve_meta_author_avatar":"","neve_post_elements_order":"","neve_meta_disable_header":"","neve_meta_disable_footer":"","neve_meta_disable_title":"","footnotes":""},"categories":[3],"tags":[],"class_list":["post-2967","post","type-post","status-publish","format-standard","has-post-thumbnail","hentry","category-fe"],"yoast_head":"<!-- This site is optimized with the Yoast SEO plugin v28.4 - https:\/\/yoast.com\/product\/yoast-seo-wordpress\/ -->\n<title>Como ter a f\u00e9 que move montanhas? - Ora\u00e7\u00e3o e F\u00e9<\/title>\n<meta name=\"description\" content=\"Deus tem pra voc\u00ea uma palavra de vida!\" \/>\n<meta name=\"robots\" content=\"index, follow, max-snippet:-1, max-image-preview:large, max-video-preview:-1\" \/>\n<link rel=\"canonical\" href=\"https:\/\/www.oracaoefe.com\/fr\/como-ter-a-fe-que-move-montanhas\/\" \/>\n<meta property=\"og:locale\" content=\"fr_FR\" \/>\n<meta property=\"og:type\" content=\"article\" \/>\n<meta property=\"og:title\" content=\"Como ter a f\u00e9 que move montanhas? - Ora\u00e7\u00e3o e F\u00e9\" \/>\n<meta property=\"og:description\" content=\"Deus tem pra voc\u00ea uma palavra de vida!\" \/>\n<meta property=\"og:url\" content=\"https:\/\/www.oracaoefe.com\/fr\/como-ter-a-fe-que-move-montanhas\/\" \/>\n<meta property=\"og:site_name\" content=\"Ora\u00e7\u00e3o e F\u00e9\" \/>\n<meta property=\"article:published_time\" content=\"2024-08-15T09:00:00+00:00\" \/>\n<meta property=\"article:modified_time\" content=\"2025-06-15T18:15:30+00:00\" \/>\n<meta property=\"og:image\" content=\"https:\/\/www.oracaoefe.com\/wp-content\/uploads\/2024\/07\/image-15.png\" \/>\n\t<meta property=\"og:image:width\" content=\"740\" \/>\n\t<meta property=\"og:image:height\" content=\"494\" \/>\n\t<meta property=\"og:image:type\" content=\"image\/png\" \/>\n<meta name=\"author\" content=\"Michele Azevedo\" \/>\n<meta name=\"twitter:card\" content=\"summary_large_image\" \/>\n<meta name=\"twitter:label1\" content=\"\u00c9crit par\" \/>\n\t<meta name=\"twitter:data1\" content=\"Michele Azevedo\" \/>\n\t<meta name=\"twitter:label2\" content=\"Dur\u00e9e de lecture estim\u00e9e\" \/>\n\t<meta name=\"twitter:data2\" content=\"5 minutes\" \/>\n<script type=\"application\/ld+json\" class=\"yoast-schema-graph\">{\"@context\":\"https:\\\/\\\/schema.org\",\"@graph\":[{\"@type\":\"Article\",\"@id\":\"https:\\\/\\\/www.oracaoefe.com\\\/como-ter-a-fe-que-move-montanhas\\\/#article\",\"isPartOf\":{\"@id\":\"https:\\\/\\\/www.oracaoefe.com\\\/como-ter-a-fe-que-move-montanhas\\\/\"},\"author\":{\"name\":\"Michele Azevedo\",\"@id\":\"https:\\\/\\\/www.oracaoefe.com\\\/#\\\/schema\\\/person\\\/17283c669442cf005c4d5bb58adfb7f5\"},\"headline\":\"Como ter a f\u00e9 que move montanhas?\",\"datePublished\":\"2024-08-15T09:00:00+00:00\",\"dateModified\":\"2025-06-15T18:15:30+00:00\",\"mainEntityOfPage\":{\"@id\":\"https:\\\/\\\/www.oracaoefe.com\\\/como-ter-a-fe-que-move-montanhas\\\/\"},\"wordCount\":1033,\"image\":{\"@id\":\"https:\\\/\\\/www.oracaoefe.com\\\/como-ter-a-fe-que-move-montanhas\\\/#primaryimage\"},\"thumbnailUrl\":\"https:\\\/\\\/www.oracaoefe.com\\\/wp-content\\\/uploads\\\/2024\\\/07\\\/image-15.png\",\"articleSection\":[\"F\u00e9\"],\"inLanguage\":\"fr-FR\"},{\"@type\":\"WebPage\",\"@id\":\"https:\\\/\\\/www.oracaoefe.com\\\/como-ter-a-fe-que-move-montanhas\\\/\",\"url\":\"https:\\\/\\\/www.oracaoefe.com\\\/como-ter-a-fe-que-move-montanhas\\\/\",\"name\":\"Como ter a f\u00e9 que move montanhas? - Ora\u00e7\u00e3o e F\u00e9\",\"isPartOf\":{\"@id\":\"https:\\\/\\\/www.oracaoefe.com\\\/#website\"},\"primaryImageOfPage\":{\"@id\":\"https:\\\/\\\/www.oracaoefe.com\\\/como-ter-a-fe-que-move-montanhas\\\/#primaryimage\"},\"image\":{\"@id\":\"https:\\\/\\\/www.oracaoefe.com\\\/como-ter-a-fe-que-move-montanhas\\\/#primaryimage\"},\"thumbnailUrl\":\"https:\\\/\\\/www.oracaoefe.com\\\/wp-content\\\/uploads\\\/2024\\\/07\\\/image-15.png\",\"datePublished\":\"2024-08-15T09:00:00+00:00\",\"dateModified\":\"2025-06-15T18:15:30+00:00\",\"author\":{\"@id\":\"https:\\\/\\\/www.oracaoefe.com\\\/#\\\/schema\\\/person\\\/17283c669442cf005c4d5bb58adfb7f5\"},\"description\":\"Deus tem pra voc\u00ea uma palavra de vida!\",\"breadcrumb\":{\"@id\":\"https:\\\/\\\/www.oracaoefe.com\\\/como-ter-a-fe-que-move-montanhas\\\/#breadcrumb\"},\"inLanguage\":\"fr-FR\",\"potentialAction\":[{\"@type\":\"ReadAction\",\"target\":[\"https:\\\/\\\/www.oracaoefe.com\\\/como-ter-a-fe-que-move-montanhas\\\/\"]}]},{\"@type\":\"ImageObject\",\"inLanguage\":\"fr-FR\",\"@id\":\"https:\\\/\\\/www.oracaoefe.com\\\/como-ter-a-fe-que-move-montanhas\\\/#primaryimage\",\"url\":\"https:\\\/\\\/www.oracaoefe.com\\\/wp-content\\\/uploads\\\/2024\\\/07\\\/image-15.png\",\"contentUrl\":\"https:\\\/\\\/www.oracaoefe.com\\\/wp-content\\\/uploads\\\/2024\\\/07\\\/image-15.png\",\"width\":740,\"height\":494,\"caption\":\"Como ter a f\u00e9 que move montanhas?\"},{\"@type\":\"BreadcrumbList\",\"@id\":\"https:\\\/\\\/www.oracaoefe.com\\\/como-ter-a-fe-que-move-montanhas\\\/#breadcrumb\",\"itemListElement\":[{\"@type\":\"ListItem\",\"position\":1,\"name\":\"Home\",\"item\":\"https:\\\/\\\/www.oracaoefe.com\\\/\"},{\"@type\":\"ListItem\",\"position\":2,\"name\":\"Como ter a f\u00e9 que move montanhas?\"}]},{\"@type\":\"WebSite\",\"@id\":\"https:\\\/\\\/www.oracaoefe.com\\\/#website\",\"url\":\"https:\\\/\\\/www.oracaoefe.com\\\/\",\"name\":\"Ora\u00e7\u00e3o e F\u00e9\",\"description\":\"\",\"potentialAction\":[{\"@type\":\"SearchAction\",\"target\":{\"@type\":\"EntryPoint\",\"urlTemplate\":\"https:\\\/\\\/www.oracaoefe.com\\\/?s={search_term_string}\"},\"query-input\":{\"@type\":\"PropertyValueSpecification\",\"valueRequired\":true,\"valueName\":\"search_term_string\"}}],\"inLanguage\":\"fr-FR\"},{\"@type\":\"Person\",\"@id\":\"https:\\\/\\\/www.oracaoefe.com\\\/#\\\/schema\\\/person\\\/17283c669442cf005c4d5bb58adfb7f5\",\"name\":\"Michele Azevedo\",\"image\":{\"@type\":\"ImageObject\",\"inLanguage\":\"fr-FR\",\"@id\":\"https:\\\/\\\/secure.gravatar.com\\\/avatar\\\/6b0eb9d22841282815e2cd856a0061c45e1761cd54b22e952d98c4746939aa85?s=96&d=mm&r=g\",\"url\":\"https:\\\/\\\/secure.gravatar.com\\\/avatar\\\/6b0eb9d22841282815e2cd856a0061c45e1761cd54b22e952d98c4746939aa85?s=96&d=mm&r=g\",\"contentUrl\":\"https:\\\/\\\/secure.gravatar.com\\\/avatar\\\/6b0eb9d22841282815e2cd856a0061c45e1761cd54b22e952d98c4746939aa85?s=96&d=mm&r=g\",\"caption\":\"Michele Azevedo\"},\"description\":\"Formada em Letras - Portugu\u00eas\\\/ Ingl\u00eas pela Universidade Estadual de Ponta Grossa (UEPG), p\u00f3s-graduada em Arte na Educa\u00e7\u00e3o (FAPI) e Psicopedagogia Escolar (FAPI), idealizadora e propriet\u00e1ria do site Escritora de Sucesso, possui experi\u00eancia em escrita para blogs em geral e atua como redatora e revisora dos conte\u00fados do Ora\u00e7\u00e3o e F\u00e9.\",\"url\":\"https:\\\/\\\/www.oracaoefe.com\\\/fr\\\/author\\\/michele-azevedo\\\/\"}]}<\/script>\n<!-- \/ Yoast SEO plugin. -->","yoast_head_json":{"title":"Como ter a f\u00e9 que move montanhas? - Ora\u00e7\u00e3o e F\u00e9","description":"Dieu a une parole de vie pour vous !","robots":{"index":"index","follow":"follow","max-snippet":"max-snippet:-1","max-image-preview":"max-image-preview:large","max-video-preview":"max-video-preview:-1"},"canonical":"https:\/\/www.oracaoefe.com\/fr\/como-ter-a-fe-que-move-montanhas\/","og_locale":"fr_FR","og_type":"article","og_title":"Como ter a f\u00e9 que move montanhas? - Ora\u00e7\u00e3o e F\u00e9","og_description":"Deus tem pra voc\u00ea uma palavra de vida!","og_url":"https:\/\/www.oracaoefe.com\/fr\/como-ter-a-fe-que-move-montanhas\/","og_site_name":"Ora\u00e7\u00e3o e F\u00e9","article_published_time":"2024-08-15T09:00:00+00:00","article_modified_time":"2025-06-15T18:15:30+00:00","og_image":[{"width":740,"height":494,"url":"https:\/\/www.oracaoefe.com\/wp-content\/uploads\/2024\/07\/image-15.png","type":"image\/png"}],"author":"Michele Azevedo","twitter_card":"summary_large_image","twitter_misc":{"\u00c9crit par":"Michele Azevedo","Dur\u00e9e de lecture estim\u00e9e":"5 minutes"},"schema":{"@context":"https:\/\/schema.org","@graph":[{"@type":"Article","@id":"https:\/\/www.oracaoefe.com\/como-ter-a-fe-que-move-montanhas\/#article","isPartOf":{"@id":"https:\/\/www.oracaoefe.com\/como-ter-a-fe-que-move-montanhas\/"},"author":{"name":"Michele Azevedo","@id":"https:\/\/www.oracaoefe.com\/#\/schema\/person\/17283c669442cf005c4d5bb58adfb7f5"},"headline":"Como ter a f\u00e9 que move montanhas?","datePublished":"2024-08-15T09:00:00+00:00","dateModified":"2025-06-15T18:15:30+00:00","mainEntityOfPage":{"@id":"https:\/\/www.oracaoefe.com\/como-ter-a-fe-que-move-montanhas\/"},"wordCount":1033,"image":{"@id":"https:\/\/www.oracaoefe.com\/como-ter-a-fe-que-move-montanhas\/#primaryimage"},"thumbnailUrl":"https:\/\/www.oracaoefe.com\/wp-content\/uploads\/2024\/07\/image-15.png","articleSection":["F\u00e9"],"inLanguage":"fr-FR"},{"@type":"WebPage","@id":"https:\/\/www.oracaoefe.com\/como-ter-a-fe-que-move-montanhas\/","url":"https:\/\/www.oracaoefe.com\/como-ter-a-fe-que-move-montanhas\/","name":"Como ter a f\u00e9 que move montanhas? - Ora\u00e7\u00e3o e F\u00e9","isPartOf":{"@id":"https:\/\/www.oracaoefe.com\/#website"},"primaryImageOfPage":{"@id":"https:\/\/www.oracaoefe.com\/como-ter-a-fe-que-move-montanhas\/#primaryimage"},"image":{"@id":"https:\/\/www.oracaoefe.com\/como-ter-a-fe-que-move-montanhas\/#primaryimage"},"thumbnailUrl":"https:\/\/www.oracaoefe.com\/wp-content\/uploads\/2024\/07\/image-15.png","datePublished":"2024-08-15T09:00:00+00:00","dateModified":"2025-06-15T18:15:30+00:00","author":{"@id":"https:\/\/www.oracaoefe.com\/#\/schema\/person\/17283c669442cf005c4d5bb58adfb7f5"},"description":"Dieu a une parole de vie pour vous !","breadcrumb":{"@id":"https:\/\/www.oracaoefe.com\/como-ter-a-fe-que-move-montanhas\/#breadcrumb"},"inLanguage":"fr-FR","potentialAction":[{"@type":"ReadAction","target":["https:\/\/www.oracaoefe.com\/como-ter-a-fe-que-move-montanhas\/"]}]},{"@type":"ImageObject","inLanguage":"fr-FR","@id":"https:\/\/www.oracaoefe.com\/como-ter-a-fe-que-move-montanhas\/#primaryimage","url":"https:\/\/www.oracaoefe.com\/wp-content\/uploads\/2024\/07\/image-15.png","contentUrl":"https:\/\/www.oracaoefe.com\/wp-content\/uploads\/2024\/07\/image-15.png","width":740,"height":494,"caption":"Como ter a f\u00e9 que move montanhas?"},{"@type":"BreadcrumbList","@id":"https:\/\/www.oracaoefe.com\/como-ter-a-fe-que-move-montanhas\/#breadcrumb","itemListElement":[{"@type":"ListItem","position":1,"name":"Home","item":"https:\/\/www.oracaoefe.com\/"},{"@type":"ListItem","position":2,"name":"Como ter a f\u00e9 que move montanhas?"}]},{"@type":"WebSite","@id":"https:\/\/www.oracaoefe.com\/#website","url":"https:\/\/www.oracaoefe.com\/","name":"Pri\u00e8re et foi","description":"","potentialAction":[{"@type":"SearchAction","target":{"@type":"EntryPoint","urlTemplate":"https:\/\/www.oracaoefe.com\/?s={search_term_string}"},"query-input":{"@type":"PropertyValueSpecification","valueRequired":true,"valueName":"search_term_string"}}],"inLanguage":"fr-FR"},{"@type":"Person","@id":"https:\/\/www.oracaoefe.com\/#\/schema\/person\/17283c669442cf005c4d5bb58adfb7f5","name":"Michele Azevedo","image":{"@type":"ImageObject","inLanguage":"fr-FR","@id":"https:\/\/secure.gravatar.com\/avatar\/6b0eb9d22841282815e2cd856a0061c45e1761cd54b22e952d98c4746939aa85?s=96&d=mm&r=g","url":"https:\/\/secure.gravatar.com\/avatar\/6b0eb9d22841282815e2cd856a0061c45e1761cd54b22e952d98c4746939aa85?s=96&d=mm&r=g","contentUrl":"https:\/\/secure.gravatar.com\/avatar\/6b0eb9d22841282815e2cd856a0061c45e1761cd54b22e952d98c4746939aa85?s=96&d=mm&r=g","caption":"Michele Azevedo"},"description":"Dipl\u00f4m\u00e9e en litt\u00e9rature portugaise\/anglaise de l&#039;Universit\u00e9 d&#039;\u00c9tat de Ponta Grossa (UEPG), avec des dipl\u00f4mes de troisi\u00e8me cycle en art dans l&#039;\u00e9ducation (FAPI) et en psychop\u00e9dagogie scolaire (FAPI), elle est la cr\u00e9atrice et propri\u00e9taire du site web Escritora de Sucesso, a de l&#039;exp\u00e9rience dans l&#039;\u00e9criture pour les blogs en g\u00e9n\u00e9ral et travaille comme r\u00e9dactrice et \u00e9ditrice du contenu pour Ora\u00e7\u00e3o e F\u00e9.","url":"https:\/\/www.oracaoefe.com\/fr\/author\/michele-azevedo\/"}]}},"_links":{"self":[{"href":"https:\/\/www.oracaoefe.com\/fr\/wp-json\/wp\/v2\/posts\/2967","targetHints":{"allow":["GET"]}}],"collection":[{"href":"https:\/\/www.oracaoefe.com\/fr\/wp-json\/wp\/v2\/posts"}],"about":[{"href":"https:\/\/www.oracaoefe.com\/fr\/wp-json\/wp\/v2\/types\/post"}],"author":[{"embeddable":true,"href":"https:\/\/www.oracaoefe.com\/fr\/wp-json\/wp\/v2\/users\/3"}],"replies":[{"embeddable":true,"href":"https:\/\/www.oracaoefe.com\/fr\/wp-json\/wp\/v2\/comments?post=2967"}],"version-history":[{"count":2,"href":"https:\/\/www.oracaoefe.com\/fr\/wp-json\/wp\/v2\/posts\/2967\/revisions"}],"predecessor-version":[{"id":2980,"href":"https:\/\/www.oracaoefe.com\/fr\/wp-json\/wp\/v2\/posts\/2967\/revisions\/2980"}],"wp:featuredmedia":[{"embeddable":true,"href":"https:\/\/www.oracaoefe.com\/fr\/wp-json\/wp\/v2\/media\/2979"}],"wp:attachment":[{"href":"https:\/\/www.oracaoefe.com\/fr\/wp-json\/wp\/v2\/media?parent=2967"}],"wp:term":[{"taxonomy":"category","embeddable":true,"href":"https:\/\/www.oracaoefe.com\/fr\/wp-json\/wp\/v2\/categories?post=2967"},{"taxonomy":"post_tag","embeddable":true,"href":"https:\/\/www.oracaoefe.com\/fr\/wp-json\/wp\/v2\/tags?post=2967"}],"curies":[{"name":"wp","href":"https:\/\/api.w.org\/{rel}","templated":true}]}}