{"id":2965,"date":"2024-08-12T06:00:00","date_gmt":"2024-08-12T09:00:00","guid":{"rendered":"https:\/\/www.oracaoefe.com\/?p=2965"},"modified":"2024-07-26T15:47:17","modified_gmt":"2024-07-26T18:47:17","slug":"oracao-para-acalmar-uma-pessoa-urgente","status":"publish","type":"post","link":"https:\/\/www.oracaoefe.com\/fr\/oracao-para-acalmar-uma-pessoa-urgente\/","title":{"rendered":"Ora\u00e7\u00e3o para acalmar uma pessoa urgente"},"content":{"rendered":"<p class=\"wp-block-paragraph\">Na vida, momentos de ansiedade e agita\u00e7\u00e3o podem nos afetar profundamente. Em situa\u00e7\u00f5es de urg\u00eancia, onde a calma \u00e9 essencial para o bem-estar e a tomada de decis\u00f5es, uma ora\u00e7\u00e3o pode ser uma ferramenta poderosa para encontrar tranquilidade interior.&nbsp;<\/p>\n\n\n\n<h2 class=\"wp-block-heading\">A import\u00e2ncia da calma em situa\u00e7\u00f5es de urg\u00eancia<\/h2>\n\n\n\n<p class=\"wp-block-paragraph\">Quando enfrentamos situa\u00e7\u00f5es urgentes, seja por motivos de sa\u00fade, quest\u00f5es familiares, ou desafios pessoais, a capacidade de manter a calma pode fazer toda a diferen\u00e7a no desfecho desses eventos.&nbsp;<\/p>\n\n\n\n<p class=\"wp-block-paragraph\">A ansiedade e o desespero tendem a nublar nosso julgamento e dificultar a resolu\u00e7\u00e3o de problemas. Portanto, cultivar um estado de serenidade \u00e9 crucial para o nosso bem-estar emocional, e tamb\u00e9m para lidar eficazmente com as adversidades da vida.<\/p>\n\n\n\n<h2 class=\"wp-block-heading\">O poder da ora\u00e7\u00e3o<\/h2>\n\n\n\n<p class=\"wp-block-paragraph\">A ora\u00e7\u00e3o, independentemente de cren\u00e7as religiosas espec\u00edficas, \u00e9 uma pr\u00e1tica universalmente reconhecida como um meio de conex\u00e3o espiritual e de busca por paz interior.\u00a0<\/p>\n\n\n\n<figure class=\"wp-block-image size-full is-resized\"><img loading=\"lazy\" decoding=\"async\" width=\"740\" height=\"493\" src=\"https:\/\/www.oracaoefe.com\/wp-content\/uploads\/2024\/07\/image-14.png\" alt=\"\" class=\"wp-image-2977\" style=\"width:840px;height:auto\" srcset=\"https:\/\/www.oracaoefe.com\/wp-content\/uploads\/2024\/07\/image-14.png 740w, https:\/\/www.oracaoefe.com\/wp-content\/uploads\/2024\/07\/image-14-300x200.png 300w, https:\/\/www.oracaoefe.com\/wp-content\/uploads\/2024\/07\/image-14-18x12.png 18w\" sizes=\"auto, (max-width: 740px) 100vw, 740px\" \/><\/figure>\n\n\n\n<p class=\"wp-block-paragraph\">Ela pode ser utilizada como uma ferramenta para acalmar a mente e o cora\u00e7\u00e3o, proporcionando um momento de reflex\u00e3o e conforto.&nbsp;<\/p>\n\n\n\n<p class=\"wp-block-paragraph\">Em momentos de urg\u00eancia, uma ora\u00e7\u00e3o direcionada pode ajudar a restaurar a serenidade perdida e a clareza mental necess\u00e1ria para lidar com a situa\u00e7\u00e3o de maneira mais eficaz.<\/p>\n\n\n\n<h2 class=\"wp-block-heading\">Preparando-se para a ora\u00e7\u00e3o<\/h2>\n\n\n\n<p class=\"wp-block-paragraph\">Antes de come\u00e7ar a ora\u00e7\u00e3o, \u00e9 importante encontrar um espa\u00e7o tranquilo e livre de distra\u00e7\u00f5es. Isso permite que voc\u00ea se concentre completamente no momento presente e na inten\u00e7\u00e3o de acalmar a pessoa que est\u00e1 precisando de apoio.&nbsp;<\/p>\n\n\n\n<p class=\"wp-block-paragraph\">Se poss\u00edvel, acenda uma vela ou incenso para criar uma atmosfera serena e sagrada, preparando o ambiente para receber as energias positivas que a ora\u00e7\u00e3o proporcionar\u00e1.<\/p>\n\n\n\n<h2 class=\"wp-block-heading\">A ora\u00e7\u00e3o para acalmar<\/h2>\n\n\n\n<p class=\"wp-block-paragraph\">A seguir, apresentamos uma ora\u00e7\u00e3o poderosa que pode ser recitada para trazer calma e tranquilidade a uma pessoa em necessidade urgente:<\/p>\n\n\n\n<p class=\"wp-block-paragraph\"><em>&#8220;Divino Criador, fonte de paz e amor, neste momento de agita\u00e7\u00e3o e urg\u00eancia, eu me volto a ti em busca de serenidade e conforto. Pe\u00e7o que envie tuas energias curativas e calmantes para (nome da pessoa), que neste momento enfrenta desafios que a afligem profundamente. Guia seus pensamentos para a paz interior, alivia suas preocupa\u00e7\u00f5es e traga-lhe a certeza de que tudo ocorrer\u00e1 conforme a tua vontade.<\/em><\/p>\n\n\n\n<p class=\"wp-block-paragraph\"><em>Que a luz da tua sabedoria ilumine seu caminho e que ela encontre conforto na certeza de que n\u00e3o est\u00e1 sozinha. Concede-lhe a for\u00e7a necess\u00e1ria para enfrentar essa prova\u00e7\u00e3o com coragem e serenidade. Envolva-a em teu amoroso abra\u00e7o e traga-lhe a paz que transcende todo entendimento.<\/em><\/p>\n\n\n\n<p class=\"wp-block-paragraph\"><em>Que cada respira\u00e7\u00e3o seja um lembrete da tua presen\u00e7a amorosa e protetora. Fortalece seu esp\u00edrito e renova suas esperan\u00e7as. Que a paz que excede todo entendimento encontre morada em seu cora\u00e7\u00e3o, e que ela sinta tua presen\u00e7a constante em cada passo do caminho.<\/em><\/p>\n\n\n\n<p class=\"wp-block-paragraph\"><em>Que assim seja.&#8221;<\/em><\/p>\n\n\n\n<p class=\"wp-block-paragraph\"><em>Am\u00e9m.&#8221;<\/em><\/p>\n\n\n\n<h2 class=\"wp-block-heading\">Praticando a ora\u00e7\u00e3o com f\u00e9 e inten\u00e7\u00e3o<\/h2>\n\n\n\n<p class=\"wp-block-paragraph\">Ao recitar esta ora\u00e7\u00e3o, \u00e9 essencial faz\u00ea-lo com f\u00e9 genu\u00edna e uma inten\u00e7\u00e3o clara de acalmar e confortar a pessoa em necessidade. Permita que cada palavra ressoe profundamente em seu ser e na situa\u00e7\u00e3o que est\u00e1 enfrentando.&nbsp;<\/p>\n\n\n\n<p class=\"wp-block-paragraph\">A energia positiva gerada pela ora\u00e7\u00e3o pode ter um impacto transformador tanto na pessoa que est\u00e1 recebendo quanto naqueles que a cercam.<\/p>\n\n\n\n<h2 class=\"wp-block-heading\">O encerramento da ora\u00e7\u00e3o<\/h2>\n\n\n\n<p class=\"wp-block-paragraph\">Ap\u00f3s concluir a ora\u00e7\u00e3o, reserve um momento para respirar profundamente e permitir que a energia calmante permeie seu pr\u00f3prio ser. Confie que sua inten\u00e7\u00e3o foi ouvida e que as for\u00e7as superiores est\u00e3o trabalhando para trazer paz e conforto \u00e0 situa\u00e7\u00e3o.<\/p>\n\n\n\n<h2 class=\"wp-block-heading\">A arte de acalmar com ora\u00e7\u00e3o<\/h2>\n\n\n\n<p class=\"wp-block-paragraph\">A ora\u00e7\u00e3o \u00e9 uma ferramenta poderosa para acalmar uma pessoa em momentos de urg\u00eancia. Ela oferece conforto espiritual, e tamb\u00e9m pode ajudar a restaurar a serenidade mental necess\u00e1ria para enfrentar desafios com clareza e coragem. Ao praticar esta ora\u00e7\u00e3o com f\u00e9 e inten\u00e7\u00e3o, voc\u00ea se torna um canal de paz e esperan\u00e7a para aqueles que mais precisam.<\/p>\n\n\n\n<p class=\"wp-block-paragraph\"><strong>Voir aussi\u00a0: <a href=\"https:\/\/www.oracaoefe.com\/fr\/fe-que-move-turistas-veja-os-lugares-mais-visitados-pelos-cristaos\/\">F\u00e9 que move turistas: veja os lugares mais visitados pelos crist\u00e3os<\/a><\/strong><\/p>\n\n\n\n<p class=\"wp-block-paragraph\">12 de agosto de 2024<\/p>","protected":false},"excerpt":{"rendered":"<p>Na vida, momentos de ansiedade e agita\u00e7\u00e3o podem nos afetar profundamente. Em situa\u00e7\u00f5es de urg\u00eancia, onde a calma \u00e9 essencial para o bem-estar e a tomada de decis\u00f5es, uma ora\u00e7\u00e3o pode ser uma ferramenta poderosa para encontrar tranquilidade interior.&nbsp; A import\u00e2ncia da calma em situa\u00e7\u00f5es de urg\u00eancia Quando enfrentamos situa\u00e7\u00f5es urgentes, seja por motivos de&hellip;&nbsp;<\/p>","protected":false},"author":3,"featured_media":2977,"comment_status":"closed","ping_status":"closed","sticky":false,"template":"","format":"standard","meta":{"neve_meta_sidebar":"","neve_meta_container":"","neve_meta_enable_content_width":"","neve_meta_content_width":0,"neve_meta_title_alignment":"","neve_meta_author_avatar":"","neve_post_elements_order":"","neve_meta_disable_header":"","neve_meta_disable_footer":"","neve_meta_disable_title":"","footnotes":""},"categories":[2],"tags":[],"class_list":["post-2965","post","type-post","status-publish","format-standard","has-post-thumbnail","hentry","category-oracao"],"yoast_head":"<!-- This site is optimized with the Yoast SEO plugin v28.4 - https:\/\/yoast.com\/product\/yoast-seo-wordpress\/ -->\n<title>Ora\u00e7\u00e3o para acalmar uma pessoa urgente - Ora\u00e7\u00e3o e F\u00e9<\/title>\n<meta name=\"description\" content=\"Deus tem pra voc\u00ea uma palavra de vida!\" \/>\n<meta name=\"robots\" content=\"index, follow, max-snippet:-1, max-image-preview:large, max-video-preview:-1\" \/>\n<link rel=\"canonical\" href=\"https:\/\/www.oracaoefe.com\/fr\/oracao-para-acalmar-uma-pessoa-urgente\/\" \/>\n<meta property=\"og:locale\" content=\"fr_FR\" \/>\n<meta property=\"og:type\" content=\"article\" \/>\n<meta property=\"og:title\" content=\"Ora\u00e7\u00e3o para acalmar uma pessoa urgente - Ora\u00e7\u00e3o e F\u00e9\" \/>\n<meta property=\"og:description\" content=\"Deus tem pra voc\u00ea uma palavra de vida!\" \/>\n<meta property=\"og:url\" content=\"https:\/\/www.oracaoefe.com\/fr\/oracao-para-acalmar-uma-pessoa-urgente\/\" \/>\n<meta property=\"og:site_name\" content=\"Ora\u00e7\u00e3o e F\u00e9\" \/>\n<meta property=\"article:published_time\" content=\"2024-08-12T09:00:00+00:00\" \/>\n<meta property=\"og:image\" content=\"https:\/\/www.oracaoefe.com\/wp-content\/uploads\/2024\/07\/image-14.png\" \/>\n\t<meta property=\"og:image:width\" content=\"740\" \/>\n\t<meta property=\"og:image:height\" content=\"493\" \/>\n\t<meta property=\"og:image:type\" content=\"image\/png\" \/>\n<meta name=\"author\" content=\"Michele Azevedo\" \/>\n<meta name=\"twitter:card\" content=\"summary_large_image\" \/>\n<meta name=\"twitter:label1\" content=\"\u00c9crit par\" \/>\n\t<meta name=\"twitter:data1\" content=\"Michele Azevedo\" \/>\n\t<meta name=\"twitter:label2\" content=\"Dur\u00e9e de lecture estim\u00e9e\" \/>\n\t<meta name=\"twitter:data2\" content=\"4 minutes\" \/>\n<script type=\"application\/ld+json\" class=\"yoast-schema-graph\">{\"@context\":\"https:\\\/\\\/schema.org\",\"@graph\":[{\"@type\":\"Article\",\"@id\":\"https:\\\/\\\/www.oracaoefe.com\\\/oracao-para-acalmar-uma-pessoa-urgente\\\/#article\",\"isPartOf\":{\"@id\":\"https:\\\/\\\/www.oracaoefe.com\\\/oracao-para-acalmar-uma-pessoa-urgente\\\/\"},\"author\":{\"name\":\"Michele Azevedo\",\"@id\":\"https:\\\/\\\/www.oracaoefe.com\\\/#\\\/schema\\\/person\\\/17283c669442cf005c4d5bb58adfb7f5\"},\"headline\":\"Ora\u00e7\u00e3o para acalmar uma pessoa urgente\",\"datePublished\":\"2024-08-12T09:00:00+00:00\",\"mainEntityOfPage\":{\"@id\":\"https:\\\/\\\/www.oracaoefe.com\\\/oracao-para-acalmar-uma-pessoa-urgente\\\/\"},\"wordCount\":716,\"image\":{\"@id\":\"https:\\\/\\\/www.oracaoefe.com\\\/oracao-para-acalmar-uma-pessoa-urgente\\\/#primaryimage\"},\"thumbnailUrl\":\"https:\\\/\\\/www.oracaoefe.com\\\/wp-content\\\/uploads\\\/2024\\\/07\\\/image-14.png\",\"articleSection\":[\"Ora\u00e7\u00e3o\"],\"inLanguage\":\"fr-FR\"},{\"@type\":\"WebPage\",\"@id\":\"https:\\\/\\\/www.oracaoefe.com\\\/oracao-para-acalmar-uma-pessoa-urgente\\\/\",\"url\":\"https:\\\/\\\/www.oracaoefe.com\\\/oracao-para-acalmar-uma-pessoa-urgente\\\/\",\"name\":\"Ora\u00e7\u00e3o para acalmar uma pessoa urgente - Ora\u00e7\u00e3o e F\u00e9\",\"isPartOf\":{\"@id\":\"https:\\\/\\\/www.oracaoefe.com\\\/#website\"},\"primaryImageOfPage\":{\"@id\":\"https:\\\/\\\/www.oracaoefe.com\\\/oracao-para-acalmar-uma-pessoa-urgente\\\/#primaryimage\"},\"image\":{\"@id\":\"https:\\\/\\\/www.oracaoefe.com\\\/oracao-para-acalmar-uma-pessoa-urgente\\\/#primaryimage\"},\"thumbnailUrl\":\"https:\\\/\\\/www.oracaoefe.com\\\/wp-content\\\/uploads\\\/2024\\\/07\\\/image-14.png\",\"datePublished\":\"2024-08-12T09:00:00+00:00\",\"author\":{\"@id\":\"https:\\\/\\\/www.oracaoefe.com\\\/#\\\/schema\\\/person\\\/17283c669442cf005c4d5bb58adfb7f5\"},\"description\":\"Deus tem pra voc\u00ea uma palavra de vida!\",\"breadcrumb\":{\"@id\":\"https:\\\/\\\/www.oracaoefe.com\\\/oracao-para-acalmar-uma-pessoa-urgente\\\/#breadcrumb\"},\"inLanguage\":\"fr-FR\",\"potentialAction\":[{\"@type\":\"ReadAction\",\"target\":[\"https:\\\/\\\/www.oracaoefe.com\\\/oracao-para-acalmar-uma-pessoa-urgente\\\/\"]}]},{\"@type\":\"ImageObject\",\"inLanguage\":\"fr-FR\",\"@id\":\"https:\\\/\\\/www.oracaoefe.com\\\/oracao-para-acalmar-uma-pessoa-urgente\\\/#primaryimage\",\"url\":\"https:\\\/\\\/www.oracaoefe.com\\\/wp-content\\\/uploads\\\/2024\\\/07\\\/image-14.png\",\"contentUrl\":\"https:\\\/\\\/www.oracaoefe.com\\\/wp-content\\\/uploads\\\/2024\\\/07\\\/image-14.png\",\"width\":740,\"height\":493,\"caption\":\"Ora\u00e7\u00e3o para acalmar uma pessoa urgente\"},{\"@type\":\"BreadcrumbList\",\"@id\":\"https:\\\/\\\/www.oracaoefe.com\\\/oracao-para-acalmar-uma-pessoa-urgente\\\/#breadcrumb\",\"itemListElement\":[{\"@type\":\"ListItem\",\"position\":1,\"name\":\"Home\",\"item\":\"https:\\\/\\\/www.oracaoefe.com\\\/\"},{\"@type\":\"ListItem\",\"position\":2,\"name\":\"Ora\u00e7\u00e3o\",\"item\":\"https:\\\/\\\/www.oracaoefe.com\\\/category\\\/oracao\\\/\"},{\"@type\":\"ListItem\",\"position\":3,\"name\":\"Ora\u00e7\u00e3o para acalmar uma pessoa urgente\"}]},{\"@type\":\"WebSite\",\"@id\":\"https:\\\/\\\/www.oracaoefe.com\\\/#website\",\"url\":\"https:\\\/\\\/www.oracaoefe.com\\\/\",\"name\":\"Ora\u00e7\u00e3o e F\u00e9\",\"description\":\"\",\"potentialAction\":[{\"@type\":\"SearchAction\",\"target\":{\"@type\":\"EntryPoint\",\"urlTemplate\":\"https:\\\/\\\/www.oracaoefe.com\\\/?s={search_term_string}\"},\"query-input\":{\"@type\":\"PropertyValueSpecification\",\"valueRequired\":true,\"valueName\":\"search_term_string\"}}],\"inLanguage\":\"fr-FR\"},{\"@type\":\"Person\",\"@id\":\"https:\\\/\\\/www.oracaoefe.com\\\/#\\\/schema\\\/person\\\/17283c669442cf005c4d5bb58adfb7f5\",\"name\":\"Michele Azevedo\",\"image\":{\"@type\":\"ImageObject\",\"inLanguage\":\"fr-FR\",\"@id\":\"https:\\\/\\\/secure.gravatar.com\\\/avatar\\\/6b0eb9d22841282815e2cd856a0061c45e1761cd54b22e952d98c4746939aa85?s=96&d=mm&r=g\",\"url\":\"https:\\\/\\\/secure.gravatar.com\\\/avatar\\\/6b0eb9d22841282815e2cd856a0061c45e1761cd54b22e952d98c4746939aa85?s=96&d=mm&r=g\",\"contentUrl\":\"https:\\\/\\\/secure.gravatar.com\\\/avatar\\\/6b0eb9d22841282815e2cd856a0061c45e1761cd54b22e952d98c4746939aa85?s=96&d=mm&r=g\",\"caption\":\"Michele Azevedo\"},\"description\":\"Formada em Letras - Portugu\u00eas\\\/ Ingl\u00eas pela Universidade Estadual de Ponta Grossa (UEPG), p\u00f3s-graduada em Arte na Educa\u00e7\u00e3o (FAPI) e Psicopedagogia Escolar (FAPI), idealizadora e propriet\u00e1ria do site Escritora de Sucesso, possui experi\u00eancia em escrita para blogs em geral e atua como redatora e revisora dos conte\u00fados do Ora\u00e7\u00e3o e F\u00e9.\",\"url\":\"https:\\\/\\\/www.oracaoefe.com\\\/fr\\\/author\\\/michele-azevedo\\\/\"}]}<\/script>\n<!-- \/ Yoast SEO plugin. -->","yoast_head_json":{"title":"Ora\u00e7\u00e3o para acalmar uma pessoa urgente - Ora\u00e7\u00e3o e F\u00e9","description":"Dieu a une parole de vie pour vous !","robots":{"index":"index","follow":"follow","max-snippet":"max-snippet:-1","max-image-preview":"max-image-preview:large","max-video-preview":"max-video-preview:-1"},"canonical":"https:\/\/www.oracaoefe.com\/fr\/oracao-para-acalmar-uma-pessoa-urgente\/","og_locale":"fr_FR","og_type":"article","og_title":"Ora\u00e7\u00e3o para acalmar uma pessoa urgente - Ora\u00e7\u00e3o e F\u00e9","og_description":"Deus tem pra voc\u00ea uma palavra de vida!","og_url":"https:\/\/www.oracaoefe.com\/fr\/oracao-para-acalmar-uma-pessoa-urgente\/","og_site_name":"Ora\u00e7\u00e3o e F\u00e9","article_published_time":"2024-08-12T09:00:00+00:00","og_image":[{"width":740,"height":493,"url":"https:\/\/www.oracaoefe.com\/wp-content\/uploads\/2024\/07\/image-14.png","type":"image\/png"}],"author":"Michele Azevedo","twitter_card":"summary_large_image","twitter_misc":{"\u00c9crit par":"Michele Azevedo","Dur\u00e9e de lecture estim\u00e9e":"4 minutes"},"schema":{"@context":"https:\/\/schema.org","@graph":[{"@type":"Article","@id":"https:\/\/www.oracaoefe.com\/oracao-para-acalmar-uma-pessoa-urgente\/#article","isPartOf":{"@id":"https:\/\/www.oracaoefe.com\/oracao-para-acalmar-uma-pessoa-urgente\/"},"author":{"name":"Michele Azevedo","@id":"https:\/\/www.oracaoefe.com\/#\/schema\/person\/17283c669442cf005c4d5bb58adfb7f5"},"headline":"Ora\u00e7\u00e3o para acalmar uma pessoa urgente","datePublished":"2024-08-12T09:00:00+00:00","mainEntityOfPage":{"@id":"https:\/\/www.oracaoefe.com\/oracao-para-acalmar-uma-pessoa-urgente\/"},"wordCount":716,"image":{"@id":"https:\/\/www.oracaoefe.com\/oracao-para-acalmar-uma-pessoa-urgente\/#primaryimage"},"thumbnailUrl":"https:\/\/www.oracaoefe.com\/wp-content\/uploads\/2024\/07\/image-14.png","articleSection":["Ora\u00e7\u00e3o"],"inLanguage":"fr-FR"},{"@type":"WebPage","@id":"https:\/\/www.oracaoefe.com\/oracao-para-acalmar-uma-pessoa-urgente\/","url":"https:\/\/www.oracaoefe.com\/oracao-para-acalmar-uma-pessoa-urgente\/","name":"Ora\u00e7\u00e3o para acalmar uma pessoa urgente - Ora\u00e7\u00e3o e F\u00e9","isPartOf":{"@id":"https:\/\/www.oracaoefe.com\/#website"},"primaryImageOfPage":{"@id":"https:\/\/www.oracaoefe.com\/oracao-para-acalmar-uma-pessoa-urgente\/#primaryimage"},"image":{"@id":"https:\/\/www.oracaoefe.com\/oracao-para-acalmar-uma-pessoa-urgente\/#primaryimage"},"thumbnailUrl":"https:\/\/www.oracaoefe.com\/wp-content\/uploads\/2024\/07\/image-14.png","datePublished":"2024-08-12T09:00:00+00:00","author":{"@id":"https:\/\/www.oracaoefe.com\/#\/schema\/person\/17283c669442cf005c4d5bb58adfb7f5"},"description":"Dieu a une parole de vie pour vous !","breadcrumb":{"@id":"https:\/\/www.oracaoefe.com\/oracao-para-acalmar-uma-pessoa-urgente\/#breadcrumb"},"inLanguage":"fr-FR","potentialAction":[{"@type":"ReadAction","target":["https:\/\/www.oracaoefe.com\/oracao-para-acalmar-uma-pessoa-urgente\/"]}]},{"@type":"ImageObject","inLanguage":"fr-FR","@id":"https:\/\/www.oracaoefe.com\/oracao-para-acalmar-uma-pessoa-urgente\/#primaryimage","url":"https:\/\/www.oracaoefe.com\/wp-content\/uploads\/2024\/07\/image-14.png","contentUrl":"https:\/\/www.oracaoefe.com\/wp-content\/uploads\/2024\/07\/image-14.png","width":740,"height":493,"caption":"Ora\u00e7\u00e3o para acalmar uma pessoa urgente"},{"@type":"BreadcrumbList","@id":"https:\/\/www.oracaoefe.com\/oracao-para-acalmar-uma-pessoa-urgente\/#breadcrumb","itemListElement":[{"@type":"ListItem","position":1,"name":"Home","item":"https:\/\/www.oracaoefe.com\/"},{"@type":"ListItem","position":2,"name":"Ora\u00e7\u00e3o","item":"https:\/\/www.oracaoefe.com\/category\/oracao\/"},{"@type":"ListItem","position":3,"name":"Ora\u00e7\u00e3o para acalmar uma pessoa urgente"}]},{"@type":"WebSite","@id":"https:\/\/www.oracaoefe.com\/#website","url":"https:\/\/www.oracaoefe.com\/","name":"Pri\u00e8re et foi","description":"","potentialAction":[{"@type":"SearchAction","target":{"@type":"EntryPoint","urlTemplate":"https:\/\/www.oracaoefe.com\/?s={search_term_string}"},"query-input":{"@type":"PropertyValueSpecification","valueRequired":true,"valueName":"search_term_string"}}],"inLanguage":"fr-FR"},{"@type":"Person","@id":"https:\/\/www.oracaoefe.com\/#\/schema\/person\/17283c669442cf005c4d5bb58adfb7f5","name":"Michele Azevedo","image":{"@type":"ImageObject","inLanguage":"fr-FR","@id":"https:\/\/secure.gravatar.com\/avatar\/6b0eb9d22841282815e2cd856a0061c45e1761cd54b22e952d98c4746939aa85?s=96&d=mm&r=g","url":"https:\/\/secure.gravatar.com\/avatar\/6b0eb9d22841282815e2cd856a0061c45e1761cd54b22e952d98c4746939aa85?s=96&d=mm&r=g","contentUrl":"https:\/\/secure.gravatar.com\/avatar\/6b0eb9d22841282815e2cd856a0061c45e1761cd54b22e952d98c4746939aa85?s=96&d=mm&r=g","caption":"Michele Azevedo"},"description":"Dipl\u00f4m\u00e9e en litt\u00e9rature portugaise\/anglaise de l&#039;Universit\u00e9 d&#039;\u00c9tat de Ponta Grossa (UEPG), avec des dipl\u00f4mes de troisi\u00e8me cycle en art dans l&#039;\u00e9ducation (FAPI) et en psychop\u00e9dagogie scolaire (FAPI), elle est la cr\u00e9atrice et propri\u00e9taire du site web Escritora de Sucesso, a de l&#039;exp\u00e9rience dans l&#039;\u00e9criture pour les blogs en g\u00e9n\u00e9ral et travaille comme r\u00e9dactrice et \u00e9ditrice du contenu pour Ora\u00e7\u00e3o e F\u00e9.","url":"https:\/\/www.oracaoefe.com\/fr\/author\/michele-azevedo\/"}]}},"_links":{"self":[{"href":"https:\/\/www.oracaoefe.com\/fr\/wp-json\/wp\/v2\/posts\/2965","targetHints":{"allow":["GET"]}}],"collection":[{"href":"https:\/\/www.oracaoefe.com\/fr\/wp-json\/wp\/v2\/posts"}],"about":[{"href":"https:\/\/www.oracaoefe.com\/fr\/wp-json\/wp\/v2\/types\/post"}],"author":[{"embeddable":true,"href":"https:\/\/www.oracaoefe.com\/fr\/wp-json\/wp\/v2\/users\/3"}],"replies":[{"embeddable":true,"href":"https:\/\/www.oracaoefe.com\/fr\/wp-json\/wp\/v2\/comments?post=2965"}],"version-history":[{"count":2,"href":"https:\/\/www.oracaoefe.com\/fr\/wp-json\/wp\/v2\/posts\/2965\/revisions"}],"predecessor-version":[{"id":2978,"href":"https:\/\/www.oracaoefe.com\/fr\/wp-json\/wp\/v2\/posts\/2965\/revisions\/2978"}],"wp:featuredmedia":[{"embeddable":true,"href":"https:\/\/www.oracaoefe.com\/fr\/wp-json\/wp\/v2\/media\/2977"}],"wp:attachment":[{"href":"https:\/\/www.oracaoefe.com\/fr\/wp-json\/wp\/v2\/media?parent=2965"}],"wp:term":[{"taxonomy":"category","embeddable":true,"href":"https:\/\/www.oracaoefe.com\/fr\/wp-json\/wp\/v2\/categories?post=2965"},{"taxonomy":"post_tag","embeddable":true,"href":"https:\/\/www.oracaoefe.com\/fr\/wp-json\/wp\/v2\/tags?post=2965"}],"curies":[{"name":"wp","href":"https:\/\/api.w.org\/{rel}","templated":true}]}}