{"id":2963,"date":"2024-08-06T06:00:00","date_gmt":"2024-08-06T09:00:00","guid":{"rendered":"https:\/\/www.oracaoefe.com\/?p=2963"},"modified":"2024-07-26T15:44:57","modified_gmt":"2024-07-26T18:44:57","slug":"8-dicas-para-voce-crescer-na-vivencia-da-fe","status":"publish","type":"post","link":"https:\/\/www.oracaoefe.com\/fr\/8-dicas-para-voce-crescer-na-vivencia-da-fe\/","title":{"rendered":"8 dicas para voc\u00ea crescer na viv\u00eancia da f\u00e9"},"content":{"rendered":"<p class=\"wp-block-paragraph\">Viver a f\u00e9 de maneira significativa e profunda \u00e9 um desejo compartilhado por muitos indiv\u00edduos ao redor do mundo. Seja qual for a sua tradi\u00e7\u00e3o religiosa, encontrar maneiras de fortalecer e expandir sua experi\u00eancia espiritual pode ser enriquecedor e transformador.&nbsp;<\/p>\n\n\n\n<h2 class=\"wp-block-heading\">8 dicas para voc\u00ea crescer na viv\u00eancia da f\u00e9<\/h2>\n\n\n\n<p class=\"wp-block-paragraph\">Intensificar a viv\u00eancia da f\u00e9 \u00e9 um anseio compartilhado por muitos, independentemente da afilia\u00e7\u00e3o religiosa. Conhe\u00e7a algumas estrat\u00e9gias pr\u00e1ticas e inspiradoras para ajud\u00e1-lo a fortalecer e a enriquecer sua jornada espiritual.&nbsp;<\/p>\n\n\n\n<h3 class=\"wp-block-heading\">1. Estabele\u00e7a uma rotina de espiritualidade<\/h3>\n\n\n\n<p class=\"wp-block-paragraph\">Um dos primeiros passos para aprofundar sua viv\u00eancia de f\u00e9 \u00e9 estabelecer uma rotina consistente de pr\u00e1ticas espirituais. Isso pode incluir momentos di\u00e1rios de ora\u00e7\u00e3o, medita\u00e7\u00e3o ou leitura de textos sagrados. A regularidade cria um espa\u00e7o dedicado para a conex\u00e3o com o divino, fortalecendo seu relacionamento espiritual ao longo do tempo.<\/p>\n\n\n\n<figure class=\"wp-block-image size-full is-resized\"><img loading=\"lazy\" decoding=\"async\" width=\"740\" height=\"493\" src=\"https:\/\/www.oracaoefe.com\/wp-content\/uploads\/2024\/07\/image-12.png\" alt=\"\" class=\"wp-image-2973\" style=\"width:840px;height:auto\" srcset=\"https:\/\/www.oracaoefe.com\/wp-content\/uploads\/2024\/07\/image-12.png 740w, https:\/\/www.oracaoefe.com\/wp-content\/uploads\/2024\/07\/image-12-300x200.png 300w, https:\/\/www.oracaoefe.com\/wp-content\/uploads\/2024\/07\/image-12-18x12.png 18w\" sizes=\"auto, (max-width: 740px) 100vw, 740px\" \/><\/figure>\n\n\n\n<h3 class=\"wp-block-heading\">2. Participe de comunidades religiosas<\/h3>\n\n\n\n<p class=\"wp-block-paragraph\">Engajar-se com uma comunidade religiosa proporciona apoio, aprendizado e compartilhamento de experi\u00eancias com outros praticantes. Participe de servi\u00e7os religiosos, grupos de estudo ou atividades volunt\u00e1rias dentro da sua congrega\u00e7\u00e3o. O conv\u00edvio com outros fi\u00e9is pode enriquecer sua compreens\u00e3o da f\u00e9 e oferecer uma rede de apoio espiritual.<\/p>\n\n\n\n<h3 class=\"wp-block-heading\">3. Aprofunde seu conhecimento<\/h3>\n\n\n\n<p class=\"wp-block-paragraph\">Investir na compreens\u00e3o teol\u00f3gica e hist\u00f3rica da sua f\u00e9 pode abrir novas perspectivas e fortalecer suas convic\u00e7\u00f5es. Leia textos sagrados, estude obras de teologia e explore a hist\u00f3ria da sua tradi\u00e7\u00e3o religiosa. Compreender os fundamentos da sua f\u00e9 pode ajud\u00e1-lo a aplicar seus ensinamentos de maneira mais profunda e aut\u00eantica na sua vida cotidiana.<\/p>\n\n\n\n<h3 class=\"wp-block-heading\">4. Pratique a gratid\u00e3o<\/h3>\n\n\n\n<p class=\"wp-block-paragraph\">A pr\u00e1tica da gratid\u00e3o \u00e9 uma forma poderosa de fortalecer sua conex\u00e3o espiritual. Dedique tempo para refletir e agradecer pelas b\u00ean\u00e7\u00e3os e experi\u00eancias positivas que voc\u00ea vivencia. Isso aumenta sua consci\u00eancia espiritual e cultiva um cora\u00e7\u00e3o grato e aberto aos ensinamentos da sua f\u00e9.<\/p>\n\n\n\n<h3 class=\"wp-block-heading\">5. Enfrente d\u00favidas e questionamentos<\/h3>\n\n\n\n<p class=\"wp-block-paragraph\">A jornada espiritual muitas vezes envolve questionamentos e d\u00favidas. N\u00e3o tenha medo de explorar suas incertezas de maneira honesta e aberta. Busque orienta\u00e7\u00e3o com l\u00edderes espirituais, participe de grupos de discuss\u00e3o e estudos que abordem temas complexos da sua f\u00e9. O processo de questionamento pode levar a uma compreens\u00e3o mais profunda e pessoal da sua espiritualidade.<\/p>\n\n\n\n<h3 class=\"wp-block-heading\">6. Cultive a empatia e a compaix\u00e3o<\/h3>\n\n\n\n<p class=\"wp-block-paragraph\">Viver a f\u00e9 vai al\u00e9m das pr\u00e1ticas individuais; trata-se tamb\u00e9m de como voc\u00ea interage com o mundo ao seu redor. Cultivar a empatia e a compaix\u00e3o s\u00e3o princ\u00edpios fundamentais de muitas tradi\u00e7\u00f5es religiosas. Procure oportunidades para ajudar os outros, praticar o perd\u00e3o e ser um agente de paz e amor na sua comunidade.<\/p>\n\n\n\n<h3 class=\"wp-block-heading\">7. Mantenha um di\u00e1logo cont\u00ednuo com o divino<\/h3>\n\n\n\n<p class=\"wp-block-paragraph\">A ora\u00e7\u00e3o \u00e9 uma forma poderosa de manter um di\u00e1logo cont\u00ednuo com o divino. Dedique momentos regulares para conversar com Deus, expressando suas alegrias, preocupa\u00e7\u00f5es e gratid\u00f5es. Al\u00e9m da ora\u00e7\u00e3o formal, esteja aberto \u00e0 escuta interior e \u00e0s respostas que podem surgir atrav\u00e9s da intui\u00e7\u00e3o, da reflex\u00e3o e da experi\u00eancia.<\/p>\n\n\n\n<h3 class=\"wp-block-heading\">8. Integre sua f\u00e9 na vida cotidiana<\/h3>\n\n\n\n<p class=\"wp-block-paragraph\">Por fim, para verdadeiramente crescer na viv\u00eancia da f\u00e9, \u00e9 essencial integrar seus valores espirituais na sua vida di\u00e1ria. Isso pode incluir tomar decis\u00f5es \u00e9ticas baseadas nos princ\u00edpios da sua f\u00e9, ser um exemplo de bondade e integridade, e buscar sempre crescer espiritualmente, mesmo nas pequenas a\u00e7\u00f5es do dia a dia.<\/p>\n\n\n\n<h2 class=\"wp-block-heading\">Uma jornada pessoal e cont\u00ednua<\/h2>\n\n\n\n<p class=\"wp-block-paragraph\">Crescer na viv\u00eancia da f\u00e9 \u00e9 uma jornada pessoal e cont\u00ednua, que envolve comprometimento, estudo e pr\u00e1tica. Ao seguir estas oito dicas, voc\u00ea poder\u00e1 fortalecer sua conex\u00e3o espiritual, expandir sua compreens\u00e3o da sua f\u00e9 e integrar seus valores espirituais na sua vida de maneira mais profunda e significativa.<\/p>\n\n\n\n<p class=\"wp-block-paragraph\"><strong>Voir aussi\u00a0: <a href=\"https:\/\/www.oracaoefe.com\/fr\/fe-que-move-turistas-veja-os-lugares-mais-visitados-pelos-cristaos\/\">F\u00e9 que move turistas: veja os lugares mais visitados pelos crist\u00e3os<\/a><\/strong><\/p>\n\n\n\n<p class=\"wp-block-paragraph\">6 de agosto de 2024<\/p>","protected":false},"excerpt":{"rendered":"<p>Viver a f\u00e9 de maneira significativa e profunda \u00e9 um desejo compartilhado por muitos indiv\u00edduos ao redor do mundo. Seja qual for a sua tradi\u00e7\u00e3o religiosa, encontrar maneiras de fortalecer e expandir sua experi\u00eancia espiritual pode ser enriquecedor e transformador.&nbsp; 8 dicas para voc\u00ea crescer na viv\u00eancia da f\u00e9 Intensificar a viv\u00eancia da f\u00e9 \u00e9&hellip;&nbsp;<\/p>","protected":false},"author":3,"featured_media":2973,"comment_status":"closed","ping_status":"closed","sticky":false,"template":"","format":"standard","meta":{"neve_meta_sidebar":"","neve_meta_container":"","neve_meta_enable_content_width":"","neve_meta_content_width":0,"neve_meta_title_alignment":"","neve_meta_author_avatar":"","neve_post_elements_order":"","neve_meta_disable_header":"","neve_meta_disable_footer":"","neve_meta_disable_title":"","footnotes":""},"categories":[3],"tags":[],"class_list":["post-2963","post","type-post","status-publish","format-standard","has-post-thumbnail","hentry","category-fe"],"yoast_head":"<!-- This site is optimized with the Yoast SEO plugin v28.4 - https:\/\/yoast.com\/product\/yoast-seo-wordpress\/ -->\n<title>8 dicas para voc\u00ea crescer na viv\u00eancia da f\u00e9 - Ora\u00e7\u00e3o e F\u00e9<\/title>\n<meta name=\"description\" content=\"Deus tem pra voc\u00ea uma palavra de vida!\" \/>\n<meta name=\"robots\" content=\"index, follow, max-snippet:-1, max-image-preview:large, max-video-preview:-1\" \/>\n<link rel=\"canonical\" href=\"https:\/\/www.oracaoefe.com\/fr\/8-dicas-para-voce-crescer-na-vivencia-da-fe\/\" \/>\n<meta property=\"og:locale\" content=\"fr_FR\" \/>\n<meta property=\"og:type\" content=\"article\" \/>\n<meta property=\"og:title\" content=\"8 dicas para voc\u00ea crescer na viv\u00eancia da f\u00e9 - Ora\u00e7\u00e3o e F\u00e9\" \/>\n<meta property=\"og:description\" content=\"Deus tem pra voc\u00ea uma palavra de vida!\" \/>\n<meta property=\"og:url\" content=\"https:\/\/www.oracaoefe.com\/fr\/8-dicas-para-voce-crescer-na-vivencia-da-fe\/\" \/>\n<meta property=\"og:site_name\" content=\"Ora\u00e7\u00e3o e F\u00e9\" \/>\n<meta property=\"article:published_time\" content=\"2024-08-06T09:00:00+00:00\" \/>\n<meta property=\"og:image\" content=\"https:\/\/www.oracaoefe.com\/wp-content\/uploads\/2024\/07\/image-12.png\" \/>\n\t<meta property=\"og:image:width\" content=\"740\" \/>\n\t<meta property=\"og:image:height\" content=\"493\" \/>\n\t<meta property=\"og:image:type\" content=\"image\/png\" \/>\n<meta name=\"author\" content=\"Michele Azevedo\" \/>\n<meta name=\"twitter:card\" content=\"summary_large_image\" \/>\n<meta name=\"twitter:label1\" content=\"\u00c9crit par\" \/>\n\t<meta name=\"twitter:data1\" content=\"Michele Azevedo\" \/>\n\t<meta name=\"twitter:label2\" content=\"Dur\u00e9e de lecture estim\u00e9e\" \/>\n\t<meta name=\"twitter:data2\" content=\"3 minutes\" \/>\n<script type=\"application\/ld+json\" class=\"yoast-schema-graph\">{\"@context\":\"https:\\\/\\\/schema.org\",\"@graph\":[{\"@type\":\"Article\",\"@id\":\"https:\\\/\\\/www.oracaoefe.com\\\/8-dicas-para-voce-crescer-na-vivencia-da-fe\\\/#article\",\"isPartOf\":{\"@id\":\"https:\\\/\\\/www.oracaoefe.com\\\/8-dicas-para-voce-crescer-na-vivencia-da-fe\\\/\"},\"author\":{\"name\":\"Michele Azevedo\",\"@id\":\"https:\\\/\\\/www.oracaoefe.com\\\/#\\\/schema\\\/person\\\/17283c669442cf005c4d5bb58adfb7f5\"},\"headline\":\"8 dicas para voc\u00ea crescer na viv\u00eancia da f\u00e9\",\"datePublished\":\"2024-08-06T09:00:00+00:00\",\"mainEntityOfPage\":{\"@id\":\"https:\\\/\\\/www.oracaoefe.com\\\/8-dicas-para-voce-crescer-na-vivencia-da-fe\\\/\"},\"wordCount\":679,\"image\":{\"@id\":\"https:\\\/\\\/www.oracaoefe.com\\\/8-dicas-para-voce-crescer-na-vivencia-da-fe\\\/#primaryimage\"},\"thumbnailUrl\":\"https:\\\/\\\/www.oracaoefe.com\\\/wp-content\\\/uploads\\\/2024\\\/07\\\/image-12.png\",\"articleSection\":[\"F\u00e9\"],\"inLanguage\":\"fr-FR\"},{\"@type\":\"WebPage\",\"@id\":\"https:\\\/\\\/www.oracaoefe.com\\\/8-dicas-para-voce-crescer-na-vivencia-da-fe\\\/\",\"url\":\"https:\\\/\\\/www.oracaoefe.com\\\/8-dicas-para-voce-crescer-na-vivencia-da-fe\\\/\",\"name\":\"8 dicas para voc\u00ea crescer na viv\u00eancia da f\u00e9 - Ora\u00e7\u00e3o e F\u00e9\",\"isPartOf\":{\"@id\":\"https:\\\/\\\/www.oracaoefe.com\\\/#website\"},\"primaryImageOfPage\":{\"@id\":\"https:\\\/\\\/www.oracaoefe.com\\\/8-dicas-para-voce-crescer-na-vivencia-da-fe\\\/#primaryimage\"},\"image\":{\"@id\":\"https:\\\/\\\/www.oracaoefe.com\\\/8-dicas-para-voce-crescer-na-vivencia-da-fe\\\/#primaryimage\"},\"thumbnailUrl\":\"https:\\\/\\\/www.oracaoefe.com\\\/wp-content\\\/uploads\\\/2024\\\/07\\\/image-12.png\",\"datePublished\":\"2024-08-06T09:00:00+00:00\",\"author\":{\"@id\":\"https:\\\/\\\/www.oracaoefe.com\\\/#\\\/schema\\\/person\\\/17283c669442cf005c4d5bb58adfb7f5\"},\"description\":\"Deus tem pra voc\u00ea uma palavra de vida!\",\"breadcrumb\":{\"@id\":\"https:\\\/\\\/www.oracaoefe.com\\\/8-dicas-para-voce-crescer-na-vivencia-da-fe\\\/#breadcrumb\"},\"inLanguage\":\"fr-FR\",\"potentialAction\":[{\"@type\":\"ReadAction\",\"target\":[\"https:\\\/\\\/www.oracaoefe.com\\\/8-dicas-para-voce-crescer-na-vivencia-da-fe\\\/\"]}]},{\"@type\":\"ImageObject\",\"inLanguage\":\"fr-FR\",\"@id\":\"https:\\\/\\\/www.oracaoefe.com\\\/8-dicas-para-voce-crescer-na-vivencia-da-fe\\\/#primaryimage\",\"url\":\"https:\\\/\\\/www.oracaoefe.com\\\/wp-content\\\/uploads\\\/2024\\\/07\\\/image-12.png\",\"contentUrl\":\"https:\\\/\\\/www.oracaoefe.com\\\/wp-content\\\/uploads\\\/2024\\\/07\\\/image-12.png\",\"width\":740,\"height\":493,\"caption\":\"8 dicas para voc\u00ea crescer na viv\u00eancia da f\u00e9\"},{\"@type\":\"BreadcrumbList\",\"@id\":\"https:\\\/\\\/www.oracaoefe.com\\\/8-dicas-para-voce-crescer-na-vivencia-da-fe\\\/#breadcrumb\",\"itemListElement\":[{\"@type\":\"ListItem\",\"position\":1,\"name\":\"Home\",\"item\":\"https:\\\/\\\/www.oracaoefe.com\\\/\"},{\"@type\":\"ListItem\",\"position\":2,\"name\":\"F\u00e9\",\"item\":\"https:\\\/\\\/www.oracaoefe.com\\\/es\\\/categoria\\\/fe\\\/\"},{\"@type\":\"ListItem\",\"position\":3,\"name\":\"8 dicas para voc\u00ea crescer na viv\u00eancia da f\u00e9\"}]},{\"@type\":\"WebSite\",\"@id\":\"https:\\\/\\\/www.oracaoefe.com\\\/#website\",\"url\":\"https:\\\/\\\/www.oracaoefe.com\\\/\",\"name\":\"Ora\u00e7\u00e3o e F\u00e9\",\"description\":\"\",\"potentialAction\":[{\"@type\":\"SearchAction\",\"target\":{\"@type\":\"EntryPoint\",\"urlTemplate\":\"https:\\\/\\\/www.oracaoefe.com\\\/?s={search_term_string}\"},\"query-input\":{\"@type\":\"PropertyValueSpecification\",\"valueRequired\":true,\"valueName\":\"search_term_string\"}}],\"inLanguage\":\"fr-FR\"},{\"@type\":\"Person\",\"@id\":\"https:\\\/\\\/www.oracaoefe.com\\\/#\\\/schema\\\/person\\\/17283c669442cf005c4d5bb58adfb7f5\",\"name\":\"Michele Azevedo\",\"image\":{\"@type\":\"ImageObject\",\"inLanguage\":\"fr-FR\",\"@id\":\"https:\\\/\\\/secure.gravatar.com\\\/avatar\\\/6b0eb9d22841282815e2cd856a0061c45e1761cd54b22e952d98c4746939aa85?s=96&d=mm&r=g\",\"url\":\"https:\\\/\\\/secure.gravatar.com\\\/avatar\\\/6b0eb9d22841282815e2cd856a0061c45e1761cd54b22e952d98c4746939aa85?s=96&d=mm&r=g\",\"contentUrl\":\"https:\\\/\\\/secure.gravatar.com\\\/avatar\\\/6b0eb9d22841282815e2cd856a0061c45e1761cd54b22e952d98c4746939aa85?s=96&d=mm&r=g\",\"caption\":\"Michele Azevedo\"},\"description\":\"Formada em Letras - Portugu\u00eas\\\/ Ingl\u00eas pela Universidade Estadual de Ponta Grossa (UEPG), p\u00f3s-graduada em Arte na Educa\u00e7\u00e3o (FAPI) e Psicopedagogia Escolar (FAPI), idealizadora e propriet\u00e1ria do site Escritora de Sucesso, possui experi\u00eancia em escrita para blogs em geral e atua como redatora e revisora dos conte\u00fados do Ora\u00e7\u00e3o e F\u00e9.\",\"url\":\"https:\\\/\\\/www.oracaoefe.com\\\/fr\\\/author\\\/michele-azevedo\\\/\"}]}<\/script>\n<!-- \/ Yoast SEO plugin. -->","yoast_head_json":{"title":"8 dicas para voc\u00ea crescer na viv\u00eancia da f\u00e9 - Ora\u00e7\u00e3o e F\u00e9","description":"Dieu a une parole de vie pour vous !","robots":{"index":"index","follow":"follow","max-snippet":"max-snippet:-1","max-image-preview":"max-image-preview:large","max-video-preview":"max-video-preview:-1"},"canonical":"https:\/\/www.oracaoefe.com\/fr\/8-dicas-para-voce-crescer-na-vivencia-da-fe\/","og_locale":"fr_FR","og_type":"article","og_title":"8 dicas para voc\u00ea crescer na viv\u00eancia da f\u00e9 - Ora\u00e7\u00e3o e F\u00e9","og_description":"Deus tem pra voc\u00ea uma palavra de vida!","og_url":"https:\/\/www.oracaoefe.com\/fr\/8-dicas-para-voce-crescer-na-vivencia-da-fe\/","og_site_name":"Ora\u00e7\u00e3o e F\u00e9","article_published_time":"2024-08-06T09:00:00+00:00","og_image":[{"width":740,"height":493,"url":"https:\/\/www.oracaoefe.com\/wp-content\/uploads\/2024\/07\/image-12.png","type":"image\/png"}],"author":"Michele Azevedo","twitter_card":"summary_large_image","twitter_misc":{"\u00c9crit par":"Michele Azevedo","Dur\u00e9e de lecture estim\u00e9e":"3 minutes"},"schema":{"@context":"https:\/\/schema.org","@graph":[{"@type":"Article","@id":"https:\/\/www.oracaoefe.com\/8-dicas-para-voce-crescer-na-vivencia-da-fe\/#article","isPartOf":{"@id":"https:\/\/www.oracaoefe.com\/8-dicas-para-voce-crescer-na-vivencia-da-fe\/"},"author":{"name":"Michele Azevedo","@id":"https:\/\/www.oracaoefe.com\/#\/schema\/person\/17283c669442cf005c4d5bb58adfb7f5"},"headline":"8 dicas para voc\u00ea crescer na viv\u00eancia da f\u00e9","datePublished":"2024-08-06T09:00:00+00:00","mainEntityOfPage":{"@id":"https:\/\/www.oracaoefe.com\/8-dicas-para-voce-crescer-na-vivencia-da-fe\/"},"wordCount":679,"image":{"@id":"https:\/\/www.oracaoefe.com\/8-dicas-para-voce-crescer-na-vivencia-da-fe\/#primaryimage"},"thumbnailUrl":"https:\/\/www.oracaoefe.com\/wp-content\/uploads\/2024\/07\/image-12.png","articleSection":["F\u00e9"],"inLanguage":"fr-FR"},{"@type":"WebPage","@id":"https:\/\/www.oracaoefe.com\/8-dicas-para-voce-crescer-na-vivencia-da-fe\/","url":"https:\/\/www.oracaoefe.com\/8-dicas-para-voce-crescer-na-vivencia-da-fe\/","name":"8 dicas para voc\u00ea crescer na viv\u00eancia da f\u00e9 - Ora\u00e7\u00e3o e F\u00e9","isPartOf":{"@id":"https:\/\/www.oracaoefe.com\/#website"},"primaryImageOfPage":{"@id":"https:\/\/www.oracaoefe.com\/8-dicas-para-voce-crescer-na-vivencia-da-fe\/#primaryimage"},"image":{"@id":"https:\/\/www.oracaoefe.com\/8-dicas-para-voce-crescer-na-vivencia-da-fe\/#primaryimage"},"thumbnailUrl":"https:\/\/www.oracaoefe.com\/wp-content\/uploads\/2024\/07\/image-12.png","datePublished":"2024-08-06T09:00:00+00:00","author":{"@id":"https:\/\/www.oracaoefe.com\/#\/schema\/person\/17283c669442cf005c4d5bb58adfb7f5"},"description":"Dieu a une parole de vie pour vous !","breadcrumb":{"@id":"https:\/\/www.oracaoefe.com\/8-dicas-para-voce-crescer-na-vivencia-da-fe\/#breadcrumb"},"inLanguage":"fr-FR","potentialAction":[{"@type":"ReadAction","target":["https:\/\/www.oracaoefe.com\/8-dicas-para-voce-crescer-na-vivencia-da-fe\/"]}]},{"@type":"ImageObject","inLanguage":"fr-FR","@id":"https:\/\/www.oracaoefe.com\/8-dicas-para-voce-crescer-na-vivencia-da-fe\/#primaryimage","url":"https:\/\/www.oracaoefe.com\/wp-content\/uploads\/2024\/07\/image-12.png","contentUrl":"https:\/\/www.oracaoefe.com\/wp-content\/uploads\/2024\/07\/image-12.png","width":740,"height":493,"caption":"8 dicas para voc\u00ea crescer na viv\u00eancia da f\u00e9"},{"@type":"BreadcrumbList","@id":"https:\/\/www.oracaoefe.com\/8-dicas-para-voce-crescer-na-vivencia-da-fe\/#breadcrumb","itemListElement":[{"@type":"ListItem","position":1,"name":"Home","item":"https:\/\/www.oracaoefe.com\/"},{"@type":"ListItem","position":2,"name":"F\u00e9","item":"https:\/\/www.oracaoefe.com\/es\/categoria\/fe\/"},{"@type":"ListItem","position":3,"name":"8 dicas para voc\u00ea crescer na viv\u00eancia da f\u00e9"}]},{"@type":"WebSite","@id":"https:\/\/www.oracaoefe.com\/#website","url":"https:\/\/www.oracaoefe.com\/","name":"Pri\u00e8re et foi","description":"","potentialAction":[{"@type":"SearchAction","target":{"@type":"EntryPoint","urlTemplate":"https:\/\/www.oracaoefe.com\/?s={search_term_string}"},"query-input":{"@type":"PropertyValueSpecification","valueRequired":true,"valueName":"search_term_string"}}],"inLanguage":"fr-FR"},{"@type":"Person","@id":"https:\/\/www.oracaoefe.com\/#\/schema\/person\/17283c669442cf005c4d5bb58adfb7f5","name":"Michele Azevedo","image":{"@type":"ImageObject","inLanguage":"fr-FR","@id":"https:\/\/secure.gravatar.com\/avatar\/6b0eb9d22841282815e2cd856a0061c45e1761cd54b22e952d98c4746939aa85?s=96&d=mm&r=g","url":"https:\/\/secure.gravatar.com\/avatar\/6b0eb9d22841282815e2cd856a0061c45e1761cd54b22e952d98c4746939aa85?s=96&d=mm&r=g","contentUrl":"https:\/\/secure.gravatar.com\/avatar\/6b0eb9d22841282815e2cd856a0061c45e1761cd54b22e952d98c4746939aa85?s=96&d=mm&r=g","caption":"Michele Azevedo"},"description":"Dipl\u00f4m\u00e9e en litt\u00e9rature portugaise\/anglaise de l&#039;Universit\u00e9 d&#039;\u00c9tat de Ponta Grossa (UEPG), avec des dipl\u00f4mes de troisi\u00e8me cycle en art dans l&#039;\u00e9ducation (FAPI) et en psychop\u00e9dagogie scolaire (FAPI), elle est la cr\u00e9atrice et propri\u00e9taire du site web Escritora de Sucesso, a de l&#039;exp\u00e9rience dans l&#039;\u00e9criture pour les blogs en g\u00e9n\u00e9ral et travaille comme r\u00e9dactrice et \u00e9ditrice du contenu pour Ora\u00e7\u00e3o e F\u00e9.","url":"https:\/\/www.oracaoefe.com\/fr\/author\/michele-azevedo\/"}]}},"_links":{"self":[{"href":"https:\/\/www.oracaoefe.com\/fr\/wp-json\/wp\/v2\/posts\/2963","targetHints":{"allow":["GET"]}}],"collection":[{"href":"https:\/\/www.oracaoefe.com\/fr\/wp-json\/wp\/v2\/posts"}],"about":[{"href":"https:\/\/www.oracaoefe.com\/fr\/wp-json\/wp\/v2\/types\/post"}],"author":[{"embeddable":true,"href":"https:\/\/www.oracaoefe.com\/fr\/wp-json\/wp\/v2\/users\/3"}],"replies":[{"embeddable":true,"href":"https:\/\/www.oracaoefe.com\/fr\/wp-json\/wp\/v2\/comments?post=2963"}],"version-history":[{"count":2,"href":"https:\/\/www.oracaoefe.com\/fr\/wp-json\/wp\/v2\/posts\/2963\/revisions"}],"predecessor-version":[{"id":2974,"href":"https:\/\/www.oracaoefe.com\/fr\/wp-json\/wp\/v2\/posts\/2963\/revisions\/2974"}],"wp:featuredmedia":[{"embeddable":true,"href":"https:\/\/www.oracaoefe.com\/fr\/wp-json\/wp\/v2\/media\/2973"}],"wp:attachment":[{"href":"https:\/\/www.oracaoefe.com\/fr\/wp-json\/wp\/v2\/media?parent=2963"}],"wp:term":[{"taxonomy":"category","embeddable":true,"href":"https:\/\/www.oracaoefe.com\/fr\/wp-json\/wp\/v2\/categories?post=2963"},{"taxonomy":"post_tag","embeddable":true,"href":"https:\/\/www.oracaoefe.com\/fr\/wp-json\/wp\/v2\/tags?post=2963"}],"curies":[{"name":"wp","href":"https:\/\/api.w.org\/{rel}","templated":true}]}}