{"id":2961,"date":"2024-08-03T06:00:00","date_gmt":"2024-08-03T09:00:00","guid":{"rendered":"https:\/\/www.oracaoefe.com\/?p=2961"},"modified":"2024-07-26T15:43:57","modified_gmt":"2024-07-26T18:43:57","slug":"por-que-a-igreja-guarda-o-domingo-e-nao-o-sabado","status":"publish","type":"post","link":"https:\/\/www.oracaoefe.com\/fr\/por-que-a-igreja-guarda-o-domingo-e-nao-o-sabado\/","title":{"rendered":"Por que a Igreja guarda o Domingo e n\u00e3o o S\u00e1bado?"},"content":{"rendered":"<p class=\"wp-block-paragraph\">Desde os prim\u00f3rdios do Cristianismo, a quest\u00e3o sobre o dia de guarda tem sido um tema de debate e reflex\u00e3o dentro das diferentes tradi\u00e7\u00f5es crist\u00e3s. Muitos se perguntam por que a maioria das igrejas crist\u00e3s celebra o Domingo como dia sagrado em vez do S\u00e1bado, como faziam os judeus e ainda algumas denomina\u00e7\u00f5es crist\u00e3s.&nbsp;<\/p>\n\n\n\n<h2 class=\"wp-block-heading\">Origens hist\u00f3ricas e evolu\u00e7\u00e3o<\/h2>\n\n\n\n<p class=\"wp-block-paragraph\">A mudan\u00e7a do S\u00e1bado para o Domingo como dia sagrado remonta aos primeiros s\u00e9culos do Cristianismo. Inicialmente, muitos crist\u00e3os convertidos do juda\u00edsmo continuaram a observar o s\u00e1bado, conforme a tradi\u00e7\u00e3o judaica.&nbsp;<\/p>\n\n\n\n<p class=\"wp-block-paragraph\">No entanto, \u00e0 medida que o Cristianismo se expandiu para al\u00e9m das comunidades judaicas, surgiu a necessidade de um dia distintamente crist\u00e3o para a adora\u00e7\u00e3o.<\/p>\n\n\n\n<figure class=\"wp-block-image size-full is-resized\"><img loading=\"lazy\" decoding=\"async\" width=\"740\" height=\"441\" src=\"https:\/\/www.oracaoefe.com\/wp-content\/uploads\/2024\/07\/image-11.png\" alt=\"\" class=\"wp-image-2971\" style=\"width:840px;height:auto\" srcset=\"https:\/\/www.oracaoefe.com\/wp-content\/uploads\/2024\/07\/image-11.png 740w, https:\/\/www.oracaoefe.com\/wp-content\/uploads\/2024\/07\/image-11-300x179.png 300w, https:\/\/www.oracaoefe.com\/wp-content\/uploads\/2024\/07\/image-11-18x12.png 18w\" sizes=\"auto, (max-width: 740px) 100vw, 740px\" \/><\/figure>\n\n\n\n<h3 class=\"wp-block-heading\">Influ\u00eancias culturais e religiosas<\/h3>\n\n\n\n<p class=\"wp-block-paragraph\">O Domingo foi um dia significativo na cultura romana, sendo associado ao culto ao Sol. A escolha do Domingo como dia de adora\u00e7\u00e3o crist\u00e3 facilitou a integra\u00e7\u00e3o dos novos convertidos e ajudou a diferenciar a pr\u00e1tica crist\u00e3 do juda\u00edsmo.&nbsp;<\/p>\n\n\n\n<p class=\"wp-block-paragraph\">Al\u00e9m disso, a ressurrei\u00e7\u00e3o de Jesus Cristo ocorreu no primeiro dia da semana, o que conferiu ao Domingo um significado teol\u00f3gico profundo entre os primeiros crist\u00e3os.<\/p>\n\n\n\n<h2 class=\"wp-block-heading\">Ressurrei\u00e7\u00e3o de Cristo e significado teol\u00f3gico<\/h2>\n\n\n\n<p class=\"wp-block-paragraph\">A ressurrei\u00e7\u00e3o de Jesus Cristo \u00e9 o evento central da f\u00e9 crist\u00e3. A escolha do Domingo como dia de culto reflete a import\u00e2ncia deste evento para os crist\u00e3os. A B\u00edblia relata que Jesus ressuscitou no primeiro dia da semana, que \u00e9 o Domingo, conforme registrado nos Evangelhos.&nbsp;<\/p>\n\n\n\n<p class=\"wp-block-paragraph\">Esse evento n\u00e3o apenas confirmou a divindade de Cristo, mas tamb\u00e9m inaugurou uma nova era para a humanidade, simbolizando a vit\u00f3ria sobre o pecado e a morte.<\/p>\n\n\n\n<h3 class=\"wp-block-heading\">A pr\u00e1tica dos primeiros crist\u00e3os<\/h3>\n\n\n\n<p class=\"wp-block-paragraph\">Os primeiros crist\u00e3os, seguindo o exemplo dos Ap\u00f3stolos, reuniam-se regularmente no primeiro dia da semana para partir o p\u00e3o e adorar juntos (Atos 20:7). Essas reuni\u00f5es n\u00e3o apenas fortaleciam a comunh\u00e3o entre os fi\u00e9is, mas tamb\u00e9m reafirmavam a ressurrei\u00e7\u00e3o de Cristo como o centro da esperan\u00e7a crist\u00e3.<\/p>\n\n\n\n<h2 class=\"wp-block-heading\">Decis\u00f5es conciliares e consolida\u00e7\u00e3o da pr\u00e1tica<\/h2>\n\n\n\n<p class=\"wp-block-paragraph\">Ao longo dos s\u00e9culos, a pr\u00e1tica de guardar o Domingo como dia de culto foi formalizada por decis\u00f5es conciliares. No Conc\u00edlio de Niceia, em 325 d.C., ficou estabelecido que o Domingo seria o dia de celebra\u00e7\u00e3o da P\u00e1scoa crist\u00e3, uma decis\u00e3o que refor\u00e7ou ainda mais a import\u00e2ncia deste dia na liturgia crist\u00e3.&nbsp;<\/p>\n\n\n\n<p class=\"wp-block-paragraph\">Posteriormente, outras decis\u00f5es conciliares e papais reafirmaram a pr\u00e1tica de observar o Domingo como o dia do Senhor.<\/p>\n\n\n\n<h3 class=\"wp-block-heading\">O Domingo na tradi\u00e7\u00e3o lit\u00fargica<\/h3>\n\n\n\n<p class=\"wp-block-paragraph\">Na liturgia crist\u00e3, o Domingo \u00e9 frequentemente chamado de &#8220;o dia do Senhor&#8221;, enfatizando n\u00e3o apenas a ressurrei\u00e7\u00e3o de Cristo, mas tamb\u00e9m a expectativa da sua segunda vinda.&nbsp;<\/p>\n\n\n\n<p class=\"wp-block-paragraph\">Durante os cultos dominicais, os crist\u00e3os celebram a Eucaristia, proclamam as Escrituras e participam de outros ritos lit\u00fargicos que reafirmam a sua f\u00e9 e sua identidade como povo de Deus.<\/p>\n\n\n\n<h2 class=\"wp-block-heading\">Rela\u00e7\u00e3o com o S\u00e1bado judaico<\/h2>\n\n\n\n<p class=\"wp-block-paragraph\">Embora a maioria das denomina\u00e7\u00f5es crist\u00e3s observe o Domingo como dia sagrado, algumas tradi\u00e7\u00f5es, como os adventistas do s\u00e9timo dia, continuam a guardar o S\u00e1bado conforme a tradi\u00e7\u00e3o judaica.&nbsp;<\/p>\n\n\n\n<p class=\"wp-block-paragraph\">Para essas denomina\u00e7\u00f5es, o S\u00e1bado representa o descanso f\u00edsico, e tamb\u00e9m um tempo dedicado \u00e0 comunh\u00e3o com Deus e \u00e0 adora\u00e7\u00e3o.<\/p>\n\n\n\n<h3 class=\"wp-block-heading\">Diferen\u00e7as teol\u00f3gicas e pr\u00e1ticas<\/h3>\n\n\n\n<p class=\"wp-block-paragraph\">A escolha entre o Domingo e o S\u00e1bado como dia sagrado reflete diferentes interpreta\u00e7\u00f5es teol\u00f3gicas e \u00eanfases doutrin\u00e1rias dentro do Cristianismo. Enquanto a observ\u00e2ncia do Domingo se baseia na ressurrei\u00e7\u00e3o de Cristo e na tradi\u00e7\u00e3o apost\u00f3lica, a observ\u00e2ncia do S\u00e1bado \u00e9 vista por alguns como um sinal de fidelidade aos mandamentos do Antigo Testamento.<\/p>\n\n\n\n<h2 class=\"wp-block-heading\">Import\u00e2ncia contempor\u00e2nea e relev\u00e2ncia<\/h2>\n\n\n\n<p class=\"wp-block-paragraph\">Hoje, a pr\u00e1tica de guardar o Domingo como dia de culto continua a ser uma parte integral da identidade crist\u00e3 para milh\u00f5es de fi\u00e9is ao redor do mundo. Al\u00e9m de ser um tempo para adora\u00e7\u00e3o comunit\u00e1ria, o Domingo tamb\u00e9m \u00e9 visto como um dia de descanso e renova\u00e7\u00e3o espiritual, oferecendo uma pausa bem-vinda das atividades di\u00e1rias e um momento para refletir sobre as verdades da f\u00e9 crist\u00e3.<\/p>\n\n\n\n<h3 class=\"wp-block-heading\">Desafios e tens\u00f5es contempor\u00e2neas<\/h3>\n\n\n\n<p class=\"wp-block-paragraph\">No mundo moderno, onde as exig\u00eancias do trabalho e da vida cotidiana podem competir com o tempo dedicado \u00e0 pr\u00e1tica religiosa, muitos crist\u00e3os enfrentam desafios ao tentar manter a observ\u00e2ncia do Domingo como dia sagrado.&nbsp;<\/p>\n\n\n\n<p class=\"wp-block-paragraph\">A press\u00e3o da sociedade secularizada e a diversidade cultural tamb\u00e9m influenciam as pr\u00e1ticas de adora\u00e7\u00e3o dominicais em diferentes contextos globais.<\/p>\n\n\n\n<h2 class=\"wp-block-heading\">Um s\u00edmbolo da esperan\u00e7a crist\u00e3 na vida eterna<\/h2>\n\n\n\n<p class=\"wp-block-paragraph\">A escolha da Igreja de guardar o Domingo e n\u00e3o o S\u00e1bado como dia sagrado tem ra\u00edzes profundas na hist\u00f3ria do Cristianismo e na interpreta\u00e7\u00e3o teol\u00f3gica das Escrituras. Desde os primeiros s\u00e9culos at\u00e9 os dias atuais, o Domingo tem sido celebrado como o dia da ressurrei\u00e7\u00e3o de Cristo e como um s\u00edmbolo da esperan\u00e7a crist\u00e3 na vida eterna.&nbsp;<\/p>\n\n\n\n<p class=\"wp-block-paragraph\">Enquanto as pr\u00e1ticas podem variar entre as diferentes tradi\u00e7\u00f5es crist\u00e3s, a import\u00e2ncia de dedicar um dia \u00e0 adora\u00e7\u00e3o, reflex\u00e3o espiritual e comunh\u00e3o comunit\u00e1ria continua a ser uma prioridade para muitos crist\u00e3os ao redor do mundo.<\/p>\n\n\n\n<p class=\"wp-block-paragraph\"><strong>Voir aussi\u00a0: <a href=\"https:\/\/www.oracaoefe.com\/fr\/fe-que-move-turistas-veja-os-lugares-mais-visitados-pelos-cristaos\/\">F\u00e9 que move turistas: veja os lugares mais visitados pelos crist\u00e3os<\/a><\/strong><\/p>\n\n\n\n<p class=\"wp-block-paragraph\">3 de agosto de 2024<\/p>","protected":false},"excerpt":{"rendered":"<p>Desde os prim\u00f3rdios do Cristianismo, a quest\u00e3o sobre o dia de guarda tem sido um tema de debate e reflex\u00e3o dentro das diferentes tradi\u00e7\u00f5es crist\u00e3s. Muitos se perguntam por que a maioria das igrejas crist\u00e3s celebra o Domingo como dia sagrado em vez do S\u00e1bado, como faziam os judeus e ainda algumas denomina\u00e7\u00f5es crist\u00e3s.&nbsp; Origens&hellip;&nbsp;<\/p>","protected":false},"author":3,"featured_media":2971,"comment_status":"closed","ping_status":"closed","sticky":false,"template":"","format":"standard","meta":{"neve_meta_sidebar":"","neve_meta_container":"","neve_meta_enable_content_width":"","neve_meta_content_width":0,"neve_meta_title_alignment":"","neve_meta_author_avatar":"","neve_post_elements_order":"","neve_meta_disable_header":"","neve_meta_disable_footer":"","neve_meta_disable_title":"","footnotes":""},"categories":[1],"tags":[],"class_list":["post-2961","post","type-post","status-publish","format-standard","has-post-thumbnail","hentry","category-curiosidades"],"yoast_head":"<!-- This site is optimized with the Yoast SEO plugin v28.4 - https:\/\/yoast.com\/product\/yoast-seo-wordpress\/ -->\n<title>Por que a Igreja guarda o Domingo e n\u00e3o o S\u00e1bado? - Ora\u00e7\u00e3o e F\u00e9<\/title>\n<meta name=\"description\" content=\"Deus tem pra voc\u00ea uma palavra de vida!\" \/>\n<meta name=\"robots\" content=\"index, follow, max-snippet:-1, max-image-preview:large, max-video-preview:-1\" \/>\n<link rel=\"canonical\" href=\"https:\/\/www.oracaoefe.com\/fr\/por-que-a-igreja-guarda-o-domingo-e-nao-o-sabado\/\" \/>\n<meta property=\"og:locale\" content=\"fr_FR\" \/>\n<meta property=\"og:type\" content=\"article\" \/>\n<meta property=\"og:title\" content=\"Por que a Igreja guarda o Domingo e n\u00e3o o S\u00e1bado? - Ora\u00e7\u00e3o e F\u00e9\" \/>\n<meta property=\"og:description\" content=\"Deus tem pra voc\u00ea uma palavra de vida!\" \/>\n<meta property=\"og:url\" content=\"https:\/\/www.oracaoefe.com\/fr\/por-que-a-igreja-guarda-o-domingo-e-nao-o-sabado\/\" \/>\n<meta property=\"og:site_name\" content=\"Ora\u00e7\u00e3o e F\u00e9\" \/>\n<meta property=\"article:published_time\" content=\"2024-08-03T09:00:00+00:00\" \/>\n<meta property=\"og:image\" content=\"https:\/\/www.oracaoefe.com\/wp-content\/uploads\/2024\/07\/image-11.png\" \/>\n\t<meta property=\"og:image:width\" content=\"740\" \/>\n\t<meta property=\"og:image:height\" content=\"441\" \/>\n\t<meta property=\"og:image:type\" content=\"image\/png\" \/>\n<meta name=\"author\" content=\"Michele Azevedo\" \/>\n<meta name=\"twitter:card\" content=\"summary_large_image\" \/>\n<meta name=\"twitter:label1\" content=\"\u00c9crit par\" \/>\n\t<meta name=\"twitter:data1\" content=\"Michele Azevedo\" \/>\n\t<meta name=\"twitter:label2\" content=\"Dur\u00e9e de lecture estim\u00e9e\" \/>\n\t<meta name=\"twitter:data2\" content=\"5 minutes\" \/>\n<script type=\"application\/ld+json\" class=\"yoast-schema-graph\">{\"@context\":\"https:\\\/\\\/schema.org\",\"@graph\":[{\"@type\":\"Article\",\"@id\":\"https:\\\/\\\/www.oracaoefe.com\\\/por-que-a-igreja-guarda-o-domingo-e-nao-o-sabado\\\/#article\",\"isPartOf\":{\"@id\":\"https:\\\/\\\/www.oracaoefe.com\\\/por-que-a-igreja-guarda-o-domingo-e-nao-o-sabado\\\/\"},\"author\":{\"name\":\"Michele Azevedo\",\"@id\":\"https:\\\/\\\/www.oracaoefe.com\\\/#\\\/schema\\\/person\\\/17283c669442cf005c4d5bb58adfb7f5\"},\"headline\":\"Por que a Igreja guarda o Domingo e n\u00e3o o S\u00e1bado?\",\"datePublished\":\"2024-08-03T09:00:00+00:00\",\"mainEntityOfPage\":{\"@id\":\"https:\\\/\\\/www.oracaoefe.com\\\/por-que-a-igreja-guarda-o-domingo-e-nao-o-sabado\\\/\"},\"wordCount\":969,\"image\":{\"@id\":\"https:\\\/\\\/www.oracaoefe.com\\\/por-que-a-igreja-guarda-o-domingo-e-nao-o-sabado\\\/#primaryimage\"},\"thumbnailUrl\":\"https:\\\/\\\/www.oracaoefe.com\\\/wp-content\\\/uploads\\\/2024\\\/07\\\/image-11.png\",\"articleSection\":[\"Curiosidades\"],\"inLanguage\":\"fr-FR\"},{\"@type\":\"WebPage\",\"@id\":\"https:\\\/\\\/www.oracaoefe.com\\\/por-que-a-igreja-guarda-o-domingo-e-nao-o-sabado\\\/\",\"url\":\"https:\\\/\\\/www.oracaoefe.com\\\/por-que-a-igreja-guarda-o-domingo-e-nao-o-sabado\\\/\",\"name\":\"Por que a Igreja guarda o Domingo e n\u00e3o o S\u00e1bado? - Ora\u00e7\u00e3o e F\u00e9\",\"isPartOf\":{\"@id\":\"https:\\\/\\\/www.oracaoefe.com\\\/#website\"},\"primaryImageOfPage\":{\"@id\":\"https:\\\/\\\/www.oracaoefe.com\\\/por-que-a-igreja-guarda-o-domingo-e-nao-o-sabado\\\/#primaryimage\"},\"image\":{\"@id\":\"https:\\\/\\\/www.oracaoefe.com\\\/por-que-a-igreja-guarda-o-domingo-e-nao-o-sabado\\\/#primaryimage\"},\"thumbnailUrl\":\"https:\\\/\\\/www.oracaoefe.com\\\/wp-content\\\/uploads\\\/2024\\\/07\\\/image-11.png\",\"datePublished\":\"2024-08-03T09:00:00+00:00\",\"author\":{\"@id\":\"https:\\\/\\\/www.oracaoefe.com\\\/#\\\/schema\\\/person\\\/17283c669442cf005c4d5bb58adfb7f5\"},\"description\":\"Deus tem pra voc\u00ea uma palavra de vida!\",\"breadcrumb\":{\"@id\":\"https:\\\/\\\/www.oracaoefe.com\\\/por-que-a-igreja-guarda-o-domingo-e-nao-o-sabado\\\/#breadcrumb\"},\"inLanguage\":\"fr-FR\",\"potentialAction\":[{\"@type\":\"ReadAction\",\"target\":[\"https:\\\/\\\/www.oracaoefe.com\\\/por-que-a-igreja-guarda-o-domingo-e-nao-o-sabado\\\/\"]}]},{\"@type\":\"ImageObject\",\"inLanguage\":\"fr-FR\",\"@id\":\"https:\\\/\\\/www.oracaoefe.com\\\/por-que-a-igreja-guarda-o-domingo-e-nao-o-sabado\\\/#primaryimage\",\"url\":\"https:\\\/\\\/www.oracaoefe.com\\\/wp-content\\\/uploads\\\/2024\\\/07\\\/image-11.png\",\"contentUrl\":\"https:\\\/\\\/www.oracaoefe.com\\\/wp-content\\\/uploads\\\/2024\\\/07\\\/image-11.png\",\"width\":740,\"height\":441,\"caption\":\"Por que a Igreja guarda o Domingo e n\u00e3o o S\u00e1bado?\"},{\"@type\":\"BreadcrumbList\",\"@id\":\"https:\\\/\\\/www.oracaoefe.com\\\/por-que-a-igreja-guarda-o-domingo-e-nao-o-sabado\\\/#breadcrumb\",\"itemListElement\":[{\"@type\":\"ListItem\",\"position\":1,\"name\":\"Home\",\"item\":\"https:\\\/\\\/www.oracaoefe.com\\\/\"},{\"@type\":\"ListItem\",\"position\":2,\"name\":\"Curiosidades\",\"item\":\"https:\\\/\\\/www.oracaoefe.com\\\/es\\\/categoria\\\/curiosidades\\\/\"},{\"@type\":\"ListItem\",\"position\":3,\"name\":\"Por que a Igreja guarda o Domingo e n\u00e3o o S\u00e1bado?\"}]},{\"@type\":\"WebSite\",\"@id\":\"https:\\\/\\\/www.oracaoefe.com\\\/#website\",\"url\":\"https:\\\/\\\/www.oracaoefe.com\\\/\",\"name\":\"Ora\u00e7\u00e3o e F\u00e9\",\"description\":\"\",\"potentialAction\":[{\"@type\":\"SearchAction\",\"target\":{\"@type\":\"EntryPoint\",\"urlTemplate\":\"https:\\\/\\\/www.oracaoefe.com\\\/?s={search_term_string}\"},\"query-input\":{\"@type\":\"PropertyValueSpecification\",\"valueRequired\":true,\"valueName\":\"search_term_string\"}}],\"inLanguage\":\"fr-FR\"},{\"@type\":\"Person\",\"@id\":\"https:\\\/\\\/www.oracaoefe.com\\\/#\\\/schema\\\/person\\\/17283c669442cf005c4d5bb58adfb7f5\",\"name\":\"Michele Azevedo\",\"image\":{\"@type\":\"ImageObject\",\"inLanguage\":\"fr-FR\",\"@id\":\"https:\\\/\\\/secure.gravatar.com\\\/avatar\\\/6b0eb9d22841282815e2cd856a0061c45e1761cd54b22e952d98c4746939aa85?s=96&d=mm&r=g\",\"url\":\"https:\\\/\\\/secure.gravatar.com\\\/avatar\\\/6b0eb9d22841282815e2cd856a0061c45e1761cd54b22e952d98c4746939aa85?s=96&d=mm&r=g\",\"contentUrl\":\"https:\\\/\\\/secure.gravatar.com\\\/avatar\\\/6b0eb9d22841282815e2cd856a0061c45e1761cd54b22e952d98c4746939aa85?s=96&d=mm&r=g\",\"caption\":\"Michele Azevedo\"},\"description\":\"Formada em Letras - Portugu\u00eas\\\/ Ingl\u00eas pela Universidade Estadual de Ponta Grossa (UEPG), p\u00f3s-graduada em Arte na Educa\u00e7\u00e3o (FAPI) e Psicopedagogia Escolar (FAPI), idealizadora e propriet\u00e1ria do site Escritora de Sucesso, possui experi\u00eancia em escrita para blogs em geral e atua como redatora e revisora dos conte\u00fados do Ora\u00e7\u00e3o e F\u00e9.\",\"url\":\"https:\\\/\\\/www.oracaoefe.com\\\/fr\\\/author\\\/michele-azevedo\\\/\"}]}<\/script>\n<!-- \/ Yoast SEO plugin. -->","yoast_head_json":{"title":"Por que a Igreja guarda o Domingo e n\u00e3o o S\u00e1bado? - Ora\u00e7\u00e3o e F\u00e9","description":"Dieu a une parole de vie pour vous !","robots":{"index":"index","follow":"follow","max-snippet":"max-snippet:-1","max-image-preview":"max-image-preview:large","max-video-preview":"max-video-preview:-1"},"canonical":"https:\/\/www.oracaoefe.com\/fr\/por-que-a-igreja-guarda-o-domingo-e-nao-o-sabado\/","og_locale":"fr_FR","og_type":"article","og_title":"Por que a Igreja guarda o Domingo e n\u00e3o o S\u00e1bado? - Ora\u00e7\u00e3o e F\u00e9","og_description":"Deus tem pra voc\u00ea uma palavra de vida!","og_url":"https:\/\/www.oracaoefe.com\/fr\/por-que-a-igreja-guarda-o-domingo-e-nao-o-sabado\/","og_site_name":"Ora\u00e7\u00e3o e F\u00e9","article_published_time":"2024-08-03T09:00:00+00:00","og_image":[{"width":740,"height":441,"url":"https:\/\/www.oracaoefe.com\/wp-content\/uploads\/2024\/07\/image-11.png","type":"image\/png"}],"author":"Michele Azevedo","twitter_card":"summary_large_image","twitter_misc":{"\u00c9crit par":"Michele Azevedo","Dur\u00e9e de lecture estim\u00e9e":"5 minutes"},"schema":{"@context":"https:\/\/schema.org","@graph":[{"@type":"Article","@id":"https:\/\/www.oracaoefe.com\/por-que-a-igreja-guarda-o-domingo-e-nao-o-sabado\/#article","isPartOf":{"@id":"https:\/\/www.oracaoefe.com\/por-que-a-igreja-guarda-o-domingo-e-nao-o-sabado\/"},"author":{"name":"Michele Azevedo","@id":"https:\/\/www.oracaoefe.com\/#\/schema\/person\/17283c669442cf005c4d5bb58adfb7f5"},"headline":"Por que a Igreja guarda o Domingo e n\u00e3o o S\u00e1bado?","datePublished":"2024-08-03T09:00:00+00:00","mainEntityOfPage":{"@id":"https:\/\/www.oracaoefe.com\/por-que-a-igreja-guarda-o-domingo-e-nao-o-sabado\/"},"wordCount":969,"image":{"@id":"https:\/\/www.oracaoefe.com\/por-que-a-igreja-guarda-o-domingo-e-nao-o-sabado\/#primaryimage"},"thumbnailUrl":"https:\/\/www.oracaoefe.com\/wp-content\/uploads\/2024\/07\/image-11.png","articleSection":["Curiosidades"],"inLanguage":"fr-FR"},{"@type":"WebPage","@id":"https:\/\/www.oracaoefe.com\/por-que-a-igreja-guarda-o-domingo-e-nao-o-sabado\/","url":"https:\/\/www.oracaoefe.com\/por-que-a-igreja-guarda-o-domingo-e-nao-o-sabado\/","name":"Por que a Igreja guarda o Domingo e n\u00e3o o S\u00e1bado? - Ora\u00e7\u00e3o e F\u00e9","isPartOf":{"@id":"https:\/\/www.oracaoefe.com\/#website"},"primaryImageOfPage":{"@id":"https:\/\/www.oracaoefe.com\/por-que-a-igreja-guarda-o-domingo-e-nao-o-sabado\/#primaryimage"},"image":{"@id":"https:\/\/www.oracaoefe.com\/por-que-a-igreja-guarda-o-domingo-e-nao-o-sabado\/#primaryimage"},"thumbnailUrl":"https:\/\/www.oracaoefe.com\/wp-content\/uploads\/2024\/07\/image-11.png","datePublished":"2024-08-03T09:00:00+00:00","author":{"@id":"https:\/\/www.oracaoefe.com\/#\/schema\/person\/17283c669442cf005c4d5bb58adfb7f5"},"description":"Dieu a une parole de vie pour vous !","breadcrumb":{"@id":"https:\/\/www.oracaoefe.com\/por-que-a-igreja-guarda-o-domingo-e-nao-o-sabado\/#breadcrumb"},"inLanguage":"fr-FR","potentialAction":[{"@type":"ReadAction","target":["https:\/\/www.oracaoefe.com\/por-que-a-igreja-guarda-o-domingo-e-nao-o-sabado\/"]}]},{"@type":"ImageObject","inLanguage":"fr-FR","@id":"https:\/\/www.oracaoefe.com\/por-que-a-igreja-guarda-o-domingo-e-nao-o-sabado\/#primaryimage","url":"https:\/\/www.oracaoefe.com\/wp-content\/uploads\/2024\/07\/image-11.png","contentUrl":"https:\/\/www.oracaoefe.com\/wp-content\/uploads\/2024\/07\/image-11.png","width":740,"height":441,"caption":"Por que a Igreja guarda o Domingo e n\u00e3o o S\u00e1bado?"},{"@type":"BreadcrumbList","@id":"https:\/\/www.oracaoefe.com\/por-que-a-igreja-guarda-o-domingo-e-nao-o-sabado\/#breadcrumb","itemListElement":[{"@type":"ListItem","position":1,"name":"Home","item":"https:\/\/www.oracaoefe.com\/"},{"@type":"ListItem","position":2,"name":"Curiosidades","item":"https:\/\/www.oracaoefe.com\/es\/categoria\/curiosidades\/"},{"@type":"ListItem","position":3,"name":"Por que a Igreja guarda o Domingo e n\u00e3o o S\u00e1bado?"}]},{"@type":"WebSite","@id":"https:\/\/www.oracaoefe.com\/#website","url":"https:\/\/www.oracaoefe.com\/","name":"Pri\u00e8re et foi","description":"","potentialAction":[{"@type":"SearchAction","target":{"@type":"EntryPoint","urlTemplate":"https:\/\/www.oracaoefe.com\/?s={search_term_string}"},"query-input":{"@type":"PropertyValueSpecification","valueRequired":true,"valueName":"search_term_string"}}],"inLanguage":"fr-FR"},{"@type":"Person","@id":"https:\/\/www.oracaoefe.com\/#\/schema\/person\/17283c669442cf005c4d5bb58adfb7f5","name":"Michele Azevedo","image":{"@type":"ImageObject","inLanguage":"fr-FR","@id":"https:\/\/secure.gravatar.com\/avatar\/6b0eb9d22841282815e2cd856a0061c45e1761cd54b22e952d98c4746939aa85?s=96&d=mm&r=g","url":"https:\/\/secure.gravatar.com\/avatar\/6b0eb9d22841282815e2cd856a0061c45e1761cd54b22e952d98c4746939aa85?s=96&d=mm&r=g","contentUrl":"https:\/\/secure.gravatar.com\/avatar\/6b0eb9d22841282815e2cd856a0061c45e1761cd54b22e952d98c4746939aa85?s=96&d=mm&r=g","caption":"Michele Azevedo"},"description":"Dipl\u00f4m\u00e9e en litt\u00e9rature portugaise\/anglaise de l&#039;Universit\u00e9 d&#039;\u00c9tat de Ponta Grossa (UEPG), avec des dipl\u00f4mes de troisi\u00e8me cycle en art dans l&#039;\u00e9ducation (FAPI) et en psychop\u00e9dagogie scolaire (FAPI), elle est la cr\u00e9atrice et propri\u00e9taire du site web Escritora de Sucesso, a de l&#039;exp\u00e9rience dans l&#039;\u00e9criture pour les blogs en g\u00e9n\u00e9ral et travaille comme r\u00e9dactrice et \u00e9ditrice du contenu pour Ora\u00e7\u00e3o e F\u00e9.","url":"https:\/\/www.oracaoefe.com\/fr\/author\/michele-azevedo\/"}]}},"_links":{"self":[{"href":"https:\/\/www.oracaoefe.com\/fr\/wp-json\/wp\/v2\/posts\/2961","targetHints":{"allow":["GET"]}}],"collection":[{"href":"https:\/\/www.oracaoefe.com\/fr\/wp-json\/wp\/v2\/posts"}],"about":[{"href":"https:\/\/www.oracaoefe.com\/fr\/wp-json\/wp\/v2\/types\/post"}],"author":[{"embeddable":true,"href":"https:\/\/www.oracaoefe.com\/fr\/wp-json\/wp\/v2\/users\/3"}],"replies":[{"embeddable":true,"href":"https:\/\/www.oracaoefe.com\/fr\/wp-json\/wp\/v2\/comments?post=2961"}],"version-history":[{"count":2,"href":"https:\/\/www.oracaoefe.com\/fr\/wp-json\/wp\/v2\/posts\/2961\/revisions"}],"predecessor-version":[{"id":2972,"href":"https:\/\/www.oracaoefe.com\/fr\/wp-json\/wp\/v2\/posts\/2961\/revisions\/2972"}],"wp:featuredmedia":[{"embeddable":true,"href":"https:\/\/www.oracaoefe.com\/fr\/wp-json\/wp\/v2\/media\/2971"}],"wp:attachment":[{"href":"https:\/\/www.oracaoefe.com\/fr\/wp-json\/wp\/v2\/media?parent=2961"}],"wp:term":[{"taxonomy":"category","embeddable":true,"href":"https:\/\/www.oracaoefe.com\/fr\/wp-json\/wp\/v2\/categories?post=2961"},{"taxonomy":"post_tag","embeddable":true,"href":"https:\/\/www.oracaoefe.com\/fr\/wp-json\/wp\/v2\/tags?post=2961"}],"curies":[{"name":"wp","href":"https:\/\/api.w.org\/{rel}","templated":true}]}}