{"id":2947,"date":"2024-07-26T06:11:00","date_gmt":"2024-07-26T09:11:00","guid":{"rendered":"https:\/\/www.oracaoefe.com\/?p=2947"},"modified":"2024-07-23T18:33:50","modified_gmt":"2024-07-23T21:33:50","slug":"fe-que-move-turistas-veja-os-lugares-mais-visitados-pelos-cristaos","status":"publish","type":"post","link":"https:\/\/www.oracaoefe.com\/fr\/fe-que-move-turistas-veja-os-lugares-mais-visitados-pelos-cristaos\/","title":{"rendered":"F\u00e9 que move turistas: veja os lugares mais visitados pelos crist\u00e3os"},"content":{"rendered":"<p class=\"wp-block-paragraph\">A f\u00e9 tem sido um motivador poderoso ao longo da hist\u00f3ria humana, impulsionando peregrina\u00e7\u00f5es e viagens a locais sagrados em todo o mundo. Para os crist\u00e3os, esses lugares t\u00eam um significado especial, seja pela conex\u00e3o com eventos b\u00edblicos, rel\u00edquias veneradas ou pela presen\u00e7a de importantes santu\u00e1rios e catedrais.&nbsp;<\/p>\n\n\n\n<h2 class=\"wp-block-heading\">Lugares mais visitados pelos crist\u00e3os<\/h2>\n\n\n\n<p class=\"wp-block-paragraph\">Conhe\u00e7a alguns dos destinos mais ic\u00f4nicos e significativos para os crist\u00e3os ao redor do mundo, onde a f\u00e9 se entrela\u00e7a com a rica heran\u00e7a cultural e espiritual da humanidade.<\/p>\n\n\n\n<h3 class=\"wp-block-heading\">Jerusal\u00e9m: A cidade santa<\/h3>\n\n\n\n<p class=\"wp-block-paragraph\">Jerusal\u00e9m \u00e9, sem d\u00favida, um dos destinos mais sagrados para os crist\u00e3os. \u00c9 aqui que a Paix\u00e3o, Morte e Ressurrei\u00e7\u00e3o de Jesus Cristo s\u00e3o celebradas e recordadas. Para os peregrinos crist\u00e3os, os locais como a Igreja do Santo Sepulcro, onde se acredita que Jesus foi crucificado e sepultado, s\u00e3o pontos de profunda devo\u00e7\u00e3o e reflex\u00e3o espiritual.\u00a0<\/p>\n\n\n\n<figure class=\"wp-block-image size-full is-resized\"><img loading=\"lazy\" decoding=\"async\" width=\"740\" height=\"493\" src=\"https:\/\/www.oracaoefe.com\/wp-content\/uploads\/2024\/07\/image-8.png\" alt=\"\" class=\"wp-image-2955\" style=\"width:840px;height:auto\" srcset=\"https:\/\/www.oracaoefe.com\/wp-content\/uploads\/2024\/07\/image-8.png 740w, https:\/\/www.oracaoefe.com\/wp-content\/uploads\/2024\/07\/image-8-300x200.png 300w, https:\/\/www.oracaoefe.com\/wp-content\/uploads\/2024\/07\/image-8-18x12.png 18w\" sizes=\"auto, (max-width: 740px) 100vw, 740px\" \/><\/figure>\n\n\n\n<p class=\"wp-block-paragraph\">A Via Dolorosa, o caminho que Jesus percorreu carregando a cruz at\u00e9 o Calv\u00e1rio, atrai peregrinos de todo o mundo que buscam reviver os passos do Salvador.<\/p>\n\n\n\n<p class=\"wp-block-paragraph\">Al\u00e9m disso, o Jardim do Gets\u00eamani, onde Jesus orou antes de sua pris\u00e3o, e o Monte das Oliveiras, de onde ele ascendeu ao c\u00e9u, s\u00e3o lugares de grande import\u00e2ncia espiritual. A hist\u00f3ria e a cultura de Jerusal\u00e9m, uma cidade sagrada para judeus, crist\u00e3os e mu\u00e7ulmanos, proporcionam uma experi\u00eancia \u00fanica de imers\u00e3o na f\u00e9 e na hist\u00f3ria religiosa.<\/p>\n\n\n\n<h3 class=\"wp-block-heading\">Roma: O centro da cristandade cat\u00f3lica<\/h3>\n\n\n\n<p class=\"wp-block-paragraph\">Roma, a capital da It\u00e1lia, \u00e9 tamb\u00e9m o cora\u00e7\u00e3o espiritual da Igreja Cat\u00f3lica Romana. O Vaticano, um enclave independente dentro de Roma, \u00e9 a sede do Papa e o centro da autoridade cat\u00f3lica.&nbsp;<\/p>\n\n\n\n<p class=\"wp-block-paragraph\">A Bas\u00edlica de S\u00e3o Pedro, com sua imponente c\u00fapula projetada por Michelangelo, \u00e9 uma das igrejas mais importantes do mundo crist\u00e3o. Dentro da bas\u00edlica, peregrinos podem ver a Piet\u00e0 de Michelangelo e os t\u00famulos dos papas, incluindo o de S\u00e3o Pedro.<\/p>\n\n\n\n<p class=\"wp-block-paragraph\">Outros pontos de interesse incluem a Capela Sistina, famosa pelos afrescos de Michelangelo, e as Catacumbas de Roma, onde os primeiros crist\u00e3os foram sepultados e que servem como um lembrete da persegui\u00e7\u00e3o inicial enfrentada pelos seguidores de Jesus.&nbsp;<\/p>\n\n\n\n<p class=\"wp-block-paragraph\">Para os crist\u00e3os, uma visita a Roma n\u00e3o \u00e9 apenas uma oportunidade de explorar uma cidade rica em hist\u00f3ria e arte, mas tamb\u00e9m um ato de devo\u00e7\u00e3o e conex\u00e3o espiritual com a sede da Igreja Cat\u00f3lica.<\/p>\n\n\n\n<h3 class=\"wp-block-heading\">Bel\u00e9m: O ber\u00e7o do Salvador<\/h3>\n\n\n\n<p class=\"wp-block-paragraph\">Bel\u00e9m, localizada na Palestina, \u00e9 venerada como o local de nascimento de Jesus Cristo. A Bas\u00edlica da Natividade, constru\u00edda sobre a gruta onde se acredita que Jesus nasceu, \u00e9 um dos santu\u00e1rios mais antigos e sagrados do mundo crist\u00e3o.&nbsp;<\/p>\n\n\n\n<p class=\"wp-block-paragraph\">A estrela de prata no ch\u00e3o da igreja marca o local exato do nascimento, e peregrinos de todas as denomina\u00e7\u00f5es crist\u00e3s v\u00eam adorar e celebrar a Encarna\u00e7\u00e3o de Cristo neste local especial.<\/p>\n\n\n\n<p class=\"wp-block-paragraph\">A cidade de Bel\u00e9m tamb\u00e9m \u00e9 conhecida por suas tradi\u00e7\u00f5es crist\u00e3s vivas e vibrantes, especialmente durante a \u00e9poca do Natal, quando a cidade se enche de fi\u00e9is que v\u00eam participar das celebra\u00e7\u00f5es e visitar os locais sagrados associados \u00e0 hist\u00f3ria do nascimento de Jesus.<\/p>\n\n\n\n<h3 class=\"wp-block-heading\">Santiago de Compostela: Caminho de peregrina\u00e7\u00e3o<\/h3>\n\n\n\n<p class=\"wp-block-paragraph\">Enquanto Jerusal\u00e9m, Roma e Bel\u00e9m s\u00e3o conhecidas por seus v\u00ednculos diretos com a vida de Jesus, Santiago de Compostela, na Espanha, \u00e9 famosa como um destino de peregrina\u00e7\u00e3o crist\u00e3 desde a Idade M\u00e9dia.&nbsp;<\/p>\n\n\n\n<p class=\"wp-block-paragraph\">A Catedral de Santiago de Compostela abriga o t\u00famulo de Santiago Maior, um dos ap\u00f3stolos de Jesus, e \u00e9 o destino final do Caminho de Santiago, uma rede de rotas de peregrina\u00e7\u00e3o que se estende por toda a Europa.<\/p>\n\n\n\n<p class=\"wp-block-paragraph\">Peregrinos de diferentes nacionalidades e origens percorrem o Caminho de Santiago em busca de renova\u00e7\u00e3o espiritual, reflex\u00e3o pessoal e uma conex\u00e3o mais profunda com sua f\u00e9. A catedral e seu ambiente hist\u00f3rico proporcionam um cen\u00e1rio impressionante para o encerramento dessa jornada espiritual, tornando Santiago de Compostela um dos destinos mais emblem\u00e1ticos para os crist\u00e3os em todo o mundo.<\/p>\n\n\n\n<h3 class=\"wp-block-heading\">Lourdes: Santu\u00e1rio de cura e esperan\u00e7a<\/h3>\n\n\n\n<p class=\"wp-block-paragraph\">Lourdes, uma pequena cidade no sul da Fran\u00e7a, \u00e9 famosa por suas apari\u00e7\u00f5es marianas e seu santu\u00e1rio de cura. Em 1858, a Virgem Maria apareceu a uma jovem chamada Bernadette Soubirous em uma gruta perto da cidade.&nbsp;<\/p>\n\n\n\n<p class=\"wp-block-paragraph\">Desde ent\u00e3o, Lourdes tem sido um local de peregrina\u00e7\u00e3o para milh\u00f5es de fi\u00e9is em busca de cura espiritual e f\u00edsica.<\/p>\n\n\n\n<p class=\"wp-block-paragraph\">O Santu\u00e1rio inclui a gruta onde ocorreram as apari\u00e7\u00f5es, a Bas\u00edlica de Nossa Senhora do Ros\u00e1rio e v\u00e1rias piscinas onde os peregrinos podem tomar banho na \u00e1gua da fonte milagrosa, acreditada por muitos ter propriedades curativas.&nbsp;<\/p>\n\n\n\n<p class=\"wp-block-paragraph\">Lourdes \u00e9 um testemunho vivo da intercess\u00e3o divina e da devo\u00e7\u00e3o mariana, atraindo crist\u00e3os de todas as idades e origens ao redor do mundo.<\/p>\n\n\n\n<h2 class=\"wp-block-heading\">Testemunhos vivos da jornada espiritual<\/h2>\n\n\n\n<p class=\"wp-block-paragraph\">A jornada de f\u00e9 dos crist\u00e3os \u00e9 enriquecida por esses destinos sagrados, onde a hist\u00f3ria b\u00edblica se entrela\u00e7a com a viv\u00eancia espiritual contempor\u00e2nea. Jerusal\u00e9m, Roma, Bel\u00e9m, Santiago de Compostela e Lourdes s\u00e3o locais de interesse hist\u00f3rico e cultural, e tamb\u00e9m lugares onde os crist\u00e3os encontram inspira\u00e7\u00e3o, renova\u00e7\u00e3o espiritual e um senso profundo de conex\u00e3o com sua f\u00e9 e sua comunidade global.<\/p>\n\n\n\n<p class=\"wp-block-paragraph\">Esses lugares n\u00e3o s\u00e3o apenas marcos geogr\u00e1ficos; s\u00e3o testemunhos vivos da jornada espiritual e do legado de mil\u00eanios de hist\u00f3ria crist\u00e3. Ao visit\u00e1-los, os peregrinos relembram os eventos e figuras centrais do Cristianism e fortalecem sua pr\u00f3pria f\u00e9 e compromisso com os valores evang\u00e9licos de amor, compaix\u00e3o e esperan\u00e7a.<\/p>\n\n\n\n<p class=\"wp-block-paragraph\"><strong>Voir aussi\u00a0: <a href=\"https:\/\/www.oracaoefe.com\/fr\/a-fe-e-a-certeza-daquilo-que-esperamos\/\">A f\u00e9 \u00e9 a certeza daquilo que esperamos<\/a><\/strong><\/p>\n\n\n\n<p class=\"wp-block-paragraph\">26 de julho de 2024<\/p>","protected":false},"excerpt":{"rendered":"<p>A f\u00e9 tem sido um motivador poderoso ao longo da hist\u00f3ria humana, impulsionando peregrina\u00e7\u00f5es e viagens a locais sagrados em todo o mundo. Para os crist\u00e3os, esses lugares t\u00eam um significado especial, seja pela conex\u00e3o com eventos b\u00edblicos, rel\u00edquias veneradas ou pela presen\u00e7a de importantes santu\u00e1rios e catedrais.&nbsp; Lugares mais visitados pelos crist\u00e3os Conhe\u00e7a alguns&hellip;&nbsp;<\/p>","protected":false},"author":3,"featured_media":2955,"comment_status":"closed","ping_status":"closed","sticky":false,"template":"","format":"standard","meta":{"neve_meta_sidebar":"","neve_meta_container":"","neve_meta_enable_content_width":"","neve_meta_content_width":0,"neve_meta_title_alignment":"","neve_meta_author_avatar":"","neve_post_elements_order":"","neve_meta_disable_header":"","neve_meta_disable_footer":"","neve_meta_disable_title":"","footnotes":""},"categories":[4],"tags":[],"class_list":["post-2947","post","type-post","status-publish","format-standard","has-post-thumbnail","hentry","category-fique-por-dentro"],"yoast_head":"<!-- This site is optimized with the Yoast SEO plugin v28.4 - https:\/\/yoast.com\/product\/yoast-seo-wordpress\/ -->\n<title>F\u00e9 que move turistas: veja os lugares mais visitados pelos crist\u00e3os - Ora\u00e7\u00e3o e F\u00e9<\/title>\n<meta name=\"description\" content=\"Deus tem pra voc\u00ea uma palavra de vida!\" \/>\n<meta name=\"robots\" content=\"index, follow, max-snippet:-1, max-image-preview:large, max-video-preview:-1\" \/>\n<link rel=\"canonical\" href=\"https:\/\/www.oracaoefe.com\/fr\/fe-que-move-turistas-veja-os-lugares-mais-visitados-pelos-cristaos\/\" \/>\n<meta property=\"og:locale\" content=\"fr_FR\" \/>\n<meta property=\"og:type\" content=\"article\" \/>\n<meta property=\"og:title\" content=\"F\u00e9 que move turistas: veja os lugares mais visitados pelos crist\u00e3os - Ora\u00e7\u00e3o e F\u00e9\" \/>\n<meta property=\"og:description\" content=\"Deus tem pra voc\u00ea uma palavra de vida!\" \/>\n<meta property=\"og:url\" content=\"https:\/\/www.oracaoefe.com\/fr\/fe-que-move-turistas-veja-os-lugares-mais-visitados-pelos-cristaos\/\" \/>\n<meta property=\"og:site_name\" content=\"Ora\u00e7\u00e3o e F\u00e9\" \/>\n<meta property=\"article:published_time\" content=\"2024-07-26T09:11:00+00:00\" \/>\n<meta property=\"og:image\" content=\"https:\/\/www.oracaoefe.com\/wp-content\/uploads\/2024\/07\/image-8.png\" \/>\n\t<meta property=\"og:image:width\" content=\"740\" \/>\n\t<meta property=\"og:image:height\" content=\"493\" \/>\n\t<meta property=\"og:image:type\" content=\"image\/png\" \/>\n<meta name=\"author\" content=\"Michele Azevedo\" \/>\n<meta name=\"twitter:card\" content=\"summary_large_image\" \/>\n<meta name=\"twitter:label1\" content=\"\u00c9crit par\" \/>\n\t<meta name=\"twitter:data1\" content=\"Michele Azevedo\" \/>\n\t<meta name=\"twitter:label2\" content=\"Dur\u00e9e de lecture estim\u00e9e\" \/>\n\t<meta name=\"twitter:data2\" content=\"5 minutes\" \/>\n<script type=\"application\/ld+json\" class=\"yoast-schema-graph\">{\"@context\":\"https:\\\/\\\/schema.org\",\"@graph\":[{\"@type\":\"Article\",\"@id\":\"https:\\\/\\\/www.oracaoefe.com\\\/fe-que-move-turistas-veja-os-lugares-mais-visitados-pelos-cristaos\\\/#article\",\"isPartOf\":{\"@id\":\"https:\\\/\\\/www.oracaoefe.com\\\/fe-que-move-turistas-veja-os-lugares-mais-visitados-pelos-cristaos\\\/\"},\"author\":{\"name\":\"Michele Azevedo\",\"@id\":\"https:\\\/\\\/www.oracaoefe.com\\\/#\\\/schema\\\/person\\\/17283c669442cf005c4d5bb58adfb7f5\"},\"headline\":\"F\u00e9 que move turistas: veja os lugares mais visitados pelos crist\u00e3os\",\"datePublished\":\"2024-07-26T09:11:00+00:00\",\"mainEntityOfPage\":{\"@id\":\"https:\\\/\\\/www.oracaoefe.com\\\/fe-que-move-turistas-veja-os-lugares-mais-visitados-pelos-cristaos\\\/\"},\"wordCount\":1033,\"image\":{\"@id\":\"https:\\\/\\\/www.oracaoefe.com\\\/fe-que-move-turistas-veja-os-lugares-mais-visitados-pelos-cristaos\\\/#primaryimage\"},\"thumbnailUrl\":\"https:\\\/\\\/www.oracaoefe.com\\\/wp-content\\\/uploads\\\/2024\\\/07\\\/image-8.png\",\"articleSection\":[\"Fique por Dentro\"],\"inLanguage\":\"fr-FR\"},{\"@type\":\"WebPage\",\"@id\":\"https:\\\/\\\/www.oracaoefe.com\\\/fe-que-move-turistas-veja-os-lugares-mais-visitados-pelos-cristaos\\\/\",\"url\":\"https:\\\/\\\/www.oracaoefe.com\\\/fe-que-move-turistas-veja-os-lugares-mais-visitados-pelos-cristaos\\\/\",\"name\":\"F\u00e9 que move turistas: veja os lugares mais visitados pelos crist\u00e3os - Ora\u00e7\u00e3o e F\u00e9\",\"isPartOf\":{\"@id\":\"https:\\\/\\\/www.oracaoefe.com\\\/#website\"},\"primaryImageOfPage\":{\"@id\":\"https:\\\/\\\/www.oracaoefe.com\\\/fe-que-move-turistas-veja-os-lugares-mais-visitados-pelos-cristaos\\\/#primaryimage\"},\"image\":{\"@id\":\"https:\\\/\\\/www.oracaoefe.com\\\/fe-que-move-turistas-veja-os-lugares-mais-visitados-pelos-cristaos\\\/#primaryimage\"},\"thumbnailUrl\":\"https:\\\/\\\/www.oracaoefe.com\\\/wp-content\\\/uploads\\\/2024\\\/07\\\/image-8.png\",\"datePublished\":\"2024-07-26T09:11:00+00:00\",\"author\":{\"@id\":\"https:\\\/\\\/www.oracaoefe.com\\\/#\\\/schema\\\/person\\\/17283c669442cf005c4d5bb58adfb7f5\"},\"description\":\"Deus tem pra voc\u00ea uma palavra de vida!\",\"breadcrumb\":{\"@id\":\"https:\\\/\\\/www.oracaoefe.com\\\/fe-que-move-turistas-veja-os-lugares-mais-visitados-pelos-cristaos\\\/#breadcrumb\"},\"inLanguage\":\"fr-FR\",\"potentialAction\":[{\"@type\":\"ReadAction\",\"target\":[\"https:\\\/\\\/www.oracaoefe.com\\\/fe-que-move-turistas-veja-os-lugares-mais-visitados-pelos-cristaos\\\/\"]}]},{\"@type\":\"ImageObject\",\"inLanguage\":\"fr-FR\",\"@id\":\"https:\\\/\\\/www.oracaoefe.com\\\/fe-que-move-turistas-veja-os-lugares-mais-visitados-pelos-cristaos\\\/#primaryimage\",\"url\":\"https:\\\/\\\/www.oracaoefe.com\\\/wp-content\\\/uploads\\\/2024\\\/07\\\/image-8.png\",\"contentUrl\":\"https:\\\/\\\/www.oracaoefe.com\\\/wp-content\\\/uploads\\\/2024\\\/07\\\/image-8.png\",\"width\":740,\"height\":493},{\"@type\":\"BreadcrumbList\",\"@id\":\"https:\\\/\\\/www.oracaoefe.com\\\/fe-que-move-turistas-veja-os-lugares-mais-visitados-pelos-cristaos\\\/#breadcrumb\",\"itemListElement\":[{\"@type\":\"ListItem\",\"position\":1,\"name\":\"Home\",\"item\":\"https:\\\/\\\/www.oracaoefe.com\\\/\"},{\"@type\":\"ListItem\",\"position\":2,\"name\":\"Fique por Dentro\",\"item\":\"https:\\\/\\\/www.oracaoefe.com\\\/category\\\/fique-por-dentro\\\/\"},{\"@type\":\"ListItem\",\"position\":3,\"name\":\"F\u00e9 que move turistas: veja os lugares mais visitados pelos crist\u00e3os\"}]},{\"@type\":\"WebSite\",\"@id\":\"https:\\\/\\\/www.oracaoefe.com\\\/#website\",\"url\":\"https:\\\/\\\/www.oracaoefe.com\\\/\",\"name\":\"Ora\u00e7\u00e3o e F\u00e9\",\"description\":\"\",\"potentialAction\":[{\"@type\":\"SearchAction\",\"target\":{\"@type\":\"EntryPoint\",\"urlTemplate\":\"https:\\\/\\\/www.oracaoefe.com\\\/?s={search_term_string}\"},\"query-input\":{\"@type\":\"PropertyValueSpecification\",\"valueRequired\":true,\"valueName\":\"search_term_string\"}}],\"inLanguage\":\"fr-FR\"},{\"@type\":\"Person\",\"@id\":\"https:\\\/\\\/www.oracaoefe.com\\\/#\\\/schema\\\/person\\\/17283c669442cf005c4d5bb58adfb7f5\",\"name\":\"Michele Azevedo\",\"image\":{\"@type\":\"ImageObject\",\"inLanguage\":\"fr-FR\",\"@id\":\"https:\\\/\\\/secure.gravatar.com\\\/avatar\\\/6b0eb9d22841282815e2cd856a0061c45e1761cd54b22e952d98c4746939aa85?s=96&d=mm&r=g\",\"url\":\"https:\\\/\\\/secure.gravatar.com\\\/avatar\\\/6b0eb9d22841282815e2cd856a0061c45e1761cd54b22e952d98c4746939aa85?s=96&d=mm&r=g\",\"contentUrl\":\"https:\\\/\\\/secure.gravatar.com\\\/avatar\\\/6b0eb9d22841282815e2cd856a0061c45e1761cd54b22e952d98c4746939aa85?s=96&d=mm&r=g\",\"caption\":\"Michele Azevedo\"},\"description\":\"Formada em Letras - Portugu\u00eas\\\/ Ingl\u00eas pela Universidade Estadual de Ponta Grossa (UEPG), p\u00f3s-graduada em Arte na Educa\u00e7\u00e3o (FAPI) e Psicopedagogia Escolar (FAPI), idealizadora e propriet\u00e1ria do site Escritora de Sucesso, possui experi\u00eancia em escrita para blogs em geral e atua como redatora e revisora dos conte\u00fados do Ora\u00e7\u00e3o e F\u00e9.\",\"url\":\"https:\\\/\\\/www.oracaoefe.com\\\/fr\\\/author\\\/michele-azevedo\\\/\"}]}<\/script>\n<!-- \/ Yoast SEO plugin. -->","yoast_head_json":{"title":"F\u00e9 que move turistas: veja os lugares mais visitados pelos crist\u00e3os - Ora\u00e7\u00e3o e F\u00e9","description":"Dieu a une parole de vie pour vous !","robots":{"index":"index","follow":"follow","max-snippet":"max-snippet:-1","max-image-preview":"max-image-preview:large","max-video-preview":"max-video-preview:-1"},"canonical":"https:\/\/www.oracaoefe.com\/fr\/fe-que-move-turistas-veja-os-lugares-mais-visitados-pelos-cristaos\/","og_locale":"fr_FR","og_type":"article","og_title":"F\u00e9 que move turistas: veja os lugares mais visitados pelos crist\u00e3os - Ora\u00e7\u00e3o e F\u00e9","og_description":"Deus tem pra voc\u00ea uma palavra de vida!","og_url":"https:\/\/www.oracaoefe.com\/fr\/fe-que-move-turistas-veja-os-lugares-mais-visitados-pelos-cristaos\/","og_site_name":"Ora\u00e7\u00e3o e F\u00e9","article_published_time":"2024-07-26T09:11:00+00:00","og_image":[{"width":740,"height":493,"url":"https:\/\/www.oracaoefe.com\/wp-content\/uploads\/2024\/07\/image-8.png","type":"image\/png"}],"author":"Michele Azevedo","twitter_card":"summary_large_image","twitter_misc":{"\u00c9crit par":"Michele Azevedo","Dur\u00e9e de lecture estim\u00e9e":"5 minutes"},"schema":{"@context":"https:\/\/schema.org","@graph":[{"@type":"Article","@id":"https:\/\/www.oracaoefe.com\/fe-que-move-turistas-veja-os-lugares-mais-visitados-pelos-cristaos\/#article","isPartOf":{"@id":"https:\/\/www.oracaoefe.com\/fe-que-move-turistas-veja-os-lugares-mais-visitados-pelos-cristaos\/"},"author":{"name":"Michele Azevedo","@id":"https:\/\/www.oracaoefe.com\/#\/schema\/person\/17283c669442cf005c4d5bb58adfb7f5"},"headline":"F\u00e9 que move turistas: veja os lugares mais visitados pelos crist\u00e3os","datePublished":"2024-07-26T09:11:00+00:00","mainEntityOfPage":{"@id":"https:\/\/www.oracaoefe.com\/fe-que-move-turistas-veja-os-lugares-mais-visitados-pelos-cristaos\/"},"wordCount":1033,"image":{"@id":"https:\/\/www.oracaoefe.com\/fe-que-move-turistas-veja-os-lugares-mais-visitados-pelos-cristaos\/#primaryimage"},"thumbnailUrl":"https:\/\/www.oracaoefe.com\/wp-content\/uploads\/2024\/07\/image-8.png","articleSection":["Fique por Dentro"],"inLanguage":"fr-FR"},{"@type":"WebPage","@id":"https:\/\/www.oracaoefe.com\/fe-que-move-turistas-veja-os-lugares-mais-visitados-pelos-cristaos\/","url":"https:\/\/www.oracaoefe.com\/fe-que-move-turistas-veja-os-lugares-mais-visitados-pelos-cristaos\/","name":"F\u00e9 que move turistas: veja os lugares mais visitados pelos crist\u00e3os - Ora\u00e7\u00e3o e F\u00e9","isPartOf":{"@id":"https:\/\/www.oracaoefe.com\/#website"},"primaryImageOfPage":{"@id":"https:\/\/www.oracaoefe.com\/fe-que-move-turistas-veja-os-lugares-mais-visitados-pelos-cristaos\/#primaryimage"},"image":{"@id":"https:\/\/www.oracaoefe.com\/fe-que-move-turistas-veja-os-lugares-mais-visitados-pelos-cristaos\/#primaryimage"},"thumbnailUrl":"https:\/\/www.oracaoefe.com\/wp-content\/uploads\/2024\/07\/image-8.png","datePublished":"2024-07-26T09:11:00+00:00","author":{"@id":"https:\/\/www.oracaoefe.com\/#\/schema\/person\/17283c669442cf005c4d5bb58adfb7f5"},"description":"Dieu a une parole de vie pour vous !","breadcrumb":{"@id":"https:\/\/www.oracaoefe.com\/fe-que-move-turistas-veja-os-lugares-mais-visitados-pelos-cristaos\/#breadcrumb"},"inLanguage":"fr-FR","potentialAction":[{"@type":"ReadAction","target":["https:\/\/www.oracaoefe.com\/fe-que-move-turistas-veja-os-lugares-mais-visitados-pelos-cristaos\/"]}]},{"@type":"ImageObject","inLanguage":"fr-FR","@id":"https:\/\/www.oracaoefe.com\/fe-que-move-turistas-veja-os-lugares-mais-visitados-pelos-cristaos\/#primaryimage","url":"https:\/\/www.oracaoefe.com\/wp-content\/uploads\/2024\/07\/image-8.png","contentUrl":"https:\/\/www.oracaoefe.com\/wp-content\/uploads\/2024\/07\/image-8.png","width":740,"height":493},{"@type":"BreadcrumbList","@id":"https:\/\/www.oracaoefe.com\/fe-que-move-turistas-veja-os-lugares-mais-visitados-pelos-cristaos\/#breadcrumb","itemListElement":[{"@type":"ListItem","position":1,"name":"Home","item":"https:\/\/www.oracaoefe.com\/"},{"@type":"ListItem","position":2,"name":"Fique por Dentro","item":"https:\/\/www.oracaoefe.com\/category\/fique-por-dentro\/"},{"@type":"ListItem","position":3,"name":"F\u00e9 que move turistas: veja os lugares mais visitados pelos crist\u00e3os"}]},{"@type":"WebSite","@id":"https:\/\/www.oracaoefe.com\/#website","url":"https:\/\/www.oracaoefe.com\/","name":"Pri\u00e8re et foi","description":"","potentialAction":[{"@type":"SearchAction","target":{"@type":"EntryPoint","urlTemplate":"https:\/\/www.oracaoefe.com\/?s={search_term_string}"},"query-input":{"@type":"PropertyValueSpecification","valueRequired":true,"valueName":"search_term_string"}}],"inLanguage":"fr-FR"},{"@type":"Person","@id":"https:\/\/www.oracaoefe.com\/#\/schema\/person\/17283c669442cf005c4d5bb58adfb7f5","name":"Michele Azevedo","image":{"@type":"ImageObject","inLanguage":"fr-FR","@id":"https:\/\/secure.gravatar.com\/avatar\/6b0eb9d22841282815e2cd856a0061c45e1761cd54b22e952d98c4746939aa85?s=96&d=mm&r=g","url":"https:\/\/secure.gravatar.com\/avatar\/6b0eb9d22841282815e2cd856a0061c45e1761cd54b22e952d98c4746939aa85?s=96&d=mm&r=g","contentUrl":"https:\/\/secure.gravatar.com\/avatar\/6b0eb9d22841282815e2cd856a0061c45e1761cd54b22e952d98c4746939aa85?s=96&d=mm&r=g","caption":"Michele Azevedo"},"description":"Dipl\u00f4m\u00e9e en litt\u00e9rature portugaise\/anglaise de l&#039;Universit\u00e9 d&#039;\u00c9tat de Ponta Grossa (UEPG), avec des dipl\u00f4mes de troisi\u00e8me cycle en art dans l&#039;\u00e9ducation (FAPI) et en psychop\u00e9dagogie scolaire (FAPI), elle est la cr\u00e9atrice et propri\u00e9taire du site web Escritora de Sucesso, a de l&#039;exp\u00e9rience dans l&#039;\u00e9criture pour les blogs en g\u00e9n\u00e9ral et travaille comme r\u00e9dactrice et \u00e9ditrice du contenu pour Ora\u00e7\u00e3o e F\u00e9.","url":"https:\/\/www.oracaoefe.com\/fr\/author\/michele-azevedo\/"}]}},"_links":{"self":[{"href":"https:\/\/www.oracaoefe.com\/fr\/wp-json\/wp\/v2\/posts\/2947","targetHints":{"allow":["GET"]}}],"collection":[{"href":"https:\/\/www.oracaoefe.com\/fr\/wp-json\/wp\/v2\/posts"}],"about":[{"href":"https:\/\/www.oracaoefe.com\/fr\/wp-json\/wp\/v2\/types\/post"}],"author":[{"embeddable":true,"href":"https:\/\/www.oracaoefe.com\/fr\/wp-json\/wp\/v2\/users\/3"}],"replies":[{"embeddable":true,"href":"https:\/\/www.oracaoefe.com\/fr\/wp-json\/wp\/v2\/comments?post=2947"}],"version-history":[{"count":2,"href":"https:\/\/www.oracaoefe.com\/fr\/wp-json\/wp\/v2\/posts\/2947\/revisions"}],"predecessor-version":[{"id":2956,"href":"https:\/\/www.oracaoefe.com\/fr\/wp-json\/wp\/v2\/posts\/2947\/revisions\/2956"}],"wp:featuredmedia":[{"embeddable":true,"href":"https:\/\/www.oracaoefe.com\/fr\/wp-json\/wp\/v2\/media\/2955"}],"wp:attachment":[{"href":"https:\/\/www.oracaoefe.com\/fr\/wp-json\/wp\/v2\/media?parent=2947"}],"wp:term":[{"taxonomy":"category","embeddable":true,"href":"https:\/\/www.oracaoefe.com\/fr\/wp-json\/wp\/v2\/categories?post=2947"},{"taxonomy":"post_tag","embeddable":true,"href":"https:\/\/www.oracaoefe.com\/fr\/wp-json\/wp\/v2\/tags?post=2947"}],"curies":[{"name":"wp","href":"https:\/\/api.w.org\/{rel}","templated":true}]}}