{"id":2945,"date":"2024-07-23T18:22:17","date_gmt":"2024-07-23T21:22:17","guid":{"rendered":"https:\/\/www.oracaoefe.com\/?p=2945"},"modified":"2024-07-23T18:22:18","modified_gmt":"2024-07-23T21:22:18","slug":"fe-racional-e-fe-emocional-entenda-as-diferencas-e-principais-conceitos","status":"publish","type":"post","link":"https:\/\/www.oracaoefe.com\/fr\/fe-racional-e-fe-emocional-entenda-as-diferencas-e-principais-conceitos\/","title":{"rendered":"F\u00e9 racional e f\u00e9 emocional: entenda as diferen\u00e7as e principais conceitos"},"content":{"rendered":"<p class=\"wp-block-paragraph\">A discuss\u00e3o sobre f\u00e9 \u00e9 um tema vasto e profundamente pessoal, que permeia diversas \u00e1reas da vida humana, desde a espiritualidade at\u00e9 a filosofia e a psicologia. Dois conceitos frequentemente contrastados s\u00e3o a f\u00e9 racional e a f\u00e9 emocional.&nbsp;<\/p>\n\n\n\n<p class=\"wp-block-paragraph\">Embora ambos envolvam cren\u00e7as e convic\u00e7\u00f5es, eles se diferenciam significativamente em termos de origem, fundamento e pr\u00e1tica.&nbsp;<\/p>\n\n\n\n<h2 class=\"wp-block-heading\">O que \u00e9 f\u00e9?<\/h2>\n\n\n\n<p class=\"wp-block-paragraph\">Antes de mergulharmos nas distin\u00e7\u00f5es entre f\u00e9 racional e f\u00e9 emocional, \u00e9 essencial definir o que entendemos por f\u00e9. Geralmente, a f\u00e9 refere-se \u00e0 confian\u00e7a profunda ou cren\u00e7a em algo que n\u00e3o pode ser comprovado de maneira objetiva ou cient\u00edfica.\u00a0<\/p>\n\n\n\n<figure class=\"wp-block-image size-full is-resized\"><img loading=\"lazy\" decoding=\"async\" width=\"740\" height=\"494\" src=\"https:\/\/www.oracaoefe.com\/wp-content\/uploads\/2024\/07\/image-7.png\" alt=\"\" class=\"wp-image-2953\" style=\"width:840px;height:auto\" srcset=\"https:\/\/www.oracaoefe.com\/wp-content\/uploads\/2024\/07\/image-7.png 740w, https:\/\/www.oracaoefe.com\/wp-content\/uploads\/2024\/07\/image-7-300x200.png 300w, https:\/\/www.oracaoefe.com\/wp-content\/uploads\/2024\/07\/image-7-18x12.png 18w\" sizes=\"auto, (max-width: 740px) 100vw, 740px\" \/><\/figure>\n\n\n\n<p class=\"wp-block-paragraph\">Ela vai al\u00e9m da evid\u00eancia emp\u00edrica e pode estar fundamentada em experi\u00eancias pessoais, tradi\u00e7\u00f5es culturais, ensinamentos religiosos ou convic\u00e7\u00f5es filos\u00f3ficas.<\/p>\n\n\n\n<h2 class=\"wp-block-heading\">F\u00e9 emocional: A for\u00e7a da experi\u00eancia pessoal<\/h2>\n\n\n\n<p class=\"wp-block-paragraph\">A f\u00e9 emocional baseia-se principalmente nas experi\u00eancias subjetivas e emocionais de uma pessoa. Ela surge quando algu\u00e9m vivencia momentos que provocam uma conex\u00e3o profunda com algo transcendental, seja uma experi\u00eancia espiritual, um evento significativo ou um encontro com o divino. Essas experi\u00eancias muitas vezes s\u00e3o marcadas por um sentido de maravilha, \u00eaxtase ou renova\u00e7\u00e3o espiritual.<\/p>\n\n\n\n<h3 class=\"wp-block-heading\">Origens e manifesta\u00e7\u00f5es da f\u00e9 emocional<\/h3>\n\n\n\n<p class=\"wp-block-paragraph\">As origens da f\u00e9 emocional s\u00e3o variadas e podem incluir eventos traum\u00e1ticos, momentos de revela\u00e7\u00e3o pessoal, ou a influ\u00eancia de l\u00edderes espirituais carism\u00e1ticos. Por exemplo, um indiv\u00edduo pode desenvolver uma f\u00e9 emocional intensa ap\u00f3s superar uma doen\u00e7a grave ou depois de vivenciar um milagre percebido.&nbsp;<\/p>\n\n\n\n<p class=\"wp-block-paragraph\">Esses eventos podem ser transformadores, alterando fundamentalmente a perspectiva da pessoa sobre si mesma e o mundo ao seu redor.<\/p>\n\n\n\n<h2 class=\"wp-block-heading\">F\u00e9 racional: A busca pela l\u00f3gica e consist\u00eancia<\/h2>\n\n\n\n<p class=\"wp-block-paragraph\">Contrastando com a f\u00e9 emocional, a f\u00e9 racional baseia-se em uma an\u00e1lise cuidadosa, racional e cr\u00edtica das evid\u00eancias dispon\u00edveis. Ela procura consist\u00eancia l\u00f3gica, coer\u00eancia intelectual e uma base emp\u00edrica para as cren\u00e7as que sustenta.&nbsp;<\/p>\n\n\n\n<p class=\"wp-block-paragraph\">A f\u00e9 racional n\u00e3o rejeita a emo\u00e7\u00e3o como um componente da f\u00e9, mas enfatiza a import\u00e2ncia de uma investiga\u00e7\u00e3o intelectual robusta e de uma justifica\u00e7\u00e3o fundamentada para as cren\u00e7as.<\/p>\n\n\n\n<h3 class=\"wp-block-heading\">Fundamentos da f\u00e9 racional<\/h3>\n\n\n\n<p class=\"wp-block-paragraph\">Os fundamentos da f\u00e9 racional podem variar amplamente, dependendo do contexto cultural, religioso ou filos\u00f3fico. Para alguns, isso pode significar a busca por provas arqueol\u00f3gicas ou hist\u00f3ricas que corroborem eventos narrados em textos religiosos.&nbsp;<\/p>\n\n\n\n<p class=\"wp-block-paragraph\">Para outros, pode envolver uma an\u00e1lise cr\u00edtica das doutrinas e ensinamentos, comparando-os com descobertas cient\u00edficas contempor\u00e2neas.A f\u00e9 racional busca reconciliar as cren\u00e7as com o conhecimento e a compreens\u00e3o adquiridos atrav\u00e9s da raz\u00e3o.<\/p>\n\n\n\n<h2 class=\"wp-block-heading\">Diferen\u00e7as e complementaridade entre f\u00e9 racional e f\u00e9 emocional<\/h2>\n\n\n\n<p class=\"wp-block-paragraph\">Embora sejam frequentemente contrastadas, f\u00e9 racional e f\u00e9 emocional n\u00e3o t\u00eam mutuamente exclusividade. Na verdade, muitas pessoas combinam elementos de ambas em sua vida espiritual e filos\u00f3fica.\u00a0<\/p>\n\n\n\n<p class=\"wp-block-paragraph\">A f\u00e9 emocional pode fornecer a motiva\u00e7\u00e3o inicial e a conex\u00e3o pessoal, enquanto a f\u00e9 racional pode oferecer um quadro intelectual e justificativo para essas experi\u00eancias.<\/p>\n\n\n\n<h3 class=\"wp-block-heading\">Exemplos na pr\u00e1tica<\/h3>\n\n\n\n<p class=\"wp-block-paragraph\">Por exemplo, um indiv\u00edduo pode encontrar um profundo significado espiritual em rituais religiosos e experi\u00eancias de adora\u00e7\u00e3o (f\u00e9 emocional), ao mesmo tempo em que estuda a hist\u00f3ria e a teologia de sua tradi\u00e7\u00e3o religiosa para entender melhor suas cren\u00e7as (f\u00e9 racional). Essa abordagem integrativa permite uma compreens\u00e3o mais hol\u00edstica e fundamentada de sua f\u00e9.<\/p>\n\n\n\n<h2 class=\"wp-block-heading\">Implica\u00e7\u00f5es filos\u00f3ficas e psicol\u00f3gicas<\/h2>\n\n\n\n<p class=\"wp-block-paragraph\">As diferen\u00e7as entre f\u00e9 racional e f\u00e9 emocional tamb\u00e9m t\u00eam implica\u00e7\u00f5es significativas na filosofia e na psicologia. A f\u00e9 emocional pode ser vista como uma express\u00e3o da necessidade humana de significado e conex\u00e3o espiritual, enquanto a f\u00e9 racional pode ter interpreta\u00e7\u00e3o como uma tentativa de conciliar essa necessidade com o pensamento cr\u00edtico e a investiga\u00e7\u00e3o intelectual.<\/p>\n\n\n\n<h3 class=\"wp-block-heading\">Desafios e tens\u00f5es<\/h3>\n\n\n\n<p class=\"wp-block-paragraph\">No entanto, as tens\u00f5es entre f\u00e9 racional e f\u00e9 emocional tamb\u00e9m podem surgir. Por exemplo, conflitos podem surgir quando as evid\u00eancias cient\u00edficas contradizem interpreta\u00e7\u00f5es religiosas tradicionais, desafiando a f\u00e9 racional de uma pessoa.&nbsp;<\/p>\n\n\n\n<p class=\"wp-block-paragraph\">Da mesma forma, experi\u00eancias emocionais intensas podem levar a cren\u00e7as que s\u00e3o dif\u00edceis de justificar racionalmente.<\/p>\n\n\n\n<h2 class=\"wp-block-heading\">Integrando f\u00e9 racional e f\u00e9 emocional<\/h2>\n\n\n\n<p class=\"wp-block-paragraph\">Tanto a f\u00e9 racional quanto a f\u00e9 emocional desempenham pap\u00e9is essenciais na vida de muitas pessoas, oferecendo diferentes formas de compreens\u00e3o e significado. Reconhecer e entender as diferen\u00e7as entre esses dois tipos de f\u00e9 pode enriquecer nossa abordagem pessoal e coletiva \u00e0 espiritualidade, promovendo um di\u00e1logo construtivo entre raz\u00e3o e emo\u00e7\u00e3o, ci\u00eancia e religi\u00e3o.<\/p>\n\n\n\n<p class=\"wp-block-paragraph\">Ao explorar esses conceitos, \u00e9 importante lembrar que a f\u00e9 \u00e9 uma jornada pessoal e \u00fanica para cada indiv\u00edduo. Respeitar e valorizar as diferentes formas contribui para um entendimento mais profundo e inclusivo da diversidade humana e das experi\u00eancias espirituais.<\/p>\n\n\n\n<p class=\"wp-block-paragraph\"><strong>Voir aussi\u00a0: <a href=\"https:\/\/www.oracaoefe.com\/fr\/a-fe-e-a-certeza-daquilo-que-esperamos\/\">A f\u00e9 \u00e9 a certeza daquilo que esperamos<\/a><\/strong><\/p>\n\n\n\n<p class=\"wp-block-paragraph\">23 de julho de 2024<\/p>","protected":false},"excerpt":{"rendered":"<p>A discuss\u00e3o sobre f\u00e9 \u00e9 um tema vasto e profundamente pessoal, que permeia diversas \u00e1reas da vida humana, desde a espiritualidade at\u00e9 a filosofia e a psicologia. Dois conceitos frequentemente contrastados s\u00e3o a f\u00e9 racional e a f\u00e9 emocional.&nbsp; Embora ambos envolvam cren\u00e7as e convic\u00e7\u00f5es, eles se diferenciam significativamente em termos de origem, fundamento e&hellip;&nbsp;<\/p>","protected":false},"author":3,"featured_media":2953,"comment_status":"closed","ping_status":"closed","sticky":false,"template":"","format":"standard","meta":{"neve_meta_sidebar":"","neve_meta_container":"","neve_meta_enable_content_width":"","neve_meta_content_width":0,"neve_meta_title_alignment":"","neve_meta_author_avatar":"","neve_post_elements_order":"","neve_meta_disable_header":"","neve_meta_disable_footer":"","neve_meta_disable_title":"","footnotes":""},"categories":[3],"tags":[29],"class_list":["post-2945","post","type-post","status-publish","format-standard","has-post-thumbnail","hentry","category-fe","tag-fe"],"yoast_head":"<!-- This site is optimized with the Yoast SEO plugin v28.4 - https:\/\/yoast.com\/product\/yoast-seo-wordpress\/ -->\n<title>F\u00e9 racional e f\u00e9 emocional: entenda as diferen\u00e7as e principais conceitos - Ora\u00e7\u00e3o e F\u00e9<\/title>\n<meta name=\"description\" content=\"Deus tem pra voc\u00ea uma palavra de vida!\" \/>\n<meta name=\"robots\" content=\"index, follow, max-snippet:-1, max-image-preview:large, max-video-preview:-1\" \/>\n<link rel=\"canonical\" href=\"https:\/\/www.oracaoefe.com\/fr\/fe-racional-e-fe-emocional-entenda-as-diferencas-e-principais-conceitos\/\" \/>\n<meta property=\"og:locale\" content=\"fr_FR\" \/>\n<meta property=\"og:type\" content=\"article\" \/>\n<meta property=\"og:title\" content=\"F\u00e9 racional e f\u00e9 emocional: entenda as diferen\u00e7as e principais conceitos - Ora\u00e7\u00e3o e F\u00e9\" \/>\n<meta property=\"og:description\" content=\"Deus tem pra voc\u00ea uma palavra de vida!\" \/>\n<meta property=\"og:url\" content=\"https:\/\/www.oracaoefe.com\/fr\/fe-racional-e-fe-emocional-entenda-as-diferencas-e-principais-conceitos\/\" \/>\n<meta property=\"og:site_name\" content=\"Ora\u00e7\u00e3o e F\u00e9\" \/>\n<meta property=\"article:published_time\" content=\"2024-07-23T21:22:17+00:00\" \/>\n<meta property=\"article:modified_time\" content=\"2024-07-23T21:22:18+00:00\" \/>\n<meta property=\"og:image\" content=\"https:\/\/www.oracaoefe.com\/wp-content\/uploads\/2024\/07\/image-7.png\" \/>\n\t<meta property=\"og:image:width\" content=\"740\" \/>\n\t<meta property=\"og:image:height\" content=\"494\" \/>\n\t<meta property=\"og:image:type\" content=\"image\/png\" \/>\n<meta name=\"author\" content=\"Michele Azevedo\" \/>\n<meta name=\"twitter:card\" content=\"summary_large_image\" \/>\n<meta name=\"twitter:label1\" content=\"\u00c9crit par\" \/>\n\t<meta name=\"twitter:data1\" content=\"Michele Azevedo\" \/>\n\t<meta name=\"twitter:label2\" content=\"Dur\u00e9e de lecture estim\u00e9e\" \/>\n\t<meta name=\"twitter:data2\" content=\"4 minutes\" \/>\n<script type=\"application\/ld+json\" class=\"yoast-schema-graph\">{\"@context\":\"https:\\\/\\\/schema.org\",\"@graph\":[{\"@type\":\"Article\",\"@id\":\"https:\\\/\\\/www.oracaoefe.com\\\/fe-racional-e-fe-emocional-entenda-as-diferencas-e-principais-conceitos\\\/#article\",\"isPartOf\":{\"@id\":\"https:\\\/\\\/www.oracaoefe.com\\\/fe-racional-e-fe-emocional-entenda-as-diferencas-e-principais-conceitos\\\/\"},\"author\":{\"name\":\"Michele Azevedo\",\"@id\":\"https:\\\/\\\/www.oracaoefe.com\\\/#\\\/schema\\\/person\\\/17283c669442cf005c4d5bb58adfb7f5\"},\"headline\":\"F\u00e9 racional e f\u00e9 emocional: entenda as diferen\u00e7as e principais conceitos\",\"datePublished\":\"2024-07-23T21:22:17+00:00\",\"dateModified\":\"2024-07-23T21:22:18+00:00\",\"mainEntityOfPage\":{\"@id\":\"https:\\\/\\\/www.oracaoefe.com\\\/fe-racional-e-fe-emocional-entenda-as-diferencas-e-principais-conceitos\\\/\"},\"wordCount\":862,\"image\":{\"@id\":\"https:\\\/\\\/www.oracaoefe.com\\\/fe-racional-e-fe-emocional-entenda-as-diferencas-e-principais-conceitos\\\/#primaryimage\"},\"thumbnailUrl\":\"https:\\\/\\\/www.oracaoefe.com\\\/wp-content\\\/uploads\\\/2024\\\/07\\\/image-7.png\",\"keywords\":[\"fe\"],\"articleSection\":[\"F\u00e9\"],\"inLanguage\":\"fr-FR\"},{\"@type\":\"WebPage\",\"@id\":\"https:\\\/\\\/www.oracaoefe.com\\\/fe-racional-e-fe-emocional-entenda-as-diferencas-e-principais-conceitos\\\/\",\"url\":\"https:\\\/\\\/www.oracaoefe.com\\\/fe-racional-e-fe-emocional-entenda-as-diferencas-e-principais-conceitos\\\/\",\"name\":\"F\u00e9 racional e f\u00e9 emocional: entenda as diferen\u00e7as e principais conceitos - Ora\u00e7\u00e3o e F\u00e9\",\"isPartOf\":{\"@id\":\"https:\\\/\\\/www.oracaoefe.com\\\/#website\"},\"primaryImageOfPage\":{\"@id\":\"https:\\\/\\\/www.oracaoefe.com\\\/fe-racional-e-fe-emocional-entenda-as-diferencas-e-principais-conceitos\\\/#primaryimage\"},\"image\":{\"@id\":\"https:\\\/\\\/www.oracaoefe.com\\\/fe-racional-e-fe-emocional-entenda-as-diferencas-e-principais-conceitos\\\/#primaryimage\"},\"thumbnailUrl\":\"https:\\\/\\\/www.oracaoefe.com\\\/wp-content\\\/uploads\\\/2024\\\/07\\\/image-7.png\",\"datePublished\":\"2024-07-23T21:22:17+00:00\",\"dateModified\":\"2024-07-23T21:22:18+00:00\",\"author\":{\"@id\":\"https:\\\/\\\/www.oracaoefe.com\\\/#\\\/schema\\\/person\\\/17283c669442cf005c4d5bb58adfb7f5\"},\"description\":\"Deus tem pra voc\u00ea uma palavra de vida!\",\"breadcrumb\":{\"@id\":\"https:\\\/\\\/www.oracaoefe.com\\\/fe-racional-e-fe-emocional-entenda-as-diferencas-e-principais-conceitos\\\/#breadcrumb\"},\"inLanguage\":\"fr-FR\",\"potentialAction\":[{\"@type\":\"ReadAction\",\"target\":[\"https:\\\/\\\/www.oracaoefe.com\\\/fe-racional-e-fe-emocional-entenda-as-diferencas-e-principais-conceitos\\\/\"]}]},{\"@type\":\"ImageObject\",\"inLanguage\":\"fr-FR\",\"@id\":\"https:\\\/\\\/www.oracaoefe.com\\\/fe-racional-e-fe-emocional-entenda-as-diferencas-e-principais-conceitos\\\/#primaryimage\",\"url\":\"https:\\\/\\\/www.oracaoefe.com\\\/wp-content\\\/uploads\\\/2024\\\/07\\\/image-7.png\",\"contentUrl\":\"https:\\\/\\\/www.oracaoefe.com\\\/wp-content\\\/uploads\\\/2024\\\/07\\\/image-7.png\",\"width\":740,\"height\":494},{\"@type\":\"BreadcrumbList\",\"@id\":\"https:\\\/\\\/www.oracaoefe.com\\\/fe-racional-e-fe-emocional-entenda-as-diferencas-e-principais-conceitos\\\/#breadcrumb\",\"itemListElement\":[{\"@type\":\"ListItem\",\"position\":1,\"name\":\"Home\",\"item\":\"https:\\\/\\\/www.oracaoefe.com\\\/\"},{\"@type\":\"ListItem\",\"position\":2,\"name\":\"F\u00e9\",\"item\":\"https:\\\/\\\/www.oracaoefe.com\\\/es\\\/categoria\\\/fe\\\/\"},{\"@type\":\"ListItem\",\"position\":3,\"name\":\"F\u00e9 racional e f\u00e9 emocional: entenda as diferen\u00e7as e principais conceitos\"}]},{\"@type\":\"WebSite\",\"@id\":\"https:\\\/\\\/www.oracaoefe.com\\\/#website\",\"url\":\"https:\\\/\\\/www.oracaoefe.com\\\/\",\"name\":\"Ora\u00e7\u00e3o e F\u00e9\",\"description\":\"\",\"potentialAction\":[{\"@type\":\"SearchAction\",\"target\":{\"@type\":\"EntryPoint\",\"urlTemplate\":\"https:\\\/\\\/www.oracaoefe.com\\\/?s={search_term_string}\"},\"query-input\":{\"@type\":\"PropertyValueSpecification\",\"valueRequired\":true,\"valueName\":\"search_term_string\"}}],\"inLanguage\":\"fr-FR\"},{\"@type\":\"Person\",\"@id\":\"https:\\\/\\\/www.oracaoefe.com\\\/#\\\/schema\\\/person\\\/17283c669442cf005c4d5bb58adfb7f5\",\"name\":\"Michele Azevedo\",\"image\":{\"@type\":\"ImageObject\",\"inLanguage\":\"fr-FR\",\"@id\":\"https:\\\/\\\/secure.gravatar.com\\\/avatar\\\/6b0eb9d22841282815e2cd856a0061c45e1761cd54b22e952d98c4746939aa85?s=96&d=mm&r=g\",\"url\":\"https:\\\/\\\/secure.gravatar.com\\\/avatar\\\/6b0eb9d22841282815e2cd856a0061c45e1761cd54b22e952d98c4746939aa85?s=96&d=mm&r=g\",\"contentUrl\":\"https:\\\/\\\/secure.gravatar.com\\\/avatar\\\/6b0eb9d22841282815e2cd856a0061c45e1761cd54b22e952d98c4746939aa85?s=96&d=mm&r=g\",\"caption\":\"Michele Azevedo\"},\"description\":\"Formada em Letras - Portugu\u00eas\\\/ Ingl\u00eas pela Universidade Estadual de Ponta Grossa (UEPG), p\u00f3s-graduada em Arte na Educa\u00e7\u00e3o (FAPI) e Psicopedagogia Escolar (FAPI), idealizadora e propriet\u00e1ria do site Escritora de Sucesso, possui experi\u00eancia em escrita para blogs em geral e atua como redatora e revisora dos conte\u00fados do Ora\u00e7\u00e3o e F\u00e9.\",\"url\":\"https:\\\/\\\/www.oracaoefe.com\\\/fr\\\/author\\\/michele-azevedo\\\/\"}]}<\/script>\n<!-- \/ Yoast SEO plugin. -->","yoast_head_json":{"title":"F\u00e9 racional e f\u00e9 emocional: entenda as diferen\u00e7as e principais conceitos - Ora\u00e7\u00e3o e F\u00e9","description":"Dieu a une parole de vie pour vous !","robots":{"index":"index","follow":"follow","max-snippet":"max-snippet:-1","max-image-preview":"max-image-preview:large","max-video-preview":"max-video-preview:-1"},"canonical":"https:\/\/www.oracaoefe.com\/fr\/fe-racional-e-fe-emocional-entenda-as-diferencas-e-principais-conceitos\/","og_locale":"fr_FR","og_type":"article","og_title":"F\u00e9 racional e f\u00e9 emocional: entenda as diferen\u00e7as e principais conceitos - Ora\u00e7\u00e3o e F\u00e9","og_description":"Deus tem pra voc\u00ea uma palavra de vida!","og_url":"https:\/\/www.oracaoefe.com\/fr\/fe-racional-e-fe-emocional-entenda-as-diferencas-e-principais-conceitos\/","og_site_name":"Ora\u00e7\u00e3o e F\u00e9","article_published_time":"2024-07-23T21:22:17+00:00","article_modified_time":"2024-07-23T21:22:18+00:00","og_image":[{"width":740,"height":494,"url":"https:\/\/www.oracaoefe.com\/wp-content\/uploads\/2024\/07\/image-7.png","type":"image\/png"}],"author":"Michele Azevedo","twitter_card":"summary_large_image","twitter_misc":{"\u00c9crit par":"Michele Azevedo","Dur\u00e9e de lecture estim\u00e9e":"4 minutes"},"schema":{"@context":"https:\/\/schema.org","@graph":[{"@type":"Article","@id":"https:\/\/www.oracaoefe.com\/fe-racional-e-fe-emocional-entenda-as-diferencas-e-principais-conceitos\/#article","isPartOf":{"@id":"https:\/\/www.oracaoefe.com\/fe-racional-e-fe-emocional-entenda-as-diferencas-e-principais-conceitos\/"},"author":{"name":"Michele Azevedo","@id":"https:\/\/www.oracaoefe.com\/#\/schema\/person\/17283c669442cf005c4d5bb58adfb7f5"},"headline":"F\u00e9 racional e f\u00e9 emocional: entenda as diferen\u00e7as e principais conceitos","datePublished":"2024-07-23T21:22:17+00:00","dateModified":"2024-07-23T21:22:18+00:00","mainEntityOfPage":{"@id":"https:\/\/www.oracaoefe.com\/fe-racional-e-fe-emocional-entenda-as-diferencas-e-principais-conceitos\/"},"wordCount":862,"image":{"@id":"https:\/\/www.oracaoefe.com\/fe-racional-e-fe-emocional-entenda-as-diferencas-e-principais-conceitos\/#primaryimage"},"thumbnailUrl":"https:\/\/www.oracaoefe.com\/wp-content\/uploads\/2024\/07\/image-7.png","keywords":["fe"],"articleSection":["F\u00e9"],"inLanguage":"fr-FR"},{"@type":"WebPage","@id":"https:\/\/www.oracaoefe.com\/fe-racional-e-fe-emocional-entenda-as-diferencas-e-principais-conceitos\/","url":"https:\/\/www.oracaoefe.com\/fe-racional-e-fe-emocional-entenda-as-diferencas-e-principais-conceitos\/","name":"F\u00e9 racional e f\u00e9 emocional: entenda as diferen\u00e7as e principais conceitos - Ora\u00e7\u00e3o e F\u00e9","isPartOf":{"@id":"https:\/\/www.oracaoefe.com\/#website"},"primaryImageOfPage":{"@id":"https:\/\/www.oracaoefe.com\/fe-racional-e-fe-emocional-entenda-as-diferencas-e-principais-conceitos\/#primaryimage"},"image":{"@id":"https:\/\/www.oracaoefe.com\/fe-racional-e-fe-emocional-entenda-as-diferencas-e-principais-conceitos\/#primaryimage"},"thumbnailUrl":"https:\/\/www.oracaoefe.com\/wp-content\/uploads\/2024\/07\/image-7.png","datePublished":"2024-07-23T21:22:17+00:00","dateModified":"2024-07-23T21:22:18+00:00","author":{"@id":"https:\/\/www.oracaoefe.com\/#\/schema\/person\/17283c669442cf005c4d5bb58adfb7f5"},"description":"Dieu a une parole de vie pour vous !","breadcrumb":{"@id":"https:\/\/www.oracaoefe.com\/fe-racional-e-fe-emocional-entenda-as-diferencas-e-principais-conceitos\/#breadcrumb"},"inLanguage":"fr-FR","potentialAction":[{"@type":"ReadAction","target":["https:\/\/www.oracaoefe.com\/fe-racional-e-fe-emocional-entenda-as-diferencas-e-principais-conceitos\/"]}]},{"@type":"ImageObject","inLanguage":"fr-FR","@id":"https:\/\/www.oracaoefe.com\/fe-racional-e-fe-emocional-entenda-as-diferencas-e-principais-conceitos\/#primaryimage","url":"https:\/\/www.oracaoefe.com\/wp-content\/uploads\/2024\/07\/image-7.png","contentUrl":"https:\/\/www.oracaoefe.com\/wp-content\/uploads\/2024\/07\/image-7.png","width":740,"height":494},{"@type":"BreadcrumbList","@id":"https:\/\/www.oracaoefe.com\/fe-racional-e-fe-emocional-entenda-as-diferencas-e-principais-conceitos\/#breadcrumb","itemListElement":[{"@type":"ListItem","position":1,"name":"Home","item":"https:\/\/www.oracaoefe.com\/"},{"@type":"ListItem","position":2,"name":"F\u00e9","item":"https:\/\/www.oracaoefe.com\/es\/categoria\/fe\/"},{"@type":"ListItem","position":3,"name":"F\u00e9 racional e f\u00e9 emocional: entenda as diferen\u00e7as e principais conceitos"}]},{"@type":"WebSite","@id":"https:\/\/www.oracaoefe.com\/#website","url":"https:\/\/www.oracaoefe.com\/","name":"Pri\u00e8re et foi","description":"","potentialAction":[{"@type":"SearchAction","target":{"@type":"EntryPoint","urlTemplate":"https:\/\/www.oracaoefe.com\/?s={search_term_string}"},"query-input":{"@type":"PropertyValueSpecification","valueRequired":true,"valueName":"search_term_string"}}],"inLanguage":"fr-FR"},{"@type":"Person","@id":"https:\/\/www.oracaoefe.com\/#\/schema\/person\/17283c669442cf005c4d5bb58adfb7f5","name":"Michele Azevedo","image":{"@type":"ImageObject","inLanguage":"fr-FR","@id":"https:\/\/secure.gravatar.com\/avatar\/6b0eb9d22841282815e2cd856a0061c45e1761cd54b22e952d98c4746939aa85?s=96&d=mm&r=g","url":"https:\/\/secure.gravatar.com\/avatar\/6b0eb9d22841282815e2cd856a0061c45e1761cd54b22e952d98c4746939aa85?s=96&d=mm&r=g","contentUrl":"https:\/\/secure.gravatar.com\/avatar\/6b0eb9d22841282815e2cd856a0061c45e1761cd54b22e952d98c4746939aa85?s=96&d=mm&r=g","caption":"Michele Azevedo"},"description":"Dipl\u00f4m\u00e9e en litt\u00e9rature portugaise\/anglaise de l&#039;Universit\u00e9 d&#039;\u00c9tat de Ponta Grossa (UEPG), avec des dipl\u00f4mes de troisi\u00e8me cycle en art dans l&#039;\u00e9ducation (FAPI) et en psychop\u00e9dagogie scolaire (FAPI), elle est la cr\u00e9atrice et propri\u00e9taire du site web Escritora de Sucesso, a de l&#039;exp\u00e9rience dans l&#039;\u00e9criture pour les blogs en g\u00e9n\u00e9ral et travaille comme r\u00e9dactrice et \u00e9ditrice du contenu pour Ora\u00e7\u00e3o e F\u00e9.","url":"https:\/\/www.oracaoefe.com\/fr\/author\/michele-azevedo\/"}]}},"_links":{"self":[{"href":"https:\/\/www.oracaoefe.com\/fr\/wp-json\/wp\/v2\/posts\/2945","targetHints":{"allow":["GET"]}}],"collection":[{"href":"https:\/\/www.oracaoefe.com\/fr\/wp-json\/wp\/v2\/posts"}],"about":[{"href":"https:\/\/www.oracaoefe.com\/fr\/wp-json\/wp\/v2\/types\/post"}],"author":[{"embeddable":true,"href":"https:\/\/www.oracaoefe.com\/fr\/wp-json\/wp\/v2\/users\/3"}],"replies":[{"embeddable":true,"href":"https:\/\/www.oracaoefe.com\/fr\/wp-json\/wp\/v2\/comments?post=2945"}],"version-history":[{"count":2,"href":"https:\/\/www.oracaoefe.com\/fr\/wp-json\/wp\/v2\/posts\/2945\/revisions"}],"predecessor-version":[{"id":2954,"href":"https:\/\/www.oracaoefe.com\/fr\/wp-json\/wp\/v2\/posts\/2945\/revisions\/2954"}],"wp:featuredmedia":[{"embeddable":true,"href":"https:\/\/www.oracaoefe.com\/fr\/wp-json\/wp\/v2\/media\/2953"}],"wp:attachment":[{"href":"https:\/\/www.oracaoefe.com\/fr\/wp-json\/wp\/v2\/media?parent=2945"}],"wp:term":[{"taxonomy":"category","embeddable":true,"href":"https:\/\/www.oracaoefe.com\/fr\/wp-json\/wp\/v2\/categories?post=2945"},{"taxonomy":"post_tag","embeddable":true,"href":"https:\/\/www.oracaoefe.com\/fr\/wp-json\/wp\/v2\/tags?post=2945"}],"curies":[{"name":"wp","href":"https:\/\/api.w.org\/{rel}","templated":true}]}}