{"id":2942,"date":"2024-07-20T06:00:00","date_gmt":"2024-07-20T09:00:00","guid":{"rendered":"https:\/\/www.oracaoefe.com\/?p=2942"},"modified":"2024-07-19T19:42:10","modified_gmt":"2024-07-19T22:42:10","slug":"o-que-a-biblia-diz-sobre-o-eclipse-solar-veja-a-curiosidade","status":"publish","type":"post","link":"https:\/\/www.oracaoefe.com\/fr\/o-que-a-biblia-diz-sobre-o-eclipse-solar-veja-a-curiosidade\/","title":{"rendered":"O que a B\u00edblia diz sobre o eclipse solar; veja a curiosidade"},"content":{"rendered":"<p class=\"wp-block-paragraph\">Os eclipses solares s\u00e3o fen\u00f4menos fascinantes que capturam a imagina\u00e7\u00e3o das pessoas ao longo da hist\u00f3ria. Quando o Sol, a Lua e a Terra se alinham de maneira espec\u00edfica, a sombra da Lua pode ser projetada sobre a Terra, obscurecendo parcial ou completamente o Sol por alguns momentos. Este evento celestial tem sido registrado em v\u00e1rias culturas antigas, incluindo aquelas cujos registros religiosos foram preservados na B\u00edblia.<\/p>\n\n\n\n<h2 class=\"wp-block-heading\">Eclipse solar na B\u00edblia: Contexto hist\u00f3rico e interpretativo<\/h2>\n\n\n\n<p class=\"wp-block-paragraph\">A B\u00edblia, composta por textos que remontam a milhares de anos, reflete as percep\u00e7\u00f5es e interpreta\u00e7\u00f5es das pessoas sobre fen\u00f4menos naturais, incluindo os eclipses solares. \u00c9 importante entender o contexto hist\u00f3rico e cultural das passagens b\u00edblicas que mencionam eventos astron\u00f4micos para evitar interpreta\u00e7\u00f5es anacr\u00f4nicas.<\/p>\n\n\n\n<h3 class=\"wp-block-heading\">Passagens B\u00edblicas relevantes<\/h3>\n\n\n\n<ol class=\"wp-block-list\">\n<li>Livro de Am\u00f3s:<\/li>\n<\/ol>\n\n\n\n<p class=\"wp-block-paragraph\">O profeta Am\u00f3s, que viveu no s\u00e9culo VIII a.C., menciona um evento que alguns estudiosos interpretaram como um eclipse solar. No cap\u00edtulo 8, vers\u00edculos 9 e 10, Am\u00f3s profetiza: &#8220;E acontecer\u00e1 que, naquele dia, diz o Senhor Deus, farei que o sol se ponha ao meio-dia e a terra se entenebre\u00e7a em dia claro.&#8221; Essa descri\u00e7\u00e3o sugere um fen\u00f4meno incomum de escurecimento durante o dia.<\/p>\n\n\n\n<figure class=\"wp-block-image size-full is-resized\"><img loading=\"lazy\" decoding=\"async\" width=\"740\" height=\"524\" src=\"https:\/\/www.oracaoefe.com\/wp-content\/uploads\/2024\/07\/image-6.png\" alt=\"\" class=\"wp-image-2943\" style=\"width:840px;height:auto\" srcset=\"https:\/\/www.oracaoefe.com\/wp-content\/uploads\/2024\/07\/image-6.png 740w, https:\/\/www.oracaoefe.com\/wp-content\/uploads\/2024\/07\/image-6-300x212.png 300w, https:\/\/www.oracaoefe.com\/wp-content\/uploads\/2024\/07\/image-6-18x12.png 18w\" sizes=\"auto, (max-width: 740px) 100vw, 740px\" \/><\/figure>\n\n\n\n<ol class=\"wp-block-list\" start=\"2\">\n<li>Evangelhos Sin\u00f3ticos:<\/li>\n<\/ol>\n\n\n\n<p class=\"wp-block-paragraph\">Nos Evangelhos de Mateus, Marcos e Lucas, h\u00e1 uma descri\u00e7\u00e3o do escurecimento do c\u00e9u durante a crucifica\u00e7\u00e3o de Jesus. No Evangelho de Lucas 23:44-45, por exemplo, \u00e9 relatado: &#8220;Era quase \u00e0 hora sexta, e houve trevas em toda a terra at\u00e9 \u00e0 hora nona, escurecendo-se o sol.&#8221; Esse evento, conhecido como a &#8220;escurid\u00e3o durante a crucifica\u00e7\u00e3o&#8221;, \u00e9 frequentemente associado a um eclipse solar.<\/p>\n\n\n\n<h2 class=\"wp-block-heading\">Interpreta\u00e7\u00e3o teol\u00f3gica e simb\u00f3lica<\/h2>\n\n\n\n<p class=\"wp-block-paragraph\">Os eventos astron\u00f4micos mencionados na B\u00edblia muitas vezes s\u00e3o interpretados n\u00e3o apenas literalmente, mas tamb\u00e9m de forma simb\u00f3lica e teol\u00f3gica. O eclipse solar pode ser visto como um sinal divino, um momento de import\u00e2ncia celestial que reflete mudan\u00e7as espirituais ou eventos significativos na hist\u00f3ria humana.<\/p>\n\n\n\n<h2 class=\"wp-block-heading\">Contexto cultural e mitol\u00f3gico<\/h2>\n\n\n\n<p class=\"wp-block-paragraph\">Al\u00e9m das interpreta\u00e7\u00f5es religiosas, muitas culturas antigas atribu\u00edram significados mitol\u00f3gicos aos eclipses solares. Eles eram vistos como press\u00e1gios ou manifesta\u00e7\u00f5es de divindades, influenciando cren\u00e7as e pr\u00e1ticas religiosas. Na Babil\u00f4nia, por exemplo, os eclipses eram interpretados como confrontos entre deuses.<\/p>\n\n\n\n<h2 class=\"wp-block-heading\">Ci\u00eancia e eclipses solares<\/h2>\n\n\n\n<p class=\"wp-block-paragraph\">Do ponto de vista cient\u00edfico, um eclipse solar ocorre quando a Lua passa entre a Terra e o Sol, bloqueando parcial ou totalmente a luz solar em algumas regi\u00f5es da Terra. Esse fen\u00f4meno \u00e9 explicado pela mec\u00e2nica orbital dos corpos celestes e pode ser previsto com precis\u00e3o usando modelos astron\u00f4micos.<\/p>\n\n\n\n<h2 class=\"wp-block-heading\">Eclipses solares na atualidade<\/h2>\n\n\n\n<p class=\"wp-block-paragraph\">Atualmente, os eclipses solares continuam a fascinar cientistas e observadores ao redor do mundo. S\u00e3o oportunidades \u00fanicas para estudar a coroa solar, observar mudan\u00e7as na atmosfera terrestre e realizar pesquisas astron\u00f4micas importantes. Com avan\u00e7os tecnol\u00f3gicos, \u00e9 poss\u00edvel prever com precis\u00e3o quando e onde ocorrer\u00e3o eclipses solares nos pr\u00f3ximos anos.<\/p>\n\n\n\n<h2 class=\"wp-block-heading\">Reconhecendo a riqueza e a complexidade das interpreta\u00e7\u00f5es&nbsp;<\/h2>\n\n\n\n<p class=\"wp-block-paragraph\">Os eclipses solares s\u00e3o fen\u00f4menos que t\u00eam intrigado e inspirado a humanidade desde os tempos antigos. Na B\u00edblia, esses eventos s\u00e3o mencionados em contextos que variam de profecias a narrativas hist\u00f3ricas, refletindo interpreta\u00e7\u00f5es religiosas e culturais da \u00e9poca.&nbsp;<\/p>\n\n\n\n<p class=\"wp-block-paragraph\">Ao explorar o que a B\u00edblia diz sobre os eclipses solares, \u00e9 importante considerar tanto os aspectos cient\u00edficos quanto os teol\u00f3gicos, reconhecendo a riqueza e a complexidade das interpreta\u00e7\u00f5es ao longo dos s\u00e9culos.<\/p>\n\n\n\n<p class=\"wp-block-paragraph\"><strong>Voir aussi\u00a0: <a href=\"https:\/\/www.oracaoefe.com\/fr\/oracao-para-afastar-coisas-ruins-e-tornar-o-lar-mais-harmonico\/\">Ora\u00e7\u00e3o para afastar coisas ruins e tornar o lar mais harm\u00f4nico<\/a><\/strong><\/p>\n\n\n\n<p class=\"wp-block-paragraph\">20 de julho de 2024<\/p>","protected":false},"excerpt":{"rendered":"<p>Os eclipses solares s\u00e3o fen\u00f4menos fascinantes que capturam a imagina\u00e7\u00e3o das pessoas ao longo da hist\u00f3ria. Quando o Sol, a Lua e a Terra se alinham de maneira espec\u00edfica, a sombra da Lua pode ser projetada sobre a Terra, obscurecendo parcial ou completamente o Sol por alguns momentos. Este evento celestial tem sido registrado em&hellip;&nbsp;<\/p>","protected":false},"author":3,"featured_media":2943,"comment_status":"closed","ping_status":"closed","sticky":false,"template":"","format":"standard","meta":{"neve_meta_sidebar":"","neve_meta_container":"","neve_meta_enable_content_width":"","neve_meta_content_width":0,"neve_meta_title_alignment":"","neve_meta_author_avatar":"","neve_post_elements_order":"","neve_meta_disable_header":"","neve_meta_disable_footer":"","neve_meta_disable_title":"","footnotes":""},"categories":[1],"tags":[],"class_list":["post-2942","post","type-post","status-publish","format-standard","has-post-thumbnail","hentry","category-curiosidades"],"yoast_head":"<!-- This site is optimized with the Yoast SEO plugin v28.4 - https:\/\/yoast.com\/product\/yoast-seo-wordpress\/ -->\n<title>O que a B\u00edblia diz sobre o eclipse solar; veja a curiosidade - Ora\u00e7\u00e3o e F\u00e9<\/title>\n<meta name=\"description\" content=\"Deus tem pra voc\u00ea uma palavra de vida!\" \/>\n<meta name=\"robots\" content=\"index, follow, max-snippet:-1, max-image-preview:large, max-video-preview:-1\" \/>\n<link rel=\"canonical\" href=\"https:\/\/www.oracaoefe.com\/fr\/o-que-a-biblia-diz-sobre-o-eclipse-solar-veja-a-curiosidade\/\" \/>\n<meta property=\"og:locale\" content=\"fr_FR\" \/>\n<meta property=\"og:type\" content=\"article\" \/>\n<meta property=\"og:title\" content=\"O que a B\u00edblia diz sobre o eclipse solar; veja a curiosidade - Ora\u00e7\u00e3o e F\u00e9\" \/>\n<meta property=\"og:description\" content=\"Deus tem pra voc\u00ea uma palavra de vida!\" \/>\n<meta property=\"og:url\" content=\"https:\/\/www.oracaoefe.com\/fr\/o-que-a-biblia-diz-sobre-o-eclipse-solar-veja-a-curiosidade\/\" \/>\n<meta property=\"og:site_name\" content=\"Ora\u00e7\u00e3o e F\u00e9\" \/>\n<meta property=\"article:published_time\" content=\"2024-07-20T09:00:00+00:00\" \/>\n<meta property=\"og:image\" content=\"https:\/\/www.oracaoefe.com\/wp-content\/uploads\/2024\/07\/image-6.png\" \/>\n\t<meta property=\"og:image:width\" content=\"740\" \/>\n\t<meta property=\"og:image:height\" content=\"524\" \/>\n\t<meta property=\"og:image:type\" content=\"image\/png\" \/>\n<meta name=\"author\" content=\"Michele Azevedo\" \/>\n<meta name=\"twitter:card\" content=\"summary_large_image\" \/>\n<meta name=\"twitter:label1\" content=\"\u00c9crit par\" \/>\n\t<meta name=\"twitter:data1\" content=\"Michele Azevedo\" \/>\n\t<meta name=\"twitter:label2\" content=\"Dur\u00e9e de lecture estim\u00e9e\" \/>\n\t<meta name=\"twitter:data2\" content=\"3 minutes\" \/>\n<script type=\"application\/ld+json\" class=\"yoast-schema-graph\">{\"@context\":\"https:\\\/\\\/schema.org\",\"@graph\":[{\"@type\":\"Article\",\"@id\":\"https:\\\/\\\/www.oracaoefe.com\\\/o-que-a-biblia-diz-sobre-o-eclipse-solar-veja-a-curiosidade\\\/#article\",\"isPartOf\":{\"@id\":\"https:\\\/\\\/www.oracaoefe.com\\\/o-que-a-biblia-diz-sobre-o-eclipse-solar-veja-a-curiosidade\\\/\"},\"author\":{\"name\":\"Michele Azevedo\",\"@id\":\"https:\\\/\\\/www.oracaoefe.com\\\/#\\\/schema\\\/person\\\/17283c669442cf005c4d5bb58adfb7f5\"},\"headline\":\"O que a B\u00edblia diz sobre o eclipse solar; veja a curiosidade\",\"datePublished\":\"2024-07-20T09:00:00+00:00\",\"mainEntityOfPage\":{\"@id\":\"https:\\\/\\\/www.oracaoefe.com\\\/o-que-a-biblia-diz-sobre-o-eclipse-solar-veja-a-curiosidade\\\/\"},\"wordCount\":643,\"image\":{\"@id\":\"https:\\\/\\\/www.oracaoefe.com\\\/o-que-a-biblia-diz-sobre-o-eclipse-solar-veja-a-curiosidade\\\/#primaryimage\"},\"thumbnailUrl\":\"https:\\\/\\\/www.oracaoefe.com\\\/wp-content\\\/uploads\\\/2024\\\/07\\\/image-6.png\",\"articleSection\":[\"Curiosidades\"],\"inLanguage\":\"fr-FR\"},{\"@type\":\"WebPage\",\"@id\":\"https:\\\/\\\/www.oracaoefe.com\\\/o-que-a-biblia-diz-sobre-o-eclipse-solar-veja-a-curiosidade\\\/\",\"url\":\"https:\\\/\\\/www.oracaoefe.com\\\/o-que-a-biblia-diz-sobre-o-eclipse-solar-veja-a-curiosidade\\\/\",\"name\":\"O que a B\u00edblia diz sobre o eclipse solar; veja a curiosidade - Ora\u00e7\u00e3o e F\u00e9\",\"isPartOf\":{\"@id\":\"https:\\\/\\\/www.oracaoefe.com\\\/#website\"},\"primaryImageOfPage\":{\"@id\":\"https:\\\/\\\/www.oracaoefe.com\\\/o-que-a-biblia-diz-sobre-o-eclipse-solar-veja-a-curiosidade\\\/#primaryimage\"},\"image\":{\"@id\":\"https:\\\/\\\/www.oracaoefe.com\\\/o-que-a-biblia-diz-sobre-o-eclipse-solar-veja-a-curiosidade\\\/#primaryimage\"},\"thumbnailUrl\":\"https:\\\/\\\/www.oracaoefe.com\\\/wp-content\\\/uploads\\\/2024\\\/07\\\/image-6.png\",\"datePublished\":\"2024-07-20T09:00:00+00:00\",\"author\":{\"@id\":\"https:\\\/\\\/www.oracaoefe.com\\\/#\\\/schema\\\/person\\\/17283c669442cf005c4d5bb58adfb7f5\"},\"description\":\"Deus tem pra voc\u00ea uma palavra de vida!\",\"breadcrumb\":{\"@id\":\"https:\\\/\\\/www.oracaoefe.com\\\/o-que-a-biblia-diz-sobre-o-eclipse-solar-veja-a-curiosidade\\\/#breadcrumb\"},\"inLanguage\":\"fr-FR\",\"potentialAction\":[{\"@type\":\"ReadAction\",\"target\":[\"https:\\\/\\\/www.oracaoefe.com\\\/o-que-a-biblia-diz-sobre-o-eclipse-solar-veja-a-curiosidade\\\/\"]}]},{\"@type\":\"ImageObject\",\"inLanguage\":\"fr-FR\",\"@id\":\"https:\\\/\\\/www.oracaoefe.com\\\/o-que-a-biblia-diz-sobre-o-eclipse-solar-veja-a-curiosidade\\\/#primaryimage\",\"url\":\"https:\\\/\\\/www.oracaoefe.com\\\/wp-content\\\/uploads\\\/2024\\\/07\\\/image-6.png\",\"contentUrl\":\"https:\\\/\\\/www.oracaoefe.com\\\/wp-content\\\/uploads\\\/2024\\\/07\\\/image-6.png\",\"width\":740,\"height\":524},{\"@type\":\"BreadcrumbList\",\"@id\":\"https:\\\/\\\/www.oracaoefe.com\\\/o-que-a-biblia-diz-sobre-o-eclipse-solar-veja-a-curiosidade\\\/#breadcrumb\",\"itemListElement\":[{\"@type\":\"ListItem\",\"position\":1,\"name\":\"Home\",\"item\":\"https:\\\/\\\/www.oracaoefe.com\\\/\"},{\"@type\":\"ListItem\",\"position\":2,\"name\":\"Curiosidades\",\"item\":\"https:\\\/\\\/www.oracaoefe.com\\\/es\\\/categoria\\\/curiosidades\\\/\"},{\"@type\":\"ListItem\",\"position\":3,\"name\":\"O que a B\u00edblia diz sobre o eclipse solar; veja a curiosidade\"}]},{\"@type\":\"WebSite\",\"@id\":\"https:\\\/\\\/www.oracaoefe.com\\\/#website\",\"url\":\"https:\\\/\\\/www.oracaoefe.com\\\/\",\"name\":\"Ora\u00e7\u00e3o e F\u00e9\",\"description\":\"\",\"potentialAction\":[{\"@type\":\"SearchAction\",\"target\":{\"@type\":\"EntryPoint\",\"urlTemplate\":\"https:\\\/\\\/www.oracaoefe.com\\\/?s={search_term_string}\"},\"query-input\":{\"@type\":\"PropertyValueSpecification\",\"valueRequired\":true,\"valueName\":\"search_term_string\"}}],\"inLanguage\":\"fr-FR\"},{\"@type\":\"Person\",\"@id\":\"https:\\\/\\\/www.oracaoefe.com\\\/#\\\/schema\\\/person\\\/17283c669442cf005c4d5bb58adfb7f5\",\"name\":\"Michele Azevedo\",\"image\":{\"@type\":\"ImageObject\",\"inLanguage\":\"fr-FR\",\"@id\":\"https:\\\/\\\/secure.gravatar.com\\\/avatar\\\/6b0eb9d22841282815e2cd856a0061c45e1761cd54b22e952d98c4746939aa85?s=96&d=mm&r=g\",\"url\":\"https:\\\/\\\/secure.gravatar.com\\\/avatar\\\/6b0eb9d22841282815e2cd856a0061c45e1761cd54b22e952d98c4746939aa85?s=96&d=mm&r=g\",\"contentUrl\":\"https:\\\/\\\/secure.gravatar.com\\\/avatar\\\/6b0eb9d22841282815e2cd856a0061c45e1761cd54b22e952d98c4746939aa85?s=96&d=mm&r=g\",\"caption\":\"Michele Azevedo\"},\"description\":\"Formada em Letras - Portugu\u00eas\\\/ Ingl\u00eas pela Universidade Estadual de Ponta Grossa (UEPG), p\u00f3s-graduada em Arte na Educa\u00e7\u00e3o (FAPI) e Psicopedagogia Escolar (FAPI), idealizadora e propriet\u00e1ria do site Escritora de Sucesso, possui experi\u00eancia em escrita para blogs em geral e atua como redatora e revisora dos conte\u00fados do Ora\u00e7\u00e3o e F\u00e9.\",\"url\":\"https:\\\/\\\/www.oracaoefe.com\\\/fr\\\/author\\\/michele-azevedo\\\/\"}]}<\/script>\n<!-- \/ Yoast SEO plugin. -->","yoast_head_json":{"title":"O que a B\u00edblia diz sobre o eclipse solar; veja a curiosidade - Ora\u00e7\u00e3o e F\u00e9","description":"Dieu a une parole de vie pour vous !","robots":{"index":"index","follow":"follow","max-snippet":"max-snippet:-1","max-image-preview":"max-image-preview:large","max-video-preview":"max-video-preview:-1"},"canonical":"https:\/\/www.oracaoefe.com\/fr\/o-que-a-biblia-diz-sobre-o-eclipse-solar-veja-a-curiosidade\/","og_locale":"fr_FR","og_type":"article","og_title":"O que a B\u00edblia diz sobre o eclipse solar; veja a curiosidade - Ora\u00e7\u00e3o e F\u00e9","og_description":"Deus tem pra voc\u00ea uma palavra de vida!","og_url":"https:\/\/www.oracaoefe.com\/fr\/o-que-a-biblia-diz-sobre-o-eclipse-solar-veja-a-curiosidade\/","og_site_name":"Ora\u00e7\u00e3o e F\u00e9","article_published_time":"2024-07-20T09:00:00+00:00","og_image":[{"width":740,"height":524,"url":"https:\/\/www.oracaoefe.com\/wp-content\/uploads\/2024\/07\/image-6.png","type":"image\/png"}],"author":"Michele Azevedo","twitter_card":"summary_large_image","twitter_misc":{"\u00c9crit par":"Michele Azevedo","Dur\u00e9e de lecture estim\u00e9e":"3 minutes"},"schema":{"@context":"https:\/\/schema.org","@graph":[{"@type":"Article","@id":"https:\/\/www.oracaoefe.com\/o-que-a-biblia-diz-sobre-o-eclipse-solar-veja-a-curiosidade\/#article","isPartOf":{"@id":"https:\/\/www.oracaoefe.com\/o-que-a-biblia-diz-sobre-o-eclipse-solar-veja-a-curiosidade\/"},"author":{"name":"Michele Azevedo","@id":"https:\/\/www.oracaoefe.com\/#\/schema\/person\/17283c669442cf005c4d5bb58adfb7f5"},"headline":"O que a B\u00edblia diz sobre o eclipse solar; veja a curiosidade","datePublished":"2024-07-20T09:00:00+00:00","mainEntityOfPage":{"@id":"https:\/\/www.oracaoefe.com\/o-que-a-biblia-diz-sobre-o-eclipse-solar-veja-a-curiosidade\/"},"wordCount":643,"image":{"@id":"https:\/\/www.oracaoefe.com\/o-que-a-biblia-diz-sobre-o-eclipse-solar-veja-a-curiosidade\/#primaryimage"},"thumbnailUrl":"https:\/\/www.oracaoefe.com\/wp-content\/uploads\/2024\/07\/image-6.png","articleSection":["Curiosidades"],"inLanguage":"fr-FR"},{"@type":"WebPage","@id":"https:\/\/www.oracaoefe.com\/o-que-a-biblia-diz-sobre-o-eclipse-solar-veja-a-curiosidade\/","url":"https:\/\/www.oracaoefe.com\/o-que-a-biblia-diz-sobre-o-eclipse-solar-veja-a-curiosidade\/","name":"O que a B\u00edblia diz sobre o eclipse solar; veja a curiosidade - Ora\u00e7\u00e3o e F\u00e9","isPartOf":{"@id":"https:\/\/www.oracaoefe.com\/#website"},"primaryImageOfPage":{"@id":"https:\/\/www.oracaoefe.com\/o-que-a-biblia-diz-sobre-o-eclipse-solar-veja-a-curiosidade\/#primaryimage"},"image":{"@id":"https:\/\/www.oracaoefe.com\/o-que-a-biblia-diz-sobre-o-eclipse-solar-veja-a-curiosidade\/#primaryimage"},"thumbnailUrl":"https:\/\/www.oracaoefe.com\/wp-content\/uploads\/2024\/07\/image-6.png","datePublished":"2024-07-20T09:00:00+00:00","author":{"@id":"https:\/\/www.oracaoefe.com\/#\/schema\/person\/17283c669442cf005c4d5bb58adfb7f5"},"description":"Dieu a une parole de vie pour vous !","breadcrumb":{"@id":"https:\/\/www.oracaoefe.com\/o-que-a-biblia-diz-sobre-o-eclipse-solar-veja-a-curiosidade\/#breadcrumb"},"inLanguage":"fr-FR","potentialAction":[{"@type":"ReadAction","target":["https:\/\/www.oracaoefe.com\/o-que-a-biblia-diz-sobre-o-eclipse-solar-veja-a-curiosidade\/"]}]},{"@type":"ImageObject","inLanguage":"fr-FR","@id":"https:\/\/www.oracaoefe.com\/o-que-a-biblia-diz-sobre-o-eclipse-solar-veja-a-curiosidade\/#primaryimage","url":"https:\/\/www.oracaoefe.com\/wp-content\/uploads\/2024\/07\/image-6.png","contentUrl":"https:\/\/www.oracaoefe.com\/wp-content\/uploads\/2024\/07\/image-6.png","width":740,"height":524},{"@type":"BreadcrumbList","@id":"https:\/\/www.oracaoefe.com\/o-que-a-biblia-diz-sobre-o-eclipse-solar-veja-a-curiosidade\/#breadcrumb","itemListElement":[{"@type":"ListItem","position":1,"name":"Home","item":"https:\/\/www.oracaoefe.com\/"},{"@type":"ListItem","position":2,"name":"Curiosidades","item":"https:\/\/www.oracaoefe.com\/es\/categoria\/curiosidades\/"},{"@type":"ListItem","position":3,"name":"O que a B\u00edblia diz sobre o eclipse solar; veja a curiosidade"}]},{"@type":"WebSite","@id":"https:\/\/www.oracaoefe.com\/#website","url":"https:\/\/www.oracaoefe.com\/","name":"Pri\u00e8re et foi","description":"","potentialAction":[{"@type":"SearchAction","target":{"@type":"EntryPoint","urlTemplate":"https:\/\/www.oracaoefe.com\/?s={search_term_string}"},"query-input":{"@type":"PropertyValueSpecification","valueRequired":true,"valueName":"search_term_string"}}],"inLanguage":"fr-FR"},{"@type":"Person","@id":"https:\/\/www.oracaoefe.com\/#\/schema\/person\/17283c669442cf005c4d5bb58adfb7f5","name":"Michele Azevedo","image":{"@type":"ImageObject","inLanguage":"fr-FR","@id":"https:\/\/secure.gravatar.com\/avatar\/6b0eb9d22841282815e2cd856a0061c45e1761cd54b22e952d98c4746939aa85?s=96&d=mm&r=g","url":"https:\/\/secure.gravatar.com\/avatar\/6b0eb9d22841282815e2cd856a0061c45e1761cd54b22e952d98c4746939aa85?s=96&d=mm&r=g","contentUrl":"https:\/\/secure.gravatar.com\/avatar\/6b0eb9d22841282815e2cd856a0061c45e1761cd54b22e952d98c4746939aa85?s=96&d=mm&r=g","caption":"Michele Azevedo"},"description":"Dipl\u00f4m\u00e9e en litt\u00e9rature portugaise\/anglaise de l&#039;Universit\u00e9 d&#039;\u00c9tat de Ponta Grossa (UEPG), avec des dipl\u00f4mes de troisi\u00e8me cycle en art dans l&#039;\u00e9ducation (FAPI) et en psychop\u00e9dagogie scolaire (FAPI), elle est la cr\u00e9atrice et propri\u00e9taire du site web Escritora de Sucesso, a de l&#039;exp\u00e9rience dans l&#039;\u00e9criture pour les blogs en g\u00e9n\u00e9ral et travaille comme r\u00e9dactrice et \u00e9ditrice du contenu pour Ora\u00e7\u00e3o e F\u00e9.","url":"https:\/\/www.oracaoefe.com\/fr\/author\/michele-azevedo\/"}]}},"_links":{"self":[{"href":"https:\/\/www.oracaoefe.com\/fr\/wp-json\/wp\/v2\/posts\/2942","targetHints":{"allow":["GET"]}}],"collection":[{"href":"https:\/\/www.oracaoefe.com\/fr\/wp-json\/wp\/v2\/posts"}],"about":[{"href":"https:\/\/www.oracaoefe.com\/fr\/wp-json\/wp\/v2\/types\/post"}],"author":[{"embeddable":true,"href":"https:\/\/www.oracaoefe.com\/fr\/wp-json\/wp\/v2\/users\/3"}],"replies":[{"embeddable":true,"href":"https:\/\/www.oracaoefe.com\/fr\/wp-json\/wp\/v2\/comments?post=2942"}],"version-history":[{"count":1,"href":"https:\/\/www.oracaoefe.com\/fr\/wp-json\/wp\/v2\/posts\/2942\/revisions"}],"predecessor-version":[{"id":2944,"href":"https:\/\/www.oracaoefe.com\/fr\/wp-json\/wp\/v2\/posts\/2942\/revisions\/2944"}],"wp:featuredmedia":[{"embeddable":true,"href":"https:\/\/www.oracaoefe.com\/fr\/wp-json\/wp\/v2\/media\/2943"}],"wp:attachment":[{"href":"https:\/\/www.oracaoefe.com\/fr\/wp-json\/wp\/v2\/media?parent=2942"}],"wp:term":[{"taxonomy":"category","embeddable":true,"href":"https:\/\/www.oracaoefe.com\/fr\/wp-json\/wp\/v2\/categories?post=2942"},{"taxonomy":"post_tag","embeddable":true,"href":"https:\/\/www.oracaoefe.com\/fr\/wp-json\/wp\/v2\/tags?post=2942"}],"curies":[{"name":"wp","href":"https:\/\/api.w.org\/{rel}","templated":true}]}}