{"id":294,"date":"2022-09-24T21:58:53","date_gmt":"2022-09-25T00:58:53","guid":{"rendered":"https:\/\/www.oracaoefe.com\/?p=294"},"modified":"2022-09-25T16:21:41","modified_gmt":"2022-09-25T19:21:41","slug":"elizabeth-ii-uma-rainha-que-depositou-sua-confianca-em-deus","status":"publish","type":"post","link":"https:\/\/www.oracaoefe.com\/fr\/elizabeth-ii-uma-rainha-que-depositou-sua-confianca-em-deus\/","title":{"rendered":"Elizabeth II, une reine qui a mis sa confiance en Dieu"},"content":{"rendered":"<div class=\"wp-block-post-date\"><time datetime=\"2022-09-24T21:58:53-03:00\">24 septembre 2022<\/time><\/div>\n\n\n<p class=\"wp-block-paragraph\">A rainha Elizabeth II, a monarca com o reinado mais longo da hist\u00f3ria brit\u00e2nica, morreu aos 96 anos.<\/p>\n\n\n\n<p class=\"wp-block-paragraph\">Ao longo deste reinado sem precedentes, a rainha Elizabeth II falou frequentemente de sua f\u00e9 crist\u00e3 pessoal. Desde seu primeiro discurso de Natal em 1952, uma tradi\u00e7\u00e3o iniciada por seu av\u00f4, o rei George V, a rainha pedia ora\u00e7\u00f5es para sua pr\u00f3xima coroa\u00e7\u00e3o.<\/p>\n\n\n\n<p class=\"wp-block-paragraph\">&#8220;Quero pedir a todos voc\u00eas, independentemente de sua religi\u00e3o, que rezem por mim naquele dia&#8221;, &#8220;orem para que Deus me d\u00ea a sabedoria e a for\u00e7a para cumprir as promessas solenes que farei, e que eu possa fielmente servir a Ele e a voc\u00ea todos os dias da minha vida.&nbsp;<\/p>\n\n\n\n<p class=\"wp-block-paragraph\">Como uma das l\u00edderes mais reconhecidas e amadas do mundo por mais de sete d\u00e9cadas desde este Natal, a rainha tem exemplificado como uma f\u00e9 crist\u00e3 pessoal, privada, inclusiva e compassiva pode ser vivida ao servir em um papel p\u00fablico internacional. quase todos os lados.<\/p>\n\n\n\n<p class=\"wp-block-paragraph\">A rainha Elizabeth II herdou responsabilidades religiosas como Defensora da F\u00e9 e Governadora Suprema da Igreja da Inglaterra, t\u00edtulos conferidos ao monarca brit\u00e2nico reinante desde que Henrique VIII renunciou ao papado em 1534.&nbsp;<\/p>\n\n\n\n<p class=\"wp-block-paragraph\">Em sua coroa\u00e7\u00e3o em 1953, Sua Majestade fez um juramento a &#8220;manter e preservar inviolavelmente o estabelecimento da Igreja da Inglaterra e sua doutrina, culto, disciplina e governo, conforme estabelecido por lei na Inglaterra\u201d.<\/p>\n\n\n\n<p class=\"wp-block-paragraph\">Entre outras coisas, ela foi respons\u00e1vel por nomear Arcebispos, Bispos e Decanos da Igreja da Inglaterra, a conselho do primeiro-ministro. Em 1970, ela se tornou a primeira soberana a abrir o S\u00ednodo Geral da Igreja e abord\u00e1-lo pessoalmente, uma pr\u00e1tica que manteve a cada cinco anos ap\u00f3s as elei\u00e7\u00f5es diocesanas.<\/p>\n\n\n\n<p class=\"wp-block-paragraph\">Tr\u00eas semanas ap\u00f3s sua coroa\u00e7\u00e3o, a rainha seguiu o precedente hist\u00f3rico e jurou preservar a Igreja da Esc\u00f3cia, honrando assim seu dever de &#8220;preservar o estabelecimento da verdadeira religi\u00e3o protestante, conforme estabelecido pelas leis feitas na Esc\u00f3cia&#8221;.&nbsp;<\/p>\n\n\n\n<p class=\"wp-block-paragraph\">A Igreja da Esc\u00f3cia \u00e9 presbiteriana e reconhece apenas Jesus Cristo como &#8220;Rei e Cabe\u00e7a da Igreja&#8221;, o que explica a falta de t\u00edtulo oficial e a participa\u00e7\u00e3o de Sua Majestade como membro regular.<\/p>\n\n\n\n<h3 class=\"wp-block-heading\">Mais que tradi\u00e7\u00e3o<\/h3>\n\n\n\n<p class=\"wp-block-paragraph\">Mas a f\u00e9 da rainha era mais do que o produto de uma polidez respeitosa \u00e0 tradi\u00e7\u00e3o hist\u00f3rica. Ao longo de seu reinado, ela expressou a import\u00e2ncia de sua f\u00e9 e a recomendou a seus s\u00faditos.<\/p>\n\n\n\n<p class=\"wp-block-paragraph\">\u201cPara mim, os ensinamentos de Cristo e minha pr\u00f3pria responsabilidade pessoal diante de Deus fornecem a estrutura dentro da qual tento viver minha vida\u201d , explicou ela em 2000. \u201cComo muitos de voc\u00eas, em tempos dif\u00edceis encontrei grande conforto nas palavras e exemplo de Cristo.&nbsp;<\/p>\n\n\n\n<p class=\"wp-block-paragraph\">Em 2002, a rainha passou por um doloroso ano de luto pessoal com a morte de sua irm\u00e3, a princesa Margaret, e da rainha-m\u00e3e. Naquele ano, em seu discurso anual de Natal, ela testemunhou como sua f\u00e9 a sustentou.<\/p>\n\n\n\n<p class=\"wp-block-paragraph\">\u201cSei o quanto confio em minha pr\u00f3pria f\u00e9 para me guiar nos bons e maus momentos. &#8220;Todo dia \u00e9 um novo come\u00e7o. Eu sei que a \u00fanica maneira de viver minha vida \u00e9 tentar fazer o que \u00e9 certo, olhar a longo prazo, dar o meu melhor em tudo o que o dia traz e colocar minha confian\u00e7a em Deus.&nbsp;<\/p>\n\n\n\n<p class=\"wp-block-paragraph\">A rainha estendeu consistentemente seu alcance reconhecendo e celebrando a diversidade e a toler\u00e2ncia religiosa no Reino Unido, na Commonwealth e em todo o mundo. Suas mensagens de Natal e Dia da Commonwealth muitas vezes abordaram os temas da harmonia inter-religiosa e toler\u00e2ncia respeitosa.&nbsp;<\/p>\n\n\n\n<p class=\"wp-block-paragraph\">A convite da rainha e de seu marido, o duque de Edimburgo, l\u00edderes de v\u00e1rios credos e denomina\u00e7\u00f5es participaram regularmente de cerim\u00f4nias reais, incluindo casamentos e cultos de a\u00e7\u00e3o de gra\u00e7as.<\/p>\n\n\n\n<p class=\"wp-block-paragraph\">Durante a celebra\u00e7\u00e3o de seu Jubileu de Diamante em 2012, a rainha participou de uma recep\u00e7\u00e3o multi-religiosa no Pal\u00e1cio de Lambeth, organizada pelo Arcebispo de Canterbury, que contou com a presen\u00e7a de l\u00edderes de oito religi\u00f5es do Reino Unido, incluindo budismo, juda\u00edsmo, islamismo e hindu\u00edsmo.&nbsp;<\/p>\n\n\n\n<p class=\"wp-block-paragraph\">Neste evento, a Rainha disse: \u201cA f\u00e9 desempenha um papel fundamental na identidade de milh\u00f5es de pessoas, proporcionando n\u00e3o apenas um sistema de cren\u00e7as, mas tamb\u00e9m um sentimento de pertencimento.<\/p>\n\n\n\n<p class=\"wp-block-paragraph\">Pode servir de est\u00edmulo \u00e0 a\u00e7\u00e3o social. De fato, os grupos religiosos t\u00eam uma reputa\u00e7\u00e3o orgulhosa de ajudar os mais necessitados, incluindo os doentes, os idosos, os solit\u00e1rios e os desfavorecidos. Eles nos lembram das responsabilidades que temos al\u00e9m de n\u00f3s mesmos.&nbsp;<\/p>\n\n\n\n<p class=\"wp-block-paragraph\">Os esfor\u00e7os da rainha foram reconhecidos em 2007 pelo Three-Faiths Forum, uma organiza\u00e7\u00e3o dedicada a construir uma compreens\u00e3o e relacionamentos duradouros entre pessoas de todas as religi\u00f5es.&nbsp;<\/p>\n\n\n\n<p class=\"wp-block-paragraph\">Esta organiza\u00e7\u00e3o concedeu a Sua Majestade a Medalha de Ouro Interconfessional Sternberg, concedida a indiv\u00edduos que contribu\u00edram para promover a paz e a toler\u00e2ncia entre pessoas de diferentes religi\u00f5es.<\/p>","protected":false},"excerpt":{"rendered":"<p>A rainha Elizabeth II, a monarca com o reinado mais longo da hist\u00f3ria brit\u00e2nica, morreu aos 96 anos. Ao longo deste reinado sem&#8230;<\/p>","protected":false},"author":1,"featured_media":340,"comment_status":"open","ping_status":"closed","sticky":false,"template":"","format":"standard","meta":{"neve_meta_sidebar":"","neve_meta_container":"","neve_meta_enable_content_width":"","neve_meta_content_width":0,"neve_meta_title_alignment":"","neve_meta_author_avatar":"","neve_post_elements_order":"","neve_meta_disable_header":"","neve_meta_disable_footer":"","neve_meta_disable_title":"","footnotes":""},"categories":[4],"tags":[20,57,58],"class_list":["post-294","post","type-post","status-publish","format-standard","has-post-thumbnail","hentry","category-fique-por-dentro","tag-deus","tag-elizabeth-ii","tag-rainha-elizabeth"],"yoast_head":"<!-- This site is optimized with the Yoast SEO plugin v28.4 - https:\/\/yoast.com\/product\/yoast-seo-wordpress\/ -->\n<title>Elizabeth II, uma rainha que depositou sua confian\u00e7a em Deus - Ora\u00e7\u00e3o e F\u00e9<\/title>\n<meta name=\"description\" content=\"A rainha Elizabeth II, a monarca com o reinado mais longo da hist\u00f3ria brit\u00e2nica, morreu aos 96 anos. Ao longo deste reinado sem...\" \/>\n<meta name=\"robots\" content=\"index, follow, max-snippet:-1, max-image-preview:large, max-video-preview:-1\" \/>\n<link rel=\"canonical\" href=\"https:\/\/www.oracaoefe.com\/fr\/elizabeth-ii-uma-rainha-que-depositou-sua-confianca-em-deus\/\" \/>\n<meta property=\"og:locale\" content=\"fr_FR\" \/>\n<meta property=\"og:type\" content=\"article\" \/>\n<meta property=\"og:title\" content=\"Elizabeth II, uma rainha que depositou sua confian\u00e7a em Deus - Ora\u00e7\u00e3o e F\u00e9\" \/>\n<meta property=\"og:description\" content=\"A rainha Elizabeth II, a monarca com o reinado mais longo da hist\u00f3ria brit\u00e2nica, morreu aos 96 anos. Ao longo deste reinado sem...\" \/>\n<meta property=\"og:url\" content=\"https:\/\/www.oracaoefe.com\/fr\/elizabeth-ii-uma-rainha-que-depositou-sua-confianca-em-deus\/\" \/>\n<meta property=\"og:site_name\" content=\"Ora\u00e7\u00e3o e F\u00e9\" \/>\n<meta property=\"article:published_time\" content=\"2022-09-25T00:58:53+00:00\" \/>\n<meta property=\"article:modified_time\" content=\"2022-09-25T19:21:41+00:00\" \/>\n<meta property=\"og:image\" content=\"https:\/\/www.oracaoefe.com\/wp-content\/uploads\/2022\/09\/Elizabeth-II-uma-rainha-que-depositou-sua-confianca-em-Deus.jpg\" \/>\n\t<meta property=\"og:image:width\" content=\"1200\" \/>\n\t<meta property=\"og:image:height\" content=\"675\" \/>\n\t<meta property=\"og:image:type\" content=\"image\/jpeg\" \/>\n<meta name=\"author\" content=\"Maria\" \/>\n<meta name=\"twitter:card\" content=\"summary_large_image\" \/>\n<meta name=\"twitter:label1\" content=\"\u00c9crit par\" \/>\n\t<meta name=\"twitter:data1\" content=\"Maria\" \/>\n\t<meta name=\"twitter:label2\" content=\"Dur\u00e9e de lecture estim\u00e9e\" \/>\n\t<meta name=\"twitter:data2\" content=\"4 minutes\" \/>\n<script type=\"application\/ld+json\" class=\"yoast-schema-graph\">{\"@context\":\"https:\\\/\\\/schema.org\",\"@graph\":[{\"@type\":\"Article\",\"@id\":\"https:\\\/\\\/www.oracaoefe.com\\\/elizabeth-ii-uma-rainha-que-depositou-sua-confianca-em-deus\\\/#article\",\"isPartOf\":{\"@id\":\"https:\\\/\\\/www.oracaoefe.com\\\/elizabeth-ii-uma-rainha-que-depositou-sua-confianca-em-deus\\\/\"},\"author\":{\"name\":\"Maria\",\"@id\":\"https:\\\/\\\/www.oracaoefe.com\\\/#\\\/schema\\\/person\\\/27873f1e6043866689f5091b5139f23d\"},\"headline\":\"Elizabeth II, uma rainha que depositou sua confian\u00e7a em Deus\",\"datePublished\":\"2022-09-25T00:58:53+00:00\",\"dateModified\":\"2022-09-25T19:21:41+00:00\",\"mainEntityOfPage\":{\"@id\":\"https:\\\/\\\/www.oracaoefe.com\\\/elizabeth-ii-uma-rainha-que-depositou-sua-confianca-em-deus\\\/\"},\"wordCount\":859,\"commentCount\":0,\"image\":{\"@id\":\"https:\\\/\\\/www.oracaoefe.com\\\/elizabeth-ii-uma-rainha-que-depositou-sua-confianca-em-deus\\\/#primaryimage\"},\"thumbnailUrl\":\"https:\\\/\\\/www.oracaoefe.com\\\/wp-content\\\/uploads\\\/2022\\\/09\\\/Elizabeth-II-uma-rainha-que-depositou-sua-confianca-em-Deus.jpg\",\"keywords\":[\"Deus\",\"Elizabeth II\",\"Rainha Elizabeth\"],\"articleSection\":[\"Fique por Dentro\"],\"inLanguage\":\"fr-FR\",\"potentialAction\":[{\"@type\":\"CommentAction\",\"name\":\"Comment\",\"target\":[\"https:\\\/\\\/www.oracaoefe.com\\\/elizabeth-ii-uma-rainha-que-depositou-sua-confianca-em-deus\\\/#respond\"]}]},{\"@type\":\"WebPage\",\"@id\":\"https:\\\/\\\/www.oracaoefe.com\\\/elizabeth-ii-uma-rainha-que-depositou-sua-confianca-em-deus\\\/\",\"url\":\"https:\\\/\\\/www.oracaoefe.com\\\/elizabeth-ii-uma-rainha-que-depositou-sua-confianca-em-deus\\\/\",\"name\":\"Elizabeth II, uma rainha que depositou sua confian\u00e7a em Deus - Ora\u00e7\u00e3o e F\u00e9\",\"isPartOf\":{\"@id\":\"https:\\\/\\\/www.oracaoefe.com\\\/#website\"},\"primaryImageOfPage\":{\"@id\":\"https:\\\/\\\/www.oracaoefe.com\\\/elizabeth-ii-uma-rainha-que-depositou-sua-confianca-em-deus\\\/#primaryimage\"},\"image\":{\"@id\":\"https:\\\/\\\/www.oracaoefe.com\\\/elizabeth-ii-uma-rainha-que-depositou-sua-confianca-em-deus\\\/#primaryimage\"},\"thumbnailUrl\":\"https:\\\/\\\/www.oracaoefe.com\\\/wp-content\\\/uploads\\\/2022\\\/09\\\/Elizabeth-II-uma-rainha-que-depositou-sua-confianca-em-Deus.jpg\",\"datePublished\":\"2022-09-25T00:58:53+00:00\",\"dateModified\":\"2022-09-25T19:21:41+00:00\",\"author\":{\"@id\":\"https:\\\/\\\/www.oracaoefe.com\\\/#\\\/schema\\\/person\\\/27873f1e6043866689f5091b5139f23d\"},\"description\":\"A rainha Elizabeth II, a monarca com o reinado mais longo da hist\u00f3ria brit\u00e2nica, morreu aos 96 anos. Ao longo deste reinado sem...\",\"breadcrumb\":{\"@id\":\"https:\\\/\\\/www.oracaoefe.com\\\/elizabeth-ii-uma-rainha-que-depositou-sua-confianca-em-deus\\\/#breadcrumb\"},\"inLanguage\":\"fr-FR\",\"potentialAction\":[{\"@type\":\"ReadAction\",\"target\":[\"https:\\\/\\\/www.oracaoefe.com\\\/elizabeth-ii-uma-rainha-que-depositou-sua-confianca-em-deus\\\/\"]}]},{\"@type\":\"ImageObject\",\"inLanguage\":\"fr-FR\",\"@id\":\"https:\\\/\\\/www.oracaoefe.com\\\/elizabeth-ii-uma-rainha-que-depositou-sua-confianca-em-deus\\\/#primaryimage\",\"url\":\"https:\\\/\\\/www.oracaoefe.com\\\/wp-content\\\/uploads\\\/2022\\\/09\\\/Elizabeth-II-uma-rainha-que-depositou-sua-confianca-em-Deus.jpg\",\"contentUrl\":\"https:\\\/\\\/www.oracaoefe.com\\\/wp-content\\\/uploads\\\/2022\\\/09\\\/Elizabeth-II-uma-rainha-que-depositou-sua-confianca-em-Deus.jpg\",\"width\":1200,\"height\":675,\"caption\":\"Elizabeth II, uma rainha que depositou sua confian\u00e7a em Deus\"},{\"@type\":\"BreadcrumbList\",\"@id\":\"https:\\\/\\\/www.oracaoefe.com\\\/elizabeth-ii-uma-rainha-que-depositou-sua-confianca-em-deus\\\/#breadcrumb\",\"itemListElement\":[{\"@type\":\"ListItem\",\"position\":1,\"name\":\"Home\",\"item\":\"https:\\\/\\\/www.oracaoefe.com\\\/\"},{\"@type\":\"ListItem\",\"position\":2,\"name\":\"Fique por Dentro\",\"item\":\"https:\\\/\\\/www.oracaoefe.com\\\/category\\\/fique-por-dentro\\\/\"},{\"@type\":\"ListItem\",\"position\":3,\"name\":\"Elizabeth II, uma rainha que depositou sua confian\u00e7a em Deus\"}]},{\"@type\":\"WebSite\",\"@id\":\"https:\\\/\\\/www.oracaoefe.com\\\/#website\",\"url\":\"https:\\\/\\\/www.oracaoefe.com\\\/\",\"name\":\"Ora\u00e7\u00e3o e F\u00e9\",\"description\":\"\",\"potentialAction\":[{\"@type\":\"SearchAction\",\"target\":{\"@type\":\"EntryPoint\",\"urlTemplate\":\"https:\\\/\\\/www.oracaoefe.com\\\/?s={search_term_string}\"},\"query-input\":{\"@type\":\"PropertyValueSpecification\",\"valueRequired\":true,\"valueName\":\"search_term_string\"}}],\"inLanguage\":\"fr-FR\"},{\"@type\":\"Person\",\"@id\":\"https:\\\/\\\/www.oracaoefe.com\\\/#\\\/schema\\\/person\\\/27873f1e6043866689f5091b5139f23d\",\"name\":\"Maria\",\"image\":{\"@type\":\"ImageObject\",\"inLanguage\":\"fr-FR\",\"@id\":\"https:\\\/\\\/secure.gravatar.com\\\/avatar\\\/4cac5ea56d40d599bd7348d330a83b1c84cd229296d1613cd1c7f6740561d0c9?s=96&d=mm&r=g\",\"url\":\"https:\\\/\\\/secure.gravatar.com\\\/avatar\\\/4cac5ea56d40d599bd7348d330a83b1c84cd229296d1613cd1c7f6740561d0c9?s=96&d=mm&r=g\",\"contentUrl\":\"https:\\\/\\\/secure.gravatar.com\\\/avatar\\\/4cac5ea56d40d599bd7348d330a83b1c84cd229296d1613cd1c7f6740561d0c9?s=96&d=mm&r=g\",\"caption\":\"Maria\"},\"description\":\"Meu nome \u00e9 Maria e sou apaixonada por teologia, espiritualidade e estudos religiosos. H\u00e1 mais de 5 anos escrevo sobre o universo da f\u00e9, pesquisando diferentes religi\u00f5es, doutrinas, tradi\u00e7\u00f5es espirituais e curiosidades religiosas ao redor do mundo. Tenho grande interesse em compreender como a f\u00e9 e a religiosidade se manifestam em diferentes culturas, pa\u00edses e idiomas, sempre buscando aprender mais sobre os costumes, cren\u00e7as e hist\u00f3rias que influenciam milh\u00f5es de pessoas diariamente. Atualmente, atuo como redatora no portal Ora\u00e7\u00e3o e F\u00e9, onde compartilho conte\u00fados informativos, reflexivos e inspiradores voltados ao universo religioso e espiritual. Meu objetivo \u00e9 levar conhecimento, curiosidades e mensagens enriquecedoras para leitores que desejam aprofundar sua compreens\u00e3o sobre f\u00e9, religi\u00e3o e espiritualidade no mundo moderno.\",\"sameAs\":[\"https:\\\/\\\/www.oracaoefe.com\"],\"url\":\"https:\\\/\\\/www.oracaoefe.com\\\/fr\\\/author\\\/admin\\\/\"}]}<\/script>\n<!-- \/ Yoast SEO plugin. -->","yoast_head_json":{"title":"Elizabeth II, uma rainha que depositou sua confian\u00e7a em Deus - Ora\u00e7\u00e3o e F\u00e9","description":"La reine Elizabeth II, le monarque au r\u00e8gne le plus long de l'histoire britannique, est d\u00e9c\u00e9d\u00e9e \u00e0 l'\u00e2ge de 96 ans. Tout au long de ce r\u00e8gne sans...","robots":{"index":"index","follow":"follow","max-snippet":"max-snippet:-1","max-image-preview":"max-image-preview:large","max-video-preview":"max-video-preview:-1"},"canonical":"https:\/\/www.oracaoefe.com\/fr\/elizabeth-ii-uma-rainha-que-depositou-sua-confianca-em-deus\/","og_locale":"fr_FR","og_type":"article","og_title":"Elizabeth II, uma rainha que depositou sua confian\u00e7a em Deus - Ora\u00e7\u00e3o e F\u00e9","og_description":"A rainha Elizabeth II, a monarca com o reinado mais longo da hist\u00f3ria brit\u00e2nica, morreu aos 96 anos. Ao longo deste reinado sem...","og_url":"https:\/\/www.oracaoefe.com\/fr\/elizabeth-ii-uma-rainha-que-depositou-sua-confianca-em-deus\/","og_site_name":"Ora\u00e7\u00e3o e F\u00e9","article_published_time":"2022-09-25T00:58:53+00:00","article_modified_time":"2022-09-25T19:21:41+00:00","og_image":[{"width":1200,"height":675,"url":"https:\/\/www.oracaoefe.com\/wp-content\/uploads\/2022\/09\/Elizabeth-II-uma-rainha-que-depositou-sua-confianca-em-Deus.jpg","type":"image\/jpeg"}],"author":"Maria","twitter_card":"summary_large_image","twitter_misc":{"\u00c9crit par":"Maria","Dur\u00e9e de lecture estim\u00e9e":"4 minutes"},"schema":{"@context":"https:\/\/schema.org","@graph":[{"@type":"Article","@id":"https:\/\/www.oracaoefe.com\/elizabeth-ii-uma-rainha-que-depositou-sua-confianca-em-deus\/#article","isPartOf":{"@id":"https:\/\/www.oracaoefe.com\/elizabeth-ii-uma-rainha-que-depositou-sua-confianca-em-deus\/"},"author":{"name":"Maria","@id":"https:\/\/www.oracaoefe.com\/#\/schema\/person\/27873f1e6043866689f5091b5139f23d"},"headline":"Elizabeth II, uma rainha que depositou sua confian\u00e7a em Deus","datePublished":"2022-09-25T00:58:53+00:00","dateModified":"2022-09-25T19:21:41+00:00","mainEntityOfPage":{"@id":"https:\/\/www.oracaoefe.com\/elizabeth-ii-uma-rainha-que-depositou-sua-confianca-em-deus\/"},"wordCount":859,"commentCount":0,"image":{"@id":"https:\/\/www.oracaoefe.com\/elizabeth-ii-uma-rainha-que-depositou-sua-confianca-em-deus\/#primaryimage"},"thumbnailUrl":"https:\/\/www.oracaoefe.com\/wp-content\/uploads\/2022\/09\/Elizabeth-II-uma-rainha-que-depositou-sua-confianca-em-Deus.jpg","keywords":["Deus","Elizabeth II","Rainha Elizabeth"],"articleSection":["Fique por Dentro"],"inLanguage":"fr-FR","potentialAction":[{"@type":"CommentAction","name":"Comment","target":["https:\/\/www.oracaoefe.com\/elizabeth-ii-uma-rainha-que-depositou-sua-confianca-em-deus\/#respond"]}]},{"@type":"WebPage","@id":"https:\/\/www.oracaoefe.com\/elizabeth-ii-uma-rainha-que-depositou-sua-confianca-em-deus\/","url":"https:\/\/www.oracaoefe.com\/elizabeth-ii-uma-rainha-que-depositou-sua-confianca-em-deus\/","name":"Elizabeth II, uma rainha que depositou sua confian\u00e7a em Deus - Ora\u00e7\u00e3o e F\u00e9","isPartOf":{"@id":"https:\/\/www.oracaoefe.com\/#website"},"primaryImageOfPage":{"@id":"https:\/\/www.oracaoefe.com\/elizabeth-ii-uma-rainha-que-depositou-sua-confianca-em-deus\/#primaryimage"},"image":{"@id":"https:\/\/www.oracaoefe.com\/elizabeth-ii-uma-rainha-que-depositou-sua-confianca-em-deus\/#primaryimage"},"thumbnailUrl":"https:\/\/www.oracaoefe.com\/wp-content\/uploads\/2022\/09\/Elizabeth-II-uma-rainha-que-depositou-sua-confianca-em-Deus.jpg","datePublished":"2022-09-25T00:58:53+00:00","dateModified":"2022-09-25T19:21:41+00:00","author":{"@id":"https:\/\/www.oracaoefe.com\/#\/schema\/person\/27873f1e6043866689f5091b5139f23d"},"description":"La reine Elizabeth II, le monarque au r\u00e8gne le plus long de l'histoire britannique, est d\u00e9c\u00e9d\u00e9e \u00e0 l'\u00e2ge de 96 ans. Tout au long de ce r\u00e8gne sans...","breadcrumb":{"@id":"https:\/\/www.oracaoefe.com\/elizabeth-ii-uma-rainha-que-depositou-sua-confianca-em-deus\/#breadcrumb"},"inLanguage":"fr-FR","potentialAction":[{"@type":"ReadAction","target":["https:\/\/www.oracaoefe.com\/elizabeth-ii-uma-rainha-que-depositou-sua-confianca-em-deus\/"]}]},{"@type":"ImageObject","inLanguage":"fr-FR","@id":"https:\/\/www.oracaoefe.com\/elizabeth-ii-uma-rainha-que-depositou-sua-confianca-em-deus\/#primaryimage","url":"https:\/\/www.oracaoefe.com\/wp-content\/uploads\/2022\/09\/Elizabeth-II-uma-rainha-que-depositou-sua-confianca-em-Deus.jpg","contentUrl":"https:\/\/www.oracaoefe.com\/wp-content\/uploads\/2022\/09\/Elizabeth-II-uma-rainha-que-depositou-sua-confianca-em-Deus.jpg","width":1200,"height":675,"caption":"Elizabeth II, uma rainha que depositou sua confian\u00e7a em Deus"},{"@type":"BreadcrumbList","@id":"https:\/\/www.oracaoefe.com\/elizabeth-ii-uma-rainha-que-depositou-sua-confianca-em-deus\/#breadcrumb","itemListElement":[{"@type":"ListItem","position":1,"name":"Home","item":"https:\/\/www.oracaoefe.com\/"},{"@type":"ListItem","position":2,"name":"Fique por Dentro","item":"https:\/\/www.oracaoefe.com\/category\/fique-por-dentro\/"},{"@type":"ListItem","position":3,"name":"Elizabeth II, uma rainha que depositou sua confian\u00e7a em Deus"}]},{"@type":"WebSite","@id":"https:\/\/www.oracaoefe.com\/#website","url":"https:\/\/www.oracaoefe.com\/","name":"Pri\u00e8re et foi","description":"","potentialAction":[{"@type":"SearchAction","target":{"@type":"EntryPoint","urlTemplate":"https:\/\/www.oracaoefe.com\/?s={search_term_string}"},"query-input":{"@type":"PropertyValueSpecification","valueRequired":true,"valueName":"search_term_string"}}],"inLanguage":"fr-FR"},{"@type":"Person","@id":"https:\/\/www.oracaoefe.com\/#\/schema\/person\/27873f1e6043866689f5091b5139f23d","name":"Maria","image":{"@type":"ImageObject","inLanguage":"fr-FR","@id":"https:\/\/secure.gravatar.com\/avatar\/4cac5ea56d40d599bd7348d330a83b1c84cd229296d1613cd1c7f6740561d0c9?s=96&d=mm&r=g","url":"https:\/\/secure.gravatar.com\/avatar\/4cac5ea56d40d599bd7348d330a83b1c84cd229296d1613cd1c7f6740561d0c9?s=96&d=mm&r=g","contentUrl":"https:\/\/secure.gravatar.com\/avatar\/4cac5ea56d40d599bd7348d330a83b1c84cd229296d1613cd1c7f6740561d0c9?s=96&d=mm&r=g","caption":"Maria"},"description":"Meu nome \u00e9 Maria e sou apaixonada por teologia, espiritualidade e estudos religiosos. H\u00e1 mais de 5 anos escrevo sobre o universo da f\u00e9, pesquisando diferentes religi\u00f5es, doutrinas, tradi\u00e7\u00f5es espirituais e curiosidades religiosas ao redor do mundo. Tenho grande interesse em compreender como a f\u00e9 e a religiosidade se manifestam em diferentes culturas, pa\u00edses e idiomas, sempre buscando aprender mais sobre os costumes, cren\u00e7as e hist\u00f3rias que influenciam milh\u00f5es de pessoas diariamente. Atualmente, atuo como redatora no portal Ora\u00e7\u00e3o e F\u00e9, onde compartilho conte\u00fados informativos, reflexivos e inspiradores voltados ao universo religioso e espiritual. Meu objetivo \u00e9 levar conhecimento, curiosidades e mensagens enriquecedoras para leitores que desejam aprofundar sua compreens\u00e3o sobre f\u00e9, religi\u00e3o e espiritualidade no mundo moderno.","sameAs":["https:\/\/www.oracaoefe.com"],"url":"https:\/\/www.oracaoefe.com\/fr\/author\/admin\/"}]}},"_links":{"self":[{"href":"https:\/\/www.oracaoefe.com\/fr\/wp-json\/wp\/v2\/posts\/294","targetHints":{"allow":["GET"]}}],"collection":[{"href":"https:\/\/www.oracaoefe.com\/fr\/wp-json\/wp\/v2\/posts"}],"about":[{"href":"https:\/\/www.oracaoefe.com\/fr\/wp-json\/wp\/v2\/types\/post"}],"author":[{"embeddable":true,"href":"https:\/\/www.oracaoefe.com\/fr\/wp-json\/wp\/v2\/users\/1"}],"replies":[{"embeddable":true,"href":"https:\/\/www.oracaoefe.com\/fr\/wp-json\/wp\/v2\/comments?post=294"}],"version-history":[{"count":2,"href":"https:\/\/www.oracaoefe.com\/fr\/wp-json\/wp\/v2\/posts\/294\/revisions"}],"predecessor-version":[{"id":341,"href":"https:\/\/www.oracaoefe.com\/fr\/wp-json\/wp\/v2\/posts\/294\/revisions\/341"}],"wp:featuredmedia":[{"embeddable":true,"href":"https:\/\/www.oracaoefe.com\/fr\/wp-json\/wp\/v2\/media\/340"}],"wp:attachment":[{"href":"https:\/\/www.oracaoefe.com\/fr\/wp-json\/wp\/v2\/media?parent=294"}],"wp:term":[{"taxonomy":"category","embeddable":true,"href":"https:\/\/www.oracaoefe.com\/fr\/wp-json\/wp\/v2\/categories?post=294"},{"taxonomy":"post_tag","embeddable":true,"href":"https:\/\/www.oracaoefe.com\/fr\/wp-json\/wp\/v2\/tags?post=294"}],"curies":[{"name":"wp","href":"https:\/\/api.w.org\/{rel}","templated":true}]}}