{"id":293,"date":"2022-09-24T21:58:57","date_gmt":"2022-09-25T00:58:57","guid":{"rendered":"https:\/\/www.oracaoefe.com\/?p=293"},"modified":"2022-09-25T16:23:12","modified_gmt":"2022-09-25T19:23:12","slug":"o-que-podemos-aprender-com-a-vida-de-salomao","status":"publish","type":"post","link":"https:\/\/www.oracaoefe.com\/fr\/o-que-podemos-aprender-com-a-vida-de-salomao\/","title":{"rendered":"Que pouvons-nous apprendre de la vie de Salomon ?"},"content":{"rendered":"<div class=\"wp-block-post-date\"><time datetime=\"2022-09-24T21:58:57-03:00\">24 septembre 2022<\/time><\/div>\n\n\n<p class=\"wp-block-paragraph\">Personagem b\u00edblico e cor\u00e2nico, tema de muitos filmes, Salom\u00e3o, filho de Davi, intriga por sua trajet\u00f3ria: profundamente s\u00e1bio, rico e pac\u00edfico, terminou sua vida na idolatria.<\/p>\n\n\n\n<p class=\"wp-block-paragraph\">Rei Salom\u00e3o \u00e9 um personagem b\u00edblico que aparece nos livros de Samuel e Reis. Sua exist\u00eancia hist\u00f3rica n\u00e3o est\u00e1 cientificamente estabelecida, mas estima-se por volta de 950 aC. Segundo a B\u00edblia, Salom\u00e3o \u00e9 filho do rei Davi e Bate-Seba. Ele ascendeu ao trono com a morte de seu pai, enquanto ele tinha muitos meio-irm\u00e3os mais velhos eleg\u00edveis para sucess\u00e3o.<\/p>\n\n\n\n<h2 class=\"wp-block-heading\">A hist\u00f3ria de Salom\u00e3o<\/h2>\n\n\n\n<p class=\"wp-block-paragraph\">Davi era muito velho. Ele tinha sido rei de Israel por quarenta anos. Ele era um bom rei tentando servir a Deus. Mesmo cometendo erros, David ainda estava arrependido e tentou fazer melhor. O Senhor sabia que Davi tinha um bom cora\u00e7\u00e3o.<\/p>\n\n\n\n<p class=\"wp-block-paragraph\">Davi estava prestes a morrer. Ele disse a seu filho Salom\u00e3o para ser o novo rei.<\/p>\n\n\n\n<p class=\"wp-block-paragraph\">\u201cSempre siga o Senhor, Salom\u00e3o. Obede\u00e7a \u00e0s suas ordens, disse David ao filho. E ent\u00e3o Davi morreu.<\/p>\n\n\n\n<p class=\"wp-block-paragraph\">Quando Salom\u00e3o se tornou rei, ele orou a Deus e disse: \u201cOh, Senhor, eu quero ser um bom rei. Quero servir as pessoas e ajud\u00e1-las. Por favor, d\u00ea-me um cora\u00e7\u00e3o s\u00e1bio para que eu sempre possa dizer a diferen\u00e7a entre o certo e o errado. Ajude-me a ser um rei s\u00e1bio para o povo.<\/p>\n\n\n\n<p class=\"wp-block-paragraph\">Deus respondeu a ora\u00e7\u00e3o de Salom\u00e3o. Salom\u00e3o tornou-se conhecido em todos os lugares como um governante muito s\u00e1bio. Ele tamb\u00e9m era muito rico e famoso. As pessoas vinham de todas as partes para falar com o s\u00e1bio Rei Salom\u00e3o. Eles informaram a Salom\u00e3o de seus problemas e ele lhes deu bons conselhos para ajud\u00e1-los.<\/p>\n\n\n\n<p class=\"wp-block-paragraph\">Certa vez, havia duas mulheres que moravam na mesma casa. Cada mulher tinha um beb\u00ea e \u00e0 noite os beb\u00eas dormiam na mesma cama com a m\u00e3e.<\/p>\n\n\n\n<p class=\"wp-block-paragraph\">Uma noite, enquanto as mulheres dormiam, a primeira mulher acidentalmente rolou seu beb\u00ea. Infelizmente, seu beb\u00ea morreu.<\/p>\n\n\n\n<p class=\"wp-block-paragraph\">A mulher queria tanto um beb\u00ea que decidiu levar o beb\u00ea de outra pessoa. Ela entrou silenciosamente no quarto da segunda esposa e trocou de beb\u00ea. Quando a segunda m\u00e3e acordou, ela encontrou o beb\u00ea morto ao lado dela na cama. A princ\u00edpio, ela pensou que era seu beb\u00ea que havia morrido, mas depois percebeu que havia sido enganada. Ela queria seu beb\u00ea de volta!<\/p>\n\n\n\n<p class=\"wp-block-paragraph\">As duas mulheres foram ao rei Salom\u00e3o. A segunda mulher lhe contou o que havia acontecido.<\/p>\n\n\n\n<p class=\"wp-block-paragraph\">Ela disse: &#8220;Esse \u00e9 o meu beb\u00ea, eu quero meu beb\u00ea de volta!&#8221;<\/p>\n\n\n\n<p class=\"wp-block-paragraph\">A outra m\u00e3e disse: \u201cN\u00e3o! \u00c9 meu beb\u00ea. Voc\u00ea n\u00e3o pode t\u00ea-lo!<\/p>\n\n\n\n<p class=\"wp-block-paragraph\">Todos olharam para Salom\u00e3o. Como ele poderia saber a qual mulher o beb\u00ea pertencia? Mas lembre-se que Deus deu sabedoria especial a Salom\u00e3o.<\/p>\n\n\n\n<p class=\"wp-block-paragraph\">Porque Salom\u00e3o era s\u00e1bio, ele teve uma ideia para descobrir a verdade. Ele ordenou a um de seus servos que lhe trouxesse uma espada. Salom\u00e3o ent\u00e3o disse: &#8220;Eu ordeno que o beb\u00ea seja cortado ao meio com esta espada.&#8221;<\/p>\n\n\n\n<p class=\"wp-block-paragraph\">A primeira esposa disse: \u201cOk, isso mesmo. O beb\u00ea deve ser cortado ao meio. Desta forma, nenhum de n\u00f3s ter\u00e1 mais do que o outro.<\/p>\n\n\n\n<p class=\"wp-block-paragraph\">Mas a outra mulher parecia muito triste. \u201cN\u00e3o, n\u00e3o corte o beb\u00ea ao meio! Eu amo demais o beb\u00ea para ver algu\u00e9m machuc\u00e1-lo. Prefiro que a outra mulher tenha meu beb\u00ea. N\u00e3o quero que meu beb\u00ea morra.<\/p>\n\n\n\n<p class=\"wp-block-paragraph\">Salom\u00e3o tinha feito uma coisa muito s\u00e1bia. Agora ele sabia qual era a m\u00e3e verdadeira e qual n\u00e3o era. Uma m\u00e3e ama muito seu beb\u00ea e nunca gostaria de ser magoada. Salom\u00e3o deu o beb\u00ea para sua verdadeira m\u00e3e.<\/p>\n\n\n\n<p class=\"wp-block-paragraph\">Todos viram que Salom\u00e3o era realmente s\u00e1bio. Todos sabiam que Deus lhe dera sabedoria especial.<\/p>","protected":false},"excerpt":{"rendered":"<p>Personagem b\u00edblico e cor\u00e2nico, tema de muitos filmes, Salom\u00e3o, filho de Davi, intriga por sua trajet\u00f3ria: profundamente s\u00e1bio, rico&#8230;<\/p>","protected":false},"author":1,"featured_media":342,"comment_status":"open","ping_status":"closed","sticky":false,"template":"","format":"standard","meta":{"neve_meta_sidebar":"","neve_meta_container":"","neve_meta_enable_content_width":"","neve_meta_content_width":0,"neve_meta_title_alignment":"","neve_meta_author_avatar":"","neve_post_elements_order":"","neve_meta_disable_header":"","neve_meta_disable_footer":"","neve_meta_disable_title":"","footnotes":""},"categories":[4],"tags":[20,60,59],"class_list":["post-293","post","type-post","status-publish","format-standard","has-post-thumbnail","hentry","category-fique-por-dentro","tag-deus","tag-homem-mais-rico","tag-salomao"],"yoast_head":"<!-- This site is optimized with the Yoast SEO plugin v28.4 - https:\/\/yoast.com\/product\/yoast-seo-wordpress\/ -->\n<title>O que podemos aprender com a vida de Salom\u00e3o? - Ora\u00e7\u00e3o e F\u00e9<\/title>\n<meta name=\"description\" content=\"Personagem b\u00edblico e cor\u00e2nico, tema de muitos filmes, Salom\u00e3o, filho de Davi, intriga por sua trajet\u00f3ria: profundamente s\u00e1bio, rico...\" \/>\n<meta name=\"robots\" content=\"index, follow, max-snippet:-1, max-image-preview:large, max-video-preview:-1\" \/>\n<link rel=\"canonical\" href=\"https:\/\/www.oracaoefe.com\/fr\/o-que-podemos-aprender-com-a-vida-de-salomao\/\" \/>\n<meta property=\"og:locale\" content=\"fr_FR\" \/>\n<meta property=\"og:type\" content=\"article\" \/>\n<meta property=\"og:title\" content=\"O que podemos aprender com a vida de Salom\u00e3o? - Ora\u00e7\u00e3o e F\u00e9\" \/>\n<meta property=\"og:description\" content=\"Personagem b\u00edblico e cor\u00e2nico, tema de muitos filmes, Salom\u00e3o, filho de Davi, intriga por sua trajet\u00f3ria: profundamente s\u00e1bio, rico...\" \/>\n<meta property=\"og:url\" content=\"https:\/\/www.oracaoefe.com\/fr\/o-que-podemos-aprender-com-a-vida-de-salomao\/\" \/>\n<meta property=\"og:site_name\" content=\"Ora\u00e7\u00e3o e F\u00e9\" \/>\n<meta property=\"article:published_time\" content=\"2022-09-25T00:58:57+00:00\" \/>\n<meta property=\"article:modified_time\" content=\"2022-09-25T19:23:12+00:00\" \/>\n<meta property=\"og:image\" content=\"https:\/\/www.oracaoefe.com\/wp-content\/uploads\/2022\/09\/O-que-podemos-aprender-com-a-vida-de-Salomao.jpg\" \/>\n\t<meta property=\"og:image:width\" content=\"1200\" \/>\n\t<meta property=\"og:image:height\" content=\"675\" \/>\n\t<meta property=\"og:image:type\" content=\"image\/jpeg\" \/>\n<meta name=\"author\" content=\"Maria\" \/>\n<meta name=\"twitter:card\" content=\"summary_large_image\" \/>\n<meta name=\"twitter:label1\" content=\"\u00c9crit par\" \/>\n\t<meta name=\"twitter:data1\" content=\"Maria\" \/>\n\t<meta name=\"twitter:label2\" content=\"Dur\u00e9e de lecture estim\u00e9e\" \/>\n\t<meta name=\"twitter:data2\" content=\"3 minutes\" \/>\n<script type=\"application\/ld+json\" class=\"yoast-schema-graph\">{\"@context\":\"https:\\\/\\\/schema.org\",\"@graph\":[{\"@type\":\"Article\",\"@id\":\"https:\\\/\\\/www.oracaoefe.com\\\/o-que-podemos-aprender-com-a-vida-de-salomao\\\/#article\",\"isPartOf\":{\"@id\":\"https:\\\/\\\/www.oracaoefe.com\\\/o-que-podemos-aprender-com-a-vida-de-salomao\\\/\"},\"author\":{\"name\":\"Maria\",\"@id\":\"https:\\\/\\\/www.oracaoefe.com\\\/#\\\/schema\\\/person\\\/27873f1e6043866689f5091b5139f23d\"},\"headline\":\"O que podemos aprender com a vida de Salom\u00e3o?\",\"datePublished\":\"2022-09-25T00:58:57+00:00\",\"dateModified\":\"2022-09-25T19:23:12+00:00\",\"mainEntityOfPage\":{\"@id\":\"https:\\\/\\\/www.oracaoefe.com\\\/o-que-podemos-aprender-com-a-vida-de-salomao\\\/\"},\"wordCount\":673,\"commentCount\":0,\"image\":{\"@id\":\"https:\\\/\\\/www.oracaoefe.com\\\/o-que-podemos-aprender-com-a-vida-de-salomao\\\/#primaryimage\"},\"thumbnailUrl\":\"https:\\\/\\\/www.oracaoefe.com\\\/wp-content\\\/uploads\\\/2022\\\/09\\\/O-que-podemos-aprender-com-a-vida-de-Salomao.jpg\",\"keywords\":[\"Deus\",\"Homem mais rico\",\"Salomao\"],\"articleSection\":[\"Fique por Dentro\"],\"inLanguage\":\"fr-FR\",\"potentialAction\":[{\"@type\":\"CommentAction\",\"name\":\"Comment\",\"target\":[\"https:\\\/\\\/www.oracaoefe.com\\\/o-que-podemos-aprender-com-a-vida-de-salomao\\\/#respond\"]}]},{\"@type\":\"WebPage\",\"@id\":\"https:\\\/\\\/www.oracaoefe.com\\\/o-que-podemos-aprender-com-a-vida-de-salomao\\\/\",\"url\":\"https:\\\/\\\/www.oracaoefe.com\\\/o-que-podemos-aprender-com-a-vida-de-salomao\\\/\",\"name\":\"O que podemos aprender com a vida de Salom\u00e3o? - Ora\u00e7\u00e3o e F\u00e9\",\"isPartOf\":{\"@id\":\"https:\\\/\\\/www.oracaoefe.com\\\/#website\"},\"primaryImageOfPage\":{\"@id\":\"https:\\\/\\\/www.oracaoefe.com\\\/o-que-podemos-aprender-com-a-vida-de-salomao\\\/#primaryimage\"},\"image\":{\"@id\":\"https:\\\/\\\/www.oracaoefe.com\\\/o-que-podemos-aprender-com-a-vida-de-salomao\\\/#primaryimage\"},\"thumbnailUrl\":\"https:\\\/\\\/www.oracaoefe.com\\\/wp-content\\\/uploads\\\/2022\\\/09\\\/O-que-podemos-aprender-com-a-vida-de-Salomao.jpg\",\"datePublished\":\"2022-09-25T00:58:57+00:00\",\"dateModified\":\"2022-09-25T19:23:12+00:00\",\"author\":{\"@id\":\"https:\\\/\\\/www.oracaoefe.com\\\/#\\\/schema\\\/person\\\/27873f1e6043866689f5091b5139f23d\"},\"description\":\"Personagem b\u00edblico e cor\u00e2nico, tema de muitos filmes, Salom\u00e3o, filho de Davi, intriga por sua trajet\u00f3ria: profundamente s\u00e1bio, rico...\",\"breadcrumb\":{\"@id\":\"https:\\\/\\\/www.oracaoefe.com\\\/o-que-podemos-aprender-com-a-vida-de-salomao\\\/#breadcrumb\"},\"inLanguage\":\"fr-FR\",\"potentialAction\":[{\"@type\":\"ReadAction\",\"target\":[\"https:\\\/\\\/www.oracaoefe.com\\\/o-que-podemos-aprender-com-a-vida-de-salomao\\\/\"]}]},{\"@type\":\"ImageObject\",\"inLanguage\":\"fr-FR\",\"@id\":\"https:\\\/\\\/www.oracaoefe.com\\\/o-que-podemos-aprender-com-a-vida-de-salomao\\\/#primaryimage\",\"url\":\"https:\\\/\\\/www.oracaoefe.com\\\/wp-content\\\/uploads\\\/2022\\\/09\\\/O-que-podemos-aprender-com-a-vida-de-Salomao.jpg\",\"contentUrl\":\"https:\\\/\\\/www.oracaoefe.com\\\/wp-content\\\/uploads\\\/2022\\\/09\\\/O-que-podemos-aprender-com-a-vida-de-Salomao.jpg\",\"width\":1200,\"height\":675,\"caption\":\"O que podemos aprender com a vida de Salom\u00e3o\"},{\"@type\":\"BreadcrumbList\",\"@id\":\"https:\\\/\\\/www.oracaoefe.com\\\/o-que-podemos-aprender-com-a-vida-de-salomao\\\/#breadcrumb\",\"itemListElement\":[{\"@type\":\"ListItem\",\"position\":1,\"name\":\"Home\",\"item\":\"https:\\\/\\\/www.oracaoefe.com\\\/\"},{\"@type\":\"ListItem\",\"position\":2,\"name\":\"Fique por Dentro\",\"item\":\"https:\\\/\\\/www.oracaoefe.com\\\/category\\\/fique-por-dentro\\\/\"},{\"@type\":\"ListItem\",\"position\":3,\"name\":\"O que podemos aprender com a vida de Salom\u00e3o?\"}]},{\"@type\":\"WebSite\",\"@id\":\"https:\\\/\\\/www.oracaoefe.com\\\/#website\",\"url\":\"https:\\\/\\\/www.oracaoefe.com\\\/\",\"name\":\"Ora\u00e7\u00e3o e F\u00e9\",\"description\":\"\",\"potentialAction\":[{\"@type\":\"SearchAction\",\"target\":{\"@type\":\"EntryPoint\",\"urlTemplate\":\"https:\\\/\\\/www.oracaoefe.com\\\/?s={search_term_string}\"},\"query-input\":{\"@type\":\"PropertyValueSpecification\",\"valueRequired\":true,\"valueName\":\"search_term_string\"}}],\"inLanguage\":\"fr-FR\"},{\"@type\":\"Person\",\"@id\":\"https:\\\/\\\/www.oracaoefe.com\\\/#\\\/schema\\\/person\\\/27873f1e6043866689f5091b5139f23d\",\"name\":\"Maria\",\"image\":{\"@type\":\"ImageObject\",\"inLanguage\":\"fr-FR\",\"@id\":\"https:\\\/\\\/secure.gravatar.com\\\/avatar\\\/4cac5ea56d40d599bd7348d330a83b1c84cd229296d1613cd1c7f6740561d0c9?s=96&d=mm&r=g\",\"url\":\"https:\\\/\\\/secure.gravatar.com\\\/avatar\\\/4cac5ea56d40d599bd7348d330a83b1c84cd229296d1613cd1c7f6740561d0c9?s=96&d=mm&r=g\",\"contentUrl\":\"https:\\\/\\\/secure.gravatar.com\\\/avatar\\\/4cac5ea56d40d599bd7348d330a83b1c84cd229296d1613cd1c7f6740561d0c9?s=96&d=mm&r=g\",\"caption\":\"Maria\"},\"description\":\"Meu nome \u00e9 Maria e sou apaixonada por teologia, espiritualidade e estudos religiosos. H\u00e1 mais de 5 anos escrevo sobre o universo da f\u00e9, pesquisando diferentes religi\u00f5es, doutrinas, tradi\u00e7\u00f5es espirituais e curiosidades religiosas ao redor do mundo. Tenho grande interesse em compreender como a f\u00e9 e a religiosidade se manifestam em diferentes culturas, pa\u00edses e idiomas, sempre buscando aprender mais sobre os costumes, cren\u00e7as e hist\u00f3rias que influenciam milh\u00f5es de pessoas diariamente. Atualmente, atuo como redatora no portal Ora\u00e7\u00e3o e F\u00e9, onde compartilho conte\u00fados informativos, reflexivos e inspiradores voltados ao universo religioso e espiritual. Meu objetivo \u00e9 levar conhecimento, curiosidades e mensagens enriquecedoras para leitores que desejam aprofundar sua compreens\u00e3o sobre f\u00e9, religi\u00e3o e espiritualidade no mundo moderno.\",\"sameAs\":[\"https:\\\/\\\/www.oracaoefe.com\"],\"url\":\"https:\\\/\\\/www.oracaoefe.com\\\/fr\\\/author\\\/admin\\\/\"}]}<\/script>\n<!-- \/ Yoast SEO plugin. -->","yoast_head_json":{"title":"O que podemos aprender com a vida de Salom\u00e3o? - Ora\u00e7\u00e3o e F\u00e9","description":"Personnage biblique et coranique, sujet de nombreux films, Salomon, fils de David, intrigue par sa trajectoire : profond\u00e9ment sage, riche...","robots":{"index":"index","follow":"follow","max-snippet":"max-snippet:-1","max-image-preview":"max-image-preview:large","max-video-preview":"max-video-preview:-1"},"canonical":"https:\/\/www.oracaoefe.com\/fr\/o-que-podemos-aprender-com-a-vida-de-salomao\/","og_locale":"fr_FR","og_type":"article","og_title":"O que podemos aprender com a vida de Salom\u00e3o? - Ora\u00e7\u00e3o e F\u00e9","og_description":"Personagem b\u00edblico e cor\u00e2nico, tema de muitos filmes, Salom\u00e3o, filho de Davi, intriga por sua trajet\u00f3ria: profundamente s\u00e1bio, rico...","og_url":"https:\/\/www.oracaoefe.com\/fr\/o-que-podemos-aprender-com-a-vida-de-salomao\/","og_site_name":"Ora\u00e7\u00e3o e F\u00e9","article_published_time":"2022-09-25T00:58:57+00:00","article_modified_time":"2022-09-25T19:23:12+00:00","og_image":[{"width":1200,"height":675,"url":"https:\/\/www.oracaoefe.com\/wp-content\/uploads\/2022\/09\/O-que-podemos-aprender-com-a-vida-de-Salomao.jpg","type":"image\/jpeg"}],"author":"Maria","twitter_card":"summary_large_image","twitter_misc":{"\u00c9crit par":"Maria","Dur\u00e9e de lecture estim\u00e9e":"3 minutes"},"schema":{"@context":"https:\/\/schema.org","@graph":[{"@type":"Article","@id":"https:\/\/www.oracaoefe.com\/o-que-podemos-aprender-com-a-vida-de-salomao\/#article","isPartOf":{"@id":"https:\/\/www.oracaoefe.com\/o-que-podemos-aprender-com-a-vida-de-salomao\/"},"author":{"name":"Maria","@id":"https:\/\/www.oracaoefe.com\/#\/schema\/person\/27873f1e6043866689f5091b5139f23d"},"headline":"O que podemos aprender com a vida de Salom\u00e3o?","datePublished":"2022-09-25T00:58:57+00:00","dateModified":"2022-09-25T19:23:12+00:00","mainEntityOfPage":{"@id":"https:\/\/www.oracaoefe.com\/o-que-podemos-aprender-com-a-vida-de-salomao\/"},"wordCount":673,"commentCount":0,"image":{"@id":"https:\/\/www.oracaoefe.com\/o-que-podemos-aprender-com-a-vida-de-salomao\/#primaryimage"},"thumbnailUrl":"https:\/\/www.oracaoefe.com\/wp-content\/uploads\/2022\/09\/O-que-podemos-aprender-com-a-vida-de-Salomao.jpg","keywords":["Deus","Homem mais rico","Salomao"],"articleSection":["Fique por Dentro"],"inLanguage":"fr-FR","potentialAction":[{"@type":"CommentAction","name":"Comment","target":["https:\/\/www.oracaoefe.com\/o-que-podemos-aprender-com-a-vida-de-salomao\/#respond"]}]},{"@type":"WebPage","@id":"https:\/\/www.oracaoefe.com\/o-que-podemos-aprender-com-a-vida-de-salomao\/","url":"https:\/\/www.oracaoefe.com\/o-que-podemos-aprender-com-a-vida-de-salomao\/","name":"O que podemos aprender com a vida de Salom\u00e3o? - Ora\u00e7\u00e3o e F\u00e9","isPartOf":{"@id":"https:\/\/www.oracaoefe.com\/#website"},"primaryImageOfPage":{"@id":"https:\/\/www.oracaoefe.com\/o-que-podemos-aprender-com-a-vida-de-salomao\/#primaryimage"},"image":{"@id":"https:\/\/www.oracaoefe.com\/o-que-podemos-aprender-com-a-vida-de-salomao\/#primaryimage"},"thumbnailUrl":"https:\/\/www.oracaoefe.com\/wp-content\/uploads\/2022\/09\/O-que-podemos-aprender-com-a-vida-de-Salomao.jpg","datePublished":"2022-09-25T00:58:57+00:00","dateModified":"2022-09-25T19:23:12+00:00","author":{"@id":"https:\/\/www.oracaoefe.com\/#\/schema\/person\/27873f1e6043866689f5091b5139f23d"},"description":"Personnage biblique et coranique, sujet de nombreux films, Salomon, fils de David, intrigue par sa trajectoire : profond\u00e9ment sage, riche...","breadcrumb":{"@id":"https:\/\/www.oracaoefe.com\/o-que-podemos-aprender-com-a-vida-de-salomao\/#breadcrumb"},"inLanguage":"fr-FR","potentialAction":[{"@type":"ReadAction","target":["https:\/\/www.oracaoefe.com\/o-que-podemos-aprender-com-a-vida-de-salomao\/"]}]},{"@type":"ImageObject","inLanguage":"fr-FR","@id":"https:\/\/www.oracaoefe.com\/o-que-podemos-aprender-com-a-vida-de-salomao\/#primaryimage","url":"https:\/\/www.oracaoefe.com\/wp-content\/uploads\/2022\/09\/O-que-podemos-aprender-com-a-vida-de-Salomao.jpg","contentUrl":"https:\/\/www.oracaoefe.com\/wp-content\/uploads\/2022\/09\/O-que-podemos-aprender-com-a-vida-de-Salomao.jpg","width":1200,"height":675,"caption":"O que podemos aprender com a vida de Salom\u00e3o"},{"@type":"BreadcrumbList","@id":"https:\/\/www.oracaoefe.com\/o-que-podemos-aprender-com-a-vida-de-salomao\/#breadcrumb","itemListElement":[{"@type":"ListItem","position":1,"name":"Home","item":"https:\/\/www.oracaoefe.com\/"},{"@type":"ListItem","position":2,"name":"Fique por Dentro","item":"https:\/\/www.oracaoefe.com\/category\/fique-por-dentro\/"},{"@type":"ListItem","position":3,"name":"O que podemos aprender com a vida de Salom\u00e3o?"}]},{"@type":"WebSite","@id":"https:\/\/www.oracaoefe.com\/#website","url":"https:\/\/www.oracaoefe.com\/","name":"Pri\u00e8re et foi","description":"","potentialAction":[{"@type":"SearchAction","target":{"@type":"EntryPoint","urlTemplate":"https:\/\/www.oracaoefe.com\/?s={search_term_string}"},"query-input":{"@type":"PropertyValueSpecification","valueRequired":true,"valueName":"search_term_string"}}],"inLanguage":"fr-FR"},{"@type":"Person","@id":"https:\/\/www.oracaoefe.com\/#\/schema\/person\/27873f1e6043866689f5091b5139f23d","name":"Maria","image":{"@type":"ImageObject","inLanguage":"fr-FR","@id":"https:\/\/secure.gravatar.com\/avatar\/4cac5ea56d40d599bd7348d330a83b1c84cd229296d1613cd1c7f6740561d0c9?s=96&d=mm&r=g","url":"https:\/\/secure.gravatar.com\/avatar\/4cac5ea56d40d599bd7348d330a83b1c84cd229296d1613cd1c7f6740561d0c9?s=96&d=mm&r=g","contentUrl":"https:\/\/secure.gravatar.com\/avatar\/4cac5ea56d40d599bd7348d330a83b1c84cd229296d1613cd1c7f6740561d0c9?s=96&d=mm&r=g","caption":"Maria"},"description":"Meu nome \u00e9 Maria e sou apaixonada por teologia, espiritualidade e estudos religiosos. H\u00e1 mais de 5 anos escrevo sobre o universo da f\u00e9, pesquisando diferentes religi\u00f5es, doutrinas, tradi\u00e7\u00f5es espirituais e curiosidades religiosas ao redor do mundo. Tenho grande interesse em compreender como a f\u00e9 e a religiosidade se manifestam em diferentes culturas, pa\u00edses e idiomas, sempre buscando aprender mais sobre os costumes, cren\u00e7as e hist\u00f3rias que influenciam milh\u00f5es de pessoas diariamente. Atualmente, atuo como redatora no portal Ora\u00e7\u00e3o e F\u00e9, onde compartilho conte\u00fados informativos, reflexivos e inspiradores voltados ao universo religioso e espiritual. Meu objetivo \u00e9 levar conhecimento, curiosidades e mensagens enriquecedoras para leitores que desejam aprofundar sua compreens\u00e3o sobre f\u00e9, religi\u00e3o e espiritualidade no mundo moderno.","sameAs":["https:\/\/www.oracaoefe.com"],"url":"https:\/\/www.oracaoefe.com\/fr\/author\/admin\/"}]}},"_links":{"self":[{"href":"https:\/\/www.oracaoefe.com\/fr\/wp-json\/wp\/v2\/posts\/293","targetHints":{"allow":["GET"]}}],"collection":[{"href":"https:\/\/www.oracaoefe.com\/fr\/wp-json\/wp\/v2\/posts"}],"about":[{"href":"https:\/\/www.oracaoefe.com\/fr\/wp-json\/wp\/v2\/types\/post"}],"author":[{"embeddable":true,"href":"https:\/\/www.oracaoefe.com\/fr\/wp-json\/wp\/v2\/users\/1"}],"replies":[{"embeddable":true,"href":"https:\/\/www.oracaoefe.com\/fr\/wp-json\/wp\/v2\/comments?post=293"}],"version-history":[{"count":2,"href":"https:\/\/www.oracaoefe.com\/fr\/wp-json\/wp\/v2\/posts\/293\/revisions"}],"predecessor-version":[{"id":344,"href":"https:\/\/www.oracaoefe.com\/fr\/wp-json\/wp\/v2\/posts\/293\/revisions\/344"}],"wp:featuredmedia":[{"embeddable":true,"href":"https:\/\/www.oracaoefe.com\/fr\/wp-json\/wp\/v2\/media\/342"}],"wp:attachment":[{"href":"https:\/\/www.oracaoefe.com\/fr\/wp-json\/wp\/v2\/media?parent=293"}],"wp:term":[{"taxonomy":"category","embeddable":true,"href":"https:\/\/www.oracaoefe.com\/fr\/wp-json\/wp\/v2\/categories?post=293"},{"taxonomy":"post_tag","embeddable":true,"href":"https:\/\/www.oracaoefe.com\/fr\/wp-json\/wp\/v2\/tags?post=293"}],"curies":[{"name":"wp","href":"https:\/\/api.w.org\/{rel}","templated":true}]}}