{"id":2928,"date":"2024-07-17T01:00:00","date_gmt":"2024-07-17T04:00:00","guid":{"rendered":"https:\/\/www.oracaoefe.com\/?p=2928"},"modified":"2025-06-15T15:15:30","modified_gmt":"2025-06-15T18:15:30","slug":"o-que-a-biblia-diz-sobre-o-preconceito-entenda-a-conduta-negativa","status":"publish","type":"post","link":"https:\/\/www.oracaoefe.com\/fr\/o-que-a-biblia-diz-sobre-o-preconceito-entenda-a-conduta-negativa\/","title":{"rendered":"O que a B\u00edblia diz sobre o preconceito? Entenda a conduta negativa"},"content":{"rendered":"<p class=\"wp-block-paragraph\">O preconceito \u00e9 um fen\u00f4meno complexo que permeia a hist\u00f3ria da humanidade, manifestando-se em diversas formas ao longo dos tempos. Embora seja frequentemente associado a quest\u00f5es raciais, ele pode se manifestar tamb\u00e9m com base em diferen\u00e7as culturais, \u00e9tnicas, religiosas, econ\u00f4micas e at\u00e9 mesmo de g\u00eanero.&nbsp;<\/p>\n\n\n\n<p class=\"wp-block-paragraph\">A B\u00edblia, como um dos textos mais antigos e influentes da civiliza\u00e7\u00e3o ocidental, aborda o tema do preconceito de v\u00e1rias maneiras, oferecendo insights valiosos sobre como lidar com essa conduta negativa.<\/p>\n\n\n\n<h2 class=\"wp-block-heading\">O conceito de preconceito na B\u00edblia<\/h2>\n\n\n\n<p class=\"wp-block-paragraph\">O termo &#8220;preconceito&#8221; pode ser entendido como um ju\u00edzo pr\u00e9-concebido e muitas vezes negativo em rela\u00e7\u00e3o a pessoas ou grupos com base em caracter\u00edsticas percebidas como diferentes.\u00a0<\/p>\n\n\n\n<figure class=\"wp-block-image size-full is-resized\"><img loading=\"lazy\" decoding=\"async\" width=\"740\" height=\"493\" src=\"https:\/\/www.oracaoefe.com\/wp-content\/uploads\/2024\/07\/image-5.png\" alt=\"\" class=\"wp-image-2940\" style=\"width:840px;height:auto\" srcset=\"https:\/\/www.oracaoefe.com\/wp-content\/uploads\/2024\/07\/image-5.png 740w, https:\/\/www.oracaoefe.com\/wp-content\/uploads\/2024\/07\/image-5-300x200.png 300w, https:\/\/www.oracaoefe.com\/wp-content\/uploads\/2024\/07\/image-5-18x12.png 18w\" sizes=\"auto, (max-width: 740px) 100vw, 740px\" \/><\/figure>\n\n\n\n<p class=\"wp-block-paragraph\">A B\u00edblia, em sua ess\u00eancia, condena qualquer forma de discrimina\u00e7\u00e3o e ensina princ\u00edpios de amor, respeito e igualdade entre todos os seres humanos. De acordo com as Escrituras, todos os indiv\u00edduos s\u00e3o criados \u00e0 imagem de Deus e, portanto, possuem um valor intr\u00ednseco e igual dignidade perante Ele.<\/p>\n\n\n\n<h2 class=\"wp-block-heading\">A origem do preconceito e suas manifesta\u00e7\u00f5es<\/h2>\n\n\n\n<p class=\"wp-block-paragraph\">Desde os prim\u00f3rdios da humanidade, o preconceito tem suas ra\u00edzes na tend\u00eancia humana de categorizar e distinguir &#8220;n\u00f3s&#8221; versus &#8220;eles&#8221;. Essa divis\u00e3o pode levar a atitudes discriminat\u00f3rias, injusti\u00e7as sociais e at\u00e9 conflitos violentos.&nbsp;<\/p>\n\n\n\n<p class=\"wp-block-paragraph\">Na B\u00edblia, podemos observar exemplos de preconceito manifestado em diferentes contextos hist\u00f3ricos e culturais, como na rela\u00e7\u00e3o entre judeus e gentios, escravos e livres, homens e mulheres, entre outros.<\/p>\n\n\n\n<h2 class=\"wp-block-heading\">Ensinamentos b\u00edblicos sobre o preconceito<\/h2>\n\n\n\n<p class=\"wp-block-paragraph\">Os ensinamentos b\u00edblicos sobre o preconceito n\u00e3o apenas oferecem uma perspectiva moral profunda, mas tamb\u00e9m constituem um guia claro para a conduta humana baseada nos princ\u00edpios de amor, justi\u00e7a e igualdade estabelecidos por Deus.<\/p>\n\n\n\n<h3 class=\"wp-block-heading\">O mandamento do amor ao pr\u00f3ximo<\/h3>\n\n\n\n<p class=\"wp-block-paragraph\">Um dos princ\u00edpios fundamentais da \u00e9tica b\u00edblica \u00e9 o mandamento de amar ao pr\u00f3ximo como a si mesmo (Marcos 12:31). Esse ensinamento enfatiza a import\u00e2ncia de tratar os outros com bondade, compaix\u00e3o e respeito, independentemente de suas diferen\u00e7as. Jesus Cristo exemplificou esse amor em suas intera\u00e7\u00f5es com pessoas de diferentes origens e estatutos sociais, desafiando as normas discriminat\u00f3rias de seu tempo.<\/p>\n\n\n\n<h3 class=\"wp-block-heading\">A igualdade e dignidade de todos perante Deus<\/h3>\n\n\n\n<p class=\"wp-block-paragraph\">G\u00e1latas 3:28 proclama que &#8220;n\u00e3o h\u00e1 judeu nem grego, escravo nem livre, homem nem mulher; pois todos sois um em Cristo Jesus&#8221;. Este vers\u00edculo reflete a vis\u00e3o crist\u00e3 de que, diante de Deus, n\u00e3o h\u00e1 distin\u00e7\u00f5es baseadas em categorias humanas.&nbsp;<\/p>\n\n\n\n<p class=\"wp-block-paragraph\">Todos s\u00e3o chamados a viver em harmonia e respeito m\u00fatuo, reconhecendo a igualdade fundamental de todas as pessoas como cria\u00e7\u00e3o divina.<\/p>\n\n\n\n<h3 class=\"wp-block-heading\">A condena\u00e7\u00e3o da parcialidade<\/h3>\n\n\n\n<p class=\"wp-block-paragraph\">Tiago 2:1-9 adverte contra a parcialidade e o favoritismo dentro da comunidade crist\u00e3. O ap\u00f3stolo Tiago repreende aqueles que tratam os ricos com defer\u00eancia enquanto menosprezam os pobres, enfatizando que tal comportamento \u00e9 contr\u00e1rio \u00e0 lei do amor ao pr\u00f3ximo.&nbsp;<\/p>\n\n\n\n<p class=\"wp-block-paragraph\">Esse ensinamento ressalta a necessidade de justi\u00e7a e imparcialidade em todas as nossas intera\u00e7\u00f5es, evitando assim o surgimento de preconceitos e discrimina\u00e7\u00f5es.<\/p>\n\n\n\n<h2 class=\"wp-block-heading\">Exemplos B\u00edblicos de superando o preconceito<\/h2>\n\n\n\n<p class=\"wp-block-paragraph\">Na narrativa b\u00edblica, encontramos exemplos poderosos de como indiv\u00edduos superaram barreiras de preconceito e discrimin\u00e7\u00e3o, destacando a import\u00e2ncia do amor e da compaix\u00e3o como agentes de transforma\u00e7\u00e3o social e espiritual.<\/p>\n\n\n\n<h3 class=\"wp-block-heading\">A par\u00e1bola do bom samaritano<\/h3>\n\n\n\n<p class=\"wp-block-paragraph\">Em Lucas 10:25-37, Jesus conta a par\u00e1bola do bom samaritano para ilustrar o verdadeiro significado do amor ao pr\u00f3ximo. Nesta hist\u00f3ria, um samaritano, um estrangeiro e membro de um grupo \u00e9tnico desfavorecido, demonstra compaix\u00e3o e cuidado por um homem ferido \u00e0 beira do caminho, enquanto outros, incluindo um sacerdote e um levita, passam indiferentes.&nbsp;<\/p>\n\n\n\n<p class=\"wp-block-paragraph\">Essa par\u00e1bola ensina que a verdadeira identidade de um pr\u00f3ximo n\u00e3o est\u00e1 determinada por categorias sociais ou \u00e9tnicas, mas pelo amor e a\u00e7\u00e3o compassiva.<\/p>\n\n\n\n<h3 class=\"wp-block-heading\">A vis\u00e3o universal da salva\u00e7\u00e3o em Cristo<\/h3>\n\n\n\n<p class=\"wp-block-paragraph\">A mensagem crist\u00e3 proclama a universalidade da salva\u00e7\u00e3o em Cristo Jesus, oferecida a todas as pessoas, independentemente de seu passado, cultura ou status social (Jo\u00e3o 3:16).&nbsp;<\/p>\n\n\n\n<p class=\"wp-block-paragraph\">Essa vis\u00e3o transcende as fronteiras \u00e9tnicas e culturais, enfatizando a reconcilia\u00e7\u00e3o de todos os povos em uma comunidade de f\u00e9 e amor m\u00fatuo.<\/p>\n\n\n\n<h3 class=\"wp-block-heading\">Desafios contempor\u00e2neos e a responsabilidade crist\u00e3<\/h3>\n\n\n\n<p class=\"wp-block-paragraph\">O preconceito continua a ser uma realidade persistente em v\u00e1rias sociedades ao redor do mundo. Quest\u00f5es de racismo, xenofobia, discrimina\u00e7\u00e3o de g\u00eanero e intoler\u00e2ncia religiosa representam desafios significativos que exigem uma resposta \u00e9tica e compassiva por parte dos crist\u00e3os.&nbsp;<\/p>\n\n\n\n<p class=\"wp-block-paragraph\">\u00c0 luz dos ensinamentos b\u00edblicos, os seguidores de Cristo s\u00e3o chamados a ser agentes de mudan\u00e7a positiva, promovendo a justi\u00e7a social, a reconcilia\u00e7\u00e3o e o respeito m\u00fatuo em suas comunidades e al\u00e9m delas.<\/p>\n\n\n\n<h2 class=\"wp-block-heading\">Condenando o preconceito<\/h2>\n\n\n\n<p class=\"wp-block-paragraph\">A B\u00edblia oferece uma vis\u00e3o clara e abrangente sobre o preconceito, condenando-o como uma pr\u00e1tica contr\u00e1ria aos princ\u00edpios do amor e da igualdade que Deus estabelece para toda a humanidade. Ao longo das Escrituras, encontramos n\u00e3o apenas advert\u00eancias contra o preconceito, mas tamb\u00e9m exemplos inspiradores de como super\u00e1-lo atrav\u00e9s do amor, compaix\u00e3o e justi\u00e7a.&nbsp;<\/p>\n\n\n\n<p class=\"wp-block-paragraph\">Como seguidores de Cristo, somos chamados a seguir esse exemplo, buscando sempre tratar a todos com dignidade e respeito, independentemente de suas diferen\u00e7as. Que essa compreens\u00e3o nos inspire a ser agentes de transforma\u00e7\u00e3o em nossas comunidades e a contribuir para um mundo mais justo e inclusivo, refletindo os valores do Reino de Deus em nossas vidas di\u00e1rias.<\/p>\n\n\n\n<p class=\"wp-block-paragraph\"><p><strong>Voir aussi\u00a0: <a href=\"https:\/\/www.oracaoefe.com\/fr\/oracao-para-protecao-e-saude-ao-longo-da-gravidez\/\">Ora\u00e7\u00e3o para prote\u00e7\u00e3o e sa\u00fade ao longo da gravidez<\/a><\/strong><\/p><\/p>\n\n\n\n<p class=\"wp-block-paragraph\"><p>17 de julho de 2024<\/p><\/p>","protected":false},"excerpt":{"rendered":"<p>O preconceito \u00e9 um fen\u00f4meno complexo que permeia a hist\u00f3ria da humanidade, manifestando-se em diversas formas ao longo dos tempos. Embora seja frequentemente associado a quest\u00f5es raciais, ele pode se manifestar tamb\u00e9m com base em diferen\u00e7as culturais, \u00e9tnicas, religiosas, econ\u00f4micas e at\u00e9 mesmo de g\u00eanero.&nbsp; A B\u00edblia, como um dos textos mais antigos e influentes&hellip;&nbsp;<\/p>","protected":false},"author":3,"featured_media":2940,"comment_status":"closed","ping_status":"closed","sticky":false,"template":"","format":"standard","meta":{"neve_meta_sidebar":"","neve_meta_container":"","neve_meta_enable_content_width":"","neve_meta_content_width":0,"neve_meta_title_alignment":"","neve_meta_author_avatar":"","neve_post_elements_order":"","neve_meta_disable_header":"","neve_meta_disable_footer":"","neve_meta_disable_title":"","footnotes":""},"categories":[3],"tags":[26,221],"class_list":["post-2928","post","type-post","status-publish","format-standard","has-post-thumbnail","hentry","category-fe","tag-biblia","tag-preconceito"],"yoast_head":"<!-- This site is optimized with the Yoast SEO plugin v28.4 - https:\/\/yoast.com\/product\/yoast-seo-wordpress\/ -->\n<title>O que a B\u00edblia diz sobre o preconceito? Entenda a conduta negativa - Ora\u00e7\u00e3o e F\u00e9<\/title>\n<meta name=\"description\" content=\"Deus tem pra voc\u00ea uma palavra de vida!\" \/>\n<meta name=\"robots\" content=\"index, follow, max-snippet:-1, max-image-preview:large, max-video-preview:-1\" \/>\n<link rel=\"canonical\" href=\"https:\/\/www.oracaoefe.com\/fr\/o-que-a-biblia-diz-sobre-o-preconceito-entenda-a-conduta-negativa\/\" \/>\n<meta property=\"og:locale\" content=\"fr_FR\" \/>\n<meta property=\"og:type\" content=\"article\" \/>\n<meta property=\"og:title\" content=\"O que a B\u00edblia diz sobre o preconceito? Entenda a conduta negativa - Ora\u00e7\u00e3o e F\u00e9\" \/>\n<meta property=\"og:description\" content=\"Deus tem pra voc\u00ea uma palavra de vida!\" \/>\n<meta property=\"og:url\" content=\"https:\/\/www.oracaoefe.com\/fr\/o-que-a-biblia-diz-sobre-o-preconceito-entenda-a-conduta-negativa\/\" \/>\n<meta property=\"og:site_name\" content=\"Ora\u00e7\u00e3o e F\u00e9\" \/>\n<meta property=\"article:published_time\" content=\"2024-07-17T04:00:00+00:00\" \/>\n<meta property=\"article:modified_time\" content=\"2025-06-15T18:15:30+00:00\" \/>\n<meta property=\"og:image\" content=\"https:\/\/www.oracaoefe.com\/wp-content\/uploads\/2024\/07\/image-5.png\" \/>\n\t<meta property=\"og:image:width\" content=\"740\" \/>\n\t<meta property=\"og:image:height\" content=\"493\" \/>\n\t<meta property=\"og:image:type\" content=\"image\/png\" \/>\n<meta name=\"author\" content=\"Michele Azevedo\" \/>\n<meta name=\"twitter:card\" content=\"summary_large_image\" \/>\n<meta name=\"twitter:label1\" content=\"\u00c9crit par\" \/>\n\t<meta name=\"twitter:data1\" content=\"Michele Azevedo\" \/>\n\t<meta name=\"twitter:label2\" content=\"Dur\u00e9e de lecture estim\u00e9e\" \/>\n\t<meta name=\"twitter:data2\" content=\"5 minutes\" \/>\n<script type=\"application\/ld+json\" class=\"yoast-schema-graph\">{\"@context\":\"https:\\\/\\\/schema.org\",\"@graph\":[{\"@type\":\"Article\",\"@id\":\"https:\\\/\\\/www.oracaoefe.com\\\/o-que-a-biblia-diz-sobre-o-preconceito-entenda-a-conduta-negativa\\\/#article\",\"isPartOf\":{\"@id\":\"https:\\\/\\\/www.oracaoefe.com\\\/o-que-a-biblia-diz-sobre-o-preconceito-entenda-a-conduta-negativa\\\/\"},\"author\":{\"name\":\"Michele Azevedo\",\"@id\":\"https:\\\/\\\/www.oracaoefe.com\\\/#\\\/schema\\\/person\\\/17283c669442cf005c4d5bb58adfb7f5\"},\"headline\":\"O que a B\u00edblia diz sobre o preconceito? Entenda a conduta negativa\",\"datePublished\":\"2024-07-17T04:00:00+00:00\",\"dateModified\":\"2025-06-15T18:15:30+00:00\",\"mainEntityOfPage\":{\"@id\":\"https:\\\/\\\/www.oracaoefe.com\\\/o-que-a-biblia-diz-sobre-o-preconceito-entenda-a-conduta-negativa\\\/\"},\"wordCount\":981,\"image\":{\"@id\":\"https:\\\/\\\/www.oracaoefe.com\\\/o-que-a-biblia-diz-sobre-o-preconceito-entenda-a-conduta-negativa\\\/#primaryimage\"},\"thumbnailUrl\":\"https:\\\/\\\/www.oracaoefe.com\\\/wp-content\\\/uploads\\\/2024\\\/07\\\/image-5.png\",\"keywords\":[\"Biblia\",\"preconceito\"],\"articleSection\":[\"F\u00e9\"],\"inLanguage\":\"fr-FR\"},{\"@type\":\"WebPage\",\"@id\":\"https:\\\/\\\/www.oracaoefe.com\\\/o-que-a-biblia-diz-sobre-o-preconceito-entenda-a-conduta-negativa\\\/\",\"url\":\"https:\\\/\\\/www.oracaoefe.com\\\/o-que-a-biblia-diz-sobre-o-preconceito-entenda-a-conduta-negativa\\\/\",\"name\":\"O que a B\u00edblia diz sobre o preconceito? Entenda a conduta negativa - Ora\u00e7\u00e3o e F\u00e9\",\"isPartOf\":{\"@id\":\"https:\\\/\\\/www.oracaoefe.com\\\/#website\"},\"primaryImageOfPage\":{\"@id\":\"https:\\\/\\\/www.oracaoefe.com\\\/o-que-a-biblia-diz-sobre-o-preconceito-entenda-a-conduta-negativa\\\/#primaryimage\"},\"image\":{\"@id\":\"https:\\\/\\\/www.oracaoefe.com\\\/o-que-a-biblia-diz-sobre-o-preconceito-entenda-a-conduta-negativa\\\/#primaryimage\"},\"thumbnailUrl\":\"https:\\\/\\\/www.oracaoefe.com\\\/wp-content\\\/uploads\\\/2024\\\/07\\\/image-5.png\",\"datePublished\":\"2024-07-17T04:00:00+00:00\",\"dateModified\":\"2025-06-15T18:15:30+00:00\",\"author\":{\"@id\":\"https:\\\/\\\/www.oracaoefe.com\\\/#\\\/schema\\\/person\\\/17283c669442cf005c4d5bb58adfb7f5\"},\"description\":\"Deus tem pra voc\u00ea uma palavra de vida!\",\"breadcrumb\":{\"@id\":\"https:\\\/\\\/www.oracaoefe.com\\\/o-que-a-biblia-diz-sobre-o-preconceito-entenda-a-conduta-negativa\\\/#breadcrumb\"},\"inLanguage\":\"fr-FR\",\"potentialAction\":[{\"@type\":\"ReadAction\",\"target\":[\"https:\\\/\\\/www.oracaoefe.com\\\/o-que-a-biblia-diz-sobre-o-preconceito-entenda-a-conduta-negativa\\\/\"]}]},{\"@type\":\"ImageObject\",\"inLanguage\":\"fr-FR\",\"@id\":\"https:\\\/\\\/www.oracaoefe.com\\\/o-que-a-biblia-diz-sobre-o-preconceito-entenda-a-conduta-negativa\\\/#primaryimage\",\"url\":\"https:\\\/\\\/www.oracaoefe.com\\\/wp-content\\\/uploads\\\/2024\\\/07\\\/image-5.png\",\"contentUrl\":\"https:\\\/\\\/www.oracaoefe.com\\\/wp-content\\\/uploads\\\/2024\\\/07\\\/image-5.png\",\"width\":740,\"height\":493},{\"@type\":\"BreadcrumbList\",\"@id\":\"https:\\\/\\\/www.oracaoefe.com\\\/o-que-a-biblia-diz-sobre-o-preconceito-entenda-a-conduta-negativa\\\/#breadcrumb\",\"itemListElement\":[{\"@type\":\"ListItem\",\"position\":1,\"name\":\"Home\",\"item\":\"https:\\\/\\\/www.oracaoefe.com\\\/\"},{\"@type\":\"ListItem\",\"position\":2,\"name\":\"O que a B\u00edblia diz sobre o preconceito? Entenda a conduta negativa\"}]},{\"@type\":\"WebSite\",\"@id\":\"https:\\\/\\\/www.oracaoefe.com\\\/#website\",\"url\":\"https:\\\/\\\/www.oracaoefe.com\\\/\",\"name\":\"Ora\u00e7\u00e3o e F\u00e9\",\"description\":\"\",\"potentialAction\":[{\"@type\":\"SearchAction\",\"target\":{\"@type\":\"EntryPoint\",\"urlTemplate\":\"https:\\\/\\\/www.oracaoefe.com\\\/?s={search_term_string}\"},\"query-input\":{\"@type\":\"PropertyValueSpecification\",\"valueRequired\":true,\"valueName\":\"search_term_string\"}}],\"inLanguage\":\"fr-FR\"},{\"@type\":\"Person\",\"@id\":\"https:\\\/\\\/www.oracaoefe.com\\\/#\\\/schema\\\/person\\\/17283c669442cf005c4d5bb58adfb7f5\",\"name\":\"Michele Azevedo\",\"image\":{\"@type\":\"ImageObject\",\"inLanguage\":\"fr-FR\",\"@id\":\"https:\\\/\\\/secure.gravatar.com\\\/avatar\\\/6b0eb9d22841282815e2cd856a0061c45e1761cd54b22e952d98c4746939aa85?s=96&d=mm&r=g\",\"url\":\"https:\\\/\\\/secure.gravatar.com\\\/avatar\\\/6b0eb9d22841282815e2cd856a0061c45e1761cd54b22e952d98c4746939aa85?s=96&d=mm&r=g\",\"contentUrl\":\"https:\\\/\\\/secure.gravatar.com\\\/avatar\\\/6b0eb9d22841282815e2cd856a0061c45e1761cd54b22e952d98c4746939aa85?s=96&d=mm&r=g\",\"caption\":\"Michele Azevedo\"},\"description\":\"Formada em Letras - Portugu\u00eas\\\/ Ingl\u00eas pela Universidade Estadual de Ponta Grossa (UEPG), p\u00f3s-graduada em Arte na Educa\u00e7\u00e3o (FAPI) e Psicopedagogia Escolar (FAPI), idealizadora e propriet\u00e1ria do site Escritora de Sucesso, possui experi\u00eancia em escrita para blogs em geral e atua como redatora e revisora dos conte\u00fados do Ora\u00e7\u00e3o e F\u00e9.\",\"url\":\"https:\\\/\\\/www.oracaoefe.com\\\/fr\\\/author\\\/michele-azevedo\\\/\"}]}<\/script>\n<!-- \/ Yoast SEO plugin. -->","yoast_head_json":{"title":"O que a B\u00edblia diz sobre o preconceito? Entenda a conduta negativa - Ora\u00e7\u00e3o e F\u00e9","description":"Dieu a une parole de vie pour vous !","robots":{"index":"index","follow":"follow","max-snippet":"max-snippet:-1","max-image-preview":"max-image-preview:large","max-video-preview":"max-video-preview:-1"},"canonical":"https:\/\/www.oracaoefe.com\/fr\/o-que-a-biblia-diz-sobre-o-preconceito-entenda-a-conduta-negativa\/","og_locale":"fr_FR","og_type":"article","og_title":"O que a B\u00edblia diz sobre o preconceito? Entenda a conduta negativa - Ora\u00e7\u00e3o e F\u00e9","og_description":"Deus tem pra voc\u00ea uma palavra de vida!","og_url":"https:\/\/www.oracaoefe.com\/fr\/o-que-a-biblia-diz-sobre-o-preconceito-entenda-a-conduta-negativa\/","og_site_name":"Ora\u00e7\u00e3o e F\u00e9","article_published_time":"2024-07-17T04:00:00+00:00","article_modified_time":"2025-06-15T18:15:30+00:00","og_image":[{"width":740,"height":493,"url":"https:\/\/www.oracaoefe.com\/wp-content\/uploads\/2024\/07\/image-5.png","type":"image\/png"}],"author":"Michele Azevedo","twitter_card":"summary_large_image","twitter_misc":{"\u00c9crit par":"Michele Azevedo","Dur\u00e9e de lecture estim\u00e9e":"5 minutes"},"schema":{"@context":"https:\/\/schema.org","@graph":[{"@type":"Article","@id":"https:\/\/www.oracaoefe.com\/o-que-a-biblia-diz-sobre-o-preconceito-entenda-a-conduta-negativa\/#article","isPartOf":{"@id":"https:\/\/www.oracaoefe.com\/o-que-a-biblia-diz-sobre-o-preconceito-entenda-a-conduta-negativa\/"},"author":{"name":"Michele Azevedo","@id":"https:\/\/www.oracaoefe.com\/#\/schema\/person\/17283c669442cf005c4d5bb58adfb7f5"},"headline":"O que a B\u00edblia diz sobre o preconceito? Entenda a conduta negativa","datePublished":"2024-07-17T04:00:00+00:00","dateModified":"2025-06-15T18:15:30+00:00","mainEntityOfPage":{"@id":"https:\/\/www.oracaoefe.com\/o-que-a-biblia-diz-sobre-o-preconceito-entenda-a-conduta-negativa\/"},"wordCount":981,"image":{"@id":"https:\/\/www.oracaoefe.com\/o-que-a-biblia-diz-sobre-o-preconceito-entenda-a-conduta-negativa\/#primaryimage"},"thumbnailUrl":"https:\/\/www.oracaoefe.com\/wp-content\/uploads\/2024\/07\/image-5.png","keywords":["Biblia","preconceito"],"articleSection":["F\u00e9"],"inLanguage":"fr-FR"},{"@type":"WebPage","@id":"https:\/\/www.oracaoefe.com\/o-que-a-biblia-diz-sobre-o-preconceito-entenda-a-conduta-negativa\/","url":"https:\/\/www.oracaoefe.com\/o-que-a-biblia-diz-sobre-o-preconceito-entenda-a-conduta-negativa\/","name":"O que a B\u00edblia diz sobre o preconceito? Entenda a conduta negativa - Ora\u00e7\u00e3o e F\u00e9","isPartOf":{"@id":"https:\/\/www.oracaoefe.com\/#website"},"primaryImageOfPage":{"@id":"https:\/\/www.oracaoefe.com\/o-que-a-biblia-diz-sobre-o-preconceito-entenda-a-conduta-negativa\/#primaryimage"},"image":{"@id":"https:\/\/www.oracaoefe.com\/o-que-a-biblia-diz-sobre-o-preconceito-entenda-a-conduta-negativa\/#primaryimage"},"thumbnailUrl":"https:\/\/www.oracaoefe.com\/wp-content\/uploads\/2024\/07\/image-5.png","datePublished":"2024-07-17T04:00:00+00:00","dateModified":"2025-06-15T18:15:30+00:00","author":{"@id":"https:\/\/www.oracaoefe.com\/#\/schema\/person\/17283c669442cf005c4d5bb58adfb7f5"},"description":"Dieu a une parole de vie pour vous !","breadcrumb":{"@id":"https:\/\/www.oracaoefe.com\/o-que-a-biblia-diz-sobre-o-preconceito-entenda-a-conduta-negativa\/#breadcrumb"},"inLanguage":"fr-FR","potentialAction":[{"@type":"ReadAction","target":["https:\/\/www.oracaoefe.com\/o-que-a-biblia-diz-sobre-o-preconceito-entenda-a-conduta-negativa\/"]}]},{"@type":"ImageObject","inLanguage":"fr-FR","@id":"https:\/\/www.oracaoefe.com\/o-que-a-biblia-diz-sobre-o-preconceito-entenda-a-conduta-negativa\/#primaryimage","url":"https:\/\/www.oracaoefe.com\/wp-content\/uploads\/2024\/07\/image-5.png","contentUrl":"https:\/\/www.oracaoefe.com\/wp-content\/uploads\/2024\/07\/image-5.png","width":740,"height":493},{"@type":"BreadcrumbList","@id":"https:\/\/www.oracaoefe.com\/o-que-a-biblia-diz-sobre-o-preconceito-entenda-a-conduta-negativa\/#breadcrumb","itemListElement":[{"@type":"ListItem","position":1,"name":"Home","item":"https:\/\/www.oracaoefe.com\/"},{"@type":"ListItem","position":2,"name":"O que a B\u00edblia diz sobre o preconceito? Entenda a conduta negativa"}]},{"@type":"WebSite","@id":"https:\/\/www.oracaoefe.com\/#website","url":"https:\/\/www.oracaoefe.com\/","name":"Pri\u00e8re et foi","description":"","potentialAction":[{"@type":"SearchAction","target":{"@type":"EntryPoint","urlTemplate":"https:\/\/www.oracaoefe.com\/?s={search_term_string}"},"query-input":{"@type":"PropertyValueSpecification","valueRequired":true,"valueName":"search_term_string"}}],"inLanguage":"fr-FR"},{"@type":"Person","@id":"https:\/\/www.oracaoefe.com\/#\/schema\/person\/17283c669442cf005c4d5bb58adfb7f5","name":"Michele Azevedo","image":{"@type":"ImageObject","inLanguage":"fr-FR","@id":"https:\/\/secure.gravatar.com\/avatar\/6b0eb9d22841282815e2cd856a0061c45e1761cd54b22e952d98c4746939aa85?s=96&d=mm&r=g","url":"https:\/\/secure.gravatar.com\/avatar\/6b0eb9d22841282815e2cd856a0061c45e1761cd54b22e952d98c4746939aa85?s=96&d=mm&r=g","contentUrl":"https:\/\/secure.gravatar.com\/avatar\/6b0eb9d22841282815e2cd856a0061c45e1761cd54b22e952d98c4746939aa85?s=96&d=mm&r=g","caption":"Michele Azevedo"},"description":"Dipl\u00f4m\u00e9e en litt\u00e9rature portugaise\/anglaise de l&#039;Universit\u00e9 d&#039;\u00c9tat de Ponta Grossa (UEPG), avec des dipl\u00f4mes de troisi\u00e8me cycle en art dans l&#039;\u00e9ducation (FAPI) et en psychop\u00e9dagogie scolaire (FAPI), elle est la cr\u00e9atrice et propri\u00e9taire du site web Escritora de Sucesso, a de l&#039;exp\u00e9rience dans l&#039;\u00e9criture pour les blogs en g\u00e9n\u00e9ral et travaille comme r\u00e9dactrice et \u00e9ditrice du contenu pour Ora\u00e7\u00e3o e F\u00e9.","url":"https:\/\/www.oracaoefe.com\/fr\/author\/michele-azevedo\/"}]}},"_links":{"self":[{"href":"https:\/\/www.oracaoefe.com\/fr\/wp-json\/wp\/v2\/posts\/2928","targetHints":{"allow":["GET"]}}],"collection":[{"href":"https:\/\/www.oracaoefe.com\/fr\/wp-json\/wp\/v2\/posts"}],"about":[{"href":"https:\/\/www.oracaoefe.com\/fr\/wp-json\/wp\/v2\/types\/post"}],"author":[{"embeddable":true,"href":"https:\/\/www.oracaoefe.com\/fr\/wp-json\/wp\/v2\/users\/3"}],"replies":[{"embeddable":true,"href":"https:\/\/www.oracaoefe.com\/fr\/wp-json\/wp\/v2\/comments?post=2928"}],"version-history":[{"count":2,"href":"https:\/\/www.oracaoefe.com\/fr\/wp-json\/wp\/v2\/posts\/2928\/revisions"}],"predecessor-version":[{"id":2941,"href":"https:\/\/www.oracaoefe.com\/fr\/wp-json\/wp\/v2\/posts\/2928\/revisions\/2941"}],"wp:featuredmedia":[{"embeddable":true,"href":"https:\/\/www.oracaoefe.com\/fr\/wp-json\/wp\/v2\/media\/2940"}],"wp:attachment":[{"href":"https:\/\/www.oracaoefe.com\/fr\/wp-json\/wp\/v2\/media?parent=2928"}],"wp:term":[{"taxonomy":"category","embeddable":true,"href":"https:\/\/www.oracaoefe.com\/fr\/wp-json\/wp\/v2\/categories?post=2928"},{"taxonomy":"post_tag","embeddable":true,"href":"https:\/\/www.oracaoefe.com\/fr\/wp-json\/wp\/v2\/tags?post=2928"}],"curies":[{"name":"wp","href":"https:\/\/api.w.org\/{rel}","templated":true}]}}