{"id":2926,"date":"2024-07-14T01:00:00","date_gmt":"2024-07-14T04:00:00","guid":{"rendered":"https:\/\/www.oracaoefe.com\/?p=2926"},"modified":"2024-07-02T20:41:37","modified_gmt":"2024-07-02T23:41:37","slug":"3-opcoes-de-oracao-para-proteger-os-filhos-de-perigos","status":"publish","type":"post","link":"https:\/\/www.oracaoefe.com\/fr\/3-opcoes-de-oracao-para-proteger-os-filhos-de-perigos\/","title":{"rendered":"3 op\u00e7\u00f5es de ora\u00e7\u00e3o para proteger os filhos de perigos"},"content":{"rendered":"<p class=\"wp-block-paragraph\">Quando se trata da seguran\u00e7a e prote\u00e7\u00e3o dos nossos filhos, todos os pais desejam o melhor. No entanto, nem sempre temos controle sobre todos os aspectos da vida deles. Diante disso, muitos pais recorrem \u00e0 f\u00e9 e \u00e0 ora\u00e7\u00e3o como uma forma de buscar prote\u00e7\u00e3o divina para seus filhos.&nbsp;<\/p>\n\n\n\n<h2 class=\"wp-block-heading\">O poder da ora\u00e7\u00e3o na prote\u00e7\u00e3o dos filhos<\/h2>\n\n\n\n<p class=\"wp-block-paragraph\">A ora\u00e7\u00e3o \u00e9 uma pr\u00e1tica espiritual profundamente pessoal e significativa para muitas pessoas ao redor do mundo. Ela n\u00e3o apenas fortalece nossa conex\u00e3o com o divino, mas tamb\u00e9m \u00e9 vista como um meio de solicitar ajuda, orienta\u00e7\u00e3o e prote\u00e7\u00e3o para aqueles que amamos, especialmente os filhos.&nbsp;<\/p>\n\n\n\n<p class=\"wp-block-paragraph\">Independentemente de sua cren\u00e7a espec\u00edfica, a ideia de dirigir inten\u00e7\u00f5es positivas e pedidos de prote\u00e7\u00e3o atrav\u00e9s da ora\u00e7\u00e3o \u00e9 uma pr\u00e1tica comum e reconfortante para muitos pais.<\/p>\n\n\n\n<figure class=\"wp-block-image size-full is-resized\"><img loading=\"lazy\" decoding=\"async\" width=\"740\" height=\"493\" src=\"https:\/\/www.oracaoefe.com\/wp-content\/uploads\/2024\/07\/image-4.png\" alt=\"\" class=\"wp-image-2938\" style=\"width:840px;height:auto\" srcset=\"https:\/\/www.oracaoefe.com\/wp-content\/uploads\/2024\/07\/image-4.png 740w, https:\/\/www.oracaoefe.com\/wp-content\/uploads\/2024\/07\/image-4-300x200.png 300w, https:\/\/www.oracaoefe.com\/wp-content\/uploads\/2024\/07\/image-4-18x12.png 18w\" sizes=\"auto, (max-width: 740px) 100vw, 740px\" \/><\/figure>\n\n\n\n<h3 class=\"wp-block-heading\">Ora\u00e7\u00e3o de S\u00e3o Miguel Arcanjo<\/h3>\n\n\n\n<p class=\"wp-block-paragraph\">Uma das ora\u00e7\u00f5es mais reverenciadas para prote\u00e7\u00e3o \u00e9 a Ora\u00e7\u00e3o de S\u00e3o Miguel Arcanjo. S\u00e3o Miguel \u00e9 considerado um dos mais poderosos defensores contra o mal e, portanto, suas preces s\u00e3o frequentemente invocadas em momentos de necessidade extrema, especialmente para proteger os filhos contra influ\u00eancias negativas e perigos f\u00edsicos ou espirituais.<\/p>\n\n\n\n<p class=\"wp-block-paragraph\"><em>&#8220;S\u00e3o Miguel Arcanjo, defendei-nos no combate; sede nosso aux\u00edlio contra as maldades e ciladas do dem\u00f4nio.&nbsp;<\/em><\/p>\n\n\n\n<p class=\"wp-block-paragraph\"><em>Que Deus manifeste seu poder sobre ele, n\u00f3s humildemente vos pedimos;&nbsp;<\/em><\/p>\n\n\n\n<p class=\"wp-block-paragraph\"><em>e v\u00f3s, pr\u00edncipe da mil\u00edcia celeste, pelo divino poder, precipitai no inferno a satan\u00e1s e aos outros esp\u00edritos malignos que andam pelo mundo para perder as almas.&nbsp;<\/em><\/p>\n\n\n\n<p class=\"wp-block-paragraph\"><em>Am\u00e9m.&#8221;<\/em><\/p>\n\n\n\n<p class=\"wp-block-paragraph\">Esta ora\u00e7\u00e3o \u00e9 uma poderosa invoca\u00e7\u00e3o para prote\u00e7\u00e3o espiritual, buscando o aux\u00edlio divino atrav\u00e9s da intercess\u00e3o de S\u00e3o Miguel Arcanjo, que \u00e9 tradicionalmente visto como o guardi\u00e3o contra o mal e os perigos espirituais que possam afetar nossos filhos.<\/p>\n\n\n\n<h3 class=\"wp-block-heading\">Ora\u00e7\u00e3o a Nossa Senhora Desatadora dos N\u00f3s<\/h3>\n\n\n\n<p class=\"wp-block-paragraph\">Outra figura venerada na tradi\u00e7\u00e3o cat\u00f3lica \u00e9 Nossa Senhora Desatadora dos N\u00f3s, conhecida por sua intercess\u00e3o em quest\u00f5es dif\u00edceis e problemas complicados da vida. Esta ora\u00e7\u00e3o \u00e9 particularmente \u00fatil para pais que desejam proteger seus filhos de situa\u00e7\u00f5es dif\u00edceis e desafios emocionais ou espirituais.<\/p>\n\n\n\n<p class=\"wp-block-paragraph\"><em>&#8220;\u00d3 Maria, Desatadora dos N\u00f3s, m\u00e3e amorosa, eu venho a ti em busca de tua prote\u00e7\u00e3o para meus filhos.&nbsp;<\/em><\/p>\n\n\n\n<p class=\"wp-block-paragraph\"><em>Intercede por eles diante de teu Filho, para que sejam guardados de todos os males e perigos que os cercam.&nbsp;<\/em><\/p>\n\n\n\n<p class=\"wp-block-paragraph\"><em>Que tua bondade maternal os envolva e tua intercess\u00e3o os proteja sempre.&nbsp;<\/em><\/p>\n\n\n\n<p class=\"wp-block-paragraph\"><em>Am\u00e9m.&#8221;<\/em><\/p>\n\n\n\n<p class=\"wp-block-paragraph\">Essa ora\u00e7\u00e3o enfatiza a confian\u00e7a na intercess\u00e3o materna de Maria e sua capacidade de desfazer n\u00f3s e as dificuldades que possam surgir no caminho dos filhos, proporcionando-lhes seguran\u00e7a e prote\u00e7\u00e3o espiritual.<\/p>\n\n\n\n<h3 class=\"wp-block-heading\">Ora\u00e7\u00e3o de gratid\u00e3o e prote\u00e7\u00e3o<\/h3>\n\n\n\n<p class=\"wp-block-paragraph\">Al\u00e9m das ora\u00e7\u00f5es espec\u00edficas para figuras religiosas, muitos pais tamb\u00e9m optam por criar suas pr\u00f3prias preces pessoais, expressando gratid\u00e3o e pedindo prote\u00e7\u00e3o divina de uma maneira mais pessoal e direta.&nbsp;<\/p>\n\n\n\n<p class=\"wp-block-paragraph\">Essas ora\u00e7\u00f5es podem ser feitas de forma espont\u00e2nea ou estruturada, conforme a necessidade e o desejo de cada indiv\u00edduo.<\/p>\n\n\n\n<p class=\"wp-block-paragraph\"><em>&#8220;Querido Deus, sou imensamente grato pelo presente de meus filhos.&nbsp;<\/em><\/p>\n\n\n\n<p class=\"wp-block-paragraph\"><em>Pe\u00e7o que os protejas todos os dias, guardando-os de todo mal f\u00edsico, emocional e espiritual. Concede-lhes discernimento para fazer escolhas s\u00e1bias e coragem para enfrentar desafios. Que tua luz os guie sempre, e tua paz os envolva em todos os momentos.&nbsp;<\/em><\/p>\n\n\n\n<p class=\"wp-block-paragraph\"><em>Am\u00e9m.&#8221;<\/em><\/p>\n\n\n\n<p class=\"wp-block-paragraph\">Esta ora\u00e7\u00e3o reflete a conex\u00e3o pessoal com o divino, combinando gratid\u00e3o com uma s\u00faplica por prote\u00e7\u00e3o constante e orienta\u00e7\u00e3o para os filhos.<\/p>\n\n\n\n<h2 class=\"wp-block-heading\">Invocando a prote\u00e7\u00e3o divina<\/h2>\n\n\n\n<p class=\"wp-block-paragraph\">A pr\u00e1tica da ora\u00e7\u00e3o como meio de proteger os filhos \u00e9 profundamente significativa para muitos pais em todo o mundo. Seja atrav\u00e9s de ora\u00e7\u00f5es tradicionais como a de S\u00e3o Miguel Arcanjo e Nossa Senhora Desatadora dos N\u00f3s, ou atrav\u00e9s de preces pessoais e espont\u00e2neas, a inten\u00e7\u00e3o \u00e9 a mesma: invocar a prote\u00e7\u00e3o divina para os nossos amados filhos.&nbsp;<\/p>\n\n\n\n<p class=\"wp-block-paragraph\">Ao confiar em pr\u00e1ticas espirituais que transcendem as preocupa\u00e7\u00f5es terrenas, os pais encontram conforto na cren\u00e7a de que seus filhos est\u00e3o sendo cuidados e protegidos por algo maior do que eles mesmos. Que essas ora\u00e7\u00f5es n\u00e3o apenas fortale\u00e7am nossa f\u00e9, mas tamb\u00e9m promovam um sentimento de seguran\u00e7a e paz para as fam\u00edlias em suas jornadas di\u00e1rias.<\/p>\n\n\n\n<p class=\"wp-block-paragraph\"><p><strong>Voir aussi\u00a0: <a href=\"https:\/\/www.oracaoefe.com\/fr\/oracao-para-protecao-e-saude-ao-longo-da-gravidez\/\">Ora\u00e7\u00e3o para prote\u00e7\u00e3o e sa\u00fade ao longo da gravidez<\/a><\/strong><\/p><\/p>\n\n\n\n<p class=\"wp-block-paragraph\"><p>14 de julho de 2024<\/p><\/p>","protected":false},"excerpt":{"rendered":"<p>Quando se trata da seguran\u00e7a e prote\u00e7\u00e3o dos nossos filhos, todos os pais desejam o melhor. No entanto, nem sempre temos controle sobre todos os aspectos da vida deles. Diante disso, muitos pais recorrem \u00e0 f\u00e9 e \u00e0 ora\u00e7\u00e3o como uma forma de buscar prote\u00e7\u00e3o divina para seus filhos.&nbsp; O poder da ora\u00e7\u00e3o na prote\u00e7\u00e3o&hellip;&nbsp;<\/p>","protected":false},"author":3,"featured_media":2938,"comment_status":"closed","ping_status":"closed","sticky":false,"template":"","format":"standard","meta":{"neve_meta_sidebar":"","neve_meta_container":"","neve_meta_enable_content_width":"","neve_meta_content_width":0,"neve_meta_title_alignment":"","neve_meta_author_avatar":"","neve_post_elements_order":"","neve_meta_disable_header":"","neve_meta_disable_footer":"","neve_meta_disable_title":"","footnotes":""},"categories":[2],"tags":[],"class_list":["post-2926","post","type-post","status-publish","format-standard","has-post-thumbnail","hentry","category-oracao"],"yoast_head":"<!-- This site is optimized with the Yoast SEO plugin v28.4 - https:\/\/yoast.com\/product\/yoast-seo-wordpress\/ -->\n<title>3 op\u00e7\u00f5es de ora\u00e7\u00e3o para proteger os filhos de perigos - Ora\u00e7\u00e3o e F\u00e9<\/title>\n<meta name=\"description\" content=\"Deus tem pra voc\u00ea uma palavra de vida!\" \/>\n<meta name=\"robots\" content=\"index, follow, max-snippet:-1, max-image-preview:large, max-video-preview:-1\" \/>\n<link rel=\"canonical\" href=\"https:\/\/www.oracaoefe.com\/fr\/3-opcoes-de-oracao-para-proteger-os-filhos-de-perigos\/\" \/>\n<meta property=\"og:locale\" content=\"fr_FR\" \/>\n<meta property=\"og:type\" content=\"article\" \/>\n<meta property=\"og:title\" content=\"3 op\u00e7\u00f5es de ora\u00e7\u00e3o para proteger os filhos de perigos - Ora\u00e7\u00e3o e F\u00e9\" \/>\n<meta property=\"og:description\" content=\"Deus tem pra voc\u00ea uma palavra de vida!\" \/>\n<meta property=\"og:url\" content=\"https:\/\/www.oracaoefe.com\/fr\/3-opcoes-de-oracao-para-proteger-os-filhos-de-perigos\/\" \/>\n<meta property=\"og:site_name\" content=\"Ora\u00e7\u00e3o e F\u00e9\" \/>\n<meta property=\"article:published_time\" content=\"2024-07-14T04:00:00+00:00\" \/>\n<meta property=\"og:image\" content=\"https:\/\/www.oracaoefe.com\/wp-content\/uploads\/2024\/07\/image-4.png\" \/>\n\t<meta property=\"og:image:width\" content=\"740\" \/>\n\t<meta property=\"og:image:height\" content=\"493\" \/>\n\t<meta property=\"og:image:type\" content=\"image\/png\" \/>\n<meta name=\"author\" content=\"Michele Azevedo\" \/>\n<meta name=\"twitter:card\" content=\"summary_large_image\" \/>\n<meta name=\"twitter:label1\" content=\"\u00c9crit par\" \/>\n\t<meta name=\"twitter:data1\" content=\"Michele Azevedo\" \/>\n\t<meta name=\"twitter:label2\" content=\"Dur\u00e9e de lecture estim\u00e9e\" \/>\n\t<meta name=\"twitter:data2\" content=\"4 minutes\" \/>\n<script type=\"application\/ld+json\" class=\"yoast-schema-graph\">{\"@context\":\"https:\\\/\\\/schema.org\",\"@graph\":[{\"@type\":\"Article\",\"@id\":\"https:\\\/\\\/www.oracaoefe.com\\\/3-opcoes-de-oracao-para-proteger-os-filhos-de-perigos\\\/#article\",\"isPartOf\":{\"@id\":\"https:\\\/\\\/www.oracaoefe.com\\\/3-opcoes-de-oracao-para-proteger-os-filhos-de-perigos\\\/\"},\"author\":{\"name\":\"Michele Azevedo\",\"@id\":\"https:\\\/\\\/www.oracaoefe.com\\\/#\\\/schema\\\/person\\\/17283c669442cf005c4d5bb58adfb7f5\"},\"headline\":\"3 op\u00e7\u00f5es de ora\u00e7\u00e3o para proteger os filhos de perigos\",\"datePublished\":\"2024-07-14T04:00:00+00:00\",\"mainEntityOfPage\":{\"@id\":\"https:\\\/\\\/www.oracaoefe.com\\\/3-opcoes-de-oracao-para-proteger-os-filhos-de-perigos\\\/\"},\"wordCount\":802,\"image\":{\"@id\":\"https:\\\/\\\/www.oracaoefe.com\\\/3-opcoes-de-oracao-para-proteger-os-filhos-de-perigos\\\/#primaryimage\"},\"thumbnailUrl\":\"https:\\\/\\\/www.oracaoefe.com\\\/wp-content\\\/uploads\\\/2024\\\/07\\\/image-4.png\",\"articleSection\":[\"Ora\u00e7\u00e3o\"],\"inLanguage\":\"fr-FR\"},{\"@type\":\"WebPage\",\"@id\":\"https:\\\/\\\/www.oracaoefe.com\\\/3-opcoes-de-oracao-para-proteger-os-filhos-de-perigos\\\/\",\"url\":\"https:\\\/\\\/www.oracaoefe.com\\\/3-opcoes-de-oracao-para-proteger-os-filhos-de-perigos\\\/\",\"name\":\"3 op\u00e7\u00f5es de ora\u00e7\u00e3o para proteger os filhos de perigos - Ora\u00e7\u00e3o e F\u00e9\",\"isPartOf\":{\"@id\":\"https:\\\/\\\/www.oracaoefe.com\\\/#website\"},\"primaryImageOfPage\":{\"@id\":\"https:\\\/\\\/www.oracaoefe.com\\\/3-opcoes-de-oracao-para-proteger-os-filhos-de-perigos\\\/#primaryimage\"},\"image\":{\"@id\":\"https:\\\/\\\/www.oracaoefe.com\\\/3-opcoes-de-oracao-para-proteger-os-filhos-de-perigos\\\/#primaryimage\"},\"thumbnailUrl\":\"https:\\\/\\\/www.oracaoefe.com\\\/wp-content\\\/uploads\\\/2024\\\/07\\\/image-4.png\",\"datePublished\":\"2024-07-14T04:00:00+00:00\",\"author\":{\"@id\":\"https:\\\/\\\/www.oracaoefe.com\\\/#\\\/schema\\\/person\\\/17283c669442cf005c4d5bb58adfb7f5\"},\"description\":\"Deus tem pra voc\u00ea uma palavra de vida!\",\"breadcrumb\":{\"@id\":\"https:\\\/\\\/www.oracaoefe.com\\\/3-opcoes-de-oracao-para-proteger-os-filhos-de-perigos\\\/#breadcrumb\"},\"inLanguage\":\"fr-FR\",\"potentialAction\":[{\"@type\":\"ReadAction\",\"target\":[\"https:\\\/\\\/www.oracaoefe.com\\\/3-opcoes-de-oracao-para-proteger-os-filhos-de-perigos\\\/\"]}]},{\"@type\":\"ImageObject\",\"inLanguage\":\"fr-FR\",\"@id\":\"https:\\\/\\\/www.oracaoefe.com\\\/3-opcoes-de-oracao-para-proteger-os-filhos-de-perigos\\\/#primaryimage\",\"url\":\"https:\\\/\\\/www.oracaoefe.com\\\/wp-content\\\/uploads\\\/2024\\\/07\\\/image-4.png\",\"contentUrl\":\"https:\\\/\\\/www.oracaoefe.com\\\/wp-content\\\/uploads\\\/2024\\\/07\\\/image-4.png\",\"width\":740,\"height\":493},{\"@type\":\"BreadcrumbList\",\"@id\":\"https:\\\/\\\/www.oracaoefe.com\\\/3-opcoes-de-oracao-para-proteger-os-filhos-de-perigos\\\/#breadcrumb\",\"itemListElement\":[{\"@type\":\"ListItem\",\"position\":1,\"name\":\"Home\",\"item\":\"https:\\\/\\\/www.oracaoefe.com\\\/\"},{\"@type\":\"ListItem\",\"position\":2,\"name\":\"Ora\u00e7\u00e3o\",\"item\":\"https:\\\/\\\/www.oracaoefe.com\\\/category\\\/oracao\\\/\"},{\"@type\":\"ListItem\",\"position\":3,\"name\":\"3 op\u00e7\u00f5es de ora\u00e7\u00e3o para proteger os filhos de perigos\"}]},{\"@type\":\"WebSite\",\"@id\":\"https:\\\/\\\/www.oracaoefe.com\\\/#website\",\"url\":\"https:\\\/\\\/www.oracaoefe.com\\\/\",\"name\":\"Ora\u00e7\u00e3o e F\u00e9\",\"description\":\"\",\"potentialAction\":[{\"@type\":\"SearchAction\",\"target\":{\"@type\":\"EntryPoint\",\"urlTemplate\":\"https:\\\/\\\/www.oracaoefe.com\\\/?s={search_term_string}\"},\"query-input\":{\"@type\":\"PropertyValueSpecification\",\"valueRequired\":true,\"valueName\":\"search_term_string\"}}],\"inLanguage\":\"fr-FR\"},{\"@type\":\"Person\",\"@id\":\"https:\\\/\\\/www.oracaoefe.com\\\/#\\\/schema\\\/person\\\/17283c669442cf005c4d5bb58adfb7f5\",\"name\":\"Michele Azevedo\",\"image\":{\"@type\":\"ImageObject\",\"inLanguage\":\"fr-FR\",\"@id\":\"https:\\\/\\\/secure.gravatar.com\\\/avatar\\\/6b0eb9d22841282815e2cd856a0061c45e1761cd54b22e952d98c4746939aa85?s=96&d=mm&r=g\",\"url\":\"https:\\\/\\\/secure.gravatar.com\\\/avatar\\\/6b0eb9d22841282815e2cd856a0061c45e1761cd54b22e952d98c4746939aa85?s=96&d=mm&r=g\",\"contentUrl\":\"https:\\\/\\\/secure.gravatar.com\\\/avatar\\\/6b0eb9d22841282815e2cd856a0061c45e1761cd54b22e952d98c4746939aa85?s=96&d=mm&r=g\",\"caption\":\"Michele Azevedo\"},\"description\":\"Formada em Letras - Portugu\u00eas\\\/ Ingl\u00eas pela Universidade Estadual de Ponta Grossa (UEPG), p\u00f3s-graduada em Arte na Educa\u00e7\u00e3o (FAPI) e Psicopedagogia Escolar (FAPI), idealizadora e propriet\u00e1ria do site Escritora de Sucesso, possui experi\u00eancia em escrita para blogs em geral e atua como redatora e revisora dos conte\u00fados do Ora\u00e7\u00e3o e F\u00e9.\",\"url\":\"https:\\\/\\\/www.oracaoefe.com\\\/fr\\\/author\\\/michele-azevedo\\\/\"}]}<\/script>\n<!-- \/ Yoast SEO plugin. -->","yoast_head_json":{"title":"3 op\u00e7\u00f5es de ora\u00e7\u00e3o para proteger os filhos de perigos - Ora\u00e7\u00e3o e F\u00e9","description":"Dieu a une parole de vie pour vous !","robots":{"index":"index","follow":"follow","max-snippet":"max-snippet:-1","max-image-preview":"max-image-preview:large","max-video-preview":"max-video-preview:-1"},"canonical":"https:\/\/www.oracaoefe.com\/fr\/3-opcoes-de-oracao-para-proteger-os-filhos-de-perigos\/","og_locale":"fr_FR","og_type":"article","og_title":"3 op\u00e7\u00f5es de ora\u00e7\u00e3o para proteger os filhos de perigos - Ora\u00e7\u00e3o e F\u00e9","og_description":"Deus tem pra voc\u00ea uma palavra de vida!","og_url":"https:\/\/www.oracaoefe.com\/fr\/3-opcoes-de-oracao-para-proteger-os-filhos-de-perigos\/","og_site_name":"Ora\u00e7\u00e3o e F\u00e9","article_published_time":"2024-07-14T04:00:00+00:00","og_image":[{"width":740,"height":493,"url":"https:\/\/www.oracaoefe.com\/wp-content\/uploads\/2024\/07\/image-4.png","type":"image\/png"}],"author":"Michele Azevedo","twitter_card":"summary_large_image","twitter_misc":{"\u00c9crit par":"Michele Azevedo","Dur\u00e9e de lecture estim\u00e9e":"4 minutes"},"schema":{"@context":"https:\/\/schema.org","@graph":[{"@type":"Article","@id":"https:\/\/www.oracaoefe.com\/3-opcoes-de-oracao-para-proteger-os-filhos-de-perigos\/#article","isPartOf":{"@id":"https:\/\/www.oracaoefe.com\/3-opcoes-de-oracao-para-proteger-os-filhos-de-perigos\/"},"author":{"name":"Michele Azevedo","@id":"https:\/\/www.oracaoefe.com\/#\/schema\/person\/17283c669442cf005c4d5bb58adfb7f5"},"headline":"3 op\u00e7\u00f5es de ora\u00e7\u00e3o para proteger os filhos de perigos","datePublished":"2024-07-14T04:00:00+00:00","mainEntityOfPage":{"@id":"https:\/\/www.oracaoefe.com\/3-opcoes-de-oracao-para-proteger-os-filhos-de-perigos\/"},"wordCount":802,"image":{"@id":"https:\/\/www.oracaoefe.com\/3-opcoes-de-oracao-para-proteger-os-filhos-de-perigos\/#primaryimage"},"thumbnailUrl":"https:\/\/www.oracaoefe.com\/wp-content\/uploads\/2024\/07\/image-4.png","articleSection":["Ora\u00e7\u00e3o"],"inLanguage":"fr-FR"},{"@type":"WebPage","@id":"https:\/\/www.oracaoefe.com\/3-opcoes-de-oracao-para-proteger-os-filhos-de-perigos\/","url":"https:\/\/www.oracaoefe.com\/3-opcoes-de-oracao-para-proteger-os-filhos-de-perigos\/","name":"3 op\u00e7\u00f5es de ora\u00e7\u00e3o para proteger os filhos de perigos - Ora\u00e7\u00e3o e F\u00e9","isPartOf":{"@id":"https:\/\/www.oracaoefe.com\/#website"},"primaryImageOfPage":{"@id":"https:\/\/www.oracaoefe.com\/3-opcoes-de-oracao-para-proteger-os-filhos-de-perigos\/#primaryimage"},"image":{"@id":"https:\/\/www.oracaoefe.com\/3-opcoes-de-oracao-para-proteger-os-filhos-de-perigos\/#primaryimage"},"thumbnailUrl":"https:\/\/www.oracaoefe.com\/wp-content\/uploads\/2024\/07\/image-4.png","datePublished":"2024-07-14T04:00:00+00:00","author":{"@id":"https:\/\/www.oracaoefe.com\/#\/schema\/person\/17283c669442cf005c4d5bb58adfb7f5"},"description":"Dieu a une parole de vie pour vous !","breadcrumb":{"@id":"https:\/\/www.oracaoefe.com\/3-opcoes-de-oracao-para-proteger-os-filhos-de-perigos\/#breadcrumb"},"inLanguage":"fr-FR","potentialAction":[{"@type":"ReadAction","target":["https:\/\/www.oracaoefe.com\/3-opcoes-de-oracao-para-proteger-os-filhos-de-perigos\/"]}]},{"@type":"ImageObject","inLanguage":"fr-FR","@id":"https:\/\/www.oracaoefe.com\/3-opcoes-de-oracao-para-proteger-os-filhos-de-perigos\/#primaryimage","url":"https:\/\/www.oracaoefe.com\/wp-content\/uploads\/2024\/07\/image-4.png","contentUrl":"https:\/\/www.oracaoefe.com\/wp-content\/uploads\/2024\/07\/image-4.png","width":740,"height":493},{"@type":"BreadcrumbList","@id":"https:\/\/www.oracaoefe.com\/3-opcoes-de-oracao-para-proteger-os-filhos-de-perigos\/#breadcrumb","itemListElement":[{"@type":"ListItem","position":1,"name":"Home","item":"https:\/\/www.oracaoefe.com\/"},{"@type":"ListItem","position":2,"name":"Ora\u00e7\u00e3o","item":"https:\/\/www.oracaoefe.com\/category\/oracao\/"},{"@type":"ListItem","position":3,"name":"3 op\u00e7\u00f5es de ora\u00e7\u00e3o para proteger os filhos de perigos"}]},{"@type":"WebSite","@id":"https:\/\/www.oracaoefe.com\/#website","url":"https:\/\/www.oracaoefe.com\/","name":"Pri\u00e8re et foi","description":"","potentialAction":[{"@type":"SearchAction","target":{"@type":"EntryPoint","urlTemplate":"https:\/\/www.oracaoefe.com\/?s={search_term_string}"},"query-input":{"@type":"PropertyValueSpecification","valueRequired":true,"valueName":"search_term_string"}}],"inLanguage":"fr-FR"},{"@type":"Person","@id":"https:\/\/www.oracaoefe.com\/#\/schema\/person\/17283c669442cf005c4d5bb58adfb7f5","name":"Michele Azevedo","image":{"@type":"ImageObject","inLanguage":"fr-FR","@id":"https:\/\/secure.gravatar.com\/avatar\/6b0eb9d22841282815e2cd856a0061c45e1761cd54b22e952d98c4746939aa85?s=96&d=mm&r=g","url":"https:\/\/secure.gravatar.com\/avatar\/6b0eb9d22841282815e2cd856a0061c45e1761cd54b22e952d98c4746939aa85?s=96&d=mm&r=g","contentUrl":"https:\/\/secure.gravatar.com\/avatar\/6b0eb9d22841282815e2cd856a0061c45e1761cd54b22e952d98c4746939aa85?s=96&d=mm&r=g","caption":"Michele Azevedo"},"description":"Dipl\u00f4m\u00e9e en litt\u00e9rature portugaise\/anglaise de l&#039;Universit\u00e9 d&#039;\u00c9tat de Ponta Grossa (UEPG), avec des dipl\u00f4mes de troisi\u00e8me cycle en art dans l&#039;\u00e9ducation (FAPI) et en psychop\u00e9dagogie scolaire (FAPI), elle est la cr\u00e9atrice et propri\u00e9taire du site web Escritora de Sucesso, a de l&#039;exp\u00e9rience dans l&#039;\u00e9criture pour les blogs en g\u00e9n\u00e9ral et travaille comme r\u00e9dactrice et \u00e9ditrice du contenu pour Ora\u00e7\u00e3o e F\u00e9.","url":"https:\/\/www.oracaoefe.com\/fr\/author\/michele-azevedo\/"}]}},"_links":{"self":[{"href":"https:\/\/www.oracaoefe.com\/fr\/wp-json\/wp\/v2\/posts\/2926","targetHints":{"allow":["GET"]}}],"collection":[{"href":"https:\/\/www.oracaoefe.com\/fr\/wp-json\/wp\/v2\/posts"}],"about":[{"href":"https:\/\/www.oracaoefe.com\/fr\/wp-json\/wp\/v2\/types\/post"}],"author":[{"embeddable":true,"href":"https:\/\/www.oracaoefe.com\/fr\/wp-json\/wp\/v2\/users\/3"}],"replies":[{"embeddable":true,"href":"https:\/\/www.oracaoefe.com\/fr\/wp-json\/wp\/v2\/comments?post=2926"}],"version-history":[{"count":2,"href":"https:\/\/www.oracaoefe.com\/fr\/wp-json\/wp\/v2\/posts\/2926\/revisions"}],"predecessor-version":[{"id":2939,"href":"https:\/\/www.oracaoefe.com\/fr\/wp-json\/wp\/v2\/posts\/2926\/revisions\/2939"}],"wp:featuredmedia":[{"embeddable":true,"href":"https:\/\/www.oracaoefe.com\/fr\/wp-json\/wp\/v2\/media\/2938"}],"wp:attachment":[{"href":"https:\/\/www.oracaoefe.com\/fr\/wp-json\/wp\/v2\/media?parent=2926"}],"wp:term":[{"taxonomy":"category","embeddable":true,"href":"https:\/\/www.oracaoefe.com\/fr\/wp-json\/wp\/v2\/categories?post=2926"},{"taxonomy":"post_tag","embeddable":true,"href":"https:\/\/www.oracaoefe.com\/fr\/wp-json\/wp\/v2\/tags?post=2926"}],"curies":[{"name":"wp","href":"https:\/\/api.w.org\/{rel}","templated":true}]}}