{"id":2924,"date":"2024-07-11T01:00:00","date_gmt":"2024-07-11T04:00:00","guid":{"rendered":"https:\/\/www.oracaoefe.com\/?p=2924"},"modified":"2024-07-02T20:40:25","modified_gmt":"2024-07-02T23:40:25","slug":"como-palavras-positivas-podem-mudar-seu-dia-todos-os-dias","status":"publish","type":"post","link":"https:\/\/www.oracaoefe.com\/fr\/como-palavras-positivas-podem-mudar-seu-dia-todos-os-dias\/","title":{"rendered":"Como palavras positivas podem mudar seu dia todos os dias?"},"content":{"rendered":"<p class=\"wp-block-paragraph\">Em um mundo repleto de demandas e desafios, a maneira como escolhemos nos comunicar pode ter um impacto profundo em nossa vida di\u00e1ria. As palavras que usamos n\u00e3o apenas refletem nosso estado de esp\u00edrito, mas tamb\u00e9m moldam nossa realidade emocional e intera\u00e7\u00f5es com os outros.<\/p>\n\n\n\n<h2 class=\"wp-block-heading\">O impacto das palavras no nosso bem-estar<\/h2>\n\n\n\n<p class=\"wp-block-paragraph\">As palavras que escolhemos t\u00eam o poder de influenciar n\u00e3o apenas como nos sentimos, mas tamb\u00e9m como percebemos o mundo ao nosso redor. Estudos t\u00eam mostrado que uma linguagem positiva pode aumentar os n\u00edveis de felicidade e reduzir o estresse.&nbsp;<\/p>\n\n\n\n<p class=\"wp-block-paragraph\">Quando nos expressamos de maneira otimista e encorajadora, tendemos a atrair experi\u00eancias mais positivas e construtivas.<\/p>\n\n\n\n<figure class=\"wp-block-image size-full is-resized\"><img loading=\"lazy\" decoding=\"async\" width=\"740\" height=\"493\" src=\"https:\/\/www.oracaoefe.com\/wp-content\/uploads\/2024\/07\/image-3.png\" alt=\"\" class=\"wp-image-2936\" style=\"width:840px;height:auto\" srcset=\"https:\/\/www.oracaoefe.com\/wp-content\/uploads\/2024\/07\/image-3.png 740w, https:\/\/www.oracaoefe.com\/wp-content\/uploads\/2024\/07\/image-3-300x200.png 300w, https:\/\/www.oracaoefe.com\/wp-content\/uploads\/2024\/07\/image-3-18x12.png 18w\" sizes=\"auto, (max-width: 740px) 100vw, 740px\" \/><\/figure>\n\n\n\n<h2 class=\"wp-block-heading\">Como a linguagem afeta a percep\u00e7\u00e3o<\/h2>\n\n\n\n<p class=\"wp-block-paragraph\">A linguagem n\u00e3o \u00e9 apenas uma ferramenta de comunica\u00e7\u00e3o; ela molda nossa percep\u00e7\u00e3o da realidade. Quando usamos palavras positivas, estamos mais propensos a ver oportunidades em vez de obst\u00e1culos, solu\u00e7\u00f5es em vez de problemas.&nbsp;<\/p>\n\n\n\n<p class=\"wp-block-paragraph\">Isso n\u00e3o significa ignorar desafios, mas abord\u00e1-los de uma maneira que promova crescimento e resolu\u00e7\u00e3o.<\/p>\n\n\n\n<h2 class=\"wp-block-heading\">Incorporando palavras positivas no cotidiano<\/h2>\n\n\n\n<p class=\"wp-block-paragraph\">Integrar palavras positivas em nossa linguagem cotidiana pode ser transformador. Comece o dia com afirma\u00e7\u00f5es positivas, como &#8220;Hoje ser\u00e1 um \u00f3timo dia&#8221; ou &#8220;Estou pronto para enfrentar qualquer desafio que surgir&#8221;. Essas simples declara\u00e7\u00f5es podem estabelecer um tom positivo para suas atividades di\u00e1rias.<\/p>\n\n\n\n<p class=\"wp-block-paragraph\">Durante intera\u00e7\u00f5es pessoais e profissionais, pratique elogiar em vez de criticar. Reconhe\u00e7a o esfor\u00e7o e os sucessos dos outros com palavras de encorajamento genu\u00edno. Isso n\u00e3o apenas fortalece relacionamentos, mas tamb\u00e9m cria um ambiente mais colaborativo e motivador.<\/p>\n\n\n\n<h2 class=\"wp-block-heading\">O efeito da linguagem corporal e tom de voz<\/h2>\n\n\n\n<p class=\"wp-block-paragraph\">Al\u00e9m das palavras que escolhemos, a maneira como as comunicamos \u00e9 igualmente importante. A linguagem corporal e o tom de voz podem complementar ou contradizer nossas palavras.&nbsp;<\/p>\n\n\n\n<p class=\"wp-block-paragraph\">Certifique-se de que seu corpo esteja alinhado com suas inten\u00e7\u00f5es ao usar uma linguagem positiva. Um sorriso sincero, um contato visual amig\u00e1vel e um tom de voz caloroso podem amplificar o impacto de suas palavras.<\/p>\n\n\n\n<h2 class=\"wp-block-heading\">Superando o padr\u00e3o negativo<\/h2>\n\n\n\n<p class=\"wp-block-paragraph\">Em um mundo muitas vezes dominado por not\u00edcias negativas e cr\u00edticas, pode ser desafiador manter uma perspectiva positiva. No entanto, ao cultivar um vocabul\u00e1rio que valoriza o positivo, podemos contrabalancear essas influ\u00eancias externas.&nbsp;<\/p>\n\n\n\n<p class=\"wp-block-paragraph\">Isso n\u00e3o significa negar a realidade, mas sim escolher como reagimos e nos expressamos em face dela.<\/p>\n\n\n\n<h2 class=\"wp-block-heading\">O poder das afirma\u00e7\u00f5es positivas<\/h2>\n\n\n\n<p class=\"wp-block-paragraph\">Afirma\u00e7\u00f5es positivas s\u00e3o declara\u00e7\u00f5es que refor\u00e7am qualidades desejadas ou estados de ser. Ao repetir afirma\u00e7\u00f5es como &#8220;Eu sou capaz&#8221; ou &#8220;Eu mere\u00e7o o sucesso&#8221;, podemos reprogramar nossa mente subconsciente para acreditar nessas verdades.&nbsp;<\/p>\n\n\n\n<p class=\"wp-block-paragraph\">Com o tempo, essas afirma\u00e7\u00f5es podem se manifestar em comportamentos e conquistas concretas.<\/p>\n\n\n\n<h2 class=\"wp-block-heading\">Exemplos pr\u00e1ticos de transforma\u00e7\u00e3o pessoal<\/h2>\n\n\n\n<p class=\"wp-block-paragraph\">Considere o impacto de substituir palavras negativas por positivas em situa\u00e7\u00f5es cotidianas. Em vez de dizer &#8220;N\u00e3o consigo fazer isso&#8221;, experimente &#8220;Estou trabalhando para encontrar uma solu\u00e7\u00e3o&#8221;.&nbsp;<\/p>\n\n\n\n<p class=\"wp-block-paragraph\">Pequenas mudan\u00e7as na linguagem podem abrir portas para novas possibilidades e aumentar nossa resili\u00eancia emocional.<\/p>\n\n\n\n<h2 class=\"wp-block-heading\">O papel da gratid\u00e3o na linguagem positiva<\/h2>\n\n\n\n<p class=\"wp-block-paragraph\">A gratid\u00e3o \u00e9 uma parte essencial de uma linguagem positiva. Expressar gratid\u00e3o n\u00e3o apenas fortalece nossos relacionamentos interpessoais, mas tamb\u00e9m nos ajuda a reconhecer as b\u00ean\u00e7\u00e3os e oportunidades que muitas vezes passam despercebidas.&nbsp;<\/p>\n\n\n\n<p class=\"wp-block-paragraph\">Integrar express\u00f5es de gratid\u00e3o em nossa linguagem di\u00e1ria pode transformar nossa perspectiva e promover um ciclo cont\u00ednuo de positividade.<\/p>\n\n\n\n<h2 class=\"wp-block-heading\">A import\u00e2ncia de autoconsci\u00eancia e autocorre\u00e7\u00e3o<\/h2>\n\n\n\n<p class=\"wp-block-paragraph\">Desenvolver autoconsci\u00eancia \u00e9 fundamental para usar palavras positivas de maneira aut\u00eantica e eficaz. Esteja atento aos padr\u00f5es de linguagem que voc\u00ea utiliza e como eles impactam seu bem-estar emocional e o das pessoas ao seu redor.&nbsp;<\/p>\n\n\n\n<p class=\"wp-block-paragraph\">Pratique a autocorre\u00e7\u00e3o quando perceber que est\u00e1 se comunicando de maneira negativa, substituindo por uma abordagem mais construtiva.<\/p>\n\n\n\n<h2 class=\"wp-block-heading\">Construindo um ambiente positivo<\/h2>\n\n\n\n<p class=\"wp-block-paragraph\">Imagine o impacto coletivo de todos n\u00f3s escolhendo uma linguagem mais positiva. Em ambientes de trabalho, em casa e em comunidades, podemos criar uma cultura de apoio e respeito m\u00fatuo atrav\u00e9s das palavras que escolhemos usar.&nbsp;<\/p>\n\n\n\n<p class=\"wp-block-paragraph\">Ao encorajar os outros e celebrar suas realiza\u00e7\u00f5es com palavras de est\u00edmulo, contribu\u00edmos para um ambiente onde todos t\u00eam a chance de prosperar.<\/p>\n\n\n\n<h2 class=\"wp-block-heading\">Transformando a realidade com palavras positivas<\/h2>\n\n\n\n<p class=\"wp-block-paragraph\">As palavras positivas n\u00e3o s\u00e3o apenas ferramentas de comunica\u00e7\u00e3o; s\u00e3o instrumentos poderosos de transforma\u00e7\u00e3o pessoal e social. Ao adotar uma linguagem que valoriza o positivo, podemos melhorar nosso bem-estar emocional, fortalecer relacionamentos e influenciar positivamente aqueles ao nosso redor.\u00a0<\/p>\n\n\n\n<p class=\"wp-block-paragraph\"><p><strong>Voir aussi\u00a0: <a href=\"https:\/\/www.oracaoefe.com\/fr\/oracao-para-protecao-e-saude-ao-longo-da-gravidez\/\">Ora\u00e7\u00e3o para prote\u00e7\u00e3o e sa\u00fade ao longo da gravidez<\/a><\/strong><\/p><\/p>\n\n\n\n<p class=\"wp-block-paragraph\">11 de julho de 2024<\/p>","protected":false},"excerpt":{"rendered":"<p>Em um mundo repleto de demandas e desafios, a maneira como escolhemos nos comunicar pode ter um impacto profundo em nossa vida di\u00e1ria. As palavras que usamos n\u00e3o apenas refletem nosso estado de esp\u00edrito, mas tamb\u00e9m moldam nossa realidade emocional e intera\u00e7\u00f5es com os outros. O impacto das palavras no nosso bem-estar As palavras que&hellip;&nbsp;<\/p>","protected":false},"author":3,"featured_media":2936,"comment_status":"closed","ping_status":"closed","sticky":false,"template":"","format":"standard","meta":{"neve_meta_sidebar":"","neve_meta_container":"","neve_meta_enable_content_width":"","neve_meta_content_width":0,"neve_meta_title_alignment":"","neve_meta_author_avatar":"","neve_post_elements_order":"","neve_meta_disable_header":"","neve_meta_disable_footer":"","neve_meta_disable_title":"","footnotes":""},"categories":[4],"tags":[220,219],"class_list":["post-2924","post","type-post","status-publish","format-standard","has-post-thumbnail","hentry","category-fique-por-dentro","tag-palavras","tag-positivas"],"yoast_head":"<!-- This site is optimized with the Yoast SEO plugin v28.4 - https:\/\/yoast.com\/product\/yoast-seo-wordpress\/ -->\n<title>Como palavras positivas podem mudar seu dia todos os dias? - Ora\u00e7\u00e3o e F\u00e9<\/title>\n<meta name=\"description\" content=\"Deus tem pra voc\u00ea uma palavra de vida!\" \/>\n<meta name=\"robots\" content=\"index, follow, max-snippet:-1, max-image-preview:large, max-video-preview:-1\" \/>\n<link rel=\"canonical\" href=\"https:\/\/www.oracaoefe.com\/fr\/como-palavras-positivas-podem-mudar-seu-dia-todos-os-dias\/\" \/>\n<meta property=\"og:locale\" content=\"fr_FR\" \/>\n<meta property=\"og:type\" content=\"article\" \/>\n<meta property=\"og:title\" content=\"Como palavras positivas podem mudar seu dia todos os dias? - Ora\u00e7\u00e3o e F\u00e9\" \/>\n<meta property=\"og:description\" content=\"Deus tem pra voc\u00ea uma palavra de vida!\" \/>\n<meta property=\"og:url\" content=\"https:\/\/www.oracaoefe.com\/fr\/como-palavras-positivas-podem-mudar-seu-dia-todos-os-dias\/\" \/>\n<meta property=\"og:site_name\" content=\"Ora\u00e7\u00e3o e F\u00e9\" \/>\n<meta property=\"article:published_time\" content=\"2024-07-11T04:00:00+00:00\" \/>\n<meta property=\"og:image\" content=\"https:\/\/www.oracaoefe.com\/wp-content\/uploads\/2024\/07\/image-3.png\" \/>\n\t<meta property=\"og:image:width\" content=\"740\" \/>\n\t<meta property=\"og:image:height\" content=\"493\" \/>\n\t<meta property=\"og:image:type\" content=\"image\/png\" \/>\n<meta name=\"author\" content=\"Michele Azevedo\" \/>\n<meta name=\"twitter:card\" content=\"summary_large_image\" \/>\n<meta name=\"twitter:label1\" content=\"\u00c9crit par\" \/>\n\t<meta name=\"twitter:data1\" content=\"Michele Azevedo\" \/>\n\t<meta name=\"twitter:label2\" content=\"Dur\u00e9e de lecture estim\u00e9e\" \/>\n\t<meta name=\"twitter:data2\" content=\"4 minutes\" \/>\n<script type=\"application\/ld+json\" class=\"yoast-schema-graph\">{\"@context\":\"https:\\\/\\\/schema.org\",\"@graph\":[{\"@type\":\"Article\",\"@id\":\"https:\\\/\\\/www.oracaoefe.com\\\/como-palavras-positivas-podem-mudar-seu-dia-todos-os-dias\\\/#article\",\"isPartOf\":{\"@id\":\"https:\\\/\\\/www.oracaoefe.com\\\/como-palavras-positivas-podem-mudar-seu-dia-todos-os-dias\\\/\"},\"author\":{\"name\":\"Michele Azevedo\",\"@id\":\"https:\\\/\\\/www.oracaoefe.com\\\/#\\\/schema\\\/person\\\/17283c669442cf005c4d5bb58adfb7f5\"},\"headline\":\"Como palavras positivas podem mudar seu dia todos os dias?\",\"datePublished\":\"2024-07-11T04:00:00+00:00\",\"mainEntityOfPage\":{\"@id\":\"https:\\\/\\\/www.oracaoefe.com\\\/como-palavras-positivas-podem-mudar-seu-dia-todos-os-dias\\\/\"},\"wordCount\":815,\"image\":{\"@id\":\"https:\\\/\\\/www.oracaoefe.com\\\/como-palavras-positivas-podem-mudar-seu-dia-todos-os-dias\\\/#primaryimage\"},\"thumbnailUrl\":\"https:\\\/\\\/www.oracaoefe.com\\\/wp-content\\\/uploads\\\/2024\\\/07\\\/image-3.png\",\"keywords\":[\"palavras\",\"positivas\"],\"articleSection\":[\"Fique por Dentro\"],\"inLanguage\":\"fr-FR\"},{\"@type\":\"WebPage\",\"@id\":\"https:\\\/\\\/www.oracaoefe.com\\\/como-palavras-positivas-podem-mudar-seu-dia-todos-os-dias\\\/\",\"url\":\"https:\\\/\\\/www.oracaoefe.com\\\/como-palavras-positivas-podem-mudar-seu-dia-todos-os-dias\\\/\",\"name\":\"Como palavras positivas podem mudar seu dia todos os dias? - Ora\u00e7\u00e3o e F\u00e9\",\"isPartOf\":{\"@id\":\"https:\\\/\\\/www.oracaoefe.com\\\/#website\"},\"primaryImageOfPage\":{\"@id\":\"https:\\\/\\\/www.oracaoefe.com\\\/como-palavras-positivas-podem-mudar-seu-dia-todos-os-dias\\\/#primaryimage\"},\"image\":{\"@id\":\"https:\\\/\\\/www.oracaoefe.com\\\/como-palavras-positivas-podem-mudar-seu-dia-todos-os-dias\\\/#primaryimage\"},\"thumbnailUrl\":\"https:\\\/\\\/www.oracaoefe.com\\\/wp-content\\\/uploads\\\/2024\\\/07\\\/image-3.png\",\"datePublished\":\"2024-07-11T04:00:00+00:00\",\"author\":{\"@id\":\"https:\\\/\\\/www.oracaoefe.com\\\/#\\\/schema\\\/person\\\/17283c669442cf005c4d5bb58adfb7f5\"},\"description\":\"Deus tem pra voc\u00ea uma palavra de vida!\",\"breadcrumb\":{\"@id\":\"https:\\\/\\\/www.oracaoefe.com\\\/como-palavras-positivas-podem-mudar-seu-dia-todos-os-dias\\\/#breadcrumb\"},\"inLanguage\":\"fr-FR\",\"potentialAction\":[{\"@type\":\"ReadAction\",\"target\":[\"https:\\\/\\\/www.oracaoefe.com\\\/como-palavras-positivas-podem-mudar-seu-dia-todos-os-dias\\\/\"]}]},{\"@type\":\"ImageObject\",\"inLanguage\":\"fr-FR\",\"@id\":\"https:\\\/\\\/www.oracaoefe.com\\\/como-palavras-positivas-podem-mudar-seu-dia-todos-os-dias\\\/#primaryimage\",\"url\":\"https:\\\/\\\/www.oracaoefe.com\\\/wp-content\\\/uploads\\\/2024\\\/07\\\/image-3.png\",\"contentUrl\":\"https:\\\/\\\/www.oracaoefe.com\\\/wp-content\\\/uploads\\\/2024\\\/07\\\/image-3.png\",\"width\":740,\"height\":493},{\"@type\":\"BreadcrumbList\",\"@id\":\"https:\\\/\\\/www.oracaoefe.com\\\/como-palavras-positivas-podem-mudar-seu-dia-todos-os-dias\\\/#breadcrumb\",\"itemListElement\":[{\"@type\":\"ListItem\",\"position\":1,\"name\":\"Home\",\"item\":\"https:\\\/\\\/www.oracaoefe.com\\\/\"},{\"@type\":\"ListItem\",\"position\":2,\"name\":\"Fique por Dentro\",\"item\":\"https:\\\/\\\/www.oracaoefe.com\\\/category\\\/fique-por-dentro\\\/\"},{\"@type\":\"ListItem\",\"position\":3,\"name\":\"Como palavras positivas podem mudar seu dia todos os dias?\"}]},{\"@type\":\"WebSite\",\"@id\":\"https:\\\/\\\/www.oracaoefe.com\\\/#website\",\"url\":\"https:\\\/\\\/www.oracaoefe.com\\\/\",\"name\":\"Ora\u00e7\u00e3o e F\u00e9\",\"description\":\"\",\"potentialAction\":[{\"@type\":\"SearchAction\",\"target\":{\"@type\":\"EntryPoint\",\"urlTemplate\":\"https:\\\/\\\/www.oracaoefe.com\\\/?s={search_term_string}\"},\"query-input\":{\"@type\":\"PropertyValueSpecification\",\"valueRequired\":true,\"valueName\":\"search_term_string\"}}],\"inLanguage\":\"fr-FR\"},{\"@type\":\"Person\",\"@id\":\"https:\\\/\\\/www.oracaoefe.com\\\/#\\\/schema\\\/person\\\/17283c669442cf005c4d5bb58adfb7f5\",\"name\":\"Michele Azevedo\",\"image\":{\"@type\":\"ImageObject\",\"inLanguage\":\"fr-FR\",\"@id\":\"https:\\\/\\\/secure.gravatar.com\\\/avatar\\\/6b0eb9d22841282815e2cd856a0061c45e1761cd54b22e952d98c4746939aa85?s=96&d=mm&r=g\",\"url\":\"https:\\\/\\\/secure.gravatar.com\\\/avatar\\\/6b0eb9d22841282815e2cd856a0061c45e1761cd54b22e952d98c4746939aa85?s=96&d=mm&r=g\",\"contentUrl\":\"https:\\\/\\\/secure.gravatar.com\\\/avatar\\\/6b0eb9d22841282815e2cd856a0061c45e1761cd54b22e952d98c4746939aa85?s=96&d=mm&r=g\",\"caption\":\"Michele Azevedo\"},\"description\":\"Formada em Letras - Portugu\u00eas\\\/ Ingl\u00eas pela Universidade Estadual de Ponta Grossa (UEPG), p\u00f3s-graduada em Arte na Educa\u00e7\u00e3o (FAPI) e Psicopedagogia Escolar (FAPI), idealizadora e propriet\u00e1ria do site Escritora de Sucesso, possui experi\u00eancia em escrita para blogs em geral e atua como redatora e revisora dos conte\u00fados do Ora\u00e7\u00e3o e F\u00e9.\",\"url\":\"https:\\\/\\\/www.oracaoefe.com\\\/fr\\\/author\\\/michele-azevedo\\\/\"}]}<\/script>\n<!-- \/ Yoast SEO plugin. -->","yoast_head_json":{"title":"Como palavras positivas podem mudar seu dia todos os dias? - Ora\u00e7\u00e3o e F\u00e9","description":"Dieu a une parole de vie pour vous !","robots":{"index":"index","follow":"follow","max-snippet":"max-snippet:-1","max-image-preview":"max-image-preview:large","max-video-preview":"max-video-preview:-1"},"canonical":"https:\/\/www.oracaoefe.com\/fr\/como-palavras-positivas-podem-mudar-seu-dia-todos-os-dias\/","og_locale":"fr_FR","og_type":"article","og_title":"Como palavras positivas podem mudar seu dia todos os dias? - Ora\u00e7\u00e3o e F\u00e9","og_description":"Deus tem pra voc\u00ea uma palavra de vida!","og_url":"https:\/\/www.oracaoefe.com\/fr\/como-palavras-positivas-podem-mudar-seu-dia-todos-os-dias\/","og_site_name":"Ora\u00e7\u00e3o e F\u00e9","article_published_time":"2024-07-11T04:00:00+00:00","og_image":[{"width":740,"height":493,"url":"https:\/\/www.oracaoefe.com\/wp-content\/uploads\/2024\/07\/image-3.png","type":"image\/png"}],"author":"Michele Azevedo","twitter_card":"summary_large_image","twitter_misc":{"\u00c9crit par":"Michele Azevedo","Dur\u00e9e de lecture estim\u00e9e":"4 minutes"},"schema":{"@context":"https:\/\/schema.org","@graph":[{"@type":"Article","@id":"https:\/\/www.oracaoefe.com\/como-palavras-positivas-podem-mudar-seu-dia-todos-os-dias\/#article","isPartOf":{"@id":"https:\/\/www.oracaoefe.com\/como-palavras-positivas-podem-mudar-seu-dia-todos-os-dias\/"},"author":{"name":"Michele Azevedo","@id":"https:\/\/www.oracaoefe.com\/#\/schema\/person\/17283c669442cf005c4d5bb58adfb7f5"},"headline":"Como palavras positivas podem mudar seu dia todos os dias?","datePublished":"2024-07-11T04:00:00+00:00","mainEntityOfPage":{"@id":"https:\/\/www.oracaoefe.com\/como-palavras-positivas-podem-mudar-seu-dia-todos-os-dias\/"},"wordCount":815,"image":{"@id":"https:\/\/www.oracaoefe.com\/como-palavras-positivas-podem-mudar-seu-dia-todos-os-dias\/#primaryimage"},"thumbnailUrl":"https:\/\/www.oracaoefe.com\/wp-content\/uploads\/2024\/07\/image-3.png","keywords":["palavras","positivas"],"articleSection":["Fique por Dentro"],"inLanguage":"fr-FR"},{"@type":"WebPage","@id":"https:\/\/www.oracaoefe.com\/como-palavras-positivas-podem-mudar-seu-dia-todos-os-dias\/","url":"https:\/\/www.oracaoefe.com\/como-palavras-positivas-podem-mudar-seu-dia-todos-os-dias\/","name":"Como palavras positivas podem mudar seu dia todos os dias? - Ora\u00e7\u00e3o e F\u00e9","isPartOf":{"@id":"https:\/\/www.oracaoefe.com\/#website"},"primaryImageOfPage":{"@id":"https:\/\/www.oracaoefe.com\/como-palavras-positivas-podem-mudar-seu-dia-todos-os-dias\/#primaryimage"},"image":{"@id":"https:\/\/www.oracaoefe.com\/como-palavras-positivas-podem-mudar-seu-dia-todos-os-dias\/#primaryimage"},"thumbnailUrl":"https:\/\/www.oracaoefe.com\/wp-content\/uploads\/2024\/07\/image-3.png","datePublished":"2024-07-11T04:00:00+00:00","author":{"@id":"https:\/\/www.oracaoefe.com\/#\/schema\/person\/17283c669442cf005c4d5bb58adfb7f5"},"description":"Dieu a une parole de vie pour vous !","breadcrumb":{"@id":"https:\/\/www.oracaoefe.com\/como-palavras-positivas-podem-mudar-seu-dia-todos-os-dias\/#breadcrumb"},"inLanguage":"fr-FR","potentialAction":[{"@type":"ReadAction","target":["https:\/\/www.oracaoefe.com\/como-palavras-positivas-podem-mudar-seu-dia-todos-os-dias\/"]}]},{"@type":"ImageObject","inLanguage":"fr-FR","@id":"https:\/\/www.oracaoefe.com\/como-palavras-positivas-podem-mudar-seu-dia-todos-os-dias\/#primaryimage","url":"https:\/\/www.oracaoefe.com\/wp-content\/uploads\/2024\/07\/image-3.png","contentUrl":"https:\/\/www.oracaoefe.com\/wp-content\/uploads\/2024\/07\/image-3.png","width":740,"height":493},{"@type":"BreadcrumbList","@id":"https:\/\/www.oracaoefe.com\/como-palavras-positivas-podem-mudar-seu-dia-todos-os-dias\/#breadcrumb","itemListElement":[{"@type":"ListItem","position":1,"name":"Home","item":"https:\/\/www.oracaoefe.com\/"},{"@type":"ListItem","position":2,"name":"Fique por Dentro","item":"https:\/\/www.oracaoefe.com\/category\/fique-por-dentro\/"},{"@type":"ListItem","position":3,"name":"Como palavras positivas podem mudar seu dia todos os dias?"}]},{"@type":"WebSite","@id":"https:\/\/www.oracaoefe.com\/#website","url":"https:\/\/www.oracaoefe.com\/","name":"Pri\u00e8re et foi","description":"","potentialAction":[{"@type":"SearchAction","target":{"@type":"EntryPoint","urlTemplate":"https:\/\/www.oracaoefe.com\/?s={search_term_string}"},"query-input":{"@type":"PropertyValueSpecification","valueRequired":true,"valueName":"search_term_string"}}],"inLanguage":"fr-FR"},{"@type":"Person","@id":"https:\/\/www.oracaoefe.com\/#\/schema\/person\/17283c669442cf005c4d5bb58adfb7f5","name":"Michele Azevedo","image":{"@type":"ImageObject","inLanguage":"fr-FR","@id":"https:\/\/secure.gravatar.com\/avatar\/6b0eb9d22841282815e2cd856a0061c45e1761cd54b22e952d98c4746939aa85?s=96&d=mm&r=g","url":"https:\/\/secure.gravatar.com\/avatar\/6b0eb9d22841282815e2cd856a0061c45e1761cd54b22e952d98c4746939aa85?s=96&d=mm&r=g","contentUrl":"https:\/\/secure.gravatar.com\/avatar\/6b0eb9d22841282815e2cd856a0061c45e1761cd54b22e952d98c4746939aa85?s=96&d=mm&r=g","caption":"Michele Azevedo"},"description":"Dipl\u00f4m\u00e9e en litt\u00e9rature portugaise\/anglaise de l&#039;Universit\u00e9 d&#039;\u00c9tat de Ponta Grossa (UEPG), avec des dipl\u00f4mes de troisi\u00e8me cycle en art dans l&#039;\u00e9ducation (FAPI) et en psychop\u00e9dagogie scolaire (FAPI), elle est la cr\u00e9atrice et propri\u00e9taire du site web Escritora de Sucesso, a de l&#039;exp\u00e9rience dans l&#039;\u00e9criture pour les blogs en g\u00e9n\u00e9ral et travaille comme r\u00e9dactrice et \u00e9ditrice du contenu pour Ora\u00e7\u00e3o e F\u00e9.","url":"https:\/\/www.oracaoefe.com\/fr\/author\/michele-azevedo\/"}]}},"_links":{"self":[{"href":"https:\/\/www.oracaoefe.com\/fr\/wp-json\/wp\/v2\/posts\/2924","targetHints":{"allow":["GET"]}}],"collection":[{"href":"https:\/\/www.oracaoefe.com\/fr\/wp-json\/wp\/v2\/posts"}],"about":[{"href":"https:\/\/www.oracaoefe.com\/fr\/wp-json\/wp\/v2\/types\/post"}],"author":[{"embeddable":true,"href":"https:\/\/www.oracaoefe.com\/fr\/wp-json\/wp\/v2\/users\/3"}],"replies":[{"embeddable":true,"href":"https:\/\/www.oracaoefe.com\/fr\/wp-json\/wp\/v2\/comments?post=2924"}],"version-history":[{"count":2,"href":"https:\/\/www.oracaoefe.com\/fr\/wp-json\/wp\/v2\/posts\/2924\/revisions"}],"predecessor-version":[{"id":2937,"href":"https:\/\/www.oracaoefe.com\/fr\/wp-json\/wp\/v2\/posts\/2924\/revisions\/2937"}],"wp:featuredmedia":[{"embeddable":true,"href":"https:\/\/www.oracaoefe.com\/fr\/wp-json\/wp\/v2\/media\/2936"}],"wp:attachment":[{"href":"https:\/\/www.oracaoefe.com\/fr\/wp-json\/wp\/v2\/media?parent=2924"}],"wp:term":[{"taxonomy":"category","embeddable":true,"href":"https:\/\/www.oracaoefe.com\/fr\/wp-json\/wp\/v2\/categories?post=2924"},{"taxonomy":"post_tag","embeddable":true,"href":"https:\/\/www.oracaoefe.com\/fr\/wp-json\/wp\/v2\/tags?post=2924"}],"curies":[{"name":"wp","href":"https:\/\/api.w.org\/{rel}","templated":true}]}}