{"id":2922,"date":"2024-07-08T01:00:00","date_gmt":"2024-07-08T04:00:00","guid":{"rendered":"https:\/\/www.oracaoefe.com\/?p=2922"},"modified":"2024-07-02T20:37:58","modified_gmt":"2024-07-02T23:37:58","slug":"a-fe-e-a-certeza-daquilo-que-esperamos","status":"publish","type":"post","link":"https:\/\/www.oracaoefe.com\/fr\/a-fe-e-a-certeza-daquilo-que-esperamos\/","title":{"rendered":"A f\u00e9 \u00e9 a certeza daquilo que esperamos"},"content":{"rendered":"<p class=\"wp-block-paragraph\">A f\u00e9 \u00e9 um tema central em diversas tradi\u00e7\u00f5es religiosas e filos\u00f3ficas ao redor do mundo. \u00c9 um conceito que transcende cren\u00e7as espec\u00edficas e permeia a experi\u00eancia humana, influenciando comportamentos, decis\u00f5es e vis\u00f5es de mundo.&nbsp;<\/p>\n\n\n\n<h2 class=\"wp-block-heading\">O conceito de f\u00e9<\/h2>\n\n\n\n<p class=\"wp-block-paragraph\">A f\u00e9 \u00e9 frequentemente descrita como a convic\u00e7\u00e3o profunda e inabal\u00e1vel na exist\u00eancia de algo que n\u00e3o pode ser plenamente comprovado pelos sentidos ou pela raz\u00e3o.&nbsp;<\/p>\n\n\n\n<p class=\"wp-block-paragraph\">Ela vai al\u00e9m da simples cren\u00e7a intelectual; \u00e9 uma confian\u00e7a que molda as atitudes e as escolhas das pessoas. Em muitas tradi\u00e7\u00f5es religiosas, \u00e9 vista como uma virtude que conecta os indiv\u00edduos com o divino e com um prop\u00f3sito maior na vida.<\/p>\n\n\n\n<figure class=\"wp-block-image size-full is-resized\"><img loading=\"lazy\" decoding=\"async\" width=\"740\" height=\"511\" src=\"https:\/\/www.oracaoefe.com\/wp-content\/uploads\/2024\/07\/image-2.png\" alt=\"\" class=\"wp-image-2934\" style=\"width:840px;height:auto\" srcset=\"https:\/\/www.oracaoefe.com\/wp-content\/uploads\/2024\/07\/image-2.png 740w, https:\/\/www.oracaoefe.com\/wp-content\/uploads\/2024\/07\/image-2-300x207.png 300w, https:\/\/www.oracaoefe.com\/wp-content\/uploads\/2024\/07\/image-2-18x12.png 18w\" sizes=\"auto, (max-width: 740px) 100vw, 740px\" \/><\/figure>\n\n\n\n<h2 class=\"wp-block-heading\">Dimens\u00f5es da f\u00e9<\/h2>\n\n\n\n<p class=\"wp-block-paragraph\">Desde suas ra\u00edzes nas tradi\u00e7\u00f5es religiosas at\u00e9 sua express\u00e3o na espiritualidade pessoal e na filosofia, a f\u00e9 permeia profundamente a vida das pessoas. Vejamos as m\u00faltiplas dimens\u00f5es dessa convic\u00e7\u00e3o profunda, examinando como ela se manifesta em diferentes contextos culturais, religiosos e individuais.<\/p>\n\n\n\n<h3 class=\"wp-block-heading\">Dimens\u00e3o religiosa<\/h3>\n\n\n\n<p class=\"wp-block-paragraph\">Nas religi\u00f5es abra\u00e2micas, como o Cristianismo, Juda\u00edsmo e Islamismo, a f\u00e9 \u00e9 vista como a liga\u00e7\u00e3o \u00edntima entre o crente e Deus. \u00c9 atrav\u00e9s da cren\u00e7a que os seguidores encontram for\u00e7a espiritual, consolo e orienta\u00e7\u00e3o em momentos de dificuldade.<\/p>\n\n\n\n<h3 class=\"wp-block-heading\">Dimens\u00e3o espiritual<\/h3>\n\n\n\n<p class=\"wp-block-paragraph\">Al\u00e9m das religi\u00f5es organizadas, a f\u00e9 tamb\u00e9m \u00e9 valorizada em pr\u00e1ticas espirituais individuais, como medita\u00e7\u00e3o, yoga e outras formas de busca por conex\u00e3o interior e transcend\u00eancia pessoal.<\/p>\n\n\n\n<h3 class=\"wp-block-heading\">Dimens\u00e3o filos\u00f3fica<\/h3>\n\n\n\n<p class=\"wp-block-paragraph\">Fil\u00f3sofos ao longo da hist\u00f3ria exploraram a f\u00e9 como um elemento fundamental da exist\u00eancia humana. De Kierkegaard a Nietzsche, foi debatida como uma resposta \u00e0 incerteza e \u00e0 complexidade da vida.<\/p>\n\n\n\n<h2 class=\"wp-block-heading\">A import\u00e2ncia da f\u00e9 na vida cotidiana<\/h2>\n\n\n\n<p class=\"wp-block-paragraph\">Na vida di\u00e1ria, a f\u00e9 desempenha pap\u00e9is variados e significativos:<\/p>\n\n\n\n<ul class=\"wp-block-list\">\n<li><strong>Fonte de esperan\u00e7a<\/strong>: Em tempos dif\u00edceis, pode proporcionar esperan\u00e7a e conforto, ajudando as pessoas a enfrentar adversidades com resili\u00eancia.<\/li>\n<\/ul>\n\n\n\n<ul class=\"wp-block-list\">\n<li><strong>Guia moral<\/strong>: Para muitos, serve como um guia moral que orienta decis\u00f5es \u00e9ticas e comportamentos compassivos em rela\u00e7\u00e3o aos outros.<\/li>\n<\/ul>\n\n\n\n<ul class=\"wp-block-list\">\n<li><strong>Motiva\u00e7\u00e3o<\/strong>: A f\u00e9 pode ser uma fonte poderosa de motiva\u00e7\u00e3o, inspirando indiv\u00edduos a perseguir seus objetivos com determina\u00e7\u00e3o e confian\u00e7a.<\/li>\n<\/ul>\n\n\n\n<h2 class=\"wp-block-heading\">Desafios e d\u00favidas<\/h2>\n\n\n\n<p class=\"wp-block-paragraph\">Apesar de seu poder inspirador, a f\u00e9 tamb\u00e9m enfrenta desafios no mundo contempor\u00e2neo. Quest\u00f5es como o pluralismo religioso, avan\u00e7os cient\u00edficos e crises de f\u00e9 pessoal desafiam concep\u00e7\u00f5es tradicionais e levam a reflex\u00f5es mais profundas sobre o significado e a natureza da cren\u00e7a.<\/p>\n\n\n\n<ul class=\"wp-block-list\">\n<li><strong>Pluralismo religioso<\/strong>: Em uma sociedade cada vez mais diversificada, a coexist\u00eancia pac\u00edfica de diferentes tradi\u00e7\u00f5es religiosas e sistemas de cren\u00e7as levanta quest\u00f5es sobre a validade e a exclusividade das afirma\u00e7\u00f5es de f\u00e9.<\/li>\n<\/ul>\n\n\n\n<ul class=\"wp-block-list\">\n<li><strong>Avan\u00e7os cient\u00edficos<\/strong>: Descobertas cient\u00edficas frequentemente questionam narrativas religiosas estabelecidas, desafiando os fundamentos sobre os quais algumas pessoas baseiam sua cren\u00e7a.<\/li>\n<\/ul>\n\n\n\n<ul class=\"wp-block-list\">\n<li><strong>Crises de f\u00e9<\/strong>: Indiv\u00edduos podem passar por per\u00edodos de d\u00favida ou questionamento, quando a f\u00e9 \u00e9 posta \u00e0 prova por eventos traum\u00e1ticos, experi\u00eancias negativas ou simplesmente pelo processo de crescimento pessoal e intelectual.<\/li>\n<\/ul>\n\n\n\n<h2 class=\"wp-block-heading\">Express\u00f5es culturais<\/h2>\n\n\n\n<p class=\"wp-block-paragraph\">A f\u00e9 se manifesta de maneiras diversas ao redor do mundo, refletindo a pluralidade cultural e a riqueza das tradi\u00e7\u00f5es humanas:<\/p>\n\n\n\n<ul class=\"wp-block-list\">\n<li><strong>Arte e literatura<\/strong>: Obras art\u00edsticas e liter\u00e1rias frequentemente exploram temas de f\u00e9, oferecendo interpreta\u00e7\u00f5es e reflex\u00f5es que ressoam com p\u00fablicos de diferentes origens e convic\u00e7\u00f5es.<\/li>\n<\/ul>\n\n\n\n<ul class=\"wp-block-list\">\n<li><strong>Rituais e celebra\u00e7\u00f5es<\/strong>: Pr\u00e1ticas rituais, como cerim\u00f4nias de adora\u00e7\u00e3o, festivais religiosos e ritos de passagem, s\u00e3o express\u00f5es tang\u00edveis da comunidade religiosa.<\/li>\n<\/ul>\n\n\n\n<ul class=\"wp-block-list\">\n<li><strong>Arquitetura sacra<\/strong>: Templos, mesquitas, igrejas e outros locais de culto s\u00e3o constru\u00eddos como s\u00edmbolos f\u00edsicos da devo\u00e7\u00e3o e da f\u00e9 de uma comunidade.<\/li>\n<\/ul>\n\n\n\n<h2 class=\"wp-block-heading\">A f\u00e9 e o desenvolvimento pessoal<\/h2>\n\n\n\n<p class=\"wp-block-paragraph\">Para muitos indiv\u00edduos, desempenha um papel fundamental no desenvolvimento pessoal e espiritual:<\/p>\n\n\n\n<ul class=\"wp-block-list\">\n<li><strong>Autoconhecimento<\/strong>: A jornada pode levar a um maior autoconhecimento e compreens\u00e3o das pr\u00f3prias cren\u00e7as e valores.<\/li>\n\n\n\n<li><strong>Resili\u00eancia emocional<\/strong>: Pode fortalecer a resili\u00eancia emocional, proporcionando um senso de prop\u00f3sito e significado que ajuda a superar momentos de desespero e desafio.<\/li>\n<\/ul>\n\n\n\n<ul class=\"wp-block-list\">\n<li><strong>Conex\u00e3o comunit\u00e1ria<\/strong>: Participar de uma comunidade de f\u00e9 oferece apoio social, camaradagem e um senso de pertencimento que pode ser profundamente enriquecedor.<\/li>\n<\/ul>\n\n\n\n<h2 class=\"wp-block-heading\">Compreendendo a f\u00e9<\/h2>\n\n\n\n<p class=\"wp-block-paragraph\">A f\u00e9 \u00e9 um conceito complexo e multifacetado que desafia defini\u00e7\u00f5es simples. Ela pode ser vista como uma for\u00e7a poderosa que transcende fronteiras culturais e religiosas, influenciando tanto as esferas pessoais quanto as sociais da vida humana.&nbsp;<\/p>\n\n\n\n<p class=\"wp-block-paragraph\">Ao explor\u00e1-la, ganhamos n\u00e3o apenas uma compreens\u00e3o mais profunda das cren\u00e7as individuais e coletivas, mas tamb\u00e9m uma aprecia\u00e7\u00e3o pela diversidade e pela riqueza das experi\u00eancias humanas.<\/p>\n\n\n\n<p class=\"wp-block-paragraph\">Ela \u00e9 verdadeiramente a certeza daquilo que esperamos &#8211; um farol de esperan\u00e7a e orienta\u00e7\u00e3o que continua a iluminar o caminho da humanidade ao longo da hist\u00f3ria e em dire\u00e7\u00e3o ao futuro.<\/p>\n\n\n\n<p class=\"wp-block-paragraph\"><p><strong>Voir aussi\u00a0: <a href=\"https:\/\/www.oracaoefe.com\/fr\/oracao-para-protecao-e-saude-ao-longo-da-gravidez\/\">Ora\u00e7\u00e3o para prote\u00e7\u00e3o e sa\u00fade ao longo da gravidez<\/a><\/strong><\/p><\/p>\n\n\n\n<p class=\"wp-block-paragraph\">8 de julho de 2024<\/p>","protected":false},"excerpt":{"rendered":"<p>A f\u00e9 \u00e9 um tema central em diversas tradi\u00e7\u00f5es religiosas e filos\u00f3ficas ao redor do mundo. \u00c9 um conceito que transcende cren\u00e7as espec\u00edficas e permeia a experi\u00eancia humana, influenciando comportamentos, decis\u00f5es e vis\u00f5es de mundo.&nbsp; O conceito de f\u00e9 A f\u00e9 \u00e9 frequentemente descrita como a convic\u00e7\u00e3o profunda e inabal\u00e1vel na exist\u00eancia de algo que&hellip;&nbsp;<\/p>","protected":false},"author":3,"featured_media":2934,"comment_status":"closed","ping_status":"closed","sticky":false,"template":"","format":"standard","meta":{"neve_meta_sidebar":"","neve_meta_container":"","neve_meta_enable_content_width":"","neve_meta_content_width":0,"neve_meta_title_alignment":"","neve_meta_author_avatar":"","neve_post_elements_order":"","neve_meta_disable_header":"","neve_meta_disable_footer":"","neve_meta_disable_title":"","footnotes":""},"categories":[3],"tags":[29],"class_list":["post-2922","post","type-post","status-publish","format-standard","has-post-thumbnail","hentry","category-fe","tag-fe"],"yoast_head":"<!-- This site is optimized with the Yoast SEO plugin v28.4 - https:\/\/yoast.com\/product\/yoast-seo-wordpress\/ -->\n<title>A f\u00e9 \u00e9 a certeza daquilo que esperamos - Ora\u00e7\u00e3o e F\u00e9<\/title>\n<meta name=\"description\" content=\"Deus tem pra voc\u00ea uma palavra de vida!\" \/>\n<meta name=\"robots\" content=\"index, follow, max-snippet:-1, max-image-preview:large, max-video-preview:-1\" \/>\n<link rel=\"canonical\" href=\"https:\/\/www.oracaoefe.com\/fr\/a-fe-e-a-certeza-daquilo-que-esperamos\/\" \/>\n<meta property=\"og:locale\" content=\"fr_FR\" \/>\n<meta property=\"og:type\" content=\"article\" \/>\n<meta property=\"og:title\" content=\"A f\u00e9 \u00e9 a certeza daquilo que esperamos - Ora\u00e7\u00e3o e F\u00e9\" \/>\n<meta property=\"og:description\" content=\"Deus tem pra voc\u00ea uma palavra de vida!\" \/>\n<meta property=\"og:url\" content=\"https:\/\/www.oracaoefe.com\/fr\/a-fe-e-a-certeza-daquilo-que-esperamos\/\" \/>\n<meta property=\"og:site_name\" content=\"Ora\u00e7\u00e3o e F\u00e9\" \/>\n<meta property=\"article:published_time\" content=\"2024-07-08T04:00:00+00:00\" \/>\n<meta property=\"og:image\" content=\"https:\/\/www.oracaoefe.com\/wp-content\/uploads\/2024\/07\/image-2.png\" \/>\n\t<meta property=\"og:image:width\" content=\"740\" \/>\n\t<meta property=\"og:image:height\" content=\"511\" \/>\n\t<meta property=\"og:image:type\" content=\"image\/png\" \/>\n<meta name=\"author\" content=\"Michele Azevedo\" \/>\n<meta name=\"twitter:card\" content=\"summary_large_image\" \/>\n<meta name=\"twitter:label1\" content=\"\u00c9crit par\" \/>\n\t<meta name=\"twitter:data1\" content=\"Michele Azevedo\" \/>\n\t<meta name=\"twitter:label2\" content=\"Dur\u00e9e de lecture estim\u00e9e\" \/>\n\t<meta name=\"twitter:data2\" content=\"4 minutes\" \/>\n<script type=\"application\/ld+json\" class=\"yoast-schema-graph\">{\"@context\":\"https:\\\/\\\/schema.org\",\"@graph\":[{\"@type\":\"Article\",\"@id\":\"https:\\\/\\\/www.oracaoefe.com\\\/a-fe-e-a-certeza-daquilo-que-esperamos\\\/#article\",\"isPartOf\":{\"@id\":\"https:\\\/\\\/www.oracaoefe.com\\\/a-fe-e-a-certeza-daquilo-que-esperamos\\\/\"},\"author\":{\"name\":\"Michele Azevedo\",\"@id\":\"https:\\\/\\\/www.oracaoefe.com\\\/#\\\/schema\\\/person\\\/17283c669442cf005c4d5bb58adfb7f5\"},\"headline\":\"A f\u00e9 \u00e9 a certeza daquilo que esperamos\",\"datePublished\":\"2024-07-08T04:00:00+00:00\",\"mainEntityOfPage\":{\"@id\":\"https:\\\/\\\/www.oracaoefe.com\\\/a-fe-e-a-certeza-daquilo-que-esperamos\\\/\"},\"wordCount\":871,\"image\":{\"@id\":\"https:\\\/\\\/www.oracaoefe.com\\\/a-fe-e-a-certeza-daquilo-que-esperamos\\\/#primaryimage\"},\"thumbnailUrl\":\"https:\\\/\\\/www.oracaoefe.com\\\/wp-content\\\/uploads\\\/2024\\\/07\\\/image-2.png\",\"keywords\":[\"fe\"],\"articleSection\":[\"F\u00e9\"],\"inLanguage\":\"fr-FR\"},{\"@type\":\"WebPage\",\"@id\":\"https:\\\/\\\/www.oracaoefe.com\\\/a-fe-e-a-certeza-daquilo-que-esperamos\\\/\",\"url\":\"https:\\\/\\\/www.oracaoefe.com\\\/a-fe-e-a-certeza-daquilo-que-esperamos\\\/\",\"name\":\"A f\u00e9 \u00e9 a certeza daquilo que esperamos - Ora\u00e7\u00e3o e F\u00e9\",\"isPartOf\":{\"@id\":\"https:\\\/\\\/www.oracaoefe.com\\\/#website\"},\"primaryImageOfPage\":{\"@id\":\"https:\\\/\\\/www.oracaoefe.com\\\/a-fe-e-a-certeza-daquilo-que-esperamos\\\/#primaryimage\"},\"image\":{\"@id\":\"https:\\\/\\\/www.oracaoefe.com\\\/a-fe-e-a-certeza-daquilo-que-esperamos\\\/#primaryimage\"},\"thumbnailUrl\":\"https:\\\/\\\/www.oracaoefe.com\\\/wp-content\\\/uploads\\\/2024\\\/07\\\/image-2.png\",\"datePublished\":\"2024-07-08T04:00:00+00:00\",\"author\":{\"@id\":\"https:\\\/\\\/www.oracaoefe.com\\\/#\\\/schema\\\/person\\\/17283c669442cf005c4d5bb58adfb7f5\"},\"description\":\"Deus tem pra voc\u00ea uma palavra de vida!\",\"breadcrumb\":{\"@id\":\"https:\\\/\\\/www.oracaoefe.com\\\/a-fe-e-a-certeza-daquilo-que-esperamos\\\/#breadcrumb\"},\"inLanguage\":\"fr-FR\",\"potentialAction\":[{\"@type\":\"ReadAction\",\"target\":[\"https:\\\/\\\/www.oracaoefe.com\\\/a-fe-e-a-certeza-daquilo-que-esperamos\\\/\"]}]},{\"@type\":\"ImageObject\",\"inLanguage\":\"fr-FR\",\"@id\":\"https:\\\/\\\/www.oracaoefe.com\\\/a-fe-e-a-certeza-daquilo-que-esperamos\\\/#primaryimage\",\"url\":\"https:\\\/\\\/www.oracaoefe.com\\\/wp-content\\\/uploads\\\/2024\\\/07\\\/image-2.png\",\"contentUrl\":\"https:\\\/\\\/www.oracaoefe.com\\\/wp-content\\\/uploads\\\/2024\\\/07\\\/image-2.png\",\"width\":740,\"height\":511},{\"@type\":\"BreadcrumbList\",\"@id\":\"https:\\\/\\\/www.oracaoefe.com\\\/a-fe-e-a-certeza-daquilo-que-esperamos\\\/#breadcrumb\",\"itemListElement\":[{\"@type\":\"ListItem\",\"position\":1,\"name\":\"Home\",\"item\":\"https:\\\/\\\/www.oracaoefe.com\\\/\"},{\"@type\":\"ListItem\",\"position\":2,\"name\":\"F\u00e9\",\"item\":\"https:\\\/\\\/www.oracaoefe.com\\\/es\\\/categoria\\\/fe\\\/\"},{\"@type\":\"ListItem\",\"position\":3,\"name\":\"A f\u00e9 \u00e9 a certeza daquilo que esperamos\"}]},{\"@type\":\"WebSite\",\"@id\":\"https:\\\/\\\/www.oracaoefe.com\\\/#website\",\"url\":\"https:\\\/\\\/www.oracaoefe.com\\\/\",\"name\":\"Ora\u00e7\u00e3o e F\u00e9\",\"description\":\"\",\"potentialAction\":[{\"@type\":\"SearchAction\",\"target\":{\"@type\":\"EntryPoint\",\"urlTemplate\":\"https:\\\/\\\/www.oracaoefe.com\\\/?s={search_term_string}\"},\"query-input\":{\"@type\":\"PropertyValueSpecification\",\"valueRequired\":true,\"valueName\":\"search_term_string\"}}],\"inLanguage\":\"fr-FR\"},{\"@type\":\"Person\",\"@id\":\"https:\\\/\\\/www.oracaoefe.com\\\/#\\\/schema\\\/person\\\/17283c669442cf005c4d5bb58adfb7f5\",\"name\":\"Michele Azevedo\",\"image\":{\"@type\":\"ImageObject\",\"inLanguage\":\"fr-FR\",\"@id\":\"https:\\\/\\\/secure.gravatar.com\\\/avatar\\\/6b0eb9d22841282815e2cd856a0061c45e1761cd54b22e952d98c4746939aa85?s=96&d=mm&r=g\",\"url\":\"https:\\\/\\\/secure.gravatar.com\\\/avatar\\\/6b0eb9d22841282815e2cd856a0061c45e1761cd54b22e952d98c4746939aa85?s=96&d=mm&r=g\",\"contentUrl\":\"https:\\\/\\\/secure.gravatar.com\\\/avatar\\\/6b0eb9d22841282815e2cd856a0061c45e1761cd54b22e952d98c4746939aa85?s=96&d=mm&r=g\",\"caption\":\"Michele Azevedo\"},\"description\":\"Formada em Letras - Portugu\u00eas\\\/ Ingl\u00eas pela Universidade Estadual de Ponta Grossa (UEPG), p\u00f3s-graduada em Arte na Educa\u00e7\u00e3o (FAPI) e Psicopedagogia Escolar (FAPI), idealizadora e propriet\u00e1ria do site Escritora de Sucesso, possui experi\u00eancia em escrita para blogs em geral e atua como redatora e revisora dos conte\u00fados do Ora\u00e7\u00e3o e F\u00e9.\",\"url\":\"https:\\\/\\\/www.oracaoefe.com\\\/fr\\\/author\\\/michele-azevedo\\\/\"}]}<\/script>\n<!-- \/ Yoast SEO plugin. -->","yoast_head_json":{"title":"A f\u00e9 \u00e9 a certeza daquilo que esperamos - Ora\u00e7\u00e3o e F\u00e9","description":"Dieu a une parole de vie pour vous !","robots":{"index":"index","follow":"follow","max-snippet":"max-snippet:-1","max-image-preview":"max-image-preview:large","max-video-preview":"max-video-preview:-1"},"canonical":"https:\/\/www.oracaoefe.com\/fr\/a-fe-e-a-certeza-daquilo-que-esperamos\/","og_locale":"fr_FR","og_type":"article","og_title":"A f\u00e9 \u00e9 a certeza daquilo que esperamos - Ora\u00e7\u00e3o e F\u00e9","og_description":"Deus tem pra voc\u00ea uma palavra de vida!","og_url":"https:\/\/www.oracaoefe.com\/fr\/a-fe-e-a-certeza-daquilo-que-esperamos\/","og_site_name":"Ora\u00e7\u00e3o e F\u00e9","article_published_time":"2024-07-08T04:00:00+00:00","og_image":[{"width":740,"height":511,"url":"https:\/\/www.oracaoefe.com\/wp-content\/uploads\/2024\/07\/image-2.png","type":"image\/png"}],"author":"Michele Azevedo","twitter_card":"summary_large_image","twitter_misc":{"\u00c9crit par":"Michele Azevedo","Dur\u00e9e de lecture estim\u00e9e":"4 minutes"},"schema":{"@context":"https:\/\/schema.org","@graph":[{"@type":"Article","@id":"https:\/\/www.oracaoefe.com\/a-fe-e-a-certeza-daquilo-que-esperamos\/#article","isPartOf":{"@id":"https:\/\/www.oracaoefe.com\/a-fe-e-a-certeza-daquilo-que-esperamos\/"},"author":{"name":"Michele Azevedo","@id":"https:\/\/www.oracaoefe.com\/#\/schema\/person\/17283c669442cf005c4d5bb58adfb7f5"},"headline":"A f\u00e9 \u00e9 a certeza daquilo que esperamos","datePublished":"2024-07-08T04:00:00+00:00","mainEntityOfPage":{"@id":"https:\/\/www.oracaoefe.com\/a-fe-e-a-certeza-daquilo-que-esperamos\/"},"wordCount":871,"image":{"@id":"https:\/\/www.oracaoefe.com\/a-fe-e-a-certeza-daquilo-que-esperamos\/#primaryimage"},"thumbnailUrl":"https:\/\/www.oracaoefe.com\/wp-content\/uploads\/2024\/07\/image-2.png","keywords":["fe"],"articleSection":["F\u00e9"],"inLanguage":"fr-FR"},{"@type":"WebPage","@id":"https:\/\/www.oracaoefe.com\/a-fe-e-a-certeza-daquilo-que-esperamos\/","url":"https:\/\/www.oracaoefe.com\/a-fe-e-a-certeza-daquilo-que-esperamos\/","name":"A f\u00e9 \u00e9 a certeza daquilo que esperamos - Ora\u00e7\u00e3o e F\u00e9","isPartOf":{"@id":"https:\/\/www.oracaoefe.com\/#website"},"primaryImageOfPage":{"@id":"https:\/\/www.oracaoefe.com\/a-fe-e-a-certeza-daquilo-que-esperamos\/#primaryimage"},"image":{"@id":"https:\/\/www.oracaoefe.com\/a-fe-e-a-certeza-daquilo-que-esperamos\/#primaryimage"},"thumbnailUrl":"https:\/\/www.oracaoefe.com\/wp-content\/uploads\/2024\/07\/image-2.png","datePublished":"2024-07-08T04:00:00+00:00","author":{"@id":"https:\/\/www.oracaoefe.com\/#\/schema\/person\/17283c669442cf005c4d5bb58adfb7f5"},"description":"Dieu a une parole de vie pour vous !","breadcrumb":{"@id":"https:\/\/www.oracaoefe.com\/a-fe-e-a-certeza-daquilo-que-esperamos\/#breadcrumb"},"inLanguage":"fr-FR","potentialAction":[{"@type":"ReadAction","target":["https:\/\/www.oracaoefe.com\/a-fe-e-a-certeza-daquilo-que-esperamos\/"]}]},{"@type":"ImageObject","inLanguage":"fr-FR","@id":"https:\/\/www.oracaoefe.com\/a-fe-e-a-certeza-daquilo-que-esperamos\/#primaryimage","url":"https:\/\/www.oracaoefe.com\/wp-content\/uploads\/2024\/07\/image-2.png","contentUrl":"https:\/\/www.oracaoefe.com\/wp-content\/uploads\/2024\/07\/image-2.png","width":740,"height":511},{"@type":"BreadcrumbList","@id":"https:\/\/www.oracaoefe.com\/a-fe-e-a-certeza-daquilo-que-esperamos\/#breadcrumb","itemListElement":[{"@type":"ListItem","position":1,"name":"Home","item":"https:\/\/www.oracaoefe.com\/"},{"@type":"ListItem","position":2,"name":"F\u00e9","item":"https:\/\/www.oracaoefe.com\/es\/categoria\/fe\/"},{"@type":"ListItem","position":3,"name":"A f\u00e9 \u00e9 a certeza daquilo que esperamos"}]},{"@type":"WebSite","@id":"https:\/\/www.oracaoefe.com\/#website","url":"https:\/\/www.oracaoefe.com\/","name":"Pri\u00e8re et foi","description":"","potentialAction":[{"@type":"SearchAction","target":{"@type":"EntryPoint","urlTemplate":"https:\/\/www.oracaoefe.com\/?s={search_term_string}"},"query-input":{"@type":"PropertyValueSpecification","valueRequired":true,"valueName":"search_term_string"}}],"inLanguage":"fr-FR"},{"@type":"Person","@id":"https:\/\/www.oracaoefe.com\/#\/schema\/person\/17283c669442cf005c4d5bb58adfb7f5","name":"Michele Azevedo","image":{"@type":"ImageObject","inLanguage":"fr-FR","@id":"https:\/\/secure.gravatar.com\/avatar\/6b0eb9d22841282815e2cd856a0061c45e1761cd54b22e952d98c4746939aa85?s=96&d=mm&r=g","url":"https:\/\/secure.gravatar.com\/avatar\/6b0eb9d22841282815e2cd856a0061c45e1761cd54b22e952d98c4746939aa85?s=96&d=mm&r=g","contentUrl":"https:\/\/secure.gravatar.com\/avatar\/6b0eb9d22841282815e2cd856a0061c45e1761cd54b22e952d98c4746939aa85?s=96&d=mm&r=g","caption":"Michele Azevedo"},"description":"Dipl\u00f4m\u00e9e en litt\u00e9rature portugaise\/anglaise de l&#039;Universit\u00e9 d&#039;\u00c9tat de Ponta Grossa (UEPG), avec des dipl\u00f4mes de troisi\u00e8me cycle en art dans l&#039;\u00e9ducation (FAPI) et en psychop\u00e9dagogie scolaire (FAPI), elle est la cr\u00e9atrice et propri\u00e9taire du site web Escritora de Sucesso, a de l&#039;exp\u00e9rience dans l&#039;\u00e9criture pour les blogs en g\u00e9n\u00e9ral et travaille comme r\u00e9dactrice et \u00e9ditrice du contenu pour Ora\u00e7\u00e3o e F\u00e9.","url":"https:\/\/www.oracaoefe.com\/fr\/author\/michele-azevedo\/"}]}},"_links":{"self":[{"href":"https:\/\/www.oracaoefe.com\/fr\/wp-json\/wp\/v2\/posts\/2922","targetHints":{"allow":["GET"]}}],"collection":[{"href":"https:\/\/www.oracaoefe.com\/fr\/wp-json\/wp\/v2\/posts"}],"about":[{"href":"https:\/\/www.oracaoefe.com\/fr\/wp-json\/wp\/v2\/types\/post"}],"author":[{"embeddable":true,"href":"https:\/\/www.oracaoefe.com\/fr\/wp-json\/wp\/v2\/users\/3"}],"replies":[{"embeddable":true,"href":"https:\/\/www.oracaoefe.com\/fr\/wp-json\/wp\/v2\/comments?post=2922"}],"version-history":[{"count":2,"href":"https:\/\/www.oracaoefe.com\/fr\/wp-json\/wp\/v2\/posts\/2922\/revisions"}],"predecessor-version":[{"id":2935,"href":"https:\/\/www.oracaoefe.com\/fr\/wp-json\/wp\/v2\/posts\/2922\/revisions\/2935"}],"wp:featuredmedia":[{"embeddable":true,"href":"https:\/\/www.oracaoefe.com\/fr\/wp-json\/wp\/v2\/media\/2934"}],"wp:attachment":[{"href":"https:\/\/www.oracaoefe.com\/fr\/wp-json\/wp\/v2\/media?parent=2922"}],"wp:term":[{"taxonomy":"category","embeddable":true,"href":"https:\/\/www.oracaoefe.com\/fr\/wp-json\/wp\/v2\/categories?post=2922"},{"taxonomy":"post_tag","embeddable":true,"href":"https:\/\/www.oracaoefe.com\/fr\/wp-json\/wp\/v2\/tags?post=2922"}],"curies":[{"name":"wp","href":"https:\/\/api.w.org\/{rel}","templated":true}]}}