{"id":2918,"date":"2024-07-02T20:35:21","date_gmt":"2024-07-02T23:35:21","guid":{"rendered":"https:\/\/www.oracaoefe.com\/?p=2918"},"modified":"2025-06-15T15:15:30","modified_gmt":"2025-06-15T18:15:30","slug":"o-que-marcos-923-nos-ensina-entenda-o-poder-da-fe","status":"publish","type":"post","link":"https:\/\/www.oracaoefe.com\/fr\/o-que-marcos-923-nos-ensina-entenda-o-poder-da-fe\/","title":{"rendered":"O que Marcos 9:23 nos ensina? Entenda o poder da f\u00e9"},"content":{"rendered":"<p class=\"wp-block-paragraph\">A passagem b\u00edblica de Marcos 9:23 \u00e9 um dos vers\u00edculos que destaca o poder da f\u00e9 na vida crist\u00e3. Neste texto, Jesus diz: &#8220;Se podes? Tudo \u00e9 poss\u00edvel ao que cr\u00ea.&#8221; Essas palavras s\u00e3o uma revela\u00e7\u00e3o poderosa sobre como a f\u00e9 pode transformar realidades e mover montanhas.<\/p>\n\n\n\n<h2 class=\"wp-block-heading\">Contexto e significado de Marcos 9:23<\/h2>\n\n\n\n<p class=\"wp-block-paragraph\">Marcos 9:23 faz parte do relato em que um pai aflito busca ajuda para seu filho possesso. Ele se dirige a Jesus ap\u00f3s ter buscado aux\u00edlio com os disc\u00edpulos, que n\u00e3o conseguiram libertar o menino.&nbsp;<\/p>\n\n\n\n<p class=\"wp-block-paragraph\">Jesus ent\u00e3o responde ao pai com a afirma\u00e7\u00e3o de que tudo \u00e9 poss\u00edvel para aquele que cr\u00ea. Este contexto ressalta a import\u00e2ncia da f\u00e9 como condi\u00e7\u00e3o fundamental para receber os milagres de Deus.<\/p>\n\n\n\n<figure class=\"wp-block-image size-full is-resized\"><img loading=\"lazy\" decoding=\"async\" width=\"740\" height=\"493\" src=\"https:\/\/www.oracaoefe.com\/wp-content\/uploads\/2024\/07\/image.png\" alt=\"\" class=\"wp-image-2930\" style=\"width:840px;height:auto\" srcset=\"https:\/\/www.oracaoefe.com\/wp-content\/uploads\/2024\/07\/image.png 740w, https:\/\/www.oracaoefe.com\/wp-content\/uploads\/2024\/07\/image-300x200.png 300w, https:\/\/www.oracaoefe.com\/wp-content\/uploads\/2024\/07\/image-18x12.png 18w\" sizes=\"auto, (max-width: 740px) 100vw, 740px\" \/><\/figure>\n\n\n\n<h2 class=\"wp-block-heading\">A import\u00e2ncia da f\u00e9 na vida crist\u00e3<\/h2>\n\n\n\n<p class=\"wp-block-paragraph\">Um dos pilares centrais da vida crist\u00e3, \u00e9 a f\u00e9. Ela n\u00e3o apenas envolve acreditar na exist\u00eancia de Deus, mas tamb\u00e9m confiar em Seu poder e em Sua vontade soberana. Marcos 9:23 ilustra que a f\u00e9 \u00e9 ativa e din\u00e2mica, capaz de operar transforma\u00e7\u00f5es tanto internas quanto externas na vida daqueles que a possuem.<\/p>\n\n\n\n<h2 class=\"wp-block-heading\">A natureza transformadora da f\u00e9<\/h2>\n\n\n\n<p class=\"wp-block-paragraph\">A f\u00e9 crist\u00e3 n\u00e3o \u00e9 apenas uma cren\u00e7a passiva, mas uma convic\u00e7\u00e3o profunda que move os crentes a agir conforme os princ\u00edpios e promessas da Palavra de Deus. Ela proporciona esperan\u00e7a, fortalece em tempos de adversidade e permite que os crist\u00e3os experimentem a gra\u00e7a e o poder divino em suas vidas di\u00e1rias.<\/p>\n\n\n\n<h2 class=\"wp-block-heading\">Exemplos b\u00edblicos de f\u00e9<\/h2>\n\n\n\n<p class=\"wp-block-paragraph\">Ao longo da B\u00edblia, encontramos diversos exemplos de homens e mulheres cuja f\u00e9 foi testada e fortalecida. Abra\u00e3o, por exemplo, \u00e9 conhecido como o pai da f\u00e9 por ter confiado nas promessas de Deus mesmo em situa\u00e7\u00f5es imposs\u00edveis aos olhos humanos. Atrav\u00e9s de sua f\u00e9, ele experimentou a fidelidade divina.<\/p>\n\n\n\n<h2 class=\"wp-block-heading\">Como desenvolver uma f\u00e9 forte<\/h2>\n\n\n\n<p class=\"wp-block-paragraph\">Desenvolver uma f\u00e9 forte requer pr\u00e1tica e compromisso. Isso envolve:<\/p>\n\n\n\n<ul class=\"wp-block-list\">\n<li><strong>Estudo da palavra de Deus<\/strong>: Conhecer as promessas e os ensinamentos b\u00edblicos \u00e9 fundamental para fortalecer a f\u00e9.<\/li>\n<\/ul>\n\n\n\n<ul class=\"wp-block-list\">\n<li><strong>Ora\u00e7\u00e3o e comunh\u00e3o<\/strong>: Manter uma vida de ora\u00e7\u00e3o regular e cultivar comunh\u00e3o com Deus fortalece a f\u00e9 e a confian\u00e7a na Sua vontade.<\/li>\n<\/ul>\n\n\n\n<ul class=\"wp-block-list\">\n<li><strong>Testemunho e compartilhamento<\/strong>: Ver e compartilhar os testemunhos de f\u00e9 de outras pessoas pode encorajar e edificar a nossa pr\u00f3pria f\u00e9.<\/li>\n<\/ul>\n\n\n\n<h2 class=\"wp-block-heading\">Os desafios da f\u00e9<\/h2>\n\n\n\n<p class=\"wp-block-paragraph\">Embora a f\u00e9 seja poderosa, tamb\u00e9m enfrentamos desafios que podem abalar nossa confian\u00e7a. D\u00favidas, dificuldades e prova\u00e7\u00f5es podem surgir, mas \u00e9 precisamente nesses momentos que a f\u00e9 pode se fortalecer. Como o pai do menino possesso em Marcos 9, podemos buscar a ajuda de Jesus para fortalecer nossa f\u00e9 e superar esses desafios.<\/p>\n\n\n\n<h2 class=\"wp-block-heading\">O papel da f\u00e9 na ora\u00e7\u00e3o e nos milagres<\/h2>\n\n\n\n<p class=\"wp-block-paragraph\">A ora\u00e7\u00e3o \u00e9 uma express\u00e3o de f\u00e9. Quando oramos, estamos confiando que Deus ouve nossas peti\u00e7\u00f5es e age conforme Sua vontade e Seu tempo. Garante que sempre receberemos o que pedimos da maneira que esperamos, mas nos assegura de que Deus est\u00e1 no controle e age para o nosso bem maior.<\/p>\n\n\n\n<h2 class=\"wp-block-heading\">Impacto da f\u00e9 na vida pessoal e comunit\u00e1ria<\/h2>\n\n\n\n<p class=\"wp-block-paragraph\">Individualmente, a f\u00e9 nos sustenta e guia em nossas jornadas espirituais. Coletivamente, une os crentes em comunidades de adora\u00e7\u00e3o e servi\u00e7o m\u00fatuo. Atrav\u00e9s da partilha de experi\u00eancias e do apoio m\u00fatuo, os crist\u00e3os fortalecem uns aos outros e glorificam a Deus juntos.<\/p>\n\n\n\n<h2 class=\"wp-block-heading\">Aplicando Marcos 9:23 hoje<\/h2>\n\n\n\n<p class=\"wp-block-paragraph\">Marcos 9:23 continua sendo uma promessa e um desafio para os crist\u00e3os nos dias de hoje. Atrav\u00e9s da f\u00e9, podemos experimentar o poder transformador de Deus em nossas vidas, enfrentar adversidades com esperan\u00e7a e viver de acordo com os princ\u00edpios do Reino de Deus.&nbsp;<\/p>\n\n\n\n<p class=\"wp-block-paragraph\">Que possamos buscar uma f\u00e9 que n\u00e3o apenas acredita, mas que tamb\u00e9m age e transforma, glorificando a Deus em tudo o que fazemos.<\/p>\n\n\n\n<p class=\"wp-block-paragraph\"><strong>Voir aussi\u00a0: <a href=\"https:\/\/www.oracaoefe.com\/fr\/oracao-para-protecao-e-saude-ao-longo-da-gravidez\/\">Ora\u00e7\u00e3o para prote\u00e7\u00e3o e sa\u00fade ao longo da gravidez<\/a><\/strong><\/p>\n\n\n\n<p class=\"wp-block-paragraph\">2 de julho de 2024<\/p>","protected":false},"excerpt":{"rendered":"<p>A passagem b\u00edblica de Marcos 9:23 \u00e9 um dos vers\u00edculos que destaca o poder da f\u00e9 na vida crist\u00e3. Neste texto, Jesus diz: &#8220;Se podes? Tudo \u00e9 poss\u00edvel ao que cr\u00ea.&#8221; Essas palavras s\u00e3o uma revela\u00e7\u00e3o poderosa sobre como a f\u00e9 pode transformar realidades e mover montanhas. Contexto e significado de Marcos 9:23 Marcos 9:23&hellip;&nbsp;<\/p>","protected":false},"author":3,"featured_media":2930,"comment_status":"closed","ping_status":"closed","sticky":false,"template":"","format":"standard","meta":{"neve_meta_sidebar":"","neve_meta_container":"","neve_meta_enable_content_width":"","neve_meta_content_width":0,"neve_meta_title_alignment":"","neve_meta_author_avatar":"","neve_post_elements_order":"","neve_meta_disable_header":"","neve_meta_disable_footer":"","neve_meta_disable_title":"","footnotes":""},"categories":[3],"tags":[],"class_list":["post-2918","post","type-post","status-publish","format-standard","has-post-thumbnail","hentry","category-fe"],"yoast_head":"<!-- This site is optimized with the Yoast SEO plugin v28.4 - https:\/\/yoast.com\/product\/yoast-seo-wordpress\/ -->\n<title>O que Marcos 9:23 nos ensina? Entenda o poder da f\u00e9 - Ora\u00e7\u00e3o e F\u00e9<\/title>\n<meta name=\"description\" content=\"Deus tem pra voc\u00ea uma palavra de vida!\" \/>\n<meta name=\"robots\" content=\"index, follow, max-snippet:-1, max-image-preview:large, max-video-preview:-1\" \/>\n<link rel=\"canonical\" href=\"https:\/\/www.oracaoefe.com\/fr\/o-que-marcos-923-nos-ensina-entenda-o-poder-da-fe\/\" \/>\n<meta property=\"og:locale\" content=\"fr_FR\" \/>\n<meta property=\"og:type\" content=\"article\" \/>\n<meta property=\"og:title\" content=\"O que Marcos 9:23 nos ensina? Entenda o poder da f\u00e9 - Ora\u00e7\u00e3o e F\u00e9\" \/>\n<meta property=\"og:description\" content=\"Deus tem pra voc\u00ea uma palavra de vida!\" \/>\n<meta property=\"og:url\" content=\"https:\/\/www.oracaoefe.com\/fr\/o-que-marcos-923-nos-ensina-entenda-o-poder-da-fe\/\" \/>\n<meta property=\"og:site_name\" content=\"Ora\u00e7\u00e3o e F\u00e9\" \/>\n<meta property=\"article:published_time\" content=\"2024-07-02T23:35:21+00:00\" \/>\n<meta property=\"article:modified_time\" content=\"2025-06-15T18:15:30+00:00\" \/>\n<meta property=\"og:image\" content=\"https:\/\/www.oracaoefe.com\/wp-content\/uploads\/2024\/07\/image.png\" \/>\n\t<meta property=\"og:image:width\" content=\"740\" \/>\n\t<meta property=\"og:image:height\" content=\"493\" \/>\n\t<meta property=\"og:image:type\" content=\"image\/png\" \/>\n<meta name=\"author\" content=\"Michele Azevedo\" \/>\n<meta name=\"twitter:card\" content=\"summary_large_image\" \/>\n<meta name=\"twitter:label1\" content=\"\u00c9crit par\" \/>\n\t<meta name=\"twitter:data1\" content=\"Michele Azevedo\" \/>\n\t<meta name=\"twitter:label2\" content=\"Dur\u00e9e de lecture estim\u00e9e\" \/>\n\t<meta name=\"twitter:data2\" content=\"3 minutes\" \/>\n<script type=\"application\/ld+json\" class=\"yoast-schema-graph\">{\"@context\":\"https:\\\/\\\/schema.org\",\"@graph\":[{\"@type\":\"Article\",\"@id\":\"https:\\\/\\\/www.oracaoefe.com\\\/o-que-marcos-923-nos-ensina-entenda-o-poder-da-fe\\\/#article\",\"isPartOf\":{\"@id\":\"https:\\\/\\\/www.oracaoefe.com\\\/o-que-marcos-923-nos-ensina-entenda-o-poder-da-fe\\\/\"},\"author\":{\"name\":\"Michele Azevedo\",\"@id\":\"https:\\\/\\\/www.oracaoefe.com\\\/#\\\/schema\\\/person\\\/17283c669442cf005c4d5bb58adfb7f5\"},\"headline\":\"O que Marcos 9:23 nos ensina? Entenda o poder da f\u00e9\",\"datePublished\":\"2024-07-02T23:35:21+00:00\",\"dateModified\":\"2025-06-15T18:15:30+00:00\",\"mainEntityOfPage\":{\"@id\":\"https:\\\/\\\/www.oracaoefe.com\\\/o-que-marcos-923-nos-ensina-entenda-o-poder-da-fe\\\/\"},\"wordCount\":685,\"image\":{\"@id\":\"https:\\\/\\\/www.oracaoefe.com\\\/o-que-marcos-923-nos-ensina-entenda-o-poder-da-fe\\\/#primaryimage\"},\"thumbnailUrl\":\"https:\\\/\\\/www.oracaoefe.com\\\/wp-content\\\/uploads\\\/2024\\\/07\\\/image.png\",\"articleSection\":[\"F\u00e9\"],\"inLanguage\":\"fr-FR\"},{\"@type\":\"WebPage\",\"@id\":\"https:\\\/\\\/www.oracaoefe.com\\\/o-que-marcos-923-nos-ensina-entenda-o-poder-da-fe\\\/\",\"url\":\"https:\\\/\\\/www.oracaoefe.com\\\/o-que-marcos-923-nos-ensina-entenda-o-poder-da-fe\\\/\",\"name\":\"O que Marcos 9:23 nos ensina? Entenda o poder da f\u00e9 - Ora\u00e7\u00e3o e F\u00e9\",\"isPartOf\":{\"@id\":\"https:\\\/\\\/www.oracaoefe.com\\\/#website\"},\"primaryImageOfPage\":{\"@id\":\"https:\\\/\\\/www.oracaoefe.com\\\/o-que-marcos-923-nos-ensina-entenda-o-poder-da-fe\\\/#primaryimage\"},\"image\":{\"@id\":\"https:\\\/\\\/www.oracaoefe.com\\\/o-que-marcos-923-nos-ensina-entenda-o-poder-da-fe\\\/#primaryimage\"},\"thumbnailUrl\":\"https:\\\/\\\/www.oracaoefe.com\\\/wp-content\\\/uploads\\\/2024\\\/07\\\/image.png\",\"datePublished\":\"2024-07-02T23:35:21+00:00\",\"dateModified\":\"2025-06-15T18:15:30+00:00\",\"author\":{\"@id\":\"https:\\\/\\\/www.oracaoefe.com\\\/#\\\/schema\\\/person\\\/17283c669442cf005c4d5bb58adfb7f5\"},\"description\":\"Deus tem pra voc\u00ea uma palavra de vida!\",\"breadcrumb\":{\"@id\":\"https:\\\/\\\/www.oracaoefe.com\\\/o-que-marcos-923-nos-ensina-entenda-o-poder-da-fe\\\/#breadcrumb\"},\"inLanguage\":\"fr-FR\",\"potentialAction\":[{\"@type\":\"ReadAction\",\"target\":[\"https:\\\/\\\/www.oracaoefe.com\\\/o-que-marcos-923-nos-ensina-entenda-o-poder-da-fe\\\/\"]}]},{\"@type\":\"ImageObject\",\"inLanguage\":\"fr-FR\",\"@id\":\"https:\\\/\\\/www.oracaoefe.com\\\/o-que-marcos-923-nos-ensina-entenda-o-poder-da-fe\\\/#primaryimage\",\"url\":\"https:\\\/\\\/www.oracaoefe.com\\\/wp-content\\\/uploads\\\/2024\\\/07\\\/image.png\",\"contentUrl\":\"https:\\\/\\\/www.oracaoefe.com\\\/wp-content\\\/uploads\\\/2024\\\/07\\\/image.png\",\"width\":740,\"height\":493},{\"@type\":\"BreadcrumbList\",\"@id\":\"https:\\\/\\\/www.oracaoefe.com\\\/o-que-marcos-923-nos-ensina-entenda-o-poder-da-fe\\\/#breadcrumb\",\"itemListElement\":[{\"@type\":\"ListItem\",\"position\":1,\"name\":\"Home\",\"item\":\"https:\\\/\\\/www.oracaoefe.com\\\/\"},{\"@type\":\"ListItem\",\"position\":2,\"name\":\"O que Marcos 9:23 nos ensina? Entenda o poder da f\u00e9\"}]},{\"@type\":\"WebSite\",\"@id\":\"https:\\\/\\\/www.oracaoefe.com\\\/#website\",\"url\":\"https:\\\/\\\/www.oracaoefe.com\\\/\",\"name\":\"Ora\u00e7\u00e3o e F\u00e9\",\"description\":\"\",\"potentialAction\":[{\"@type\":\"SearchAction\",\"target\":{\"@type\":\"EntryPoint\",\"urlTemplate\":\"https:\\\/\\\/www.oracaoefe.com\\\/?s={search_term_string}\"},\"query-input\":{\"@type\":\"PropertyValueSpecification\",\"valueRequired\":true,\"valueName\":\"search_term_string\"}}],\"inLanguage\":\"fr-FR\"},{\"@type\":\"Person\",\"@id\":\"https:\\\/\\\/www.oracaoefe.com\\\/#\\\/schema\\\/person\\\/17283c669442cf005c4d5bb58adfb7f5\",\"name\":\"Michele Azevedo\",\"image\":{\"@type\":\"ImageObject\",\"inLanguage\":\"fr-FR\",\"@id\":\"https:\\\/\\\/secure.gravatar.com\\\/avatar\\\/6b0eb9d22841282815e2cd856a0061c45e1761cd54b22e952d98c4746939aa85?s=96&d=mm&r=g\",\"url\":\"https:\\\/\\\/secure.gravatar.com\\\/avatar\\\/6b0eb9d22841282815e2cd856a0061c45e1761cd54b22e952d98c4746939aa85?s=96&d=mm&r=g\",\"contentUrl\":\"https:\\\/\\\/secure.gravatar.com\\\/avatar\\\/6b0eb9d22841282815e2cd856a0061c45e1761cd54b22e952d98c4746939aa85?s=96&d=mm&r=g\",\"caption\":\"Michele Azevedo\"},\"description\":\"Formada em Letras - Portugu\u00eas\\\/ Ingl\u00eas pela Universidade Estadual de Ponta Grossa (UEPG), p\u00f3s-graduada em Arte na Educa\u00e7\u00e3o (FAPI) e Psicopedagogia Escolar (FAPI), idealizadora e propriet\u00e1ria do site Escritora de Sucesso, possui experi\u00eancia em escrita para blogs em geral e atua como redatora e revisora dos conte\u00fados do Ora\u00e7\u00e3o e F\u00e9.\",\"url\":\"https:\\\/\\\/www.oracaoefe.com\\\/fr\\\/author\\\/michele-azevedo\\\/\"}]}<\/script>\n<!-- \/ Yoast SEO plugin. -->","yoast_head_json":{"title":"O que Marcos 9:23 nos ensina? Entenda o poder da f\u00e9 - Ora\u00e7\u00e3o e F\u00e9","description":"Dieu a une parole de vie pour vous !","robots":{"index":"index","follow":"follow","max-snippet":"max-snippet:-1","max-image-preview":"max-image-preview:large","max-video-preview":"max-video-preview:-1"},"canonical":"https:\/\/www.oracaoefe.com\/fr\/o-que-marcos-923-nos-ensina-entenda-o-poder-da-fe\/","og_locale":"fr_FR","og_type":"article","og_title":"O que Marcos 9:23 nos ensina? Entenda o poder da f\u00e9 - Ora\u00e7\u00e3o e F\u00e9","og_description":"Deus tem pra voc\u00ea uma palavra de vida!","og_url":"https:\/\/www.oracaoefe.com\/fr\/o-que-marcos-923-nos-ensina-entenda-o-poder-da-fe\/","og_site_name":"Ora\u00e7\u00e3o e F\u00e9","article_published_time":"2024-07-02T23:35:21+00:00","article_modified_time":"2025-06-15T18:15:30+00:00","og_image":[{"width":740,"height":493,"url":"https:\/\/www.oracaoefe.com\/wp-content\/uploads\/2024\/07\/image.png","type":"image\/png"}],"author":"Michele Azevedo","twitter_card":"summary_large_image","twitter_misc":{"\u00c9crit par":"Michele Azevedo","Dur\u00e9e de lecture estim\u00e9e":"3 minutes"},"schema":{"@context":"https:\/\/schema.org","@graph":[{"@type":"Article","@id":"https:\/\/www.oracaoefe.com\/o-que-marcos-923-nos-ensina-entenda-o-poder-da-fe\/#article","isPartOf":{"@id":"https:\/\/www.oracaoefe.com\/o-que-marcos-923-nos-ensina-entenda-o-poder-da-fe\/"},"author":{"name":"Michele Azevedo","@id":"https:\/\/www.oracaoefe.com\/#\/schema\/person\/17283c669442cf005c4d5bb58adfb7f5"},"headline":"O que Marcos 9:23 nos ensina? Entenda o poder da f\u00e9","datePublished":"2024-07-02T23:35:21+00:00","dateModified":"2025-06-15T18:15:30+00:00","mainEntityOfPage":{"@id":"https:\/\/www.oracaoefe.com\/o-que-marcos-923-nos-ensina-entenda-o-poder-da-fe\/"},"wordCount":685,"image":{"@id":"https:\/\/www.oracaoefe.com\/o-que-marcos-923-nos-ensina-entenda-o-poder-da-fe\/#primaryimage"},"thumbnailUrl":"https:\/\/www.oracaoefe.com\/wp-content\/uploads\/2024\/07\/image.png","articleSection":["F\u00e9"],"inLanguage":"fr-FR"},{"@type":"WebPage","@id":"https:\/\/www.oracaoefe.com\/o-que-marcos-923-nos-ensina-entenda-o-poder-da-fe\/","url":"https:\/\/www.oracaoefe.com\/o-que-marcos-923-nos-ensina-entenda-o-poder-da-fe\/","name":"O que Marcos 9:23 nos ensina? Entenda o poder da f\u00e9 - Ora\u00e7\u00e3o e F\u00e9","isPartOf":{"@id":"https:\/\/www.oracaoefe.com\/#website"},"primaryImageOfPage":{"@id":"https:\/\/www.oracaoefe.com\/o-que-marcos-923-nos-ensina-entenda-o-poder-da-fe\/#primaryimage"},"image":{"@id":"https:\/\/www.oracaoefe.com\/o-que-marcos-923-nos-ensina-entenda-o-poder-da-fe\/#primaryimage"},"thumbnailUrl":"https:\/\/www.oracaoefe.com\/wp-content\/uploads\/2024\/07\/image.png","datePublished":"2024-07-02T23:35:21+00:00","dateModified":"2025-06-15T18:15:30+00:00","author":{"@id":"https:\/\/www.oracaoefe.com\/#\/schema\/person\/17283c669442cf005c4d5bb58adfb7f5"},"description":"Dieu a une parole de vie pour vous !","breadcrumb":{"@id":"https:\/\/www.oracaoefe.com\/o-que-marcos-923-nos-ensina-entenda-o-poder-da-fe\/#breadcrumb"},"inLanguage":"fr-FR","potentialAction":[{"@type":"ReadAction","target":["https:\/\/www.oracaoefe.com\/o-que-marcos-923-nos-ensina-entenda-o-poder-da-fe\/"]}]},{"@type":"ImageObject","inLanguage":"fr-FR","@id":"https:\/\/www.oracaoefe.com\/o-que-marcos-923-nos-ensina-entenda-o-poder-da-fe\/#primaryimage","url":"https:\/\/www.oracaoefe.com\/wp-content\/uploads\/2024\/07\/image.png","contentUrl":"https:\/\/www.oracaoefe.com\/wp-content\/uploads\/2024\/07\/image.png","width":740,"height":493},{"@type":"BreadcrumbList","@id":"https:\/\/www.oracaoefe.com\/o-que-marcos-923-nos-ensina-entenda-o-poder-da-fe\/#breadcrumb","itemListElement":[{"@type":"ListItem","position":1,"name":"Home","item":"https:\/\/www.oracaoefe.com\/"},{"@type":"ListItem","position":2,"name":"O que Marcos 9:23 nos ensina? Entenda o poder da f\u00e9"}]},{"@type":"WebSite","@id":"https:\/\/www.oracaoefe.com\/#website","url":"https:\/\/www.oracaoefe.com\/","name":"Pri\u00e8re et foi","description":"","potentialAction":[{"@type":"SearchAction","target":{"@type":"EntryPoint","urlTemplate":"https:\/\/www.oracaoefe.com\/?s={search_term_string}"},"query-input":{"@type":"PropertyValueSpecification","valueRequired":true,"valueName":"search_term_string"}}],"inLanguage":"fr-FR"},{"@type":"Person","@id":"https:\/\/www.oracaoefe.com\/#\/schema\/person\/17283c669442cf005c4d5bb58adfb7f5","name":"Michele Azevedo","image":{"@type":"ImageObject","inLanguage":"fr-FR","@id":"https:\/\/secure.gravatar.com\/avatar\/6b0eb9d22841282815e2cd856a0061c45e1761cd54b22e952d98c4746939aa85?s=96&d=mm&r=g","url":"https:\/\/secure.gravatar.com\/avatar\/6b0eb9d22841282815e2cd856a0061c45e1761cd54b22e952d98c4746939aa85?s=96&d=mm&r=g","contentUrl":"https:\/\/secure.gravatar.com\/avatar\/6b0eb9d22841282815e2cd856a0061c45e1761cd54b22e952d98c4746939aa85?s=96&d=mm&r=g","caption":"Michele Azevedo"},"description":"Dipl\u00f4m\u00e9e en litt\u00e9rature portugaise\/anglaise de l&#039;Universit\u00e9 d&#039;\u00c9tat de Ponta Grossa (UEPG), avec des dipl\u00f4mes de troisi\u00e8me cycle en art dans l&#039;\u00e9ducation (FAPI) et en psychop\u00e9dagogie scolaire (FAPI), elle est la cr\u00e9atrice et propri\u00e9taire du site web Escritora de Sucesso, a de l&#039;exp\u00e9rience dans l&#039;\u00e9criture pour les blogs en g\u00e9n\u00e9ral et travaille comme r\u00e9dactrice et \u00e9ditrice du contenu pour Ora\u00e7\u00e3o e F\u00e9.","url":"https:\/\/www.oracaoefe.com\/fr\/author\/michele-azevedo\/"}]}},"_links":{"self":[{"href":"https:\/\/www.oracaoefe.com\/fr\/wp-json\/wp\/v2\/posts\/2918","targetHints":{"allow":["GET"]}}],"collection":[{"href":"https:\/\/www.oracaoefe.com\/fr\/wp-json\/wp\/v2\/posts"}],"about":[{"href":"https:\/\/www.oracaoefe.com\/fr\/wp-json\/wp\/v2\/types\/post"}],"author":[{"embeddable":true,"href":"https:\/\/www.oracaoefe.com\/fr\/wp-json\/wp\/v2\/users\/3"}],"replies":[{"embeddable":true,"href":"https:\/\/www.oracaoefe.com\/fr\/wp-json\/wp\/v2\/comments?post=2918"}],"version-history":[{"count":2,"href":"https:\/\/www.oracaoefe.com\/fr\/wp-json\/wp\/v2\/posts\/2918\/revisions"}],"predecessor-version":[{"id":2931,"href":"https:\/\/www.oracaoefe.com\/fr\/wp-json\/wp\/v2\/posts\/2918\/revisions\/2931"}],"wp:featuredmedia":[{"embeddable":true,"href":"https:\/\/www.oracaoefe.com\/fr\/wp-json\/wp\/v2\/media\/2930"}],"wp:attachment":[{"href":"https:\/\/www.oracaoefe.com\/fr\/wp-json\/wp\/v2\/media?parent=2918"}],"wp:term":[{"taxonomy":"category","embeddable":true,"href":"https:\/\/www.oracaoefe.com\/fr\/wp-json\/wp\/v2\/categories?post=2918"},{"taxonomy":"post_tag","embeddable":true,"href":"https:\/\/www.oracaoefe.com\/fr\/wp-json\/wp\/v2\/tags?post=2918"}],"curies":[{"name":"wp","href":"https:\/\/api.w.org\/{rel}","templated":true}]}}