{"id":291,"date":"2022-09-24T21:50:19","date_gmt":"2022-09-25T00:50:19","guid":{"rendered":"https:\/\/www.oracaoefe.com\/?p=291"},"modified":"2025-06-15T15:17:27","modified_gmt":"2025-06-15T18:17:27","slug":"tudo-o-que-acontece-e-decidido-antecipadamente-por-deus","status":"publish","type":"post","link":"https:\/\/www.oracaoefe.com\/fr\/tudo-o-que-acontece-e-decidido-antecipadamente-por-deus\/","title":{"rendered":"Est-ce que tout ce qui arrive est d\u00e9cid\u00e9 \u00e0 l'avance par Dieu ?"},"content":{"rendered":"<div class=\"wp-block-post-date\"><time datetime=\"2022-09-24T21:50:19-03:00\">24 septembre 2022<\/time><\/div>\n\n\n<p class=\"wp-block-paragraph\">Essa pergunta \u00e9 muito complexa. Come\u00e7aremos examinando o que a B\u00edblia n\u00e3o diz. O destino \u00e9 geralmente percebido como uma sequ\u00eancia de eventos predeterminados, al\u00e9m de qualquer controle humano.&nbsp;<\/p>\n\n\n\n<p class=\"wp-block-paragraph\">A cren\u00e7a nessa forma de destino leva \u00e0 resigna\u00e7\u00e3o: por que lutar se n\u00e3o podemos mudar nosso destino de qualquer maneira? O que tem que acontecer vai acontecer e n\u00e3o podemos mudar isso. Essa cosmovis\u00e3o \u00e9 chamada de fatalismo e n\u00e3o \u00e9 b\u00edblica.<\/p>\n\n\n\n<p class=\"wp-block-paragraph\">O fatalismo \u00e9 um elemento importante do Isl\u00e3, que exige submiss\u00e3o total \u00e0 soberania de Allah. Tamb\u00e9m est\u00e1 muito presente no hindu\u00edsmo e \u00e9 isso que mant\u00e9m o sistema de castas em vigor na \u00cdndia. A mitologia grega fala das Parcas, as tr\u00eas deusas do destino, que tecem os destinos humanos e cujas decis\u00f5es n\u00e3o podem ser revogadas ou alteradas, nem mesmo pelos outros deuses. Novamente, o fatalismo n\u00e3o \u00e9 b\u00edblico.<\/p>\n\n\n\n<h2 class=\"wp-block-heading\">Destino e Livre Arb\u00edtrio<\/h2>\n\n\n\n<p class=\"wp-block-paragraph\">A B\u00edblia diz que o homem foi criado com consci\u00eancia moral e que \u00e9 livre e respons\u00e1vel por suas escolhas. A queda do homem n\u00e3o foi predeterminada, sendo Ad\u00e3o e Eva apenas v\u00edtimas indefesas de um Deus que puxa as cordas: pelo contr\u00e1rio, eles tiveram que escolher entre a obedi\u00eancia (que traz b\u00ean\u00e7\u00e3o) e a desobedi\u00eancia (que acarreta a maldi\u00e7\u00e3o). Eles sabiam das consequ\u00eancias de sua escolha e prestaram contas a Deus (G\u00eanesis 3).<\/p>\n\n\n\n<p class=\"wp-block-paragraph\">Encontramos este tema da responsabilidade do homem por suas escolhas ao longo das Escrituras. \u201cQuem semeia injusti\u00e7a colher\u00e1 infort\u00fanio.&#8221; (Prov\u00e9rbios 22.8) &#8220;Todo trabalho traz lucro, mas palavras vazias s\u00f3 levam \u00e0 mis\u00e9ria. (Prov\u00e9rbios 14:23) \u201cVoc\u00ea quer n\u00e3o ter que temer a autoridade? Fa\u00e7a o bem e ter\u00e1 a aprova\u00e7\u00e3o dele. &#8221; (Romanos 13.3)<\/p>\n\n\n\n<p class=\"wp-block-paragraph\">Quando a B\u00edblia fala de destino, muitas vezes se refere \u00e0s consequ\u00eancias das escolhas dos homens: &#8220;Pois muitos est\u00e3o se comportando como inimigos da cruz de Cristo. Seu fim \u00e9 a perdi\u00e7\u00e3o. (Filipenses 3:18-19) \u201cComo \u00e9 o seu caminho, assim \u00e9 a sua insensatez. &#8220;(Salmo 49.13 )&nbsp;<\/p>\n\n\n\n<p class=\"wp-block-paragraph\">&#8220;Aquele que comete adult\u00e9rio com uma mulher carece de bom senso. Ele quer destruir a si mesmo, quem age dessa maneira. &#8221; (Prov\u00e9rbios 6.32) &#8220;Cada um foi julgado de acordo com seu modo de agir. (Apocalipse 20:13)<\/p>\n\n\n\n<p class=\"wp-block-paragraph\">N\u00f3s escolhemos pecar. N\u00e3o podemos culpar o destino, a predestina\u00e7\u00e3o ou Deus. Tiago 1:13-14 diz: \u201cNingu\u00e9m diga: &#8216;Sou tentado por Deus', quando tentado; porque Deus n\u00e3o pode ser tentado pelo mal, e ele mesmo a ningu\u00e9m tenta. Mas todos s\u00e3o tentados quando atra\u00eddos e movidos por seus pr\u00f3prios desejos.&nbsp;<\/p>\n\n\n\n<p class=\"wp-block-paragraph\">\u00c9 interessante que muitas pessoas que decidem pecar mais tarde se arrependem das consequ\u00eancias negativas de seu pecado. \u201c\u00c9 a loucura do homem que perverte o seu caminho, mas \u00e9 contra o Senhor que seu cora\u00e7\u00e3o se ira. (Prov\u00e9rbios 19.3)&nbsp;<\/p>\n\n\n\n<p class=\"wp-block-paragraph\">Este vers\u00edculo \u00e9 muito instrutivo: o homem que desperdi\u00e7a sua vida por suas pr\u00f3prias m\u00e1s escolhas persiste em sua loucura culpando Deus, ou possivelmente o destino.<\/p>\n\n\n\n<p class=\"wp-block-paragraph\">A B\u00edblia tamb\u00e9m diz que escolhemos ter f\u00e9, como mostra este mandamento repetido muitas vezes nas Escrituras: &#8220;N\u00e3o desacredite, mas creia!&#8221; (Jo\u00e3o 20.27, veja tamb\u00e9m Atos 16.31, 19.4).<\/p>\n\n\n\n<h3 class=\"wp-block-heading\">Soberania Divina<\/h3>\n\n\n\n<p class=\"wp-block-paragraph\">N\u00e3o somos senhores de nosso destino: somente Deus \u00e9 soberano. Seu dom\u00ednio total dos eventos \u00e9 chamado de Provid\u00eancia. Ele escolheu nos dar o livre arb\u00edtrio e criou um universo moral, regido pela lei de causa e efeito, mas s\u00f3 ele \u00e9 Deus e n\u00e3o h\u00e1 \u201cacidentes\u201d no universo.<\/p>\n\n\n\n<p class=\"wp-block-paragraph\">Um Deus s\u00e1bio e todo-poderoso deve ter um plano. Portanto, n\u00e3o \u00e9 surpreendente que a B\u00edblia fala disso. Este plano \u00e9 santo, s\u00e1bio e benevolente, como o pr\u00f3prio Deus. A provid\u00eancia divina realiza os des\u00edgnios originais que ele tinha para sua cria\u00e7\u00e3o.<\/p>\n\n\n\n<p class=\"wp-block-paragraph\">Deus diz em Isa\u00edas 48.3: H\u00e1 muito tempo eu revelei os primeiros acontecimentos, eles sa\u00edram da minha boca e eu os anunciei. De repente eu agi e eles aconteceram. Deus cumpre o que anuncia (\u00e0s vezes v\u00e1rios s\u00e9culos antes).<\/p>\n\n\n\n<h3 class=\"wp-block-heading\">Um plano pessoal<\/h3>\n\n\n\n<p class=\"wp-block-paragraph\">A soberania de Deus se estende \u00e0 nossa vida pessoal: ele tem um plano para cada um de n\u00f3s, como mostra o chamado de Jeremias ainda antes de seu nascimento: &#8220;A palavra do Senhor veio a mim: &#8220;Antes de formar voc\u00ea no ventre de sua m\u00e3e, Eu te conhecia, e antes de voc\u00ea nascer eu te consagrava, te designava profeta para as na\u00e7\u00f5es.\u201d (Jeremias 1.4-5)<\/p>\n\n\n\n<p class=\"wp-block-paragraph\">Davi tamb\u00e9m sabia que Deus tinha um plano para ele. \u201cEu ainda era uma massa disforme, mas seus olhos me viram, e em seu livro estavam escritos todos os dias que estavam destinados a mim antes de qualquer um deles existir. (Salmo 139.16) Essa certeza lhe permitiu buscar sua vontade em v\u00e1rias situa\u00e7\u00f5es particulares.<\/p>","protected":false},"excerpt":{"rendered":"<p>Essa pergunta \u00e9 muito complexa. Come\u00e7aremos examinando o que a B\u00edblia n\u00e3o diz. O destino \u00e9 geralmente percebido como uma sequ\u00eancia&#8230;<\/p>","protected":false},"author":1,"featured_media":424,"comment_status":"open","ping_status":"closed","sticky":false,"template":"","format":"standard","meta":{"neve_meta_sidebar":"","neve_meta_container":"","neve_meta_enable_content_width":"","neve_meta_content_width":0,"neve_meta_title_alignment":"","neve_meta_author_avatar":"","neve_post_elements_order":"","neve_meta_disable_header":"","neve_meta_disable_footer":"","neve_meta_disable_title":"","footnotes":""},"categories":[3],"tags":[20,55,56,54],"class_list":["post-291","post","type-post","status-publish","format-standard","has-post-thumbnail","hentry","category-fe","tag-deus","tag-futuro","tag-previsao","tag-tudo-que-acontece"],"yoast_head":"<!-- This site is optimized with the Yoast SEO plugin v28.4 - https:\/\/yoast.com\/product\/yoast-seo-wordpress\/ -->\n<title>Tudo o que acontece \u00e9 decidido antecipadamente por Deus? - Ora\u00e7\u00e3o e F\u00e9<\/title>\n<meta name=\"description\" content=\"Essa pergunta \u00e9 muito complexa. Come\u00e7aremos examinando o que a B\u00edblia n\u00e3o diz. O destino \u00e9 geralmente percebido como uma sequ\u00eancia...\" \/>\n<meta name=\"robots\" content=\"index, follow, max-snippet:-1, max-image-preview:large, max-video-preview:-1\" \/>\n<link rel=\"canonical\" href=\"https:\/\/www.oracaoefe.com\/fr\/tudo-o-que-acontece-e-decidido-antecipadamente-por-deus\/\" \/>\n<meta property=\"og:locale\" content=\"fr_FR\" \/>\n<meta property=\"og:type\" content=\"article\" \/>\n<meta property=\"og:title\" content=\"Tudo o que acontece \u00e9 decidido antecipadamente por Deus? - Ora\u00e7\u00e3o e F\u00e9\" \/>\n<meta property=\"og:description\" content=\"Essa pergunta \u00e9 muito complexa. Come\u00e7aremos examinando o que a B\u00edblia n\u00e3o diz. O destino \u00e9 geralmente percebido como uma sequ\u00eancia...\" \/>\n<meta property=\"og:url\" content=\"https:\/\/www.oracaoefe.com\/fr\/tudo-o-que-acontece-e-decidido-antecipadamente-por-deus\/\" \/>\n<meta property=\"og:site_name\" content=\"Ora\u00e7\u00e3o e F\u00e9\" \/>\n<meta property=\"article:published_time\" content=\"2022-09-25T00:50:19+00:00\" \/>\n<meta property=\"article:modified_time\" content=\"2025-06-15T18:17:27+00:00\" \/>\n<meta property=\"og:image\" content=\"https:\/\/www.oracaoefe.com\/wp-content\/uploads\/2022\/09\/Tudo-o-que-acontece-e-decidido-antecipadamente-por-Deus.jpg\" \/>\n\t<meta property=\"og:image:width\" content=\"1200\" \/>\n\t<meta property=\"og:image:height\" content=\"675\" \/>\n\t<meta property=\"og:image:type\" content=\"image\/jpeg\" \/>\n<meta name=\"author\" content=\"Maria\" \/>\n<meta name=\"twitter:card\" content=\"summary_large_image\" \/>\n<meta name=\"twitter:label1\" content=\"\u00c9crit par\" \/>\n\t<meta name=\"twitter:data1\" content=\"Maria\" \/>\n\t<meta name=\"twitter:label2\" content=\"Dur\u00e9e de lecture estim\u00e9e\" \/>\n\t<meta name=\"twitter:data2\" content=\"4 minutes\" \/>\n<script type=\"application\/ld+json\" class=\"yoast-schema-graph\">{\"@context\":\"https:\\\/\\\/schema.org\",\"@graph\":[{\"@type\":\"Article\",\"@id\":\"https:\\\/\\\/www.oracaoefe.com\\\/tudo-o-que-acontece-e-decidido-antecipadamente-por-deus\\\/#article\",\"isPartOf\":{\"@id\":\"https:\\\/\\\/www.oracaoefe.com\\\/tudo-o-que-acontece-e-decidido-antecipadamente-por-deus\\\/\"},\"author\":{\"name\":\"Maria\",\"@id\":\"https:\\\/\\\/www.oracaoefe.com\\\/#\\\/schema\\\/person\\\/27873f1e6043866689f5091b5139f23d\"},\"headline\":\"Tudo o que acontece \u00e9 decidido antecipadamente por Deus?\",\"datePublished\":\"2022-09-25T00:50:19+00:00\",\"dateModified\":\"2025-06-15T18:17:27+00:00\",\"mainEntityOfPage\":{\"@id\":\"https:\\\/\\\/www.oracaoefe.com\\\/tudo-o-que-acontece-e-decidido-antecipadamente-por-deus\\\/\"},\"wordCount\":821,\"commentCount\":0,\"image\":{\"@id\":\"https:\\\/\\\/www.oracaoefe.com\\\/tudo-o-que-acontece-e-decidido-antecipadamente-por-deus\\\/#primaryimage\"},\"thumbnailUrl\":\"https:\\\/\\\/www.oracaoefe.com\\\/wp-content\\\/uploads\\\/2022\\\/09\\\/Tudo-o-que-acontece-e-decidido-antecipadamente-por-Deus.jpg\",\"keywords\":[\"Deus\",\"Futuro\",\"Previs\u00e3o\",\"Tudo que acontece\"],\"articleSection\":[\"F\u00e9\"],\"inLanguage\":\"fr-FR\",\"potentialAction\":[{\"@type\":\"CommentAction\",\"name\":\"Comment\",\"target\":[\"https:\\\/\\\/www.oracaoefe.com\\\/tudo-o-que-acontece-e-decidido-antecipadamente-por-deus\\\/#respond\"]}]},{\"@type\":\"WebPage\",\"@id\":\"https:\\\/\\\/www.oracaoefe.com\\\/tudo-o-que-acontece-e-decidido-antecipadamente-por-deus\\\/\",\"url\":\"https:\\\/\\\/www.oracaoefe.com\\\/tudo-o-que-acontece-e-decidido-antecipadamente-por-deus\\\/\",\"name\":\"Tudo o que acontece \u00e9 decidido antecipadamente por Deus? - Ora\u00e7\u00e3o e F\u00e9\",\"isPartOf\":{\"@id\":\"https:\\\/\\\/www.oracaoefe.com\\\/#website\"},\"primaryImageOfPage\":{\"@id\":\"https:\\\/\\\/www.oracaoefe.com\\\/tudo-o-que-acontece-e-decidido-antecipadamente-por-deus\\\/#primaryimage\"},\"image\":{\"@id\":\"https:\\\/\\\/www.oracaoefe.com\\\/tudo-o-que-acontece-e-decidido-antecipadamente-por-deus\\\/#primaryimage\"},\"thumbnailUrl\":\"https:\\\/\\\/www.oracaoefe.com\\\/wp-content\\\/uploads\\\/2022\\\/09\\\/Tudo-o-que-acontece-e-decidido-antecipadamente-por-Deus.jpg\",\"datePublished\":\"2022-09-25T00:50:19+00:00\",\"dateModified\":\"2025-06-15T18:17:27+00:00\",\"author\":{\"@id\":\"https:\\\/\\\/www.oracaoefe.com\\\/#\\\/schema\\\/person\\\/27873f1e6043866689f5091b5139f23d\"},\"description\":\"Essa pergunta \u00e9 muito complexa. Come\u00e7aremos examinando o que a B\u00edblia n\u00e3o diz. O destino \u00e9 geralmente percebido como uma sequ\u00eancia...\",\"breadcrumb\":{\"@id\":\"https:\\\/\\\/www.oracaoefe.com\\\/tudo-o-que-acontece-e-decidido-antecipadamente-por-deus\\\/#breadcrumb\"},\"inLanguage\":\"fr-FR\",\"potentialAction\":[{\"@type\":\"ReadAction\",\"target\":[\"https:\\\/\\\/www.oracaoefe.com\\\/tudo-o-que-acontece-e-decidido-antecipadamente-por-deus\\\/\"]}]},{\"@type\":\"ImageObject\",\"inLanguage\":\"fr-FR\",\"@id\":\"https:\\\/\\\/www.oracaoefe.com\\\/tudo-o-que-acontece-e-decidido-antecipadamente-por-deus\\\/#primaryimage\",\"url\":\"https:\\\/\\\/www.oracaoefe.com\\\/wp-content\\\/uploads\\\/2022\\\/09\\\/Tudo-o-que-acontece-e-decidido-antecipadamente-por-Deus.jpg\",\"contentUrl\":\"https:\\\/\\\/www.oracaoefe.com\\\/wp-content\\\/uploads\\\/2022\\\/09\\\/Tudo-o-que-acontece-e-decidido-antecipadamente-por-Deus.jpg\",\"width\":1200,\"height\":675,\"caption\":\"Tudo o que acontece \u00e9 decidido antecipadamente por Deus\"},{\"@type\":\"BreadcrumbList\",\"@id\":\"https:\\\/\\\/www.oracaoefe.com\\\/tudo-o-que-acontece-e-decidido-antecipadamente-por-deus\\\/#breadcrumb\",\"itemListElement\":[{\"@type\":\"ListItem\",\"position\":1,\"name\":\"Home\",\"item\":\"https:\\\/\\\/www.oracaoefe.com\\\/\"},{\"@type\":\"ListItem\",\"position\":2,\"name\":\"Tudo o que acontece \u00e9 decidido antecipadamente por Deus?\"}]},{\"@type\":\"WebSite\",\"@id\":\"https:\\\/\\\/www.oracaoefe.com\\\/#website\",\"url\":\"https:\\\/\\\/www.oracaoefe.com\\\/\",\"name\":\"Ora\u00e7\u00e3o e F\u00e9\",\"description\":\"\",\"potentialAction\":[{\"@type\":\"SearchAction\",\"target\":{\"@type\":\"EntryPoint\",\"urlTemplate\":\"https:\\\/\\\/www.oracaoefe.com\\\/?s={search_term_string}\"},\"query-input\":{\"@type\":\"PropertyValueSpecification\",\"valueRequired\":true,\"valueName\":\"search_term_string\"}}],\"inLanguage\":\"fr-FR\"},{\"@type\":\"Person\",\"@id\":\"https:\\\/\\\/www.oracaoefe.com\\\/#\\\/schema\\\/person\\\/27873f1e6043866689f5091b5139f23d\",\"name\":\"Maria\",\"image\":{\"@type\":\"ImageObject\",\"inLanguage\":\"fr-FR\",\"@id\":\"https:\\\/\\\/secure.gravatar.com\\\/avatar\\\/4cac5ea56d40d599bd7348d330a83b1c84cd229296d1613cd1c7f6740561d0c9?s=96&d=mm&r=g\",\"url\":\"https:\\\/\\\/secure.gravatar.com\\\/avatar\\\/4cac5ea56d40d599bd7348d330a83b1c84cd229296d1613cd1c7f6740561d0c9?s=96&d=mm&r=g\",\"contentUrl\":\"https:\\\/\\\/secure.gravatar.com\\\/avatar\\\/4cac5ea56d40d599bd7348d330a83b1c84cd229296d1613cd1c7f6740561d0c9?s=96&d=mm&r=g\",\"caption\":\"Maria\"},\"description\":\"Meu nome \u00e9 Maria e sou apaixonada por teologia, espiritualidade e estudos religiosos. H\u00e1 mais de 5 anos escrevo sobre o universo da f\u00e9, pesquisando diferentes religi\u00f5es, doutrinas, tradi\u00e7\u00f5es espirituais e curiosidades religiosas ao redor do mundo. Tenho grande interesse em compreender como a f\u00e9 e a religiosidade se manifestam em diferentes culturas, pa\u00edses e idiomas, sempre buscando aprender mais sobre os costumes, cren\u00e7as e hist\u00f3rias que influenciam milh\u00f5es de pessoas diariamente. Atualmente, atuo como redatora no portal Ora\u00e7\u00e3o e F\u00e9, onde compartilho conte\u00fados informativos, reflexivos e inspiradores voltados ao universo religioso e espiritual. Meu objetivo \u00e9 levar conhecimento, curiosidades e mensagens enriquecedoras para leitores que desejam aprofundar sua compreens\u00e3o sobre f\u00e9, religi\u00e3o e espiritualidade no mundo moderno.\",\"sameAs\":[\"https:\\\/\\\/www.oracaoefe.com\"],\"url\":\"https:\\\/\\\/www.oracaoefe.com\\\/fr\\\/author\\\/admin\\\/\"}]}<\/script>\n<!-- \/ Yoast SEO plugin. -->","yoast_head_json":{"title":"Tudo o que acontece \u00e9 decidido antecipadamente por Deus? - Ora\u00e7\u00e3o e F\u00e9","description":"Cette question est tr\u00e8s complexe. Nous commencerons par examiner ce que la Bible ne dit pas. Le destin est g\u00e9n\u00e9ralement per\u00e7u comme une s\u00e9quence...","robots":{"index":"index","follow":"follow","max-snippet":"max-snippet:-1","max-image-preview":"max-image-preview:large","max-video-preview":"max-video-preview:-1"},"canonical":"https:\/\/www.oracaoefe.com\/fr\/tudo-o-que-acontece-e-decidido-antecipadamente-por-deus\/","og_locale":"fr_FR","og_type":"article","og_title":"Tudo o que acontece \u00e9 decidido antecipadamente por Deus? - Ora\u00e7\u00e3o e F\u00e9","og_description":"Essa pergunta \u00e9 muito complexa. Come\u00e7aremos examinando o que a B\u00edblia n\u00e3o diz. O destino \u00e9 geralmente percebido como uma sequ\u00eancia...","og_url":"https:\/\/www.oracaoefe.com\/fr\/tudo-o-que-acontece-e-decidido-antecipadamente-por-deus\/","og_site_name":"Ora\u00e7\u00e3o e F\u00e9","article_published_time":"2022-09-25T00:50:19+00:00","article_modified_time":"2025-06-15T18:17:27+00:00","og_image":[{"width":1200,"height":675,"url":"https:\/\/www.oracaoefe.com\/wp-content\/uploads\/2022\/09\/Tudo-o-que-acontece-e-decidido-antecipadamente-por-Deus.jpg","type":"image\/jpeg"}],"author":"Maria","twitter_card":"summary_large_image","twitter_misc":{"\u00c9crit par":"Maria","Dur\u00e9e de lecture estim\u00e9e":"4 minutes"},"schema":{"@context":"https:\/\/schema.org","@graph":[{"@type":"Article","@id":"https:\/\/www.oracaoefe.com\/tudo-o-que-acontece-e-decidido-antecipadamente-por-deus\/#article","isPartOf":{"@id":"https:\/\/www.oracaoefe.com\/tudo-o-que-acontece-e-decidido-antecipadamente-por-deus\/"},"author":{"name":"Maria","@id":"https:\/\/www.oracaoefe.com\/#\/schema\/person\/27873f1e6043866689f5091b5139f23d"},"headline":"Tudo o que acontece \u00e9 decidido antecipadamente por Deus?","datePublished":"2022-09-25T00:50:19+00:00","dateModified":"2025-06-15T18:17:27+00:00","mainEntityOfPage":{"@id":"https:\/\/www.oracaoefe.com\/tudo-o-que-acontece-e-decidido-antecipadamente-por-deus\/"},"wordCount":821,"commentCount":0,"image":{"@id":"https:\/\/www.oracaoefe.com\/tudo-o-que-acontece-e-decidido-antecipadamente-por-deus\/#primaryimage"},"thumbnailUrl":"https:\/\/www.oracaoefe.com\/wp-content\/uploads\/2022\/09\/Tudo-o-que-acontece-e-decidido-antecipadamente-por-Deus.jpg","keywords":["Deus","Futuro","Previs\u00e3o","Tudo que acontece"],"articleSection":["F\u00e9"],"inLanguage":"fr-FR","potentialAction":[{"@type":"CommentAction","name":"Comment","target":["https:\/\/www.oracaoefe.com\/tudo-o-que-acontece-e-decidido-antecipadamente-por-deus\/#respond"]}]},{"@type":"WebPage","@id":"https:\/\/www.oracaoefe.com\/tudo-o-que-acontece-e-decidido-antecipadamente-por-deus\/","url":"https:\/\/www.oracaoefe.com\/tudo-o-que-acontece-e-decidido-antecipadamente-por-deus\/","name":"Tudo o que acontece \u00e9 decidido antecipadamente por Deus? - Ora\u00e7\u00e3o e F\u00e9","isPartOf":{"@id":"https:\/\/www.oracaoefe.com\/#website"},"primaryImageOfPage":{"@id":"https:\/\/www.oracaoefe.com\/tudo-o-que-acontece-e-decidido-antecipadamente-por-deus\/#primaryimage"},"image":{"@id":"https:\/\/www.oracaoefe.com\/tudo-o-que-acontece-e-decidido-antecipadamente-por-deus\/#primaryimage"},"thumbnailUrl":"https:\/\/www.oracaoefe.com\/wp-content\/uploads\/2022\/09\/Tudo-o-que-acontece-e-decidido-antecipadamente-por-Deus.jpg","datePublished":"2022-09-25T00:50:19+00:00","dateModified":"2025-06-15T18:17:27+00:00","author":{"@id":"https:\/\/www.oracaoefe.com\/#\/schema\/person\/27873f1e6043866689f5091b5139f23d"},"description":"Cette question est tr\u00e8s complexe. Nous commencerons par examiner ce que la Bible ne dit pas. Le destin est g\u00e9n\u00e9ralement per\u00e7u comme une s\u00e9quence...","breadcrumb":{"@id":"https:\/\/www.oracaoefe.com\/tudo-o-que-acontece-e-decidido-antecipadamente-por-deus\/#breadcrumb"},"inLanguage":"fr-FR","potentialAction":[{"@type":"ReadAction","target":["https:\/\/www.oracaoefe.com\/tudo-o-que-acontece-e-decidido-antecipadamente-por-deus\/"]}]},{"@type":"ImageObject","inLanguage":"fr-FR","@id":"https:\/\/www.oracaoefe.com\/tudo-o-que-acontece-e-decidido-antecipadamente-por-deus\/#primaryimage","url":"https:\/\/www.oracaoefe.com\/wp-content\/uploads\/2022\/09\/Tudo-o-que-acontece-e-decidido-antecipadamente-por-Deus.jpg","contentUrl":"https:\/\/www.oracaoefe.com\/wp-content\/uploads\/2022\/09\/Tudo-o-que-acontece-e-decidido-antecipadamente-por-Deus.jpg","width":1200,"height":675,"caption":"Tudo o que acontece \u00e9 decidido antecipadamente por Deus"},{"@type":"BreadcrumbList","@id":"https:\/\/www.oracaoefe.com\/tudo-o-que-acontece-e-decidido-antecipadamente-por-deus\/#breadcrumb","itemListElement":[{"@type":"ListItem","position":1,"name":"Home","item":"https:\/\/www.oracaoefe.com\/"},{"@type":"ListItem","position":2,"name":"Tudo o que acontece \u00e9 decidido antecipadamente por Deus?"}]},{"@type":"WebSite","@id":"https:\/\/www.oracaoefe.com\/#website","url":"https:\/\/www.oracaoefe.com\/","name":"Pri\u00e8re et foi","description":"","potentialAction":[{"@type":"SearchAction","target":{"@type":"EntryPoint","urlTemplate":"https:\/\/www.oracaoefe.com\/?s={search_term_string}"},"query-input":{"@type":"PropertyValueSpecification","valueRequired":true,"valueName":"search_term_string"}}],"inLanguage":"fr-FR"},{"@type":"Person","@id":"https:\/\/www.oracaoefe.com\/#\/schema\/person\/27873f1e6043866689f5091b5139f23d","name":"Maria","image":{"@type":"ImageObject","inLanguage":"fr-FR","@id":"https:\/\/secure.gravatar.com\/avatar\/4cac5ea56d40d599bd7348d330a83b1c84cd229296d1613cd1c7f6740561d0c9?s=96&d=mm&r=g","url":"https:\/\/secure.gravatar.com\/avatar\/4cac5ea56d40d599bd7348d330a83b1c84cd229296d1613cd1c7f6740561d0c9?s=96&d=mm&r=g","contentUrl":"https:\/\/secure.gravatar.com\/avatar\/4cac5ea56d40d599bd7348d330a83b1c84cd229296d1613cd1c7f6740561d0c9?s=96&d=mm&r=g","caption":"Maria"},"description":"Meu nome \u00e9 Maria e sou apaixonada por teologia, espiritualidade e estudos religiosos. H\u00e1 mais de 5 anos escrevo sobre o universo da f\u00e9, pesquisando diferentes religi\u00f5es, doutrinas, tradi\u00e7\u00f5es espirituais e curiosidades religiosas ao redor do mundo. Tenho grande interesse em compreender como a f\u00e9 e a religiosidade se manifestam em diferentes culturas, pa\u00edses e idiomas, sempre buscando aprender mais sobre os costumes, cren\u00e7as e hist\u00f3rias que influenciam milh\u00f5es de pessoas diariamente. Atualmente, atuo como redatora no portal Ora\u00e7\u00e3o e F\u00e9, onde compartilho conte\u00fados informativos, reflexivos e inspiradores voltados ao universo religioso e espiritual. Meu objetivo \u00e9 levar conhecimento, curiosidades e mensagens enriquecedoras para leitores que desejam aprofundar sua compreens\u00e3o sobre f\u00e9, religi\u00e3o e espiritualidade no mundo moderno.","sameAs":["https:\/\/www.oracaoefe.com"],"url":"https:\/\/www.oracaoefe.com\/fr\/author\/admin\/"}]}},"_links":{"self":[{"href":"https:\/\/www.oracaoefe.com\/fr\/wp-json\/wp\/v2\/posts\/291","targetHints":{"allow":["GET"]}}],"collection":[{"href":"https:\/\/www.oracaoefe.com\/fr\/wp-json\/wp\/v2\/posts"}],"about":[{"href":"https:\/\/www.oracaoefe.com\/fr\/wp-json\/wp\/v2\/types\/post"}],"author":[{"embeddable":true,"href":"https:\/\/www.oracaoefe.com\/fr\/wp-json\/wp\/v2\/users\/1"}],"replies":[{"embeddable":true,"href":"https:\/\/www.oracaoefe.com\/fr\/wp-json\/wp\/v2\/comments?post=291"}],"version-history":[{"count":2,"href":"https:\/\/www.oracaoefe.com\/fr\/wp-json\/wp\/v2\/posts\/291\/revisions"}],"predecessor-version":[{"id":425,"href":"https:\/\/www.oracaoefe.com\/fr\/wp-json\/wp\/v2\/posts\/291\/revisions\/425"}],"wp:featuredmedia":[{"embeddable":true,"href":"https:\/\/www.oracaoefe.com\/fr\/wp-json\/wp\/v2\/media\/424"}],"wp:attachment":[{"href":"https:\/\/www.oracaoefe.com\/fr\/wp-json\/wp\/v2\/media?parent=291"}],"wp:term":[{"taxonomy":"category","embeddable":true,"href":"https:\/\/www.oracaoefe.com\/fr\/wp-json\/wp\/v2\/categories?post=291"},{"taxonomy":"post_tag","embeddable":true,"href":"https:\/\/www.oracaoefe.com\/fr\/wp-json\/wp\/v2\/tags?post=291"}],"curies":[{"name":"wp","href":"https:\/\/api.w.org\/{rel}","templated":true}]}}