{"id":2906,"date":"2024-06-29T01:00:00","date_gmt":"2024-06-29T04:00:00","guid":{"rendered":"https:\/\/www.oracaoefe.com\/?p=2906"},"modified":"2024-06-23T23:50:15","modified_gmt":"2024-06-24T02:50:15","slug":"oracao-para-afastar-coisas-ruins-e-tornar-o-lar-mais-harmonico","status":"publish","type":"post","link":"https:\/\/www.oracaoefe.com\/fr\/oracao-para-afastar-coisas-ruins-e-tornar-o-lar-mais-harmonico\/","title":{"rendered":"Ora\u00e7\u00e3o para afastar coisas ruins e tornar o lar mais harm\u00f4nico"},"content":{"rendered":"<p class=\"wp-block-paragraph\">Em um mundo repleto de desafios e energia negativa, muitos de n\u00f3s buscamos formas de criar um ambiente harmonioso em nossos lares. Seja por influ\u00eancias externas ou por situa\u00e7\u00f5es cotidianas, \u00e9 comum sentir a necessidade de afastar energias indesejadas e promover paz dentro de casa.&nbsp;<\/p>\n\n\n\n<h2 class=\"wp-block-heading\">Entendendo a import\u00e2ncia da harmonia no lar<\/h2>\n\n\n\n<p class=\"wp-block-paragraph\">Antes de mergulharmos na ora\u00e7\u00e3o propriamente dita, \u00e9 crucial compreender por que a harmonia no lar \u00e9 t\u00e3o essencial. Nosso lar \u00e9 o ref\u00fagio onde buscamos descanso, conforto e seguran\u00e7a emocional.&nbsp;<\/p>\n\n\n\n<p class=\"wp-block-paragraph\">Quando h\u00e1 desequil\u00edbrio energ\u00e9tico ou tens\u00e3o no ambiente, isso pode afetar nossa sa\u00fade mental, emocional e at\u00e9 f\u00edsica.<\/p>\n\n\n\n<p class=\"wp-block-paragraph\">A harmonia no lar n\u00e3o se limita apenas \u00e0 aus\u00eancia de conflitos entre os membros da fam\u00edlia; ela engloba tamb\u00e9m a qualidade da energia que permeia o espa\u00e7o. Energias negativas podem surgir de diversas fontes, como estresse acumulado, discuss\u00f5es frequentes, problemas n\u00e3o resolvidos, visitas de pessoas com energias pesadas, entre outros fatores.<\/p>\n\n\n\n<figure class=\"wp-block-image size-full is-resized\"><img loading=\"lazy\" decoding=\"async\" width=\"740\" height=\"493\" src=\"https:\/\/www.oracaoefe.com\/wp-content\/uploads\/2024\/06\/image-3.png\" alt=\"\" class=\"wp-image-2912\" style=\"width:840px;height:auto\" srcset=\"https:\/\/www.oracaoefe.com\/wp-content\/uploads\/2024\/06\/image-3.png 740w, https:\/\/www.oracaoefe.com\/wp-content\/uploads\/2024\/06\/image-3-300x200.png 300w, https:\/\/www.oracaoefe.com\/wp-content\/uploads\/2024\/06\/image-3-18x12.png 18w\" sizes=\"auto, (max-width: 740px) 100vw, 740px\" \/><\/figure>\n\n\n\n<h2 class=\"wp-block-heading\">A ora\u00e7\u00e3o como ferramenta de transforma\u00e7\u00e3o<\/h2>\n\n\n\n<p class=\"wp-block-paragraph\">As ora\u00e7\u00f5es t\u00eam sido utilizadas ao longo dos s\u00e9culos em diversas tradi\u00e7\u00f5es espirituais como uma forma de invocar prote\u00e7\u00e3o, paz e harmonia. Independentemente da sua cren\u00e7a espec\u00edfica, uma ora\u00e7\u00e3o sincera e cheia de inten\u00e7\u00e3o pode ser uma poderosa ferramenta para transformar a energia ao nosso redor.<\/p>\n\n\n\n<h3 class=\"wp-block-heading\">Ora\u00e7\u00e3o para afastar coisas ruins e promover harmonia<\/h3>\n\n\n\n<p class=\"wp-block-paragraph\"><em>&#8220;Divino Criador,<\/em><\/p>\n\n\n\n<p class=\"wp-block-paragraph\"><em>Em nome da minha f\u00e9 e do amor que habita este lar,<\/em><\/p>\n\n\n\n<p class=\"wp-block-paragraph\"><em>Venho a Ti neste momento de humildade e esperan\u00e7a.<\/em><\/p>\n\n\n\n<p class=\"wp-block-paragraph\"><em>Pe\u00e7o a Tua luz e prote\u00e7\u00e3o para afastar todas as energias negativas<\/em><\/p>\n\n\n\n<p class=\"wp-block-paragraph\"><em>Que possam estar presentes neste espa\u00e7o sagrado.<\/em><\/p>\n\n\n\n<p class=\"wp-block-paragraph\"><em>Que a paz e a harmonia reinem em cada canto desta casa,<\/em><\/p>\n\n\n\n<p class=\"wp-block-paragraph\"><em>Que cada recanto seja preenchido com amor e compreens\u00e3o.<\/em><\/p>\n\n\n\n<p class=\"wp-block-paragraph\"><em>Fortalece-nos contra as influ\u00eancias que n\u00e3o nos servem,<\/em><\/p>\n\n\n\n<p class=\"wp-block-paragraph\"><em>E guia-nos sempre no caminho da verdade e da bondade.<\/em><\/p>\n\n\n\n<p class=\"wp-block-paragraph\"><em>Que a luz da tua sabedoria divina dissipe todas as sombras<\/em><\/p>\n\n\n\n<p class=\"wp-block-paragraph\"><em>E transforme qualquer negatividade em pura energia de amor.<\/em><\/p>\n\n\n\n<p class=\"wp-block-paragraph\"><em>Que este lar seja um santu\u00e1rio de paz,<\/em><\/p>\n\n\n\n<p class=\"wp-block-paragraph\"><em>Onde todos que aqui vivem e visitam sintam a tua presen\u00e7a amorosa.<\/em><\/p>\n\n\n\n<p class=\"wp-block-paragraph\"><em>Que assim seja. Am\u00e9m.&#8221;<\/em><\/p>\n\n\n\n<h3 class=\"wp-block-heading\">Como utilizar esta ora\u00e7\u00e3o?<\/h3>\n\n\n\n<p class=\"wp-block-paragraph\">Para utilizar esta ora\u00e7\u00e3o de forma eficaz, recomenda-se o seguinte:<\/p>\n\n\n\n<ul class=\"wp-block-list\">\n<li><strong>Escolha um momento tranquilo<\/strong>: Reserve um momento do seu dia onde voc\u00ea possa estar calmo e concentrado.<\/li>\n<\/ul>\n\n\n\n<ul class=\"wp-block-list\">\n<li><strong>Escolha um local tranquilo<\/strong>: Encontre um espa\u00e7o na sua casa onde voc\u00ea se sinta confort\u00e1vel e protegido.<\/li>\n<\/ul>\n\n\n\n<ul class=\"wp-block-list\">\n<li><strong>Recite a ora\u00e7\u00e3o com f\u00e9<\/strong>: Fale as palavras com sinceridade e concentra\u00e7\u00e3o, visualizando a luz divina preenchendo cada c\u00f4modo do seu lar.<\/li>\n<\/ul>\n\n\n\n<ul class=\"wp-block-list\">\n<li><strong>Repita conforme necess\u00e1rio<\/strong>: Voc\u00ea pode recitar esta ora\u00e7\u00e3o diariamente, especialmente nos momentos em que sentir que h\u00e1 uma necessidade maior de promover a harmonia e afastar energias negativas.<\/li>\n<\/ul>\n\n\n\n<h2 class=\"wp-block-heading\">Outras pr\u00e1ticas para manter a harmonia no lar<\/h2>\n\n\n\n<p class=\"wp-block-paragraph\">Al\u00e9m da ora\u00e7\u00e3o, existem outras pr\u00e1ticas que podem ajudar a manter o ambiente do seu lar harmonioso:<\/p>\n\n\n\n<ul class=\"wp-block-list\">\n<li><strong>Limpeza energ\u00e9tica<\/strong>: Utilize m\u00e9todos como defuma\u00e7\u00e3o com ervas sagradas, como s\u00e1lvia ou alecrim, para purificar o ambiente.<\/li>\n<\/ul>\n\n\n\n<ul class=\"wp-block-list\">\n<li><strong>Decora\u00e7\u00e3o consciente<\/strong>: Escolha cores e objetos que promovam sensa\u00e7\u00f5es de paz e tranquilidade.<\/li>\n<\/ul>\n\n\n\n<ul class=\"wp-block-list\">\n<li><strong>Comunica\u00e7\u00e3o aberta<\/strong>: Promova o di\u00e1logo construtivo entre os membros da fam\u00edlia para resolver conflitos de maneira saud\u00e1vel.<\/li>\n<\/ul>\n\n\n\n<ul class=\"wp-block-list\">\n<li><strong>Cuidado com as rela\u00e7\u00f5es<\/strong>: Mantenha rela\u00e7\u00f5es positivas e saud\u00e1veis com amigos e familiares que frequentam o seu lar.<\/li>\n<\/ul>\n\n\n\n<h2 class=\"wp-block-heading\">Criando um lar harmonioso e protegido<\/h2>\n\n\n\n<p class=\"wp-block-paragraph\">Em um mundo onde muitas vezes somos confrontados com desafios e adversidades, criar um lar harmonioso e protegido se torna uma prioridade. A ora\u00e7\u00e3o apresentada n\u00e3o s\u00f3 pode ajudar a afastar energias ruins, mas tamb\u00e9m a promover um ambiente onde o amor, a paz e a compreens\u00e3o possam prosperar.&nbsp;<\/p>\n\n\n\n<p class=\"wp-block-paragraph\">Lembre-se sempre de que, al\u00e9m das palavras, \u00e9 a inten\u00e7\u00e3o e a f\u00e9 que tornam qualquer pr\u00e1tica espiritual verdadeiramente poderosa. Que o seu lar seja sempre um ref\u00fagio de luz e prote\u00e7\u00e3o.<\/p>\n\n\n\n<p class=\"wp-block-paragraph\"><strong>Voir aussi\u00a0: <a href=\"https:\/\/www.oracaoefe.com\/fr\/egocentrismo-entenda-quando-ele-pode-sabotar-sua-fe\/\">Egocentrismo: Entenda quando ele pode sabotar sua f\u00e9<\/a><\/strong><\/p>\n\n\n\n<p class=\"wp-block-paragraph\">29 de junho de 2024<\/p>","protected":false},"excerpt":{"rendered":"<p>Em um mundo repleto de desafios e energia negativa, muitos de n\u00f3s buscamos formas de criar um ambiente harmonioso em nossos lares. Seja por influ\u00eancias externas ou por situa\u00e7\u00f5es cotidianas, \u00e9 comum sentir a necessidade de afastar energias indesejadas e promover paz dentro de casa.&nbsp; Entendendo a import\u00e2ncia da harmonia no lar Antes de mergulharmos&hellip;&nbsp;<\/p>","protected":false},"author":3,"featured_media":2912,"comment_status":"closed","ping_status":"closed","sticky":false,"template":"","format":"standard","meta":{"neve_meta_sidebar":"","neve_meta_container":"","neve_meta_enable_content_width":"","neve_meta_content_width":0,"neve_meta_title_alignment":"","neve_meta_author_avatar":"","neve_post_elements_order":"","neve_meta_disable_header":"","neve_meta_disable_footer":"","neve_meta_disable_title":"","footnotes":""},"categories":[2],"tags":[16],"class_list":["post-2906","post","type-post","status-publish","format-standard","has-post-thumbnail","hentry","category-oracao","tag-oracao"],"yoast_head":"<!-- This site is optimized with the Yoast SEO plugin v28.4 - https:\/\/yoast.com\/product\/yoast-seo-wordpress\/ -->\n<title>Ora\u00e7\u00e3o para afastar coisas ruins e tornar o lar mais harm\u00f4nico - Ora\u00e7\u00e3o e F\u00e9<\/title>\n<meta name=\"description\" content=\"Deus tem pra voc\u00ea uma palavra de vida!\" \/>\n<meta name=\"robots\" content=\"index, follow, max-snippet:-1, max-image-preview:large, max-video-preview:-1\" \/>\n<link rel=\"canonical\" href=\"https:\/\/www.oracaoefe.com\/fr\/oracao-para-afastar-coisas-ruins-e-tornar-o-lar-mais-harmonico\/\" \/>\n<meta property=\"og:locale\" content=\"fr_FR\" \/>\n<meta property=\"og:type\" content=\"article\" \/>\n<meta property=\"og:title\" content=\"Ora\u00e7\u00e3o para afastar coisas ruins e tornar o lar mais harm\u00f4nico - Ora\u00e7\u00e3o e F\u00e9\" \/>\n<meta property=\"og:description\" content=\"Deus tem pra voc\u00ea uma palavra de vida!\" \/>\n<meta property=\"og:url\" content=\"https:\/\/www.oracaoefe.com\/fr\/oracao-para-afastar-coisas-ruins-e-tornar-o-lar-mais-harmonico\/\" \/>\n<meta property=\"og:site_name\" content=\"Ora\u00e7\u00e3o e F\u00e9\" \/>\n<meta property=\"article:published_time\" content=\"2024-06-29T04:00:00+00:00\" \/>\n<meta property=\"og:image\" content=\"https:\/\/www.oracaoefe.com\/wp-content\/uploads\/2024\/06\/image-3.png\" \/>\n\t<meta property=\"og:image:width\" content=\"740\" \/>\n\t<meta property=\"og:image:height\" content=\"493\" \/>\n\t<meta property=\"og:image:type\" content=\"image\/png\" \/>\n<meta name=\"author\" content=\"Michele Azevedo\" \/>\n<meta name=\"twitter:card\" content=\"summary_large_image\" \/>\n<meta name=\"twitter:label1\" content=\"\u00c9crit par\" \/>\n\t<meta name=\"twitter:data1\" content=\"Michele Azevedo\" \/>\n\t<meta name=\"twitter:label2\" content=\"Dur\u00e9e de lecture estim\u00e9e\" \/>\n\t<meta name=\"twitter:data2\" content=\"4 minutes\" \/>\n<script type=\"application\/ld+json\" class=\"yoast-schema-graph\">{\"@context\":\"https:\\\/\\\/schema.org\",\"@graph\":[{\"@type\":\"Article\",\"@id\":\"https:\\\/\\\/www.oracaoefe.com\\\/oracao-para-afastar-coisas-ruins-e-tornar-o-lar-mais-harmonico\\\/#article\",\"isPartOf\":{\"@id\":\"https:\\\/\\\/www.oracaoefe.com\\\/oracao-para-afastar-coisas-ruins-e-tornar-o-lar-mais-harmonico\\\/\"},\"author\":{\"name\":\"Michele Azevedo\",\"@id\":\"https:\\\/\\\/www.oracaoefe.com\\\/#\\\/schema\\\/person\\\/17283c669442cf005c4d5bb58adfb7f5\"},\"headline\":\"Ora\u00e7\u00e3o para afastar coisas ruins e tornar o lar mais harm\u00f4nico\",\"datePublished\":\"2024-06-29T04:00:00+00:00\",\"mainEntityOfPage\":{\"@id\":\"https:\\\/\\\/www.oracaoefe.com\\\/oracao-para-afastar-coisas-ruins-e-tornar-o-lar-mais-harmonico\\\/\"},\"wordCount\":714,\"image\":{\"@id\":\"https:\\\/\\\/www.oracaoefe.com\\\/oracao-para-afastar-coisas-ruins-e-tornar-o-lar-mais-harmonico\\\/#primaryimage\"},\"thumbnailUrl\":\"https:\\\/\\\/www.oracaoefe.com\\\/wp-content\\\/uploads\\\/2024\\\/06\\\/image-3.png\",\"keywords\":[\"ora\u00e7\u00e3o\"],\"articleSection\":[\"Ora\u00e7\u00e3o\"],\"inLanguage\":\"fr-FR\"},{\"@type\":\"WebPage\",\"@id\":\"https:\\\/\\\/www.oracaoefe.com\\\/oracao-para-afastar-coisas-ruins-e-tornar-o-lar-mais-harmonico\\\/\",\"url\":\"https:\\\/\\\/www.oracaoefe.com\\\/oracao-para-afastar-coisas-ruins-e-tornar-o-lar-mais-harmonico\\\/\",\"name\":\"Ora\u00e7\u00e3o para afastar coisas ruins e tornar o lar mais harm\u00f4nico - Ora\u00e7\u00e3o e F\u00e9\",\"isPartOf\":{\"@id\":\"https:\\\/\\\/www.oracaoefe.com\\\/#website\"},\"primaryImageOfPage\":{\"@id\":\"https:\\\/\\\/www.oracaoefe.com\\\/oracao-para-afastar-coisas-ruins-e-tornar-o-lar-mais-harmonico\\\/#primaryimage\"},\"image\":{\"@id\":\"https:\\\/\\\/www.oracaoefe.com\\\/oracao-para-afastar-coisas-ruins-e-tornar-o-lar-mais-harmonico\\\/#primaryimage\"},\"thumbnailUrl\":\"https:\\\/\\\/www.oracaoefe.com\\\/wp-content\\\/uploads\\\/2024\\\/06\\\/image-3.png\",\"datePublished\":\"2024-06-29T04:00:00+00:00\",\"author\":{\"@id\":\"https:\\\/\\\/www.oracaoefe.com\\\/#\\\/schema\\\/person\\\/17283c669442cf005c4d5bb58adfb7f5\"},\"description\":\"Deus tem pra voc\u00ea uma palavra de vida!\",\"breadcrumb\":{\"@id\":\"https:\\\/\\\/www.oracaoefe.com\\\/oracao-para-afastar-coisas-ruins-e-tornar-o-lar-mais-harmonico\\\/#breadcrumb\"},\"inLanguage\":\"fr-FR\",\"potentialAction\":[{\"@type\":\"ReadAction\",\"target\":[\"https:\\\/\\\/www.oracaoefe.com\\\/oracao-para-afastar-coisas-ruins-e-tornar-o-lar-mais-harmonico\\\/\"]}]},{\"@type\":\"ImageObject\",\"inLanguage\":\"fr-FR\",\"@id\":\"https:\\\/\\\/www.oracaoefe.com\\\/oracao-para-afastar-coisas-ruins-e-tornar-o-lar-mais-harmonico\\\/#primaryimage\",\"url\":\"https:\\\/\\\/www.oracaoefe.com\\\/wp-content\\\/uploads\\\/2024\\\/06\\\/image-3.png\",\"contentUrl\":\"https:\\\/\\\/www.oracaoefe.com\\\/wp-content\\\/uploads\\\/2024\\\/06\\\/image-3.png\",\"width\":740,\"height\":493},{\"@type\":\"BreadcrumbList\",\"@id\":\"https:\\\/\\\/www.oracaoefe.com\\\/oracao-para-afastar-coisas-ruins-e-tornar-o-lar-mais-harmonico\\\/#breadcrumb\",\"itemListElement\":[{\"@type\":\"ListItem\",\"position\":1,\"name\":\"Home\",\"item\":\"https:\\\/\\\/www.oracaoefe.com\\\/\"},{\"@type\":\"ListItem\",\"position\":2,\"name\":\"Ora\u00e7\u00e3o\",\"item\":\"https:\\\/\\\/www.oracaoefe.com\\\/category\\\/oracao\\\/\"},{\"@type\":\"ListItem\",\"position\":3,\"name\":\"Ora\u00e7\u00e3o para afastar coisas ruins e tornar o lar mais harm\u00f4nico\"}]},{\"@type\":\"WebSite\",\"@id\":\"https:\\\/\\\/www.oracaoefe.com\\\/#website\",\"url\":\"https:\\\/\\\/www.oracaoefe.com\\\/\",\"name\":\"Ora\u00e7\u00e3o e F\u00e9\",\"description\":\"\",\"potentialAction\":[{\"@type\":\"SearchAction\",\"target\":{\"@type\":\"EntryPoint\",\"urlTemplate\":\"https:\\\/\\\/www.oracaoefe.com\\\/?s={search_term_string}\"},\"query-input\":{\"@type\":\"PropertyValueSpecification\",\"valueRequired\":true,\"valueName\":\"search_term_string\"}}],\"inLanguage\":\"fr-FR\"},{\"@type\":\"Person\",\"@id\":\"https:\\\/\\\/www.oracaoefe.com\\\/#\\\/schema\\\/person\\\/17283c669442cf005c4d5bb58adfb7f5\",\"name\":\"Michele Azevedo\",\"image\":{\"@type\":\"ImageObject\",\"inLanguage\":\"fr-FR\",\"@id\":\"https:\\\/\\\/secure.gravatar.com\\\/avatar\\\/6b0eb9d22841282815e2cd856a0061c45e1761cd54b22e952d98c4746939aa85?s=96&d=mm&r=g\",\"url\":\"https:\\\/\\\/secure.gravatar.com\\\/avatar\\\/6b0eb9d22841282815e2cd856a0061c45e1761cd54b22e952d98c4746939aa85?s=96&d=mm&r=g\",\"contentUrl\":\"https:\\\/\\\/secure.gravatar.com\\\/avatar\\\/6b0eb9d22841282815e2cd856a0061c45e1761cd54b22e952d98c4746939aa85?s=96&d=mm&r=g\",\"caption\":\"Michele Azevedo\"},\"description\":\"Formada em Letras - Portugu\u00eas\\\/ Ingl\u00eas pela Universidade Estadual de Ponta Grossa (UEPG), p\u00f3s-graduada em Arte na Educa\u00e7\u00e3o (FAPI) e Psicopedagogia Escolar (FAPI), idealizadora e propriet\u00e1ria do site Escritora de Sucesso, possui experi\u00eancia em escrita para blogs em geral e atua como redatora e revisora dos conte\u00fados do Ora\u00e7\u00e3o e F\u00e9.\",\"url\":\"https:\\\/\\\/www.oracaoefe.com\\\/fr\\\/author\\\/michele-azevedo\\\/\"}]}<\/script>\n<!-- \/ Yoast SEO plugin. -->","yoast_head_json":{"title":"Ora\u00e7\u00e3o para afastar coisas ruins e tornar o lar mais harm\u00f4nico - Ora\u00e7\u00e3o e F\u00e9","description":"Dieu a une parole de vie pour vous !","robots":{"index":"index","follow":"follow","max-snippet":"max-snippet:-1","max-image-preview":"max-image-preview:large","max-video-preview":"max-video-preview:-1"},"canonical":"https:\/\/www.oracaoefe.com\/fr\/oracao-para-afastar-coisas-ruins-e-tornar-o-lar-mais-harmonico\/","og_locale":"fr_FR","og_type":"article","og_title":"Ora\u00e7\u00e3o para afastar coisas ruins e tornar o lar mais harm\u00f4nico - Ora\u00e7\u00e3o e F\u00e9","og_description":"Deus tem pra voc\u00ea uma palavra de vida!","og_url":"https:\/\/www.oracaoefe.com\/fr\/oracao-para-afastar-coisas-ruins-e-tornar-o-lar-mais-harmonico\/","og_site_name":"Ora\u00e7\u00e3o e F\u00e9","article_published_time":"2024-06-29T04:00:00+00:00","og_image":[{"width":740,"height":493,"url":"https:\/\/www.oracaoefe.com\/wp-content\/uploads\/2024\/06\/image-3.png","type":"image\/png"}],"author":"Michele Azevedo","twitter_card":"summary_large_image","twitter_misc":{"\u00c9crit par":"Michele Azevedo","Dur\u00e9e de lecture estim\u00e9e":"4 minutes"},"schema":{"@context":"https:\/\/schema.org","@graph":[{"@type":"Article","@id":"https:\/\/www.oracaoefe.com\/oracao-para-afastar-coisas-ruins-e-tornar-o-lar-mais-harmonico\/#article","isPartOf":{"@id":"https:\/\/www.oracaoefe.com\/oracao-para-afastar-coisas-ruins-e-tornar-o-lar-mais-harmonico\/"},"author":{"name":"Michele Azevedo","@id":"https:\/\/www.oracaoefe.com\/#\/schema\/person\/17283c669442cf005c4d5bb58adfb7f5"},"headline":"Ora\u00e7\u00e3o para afastar coisas ruins e tornar o lar mais harm\u00f4nico","datePublished":"2024-06-29T04:00:00+00:00","mainEntityOfPage":{"@id":"https:\/\/www.oracaoefe.com\/oracao-para-afastar-coisas-ruins-e-tornar-o-lar-mais-harmonico\/"},"wordCount":714,"image":{"@id":"https:\/\/www.oracaoefe.com\/oracao-para-afastar-coisas-ruins-e-tornar-o-lar-mais-harmonico\/#primaryimage"},"thumbnailUrl":"https:\/\/www.oracaoefe.com\/wp-content\/uploads\/2024\/06\/image-3.png","keywords":["ora\u00e7\u00e3o"],"articleSection":["Ora\u00e7\u00e3o"],"inLanguage":"fr-FR"},{"@type":"WebPage","@id":"https:\/\/www.oracaoefe.com\/oracao-para-afastar-coisas-ruins-e-tornar-o-lar-mais-harmonico\/","url":"https:\/\/www.oracaoefe.com\/oracao-para-afastar-coisas-ruins-e-tornar-o-lar-mais-harmonico\/","name":"Ora\u00e7\u00e3o para afastar coisas ruins e tornar o lar mais harm\u00f4nico - Ora\u00e7\u00e3o e F\u00e9","isPartOf":{"@id":"https:\/\/www.oracaoefe.com\/#website"},"primaryImageOfPage":{"@id":"https:\/\/www.oracaoefe.com\/oracao-para-afastar-coisas-ruins-e-tornar-o-lar-mais-harmonico\/#primaryimage"},"image":{"@id":"https:\/\/www.oracaoefe.com\/oracao-para-afastar-coisas-ruins-e-tornar-o-lar-mais-harmonico\/#primaryimage"},"thumbnailUrl":"https:\/\/www.oracaoefe.com\/wp-content\/uploads\/2024\/06\/image-3.png","datePublished":"2024-06-29T04:00:00+00:00","author":{"@id":"https:\/\/www.oracaoefe.com\/#\/schema\/person\/17283c669442cf005c4d5bb58adfb7f5"},"description":"Dieu a une parole de vie pour vous !","breadcrumb":{"@id":"https:\/\/www.oracaoefe.com\/oracao-para-afastar-coisas-ruins-e-tornar-o-lar-mais-harmonico\/#breadcrumb"},"inLanguage":"fr-FR","potentialAction":[{"@type":"ReadAction","target":["https:\/\/www.oracaoefe.com\/oracao-para-afastar-coisas-ruins-e-tornar-o-lar-mais-harmonico\/"]}]},{"@type":"ImageObject","inLanguage":"fr-FR","@id":"https:\/\/www.oracaoefe.com\/oracao-para-afastar-coisas-ruins-e-tornar-o-lar-mais-harmonico\/#primaryimage","url":"https:\/\/www.oracaoefe.com\/wp-content\/uploads\/2024\/06\/image-3.png","contentUrl":"https:\/\/www.oracaoefe.com\/wp-content\/uploads\/2024\/06\/image-3.png","width":740,"height":493},{"@type":"BreadcrumbList","@id":"https:\/\/www.oracaoefe.com\/oracao-para-afastar-coisas-ruins-e-tornar-o-lar-mais-harmonico\/#breadcrumb","itemListElement":[{"@type":"ListItem","position":1,"name":"Home","item":"https:\/\/www.oracaoefe.com\/"},{"@type":"ListItem","position":2,"name":"Ora\u00e7\u00e3o","item":"https:\/\/www.oracaoefe.com\/category\/oracao\/"},{"@type":"ListItem","position":3,"name":"Ora\u00e7\u00e3o para afastar coisas ruins e tornar o lar mais harm\u00f4nico"}]},{"@type":"WebSite","@id":"https:\/\/www.oracaoefe.com\/#website","url":"https:\/\/www.oracaoefe.com\/","name":"Pri\u00e8re et foi","description":"","potentialAction":[{"@type":"SearchAction","target":{"@type":"EntryPoint","urlTemplate":"https:\/\/www.oracaoefe.com\/?s={search_term_string}"},"query-input":{"@type":"PropertyValueSpecification","valueRequired":true,"valueName":"search_term_string"}}],"inLanguage":"fr-FR"},{"@type":"Person","@id":"https:\/\/www.oracaoefe.com\/#\/schema\/person\/17283c669442cf005c4d5bb58adfb7f5","name":"Michele Azevedo","image":{"@type":"ImageObject","inLanguage":"fr-FR","@id":"https:\/\/secure.gravatar.com\/avatar\/6b0eb9d22841282815e2cd856a0061c45e1761cd54b22e952d98c4746939aa85?s=96&d=mm&r=g","url":"https:\/\/secure.gravatar.com\/avatar\/6b0eb9d22841282815e2cd856a0061c45e1761cd54b22e952d98c4746939aa85?s=96&d=mm&r=g","contentUrl":"https:\/\/secure.gravatar.com\/avatar\/6b0eb9d22841282815e2cd856a0061c45e1761cd54b22e952d98c4746939aa85?s=96&d=mm&r=g","caption":"Michele Azevedo"},"description":"Dipl\u00f4m\u00e9e en litt\u00e9rature portugaise\/anglaise de l&#039;Universit\u00e9 d&#039;\u00c9tat de Ponta Grossa (UEPG), avec des dipl\u00f4mes de troisi\u00e8me cycle en art dans l&#039;\u00e9ducation (FAPI) et en psychop\u00e9dagogie scolaire (FAPI), elle est la cr\u00e9atrice et propri\u00e9taire du site web Escritora de Sucesso, a de l&#039;exp\u00e9rience dans l&#039;\u00e9criture pour les blogs en g\u00e9n\u00e9ral et travaille comme r\u00e9dactrice et \u00e9ditrice du contenu pour Ora\u00e7\u00e3o e F\u00e9.","url":"https:\/\/www.oracaoefe.com\/fr\/author\/michele-azevedo\/"}]}},"_links":{"self":[{"href":"https:\/\/www.oracaoefe.com\/fr\/wp-json\/wp\/v2\/posts\/2906","targetHints":{"allow":["GET"]}}],"collection":[{"href":"https:\/\/www.oracaoefe.com\/fr\/wp-json\/wp\/v2\/posts"}],"about":[{"href":"https:\/\/www.oracaoefe.com\/fr\/wp-json\/wp\/v2\/types\/post"}],"author":[{"embeddable":true,"href":"https:\/\/www.oracaoefe.com\/fr\/wp-json\/wp\/v2\/users\/3"}],"replies":[{"embeddable":true,"href":"https:\/\/www.oracaoefe.com\/fr\/wp-json\/wp\/v2\/comments?post=2906"}],"version-history":[{"count":2,"href":"https:\/\/www.oracaoefe.com\/fr\/wp-json\/wp\/v2\/posts\/2906\/revisions"}],"predecessor-version":[{"id":2913,"href":"https:\/\/www.oracaoefe.com\/fr\/wp-json\/wp\/v2\/posts\/2906\/revisions\/2913"}],"wp:featuredmedia":[{"embeddable":true,"href":"https:\/\/www.oracaoefe.com\/fr\/wp-json\/wp\/v2\/media\/2912"}],"wp:attachment":[{"href":"https:\/\/www.oracaoefe.com\/fr\/wp-json\/wp\/v2\/media?parent=2906"}],"wp:term":[{"taxonomy":"category","embeddable":true,"href":"https:\/\/www.oracaoefe.com\/fr\/wp-json\/wp\/v2\/categories?post=2906"},{"taxonomy":"post_tag","embeddable":true,"href":"https:\/\/www.oracaoefe.com\/fr\/wp-json\/wp\/v2\/tags?post=2906"}],"curies":[{"name":"wp","href":"https:\/\/api.w.org\/{rel}","templated":true}]}}