{"id":2904,"date":"2024-06-26T01:00:00","date_gmt":"2024-06-26T04:00:00","guid":{"rendered":"https:\/\/www.oracaoefe.com\/?p=2904"},"modified":"2024-06-23T23:49:23","modified_gmt":"2024-06-24T02:49:23","slug":"por-que-deus-leva-as-pessoas-que-amamos-entenda-como-lidar-com-o-sofrimento","status":"publish","type":"post","link":"https:\/\/www.oracaoefe.com\/fr\/por-que-deus-leva-as-pessoas-que-amamos-entenda-como-lidar-com-o-sofrimento\/","title":{"rendered":"Por que Deus leva as pessoas que amamos? Entenda como lidar com o sofrimento"},"content":{"rendered":"<p class=\"wp-block-paragraph\">A perda de entes queridos \u00e9 uma das experi\u00eancias mais dif\u00edceis que enfrentamos ao longo da vida. Quando algu\u00e9m pr\u00f3ximo parte, \u00e9 comum questionarmos o motivo por tr\u00e1s dessa partida, especialmente quando acontece de maneira inesperada ou precoce. Muitos recorrem \u00e0 f\u00e9 e \u00e0 espiritualidade para encontrar consolo e entendimento nesses momentos.<\/p>\n\n\n\n<h2 class=\"wp-block-heading\">A natureza da perda e o papel da f\u00e9<\/h2>\n\n\n\n<p class=\"wp-block-paragraph\">A morte \u00e9 uma parte inevit\u00e1vel da exist\u00eancia humana, mas isso n\u00e3o diminui a dor que sentimos quando perdemos algu\u00e9m pr\u00f3ximo. A f\u00e9 religiosa muitas vezes oferece um contexto para entender essa dor.&nbsp;<\/p>\n\n\n\n<p class=\"wp-block-paragraph\">Em v\u00e1rias tradi\u00e7\u00f5es religiosas, a ideia de que Deus tem um plano maior para cada indiv\u00edduo pode fornecer algum conforto. Acreditar que h\u00e1 um prop\u00f3sito por tr\u00e1s de todas as coisas pode ajudar a lidar com o sentimento de perda e injusti\u00e7a.<\/p>\n\n\n\n<figure class=\"wp-block-image size-full is-resized\"><img loading=\"lazy\" decoding=\"async\" width=\"740\" height=\"493\" src=\"https:\/\/www.oracaoefe.com\/wp-content\/uploads\/2024\/06\/image-2.png\" alt=\"\" class=\"wp-image-2910\" style=\"width:840px;height:auto\" srcset=\"https:\/\/www.oracaoefe.com\/wp-content\/uploads\/2024\/06\/image-2.png 740w, https:\/\/www.oracaoefe.com\/wp-content\/uploads\/2024\/06\/image-2-300x200.png 300w, https:\/\/www.oracaoefe.com\/wp-content\/uploads\/2024\/06\/image-2-18x12.png 18w\" sizes=\"auto, (max-width: 740px) 100vw, 740px\" \/><\/figure>\n\n\n\n<h2 class=\"wp-block-heading\">O livre-arb\u00edtrio e o mist\u00e9rio divino<\/h2>\n\n\n\n<p class=\"wp-block-paragraph\">Um dos aspectos mais complexos da quest\u00e3o da perda \u00e9 reconciliar a ideia de um Deus benevolente com a exist\u00eancia do sofrimento humano. Muitas religi\u00f5es ensinam que Deus concede livre-arb\u00edtrio aos seres humanos, o que significa que as escolhas individuais e as consequ\u00eancias dessas escolhas desempenham um papel significativo na vida de cada pessoa.&nbsp;<\/p>\n\n\n\n<p class=\"wp-block-paragraph\">A morte pode ser vista como parte desse plano maior, embora sua compreens\u00e3o completa possa ultrapassar a capacidade humana.<\/p>\n\n\n\n<h2 class=\"wp-block-heading\">Consolo na comunidade religiosa<\/h2>\n\n\n\n<p class=\"wp-block-paragraph\">A comunidade religiosa desempenha um papel crucial no processo de lidar com a perda. Atrav\u00e9s de rituais, como funerais e cerim\u00f4nias de luto, e do apoio emocional de outros membros da comunidade, os indiv\u00edduos encontram um espa\u00e7o para compartilhar sua dor e sua f\u00e9.&nbsp;<\/p>\n\n\n\n<p class=\"wp-block-paragraph\">A solidariedade oferecida por essas comunidades pode ser um conforto poderoso em tempos de sofrimento.<\/p>\n\n\n\n<h2 class=\"wp-block-heading\">Reflex\u00e3o espiritual e crescimento pessoal<\/h2>\n\n\n\n<p class=\"wp-block-paragraph\">A perda tamb\u00e9m pode ser vista como uma oportunidade para crescimento espiritual e pessoal. Muitas pessoas relatam uma intensifica\u00e7\u00e3o de sua f\u00e9 e uma busca por um entendimento mais profundo da vida e da morte ap\u00f3s a perda de um ente querido.&nbsp;<\/p>\n\n\n\n<p class=\"wp-block-paragraph\">Atrav\u00e9s da reflex\u00e3o espiritual, \u00e9 poss\u00edvel encontrar significado na experi\u00eancia da perda e transformar essa dor em uma jornada de autodescoberta.<\/p>\n\n\n\n<h2 class=\"wp-block-heading\">Lidando com a raiva e a confus\u00e3o<\/h2>\n\n\n\n<p class=\"wp-block-paragraph\">\u00c9 natural sentir raiva e confus\u00e3o quando confrontado com a morte de algu\u00e9m pr\u00f3ximo. Questionamentos sobre o motivo pelo qual essa pessoa espec\u00edfica foi tirada de n\u00f3s podem surgir.&nbsp;<\/p>\n\n\n\n<p class=\"wp-block-paragraph\">\u00c9 importante permitir-se sentir essas emo\u00e7\u00f5es sem julgamento. A f\u00e9 pode oferecer um espa\u00e7o para expressar esses sentimentos e buscar conforto atrav\u00e9s da ora\u00e7\u00e3o e da medita\u00e7\u00e3o.<\/p>\n\n\n\n<h2 class=\"wp-block-heading\">Aceita\u00e7\u00e3o e redefini\u00e7\u00e3o do relacionamento<\/h2>\n\n\n\n<p class=\"wp-block-paragraph\">Parte do processo de cura ap\u00f3s a perda envolve encontrar um lugar de aceita\u00e7\u00e3o. Isso n\u00e3o significa esquecer a pessoa que se foi, mas sim integrar essa perda em nossa vida de maneira que possamos seguir em frente com amor e gratid\u00e3o pelos momentos compartilhados.&nbsp;<\/p>\n\n\n\n<h2 class=\"wp-block-heading\">Encontrando significado na dor<\/h2>\n\n\n\n<p class=\"wp-block-paragraph\">Encontrar significado na dor pode ser um dos aspectos mais desafiadores, mas tamb\u00e9m mais transformadores, de lidar com a perda. Muitas pessoas descobrem um prop\u00f3sito maior em suas vidas ap\u00f3s uma experi\u00eancia de luto, seja atrav\u00e9s de um compromisso renovado com sua f\u00e9, doa\u00e7\u00e3o para causas que importam ou simplesmente valorizando mais cada momento com aqueles que ainda est\u00e3o presentes.<\/p>\n\n\n\n<h2 class=\"wp-block-heading\">Um caminho de esperan\u00e7a e f\u00e9<\/h2>\n\n\n\n<p class=\"wp-block-paragraph\">A quest\u00e3o &#8220;por que Deus leva as pessoas que amamos?&#8221; n\u00e3o tem uma resposta \u00fanica e definitiva. Cada pessoa enfrenta essa pergunta de maneira \u00fanica, baseada em suas cren\u00e7as, experi\u00eancias e contexto cultural.&nbsp;<\/p>\n\n\n\n<p class=\"wp-block-paragraph\">A espiritualidade e a f\u00e9 podem oferecer um caminho de esperan\u00e7a e consolo durante momentos de dor, ajudando-nos a encontrar significado e prop\u00f3sito mesmo diante da perda mais profunda.&nbsp;<\/p>\n\n\n\n<p class=\"wp-block-paragraph\">Ao enfrentar o luto com compaix\u00e3o por si mesmo e pelos outros, \u00e9 poss\u00edvel transformar a dor em uma jornada de crescimento espiritual e pessoal, honrando sempre aqueles que amamos e que partiram.<\/p>\n\n\n\n<p class=\"wp-block-paragraph\">Portanto, enquanto a perda pode nos deixar com perguntas sem respostas claras, \u00e9 na busca por entendimento e na conex\u00e3o com nossa espiritualidade que podemos encontrar conforto e uma nova forma de seguir adiante, lembrando sempre do amor e dos ensinamentos deixados por aqueles que foram importantes em nossas vidas.<\/p>\n\n\n\n<p class=\"wp-block-paragraph\"><strong>Voir aussi\u00a0: <a href=\"https:\/\/www.oracaoefe.com\/fr\/egocentrismo-entenda-quando-ele-pode-sabotar-sua-fe\/\">Egocentrismo: Entenda quando ele pode sabotar sua f\u00e9<\/a><\/strong><\/p>\n\n\n\n<p class=\"wp-block-paragraph\">26 de junho de 2024<\/p>","protected":false},"excerpt":{"rendered":"<p>A perda de entes queridos \u00e9 uma das experi\u00eancias mais dif\u00edceis que enfrentamos ao longo da vida. Quando algu\u00e9m pr\u00f3ximo parte, \u00e9 comum questionarmos o motivo por tr\u00e1s dessa partida, especialmente quando acontece de maneira inesperada ou precoce. Muitos recorrem \u00e0 f\u00e9 e \u00e0 espiritualidade para encontrar consolo e entendimento nesses momentos. A natureza da&hellip;&nbsp;<\/p>","protected":false},"author":3,"featured_media":2910,"comment_status":"closed","ping_status":"closed","sticky":false,"template":"","format":"standard","meta":{"neve_meta_sidebar":"","neve_meta_container":"","neve_meta_enable_content_width":"","neve_meta_content_width":0,"neve_meta_title_alignment":"","neve_meta_author_avatar":"","neve_post_elements_order":"","neve_meta_disable_header":"","neve_meta_disable_footer":"","neve_meta_disable_title":"","footnotes":""},"categories":[4],"tags":[20,218],"class_list":["post-2904","post","type-post","status-publish","format-standard","has-post-thumbnail","hentry","category-fique-por-dentro","tag-deus","tag-sofrimento"],"yoast_head":"<!-- This site is optimized with the Yoast SEO plugin v28.4 - https:\/\/yoast.com\/product\/yoast-seo-wordpress\/ -->\n<title>Por que Deus leva as pessoas que amamos? Entenda como lidar com o sofrimento - Ora\u00e7\u00e3o e F\u00e9<\/title>\n<meta name=\"description\" content=\"Deus tem pra voc\u00ea uma palavra de vida!\" \/>\n<meta name=\"robots\" content=\"index, follow, max-snippet:-1, max-image-preview:large, max-video-preview:-1\" \/>\n<link rel=\"canonical\" href=\"https:\/\/www.oracaoefe.com\/fr\/por-que-deus-leva-as-pessoas-que-amamos-entenda-como-lidar-com-o-sofrimento\/\" \/>\n<meta property=\"og:locale\" content=\"fr_FR\" \/>\n<meta property=\"og:type\" content=\"article\" \/>\n<meta property=\"og:title\" content=\"Por que Deus leva as pessoas que amamos? Entenda como lidar com o sofrimento - Ora\u00e7\u00e3o e F\u00e9\" \/>\n<meta property=\"og:description\" content=\"Deus tem pra voc\u00ea uma palavra de vida!\" \/>\n<meta property=\"og:url\" content=\"https:\/\/www.oracaoefe.com\/fr\/por-que-deus-leva-as-pessoas-que-amamos-entenda-como-lidar-com-o-sofrimento\/\" \/>\n<meta property=\"og:site_name\" content=\"Ora\u00e7\u00e3o e F\u00e9\" \/>\n<meta property=\"article:published_time\" content=\"2024-06-26T04:00:00+00:00\" \/>\n<meta property=\"og:image\" content=\"https:\/\/www.oracaoefe.com\/wp-content\/uploads\/2024\/06\/image-2.png\" \/>\n\t<meta property=\"og:image:width\" content=\"740\" \/>\n\t<meta property=\"og:image:height\" content=\"493\" \/>\n\t<meta property=\"og:image:type\" content=\"image\/png\" \/>\n<meta name=\"author\" content=\"Michele Azevedo\" \/>\n<meta name=\"twitter:card\" content=\"summary_large_image\" \/>\n<meta name=\"twitter:label1\" content=\"\u00c9crit par\" \/>\n\t<meta name=\"twitter:data1\" content=\"Michele Azevedo\" \/>\n\t<meta name=\"twitter:label2\" content=\"Dur\u00e9e de lecture estim\u00e9e\" \/>\n\t<meta name=\"twitter:data2\" content=\"4 minutes\" \/>\n<script type=\"application\/ld+json\" class=\"yoast-schema-graph\">{\"@context\":\"https:\\\/\\\/schema.org\",\"@graph\":[{\"@type\":\"Article\",\"@id\":\"https:\\\/\\\/www.oracaoefe.com\\\/por-que-deus-leva-as-pessoas-que-amamos-entenda-como-lidar-com-o-sofrimento\\\/#article\",\"isPartOf\":{\"@id\":\"https:\\\/\\\/www.oracaoefe.com\\\/por-que-deus-leva-as-pessoas-que-amamos-entenda-como-lidar-com-o-sofrimento\\\/\"},\"author\":{\"name\":\"Michele Azevedo\",\"@id\":\"https:\\\/\\\/www.oracaoefe.com\\\/#\\\/schema\\\/person\\\/17283c669442cf005c4d5bb58adfb7f5\"},\"headline\":\"Por que Deus leva as pessoas que amamos? Entenda como lidar com o sofrimento\",\"datePublished\":\"2024-06-26T04:00:00+00:00\",\"mainEntityOfPage\":{\"@id\":\"https:\\\/\\\/www.oracaoefe.com\\\/por-que-deus-leva-as-pessoas-que-amamos-entenda-como-lidar-com-o-sofrimento\\\/\"},\"wordCount\":769,\"image\":{\"@id\":\"https:\\\/\\\/www.oracaoefe.com\\\/por-que-deus-leva-as-pessoas-que-amamos-entenda-como-lidar-com-o-sofrimento\\\/#primaryimage\"},\"thumbnailUrl\":\"https:\\\/\\\/www.oracaoefe.com\\\/wp-content\\\/uploads\\\/2024\\\/06\\\/image-2.png\",\"keywords\":[\"Deus\",\"sofrimento\"],\"articleSection\":[\"Fique por Dentro\"],\"inLanguage\":\"fr-FR\"},{\"@type\":\"WebPage\",\"@id\":\"https:\\\/\\\/www.oracaoefe.com\\\/por-que-deus-leva-as-pessoas-que-amamos-entenda-como-lidar-com-o-sofrimento\\\/\",\"url\":\"https:\\\/\\\/www.oracaoefe.com\\\/por-que-deus-leva-as-pessoas-que-amamos-entenda-como-lidar-com-o-sofrimento\\\/\",\"name\":\"Por que Deus leva as pessoas que amamos? Entenda como lidar com o sofrimento - Ora\u00e7\u00e3o e F\u00e9\",\"isPartOf\":{\"@id\":\"https:\\\/\\\/www.oracaoefe.com\\\/#website\"},\"primaryImageOfPage\":{\"@id\":\"https:\\\/\\\/www.oracaoefe.com\\\/por-que-deus-leva-as-pessoas-que-amamos-entenda-como-lidar-com-o-sofrimento\\\/#primaryimage\"},\"image\":{\"@id\":\"https:\\\/\\\/www.oracaoefe.com\\\/por-que-deus-leva-as-pessoas-que-amamos-entenda-como-lidar-com-o-sofrimento\\\/#primaryimage\"},\"thumbnailUrl\":\"https:\\\/\\\/www.oracaoefe.com\\\/wp-content\\\/uploads\\\/2024\\\/06\\\/image-2.png\",\"datePublished\":\"2024-06-26T04:00:00+00:00\",\"author\":{\"@id\":\"https:\\\/\\\/www.oracaoefe.com\\\/#\\\/schema\\\/person\\\/17283c669442cf005c4d5bb58adfb7f5\"},\"description\":\"Deus tem pra voc\u00ea uma palavra de vida!\",\"breadcrumb\":{\"@id\":\"https:\\\/\\\/www.oracaoefe.com\\\/por-que-deus-leva-as-pessoas-que-amamos-entenda-como-lidar-com-o-sofrimento\\\/#breadcrumb\"},\"inLanguage\":\"fr-FR\",\"potentialAction\":[{\"@type\":\"ReadAction\",\"target\":[\"https:\\\/\\\/www.oracaoefe.com\\\/por-que-deus-leva-as-pessoas-que-amamos-entenda-como-lidar-com-o-sofrimento\\\/\"]}]},{\"@type\":\"ImageObject\",\"inLanguage\":\"fr-FR\",\"@id\":\"https:\\\/\\\/www.oracaoefe.com\\\/por-que-deus-leva-as-pessoas-que-amamos-entenda-como-lidar-com-o-sofrimento\\\/#primaryimage\",\"url\":\"https:\\\/\\\/www.oracaoefe.com\\\/wp-content\\\/uploads\\\/2024\\\/06\\\/image-2.png\",\"contentUrl\":\"https:\\\/\\\/www.oracaoefe.com\\\/wp-content\\\/uploads\\\/2024\\\/06\\\/image-2.png\",\"width\":740,\"height\":493},{\"@type\":\"BreadcrumbList\",\"@id\":\"https:\\\/\\\/www.oracaoefe.com\\\/por-que-deus-leva-as-pessoas-que-amamos-entenda-como-lidar-com-o-sofrimento\\\/#breadcrumb\",\"itemListElement\":[{\"@type\":\"ListItem\",\"position\":1,\"name\":\"Home\",\"item\":\"https:\\\/\\\/www.oracaoefe.com\\\/\"},{\"@type\":\"ListItem\",\"position\":2,\"name\":\"Fique por Dentro\",\"item\":\"https:\\\/\\\/www.oracaoefe.com\\\/category\\\/fique-por-dentro\\\/\"},{\"@type\":\"ListItem\",\"position\":3,\"name\":\"Por que Deus leva as pessoas que amamos? Entenda como lidar com o sofrimento\"}]},{\"@type\":\"WebSite\",\"@id\":\"https:\\\/\\\/www.oracaoefe.com\\\/#website\",\"url\":\"https:\\\/\\\/www.oracaoefe.com\\\/\",\"name\":\"Ora\u00e7\u00e3o e F\u00e9\",\"description\":\"\",\"potentialAction\":[{\"@type\":\"SearchAction\",\"target\":{\"@type\":\"EntryPoint\",\"urlTemplate\":\"https:\\\/\\\/www.oracaoefe.com\\\/?s={search_term_string}\"},\"query-input\":{\"@type\":\"PropertyValueSpecification\",\"valueRequired\":true,\"valueName\":\"search_term_string\"}}],\"inLanguage\":\"fr-FR\"},{\"@type\":\"Person\",\"@id\":\"https:\\\/\\\/www.oracaoefe.com\\\/#\\\/schema\\\/person\\\/17283c669442cf005c4d5bb58adfb7f5\",\"name\":\"Michele Azevedo\",\"image\":{\"@type\":\"ImageObject\",\"inLanguage\":\"fr-FR\",\"@id\":\"https:\\\/\\\/secure.gravatar.com\\\/avatar\\\/6b0eb9d22841282815e2cd856a0061c45e1761cd54b22e952d98c4746939aa85?s=96&d=mm&r=g\",\"url\":\"https:\\\/\\\/secure.gravatar.com\\\/avatar\\\/6b0eb9d22841282815e2cd856a0061c45e1761cd54b22e952d98c4746939aa85?s=96&d=mm&r=g\",\"contentUrl\":\"https:\\\/\\\/secure.gravatar.com\\\/avatar\\\/6b0eb9d22841282815e2cd856a0061c45e1761cd54b22e952d98c4746939aa85?s=96&d=mm&r=g\",\"caption\":\"Michele Azevedo\"},\"description\":\"Formada em Letras - Portugu\u00eas\\\/ Ingl\u00eas pela Universidade Estadual de Ponta Grossa (UEPG), p\u00f3s-graduada em Arte na Educa\u00e7\u00e3o (FAPI) e Psicopedagogia Escolar (FAPI), idealizadora e propriet\u00e1ria do site Escritora de Sucesso, possui experi\u00eancia em escrita para blogs em geral e atua como redatora e revisora dos conte\u00fados do Ora\u00e7\u00e3o e F\u00e9.\",\"url\":\"https:\\\/\\\/www.oracaoefe.com\\\/fr\\\/author\\\/michele-azevedo\\\/\"}]}<\/script>\n<!-- \/ Yoast SEO plugin. -->","yoast_head_json":{"title":"Por que Deus leva as pessoas que amamos? Entenda como lidar com o sofrimento - Ora\u00e7\u00e3o e F\u00e9","description":"Dieu a une parole de vie pour vous !","robots":{"index":"index","follow":"follow","max-snippet":"max-snippet:-1","max-image-preview":"max-image-preview:large","max-video-preview":"max-video-preview:-1"},"canonical":"https:\/\/www.oracaoefe.com\/fr\/por-que-deus-leva-as-pessoas-que-amamos-entenda-como-lidar-com-o-sofrimento\/","og_locale":"fr_FR","og_type":"article","og_title":"Por que Deus leva as pessoas que amamos? Entenda como lidar com o sofrimento - Ora\u00e7\u00e3o e F\u00e9","og_description":"Deus tem pra voc\u00ea uma palavra de vida!","og_url":"https:\/\/www.oracaoefe.com\/fr\/por-que-deus-leva-as-pessoas-que-amamos-entenda-como-lidar-com-o-sofrimento\/","og_site_name":"Ora\u00e7\u00e3o e F\u00e9","article_published_time":"2024-06-26T04:00:00+00:00","og_image":[{"width":740,"height":493,"url":"https:\/\/www.oracaoefe.com\/wp-content\/uploads\/2024\/06\/image-2.png","type":"image\/png"}],"author":"Michele Azevedo","twitter_card":"summary_large_image","twitter_misc":{"\u00c9crit par":"Michele Azevedo","Dur\u00e9e de lecture estim\u00e9e":"4 minutes"},"schema":{"@context":"https:\/\/schema.org","@graph":[{"@type":"Article","@id":"https:\/\/www.oracaoefe.com\/por-que-deus-leva-as-pessoas-que-amamos-entenda-como-lidar-com-o-sofrimento\/#article","isPartOf":{"@id":"https:\/\/www.oracaoefe.com\/por-que-deus-leva-as-pessoas-que-amamos-entenda-como-lidar-com-o-sofrimento\/"},"author":{"name":"Michele Azevedo","@id":"https:\/\/www.oracaoefe.com\/#\/schema\/person\/17283c669442cf005c4d5bb58adfb7f5"},"headline":"Por que Deus leva as pessoas que amamos? Entenda como lidar com o sofrimento","datePublished":"2024-06-26T04:00:00+00:00","mainEntityOfPage":{"@id":"https:\/\/www.oracaoefe.com\/por-que-deus-leva-as-pessoas-que-amamos-entenda-como-lidar-com-o-sofrimento\/"},"wordCount":769,"image":{"@id":"https:\/\/www.oracaoefe.com\/por-que-deus-leva-as-pessoas-que-amamos-entenda-como-lidar-com-o-sofrimento\/#primaryimage"},"thumbnailUrl":"https:\/\/www.oracaoefe.com\/wp-content\/uploads\/2024\/06\/image-2.png","keywords":["Deus","sofrimento"],"articleSection":["Fique por Dentro"],"inLanguage":"fr-FR"},{"@type":"WebPage","@id":"https:\/\/www.oracaoefe.com\/por-que-deus-leva-as-pessoas-que-amamos-entenda-como-lidar-com-o-sofrimento\/","url":"https:\/\/www.oracaoefe.com\/por-que-deus-leva-as-pessoas-que-amamos-entenda-como-lidar-com-o-sofrimento\/","name":"Por que Deus leva as pessoas que amamos? Entenda como lidar com o sofrimento - Ora\u00e7\u00e3o e F\u00e9","isPartOf":{"@id":"https:\/\/www.oracaoefe.com\/#website"},"primaryImageOfPage":{"@id":"https:\/\/www.oracaoefe.com\/por-que-deus-leva-as-pessoas-que-amamos-entenda-como-lidar-com-o-sofrimento\/#primaryimage"},"image":{"@id":"https:\/\/www.oracaoefe.com\/por-que-deus-leva-as-pessoas-que-amamos-entenda-como-lidar-com-o-sofrimento\/#primaryimage"},"thumbnailUrl":"https:\/\/www.oracaoefe.com\/wp-content\/uploads\/2024\/06\/image-2.png","datePublished":"2024-06-26T04:00:00+00:00","author":{"@id":"https:\/\/www.oracaoefe.com\/#\/schema\/person\/17283c669442cf005c4d5bb58adfb7f5"},"description":"Dieu a une parole de vie pour vous !","breadcrumb":{"@id":"https:\/\/www.oracaoefe.com\/por-que-deus-leva-as-pessoas-que-amamos-entenda-como-lidar-com-o-sofrimento\/#breadcrumb"},"inLanguage":"fr-FR","potentialAction":[{"@type":"ReadAction","target":["https:\/\/www.oracaoefe.com\/por-que-deus-leva-as-pessoas-que-amamos-entenda-como-lidar-com-o-sofrimento\/"]}]},{"@type":"ImageObject","inLanguage":"fr-FR","@id":"https:\/\/www.oracaoefe.com\/por-que-deus-leva-as-pessoas-que-amamos-entenda-como-lidar-com-o-sofrimento\/#primaryimage","url":"https:\/\/www.oracaoefe.com\/wp-content\/uploads\/2024\/06\/image-2.png","contentUrl":"https:\/\/www.oracaoefe.com\/wp-content\/uploads\/2024\/06\/image-2.png","width":740,"height":493},{"@type":"BreadcrumbList","@id":"https:\/\/www.oracaoefe.com\/por-que-deus-leva-as-pessoas-que-amamos-entenda-como-lidar-com-o-sofrimento\/#breadcrumb","itemListElement":[{"@type":"ListItem","position":1,"name":"Home","item":"https:\/\/www.oracaoefe.com\/"},{"@type":"ListItem","position":2,"name":"Fique por Dentro","item":"https:\/\/www.oracaoefe.com\/category\/fique-por-dentro\/"},{"@type":"ListItem","position":3,"name":"Por que Deus leva as pessoas que amamos? Entenda como lidar com o sofrimento"}]},{"@type":"WebSite","@id":"https:\/\/www.oracaoefe.com\/#website","url":"https:\/\/www.oracaoefe.com\/","name":"Pri\u00e8re et foi","description":"","potentialAction":[{"@type":"SearchAction","target":{"@type":"EntryPoint","urlTemplate":"https:\/\/www.oracaoefe.com\/?s={search_term_string}"},"query-input":{"@type":"PropertyValueSpecification","valueRequired":true,"valueName":"search_term_string"}}],"inLanguage":"fr-FR"},{"@type":"Person","@id":"https:\/\/www.oracaoefe.com\/#\/schema\/person\/17283c669442cf005c4d5bb58adfb7f5","name":"Michele Azevedo","image":{"@type":"ImageObject","inLanguage":"fr-FR","@id":"https:\/\/secure.gravatar.com\/avatar\/6b0eb9d22841282815e2cd856a0061c45e1761cd54b22e952d98c4746939aa85?s=96&d=mm&r=g","url":"https:\/\/secure.gravatar.com\/avatar\/6b0eb9d22841282815e2cd856a0061c45e1761cd54b22e952d98c4746939aa85?s=96&d=mm&r=g","contentUrl":"https:\/\/secure.gravatar.com\/avatar\/6b0eb9d22841282815e2cd856a0061c45e1761cd54b22e952d98c4746939aa85?s=96&d=mm&r=g","caption":"Michele Azevedo"},"description":"Dipl\u00f4m\u00e9e en litt\u00e9rature portugaise\/anglaise de l&#039;Universit\u00e9 d&#039;\u00c9tat de Ponta Grossa (UEPG), avec des dipl\u00f4mes de troisi\u00e8me cycle en art dans l&#039;\u00e9ducation (FAPI) et en psychop\u00e9dagogie scolaire (FAPI), elle est la cr\u00e9atrice et propri\u00e9taire du site web Escritora de Sucesso, a de l&#039;exp\u00e9rience dans l&#039;\u00e9criture pour les blogs en g\u00e9n\u00e9ral et travaille comme r\u00e9dactrice et \u00e9ditrice du contenu pour Ora\u00e7\u00e3o e F\u00e9.","url":"https:\/\/www.oracaoefe.com\/fr\/author\/michele-azevedo\/"}]}},"_links":{"self":[{"href":"https:\/\/www.oracaoefe.com\/fr\/wp-json\/wp\/v2\/posts\/2904","targetHints":{"allow":["GET"]}}],"collection":[{"href":"https:\/\/www.oracaoefe.com\/fr\/wp-json\/wp\/v2\/posts"}],"about":[{"href":"https:\/\/www.oracaoefe.com\/fr\/wp-json\/wp\/v2\/types\/post"}],"author":[{"embeddable":true,"href":"https:\/\/www.oracaoefe.com\/fr\/wp-json\/wp\/v2\/users\/3"}],"replies":[{"embeddable":true,"href":"https:\/\/www.oracaoefe.com\/fr\/wp-json\/wp\/v2\/comments?post=2904"}],"version-history":[{"count":2,"href":"https:\/\/www.oracaoefe.com\/fr\/wp-json\/wp\/v2\/posts\/2904\/revisions"}],"predecessor-version":[{"id":2911,"href":"https:\/\/www.oracaoefe.com\/fr\/wp-json\/wp\/v2\/posts\/2904\/revisions\/2911"}],"wp:featuredmedia":[{"embeddable":true,"href":"https:\/\/www.oracaoefe.com\/fr\/wp-json\/wp\/v2\/media\/2910"}],"wp:attachment":[{"href":"https:\/\/www.oracaoefe.com\/fr\/wp-json\/wp\/v2\/media?parent=2904"}],"wp:term":[{"taxonomy":"category","embeddable":true,"href":"https:\/\/www.oracaoefe.com\/fr\/wp-json\/wp\/v2\/categories?post=2904"},{"taxonomy":"post_tag","embeddable":true,"href":"https:\/\/www.oracaoefe.com\/fr\/wp-json\/wp\/v2\/tags?post=2904"}],"curies":[{"name":"wp","href":"https:\/\/api.w.org\/{rel}","templated":true}]}}