{"id":2902,"date":"2024-06-23T23:48:28","date_gmt":"2024-06-24T02:48:28","guid":{"rendered":"https:\/\/www.oracaoefe.com\/?p=2902"},"modified":"2024-06-23T23:48:29","modified_gmt":"2024-06-24T02:48:29","slug":"o-que-devo-fazer-para-fortalecer-a-minha-fe-entenda","status":"publish","type":"post","link":"https:\/\/www.oracaoefe.com\/fr\/o-que-devo-fazer-para-fortalecer-a-minha-fe-entenda\/","title":{"rendered":"O que devo fazer para fortalecer a minha f\u00e9? Entenda"},"content":{"rendered":"<p class=\"wp-block-paragraph\">A busca por fortalecer a f\u00e9 \u00e9 uma jornada pessoal e espiritual que muitas pessoas enfrentam ao longo da vida. Seja em momentos de incerteza, desafios ou simplesmente em busca de um prop\u00f3sito maior, h\u00e1 v\u00e1rias maneiras de cultivar e fortalecer a sua f\u00e9.<\/p>\n\n\n\n<h2 class=\"wp-block-heading\">Compreendendo a f\u00e9<\/h2>\n\n\n\n<p class=\"wp-block-paragraph\">Antes de tudo, \u00e9 essencial compreender o que significa ter f\u00e9. Em muitas tradi\u00e7\u00f5es religiosas e espirituais, \u00e9 descrita como a confian\u00e7a em algo maior do que n\u00f3s mesmos, seja em um ser divino, em princ\u00edpios espirituais ou em um prop\u00f3sito transcendental.&nbsp;<\/p>\n\n\n\n<p class=\"wp-block-paragraph\">\u00c9 um estado de convic\u00e7\u00e3o que vai al\u00e9m da raz\u00e3o puramente l\u00f3gica, envolvendo aspectos emocionais e espirituais profundos. Veja alguns passos que podem te ajudar a fortalecer a sua f\u00e9.<\/p>\n\n\n\n<h3 class=\"wp-block-heading\">1. Autoconhecimento e reflex\u00e3o<\/h3>\n\n\n\n<p class=\"wp-block-paragraph\">O primeiro passo para fortalecer a f\u00e9 \u00e9 conhecer a si mesmo. Isso envolve explorar suas cren\u00e7as, valores e experi\u00eancias que moldam sua vis\u00e3o de mundo e espiritualidade. Reserve tempo para reflex\u00e3o pessoal, medita\u00e7\u00e3o ou pr\u00e1ticas contemplativas que ajudem a conectar-se consigo mesmo e com suas convic\u00e7\u00f5es mais \u00edntimas.<\/p>\n\n\n\n<figure class=\"wp-block-image size-full is-resized\"><img loading=\"lazy\" decoding=\"async\" width=\"740\" height=\"494\" src=\"https:\/\/www.oracaoefe.com\/wp-content\/uploads\/2024\/06\/image-1.png\" alt=\"\" class=\"wp-image-2908\" style=\"width:839px;height:auto\" srcset=\"https:\/\/www.oracaoefe.com\/wp-content\/uploads\/2024\/06\/image-1.png 740w, https:\/\/www.oracaoefe.com\/wp-content\/uploads\/2024\/06\/image-1-300x200.png 300w, https:\/\/www.oracaoefe.com\/wp-content\/uploads\/2024\/06\/image-1-18x12.png 18w\" sizes=\"auto, (max-width: 740px) 100vw, 740px\" \/><\/figure>\n\n\n\n<h3 class=\"wp-block-heading\">2. Estudo e conhecimento<\/h3>\n\n\n\n<p class=\"wp-block-paragraph\">Investir no estudo das escrituras, textos sagrados ou ensinamentos da sua tradi\u00e7\u00e3o espiritual pode proporcionar uma base s\u00f3lida para a sua f\u00e9. Compreender os princ\u00edpios e os ensinamentos fundamentais pode oferecer insights profundos e ajudar a fundamentar sua pr\u00e1tica espiritual di\u00e1ria.<\/p>\n\n\n\n<h3 class=\"wp-block-heading\">3. Comunidade e partilha<\/h3>\n\n\n\n<p class=\"wp-block-paragraph\">Participar de uma comunidade de f\u00e9 pode ser extremamente enriquecedor. O conv\u00edvio com outros crentes permite compartilhar experi\u00eancias, aprender com os outros e encontrar apoio m\u00fatuo. Envolva-se em grupos de estudo, celebra\u00e7\u00f5es religiosas ou atividades comunit\u00e1rias que fortale\u00e7am sua conex\u00e3o espiritual com os outros.<\/p>\n\n\n\n<h3 class=\"wp-block-heading\">4. Pr\u00e1tica espiritual regular<\/h3>\n\n\n\n<p class=\"wp-block-paragraph\">A pr\u00e1tica regular de rituais, ora\u00e7\u00f5es, medita\u00e7\u00e3o ou outros atos espirituais pode ajudar a cultivar uma conex\u00e3o mais profunda com sua f\u00e9. Estabele\u00e7a uma rotina que seja significativa para voc\u00ea, incorporando momentos de contempla\u00e7\u00e3o e di\u00e1logo interior com o divino ou com seu entendimento pessoal do sagrado.<\/p>\n\n\n\n<h3 class=\"wp-block-heading\">5. Busca por sentido e prop\u00f3sito<\/h3>\n\n\n\n<p class=\"wp-block-paragraph\">A f\u00e9 muitas vezes est\u00e1 intrinsecamente ligada \u00e0 busca por sentido e prop\u00f3sito na vida. Reflita sobre como ela influencia suas escolhas, a\u00e7\u00f5es e relacionamentos. Busque alinhar suas aspira\u00e7\u00f5es espirituais com suas metas pessoais e contribuir para um mundo melhor.<\/p>\n\n\n\n<h3 class=\"wp-block-heading\">6. Aceita\u00e7\u00e3o e resili\u00eancia<\/h3>\n\n\n\n<p class=\"wp-block-paragraph\">Parte do fortalecimento da f\u00e9 envolve aceitar que nem sempre teremos respostas claras para todas as perguntas.\u00c9 sobre confiar no desconhecido e desenvolver resili\u00eancia diante das adversidades. Aprenda a ver os desafios como oportunidades de crescimento espiritual e fortalecimento.<\/p>\n\n\n\n<h3 class=\"wp-block-heading\">7. Gratid\u00e3o e celebra\u00e7\u00e3o<\/h3>\n\n\n\n<p class=\"wp-block-paragraph\">Pratique a gratid\u00e3o di\u00e1ria, reconhecendo as b\u00ean\u00e7\u00e3os e os momentos de gra\u00e7a em sua vida. Celebre as conquistas pessoais, os momentos de alegria e as experi\u00eancias espirituais significativas. A gratid\u00e3o ajuda a cultivar uma atitude positiva e fortalece a conex\u00e3o com o divino e com os outros.<\/p>\n\n\n\n<h3 class=\"wp-block-heading\">8. Servi\u00e7o e comprometimento<\/h3>\n\n\n\n<p class=\"wp-block-paragraph\">Envolva-se em atividades de servi\u00e7o comunit\u00e1rio ou voluntariado que reflitam seus valores espirituais. O comprometimento com o bem-estar dos outros e com causas que promovem a justi\u00e7a social pode ser uma express\u00e3o pr\u00e1tica da sua f\u00e9 e uma fonte de inspira\u00e7\u00e3o e motiva\u00e7\u00e3o espiritual.<\/p>\n\n\n\n<h3 class=\"wp-block-heading\">9. Di\u00e1logo e questionamento construtivo<\/h3>\n\n\n\n<p class=\"wp-block-paragraph\">N\u00e3o tenha medo de questionar e explorar suas d\u00favidas. O di\u00e1logo aberto e construtivo com pessoas de diferentes perspectivas pode enriquecer sua compreens\u00e3o da f\u00e9 e ajudar a fortalecer suas convic\u00e7\u00f5es pessoais. Esteja aberto ao aprendizado cont\u00ednuo e ao crescimento espiritual.<\/p>\n\n\n\n<h2 class=\"wp-block-heading\">Fortalecendo a f\u00e9<\/h2>\n\n\n\n<p class=\"wp-block-paragraph\">Fortalecer a f\u00e9 \u00e9 um processo cont\u00ednuo e individual que envolve autoconhecimento, pr\u00e1tica espiritual, estudo e conex\u00e3o com a comunidade. N\u00e3o h\u00e1 uma f\u00f3rmula \u00fanica ou um caminho predeterminado, pois cada pessoa vive sua jornada espiritual de maneira \u00fanica.&nbsp;<\/p>\n\n\n\n<p class=\"wp-block-paragraph\">O importante \u00e9 estar aberto ao crescimento pessoal, cultivar uma conex\u00e3o significativa com suas cren\u00e7as e buscar uma vida que reflita os valores e princ\u00edpios que voc\u00ea considera sagrados. Que este artigo possa inspirar e orientar voc\u00ea em sua busca por fortalecer a sua f\u00e9.<\/p>\n\n\n\n<p class=\"wp-block-paragraph\"><strong>Voir aussi\u00a0: <a href=\"https:\/\/www.oracaoefe.com\/fr\/egocentrismo-entenda-quando-ele-pode-sabotar-sua-fe\/\">Egocentrismo: Entenda quando ele pode sabotar sua f\u00e9<\/a><\/strong><\/p>\n\n\n\n<p class=\"wp-block-paragraph\">23 de junho de 2024<\/p>","protected":false},"excerpt":{"rendered":"<p>A busca por fortalecer a f\u00e9 \u00e9 uma jornada pessoal e espiritual que muitas pessoas enfrentam ao longo da vida. Seja em momentos de incerteza, desafios ou simplesmente em busca de um prop\u00f3sito maior, h\u00e1 v\u00e1rias maneiras de cultivar e fortalecer a sua f\u00e9. Compreendendo a f\u00e9 Antes de tudo, \u00e9 essencial compreender o que&hellip;&nbsp;<\/p>","protected":false},"author":3,"featured_media":2908,"comment_status":"closed","ping_status":"closed","sticky":false,"template":"","format":"standard","meta":{"neve_meta_sidebar":"","neve_meta_container":"","neve_meta_enable_content_width":"","neve_meta_content_width":0,"neve_meta_title_alignment":"","neve_meta_author_avatar":"","neve_post_elements_order":"","neve_meta_disable_header":"","neve_meta_disable_footer":"","neve_meta_disable_title":"","footnotes":""},"categories":[3],"tags":[36],"class_list":["post-2902","post","type-post","status-publish","format-standard","has-post-thumbnail","hentry","category-fe","tag-fe-2"],"yoast_head":"<!-- This site is optimized with the Yoast SEO plugin v28.4 - https:\/\/yoast.com\/product\/yoast-seo-wordpress\/ -->\n<title>O que devo fazer para fortalecer a minha f\u00e9? Entenda - Ora\u00e7\u00e3o e F\u00e9<\/title>\n<meta name=\"description\" content=\"Deus tem pra voc\u00ea uma palavra de vida!\" \/>\n<meta name=\"robots\" content=\"index, follow, max-snippet:-1, max-image-preview:large, max-video-preview:-1\" \/>\n<link rel=\"canonical\" href=\"https:\/\/www.oracaoefe.com\/fr\/o-que-devo-fazer-para-fortalecer-a-minha-fe-entenda\/\" \/>\n<meta property=\"og:locale\" content=\"fr_FR\" \/>\n<meta property=\"og:type\" content=\"article\" \/>\n<meta property=\"og:title\" content=\"O que devo fazer para fortalecer a minha f\u00e9? Entenda - Ora\u00e7\u00e3o e F\u00e9\" \/>\n<meta property=\"og:description\" content=\"Deus tem pra voc\u00ea uma palavra de vida!\" \/>\n<meta property=\"og:url\" content=\"https:\/\/www.oracaoefe.com\/fr\/o-que-devo-fazer-para-fortalecer-a-minha-fe-entenda\/\" \/>\n<meta property=\"og:site_name\" content=\"Ora\u00e7\u00e3o e F\u00e9\" \/>\n<meta property=\"article:published_time\" content=\"2024-06-24T02:48:28+00:00\" \/>\n<meta property=\"article:modified_time\" content=\"2024-06-24T02:48:29+00:00\" \/>\n<meta property=\"og:image\" content=\"https:\/\/www.oracaoefe.com\/wp-content\/uploads\/2024\/06\/image-1.png\" \/>\n\t<meta property=\"og:image:width\" content=\"740\" \/>\n\t<meta property=\"og:image:height\" content=\"494\" \/>\n\t<meta property=\"og:image:type\" content=\"image\/png\" \/>\n<meta name=\"author\" content=\"Michele Azevedo\" \/>\n<meta name=\"twitter:card\" content=\"summary_large_image\" \/>\n<meta name=\"twitter:label1\" content=\"\u00c9crit par\" \/>\n\t<meta name=\"twitter:data1\" content=\"Michele Azevedo\" \/>\n\t<meta name=\"twitter:label2\" content=\"Dur\u00e9e de lecture estim\u00e9e\" \/>\n\t<meta name=\"twitter:data2\" content=\"4 minutes\" \/>\n<script type=\"application\/ld+json\" class=\"yoast-schema-graph\">{\"@context\":\"https:\\\/\\\/schema.org\",\"@graph\":[{\"@type\":\"Article\",\"@id\":\"https:\\\/\\\/www.oracaoefe.com\\\/o-que-devo-fazer-para-fortalecer-a-minha-fe-entenda\\\/#article\",\"isPartOf\":{\"@id\":\"https:\\\/\\\/www.oracaoefe.com\\\/o-que-devo-fazer-para-fortalecer-a-minha-fe-entenda\\\/\"},\"author\":{\"name\":\"Michele Azevedo\",\"@id\":\"https:\\\/\\\/www.oracaoefe.com\\\/#\\\/schema\\\/person\\\/17283c669442cf005c4d5bb58adfb7f5\"},\"headline\":\"O que devo fazer para fortalecer a minha f\u00e9? Entenda\",\"datePublished\":\"2024-06-24T02:48:28+00:00\",\"dateModified\":\"2024-06-24T02:48:29+00:00\",\"mainEntityOfPage\":{\"@id\":\"https:\\\/\\\/www.oracaoefe.com\\\/o-que-devo-fazer-para-fortalecer-a-minha-fe-entenda\\\/\"},\"wordCount\":725,\"image\":{\"@id\":\"https:\\\/\\\/www.oracaoefe.com\\\/o-que-devo-fazer-para-fortalecer-a-minha-fe-entenda\\\/#primaryimage\"},\"thumbnailUrl\":\"https:\\\/\\\/www.oracaoefe.com\\\/wp-content\\\/uploads\\\/2024\\\/06\\\/image-1.png\",\"keywords\":[\"f\u00e9\"],\"articleSection\":[\"F\u00e9\"],\"inLanguage\":\"fr-FR\"},{\"@type\":\"WebPage\",\"@id\":\"https:\\\/\\\/www.oracaoefe.com\\\/o-que-devo-fazer-para-fortalecer-a-minha-fe-entenda\\\/\",\"url\":\"https:\\\/\\\/www.oracaoefe.com\\\/o-que-devo-fazer-para-fortalecer-a-minha-fe-entenda\\\/\",\"name\":\"O que devo fazer para fortalecer a minha f\u00e9? Entenda - Ora\u00e7\u00e3o e F\u00e9\",\"isPartOf\":{\"@id\":\"https:\\\/\\\/www.oracaoefe.com\\\/#website\"},\"primaryImageOfPage\":{\"@id\":\"https:\\\/\\\/www.oracaoefe.com\\\/o-que-devo-fazer-para-fortalecer-a-minha-fe-entenda\\\/#primaryimage\"},\"image\":{\"@id\":\"https:\\\/\\\/www.oracaoefe.com\\\/o-que-devo-fazer-para-fortalecer-a-minha-fe-entenda\\\/#primaryimage\"},\"thumbnailUrl\":\"https:\\\/\\\/www.oracaoefe.com\\\/wp-content\\\/uploads\\\/2024\\\/06\\\/image-1.png\",\"datePublished\":\"2024-06-24T02:48:28+00:00\",\"dateModified\":\"2024-06-24T02:48:29+00:00\",\"author\":{\"@id\":\"https:\\\/\\\/www.oracaoefe.com\\\/#\\\/schema\\\/person\\\/17283c669442cf005c4d5bb58adfb7f5\"},\"description\":\"Deus tem pra voc\u00ea uma palavra de vida!\",\"breadcrumb\":{\"@id\":\"https:\\\/\\\/www.oracaoefe.com\\\/o-que-devo-fazer-para-fortalecer-a-minha-fe-entenda\\\/#breadcrumb\"},\"inLanguage\":\"fr-FR\",\"potentialAction\":[{\"@type\":\"ReadAction\",\"target\":[\"https:\\\/\\\/www.oracaoefe.com\\\/o-que-devo-fazer-para-fortalecer-a-minha-fe-entenda\\\/\"]}]},{\"@type\":\"ImageObject\",\"inLanguage\":\"fr-FR\",\"@id\":\"https:\\\/\\\/www.oracaoefe.com\\\/o-que-devo-fazer-para-fortalecer-a-minha-fe-entenda\\\/#primaryimage\",\"url\":\"https:\\\/\\\/www.oracaoefe.com\\\/wp-content\\\/uploads\\\/2024\\\/06\\\/image-1.png\",\"contentUrl\":\"https:\\\/\\\/www.oracaoefe.com\\\/wp-content\\\/uploads\\\/2024\\\/06\\\/image-1.png\",\"width\":740,\"height\":494},{\"@type\":\"BreadcrumbList\",\"@id\":\"https:\\\/\\\/www.oracaoefe.com\\\/o-que-devo-fazer-para-fortalecer-a-minha-fe-entenda\\\/#breadcrumb\",\"itemListElement\":[{\"@type\":\"ListItem\",\"position\":1,\"name\":\"Home\",\"item\":\"https:\\\/\\\/www.oracaoefe.com\\\/\"},{\"@type\":\"ListItem\",\"position\":2,\"name\":\"F\u00e9\",\"item\":\"https:\\\/\\\/www.oracaoefe.com\\\/es\\\/categoria\\\/fe\\\/\"},{\"@type\":\"ListItem\",\"position\":3,\"name\":\"O que devo fazer para fortalecer a minha f\u00e9? Entenda\"}]},{\"@type\":\"WebSite\",\"@id\":\"https:\\\/\\\/www.oracaoefe.com\\\/#website\",\"url\":\"https:\\\/\\\/www.oracaoefe.com\\\/\",\"name\":\"Ora\u00e7\u00e3o e F\u00e9\",\"description\":\"\",\"potentialAction\":[{\"@type\":\"SearchAction\",\"target\":{\"@type\":\"EntryPoint\",\"urlTemplate\":\"https:\\\/\\\/www.oracaoefe.com\\\/?s={search_term_string}\"},\"query-input\":{\"@type\":\"PropertyValueSpecification\",\"valueRequired\":true,\"valueName\":\"search_term_string\"}}],\"inLanguage\":\"fr-FR\"},{\"@type\":\"Person\",\"@id\":\"https:\\\/\\\/www.oracaoefe.com\\\/#\\\/schema\\\/person\\\/17283c669442cf005c4d5bb58adfb7f5\",\"name\":\"Michele Azevedo\",\"image\":{\"@type\":\"ImageObject\",\"inLanguage\":\"fr-FR\",\"@id\":\"https:\\\/\\\/secure.gravatar.com\\\/avatar\\\/6b0eb9d22841282815e2cd856a0061c45e1761cd54b22e952d98c4746939aa85?s=96&d=mm&r=g\",\"url\":\"https:\\\/\\\/secure.gravatar.com\\\/avatar\\\/6b0eb9d22841282815e2cd856a0061c45e1761cd54b22e952d98c4746939aa85?s=96&d=mm&r=g\",\"contentUrl\":\"https:\\\/\\\/secure.gravatar.com\\\/avatar\\\/6b0eb9d22841282815e2cd856a0061c45e1761cd54b22e952d98c4746939aa85?s=96&d=mm&r=g\",\"caption\":\"Michele Azevedo\"},\"description\":\"Formada em Letras - Portugu\u00eas\\\/ Ingl\u00eas pela Universidade Estadual de Ponta Grossa (UEPG), p\u00f3s-graduada em Arte na Educa\u00e7\u00e3o (FAPI) e Psicopedagogia Escolar (FAPI), idealizadora e propriet\u00e1ria do site Escritora de Sucesso, possui experi\u00eancia em escrita para blogs em geral e atua como redatora e revisora dos conte\u00fados do Ora\u00e7\u00e3o e F\u00e9.\",\"url\":\"https:\\\/\\\/www.oracaoefe.com\\\/fr\\\/author\\\/michele-azevedo\\\/\"}]}<\/script>\n<!-- \/ Yoast SEO plugin. -->","yoast_head_json":{"title":"O que devo fazer para fortalecer a minha f\u00e9? Entenda - Ora\u00e7\u00e3o e F\u00e9","description":"Dieu a une parole de vie pour vous !","robots":{"index":"index","follow":"follow","max-snippet":"max-snippet:-1","max-image-preview":"max-image-preview:large","max-video-preview":"max-video-preview:-1"},"canonical":"https:\/\/www.oracaoefe.com\/fr\/o-que-devo-fazer-para-fortalecer-a-minha-fe-entenda\/","og_locale":"fr_FR","og_type":"article","og_title":"O que devo fazer para fortalecer a minha f\u00e9? Entenda - Ora\u00e7\u00e3o e F\u00e9","og_description":"Deus tem pra voc\u00ea uma palavra de vida!","og_url":"https:\/\/www.oracaoefe.com\/fr\/o-que-devo-fazer-para-fortalecer-a-minha-fe-entenda\/","og_site_name":"Ora\u00e7\u00e3o e F\u00e9","article_published_time":"2024-06-24T02:48:28+00:00","article_modified_time":"2024-06-24T02:48:29+00:00","og_image":[{"width":740,"height":494,"url":"https:\/\/www.oracaoefe.com\/wp-content\/uploads\/2024\/06\/image-1.png","type":"image\/png"}],"author":"Michele Azevedo","twitter_card":"summary_large_image","twitter_misc":{"\u00c9crit par":"Michele Azevedo","Dur\u00e9e de lecture estim\u00e9e":"4 minutes"},"schema":{"@context":"https:\/\/schema.org","@graph":[{"@type":"Article","@id":"https:\/\/www.oracaoefe.com\/o-que-devo-fazer-para-fortalecer-a-minha-fe-entenda\/#article","isPartOf":{"@id":"https:\/\/www.oracaoefe.com\/o-que-devo-fazer-para-fortalecer-a-minha-fe-entenda\/"},"author":{"name":"Michele Azevedo","@id":"https:\/\/www.oracaoefe.com\/#\/schema\/person\/17283c669442cf005c4d5bb58adfb7f5"},"headline":"O que devo fazer para fortalecer a minha f\u00e9? Entenda","datePublished":"2024-06-24T02:48:28+00:00","dateModified":"2024-06-24T02:48:29+00:00","mainEntityOfPage":{"@id":"https:\/\/www.oracaoefe.com\/o-que-devo-fazer-para-fortalecer-a-minha-fe-entenda\/"},"wordCount":725,"image":{"@id":"https:\/\/www.oracaoefe.com\/o-que-devo-fazer-para-fortalecer-a-minha-fe-entenda\/#primaryimage"},"thumbnailUrl":"https:\/\/www.oracaoefe.com\/wp-content\/uploads\/2024\/06\/image-1.png","keywords":["f\u00e9"],"articleSection":["F\u00e9"],"inLanguage":"fr-FR"},{"@type":"WebPage","@id":"https:\/\/www.oracaoefe.com\/o-que-devo-fazer-para-fortalecer-a-minha-fe-entenda\/","url":"https:\/\/www.oracaoefe.com\/o-que-devo-fazer-para-fortalecer-a-minha-fe-entenda\/","name":"O que devo fazer para fortalecer a minha f\u00e9? Entenda - Ora\u00e7\u00e3o e F\u00e9","isPartOf":{"@id":"https:\/\/www.oracaoefe.com\/#website"},"primaryImageOfPage":{"@id":"https:\/\/www.oracaoefe.com\/o-que-devo-fazer-para-fortalecer-a-minha-fe-entenda\/#primaryimage"},"image":{"@id":"https:\/\/www.oracaoefe.com\/o-que-devo-fazer-para-fortalecer-a-minha-fe-entenda\/#primaryimage"},"thumbnailUrl":"https:\/\/www.oracaoefe.com\/wp-content\/uploads\/2024\/06\/image-1.png","datePublished":"2024-06-24T02:48:28+00:00","dateModified":"2024-06-24T02:48:29+00:00","author":{"@id":"https:\/\/www.oracaoefe.com\/#\/schema\/person\/17283c669442cf005c4d5bb58adfb7f5"},"description":"Dieu a une parole de vie pour vous !","breadcrumb":{"@id":"https:\/\/www.oracaoefe.com\/o-que-devo-fazer-para-fortalecer-a-minha-fe-entenda\/#breadcrumb"},"inLanguage":"fr-FR","potentialAction":[{"@type":"ReadAction","target":["https:\/\/www.oracaoefe.com\/o-que-devo-fazer-para-fortalecer-a-minha-fe-entenda\/"]}]},{"@type":"ImageObject","inLanguage":"fr-FR","@id":"https:\/\/www.oracaoefe.com\/o-que-devo-fazer-para-fortalecer-a-minha-fe-entenda\/#primaryimage","url":"https:\/\/www.oracaoefe.com\/wp-content\/uploads\/2024\/06\/image-1.png","contentUrl":"https:\/\/www.oracaoefe.com\/wp-content\/uploads\/2024\/06\/image-1.png","width":740,"height":494},{"@type":"BreadcrumbList","@id":"https:\/\/www.oracaoefe.com\/o-que-devo-fazer-para-fortalecer-a-minha-fe-entenda\/#breadcrumb","itemListElement":[{"@type":"ListItem","position":1,"name":"Home","item":"https:\/\/www.oracaoefe.com\/"},{"@type":"ListItem","position":2,"name":"F\u00e9","item":"https:\/\/www.oracaoefe.com\/es\/categoria\/fe\/"},{"@type":"ListItem","position":3,"name":"O que devo fazer para fortalecer a minha f\u00e9? Entenda"}]},{"@type":"WebSite","@id":"https:\/\/www.oracaoefe.com\/#website","url":"https:\/\/www.oracaoefe.com\/","name":"Pri\u00e8re et foi","description":"","potentialAction":[{"@type":"SearchAction","target":{"@type":"EntryPoint","urlTemplate":"https:\/\/www.oracaoefe.com\/?s={search_term_string}"},"query-input":{"@type":"PropertyValueSpecification","valueRequired":true,"valueName":"search_term_string"}}],"inLanguage":"fr-FR"},{"@type":"Person","@id":"https:\/\/www.oracaoefe.com\/#\/schema\/person\/17283c669442cf005c4d5bb58adfb7f5","name":"Michele Azevedo","image":{"@type":"ImageObject","inLanguage":"fr-FR","@id":"https:\/\/secure.gravatar.com\/avatar\/6b0eb9d22841282815e2cd856a0061c45e1761cd54b22e952d98c4746939aa85?s=96&d=mm&r=g","url":"https:\/\/secure.gravatar.com\/avatar\/6b0eb9d22841282815e2cd856a0061c45e1761cd54b22e952d98c4746939aa85?s=96&d=mm&r=g","contentUrl":"https:\/\/secure.gravatar.com\/avatar\/6b0eb9d22841282815e2cd856a0061c45e1761cd54b22e952d98c4746939aa85?s=96&d=mm&r=g","caption":"Michele Azevedo"},"description":"Dipl\u00f4m\u00e9e en litt\u00e9rature portugaise\/anglaise de l&#039;Universit\u00e9 d&#039;\u00c9tat de Ponta Grossa (UEPG), avec des dipl\u00f4mes de troisi\u00e8me cycle en art dans l&#039;\u00e9ducation (FAPI) et en psychop\u00e9dagogie scolaire (FAPI), elle est la cr\u00e9atrice et propri\u00e9taire du site web Escritora de Sucesso, a de l&#039;exp\u00e9rience dans l&#039;\u00e9criture pour les blogs en g\u00e9n\u00e9ral et travaille comme r\u00e9dactrice et \u00e9ditrice du contenu pour Ora\u00e7\u00e3o e F\u00e9.","url":"https:\/\/www.oracaoefe.com\/fr\/author\/michele-azevedo\/"}]}},"_links":{"self":[{"href":"https:\/\/www.oracaoefe.com\/fr\/wp-json\/wp\/v2\/posts\/2902","targetHints":{"allow":["GET"]}}],"collection":[{"href":"https:\/\/www.oracaoefe.com\/fr\/wp-json\/wp\/v2\/posts"}],"about":[{"href":"https:\/\/www.oracaoefe.com\/fr\/wp-json\/wp\/v2\/types\/post"}],"author":[{"embeddable":true,"href":"https:\/\/www.oracaoefe.com\/fr\/wp-json\/wp\/v2\/users\/3"}],"replies":[{"embeddable":true,"href":"https:\/\/www.oracaoefe.com\/fr\/wp-json\/wp\/v2\/comments?post=2902"}],"version-history":[{"count":2,"href":"https:\/\/www.oracaoefe.com\/fr\/wp-json\/wp\/v2\/posts\/2902\/revisions"}],"predecessor-version":[{"id":2909,"href":"https:\/\/www.oracaoefe.com\/fr\/wp-json\/wp\/v2\/posts\/2902\/revisions\/2909"}],"wp:featuredmedia":[{"embeddable":true,"href":"https:\/\/www.oracaoefe.com\/fr\/wp-json\/wp\/v2\/media\/2908"}],"wp:attachment":[{"href":"https:\/\/www.oracaoefe.com\/fr\/wp-json\/wp\/v2\/media?parent=2902"}],"wp:term":[{"taxonomy":"category","embeddable":true,"href":"https:\/\/www.oracaoefe.com\/fr\/wp-json\/wp\/v2\/categories?post=2902"},{"taxonomy":"post_tag","embeddable":true,"href":"https:\/\/www.oracaoefe.com\/fr\/wp-json\/wp\/v2\/tags?post=2902"}],"curies":[{"name":"wp","href":"https:\/\/api.w.org\/{rel}","templated":true}]}}