{"id":287,"date":"2022-09-24T21:47:05","date_gmt":"2022-09-25T00:47:05","guid":{"rendered":"https:\/\/www.oracaoefe.com\/?p=287"},"modified":"2025-06-15T15:17:54","modified_gmt":"2025-06-15T18:17:54","slug":"o-que-significa-evangelizar","status":"publish","type":"post","link":"https:\/\/www.oracaoefe.com\/fr\/o-que-significa-evangelizar\/","title":{"rendered":"Qu'est-ce que cela signifie d'\u00e9vang\u00e9liser ?"},"content":{"rendered":"<div class=\"wp-block-post-date\"><time datetime=\"2022-09-24T21:47:05-03:00\">24 septembre 2022<\/time><\/div>\n\n\n<p class=\"wp-block-paragraph\">Em alguns mil\u00eanios, o homem transformou incrivelmente seu ambiente. No entanto, seu cora\u00e7\u00e3o e suas necessidades permaneceram os mesmos. \u00c9 por isso que nosso mundo precisa de crentes aut\u00eanticos que testemunhem o evangelho e o vivam.<\/p>\n\n\n\n<p class=\"wp-block-paragraph\">Os quatro evangelistas s\u00e3o un\u00e2nimes: antes de deixar seus disc\u00edpulos subirem ao c\u00e9u, Cristo lhes deu a ordem de levar a boa not\u00edcia a todos os habitantes do mundo.<\/p>\n\n\n\n<p class=\"wp-block-paragraph\">Alguns anos depois, o ap\u00f3stolo Paulo, indiscutivelmente o maior evangelista de todos os tempos, escreveu: \u201cEstou orgulhoso do evangelho: \u00e9 o poder de Deus pelo qual ele salva todos os que cr\u00eaem\u201d.<\/p>\n\n\n\n<p class=\"wp-block-paragraph\">Poder-se-ia pensar que o progresso da ci\u00eancia, a conquista do espa\u00e7o, o prodigioso desenvolvimento dos meios de comunica\u00e7\u00e3o, a emancipa\u00e7\u00e3o de muitos povos tornaram obsoleta a mensagem a ser transmitida.&nbsp;<\/p>\n\n\n\n<p class=\"wp-block-paragraph\">Afinal, as crian\u00e7as brincavam de amarelinha, caub\u00f3is, pe\u00f5es, enquanto hoje as encontramos coladas na tela da televis\u00e3o ou manipulando freneticamente um jogo eletr\u00f4nico. Pode-se concluir que, da mesma forma, o mundo n\u00e3o tem mais as mesmas necessidades do primeiro s\u00e9culo.<\/p>\n\n\n\n<p class=\"wp-block-paragraph\">Mas \u00e0 medida que a sociedade progride, por um lado, a vis\u00e3o de um mundo id\u00edlico que o progresso prenunciava \u00e9 desafiada. Nosso planeta enfrenta hoje problemas antes desconhecidos ou subestimados: aquecimento global, prolifera\u00e7\u00e3o de armas nucleares, superpopula\u00e7\u00e3o.<\/p>\n\n\n\n<p class=\"wp-block-paragraph\">N\u00e3o \u00e9 exagero dizer que um certo pessimismo \u00e9 compartilhado tanto pelos l\u00edderes mundiais quanto pelo cidad\u00e3o comum. O futuro de nossa civiliza\u00e7\u00e3o parece cada vez mais incerto. \u00c0s vezes, os religiosos s\u00e3o acusados \u200b\u200bde gerar uma disposi\u00e7\u00e3o \u00e0 melancolia, ao catastrofismo e de explorar essa escurid\u00e3o.&nbsp;<\/p>\n\n\n\n<p class=\"wp-block-paragraph\">Mas lembremos que s\u00e3o nossos escritores e nossos fil\u00f3sofos de refer\u00eancia que apontam essa impress\u00e3o de perdi\u00e7\u00e3o, desespero, inconsist\u00eancia do mundo atual. Basta ler N\u00e1usea, de Jean-Paul Sartre, ou ouvir <em>Karl Jung<\/em> quando ele pergunta: \u201cQuem hoje tem a certeza absoluta de n\u00e3o ser neur\u00f3tico?\u201d. Os exemplos poderiam ser multiplicados.<\/p>\n\n\n\n<p class=\"wp-block-paragraph\">Sejamos l\u00facidos: o homem hoje precisa de boas not\u00edcias tanto quanto antes. Olhando de perto, nada mudou realmente em 20 s\u00e9culos.<\/p>\n\n\n\n<h2 class=\"wp-block-heading\">O que \u00e9 exatamente o evangelismo?<\/h2>\n\n\n\n<p class=\"wp-block-paragraph\">Para a maioria das pessoas, a palavra &#8220;evangelizar&#8221; n\u00e3o significa nada ou desperta desconfian\u00e7a. Muitos pensam em algum movimento sect\u00e1rio buscando alistar, escravizar ou explorar. Eles s\u00e3o suspeitos. Para nos beneficiarmos de uma luz mais justa, devemos tomar a espiral hist\u00f3rica na dire\u00e7\u00e3o oposta e retornar \u00e0s origens, ao tempo de Cristo.<\/p>\n\n\n\n<p class=\"wp-block-paragraph\">No dia em que Jesus introduziu seu minist\u00e9rio, ele o definiu nestes termos:<\/p>\n\n\n\n<p class=\"wp-block-paragraph\">\u201cO Esp\u00edrito do Senhor est\u00e1 sobre mim. Sim, ele me escolheu para levar a Boa Nova aos pobres. Ele me enviou para anunciar aos prisioneiros: Voc\u00eas est\u00e3o livres! e para o cego: Voc\u00ea ver\u00e1 claramente novamente! Ele me enviou para libertar aqueles que n\u00e3o podem se defender\u201d.<\/p>\n\n\n\n<p class=\"wp-block-paragraph\">E o que ele disse \u00e9 o que ele fez. Toda a sua vida testemunha isso.<\/p>\n\n\n\n<p class=\"wp-block-paragraph\">Depois que ele deixou a terra, somos informados de que seus disc\u00edpulos nunca pararam de ensinar e proclamar as boas novas de Cristo Jesus. \u00c9 uma mensagem de cura, perd\u00e3o e liberta\u00e7\u00e3o que eles anunciaram. Ao ouvi-los, milhares de vidas foram transformadas. \u201cVoc\u00eas ser\u00e3o minhas testemunhas\u201d, ele lhes havia dito pouco antes. O evangelista \u00e9, portanto, antes de tudo, algu\u00e9m que d\u00e1 testemunho.<\/p>\n\n\n\n<h3 class=\"wp-block-heading\">Testemunhas de qu\u00ea?<\/h3>\n\n\n\n<p class=\"wp-block-paragraph\">A B\u00edblia registra que os primeiros ap\u00f3stolos testificam que &#8220;Cristo andou fazendo o bem&#8221;. Em sua mensagem, eles acrescentaram que testemunharam sua morte na cruz e que o viram vivo, ressuscitado v\u00e1rios dias depois. Todos testemunharam que aqueles que nele cr\u00eaem obt\u00eam o perd\u00e3o dos pecados e recebem uma nova vida, tornando-se assim filhos de Deus.<\/p>\n\n\n\n<p class=\"wp-block-paragraph\">Foi assim que alguns pescadores galileus deixaram a Palestina por volta do ano 33 com esta mensagem que proclamaram livremente. Muitas vezes molestados pelas autoridades civis e religiosas e apesar de sua pobreza e de sua educa\u00e7\u00e3o sum\u00e1ria, est\u00e3o na origem de centenas de comunidades crist\u00e3s espalhadas por toda a S\u00edria, na \u00c1sia Menor, em Corinto, Alexandria e Roma, na Gr\u00e9cia e nas col\u00f4nias romanas ocidentais.<\/p>\n\n\n\n<p class=\"wp-block-paragraph\">Desde ent\u00e3o, milh\u00f5es de homens de todas as l\u00ednguas, de todos os pa\u00edses e de diferentes origens sociais receberam a mensagem e a transmitiram. Eles constituem uma multid\u00e3o de comunidades espalhadas por toda a terra e formam o povo de Deus. Isso sobreviveu \u00e0s civiliza\u00e7\u00f5es e mudou a face deste mundo.<\/p>\n\n\n\n<p class=\"wp-block-paragraph\">Certamente a sociedade evoluiu desde o primeiro s\u00e9culo, mas o indiv\u00edduo mant\u00e9m os mesmos medos e aspira\u00e7\u00f5es. O vazio interior, a aus\u00eancia de prop\u00f3sito na vida, a sede de paz, o sentimento de abandono e solid\u00e3o, o medo da morte e a necessidade de perd\u00e3o s\u00e3o todos os motivos pelos quais a mensagem do amor livre de Cristo \u00e9 sempre atual.<\/p>\n\n\n\n<p class=\"wp-block-paragraph\">Sim, no seu amor pela sua criatura, Deus enviou o seu Filho para satisfazer as necessidades dos homens, convidando-os a recorrer a ele para serem salvos, curados.<\/p>","protected":false},"excerpt":{"rendered":"<p>Em alguns mil\u00eanios, o homem transformou incrivelmente seu ambiente. No entanto, seu cora\u00e7\u00e3o e suas necessidades permaneceram os mesmos&#8230;<\/p>","protected":false},"author":1,"featured_media":426,"comment_status":"open","ping_status":"closed","sticky":false,"template":"","format":"standard","meta":{"neve_meta_sidebar":"","neve_meta_container":"","neve_meta_enable_content_width":"","neve_meta_content_width":0,"neve_meta_title_alignment":"","neve_meta_author_avatar":"","neve_post_elements_order":"","neve_meta_disable_header":"","neve_meta_disable_footer":"","neve_meta_disable_title":"","footnotes":""},"categories":[3],"tags":[20,50],"class_list":["post-287","post","type-post","status-publish","format-standard","has-post-thumbnail","hentry","category-fe","tag-deus","tag-evangelizar"],"yoast_head":"<!-- This site is optimized with the Yoast SEO plugin v28.4 - https:\/\/yoast.com\/product\/yoast-seo-wordpress\/ -->\n<title>O que significa \u201cevangelizar\u201d? - Ora\u00e7\u00e3o e F\u00e9<\/title>\n<meta name=\"description\" content=\"Em alguns mil\u00eanios, o homem transformou incrivelmente seu ambiente. No entanto, seu cora\u00e7\u00e3o e suas necessidades permaneceram os mesmos...\" \/>\n<meta name=\"robots\" content=\"index, follow, max-snippet:-1, max-image-preview:large, max-video-preview:-1\" \/>\n<link rel=\"canonical\" href=\"https:\/\/www.oracaoefe.com\/fr\/o-que-significa-evangelizar\/\" \/>\n<meta property=\"og:locale\" content=\"fr_FR\" \/>\n<meta property=\"og:type\" content=\"article\" \/>\n<meta property=\"og:title\" content=\"O que significa \u201cevangelizar\u201d? - Ora\u00e7\u00e3o e F\u00e9\" \/>\n<meta property=\"og:description\" content=\"Em alguns mil\u00eanios, o homem transformou incrivelmente seu ambiente. No entanto, seu cora\u00e7\u00e3o e suas necessidades permaneceram os mesmos...\" \/>\n<meta property=\"og:url\" content=\"https:\/\/www.oracaoefe.com\/fr\/o-que-significa-evangelizar\/\" \/>\n<meta property=\"og:site_name\" content=\"Ora\u00e7\u00e3o e F\u00e9\" \/>\n<meta property=\"article:published_time\" content=\"2022-09-25T00:47:05+00:00\" \/>\n<meta property=\"article:modified_time\" content=\"2025-06-15T18:17:54+00:00\" \/>\n<meta property=\"og:image\" content=\"https:\/\/www.oracaoefe.com\/wp-content\/uploads\/2022\/09\/O-que-significa-evangeliza.jpg\" \/>\n\t<meta property=\"og:image:width\" content=\"1200\" \/>\n\t<meta property=\"og:image:height\" content=\"675\" \/>\n\t<meta property=\"og:image:type\" content=\"image\/jpeg\" \/>\n<meta name=\"author\" content=\"Maria\" \/>\n<meta name=\"twitter:card\" content=\"summary_large_image\" \/>\n<meta name=\"twitter:label1\" content=\"\u00c9crit par\" \/>\n\t<meta name=\"twitter:data1\" content=\"Maria\" \/>\n\t<meta name=\"twitter:label2\" content=\"Dur\u00e9e de lecture estim\u00e9e\" \/>\n\t<meta name=\"twitter:data2\" content=\"4 minutes\" \/>\n<script type=\"application\/ld+json\" class=\"yoast-schema-graph\">{\"@context\":\"https:\\\/\\\/schema.org\",\"@graph\":[{\"@type\":\"Article\",\"@id\":\"https:\\\/\\\/www.oracaoefe.com\\\/o-que-significa-evangelizar\\\/#article\",\"isPartOf\":{\"@id\":\"https:\\\/\\\/www.oracaoefe.com\\\/o-que-significa-evangelizar\\\/\"},\"author\":{\"name\":\"Maria\",\"@id\":\"https:\\\/\\\/www.oracaoefe.com\\\/#\\\/schema\\\/person\\\/27873f1e6043866689f5091b5139f23d\"},\"headline\":\"O que significa \u201cevangelizar\u201d?\",\"datePublished\":\"2022-09-25T00:47:05+00:00\",\"dateModified\":\"2025-06-15T18:17:54+00:00\",\"mainEntityOfPage\":{\"@id\":\"https:\\\/\\\/www.oracaoefe.com\\\/o-que-significa-evangelizar\\\/\"},\"wordCount\":865,\"commentCount\":0,\"image\":{\"@id\":\"https:\\\/\\\/www.oracaoefe.com\\\/o-que-significa-evangelizar\\\/#primaryimage\"},\"thumbnailUrl\":\"https:\\\/\\\/www.oracaoefe.com\\\/wp-content\\\/uploads\\\/2022\\\/09\\\/O-que-significa-evangeliza.jpg\",\"keywords\":[\"Deus\",\"evangelizar\"],\"articleSection\":[\"F\u00e9\"],\"inLanguage\":\"fr-FR\",\"potentialAction\":[{\"@type\":\"CommentAction\",\"name\":\"Comment\",\"target\":[\"https:\\\/\\\/www.oracaoefe.com\\\/o-que-significa-evangelizar\\\/#respond\"]}]},{\"@type\":\"WebPage\",\"@id\":\"https:\\\/\\\/www.oracaoefe.com\\\/o-que-significa-evangelizar\\\/\",\"url\":\"https:\\\/\\\/www.oracaoefe.com\\\/o-que-significa-evangelizar\\\/\",\"name\":\"O que significa \u201cevangelizar\u201d? - Ora\u00e7\u00e3o e F\u00e9\",\"isPartOf\":{\"@id\":\"https:\\\/\\\/www.oracaoefe.com\\\/#website\"},\"primaryImageOfPage\":{\"@id\":\"https:\\\/\\\/www.oracaoefe.com\\\/o-que-significa-evangelizar\\\/#primaryimage\"},\"image\":{\"@id\":\"https:\\\/\\\/www.oracaoefe.com\\\/o-que-significa-evangelizar\\\/#primaryimage\"},\"thumbnailUrl\":\"https:\\\/\\\/www.oracaoefe.com\\\/wp-content\\\/uploads\\\/2022\\\/09\\\/O-que-significa-evangeliza.jpg\",\"datePublished\":\"2022-09-25T00:47:05+00:00\",\"dateModified\":\"2025-06-15T18:17:54+00:00\",\"author\":{\"@id\":\"https:\\\/\\\/www.oracaoefe.com\\\/#\\\/schema\\\/person\\\/27873f1e6043866689f5091b5139f23d\"},\"description\":\"Em alguns mil\u00eanios, o homem transformou incrivelmente seu ambiente. No entanto, seu cora\u00e7\u00e3o e suas necessidades permaneceram os mesmos...\",\"breadcrumb\":{\"@id\":\"https:\\\/\\\/www.oracaoefe.com\\\/o-que-significa-evangelizar\\\/#breadcrumb\"},\"inLanguage\":\"fr-FR\",\"potentialAction\":[{\"@type\":\"ReadAction\",\"target\":[\"https:\\\/\\\/www.oracaoefe.com\\\/o-que-significa-evangelizar\\\/\"]}]},{\"@type\":\"ImageObject\",\"inLanguage\":\"fr-FR\",\"@id\":\"https:\\\/\\\/www.oracaoefe.com\\\/o-que-significa-evangelizar\\\/#primaryimage\",\"url\":\"https:\\\/\\\/www.oracaoefe.com\\\/wp-content\\\/uploads\\\/2022\\\/09\\\/O-que-significa-evangeliza.jpg\",\"contentUrl\":\"https:\\\/\\\/www.oracaoefe.com\\\/wp-content\\\/uploads\\\/2022\\\/09\\\/O-que-significa-evangeliza.jpg\",\"width\":1200,\"height\":675,\"caption\":\"O que significa evangeliza\"},{\"@type\":\"BreadcrumbList\",\"@id\":\"https:\\\/\\\/www.oracaoefe.com\\\/o-que-significa-evangelizar\\\/#breadcrumb\",\"itemListElement\":[{\"@type\":\"ListItem\",\"position\":1,\"name\":\"Home\",\"item\":\"https:\\\/\\\/www.oracaoefe.com\\\/\"},{\"@type\":\"ListItem\",\"position\":2,\"name\":\"O que significa \u201cevangelizar\u201d?\"}]},{\"@type\":\"WebSite\",\"@id\":\"https:\\\/\\\/www.oracaoefe.com\\\/#website\",\"url\":\"https:\\\/\\\/www.oracaoefe.com\\\/\",\"name\":\"Ora\u00e7\u00e3o e F\u00e9\",\"description\":\"\",\"potentialAction\":[{\"@type\":\"SearchAction\",\"target\":{\"@type\":\"EntryPoint\",\"urlTemplate\":\"https:\\\/\\\/www.oracaoefe.com\\\/?s={search_term_string}\"},\"query-input\":{\"@type\":\"PropertyValueSpecification\",\"valueRequired\":true,\"valueName\":\"search_term_string\"}}],\"inLanguage\":\"fr-FR\"},{\"@type\":\"Person\",\"@id\":\"https:\\\/\\\/www.oracaoefe.com\\\/#\\\/schema\\\/person\\\/27873f1e6043866689f5091b5139f23d\",\"name\":\"Maria\",\"image\":{\"@type\":\"ImageObject\",\"inLanguage\":\"fr-FR\",\"@id\":\"https:\\\/\\\/secure.gravatar.com\\\/avatar\\\/4cac5ea56d40d599bd7348d330a83b1c84cd229296d1613cd1c7f6740561d0c9?s=96&d=mm&r=g\",\"url\":\"https:\\\/\\\/secure.gravatar.com\\\/avatar\\\/4cac5ea56d40d599bd7348d330a83b1c84cd229296d1613cd1c7f6740561d0c9?s=96&d=mm&r=g\",\"contentUrl\":\"https:\\\/\\\/secure.gravatar.com\\\/avatar\\\/4cac5ea56d40d599bd7348d330a83b1c84cd229296d1613cd1c7f6740561d0c9?s=96&d=mm&r=g\",\"caption\":\"Maria\"},\"description\":\"Meu nome \u00e9 Maria e sou apaixonada por teologia, espiritualidade e estudos religiosos. H\u00e1 mais de 5 anos escrevo sobre o universo da f\u00e9, pesquisando diferentes religi\u00f5es, doutrinas, tradi\u00e7\u00f5es espirituais e curiosidades religiosas ao redor do mundo. Tenho grande interesse em compreender como a f\u00e9 e a religiosidade se manifestam em diferentes culturas, pa\u00edses e idiomas, sempre buscando aprender mais sobre os costumes, cren\u00e7as e hist\u00f3rias que influenciam milh\u00f5es de pessoas diariamente. Atualmente, atuo como redatora no portal Ora\u00e7\u00e3o e F\u00e9, onde compartilho conte\u00fados informativos, reflexivos e inspiradores voltados ao universo religioso e espiritual. Meu objetivo \u00e9 levar conhecimento, curiosidades e mensagens enriquecedoras para leitores que desejam aprofundar sua compreens\u00e3o sobre f\u00e9, religi\u00e3o e espiritualidade no mundo moderno.\",\"sameAs\":[\"https:\\\/\\\/www.oracaoefe.com\"],\"url\":\"https:\\\/\\\/www.oracaoefe.com\\\/fr\\\/author\\\/admin\\\/\"}]}<\/script>\n<!-- \/ Yoast SEO plugin. -->","yoast_head_json":{"title":"O que significa \u201cevangelizar\u201d? - Ora\u00e7\u00e3o e F\u00e9","description":"En quelques mill\u00e9naires, l'homme a incroyablement transform\u00e9 son environnement. Cependant, son c\u0153ur et ses besoins sont rest\u00e9s les m\u00eames...","robots":{"index":"index","follow":"follow","max-snippet":"max-snippet:-1","max-image-preview":"max-image-preview:large","max-video-preview":"max-video-preview:-1"},"canonical":"https:\/\/www.oracaoefe.com\/fr\/o-que-significa-evangelizar\/","og_locale":"fr_FR","og_type":"article","og_title":"O que significa \u201cevangelizar\u201d? - Ora\u00e7\u00e3o e F\u00e9","og_description":"Em alguns mil\u00eanios, o homem transformou incrivelmente seu ambiente. No entanto, seu cora\u00e7\u00e3o e suas necessidades permaneceram os mesmos...","og_url":"https:\/\/www.oracaoefe.com\/fr\/o-que-significa-evangelizar\/","og_site_name":"Ora\u00e7\u00e3o e F\u00e9","article_published_time":"2022-09-25T00:47:05+00:00","article_modified_time":"2025-06-15T18:17:54+00:00","og_image":[{"width":1200,"height":675,"url":"https:\/\/www.oracaoefe.com\/wp-content\/uploads\/2022\/09\/O-que-significa-evangeliza.jpg","type":"image\/jpeg"}],"author":"Maria","twitter_card":"summary_large_image","twitter_misc":{"\u00c9crit par":"Maria","Dur\u00e9e de lecture estim\u00e9e":"4 minutes"},"schema":{"@context":"https:\/\/schema.org","@graph":[{"@type":"Article","@id":"https:\/\/www.oracaoefe.com\/o-que-significa-evangelizar\/#article","isPartOf":{"@id":"https:\/\/www.oracaoefe.com\/o-que-significa-evangelizar\/"},"author":{"name":"Maria","@id":"https:\/\/www.oracaoefe.com\/#\/schema\/person\/27873f1e6043866689f5091b5139f23d"},"headline":"O que significa \u201cevangelizar\u201d?","datePublished":"2022-09-25T00:47:05+00:00","dateModified":"2025-06-15T18:17:54+00:00","mainEntityOfPage":{"@id":"https:\/\/www.oracaoefe.com\/o-que-significa-evangelizar\/"},"wordCount":865,"commentCount":0,"image":{"@id":"https:\/\/www.oracaoefe.com\/o-que-significa-evangelizar\/#primaryimage"},"thumbnailUrl":"https:\/\/www.oracaoefe.com\/wp-content\/uploads\/2022\/09\/O-que-significa-evangeliza.jpg","keywords":["Deus","evangelizar"],"articleSection":["F\u00e9"],"inLanguage":"fr-FR","potentialAction":[{"@type":"CommentAction","name":"Comment","target":["https:\/\/www.oracaoefe.com\/o-que-significa-evangelizar\/#respond"]}]},{"@type":"WebPage","@id":"https:\/\/www.oracaoefe.com\/o-que-significa-evangelizar\/","url":"https:\/\/www.oracaoefe.com\/o-que-significa-evangelizar\/","name":"O que significa \u201cevangelizar\u201d? - Ora\u00e7\u00e3o e F\u00e9","isPartOf":{"@id":"https:\/\/www.oracaoefe.com\/#website"},"primaryImageOfPage":{"@id":"https:\/\/www.oracaoefe.com\/o-que-significa-evangelizar\/#primaryimage"},"image":{"@id":"https:\/\/www.oracaoefe.com\/o-que-significa-evangelizar\/#primaryimage"},"thumbnailUrl":"https:\/\/www.oracaoefe.com\/wp-content\/uploads\/2022\/09\/O-que-significa-evangeliza.jpg","datePublished":"2022-09-25T00:47:05+00:00","dateModified":"2025-06-15T18:17:54+00:00","author":{"@id":"https:\/\/www.oracaoefe.com\/#\/schema\/person\/27873f1e6043866689f5091b5139f23d"},"description":"En quelques mill\u00e9naires, l'homme a incroyablement transform\u00e9 son environnement. Cependant, son c\u0153ur et ses besoins sont rest\u00e9s les m\u00eames...","breadcrumb":{"@id":"https:\/\/www.oracaoefe.com\/o-que-significa-evangelizar\/#breadcrumb"},"inLanguage":"fr-FR","potentialAction":[{"@type":"ReadAction","target":["https:\/\/www.oracaoefe.com\/o-que-significa-evangelizar\/"]}]},{"@type":"ImageObject","inLanguage":"fr-FR","@id":"https:\/\/www.oracaoefe.com\/o-que-significa-evangelizar\/#primaryimage","url":"https:\/\/www.oracaoefe.com\/wp-content\/uploads\/2022\/09\/O-que-significa-evangeliza.jpg","contentUrl":"https:\/\/www.oracaoefe.com\/wp-content\/uploads\/2022\/09\/O-que-significa-evangeliza.jpg","width":1200,"height":675,"caption":"O que significa evangeliza"},{"@type":"BreadcrumbList","@id":"https:\/\/www.oracaoefe.com\/o-que-significa-evangelizar\/#breadcrumb","itemListElement":[{"@type":"ListItem","position":1,"name":"Home","item":"https:\/\/www.oracaoefe.com\/"},{"@type":"ListItem","position":2,"name":"O que significa \u201cevangelizar\u201d?"}]},{"@type":"WebSite","@id":"https:\/\/www.oracaoefe.com\/#website","url":"https:\/\/www.oracaoefe.com\/","name":"Pri\u00e8re et foi","description":"","potentialAction":[{"@type":"SearchAction","target":{"@type":"EntryPoint","urlTemplate":"https:\/\/www.oracaoefe.com\/?s={search_term_string}"},"query-input":{"@type":"PropertyValueSpecification","valueRequired":true,"valueName":"search_term_string"}}],"inLanguage":"fr-FR"},{"@type":"Person","@id":"https:\/\/www.oracaoefe.com\/#\/schema\/person\/27873f1e6043866689f5091b5139f23d","name":"Maria","image":{"@type":"ImageObject","inLanguage":"fr-FR","@id":"https:\/\/secure.gravatar.com\/avatar\/4cac5ea56d40d599bd7348d330a83b1c84cd229296d1613cd1c7f6740561d0c9?s=96&d=mm&r=g","url":"https:\/\/secure.gravatar.com\/avatar\/4cac5ea56d40d599bd7348d330a83b1c84cd229296d1613cd1c7f6740561d0c9?s=96&d=mm&r=g","contentUrl":"https:\/\/secure.gravatar.com\/avatar\/4cac5ea56d40d599bd7348d330a83b1c84cd229296d1613cd1c7f6740561d0c9?s=96&d=mm&r=g","caption":"Maria"},"description":"Meu nome \u00e9 Maria e sou apaixonada por teologia, espiritualidade e estudos religiosos. H\u00e1 mais de 5 anos escrevo sobre o universo da f\u00e9, pesquisando diferentes religi\u00f5es, doutrinas, tradi\u00e7\u00f5es espirituais e curiosidades religiosas ao redor do mundo. Tenho grande interesse em compreender como a f\u00e9 e a religiosidade se manifestam em diferentes culturas, pa\u00edses e idiomas, sempre buscando aprender mais sobre os costumes, cren\u00e7as e hist\u00f3rias que influenciam milh\u00f5es de pessoas diariamente. Atualmente, atuo como redatora no portal Ora\u00e7\u00e3o e F\u00e9, onde compartilho conte\u00fados informativos, reflexivos e inspiradores voltados ao universo religioso e espiritual. Meu objetivo \u00e9 levar conhecimento, curiosidades e mensagens enriquecedoras para leitores que desejam aprofundar sua compreens\u00e3o sobre f\u00e9, religi\u00e3o e espiritualidade no mundo moderno.","sameAs":["https:\/\/www.oracaoefe.com"],"url":"https:\/\/www.oracaoefe.com\/fr\/author\/admin\/"}]}},"_links":{"self":[{"href":"https:\/\/www.oracaoefe.com\/fr\/wp-json\/wp\/v2\/posts\/287","targetHints":{"allow":["GET"]}}],"collection":[{"href":"https:\/\/www.oracaoefe.com\/fr\/wp-json\/wp\/v2\/posts"}],"about":[{"href":"https:\/\/www.oracaoefe.com\/fr\/wp-json\/wp\/v2\/types\/post"}],"author":[{"embeddable":true,"href":"https:\/\/www.oracaoefe.com\/fr\/wp-json\/wp\/v2\/users\/1"}],"replies":[{"embeddable":true,"href":"https:\/\/www.oracaoefe.com\/fr\/wp-json\/wp\/v2\/comments?post=287"}],"version-history":[{"count":2,"href":"https:\/\/www.oracaoefe.com\/fr\/wp-json\/wp\/v2\/posts\/287\/revisions"}],"predecessor-version":[{"id":428,"href":"https:\/\/www.oracaoefe.com\/fr\/wp-json\/wp\/v2\/posts\/287\/revisions\/428"}],"wp:featuredmedia":[{"embeddable":true,"href":"https:\/\/www.oracaoefe.com\/fr\/wp-json\/wp\/v2\/media\/426"}],"wp:attachment":[{"href":"https:\/\/www.oracaoefe.com\/fr\/wp-json\/wp\/v2\/media?parent=287"}],"wp:term":[{"taxonomy":"category","embeddable":true,"href":"https:\/\/www.oracaoefe.com\/fr\/wp-json\/wp\/v2\/categories?post=287"},{"taxonomy":"post_tag","embeddable":true,"href":"https:\/\/www.oracaoefe.com\/fr\/wp-json\/wp\/v2\/tags?post=287"}],"curies":[{"name":"wp","href":"https:\/\/api.w.org\/{rel}","templated":true}]}}