{"id":2855,"date":"2024-06-17T01:00:00","date_gmt":"2024-06-17T04:00:00","guid":{"rendered":"https:\/\/www.oracaoefe.com\/?p=2855"},"modified":"2025-06-15T15:15:30","modified_gmt":"2025-06-15T18:15:30","slug":"arrependimento-como-usar-esse-sentimento-de-forma-positiva","status":"publish","type":"post","link":"https:\/\/www.oracaoefe.com\/fr\/arrependimento-como-usar-esse-sentimento-de-forma-positiva\/","title":{"rendered":"Arrependimento: Como usar esse sentimento de forma positiva"},"content":{"rendered":"<p class=\"wp-block-paragraph\">O arrependimento \u00e9 um daqueles sentimentos que todos experimentamos em algum momento de nossas vidas. \u00c9 a sensa\u00e7\u00e3o de pesar ou remorso por algo que fizemos ou deixamos de fazer. Pode ser um sentimento poderoso, capaz de nos consumir se n\u00e3o soubermos lidar com ele de maneira construtiva. No entanto, o arrependimento tamb\u00e9m pode ser uma ferramenta valiosa para o crescimento pessoal e o aprimoramento de nossas escolhas futuras.&nbsp;<\/p>\n\n\n\n<h2 class=\"wp-block-heading\">Compreendendo o Arrependimento<\/h2>\n\n\n\n<p class=\"wp-block-paragraph\">Antes de explorarmos como utilizar o arrependimento de forma positiva, \u00e9 importante entendermos o que esse sentimento realmente significa. O arrependimento surge quando percebemos que poder\u00edamos ter agido de maneira diferente em uma situa\u00e7\u00e3o passada, resultando em consequ\u00eancias melhores. Pode ser relacionado a a\u00e7\u00f5es que tomamos ou decis\u00f5es que fizemos, e muitas vezes est\u00e1 ligado ao sentimento de culpa.<\/p>\n\n\n\n<h2 class=\"wp-block-heading\">Aceitando a Responsabilidade<\/h2>\n\n\n\n<p class=\"wp-block-paragraph\">O primeiro passo para usar o arrependimento de forma positiva \u00e9 aceitar a responsabilidade por nossas a\u00e7\u00f5es. Em vez de nos lamentarmos ou nos culparmos indefinidamente, devemos reconhecer nossos erros e entender que somos respons\u00e1veis por eles. Assumir a responsabilidade \u00e9 o primeiro passo para o crescimento pessoal e a mudan\u00e7a de comportamento.<\/p>\n\n\n\n<h2 class=\"wp-block-heading\">Refletindo sobre as Li\u00e7\u00f5es Aprendidas<\/h2>\n\n\n\n<p class=\"wp-block-paragraph\">O arrependimento pode ser uma oportunidade para reflex\u00e3o profunda sobre nossas escolhas passadas. Em vez de nos fixarmos no remorso, devemos nos perguntar o que podemos aprender com a situa\u00e7\u00e3o. O que poder\u00edamos ter feito de forma diferente? Quais s\u00e3o as li\u00e7\u00f5es que podemos levar para o futuro? Ao refletir sobre nossas experi\u00eancias passadas, podemos extrair insights valiosos que nos ajudar\u00e3o a tomar decis\u00f5es melhores no futuro.<\/p>\n\n\n\n<h2 class=\"wp-block-heading\">Transformando o Arrependimento em Motiva\u00e7\u00e3o<\/h2>\n\n\n\n<p class=\"wp-block-paragraph\">Em vez de nos deixarmos abater pelo arrependimento, devemos us\u00e1-lo como motiva\u00e7\u00e3o para melhorar. O sentimento de pesar pode ser uma poderosa ferramenta motivacional, impulsionando-nos a agir de forma diferente no futuro. Em vez de nos resignarmos ao passado, devemos canalizar nossa energia para fazer mudan\u00e7as positivas em nossas vidas.<\/p>\n\n\n\n<h2 class=\"wp-block-heading\">Praticando o Perd\u00e3o<\/h2>\n\n\n\n<p class=\"wp-block-paragraph\">O arrependimento muitas vezes est\u00e1 ligado ao sentimento de culpa em rela\u00e7\u00e3o a outras pessoas. Se nossas a\u00e7\u00f5es causaram dor ou m\u00e1goa a algu\u00e9m, \u00e9 importante praticar o perd\u00e3o, tanto em rela\u00e7\u00e3o aos outros quanto a n\u00f3s mesmos. Pedir desculpas sinceras e fazer as pazes com aqueles que magoamos \u00e9 essencial para seguir em frente e liberar o peso do arrependimento.<\/p>\n\n\n\n<figure class=\"wp-block-image size-large\"><img loading=\"lazy\" decoding=\"async\" width=\"1024\" height=\"682\" src=\"https:\/\/www.oracaoefe.com\/wp-content\/uploads\/2024\/05\/image-15-1024x682.png\" alt=\"\" class=\"wp-image-2869\" srcset=\"https:\/\/www.oracaoefe.com\/wp-content\/uploads\/2024\/05\/image-15-1024x682.png 1024w, https:\/\/www.oracaoefe.com\/wp-content\/uploads\/2024\/05\/image-15-300x200.png 300w, https:\/\/www.oracaoefe.com\/wp-content\/uploads\/2024\/05\/image-15-768x512.png 768w, https:\/\/www.oracaoefe.com\/wp-content\/uploads\/2024\/05\/image-15-18x12.png 18w, https:\/\/www.oracaoefe.com\/wp-content\/uploads\/2024\/05\/image-15.png 1280w\" sizes=\"auto, (max-width: 1024px) 100vw, 1024px\" \/><\/figure>\n\n\n\n<h2 class=\"wp-block-heading\">Cultivando a Aceita\u00e7\u00e3o e a Auto-Compaix\u00e3o<\/h2>\n\n\n\n<p class=\"wp-block-paragraph\">Por fim, \u00e9 importante cultivar a aceita\u00e7\u00e3o e a auto-compaix\u00e3o em rela\u00e7\u00e3o ao arrependimento. Todos n\u00f3s cometemos erros e falhamos em algum momento de nossas vidas. Em vez de nos criticarmos ou nos julgarmos severamente, devemos praticar a compaix\u00e3o e o perd\u00e3o para conosco mesmos. Aceitar nossas imperfei\u00e7\u00f5es e reconhecer que o arrependimento \u00e9 uma parte natural do processo de crescimento humano nos permite avan\u00e7ar com mais leveza e resili\u00eancia.<\/p>\n\n\n\n<h2 class=\"wp-block-heading\">Um sentimento poderoso<\/h2>\n\n\n\n<p class=\"wp-block-paragraph\">O arrependimento \u00e9 um sentimento poderoso, capaz de nos ensinar li\u00e7\u00f5es valiosas se soubermos como utiliz\u00e1-lo de forma positiva. Ao aceitar a responsabilidade por nossas a\u00e7\u00f5es, refletir sobre as li\u00e7\u00f5es aprendidas, transformar o arrependimento em motiva\u00e7\u00e3o, praticar o perd\u00e3o e cultivar a aceita\u00e7\u00e3o e a auto-compaix\u00e3o, podemos transformar esse sentimento aparentemente negativo em uma oportunidade de crescimento pessoal e desenvolvimento cont\u00ednuo.&nbsp;<\/p>\n\n\n\n<p class=\"wp-block-paragraph\">Em vez de nos fixarmos no passado, devemos olhar para o arrependimento como uma b\u00fassola que nos orienta em dire\u00e7\u00e3o a um futuro mais consciente e pleno de significado.<\/p>\n\n\n\n<p class=\"wp-block-paragraph\"><strong>Voir aussi\u00a0: <a href=\"https:\/\/www.oracaoefe.com\/fr\/oracao-para-deus-abrir-as-portas-financeiras-veja-as-preces\/\">Ora\u00e7\u00e3o para Deus abrir as portas financeiras; veja as preces<\/a><\/strong><\/p>\n\n\n\n<p class=\"wp-block-paragraph\">17 de junho de 2024<\/p>","protected":false},"excerpt":{"rendered":"<p>O arrependimento \u00e9 um daqueles sentimentos que todos experimentamos em algum momento de nossas vidas. \u00c9 a sensa\u00e7\u00e3o de pesar ou remorso por algo que fizemos ou deixamos de fazer. Pode ser um sentimento poderoso, capaz de nos consumir se n\u00e3o soubermos lidar com ele de maneira construtiva. No entanto, o arrependimento tamb\u00e9m pode ser&hellip;&nbsp;<\/p>","protected":false},"author":3,"featured_media":2869,"comment_status":"closed","ping_status":"closed","sticky":false,"template":"","format":"standard","meta":{"neve_meta_sidebar":"","neve_meta_container":"","neve_meta_enable_content_width":"","neve_meta_content_width":0,"neve_meta_title_alignment":"","neve_meta_author_avatar":"","neve_post_elements_order":"","neve_meta_disable_header":"","neve_meta_disable_footer":"","neve_meta_disable_title":"","footnotes":""},"categories":[3],"tags":[],"class_list":["post-2855","post","type-post","status-publish","format-standard","has-post-thumbnail","hentry","category-fe"],"yoast_head":"<!-- This site is optimized with the Yoast SEO plugin v28.4 - https:\/\/yoast.com\/product\/yoast-seo-wordpress\/ -->\n<title>Arrependimento: Como usar esse sentimento de forma positiva - Ora\u00e7\u00e3o e F\u00e9<\/title>\n<meta name=\"description\" content=\"Deus tem pra voc\u00ea uma palavra de vida!\" \/>\n<meta name=\"robots\" content=\"index, follow, max-snippet:-1, max-image-preview:large, max-video-preview:-1\" \/>\n<link rel=\"canonical\" href=\"https:\/\/www.oracaoefe.com\/fr\/arrependimento-como-usar-esse-sentimento-de-forma-positiva\/\" \/>\n<meta property=\"og:locale\" content=\"fr_FR\" \/>\n<meta property=\"og:type\" content=\"article\" \/>\n<meta property=\"og:title\" content=\"Arrependimento: Como usar esse sentimento de forma positiva - Ora\u00e7\u00e3o e F\u00e9\" \/>\n<meta property=\"og:description\" content=\"Deus tem pra voc\u00ea uma palavra de vida!\" \/>\n<meta property=\"og:url\" content=\"https:\/\/www.oracaoefe.com\/fr\/arrependimento-como-usar-esse-sentimento-de-forma-positiva\/\" \/>\n<meta property=\"og:site_name\" content=\"Ora\u00e7\u00e3o e F\u00e9\" \/>\n<meta property=\"article:published_time\" content=\"2024-06-17T04:00:00+00:00\" \/>\n<meta property=\"article:modified_time\" content=\"2025-06-15T18:15:30+00:00\" \/>\n<meta property=\"og:image\" content=\"https:\/\/www.oracaoefe.com\/wp-content\/uploads\/2024\/05\/image-15.png\" \/>\n\t<meta property=\"og:image:width\" content=\"1280\" \/>\n\t<meta property=\"og:image:height\" content=\"853\" \/>\n\t<meta property=\"og:image:type\" content=\"image\/png\" \/>\n<meta name=\"author\" content=\"Michele Azevedo\" \/>\n<meta name=\"twitter:card\" content=\"summary_large_image\" \/>\n<meta name=\"twitter:label1\" content=\"\u00c9crit par\" \/>\n\t<meta name=\"twitter:data1\" content=\"Michele Azevedo\" \/>\n\t<meta name=\"twitter:label2\" content=\"Dur\u00e9e de lecture estim\u00e9e\" \/>\n\t<meta name=\"twitter:data2\" content=\"3 minutes\" \/>\n<script type=\"application\/ld+json\" class=\"yoast-schema-graph\">{\"@context\":\"https:\\\/\\\/schema.org\",\"@graph\":[{\"@type\":\"Article\",\"@id\":\"https:\\\/\\\/www.oracaoefe.com\\\/arrependimento-como-usar-esse-sentimento-de-forma-positiva\\\/#article\",\"isPartOf\":{\"@id\":\"https:\\\/\\\/www.oracaoefe.com\\\/arrependimento-como-usar-esse-sentimento-de-forma-positiva\\\/\"},\"author\":{\"name\":\"Michele Azevedo\",\"@id\":\"https:\\\/\\\/www.oracaoefe.com\\\/#\\\/schema\\\/person\\\/17283c669442cf005c4d5bb58adfb7f5\"},\"headline\":\"Arrependimento: Como usar esse sentimento de forma positiva\",\"datePublished\":\"2024-06-17T04:00:00+00:00\",\"dateModified\":\"2025-06-15T18:15:30+00:00\",\"mainEntityOfPage\":{\"@id\":\"https:\\\/\\\/www.oracaoefe.com\\\/arrependimento-como-usar-esse-sentimento-de-forma-positiva\\\/\"},\"wordCount\":618,\"image\":{\"@id\":\"https:\\\/\\\/www.oracaoefe.com\\\/arrependimento-como-usar-esse-sentimento-de-forma-positiva\\\/#primaryimage\"},\"thumbnailUrl\":\"https:\\\/\\\/www.oracaoefe.com\\\/wp-content\\\/uploads\\\/2024\\\/05\\\/image-15.png\",\"articleSection\":[\"F\u00e9\"],\"inLanguage\":\"fr-FR\"},{\"@type\":\"WebPage\",\"@id\":\"https:\\\/\\\/www.oracaoefe.com\\\/arrependimento-como-usar-esse-sentimento-de-forma-positiva\\\/\",\"url\":\"https:\\\/\\\/www.oracaoefe.com\\\/arrependimento-como-usar-esse-sentimento-de-forma-positiva\\\/\",\"name\":\"Arrependimento: Como usar esse sentimento de forma positiva - Ora\u00e7\u00e3o e F\u00e9\",\"isPartOf\":{\"@id\":\"https:\\\/\\\/www.oracaoefe.com\\\/#website\"},\"primaryImageOfPage\":{\"@id\":\"https:\\\/\\\/www.oracaoefe.com\\\/arrependimento-como-usar-esse-sentimento-de-forma-positiva\\\/#primaryimage\"},\"image\":{\"@id\":\"https:\\\/\\\/www.oracaoefe.com\\\/arrependimento-como-usar-esse-sentimento-de-forma-positiva\\\/#primaryimage\"},\"thumbnailUrl\":\"https:\\\/\\\/www.oracaoefe.com\\\/wp-content\\\/uploads\\\/2024\\\/05\\\/image-15.png\",\"datePublished\":\"2024-06-17T04:00:00+00:00\",\"dateModified\":\"2025-06-15T18:15:30+00:00\",\"author\":{\"@id\":\"https:\\\/\\\/www.oracaoefe.com\\\/#\\\/schema\\\/person\\\/17283c669442cf005c4d5bb58adfb7f5\"},\"description\":\"Deus tem pra voc\u00ea uma palavra de vida!\",\"breadcrumb\":{\"@id\":\"https:\\\/\\\/www.oracaoefe.com\\\/arrependimento-como-usar-esse-sentimento-de-forma-positiva\\\/#breadcrumb\"},\"inLanguage\":\"fr-FR\",\"potentialAction\":[{\"@type\":\"ReadAction\",\"target\":[\"https:\\\/\\\/www.oracaoefe.com\\\/arrependimento-como-usar-esse-sentimento-de-forma-positiva\\\/\"]}]},{\"@type\":\"ImageObject\",\"inLanguage\":\"fr-FR\",\"@id\":\"https:\\\/\\\/www.oracaoefe.com\\\/arrependimento-como-usar-esse-sentimento-de-forma-positiva\\\/#primaryimage\",\"url\":\"https:\\\/\\\/www.oracaoefe.com\\\/wp-content\\\/uploads\\\/2024\\\/05\\\/image-15.png\",\"contentUrl\":\"https:\\\/\\\/www.oracaoefe.com\\\/wp-content\\\/uploads\\\/2024\\\/05\\\/image-15.png\",\"width\":1280,\"height\":853},{\"@type\":\"BreadcrumbList\",\"@id\":\"https:\\\/\\\/www.oracaoefe.com\\\/arrependimento-como-usar-esse-sentimento-de-forma-positiva\\\/#breadcrumb\",\"itemListElement\":[{\"@type\":\"ListItem\",\"position\":1,\"name\":\"Home\",\"item\":\"https:\\\/\\\/www.oracaoefe.com\\\/\"},{\"@type\":\"ListItem\",\"position\":2,\"name\":\"Arrependimento: Como usar esse sentimento de forma positiva\"}]},{\"@type\":\"WebSite\",\"@id\":\"https:\\\/\\\/www.oracaoefe.com\\\/#website\",\"url\":\"https:\\\/\\\/www.oracaoefe.com\\\/\",\"name\":\"Ora\u00e7\u00e3o e F\u00e9\",\"description\":\"\",\"potentialAction\":[{\"@type\":\"SearchAction\",\"target\":{\"@type\":\"EntryPoint\",\"urlTemplate\":\"https:\\\/\\\/www.oracaoefe.com\\\/?s={search_term_string}\"},\"query-input\":{\"@type\":\"PropertyValueSpecification\",\"valueRequired\":true,\"valueName\":\"search_term_string\"}}],\"inLanguage\":\"fr-FR\"},{\"@type\":\"Person\",\"@id\":\"https:\\\/\\\/www.oracaoefe.com\\\/#\\\/schema\\\/person\\\/17283c669442cf005c4d5bb58adfb7f5\",\"name\":\"Michele Azevedo\",\"image\":{\"@type\":\"ImageObject\",\"inLanguage\":\"fr-FR\",\"@id\":\"https:\\\/\\\/secure.gravatar.com\\\/avatar\\\/6b0eb9d22841282815e2cd856a0061c45e1761cd54b22e952d98c4746939aa85?s=96&d=mm&r=g\",\"url\":\"https:\\\/\\\/secure.gravatar.com\\\/avatar\\\/6b0eb9d22841282815e2cd856a0061c45e1761cd54b22e952d98c4746939aa85?s=96&d=mm&r=g\",\"contentUrl\":\"https:\\\/\\\/secure.gravatar.com\\\/avatar\\\/6b0eb9d22841282815e2cd856a0061c45e1761cd54b22e952d98c4746939aa85?s=96&d=mm&r=g\",\"caption\":\"Michele Azevedo\"},\"description\":\"Formada em Letras - Portugu\u00eas\\\/ Ingl\u00eas pela Universidade Estadual de Ponta Grossa (UEPG), p\u00f3s-graduada em Arte na Educa\u00e7\u00e3o (FAPI) e Psicopedagogia Escolar (FAPI), idealizadora e propriet\u00e1ria do site Escritora de Sucesso, possui experi\u00eancia em escrita para blogs em geral e atua como redatora e revisora dos conte\u00fados do Ora\u00e7\u00e3o e F\u00e9.\",\"url\":\"https:\\\/\\\/www.oracaoefe.com\\\/fr\\\/author\\\/michele-azevedo\\\/\"}]}<\/script>\n<!-- \/ Yoast SEO plugin. -->","yoast_head_json":{"title":"Arrependimento: Como usar esse sentimento de forma positiva - Ora\u00e7\u00e3o e F\u00e9","description":"Dieu a une parole de vie pour vous !","robots":{"index":"index","follow":"follow","max-snippet":"max-snippet:-1","max-image-preview":"max-image-preview:large","max-video-preview":"max-video-preview:-1"},"canonical":"https:\/\/www.oracaoefe.com\/fr\/arrependimento-como-usar-esse-sentimento-de-forma-positiva\/","og_locale":"fr_FR","og_type":"article","og_title":"Arrependimento: Como usar esse sentimento de forma positiva - Ora\u00e7\u00e3o e F\u00e9","og_description":"Deus tem pra voc\u00ea uma palavra de vida!","og_url":"https:\/\/www.oracaoefe.com\/fr\/arrependimento-como-usar-esse-sentimento-de-forma-positiva\/","og_site_name":"Ora\u00e7\u00e3o e F\u00e9","article_published_time":"2024-06-17T04:00:00+00:00","article_modified_time":"2025-06-15T18:15:30+00:00","og_image":[{"width":1280,"height":853,"url":"https:\/\/www.oracaoefe.com\/wp-content\/uploads\/2024\/05\/image-15.png","type":"image\/png"}],"author":"Michele Azevedo","twitter_card":"summary_large_image","twitter_misc":{"\u00c9crit par":"Michele Azevedo","Dur\u00e9e de lecture estim\u00e9e":"3 minutes"},"schema":{"@context":"https:\/\/schema.org","@graph":[{"@type":"Article","@id":"https:\/\/www.oracaoefe.com\/arrependimento-como-usar-esse-sentimento-de-forma-positiva\/#article","isPartOf":{"@id":"https:\/\/www.oracaoefe.com\/arrependimento-como-usar-esse-sentimento-de-forma-positiva\/"},"author":{"name":"Michele Azevedo","@id":"https:\/\/www.oracaoefe.com\/#\/schema\/person\/17283c669442cf005c4d5bb58adfb7f5"},"headline":"Arrependimento: Como usar esse sentimento de forma positiva","datePublished":"2024-06-17T04:00:00+00:00","dateModified":"2025-06-15T18:15:30+00:00","mainEntityOfPage":{"@id":"https:\/\/www.oracaoefe.com\/arrependimento-como-usar-esse-sentimento-de-forma-positiva\/"},"wordCount":618,"image":{"@id":"https:\/\/www.oracaoefe.com\/arrependimento-como-usar-esse-sentimento-de-forma-positiva\/#primaryimage"},"thumbnailUrl":"https:\/\/www.oracaoefe.com\/wp-content\/uploads\/2024\/05\/image-15.png","articleSection":["F\u00e9"],"inLanguage":"fr-FR"},{"@type":"WebPage","@id":"https:\/\/www.oracaoefe.com\/arrependimento-como-usar-esse-sentimento-de-forma-positiva\/","url":"https:\/\/www.oracaoefe.com\/arrependimento-como-usar-esse-sentimento-de-forma-positiva\/","name":"Arrependimento: Como usar esse sentimento de forma positiva - Ora\u00e7\u00e3o e F\u00e9","isPartOf":{"@id":"https:\/\/www.oracaoefe.com\/#website"},"primaryImageOfPage":{"@id":"https:\/\/www.oracaoefe.com\/arrependimento-como-usar-esse-sentimento-de-forma-positiva\/#primaryimage"},"image":{"@id":"https:\/\/www.oracaoefe.com\/arrependimento-como-usar-esse-sentimento-de-forma-positiva\/#primaryimage"},"thumbnailUrl":"https:\/\/www.oracaoefe.com\/wp-content\/uploads\/2024\/05\/image-15.png","datePublished":"2024-06-17T04:00:00+00:00","dateModified":"2025-06-15T18:15:30+00:00","author":{"@id":"https:\/\/www.oracaoefe.com\/#\/schema\/person\/17283c669442cf005c4d5bb58adfb7f5"},"description":"Dieu a une parole de vie pour vous !","breadcrumb":{"@id":"https:\/\/www.oracaoefe.com\/arrependimento-como-usar-esse-sentimento-de-forma-positiva\/#breadcrumb"},"inLanguage":"fr-FR","potentialAction":[{"@type":"ReadAction","target":["https:\/\/www.oracaoefe.com\/arrependimento-como-usar-esse-sentimento-de-forma-positiva\/"]}]},{"@type":"ImageObject","inLanguage":"fr-FR","@id":"https:\/\/www.oracaoefe.com\/arrependimento-como-usar-esse-sentimento-de-forma-positiva\/#primaryimage","url":"https:\/\/www.oracaoefe.com\/wp-content\/uploads\/2024\/05\/image-15.png","contentUrl":"https:\/\/www.oracaoefe.com\/wp-content\/uploads\/2024\/05\/image-15.png","width":1280,"height":853},{"@type":"BreadcrumbList","@id":"https:\/\/www.oracaoefe.com\/arrependimento-como-usar-esse-sentimento-de-forma-positiva\/#breadcrumb","itemListElement":[{"@type":"ListItem","position":1,"name":"Home","item":"https:\/\/www.oracaoefe.com\/"},{"@type":"ListItem","position":2,"name":"Arrependimento: Como usar esse sentimento de forma positiva"}]},{"@type":"WebSite","@id":"https:\/\/www.oracaoefe.com\/#website","url":"https:\/\/www.oracaoefe.com\/","name":"Pri\u00e8re et foi","description":"","potentialAction":[{"@type":"SearchAction","target":{"@type":"EntryPoint","urlTemplate":"https:\/\/www.oracaoefe.com\/?s={search_term_string}"},"query-input":{"@type":"PropertyValueSpecification","valueRequired":true,"valueName":"search_term_string"}}],"inLanguage":"fr-FR"},{"@type":"Person","@id":"https:\/\/www.oracaoefe.com\/#\/schema\/person\/17283c669442cf005c4d5bb58adfb7f5","name":"Michele Azevedo","image":{"@type":"ImageObject","inLanguage":"fr-FR","@id":"https:\/\/secure.gravatar.com\/avatar\/6b0eb9d22841282815e2cd856a0061c45e1761cd54b22e952d98c4746939aa85?s=96&d=mm&r=g","url":"https:\/\/secure.gravatar.com\/avatar\/6b0eb9d22841282815e2cd856a0061c45e1761cd54b22e952d98c4746939aa85?s=96&d=mm&r=g","contentUrl":"https:\/\/secure.gravatar.com\/avatar\/6b0eb9d22841282815e2cd856a0061c45e1761cd54b22e952d98c4746939aa85?s=96&d=mm&r=g","caption":"Michele Azevedo"},"description":"Dipl\u00f4m\u00e9e en litt\u00e9rature portugaise\/anglaise de l&#039;Universit\u00e9 d&#039;\u00c9tat de Ponta Grossa (UEPG), avec des dipl\u00f4mes de troisi\u00e8me cycle en art dans l&#039;\u00e9ducation (FAPI) et en psychop\u00e9dagogie scolaire (FAPI), elle est la cr\u00e9atrice et propri\u00e9taire du site web Escritora de Sucesso, a de l&#039;exp\u00e9rience dans l&#039;\u00e9criture pour les blogs en g\u00e9n\u00e9ral et travaille comme r\u00e9dactrice et \u00e9ditrice du contenu pour Ora\u00e7\u00e3o e F\u00e9.","url":"https:\/\/www.oracaoefe.com\/fr\/author\/michele-azevedo\/"}]}},"_links":{"self":[{"href":"https:\/\/www.oracaoefe.com\/fr\/wp-json\/wp\/v2\/posts\/2855","targetHints":{"allow":["GET"]}}],"collection":[{"href":"https:\/\/www.oracaoefe.com\/fr\/wp-json\/wp\/v2\/posts"}],"about":[{"href":"https:\/\/www.oracaoefe.com\/fr\/wp-json\/wp\/v2\/types\/post"}],"author":[{"embeddable":true,"href":"https:\/\/www.oracaoefe.com\/fr\/wp-json\/wp\/v2\/users\/3"}],"replies":[{"embeddable":true,"href":"https:\/\/www.oracaoefe.com\/fr\/wp-json\/wp\/v2\/comments?post=2855"}],"version-history":[{"count":2,"href":"https:\/\/www.oracaoefe.com\/fr\/wp-json\/wp\/v2\/posts\/2855\/revisions"}],"predecessor-version":[{"id":2870,"href":"https:\/\/www.oracaoefe.com\/fr\/wp-json\/wp\/v2\/posts\/2855\/revisions\/2870"}],"wp:featuredmedia":[{"embeddable":true,"href":"https:\/\/www.oracaoefe.com\/fr\/wp-json\/wp\/v2\/media\/2869"}],"wp:attachment":[{"href":"https:\/\/www.oracaoefe.com\/fr\/wp-json\/wp\/v2\/media?parent=2855"}],"wp:term":[{"taxonomy":"category","embeddable":true,"href":"https:\/\/www.oracaoefe.com\/fr\/wp-json\/wp\/v2\/categories?post=2855"},{"taxonomy":"post_tag","embeddable":true,"href":"https:\/\/www.oracaoefe.com\/fr\/wp-json\/wp\/v2\/tags?post=2855"}],"curies":[{"name":"wp","href":"https:\/\/api.w.org\/{rel}","templated":true}]}}