{"id":2853,"date":"2024-06-14T01:00:00","date_gmt":"2024-06-14T04:00:00","guid":{"rendered":"https:\/\/www.oracaoefe.com\/?p=2853"},"modified":"2024-05-30T22:41:18","modified_gmt":"2024-05-31T01:41:18","slug":"oracao-para-protecao-e-saude-ao-longo-da-gravidez","status":"publish","type":"post","link":"https:\/\/www.oracaoefe.com\/fr\/oracao-para-protecao-e-saude-ao-longo-da-gravidez\/","title":{"rendered":"Ora\u00e7\u00e3o para prote\u00e7\u00e3o e sa\u00fade ao longo da gravidez"},"content":{"rendered":"<p class=\"wp-block-paragraph\">A gravidez \u00e9 um momento \u00fanico e especial na vida de qualquer mulher. Durante esses nove meses, muitas m\u00e3es buscam uma conex\u00e3o espiritual mais profunda, buscando prote\u00e7\u00e3o e sa\u00fade para si e para o beb\u00ea que est\u00e1 por vir. Independentemente da f\u00e9 ou tradi\u00e7\u00e3o religiosa, a ora\u00e7\u00e3o pode ser um poderoso aliado para trazer paz, seguran\u00e7a e conforto.&nbsp;<\/p>\n\n\n\n<h2 class=\"wp-block-heading\">A Import\u00e2ncia da Ora\u00e7\u00e3o Durante a Gravidez<\/h2>\n\n\n\n<p class=\"wp-block-paragraph\">A ora\u00e7\u00e3o \u00e9 uma pr\u00e1tica antiga e universal que oferece um espa\u00e7o para reflex\u00e3o, gratid\u00e3o e pedido de b\u00ean\u00e7\u00e3os. Durante a gravidez, esse ato pode se tornar ainda mais significativo, proporcionando um momento de conex\u00e3o com o divino e com o beb\u00ea que cresce dentro de voc\u00ea. Muitas mulheres relatam que a ora\u00e7\u00e3o as ajuda a lidar com as incertezas, ansiedades e desafios que podem surgir ao longo da gesta\u00e7\u00e3o.<\/p>\n\n\n\n<p class=\"wp-block-paragraph\">Al\u00e9m disso, a ora\u00e7\u00e3o pode ser um meio de pedir prote\u00e7\u00e3o divina contra quaisquer complica\u00e7\u00f5es ou perigos que possam ocorrer durante a gravidez. \u00c9 uma forma de buscar for\u00e7a, coragem e confian\u00e7a, sabendo que voc\u00ea n\u00e3o est\u00e1 sozinha nesse processo.<\/p>\n\n\n\n<h3 class=\"wp-block-heading\">Ora\u00e7\u00e3o para a Sa\u00fade do Beb\u00ea<\/h3>\n\n\n\n<p class=\"wp-block-paragraph\">Uma das maiores preocupa\u00e7\u00f5es das futuras m\u00e3es \u00e9 a sa\u00fade do beb\u00ea. Orar pela sa\u00fade da crian\u00e7a \u00e9 uma maneira de expressar seu amor e cuidado desde o in\u00edcio. Aqui est\u00e1 uma ora\u00e7\u00e3o simples que voc\u00ea pode fazer:<\/p>\n\n\n\n<p class=\"wp-block-paragraph\">\u201cQuerido Deus, agrade\u00e7o por este presente maravilhoso que \u00e9 a vida do meu beb\u00ea. Pe\u00e7o, Senhor, que aben\u00e7oe meu filho (ou minha filha) com sa\u00fade, for\u00e7a e prote\u00e7\u00e3o. Que cada c\u00e9lula, cada \u00f3rg\u00e3o e cada parte de seu corpo se desenvolva perfeitamente, conforme o Seu plano divino. Que ele (ou ela) cres\u00e7a saud\u00e1vel e forte, rodeado(a) de amor e paz. Em nome de Jesus, am\u00e9m.\u201d<\/p>\n\n\n\n<h3 class=\"wp-block-heading\">Ora\u00e7\u00e3o para a Sa\u00fade da M\u00e3e<\/h3>\n\n\n\n<p class=\"wp-block-paragraph\">A sa\u00fade da m\u00e3e \u00e9 igualmente crucial durante a gravidez. Manter-se saud\u00e1vel f\u00edsica, emocional e espiritualmente \u00e9 essencial para garantir o bem-estar do beb\u00ea. Aqui est\u00e1 uma ora\u00e7\u00e3o que voc\u00ea pode fazer para sua pr\u00f3pria sa\u00fade:<\/p>\n\n\n\n<p class=\"wp-block-paragraph\">\u201cSenhor, pe\u00e7o que me aben\u00e7oe com sa\u00fade durante esta gravidez. Fortale\u00e7a meu corpo, d\u00ea-me energia e disposi\u00e7\u00e3o para enfrentar cada dia com alegria e serenidade. Proteja-me de qualquer complica\u00e7\u00e3o ou doen\u00e7a, e ajude-me a cuidar bem de mim mesma, para que eu possa cuidar bem do meu beb\u00ea. Que eu possa sentir Sua presen\u00e7a e Sua paz em cada momento desta jornada. Am\u00e9m.\u201d<\/p>\n\n\n\n<h3 class=\"wp-block-heading\">Ora\u00e7\u00e3o para a Prote\u00e7\u00e3o da Gravidez<\/h3>\n\n\n\n<p class=\"wp-block-paragraph\">A prote\u00e7\u00e3o divina \u00e9 um dos pedidos mais frequentes durante a gesta\u00e7\u00e3o. Orar pela prote\u00e7\u00e3o da gravidez \u00e9 uma forma de buscar seguran\u00e7a e tranquilidade. Aqui est\u00e1 uma ora\u00e7\u00e3o para prote\u00e7\u00e3o:<\/p>\n\n\n\n<p class=\"wp-block-paragraph\">\u201cPai Celestial, pe\u00e7o que proteja esta gravidez. Coloque Suas m\u00e3os sobre mim e sobre meu beb\u00ea, guardando-nos de todo mal e perigo. Que nenhum problema, complica\u00e7\u00e3o ou amea\u00e7a nos alcance. Envolva-nos com Sua luz e Seu amor, guiando-nos com seguran\u00e7a at\u00e9 o momento do nascimento. Confio em Sua prote\u00e7\u00e3o e agrade\u00e7o por Seu cuidado constante. Em nome de Jesus, am\u00e9m.\u201d<\/p>\n\n\n\n<h3 class=\"wp-block-heading\">Ora\u00e7\u00e3o para Acalmar a Ansiedade<\/h3>\n\n\n\n<p class=\"wp-block-paragraph\">A ansiedade \u00e9 uma companheira comum durante a gravidez. Orar pode ser uma excelente maneira de buscar calma e serenidade. Aqui est\u00e1 uma ora\u00e7\u00e3o para ajudar a acalmar a mente e o cora\u00e7\u00e3o:<\/p>\n\n\n\n<p class=\"wp-block-paragraph\">\u201cDeus amado, muitas vezes me sinto ansiosa e preocupada durante esta gravidez. Pe\u00e7o que me ajude a encontrar paz e tranquilidade. Tire de mim toda a ansiedade e medo, e encha meu cora\u00e7\u00e3o com Sua paz que excede todo entendimento. Ajude-me a confiar em Seu plano e em Seu cuidado, sabendo que tudo est\u00e1 em Suas m\u00e3os. Que eu possa viver cada dia com alegria e gratid\u00e3o, confiando em Sua presen\u00e7a constante. Am\u00e9m.\u201d<\/p>\n\n\n\n<figure class=\"wp-block-image size-large\"><img loading=\"lazy\" decoding=\"async\" width=\"1024\" height=\"683\" src=\"https:\/\/www.oracaoefe.com\/wp-content\/uploads\/2024\/05\/image-14-1024x683.png\" alt=\"\" class=\"wp-image-2867\" srcset=\"https:\/\/www.oracaoefe.com\/wp-content\/uploads\/2024\/05\/image-14-1024x683.png 1024w, https:\/\/www.oracaoefe.com\/wp-content\/uploads\/2024\/05\/image-14-300x200.png 300w, https:\/\/www.oracaoefe.com\/wp-content\/uploads\/2024\/05\/image-14-768x512.png 768w, https:\/\/www.oracaoefe.com\/wp-content\/uploads\/2024\/05\/image-14-18x12.png 18w, https:\/\/www.oracaoefe.com\/wp-content\/uploads\/2024\/05\/image-14.png 1280w\" sizes=\"auto, (max-width: 1024px) 100vw, 1024px\" \/><\/figure>\n\n\n\n<h3 class=\"wp-block-heading\">Ora\u00e7\u00e3o para o Parto<\/h3>\n\n\n\n<p class=\"wp-block-paragraph\">O momento do parto \u00e9 esperado com grande expectativa, mas tamb\u00e9m pode trazer apreens\u00e3o. Orar pelo parto \u00e9 uma forma de buscar for\u00e7a e coragem para esse momento t\u00e3o especial. Aqui est\u00e1 uma ora\u00e7\u00e3o que voc\u00ea pode fazer:<\/p>\n\n\n\n<p class=\"wp-block-paragraph\">\u201cSenhor, o momento do nascimento se aproxima, e eu pe\u00e7o Sua presen\u00e7a e Sua for\u00e7a. D\u00ea-me coragem e serenidade para enfrentar o parto com confian\u00e7a e paz. Que o nascimento do meu beb\u00ea seja aben\u00e7oado, tranquilo e seguro. Guie as m\u00e3os dos m\u00e9dicos e enfermeiros, e que tudo ocorra conforme o Seu plano divino. Que eu possa sentir Sua presen\u00e7a e Seu amor em cada momento. Agrade\u00e7o por Seu cuidado constante e por este presente maravilhoso que \u00e9 a vida. Am\u00e9m.\u201d<\/p>\n\n\n\n<h2 class=\"wp-block-heading\">Dicas para Manter a Serenidade Durante a Gravidez<\/h2>\n\n\n\n<p class=\"wp-block-paragraph\">Al\u00e9m das ora\u00e7\u00f5es, existem outras pr\u00e1ticas que podem ajudar a manter a serenidade e o bem-estar durante a gravidez. Aqui est\u00e3o algumas dicas:<\/p>\n\n\n\n<ul class=\"wp-block-list\">\n<li>Cuide da sua alimenta\u00e7\u00e3o: Uma alimenta\u00e7\u00e3o saud\u00e1vel e equilibrada \u00e9 fundamental para garantir a sa\u00fade da m\u00e3e e do beb\u00ea. Consuma alimentos ricos em nutrientes e evite aqueles que possam trazer riscos.<\/li>\n\n\n\n<li>Pratique exerc\u00edcios f\u00edsicos: Exerc\u00edcios leves, como caminhadas, yoga ou alongamentos, podem ajudar a manter o corpo ativo e saud\u00e1vel, al\u00e9m de contribuir para o bem-estar emocional.<\/li>\n\n\n\n<li>Descanse e durma bem: O descanso \u00e9 essencial durante a gravidez. Procure dormir bem e fazer pausas ao longo do dia para relaxar.<\/li>\n\n\n\n<li>Mantenha-se informada: Busque informa\u00e7\u00f5es de fontes confi\u00e1veis sobre a gravidez e o parto. Estar bem informada pode ajudar a reduzir a ansiedade e a inseguran\u00e7a.<\/li>\n\n\n\n<li>Converse com outras m\u00e3es: Trocar experi\u00eancias com outras mulheres que est\u00e3o gr\u00e1vidas ou que j\u00e1 passaram pela gravidez pode ser reconfortante e inspirador.<\/li>\n\n\n\n<li>Busque apoio espiritual: Al\u00e9m da ora\u00e7\u00e3o, participar de grupos de apoio espiritual ou conversar com um l\u00edder religioso pode ser muito ben\u00e9fico.<\/li>\n\n\n\n<li>Pratique a gratid\u00e3o: Manter um di\u00e1rio de gratid\u00e3o, registrando as coisas pelas quais voc\u00ea \u00e9 grata a cada dia, pode ajudar a manter uma perspectiva positiva e alegre.<\/li>\n<\/ul>\n\n\n\n<p class=\"wp-block-paragraph\">A gravidez \u00e9 um per\u00edodo de grandes mudan\u00e7as e emo\u00e7\u00f5es, e a ora\u00e7\u00e3o pode ser uma ferramenta poderosa para trazer paz, prote\u00e7\u00e3o e sa\u00fade para a m\u00e3e e o beb\u00ea. As ora\u00e7\u00f5es apresentadas neste blogpost s\u00e3o apenas sugest\u00f5es; o mais importante \u00e9 que voc\u00ea encontre palavras que ressoem com seu cora\u00e7\u00e3o e sua f\u00e9.&nbsp;<\/p>\n\n\n\n<p class=\"wp-block-paragraph\">Lembre-se de que voc\u00ea n\u00e3o est\u00e1 sozinha nessa jornada e que, atrav\u00e9s da ora\u00e7\u00e3o e do cuidado, voc\u00ea pode encontrar a for\u00e7a e a serenidade necess\u00e1rias para viver essa experi\u00eancia de forma plena e feliz. Que sua gravidez seja aben\u00e7oada e que voc\u00ea e seu beb\u00ea sejam sempre protegidos e amados.<\/p>\n\n\n\n<p class=\"wp-block-paragraph\"><strong>Voir aussi\u00a0: <a href=\"https:\/\/www.oracaoefe.com\/fr\/oracao-para-deus-abrir-as-portas-financeiras-veja-as-preces\/\">Ora\u00e7\u00e3o para Deus abrir as portas financeiras; veja as preces<\/a><\/strong><\/p>\n\n\n\n<p class=\"wp-block-paragraph\">14 de junho de 2024<\/p>","protected":false},"excerpt":{"rendered":"<p>A gravidez \u00e9 um momento \u00fanico e especial na vida de qualquer mulher. Durante esses nove meses, muitas m\u00e3es buscam uma conex\u00e3o espiritual mais profunda, buscando prote\u00e7\u00e3o e sa\u00fade para si e para o beb\u00ea que est\u00e1 por vir. Independentemente da f\u00e9 ou tradi\u00e7\u00e3o religiosa, a ora\u00e7\u00e3o pode ser um poderoso aliado para trazer paz,&hellip;&nbsp;<\/p>","protected":false},"author":3,"featured_media":2867,"comment_status":"closed","ping_status":"closed","sticky":false,"template":"","format":"standard","meta":{"neve_meta_sidebar":"","neve_meta_container":"","neve_meta_enable_content_width":"","neve_meta_content_width":0,"neve_meta_title_alignment":"","neve_meta_author_avatar":"","neve_post_elements_order":"","neve_meta_disable_header":"","neve_meta_disable_footer":"","neve_meta_disable_title":"","footnotes":""},"categories":[2],"tags":[],"class_list":["post-2853","post","type-post","status-publish","format-standard","has-post-thumbnail","hentry","category-oracao"],"yoast_head":"<!-- This site is optimized with the Yoast SEO plugin v28.4 - https:\/\/yoast.com\/product\/yoast-seo-wordpress\/ -->\n<title>Ora\u00e7\u00e3o para prote\u00e7\u00e3o e sa\u00fade ao longo da gravidez - Ora\u00e7\u00e3o e F\u00e9<\/title>\n<meta name=\"description\" content=\"Deus tem pra voc\u00ea uma palavra de vida!\" \/>\n<meta name=\"robots\" content=\"index, follow, max-snippet:-1, max-image-preview:large, max-video-preview:-1\" \/>\n<link rel=\"canonical\" href=\"https:\/\/www.oracaoefe.com\/fr\/oracao-para-protecao-e-saude-ao-longo-da-gravidez\/\" \/>\n<meta property=\"og:locale\" content=\"fr_FR\" \/>\n<meta property=\"og:type\" content=\"article\" \/>\n<meta property=\"og:title\" content=\"Ora\u00e7\u00e3o para prote\u00e7\u00e3o e sa\u00fade ao longo da gravidez - Ora\u00e7\u00e3o e F\u00e9\" \/>\n<meta property=\"og:description\" content=\"Deus tem pra voc\u00ea uma palavra de vida!\" \/>\n<meta property=\"og:url\" content=\"https:\/\/www.oracaoefe.com\/fr\/oracao-para-protecao-e-saude-ao-longo-da-gravidez\/\" \/>\n<meta property=\"og:site_name\" content=\"Ora\u00e7\u00e3o e F\u00e9\" \/>\n<meta property=\"article:published_time\" content=\"2024-06-14T04:00:00+00:00\" \/>\n<meta property=\"og:image\" content=\"https:\/\/www.oracaoefe.com\/wp-content\/uploads\/2024\/05\/image-14.png\" \/>\n\t<meta property=\"og:image:width\" content=\"1280\" \/>\n\t<meta property=\"og:image:height\" content=\"854\" \/>\n\t<meta property=\"og:image:type\" content=\"image\/png\" \/>\n<meta name=\"author\" content=\"Michele Azevedo\" \/>\n<meta name=\"twitter:card\" content=\"summary_large_image\" \/>\n<meta name=\"twitter:label1\" content=\"\u00c9crit par\" \/>\n\t<meta name=\"twitter:data1\" content=\"Michele Azevedo\" \/>\n\t<meta name=\"twitter:label2\" content=\"Dur\u00e9e de lecture estim\u00e9e\" \/>\n\t<meta name=\"twitter:data2\" content=\"6 minutes\" \/>\n<script type=\"application\/ld+json\" class=\"yoast-schema-graph\">{\"@context\":\"https:\\\/\\\/schema.org\",\"@graph\":[{\"@type\":\"Article\",\"@id\":\"https:\\\/\\\/www.oracaoefe.com\\\/oracao-para-protecao-e-saude-ao-longo-da-gravidez\\\/#article\",\"isPartOf\":{\"@id\":\"https:\\\/\\\/www.oracaoefe.com\\\/oracao-para-protecao-e-saude-ao-longo-da-gravidez\\\/\"},\"author\":{\"name\":\"Michele Azevedo\",\"@id\":\"https:\\\/\\\/www.oracaoefe.com\\\/#\\\/schema\\\/person\\\/17283c669442cf005c4d5bb58adfb7f5\"},\"headline\":\"Ora\u00e7\u00e3o para prote\u00e7\u00e3o e sa\u00fade ao longo da gravidez\",\"datePublished\":\"2024-06-14T04:00:00+00:00\",\"mainEntityOfPage\":{\"@id\":\"https:\\\/\\\/www.oracaoefe.com\\\/oracao-para-protecao-e-saude-ao-longo-da-gravidez\\\/\"},\"wordCount\":1202,\"image\":{\"@id\":\"https:\\\/\\\/www.oracaoefe.com\\\/oracao-para-protecao-e-saude-ao-longo-da-gravidez\\\/#primaryimage\"},\"thumbnailUrl\":\"https:\\\/\\\/www.oracaoefe.com\\\/wp-content\\\/uploads\\\/2024\\\/05\\\/image-14.png\",\"articleSection\":[\"Ora\u00e7\u00e3o\"],\"inLanguage\":\"fr-FR\"},{\"@type\":\"WebPage\",\"@id\":\"https:\\\/\\\/www.oracaoefe.com\\\/oracao-para-protecao-e-saude-ao-longo-da-gravidez\\\/\",\"url\":\"https:\\\/\\\/www.oracaoefe.com\\\/oracao-para-protecao-e-saude-ao-longo-da-gravidez\\\/\",\"name\":\"Ora\u00e7\u00e3o para prote\u00e7\u00e3o e sa\u00fade ao longo da gravidez - Ora\u00e7\u00e3o e F\u00e9\",\"isPartOf\":{\"@id\":\"https:\\\/\\\/www.oracaoefe.com\\\/#website\"},\"primaryImageOfPage\":{\"@id\":\"https:\\\/\\\/www.oracaoefe.com\\\/oracao-para-protecao-e-saude-ao-longo-da-gravidez\\\/#primaryimage\"},\"image\":{\"@id\":\"https:\\\/\\\/www.oracaoefe.com\\\/oracao-para-protecao-e-saude-ao-longo-da-gravidez\\\/#primaryimage\"},\"thumbnailUrl\":\"https:\\\/\\\/www.oracaoefe.com\\\/wp-content\\\/uploads\\\/2024\\\/05\\\/image-14.png\",\"datePublished\":\"2024-06-14T04:00:00+00:00\",\"author\":{\"@id\":\"https:\\\/\\\/www.oracaoefe.com\\\/#\\\/schema\\\/person\\\/17283c669442cf005c4d5bb58adfb7f5\"},\"description\":\"Deus tem pra voc\u00ea uma palavra de vida!\",\"breadcrumb\":{\"@id\":\"https:\\\/\\\/www.oracaoefe.com\\\/oracao-para-protecao-e-saude-ao-longo-da-gravidez\\\/#breadcrumb\"},\"inLanguage\":\"fr-FR\",\"potentialAction\":[{\"@type\":\"ReadAction\",\"target\":[\"https:\\\/\\\/www.oracaoefe.com\\\/oracao-para-protecao-e-saude-ao-longo-da-gravidez\\\/\"]}]},{\"@type\":\"ImageObject\",\"inLanguage\":\"fr-FR\",\"@id\":\"https:\\\/\\\/www.oracaoefe.com\\\/oracao-para-protecao-e-saude-ao-longo-da-gravidez\\\/#primaryimage\",\"url\":\"https:\\\/\\\/www.oracaoefe.com\\\/wp-content\\\/uploads\\\/2024\\\/05\\\/image-14.png\",\"contentUrl\":\"https:\\\/\\\/www.oracaoefe.com\\\/wp-content\\\/uploads\\\/2024\\\/05\\\/image-14.png\",\"width\":1280,\"height\":854},{\"@type\":\"BreadcrumbList\",\"@id\":\"https:\\\/\\\/www.oracaoefe.com\\\/oracao-para-protecao-e-saude-ao-longo-da-gravidez\\\/#breadcrumb\",\"itemListElement\":[{\"@type\":\"ListItem\",\"position\":1,\"name\":\"Home\",\"item\":\"https:\\\/\\\/www.oracaoefe.com\\\/\"},{\"@type\":\"ListItem\",\"position\":2,\"name\":\"Ora\u00e7\u00e3o\",\"item\":\"https:\\\/\\\/www.oracaoefe.com\\\/category\\\/oracao\\\/\"},{\"@type\":\"ListItem\",\"position\":3,\"name\":\"Ora\u00e7\u00e3o para prote\u00e7\u00e3o e sa\u00fade ao longo da gravidez\"}]},{\"@type\":\"WebSite\",\"@id\":\"https:\\\/\\\/www.oracaoefe.com\\\/#website\",\"url\":\"https:\\\/\\\/www.oracaoefe.com\\\/\",\"name\":\"Ora\u00e7\u00e3o e F\u00e9\",\"description\":\"\",\"potentialAction\":[{\"@type\":\"SearchAction\",\"target\":{\"@type\":\"EntryPoint\",\"urlTemplate\":\"https:\\\/\\\/www.oracaoefe.com\\\/?s={search_term_string}\"},\"query-input\":{\"@type\":\"PropertyValueSpecification\",\"valueRequired\":true,\"valueName\":\"search_term_string\"}}],\"inLanguage\":\"fr-FR\"},{\"@type\":\"Person\",\"@id\":\"https:\\\/\\\/www.oracaoefe.com\\\/#\\\/schema\\\/person\\\/17283c669442cf005c4d5bb58adfb7f5\",\"name\":\"Michele Azevedo\",\"image\":{\"@type\":\"ImageObject\",\"inLanguage\":\"fr-FR\",\"@id\":\"https:\\\/\\\/secure.gravatar.com\\\/avatar\\\/6b0eb9d22841282815e2cd856a0061c45e1761cd54b22e952d98c4746939aa85?s=96&d=mm&r=g\",\"url\":\"https:\\\/\\\/secure.gravatar.com\\\/avatar\\\/6b0eb9d22841282815e2cd856a0061c45e1761cd54b22e952d98c4746939aa85?s=96&d=mm&r=g\",\"contentUrl\":\"https:\\\/\\\/secure.gravatar.com\\\/avatar\\\/6b0eb9d22841282815e2cd856a0061c45e1761cd54b22e952d98c4746939aa85?s=96&d=mm&r=g\",\"caption\":\"Michele Azevedo\"},\"description\":\"Formada em Letras - Portugu\u00eas\\\/ Ingl\u00eas pela Universidade Estadual de Ponta Grossa (UEPG), p\u00f3s-graduada em Arte na Educa\u00e7\u00e3o (FAPI) e Psicopedagogia Escolar (FAPI), idealizadora e propriet\u00e1ria do site Escritora de Sucesso, possui experi\u00eancia em escrita para blogs em geral e atua como redatora e revisora dos conte\u00fados do Ora\u00e7\u00e3o e F\u00e9.\",\"url\":\"https:\\\/\\\/www.oracaoefe.com\\\/fr\\\/author\\\/michele-azevedo\\\/\"}]}<\/script>\n<!-- \/ Yoast SEO plugin. -->","yoast_head_json":{"title":"Ora\u00e7\u00e3o para prote\u00e7\u00e3o e sa\u00fade ao longo da gravidez - Ora\u00e7\u00e3o e F\u00e9","description":"Dieu a une parole de vie pour vous !","robots":{"index":"index","follow":"follow","max-snippet":"max-snippet:-1","max-image-preview":"max-image-preview:large","max-video-preview":"max-video-preview:-1"},"canonical":"https:\/\/www.oracaoefe.com\/fr\/oracao-para-protecao-e-saude-ao-longo-da-gravidez\/","og_locale":"fr_FR","og_type":"article","og_title":"Ora\u00e7\u00e3o para prote\u00e7\u00e3o e sa\u00fade ao longo da gravidez - Ora\u00e7\u00e3o e F\u00e9","og_description":"Deus tem pra voc\u00ea uma palavra de vida!","og_url":"https:\/\/www.oracaoefe.com\/fr\/oracao-para-protecao-e-saude-ao-longo-da-gravidez\/","og_site_name":"Ora\u00e7\u00e3o e F\u00e9","article_published_time":"2024-06-14T04:00:00+00:00","og_image":[{"width":1280,"height":854,"url":"https:\/\/www.oracaoefe.com\/wp-content\/uploads\/2024\/05\/image-14.png","type":"image\/png"}],"author":"Michele Azevedo","twitter_card":"summary_large_image","twitter_misc":{"\u00c9crit par":"Michele Azevedo","Dur\u00e9e de lecture estim\u00e9e":"6 minutes"},"schema":{"@context":"https:\/\/schema.org","@graph":[{"@type":"Article","@id":"https:\/\/www.oracaoefe.com\/oracao-para-protecao-e-saude-ao-longo-da-gravidez\/#article","isPartOf":{"@id":"https:\/\/www.oracaoefe.com\/oracao-para-protecao-e-saude-ao-longo-da-gravidez\/"},"author":{"name":"Michele Azevedo","@id":"https:\/\/www.oracaoefe.com\/#\/schema\/person\/17283c669442cf005c4d5bb58adfb7f5"},"headline":"Ora\u00e7\u00e3o para prote\u00e7\u00e3o e sa\u00fade ao longo da gravidez","datePublished":"2024-06-14T04:00:00+00:00","mainEntityOfPage":{"@id":"https:\/\/www.oracaoefe.com\/oracao-para-protecao-e-saude-ao-longo-da-gravidez\/"},"wordCount":1202,"image":{"@id":"https:\/\/www.oracaoefe.com\/oracao-para-protecao-e-saude-ao-longo-da-gravidez\/#primaryimage"},"thumbnailUrl":"https:\/\/www.oracaoefe.com\/wp-content\/uploads\/2024\/05\/image-14.png","articleSection":["Ora\u00e7\u00e3o"],"inLanguage":"fr-FR"},{"@type":"WebPage","@id":"https:\/\/www.oracaoefe.com\/oracao-para-protecao-e-saude-ao-longo-da-gravidez\/","url":"https:\/\/www.oracaoefe.com\/oracao-para-protecao-e-saude-ao-longo-da-gravidez\/","name":"Ora\u00e7\u00e3o para prote\u00e7\u00e3o e sa\u00fade ao longo da gravidez - Ora\u00e7\u00e3o e F\u00e9","isPartOf":{"@id":"https:\/\/www.oracaoefe.com\/#website"},"primaryImageOfPage":{"@id":"https:\/\/www.oracaoefe.com\/oracao-para-protecao-e-saude-ao-longo-da-gravidez\/#primaryimage"},"image":{"@id":"https:\/\/www.oracaoefe.com\/oracao-para-protecao-e-saude-ao-longo-da-gravidez\/#primaryimage"},"thumbnailUrl":"https:\/\/www.oracaoefe.com\/wp-content\/uploads\/2024\/05\/image-14.png","datePublished":"2024-06-14T04:00:00+00:00","author":{"@id":"https:\/\/www.oracaoefe.com\/#\/schema\/person\/17283c669442cf005c4d5bb58adfb7f5"},"description":"Dieu a une parole de vie pour vous !","breadcrumb":{"@id":"https:\/\/www.oracaoefe.com\/oracao-para-protecao-e-saude-ao-longo-da-gravidez\/#breadcrumb"},"inLanguage":"fr-FR","potentialAction":[{"@type":"ReadAction","target":["https:\/\/www.oracaoefe.com\/oracao-para-protecao-e-saude-ao-longo-da-gravidez\/"]}]},{"@type":"ImageObject","inLanguage":"fr-FR","@id":"https:\/\/www.oracaoefe.com\/oracao-para-protecao-e-saude-ao-longo-da-gravidez\/#primaryimage","url":"https:\/\/www.oracaoefe.com\/wp-content\/uploads\/2024\/05\/image-14.png","contentUrl":"https:\/\/www.oracaoefe.com\/wp-content\/uploads\/2024\/05\/image-14.png","width":1280,"height":854},{"@type":"BreadcrumbList","@id":"https:\/\/www.oracaoefe.com\/oracao-para-protecao-e-saude-ao-longo-da-gravidez\/#breadcrumb","itemListElement":[{"@type":"ListItem","position":1,"name":"Home","item":"https:\/\/www.oracaoefe.com\/"},{"@type":"ListItem","position":2,"name":"Ora\u00e7\u00e3o","item":"https:\/\/www.oracaoefe.com\/category\/oracao\/"},{"@type":"ListItem","position":3,"name":"Ora\u00e7\u00e3o para prote\u00e7\u00e3o e sa\u00fade ao longo da gravidez"}]},{"@type":"WebSite","@id":"https:\/\/www.oracaoefe.com\/#website","url":"https:\/\/www.oracaoefe.com\/","name":"Pri\u00e8re et foi","description":"","potentialAction":[{"@type":"SearchAction","target":{"@type":"EntryPoint","urlTemplate":"https:\/\/www.oracaoefe.com\/?s={search_term_string}"},"query-input":{"@type":"PropertyValueSpecification","valueRequired":true,"valueName":"search_term_string"}}],"inLanguage":"fr-FR"},{"@type":"Person","@id":"https:\/\/www.oracaoefe.com\/#\/schema\/person\/17283c669442cf005c4d5bb58adfb7f5","name":"Michele Azevedo","image":{"@type":"ImageObject","inLanguage":"fr-FR","@id":"https:\/\/secure.gravatar.com\/avatar\/6b0eb9d22841282815e2cd856a0061c45e1761cd54b22e952d98c4746939aa85?s=96&d=mm&r=g","url":"https:\/\/secure.gravatar.com\/avatar\/6b0eb9d22841282815e2cd856a0061c45e1761cd54b22e952d98c4746939aa85?s=96&d=mm&r=g","contentUrl":"https:\/\/secure.gravatar.com\/avatar\/6b0eb9d22841282815e2cd856a0061c45e1761cd54b22e952d98c4746939aa85?s=96&d=mm&r=g","caption":"Michele Azevedo"},"description":"Dipl\u00f4m\u00e9e en litt\u00e9rature portugaise\/anglaise de l&#039;Universit\u00e9 d&#039;\u00c9tat de Ponta Grossa (UEPG), avec des dipl\u00f4mes de troisi\u00e8me cycle en art dans l&#039;\u00e9ducation (FAPI) et en psychop\u00e9dagogie scolaire (FAPI), elle est la cr\u00e9atrice et propri\u00e9taire du site web Escritora de Sucesso, a de l&#039;exp\u00e9rience dans l&#039;\u00e9criture pour les blogs en g\u00e9n\u00e9ral et travaille comme r\u00e9dactrice et \u00e9ditrice du contenu pour Ora\u00e7\u00e3o e F\u00e9.","url":"https:\/\/www.oracaoefe.com\/fr\/author\/michele-azevedo\/"}]}},"_links":{"self":[{"href":"https:\/\/www.oracaoefe.com\/fr\/wp-json\/wp\/v2\/posts\/2853","targetHints":{"allow":["GET"]}}],"collection":[{"href":"https:\/\/www.oracaoefe.com\/fr\/wp-json\/wp\/v2\/posts"}],"about":[{"href":"https:\/\/www.oracaoefe.com\/fr\/wp-json\/wp\/v2\/types\/post"}],"author":[{"embeddable":true,"href":"https:\/\/www.oracaoefe.com\/fr\/wp-json\/wp\/v2\/users\/3"}],"replies":[{"embeddable":true,"href":"https:\/\/www.oracaoefe.com\/fr\/wp-json\/wp\/v2\/comments?post=2853"}],"version-history":[{"count":2,"href":"https:\/\/www.oracaoefe.com\/fr\/wp-json\/wp\/v2\/posts\/2853\/revisions"}],"predecessor-version":[{"id":2868,"href":"https:\/\/www.oracaoefe.com\/fr\/wp-json\/wp\/v2\/posts\/2853\/revisions\/2868"}],"wp:featuredmedia":[{"embeddable":true,"href":"https:\/\/www.oracaoefe.com\/fr\/wp-json\/wp\/v2\/media\/2867"}],"wp:attachment":[{"href":"https:\/\/www.oracaoefe.com\/fr\/wp-json\/wp\/v2\/media?parent=2853"}],"wp:term":[{"taxonomy":"category","embeddable":true,"href":"https:\/\/www.oracaoefe.com\/fr\/wp-json\/wp\/v2\/categories?post=2853"},{"taxonomy":"post_tag","embeddable":true,"href":"https:\/\/www.oracaoefe.com\/fr\/wp-json\/wp\/v2\/tags?post=2853"}],"curies":[{"name":"wp","href":"https:\/\/api.w.org\/{rel}","templated":true}]}}