{"id":2851,"date":"2024-06-11T01:00:00","date_gmt":"2024-06-11T04:00:00","guid":{"rendered":"https:\/\/www.oracaoefe.com\/?p=2851"},"modified":"2024-05-30T22:39:53","modified_gmt":"2024-05-31T01:39:53","slug":"por-que-deus-endureceu-o-coracao-de-farao","status":"publish","type":"post","link":"https:\/\/www.oracaoefe.com\/fr\/por-que-deus-endureceu-o-coracao-de-farao\/","title":{"rendered":"Por que Deus endureceu o cora\u00e7\u00e3o de Fara\u00f3?"},"content":{"rendered":"<p class=\"wp-block-paragraph\">A narrativa b\u00edblica do \u00caxodo \u00e9 uma das mais fascinantes e ricas em simbolismo e li\u00e7\u00f5es espirituais. Uma das quest\u00f5es mais intrigantes e debatidas desta hist\u00f3ria \u00e9 a raz\u00e3o pela qual Deus endureceu o cora\u00e7\u00e3o do Fara\u00f3. Esse ato divino tem provocado muitas discuss\u00f5es teol\u00f3gicas, filos\u00f3ficas e \u00e9ticas ao longo dos s\u00e9culos.&nbsp;<\/p>\n\n\n\n<h2 class=\"wp-block-heading\">O Contexto B\u00edblico<\/h2>\n\n\n\n<p class=\"wp-block-paragraph\">A hist\u00f3ria do \u00caxodo come\u00e7a com os filhos de Israel vivendo como escravos no Egito. Deus escolhe Mois\u00e9s para liderar o povo de Israel para fora da escravid\u00e3o e para a Terra Prometida. Mois\u00e9s \u00e9 instru\u00eddo a ir at\u00e9 o Fara\u00f3 e exigir que ele liberte os israelitas. Repetidamente, o Fara\u00f3 recusa, e cada recusa \u00e9 seguida por uma praga enviada por Deus. O cora\u00e7\u00e3o do Fara\u00f3 \u00e9 descrito como endurecido, tanto por ele mesmo quanto por Deus.<\/p>\n\n\n\n<h2 class=\"wp-block-heading\">Refer\u00eancias B\u00edblicas<\/h2>\n\n\n\n<p class=\"wp-block-paragraph\">A narrativa sobre o endurecimento do cora\u00e7\u00e3o do Fara\u00f3 aparece v\u00e1rias vezes no livro de \u00caxodo. Alguns vers\u00edculos importantes incluem:<\/p>\n\n\n\n<ul class=\"wp-block-list\">\n<li>\u00caxodo 4:21: &#8220;Disse o Senhor a Mois\u00e9s: Quando voltares ao Egito, olha que fa\u00e7as diante de Fara\u00f3 todas as maravilhas que tenho posto na tua m\u00e3o; mas eu lhe endurecerei o cora\u00e7\u00e3o, para que n\u00e3o deixe ir o povo.&#8221;<\/li>\n\n\n\n<li>\u00caxodo 7:3: &#8220;Eu, por\u00e9m, endurecerei o cora\u00e7\u00e3o de Fara\u00f3, e multiplicarei na terra do Egito os meus sinais e as minhas maravilhas.&#8221;<\/li>\n\n\n\n<li>\u00caxodo 9:12: &#8220;O Senhor endureceu o cora\u00e7\u00e3o de Fara\u00f3, e este n\u00e3o deu ouvidos a Mois\u00e9s e a Ar\u00e3o, conforme o Senhor tinha falado a Mois\u00e9s.&#8221;<\/li>\n\n\n\n<li>Esses vers\u00edculos indicam que o endurecimento do cora\u00e7\u00e3o do Fara\u00f3 foi, em parte, um ato divino. No entanto, tamb\u00e9m h\u00e1 passagens em que o pr\u00f3prio Fara\u00f3 endurece seu cora\u00e7\u00e3o (\u00caxodo 8:15, 8:32, 9:34).<\/li>\n<\/ul>\n\n\n\n<h2 class=\"wp-block-heading\">Interpretando o Endurecimento do Cora\u00e7\u00e3o<\/h2>\n\n\n\n<figure class=\"wp-block-image size-large\"><img loading=\"lazy\" decoding=\"async\" width=\"1024\" height=\"678\" src=\"https:\/\/www.oracaoefe.com\/wp-content\/uploads\/2024\/05\/image-13-1024x678.png\" alt=\"\" class=\"wp-image-2865\" srcset=\"https:\/\/www.oracaoefe.com\/wp-content\/uploads\/2024\/05\/image-13-1024x678.png 1024w, https:\/\/www.oracaoefe.com\/wp-content\/uploads\/2024\/05\/image-13-300x199.png 300w, https:\/\/www.oracaoefe.com\/wp-content\/uploads\/2024\/05\/image-13-768x509.png 768w, https:\/\/www.oracaoefe.com\/wp-content\/uploads\/2024\/05\/image-13-18x12.png 18w, https:\/\/www.oracaoefe.com\/wp-content\/uploads\/2024\/05\/image-13.png 1280w\" sizes=\"auto, (max-width: 1024px) 100vw, 1024px\" \/><\/figure>\n\n\n\n<h3 class=\"wp-block-heading\">Livre Arb\u00edtrio e Soberania Divina<\/h3>\n\n\n\n<p class=\"wp-block-paragraph\">Uma das primeiras quest\u00f5es que surge \u00e9 a rela\u00e7\u00e3o entre o livre arb\u00edtrio humano e a soberania divina. Como podemos reconciliar a ideia de que Deus endureceu o cora\u00e7\u00e3o do Fara\u00f3 com o conceito de livre arb\u00edtrio? Uma perspectiva \u00e9 que Deus, em sua onisci\u00eancia, sabia como o Fara\u00f3 reagiria em cada situa\u00e7\u00e3o e usou essas rea\u00e7\u00f5es para cumprir seus prop\u00f3sitos. O endurecimento do cora\u00e7\u00e3o pode ser visto como Deus permitindo que o Fara\u00f3 seguisse seu pr\u00f3prio caminho teimoso e orgulhoso, amplificando suas pr\u00f3prias escolhas.<\/p>\n\n\n\n<h3 class=\"wp-block-heading\">Justi\u00e7a e Ju\u00edzo<\/h3>\n\n\n\n<p class=\"wp-block-paragraph\">Outra interpreta\u00e7\u00e3o \u00e9 que o endurecimento do cora\u00e7\u00e3o do Fara\u00f3 \u00e9 um ato de justi\u00e7a divina. O Egito havia escravizado e oprimido os israelitas por gera\u00e7\u00f5es, e as pragas foram um julgamento contra essa opress\u00e3o. Endurecendo o cora\u00e7\u00e3o do Fara\u00f3, Deus estava assegurando que as pragas se cumprissem completamente, demonstrando Seu poder e justi\u00e7a n\u00e3o apenas para o Egito, mas para todas as na\u00e7\u00f5es.<\/p>\n\n\n\n<h3 class=\"wp-block-heading\">Prop\u00f3sito e Revela\u00e7\u00e3o<\/h3>\n\n\n\n<p class=\"wp-block-paragraph\">Al\u00e9m disso, o endurecimento do cora\u00e7\u00e3o do Fara\u00f3 serviu para revelar o poder de Deus de maneira clara e inquestion\u00e1vel. Em \u00caxodo 9:16, Deus diz: &#8220;Mas, deveras, para isso te mantive, para mostrar-te o meu poder, e para que o meu nome seja anunciado em toda a terra.&#8221; As pragas e a liberta\u00e7\u00e3o de Israel n\u00e3o eram apenas para benef\u00edcio imediato dos israelitas, mas para que o mundo inteiro conhecesse e reconhecesse o poder de Deus.<\/p>\n\n\n\n<h3 class=\"wp-block-heading\">Um Ato de Miseric\u00f3rdia?<\/h3>\n\n\n\n<p class=\"wp-block-paragraph\">Curiosamente, alguns te\u00f3logos argumentam que o endurecimento do cora\u00e7\u00e3o do Fara\u00f3 pode ser visto tamb\u00e9m como um ato de miseric\u00f3rdia. Cada praga era uma oportunidade para o Fara\u00f3 se arrepender e reconhecer o Deus de Israel. Mesmo que ele tenha resistido repetidamente, a cada vez que seu cora\u00e7\u00e3o era endurecido, ele tinha outra chance de mudar sua atitude.<\/p>\n\n\n\n<h2 class=\"wp-block-heading\">Perspectivas Teol\u00f3gicas<\/h2>\n\n\n\n<h3 class=\"wp-block-heading\">A Perspectiva Reformada<\/h3>\n\n\n\n<p class=\"wp-block-paragraph\">Na teologia reformada, especialmente na tradi\u00e7\u00e3o calvinista, o endurecimento do cora\u00e7\u00e3o do Fara\u00f3 \u00e9 frequentemente visto como um exemplo da soberania absoluta de Deus. Deus, em sua vontade soberana, escolhe endurecer o cora\u00e7\u00e3o do Fara\u00f3 para cumprir Seus prop\u00f3sitos. Esta perspectiva enfatiza que Deus \u00e9 justo em todas as suas a\u00e7\u00f5es, mesmo que os seres humanos n\u00e3o compreendam plenamente Seus caminhos.<\/p>\n\n\n\n<h3 class=\"wp-block-heading\">A Perspectiva Arminiana<\/h3>\n\n\n\n<p class=\"wp-block-paragraph\">Em contraste, a teologia arminiana coloca uma \u00eanfase maior no livre arb\u00edtrio humano. Alguns te\u00f3logos arminianos interpretam o endurecimento do cora\u00e7\u00e3o do Fara\u00f3 como Deus retirando Sua gra\u00e7a, permitindo que o Fara\u00f3 siga seu pr\u00f3prio curso endurecido. Esta vis\u00e3o tenta manter a responsabilidade do Fara\u00f3 por suas pr\u00f3prias a\u00e7\u00f5es enquanto ainda reconhece a soberania de Deus.<\/p>\n\n\n\n<h2 class=\"wp-block-heading\">Implica\u00e7\u00f5es Contempor\u00e2neas<\/h2>\n\n\n\n<h3 class=\"wp-block-heading\">Li\u00e7\u00f5es de F\u00e9 e Obedi\u00eancia<\/h3>\n\n\n\n<p class=\"wp-block-paragraph\">Para os crentes hoje, a hist\u00f3ria do endurecimento do cora\u00e7\u00e3o do Fara\u00f3 pode servir como uma advert\u00eancia sobre os perigos de resistir \u00e0 vontade de Deus. Ela nos chama a refletir sobre nossos pr\u00f3prios cora\u00e7\u00f5es e nossa disposi\u00e7\u00e3o de obedecer a Deus. \u00c9 um lembrete de que a resist\u00eancia teimosa contra Deus pode levar a consequ\u00eancias severas.<\/p>\n\n\n\n<h3 class=\"wp-block-heading\">A Soberania de Deus em Nossas Vidas<\/h3>\n\n\n\n<p class=\"wp-block-paragraph\">Al\u00e9m disso, esta narrativa refor\u00e7a a soberania de Deus em todas as circunst\u00e2ncias. Mesmo quando n\u00e3o entendemos por que certas coisas acontecem, podemos confiar que Deus est\u00e1 no controle e que Ele tem um prop\u00f3sito maior. Isso pode trazer conforto em tempos de dificuldade e incerteza.<\/p>\n\n\n\n<h3 class=\"wp-block-heading\">Justi\u00e7a e Miseric\u00f3rdia<\/h3>\n\n\n\n<p class=\"wp-block-paragraph\">Finalmente, a hist\u00f3ria nos desafia a contemplar a natureza de Deus como justa e misericordiosa. Embora o endurecimento do cora\u00e7\u00e3o do Fara\u00f3 possa parecer severo, \u00e9 uma parte do plano divino para demonstrar a justi\u00e7a contra a opress\u00e3o e a miseric\u00f3rdia atrav\u00e9s da liberta\u00e7\u00e3o. Isso nos convida a confiar na justi\u00e7a e na miseric\u00f3rdia de Deus em nossas pr\u00f3prias vidas e no mundo ao nosso redor.<\/p>\n\n\n\n<h2 class=\"wp-block-heading\">Por que Deus endureceu o cora\u00e7\u00e3o de Fara\u00f3<\/h2>\n\n\n\n<p class=\"wp-block-paragraph\">A quest\u00e3o de por que Deus endureceu o cora\u00e7\u00e3o de Fara\u00f3 \u00e9 complexa e multifacetada. Ela envolve a soberania de Deus, o livre arb\u00edtrio humano, a justi\u00e7a divina e o prop\u00f3sito de revela\u00e7\u00e3o. Embora possamos n\u00e3o ter todas as respostas, podemos ver que essa narrativa \u00e9 rica em li\u00e7\u00f5es espirituais e teol\u00f3gicas. Ela nos chama a refletir sobre nossa pr\u00f3pria rela\u00e7\u00e3o com Deus, a confiar em Sua soberania e a buscar entender e viver de acordo com Sua justi\u00e7a e miseric\u00f3rdia.<\/p>\n\n\n\n<p class=\"wp-block-paragraph\"><strong>Voir aussi\u00a0: <a href=\"https:\/\/www.oracaoefe.com\/fr\/oracao-para-deus-abrir-as-portas-financeiras-veja-as-preces\/\">Ora\u00e7\u00e3o para Deus abrir as portas financeiras; veja as preces<\/a><\/strong><\/p>\n\n\n\n<p class=\"wp-block-paragraph\">11 de junho de 2024<\/p>","protected":false},"excerpt":{"rendered":"<p>A narrativa b\u00edblica do \u00caxodo \u00e9 uma das mais fascinantes e ricas em simbolismo e li\u00e7\u00f5es espirituais. Uma das quest\u00f5es mais intrigantes e debatidas desta hist\u00f3ria \u00e9 a raz\u00e3o pela qual Deus endureceu o cora\u00e7\u00e3o do Fara\u00f3. Esse ato divino tem provocado muitas discuss\u00f5es teol\u00f3gicas, filos\u00f3ficas e \u00e9ticas ao longo dos s\u00e9culos.&nbsp; O Contexto B\u00edblico&hellip;&nbsp;<\/p>","protected":false},"author":3,"featured_media":2865,"comment_status":"closed","ping_status":"closed","sticky":false,"template":"","format":"standard","meta":{"neve_meta_sidebar":"","neve_meta_container":"","neve_meta_enable_content_width":"","neve_meta_content_width":0,"neve_meta_title_alignment":"","neve_meta_author_avatar":"","neve_post_elements_order":"","neve_meta_disable_header":"","neve_meta_disable_footer":"","neve_meta_disable_title":"","footnotes":""},"categories":[4],"tags":[],"class_list":["post-2851","post","type-post","status-publish","format-standard","has-post-thumbnail","hentry","category-fique-por-dentro"],"yoast_head":"<!-- This site is optimized with the Yoast SEO plugin v28.4 - https:\/\/yoast.com\/product\/yoast-seo-wordpress\/ -->\n<title>Por que Deus endureceu o cora\u00e7\u00e3o de Fara\u00f3? - Ora\u00e7\u00e3o e F\u00e9<\/title>\n<meta name=\"description\" content=\"Deus tem pra voc\u00ea uma palavra de vida!\" \/>\n<meta name=\"robots\" content=\"index, follow, max-snippet:-1, max-image-preview:large, max-video-preview:-1\" \/>\n<link rel=\"canonical\" href=\"https:\/\/www.oracaoefe.com\/fr\/por-que-deus-endureceu-o-coracao-de-farao\/\" \/>\n<meta property=\"og:locale\" content=\"fr_FR\" \/>\n<meta property=\"og:type\" content=\"article\" \/>\n<meta property=\"og:title\" content=\"Por que Deus endureceu o cora\u00e7\u00e3o de Fara\u00f3? - Ora\u00e7\u00e3o e F\u00e9\" \/>\n<meta property=\"og:description\" content=\"Deus tem pra voc\u00ea uma palavra de vida!\" \/>\n<meta property=\"og:url\" content=\"https:\/\/www.oracaoefe.com\/fr\/por-que-deus-endureceu-o-coracao-de-farao\/\" \/>\n<meta property=\"og:site_name\" content=\"Ora\u00e7\u00e3o e F\u00e9\" \/>\n<meta property=\"article:published_time\" content=\"2024-06-11T04:00:00+00:00\" \/>\n<meta property=\"og:image\" content=\"https:\/\/www.oracaoefe.com\/wp-content\/uploads\/2024\/05\/image-13-1024x678.png\" \/>\n\t<meta property=\"og:image:width\" content=\"1024\" \/>\n\t<meta property=\"og:image:height\" content=\"678\" \/>\n\t<meta property=\"og:image:type\" content=\"image\/png\" \/>\n<meta name=\"author\" content=\"Michele Azevedo\" \/>\n<meta name=\"twitter:card\" content=\"summary_large_image\" \/>\n<meta name=\"twitter:label1\" content=\"\u00c9crit par\" \/>\n\t<meta name=\"twitter:data1\" content=\"Michele Azevedo\" \/>\n\t<meta name=\"twitter:label2\" content=\"Dur\u00e9e de lecture estim\u00e9e\" \/>\n\t<meta name=\"twitter:data2\" content=\"6 minutes\" \/>\n<script type=\"application\/ld+json\" class=\"yoast-schema-graph\">{\"@context\":\"https:\\\/\\\/schema.org\",\"@graph\":[{\"@type\":\"Article\",\"@id\":\"https:\\\/\\\/www.oracaoefe.com\\\/por-que-deus-endureceu-o-coracao-de-farao\\\/#article\",\"isPartOf\":{\"@id\":\"https:\\\/\\\/www.oracaoefe.com\\\/por-que-deus-endureceu-o-coracao-de-farao\\\/\"},\"author\":{\"name\":\"Michele Azevedo\",\"@id\":\"https:\\\/\\\/www.oracaoefe.com\\\/#\\\/schema\\\/person\\\/17283c669442cf005c4d5bb58adfb7f5\"},\"headline\":\"Por que Deus endureceu o cora\u00e7\u00e3o de Fara\u00f3?\",\"datePublished\":\"2024-06-11T04:00:00+00:00\",\"mainEntityOfPage\":{\"@id\":\"https:\\\/\\\/www.oracaoefe.com\\\/por-que-deus-endureceu-o-coracao-de-farao\\\/\"},\"wordCount\":1119,\"image\":{\"@id\":\"https:\\\/\\\/www.oracaoefe.com\\\/por-que-deus-endureceu-o-coracao-de-farao\\\/#primaryimage\"},\"thumbnailUrl\":\"https:\\\/\\\/www.oracaoefe.com\\\/wp-content\\\/uploads\\\/2024\\\/05\\\/image-13.png\",\"articleSection\":[\"Fique por Dentro\"],\"inLanguage\":\"fr-FR\"},{\"@type\":\"WebPage\",\"@id\":\"https:\\\/\\\/www.oracaoefe.com\\\/por-que-deus-endureceu-o-coracao-de-farao\\\/\",\"url\":\"https:\\\/\\\/www.oracaoefe.com\\\/por-que-deus-endureceu-o-coracao-de-farao\\\/\",\"name\":\"Por que Deus endureceu o cora\u00e7\u00e3o de Fara\u00f3? - Ora\u00e7\u00e3o e F\u00e9\",\"isPartOf\":{\"@id\":\"https:\\\/\\\/www.oracaoefe.com\\\/#website\"},\"primaryImageOfPage\":{\"@id\":\"https:\\\/\\\/www.oracaoefe.com\\\/por-que-deus-endureceu-o-coracao-de-farao\\\/#primaryimage\"},\"image\":{\"@id\":\"https:\\\/\\\/www.oracaoefe.com\\\/por-que-deus-endureceu-o-coracao-de-farao\\\/#primaryimage\"},\"thumbnailUrl\":\"https:\\\/\\\/www.oracaoefe.com\\\/wp-content\\\/uploads\\\/2024\\\/05\\\/image-13.png\",\"datePublished\":\"2024-06-11T04:00:00+00:00\",\"author\":{\"@id\":\"https:\\\/\\\/www.oracaoefe.com\\\/#\\\/schema\\\/person\\\/17283c669442cf005c4d5bb58adfb7f5\"},\"description\":\"Deus tem pra voc\u00ea uma palavra de vida!\",\"breadcrumb\":{\"@id\":\"https:\\\/\\\/www.oracaoefe.com\\\/por-que-deus-endureceu-o-coracao-de-farao\\\/#breadcrumb\"},\"inLanguage\":\"fr-FR\",\"potentialAction\":[{\"@type\":\"ReadAction\",\"target\":[\"https:\\\/\\\/www.oracaoefe.com\\\/por-que-deus-endureceu-o-coracao-de-farao\\\/\"]}]},{\"@type\":\"ImageObject\",\"inLanguage\":\"fr-FR\",\"@id\":\"https:\\\/\\\/www.oracaoefe.com\\\/por-que-deus-endureceu-o-coracao-de-farao\\\/#primaryimage\",\"url\":\"https:\\\/\\\/www.oracaoefe.com\\\/wp-content\\\/uploads\\\/2024\\\/05\\\/image-13.png\",\"contentUrl\":\"https:\\\/\\\/www.oracaoefe.com\\\/wp-content\\\/uploads\\\/2024\\\/05\\\/image-13.png\",\"width\":1280,\"height\":848},{\"@type\":\"BreadcrumbList\",\"@id\":\"https:\\\/\\\/www.oracaoefe.com\\\/por-que-deus-endureceu-o-coracao-de-farao\\\/#breadcrumb\",\"itemListElement\":[{\"@type\":\"ListItem\",\"position\":1,\"name\":\"Home\",\"item\":\"https:\\\/\\\/www.oracaoefe.com\\\/\"},{\"@type\":\"ListItem\",\"position\":2,\"name\":\"Fique por Dentro\",\"item\":\"https:\\\/\\\/www.oracaoefe.com\\\/category\\\/fique-por-dentro\\\/\"},{\"@type\":\"ListItem\",\"position\":3,\"name\":\"Por que Deus endureceu o cora\u00e7\u00e3o de Fara\u00f3?\"}]},{\"@type\":\"WebSite\",\"@id\":\"https:\\\/\\\/www.oracaoefe.com\\\/#website\",\"url\":\"https:\\\/\\\/www.oracaoefe.com\\\/\",\"name\":\"Ora\u00e7\u00e3o e F\u00e9\",\"description\":\"\",\"potentialAction\":[{\"@type\":\"SearchAction\",\"target\":{\"@type\":\"EntryPoint\",\"urlTemplate\":\"https:\\\/\\\/www.oracaoefe.com\\\/?s={search_term_string}\"},\"query-input\":{\"@type\":\"PropertyValueSpecification\",\"valueRequired\":true,\"valueName\":\"search_term_string\"}}],\"inLanguage\":\"fr-FR\"},{\"@type\":\"Person\",\"@id\":\"https:\\\/\\\/www.oracaoefe.com\\\/#\\\/schema\\\/person\\\/17283c669442cf005c4d5bb58adfb7f5\",\"name\":\"Michele Azevedo\",\"image\":{\"@type\":\"ImageObject\",\"inLanguage\":\"fr-FR\",\"@id\":\"https:\\\/\\\/secure.gravatar.com\\\/avatar\\\/6b0eb9d22841282815e2cd856a0061c45e1761cd54b22e952d98c4746939aa85?s=96&d=mm&r=g\",\"url\":\"https:\\\/\\\/secure.gravatar.com\\\/avatar\\\/6b0eb9d22841282815e2cd856a0061c45e1761cd54b22e952d98c4746939aa85?s=96&d=mm&r=g\",\"contentUrl\":\"https:\\\/\\\/secure.gravatar.com\\\/avatar\\\/6b0eb9d22841282815e2cd856a0061c45e1761cd54b22e952d98c4746939aa85?s=96&d=mm&r=g\",\"caption\":\"Michele Azevedo\"},\"description\":\"Formada em Letras - Portugu\u00eas\\\/ Ingl\u00eas pela Universidade Estadual de Ponta Grossa (UEPG), p\u00f3s-graduada em Arte na Educa\u00e7\u00e3o (FAPI) e Psicopedagogia Escolar (FAPI), idealizadora e propriet\u00e1ria do site Escritora de Sucesso, possui experi\u00eancia em escrita para blogs em geral e atua como redatora e revisora dos conte\u00fados do Ora\u00e7\u00e3o e F\u00e9.\",\"url\":\"https:\\\/\\\/www.oracaoefe.com\\\/fr\\\/author\\\/michele-azevedo\\\/\"}]}<\/script>\n<!-- \/ Yoast SEO plugin. -->","yoast_head_json":{"title":"Por que Deus endureceu o cora\u00e7\u00e3o de Fara\u00f3? - Ora\u00e7\u00e3o e F\u00e9","description":"Dieu a une parole de vie pour vous !","robots":{"index":"index","follow":"follow","max-snippet":"max-snippet:-1","max-image-preview":"max-image-preview:large","max-video-preview":"max-video-preview:-1"},"canonical":"https:\/\/www.oracaoefe.com\/fr\/por-que-deus-endureceu-o-coracao-de-farao\/","og_locale":"fr_FR","og_type":"article","og_title":"Por que Deus endureceu o cora\u00e7\u00e3o de Fara\u00f3? - Ora\u00e7\u00e3o e F\u00e9","og_description":"Deus tem pra voc\u00ea uma palavra de vida!","og_url":"https:\/\/www.oracaoefe.com\/fr\/por-que-deus-endureceu-o-coracao-de-farao\/","og_site_name":"Ora\u00e7\u00e3o e F\u00e9","article_published_time":"2024-06-11T04:00:00+00:00","og_image":[{"width":1024,"height":678,"url":"https:\/\/www.oracaoefe.com\/wp-content\/uploads\/2024\/05\/image-13-1024x678.png","type":"image\/png"}],"author":"Michele Azevedo","twitter_card":"summary_large_image","twitter_misc":{"\u00c9crit par":"Michele Azevedo","Dur\u00e9e de lecture estim\u00e9e":"6 minutes"},"schema":{"@context":"https:\/\/schema.org","@graph":[{"@type":"Article","@id":"https:\/\/www.oracaoefe.com\/por-que-deus-endureceu-o-coracao-de-farao\/#article","isPartOf":{"@id":"https:\/\/www.oracaoefe.com\/por-que-deus-endureceu-o-coracao-de-farao\/"},"author":{"name":"Michele Azevedo","@id":"https:\/\/www.oracaoefe.com\/#\/schema\/person\/17283c669442cf005c4d5bb58adfb7f5"},"headline":"Por que Deus endureceu o cora\u00e7\u00e3o de Fara\u00f3?","datePublished":"2024-06-11T04:00:00+00:00","mainEntityOfPage":{"@id":"https:\/\/www.oracaoefe.com\/por-que-deus-endureceu-o-coracao-de-farao\/"},"wordCount":1119,"image":{"@id":"https:\/\/www.oracaoefe.com\/por-que-deus-endureceu-o-coracao-de-farao\/#primaryimage"},"thumbnailUrl":"https:\/\/www.oracaoefe.com\/wp-content\/uploads\/2024\/05\/image-13.png","articleSection":["Fique por Dentro"],"inLanguage":"fr-FR"},{"@type":"WebPage","@id":"https:\/\/www.oracaoefe.com\/por-que-deus-endureceu-o-coracao-de-farao\/","url":"https:\/\/www.oracaoefe.com\/por-que-deus-endureceu-o-coracao-de-farao\/","name":"Por que Deus endureceu o cora\u00e7\u00e3o de Fara\u00f3? - Ora\u00e7\u00e3o e F\u00e9","isPartOf":{"@id":"https:\/\/www.oracaoefe.com\/#website"},"primaryImageOfPage":{"@id":"https:\/\/www.oracaoefe.com\/por-que-deus-endureceu-o-coracao-de-farao\/#primaryimage"},"image":{"@id":"https:\/\/www.oracaoefe.com\/por-que-deus-endureceu-o-coracao-de-farao\/#primaryimage"},"thumbnailUrl":"https:\/\/www.oracaoefe.com\/wp-content\/uploads\/2024\/05\/image-13.png","datePublished":"2024-06-11T04:00:00+00:00","author":{"@id":"https:\/\/www.oracaoefe.com\/#\/schema\/person\/17283c669442cf005c4d5bb58adfb7f5"},"description":"Dieu a une parole de vie pour vous !","breadcrumb":{"@id":"https:\/\/www.oracaoefe.com\/por-que-deus-endureceu-o-coracao-de-farao\/#breadcrumb"},"inLanguage":"fr-FR","potentialAction":[{"@type":"ReadAction","target":["https:\/\/www.oracaoefe.com\/por-que-deus-endureceu-o-coracao-de-farao\/"]}]},{"@type":"ImageObject","inLanguage":"fr-FR","@id":"https:\/\/www.oracaoefe.com\/por-que-deus-endureceu-o-coracao-de-farao\/#primaryimage","url":"https:\/\/www.oracaoefe.com\/wp-content\/uploads\/2024\/05\/image-13.png","contentUrl":"https:\/\/www.oracaoefe.com\/wp-content\/uploads\/2024\/05\/image-13.png","width":1280,"height":848},{"@type":"BreadcrumbList","@id":"https:\/\/www.oracaoefe.com\/por-que-deus-endureceu-o-coracao-de-farao\/#breadcrumb","itemListElement":[{"@type":"ListItem","position":1,"name":"Home","item":"https:\/\/www.oracaoefe.com\/"},{"@type":"ListItem","position":2,"name":"Fique por Dentro","item":"https:\/\/www.oracaoefe.com\/category\/fique-por-dentro\/"},{"@type":"ListItem","position":3,"name":"Por que Deus endureceu o cora\u00e7\u00e3o de Fara\u00f3?"}]},{"@type":"WebSite","@id":"https:\/\/www.oracaoefe.com\/#website","url":"https:\/\/www.oracaoefe.com\/","name":"Pri\u00e8re et foi","description":"","potentialAction":[{"@type":"SearchAction","target":{"@type":"EntryPoint","urlTemplate":"https:\/\/www.oracaoefe.com\/?s={search_term_string}"},"query-input":{"@type":"PropertyValueSpecification","valueRequired":true,"valueName":"search_term_string"}}],"inLanguage":"fr-FR"},{"@type":"Person","@id":"https:\/\/www.oracaoefe.com\/#\/schema\/person\/17283c669442cf005c4d5bb58adfb7f5","name":"Michele Azevedo","image":{"@type":"ImageObject","inLanguage":"fr-FR","@id":"https:\/\/secure.gravatar.com\/avatar\/6b0eb9d22841282815e2cd856a0061c45e1761cd54b22e952d98c4746939aa85?s=96&d=mm&r=g","url":"https:\/\/secure.gravatar.com\/avatar\/6b0eb9d22841282815e2cd856a0061c45e1761cd54b22e952d98c4746939aa85?s=96&d=mm&r=g","contentUrl":"https:\/\/secure.gravatar.com\/avatar\/6b0eb9d22841282815e2cd856a0061c45e1761cd54b22e952d98c4746939aa85?s=96&d=mm&r=g","caption":"Michele Azevedo"},"description":"Dipl\u00f4m\u00e9e en litt\u00e9rature portugaise\/anglaise de l&#039;Universit\u00e9 d&#039;\u00c9tat de Ponta Grossa (UEPG), avec des dipl\u00f4mes de troisi\u00e8me cycle en art dans l&#039;\u00e9ducation (FAPI) et en psychop\u00e9dagogie scolaire (FAPI), elle est la cr\u00e9atrice et propri\u00e9taire du site web Escritora de Sucesso, a de l&#039;exp\u00e9rience dans l&#039;\u00e9criture pour les blogs en g\u00e9n\u00e9ral et travaille comme r\u00e9dactrice et \u00e9ditrice du contenu pour Ora\u00e7\u00e3o e F\u00e9.","url":"https:\/\/www.oracaoefe.com\/fr\/author\/michele-azevedo\/"}]}},"_links":{"self":[{"href":"https:\/\/www.oracaoefe.com\/fr\/wp-json\/wp\/v2\/posts\/2851","targetHints":{"allow":["GET"]}}],"collection":[{"href":"https:\/\/www.oracaoefe.com\/fr\/wp-json\/wp\/v2\/posts"}],"about":[{"href":"https:\/\/www.oracaoefe.com\/fr\/wp-json\/wp\/v2\/types\/post"}],"author":[{"embeddable":true,"href":"https:\/\/www.oracaoefe.com\/fr\/wp-json\/wp\/v2\/users\/3"}],"replies":[{"embeddable":true,"href":"https:\/\/www.oracaoefe.com\/fr\/wp-json\/wp\/v2\/comments?post=2851"}],"version-history":[{"count":2,"href":"https:\/\/www.oracaoefe.com\/fr\/wp-json\/wp\/v2\/posts\/2851\/revisions"}],"predecessor-version":[{"id":2866,"href":"https:\/\/www.oracaoefe.com\/fr\/wp-json\/wp\/v2\/posts\/2851\/revisions\/2866"}],"wp:featuredmedia":[{"embeddable":true,"href":"https:\/\/www.oracaoefe.com\/fr\/wp-json\/wp\/v2\/media\/2865"}],"wp:attachment":[{"href":"https:\/\/www.oracaoefe.com\/fr\/wp-json\/wp\/v2\/media?parent=2851"}],"wp:term":[{"taxonomy":"category","embeddable":true,"href":"https:\/\/www.oracaoefe.com\/fr\/wp-json\/wp\/v2\/categories?post=2851"},{"taxonomy":"post_tag","embeddable":true,"href":"https:\/\/www.oracaoefe.com\/fr\/wp-json\/wp\/v2\/tags?post=2851"}],"curies":[{"name":"wp","href":"https:\/\/api.w.org\/{rel}","templated":true}]}}