{"id":2849,"date":"2024-06-08T01:00:00","date_gmt":"2024-06-08T04:00:00","guid":{"rendered":"https:\/\/www.oracaoefe.com\/?p=2849"},"modified":"2024-05-30T22:37:46","modified_gmt":"2024-05-31T01:37:46","slug":"empatia-e-fe-por-que-devemos-uni-las","status":"publish","type":"post","link":"https:\/\/www.oracaoefe.com\/fr\/empatia-e-fe-por-que-devemos-uni-las\/","title":{"rendered":"Empatia e f\u00e9: Por que devemos uni-las?"},"content":{"rendered":"<p class=\"wp-block-paragraph\">Num universo marcado por divis\u00f5es e conflitos, a uni\u00e3o entre empatia e f\u00e9 pode ser a chave para criar uma sociedade mais harm\u00f4nica e compassiva. Embora a empatia e a f\u00e9 possam parecer conceitos distintos, elas compartilham uma profunda conex\u00e3o que, quando explorada, pode trazer benef\u00edcios significativos para a vida individual e comunit\u00e1ria.&nbsp;<\/p>\n\n\n\n<h2 class=\"wp-block-heading\">O Que \u00c9 Empatia?<\/h2>\n\n\n\n<p class=\"wp-block-paragraph\">Empatia \u00e9 a capacidade de compreender e partilhar os sentimentos de outra pessoa. \u00c9 mais do que apenas simpatia, que \u00e9 sentir pena de algu\u00e9m; a empatia envolve colocar-se no lugar do outro e experimentar suas emo\u00e7\u00f5es como se fossem suas. Esta habilidade \u00e9 essencial para a constru\u00e7\u00e3o de relacionamentos saud\u00e1veis e para a promo\u00e7\u00e3o de uma comunidade coesa.<\/p>\n\n\n\n<p class=\"wp-block-paragraph\">A empatia pode ser dividida em tr\u00eas tipos principais:<\/p>\n\n\n\n<ul class=\"wp-block-list\">\n<li>Empatia Cognitiva: A capacidade de compreender a perspectiva ou estado mental de outra pessoa.<\/li>\n\n\n\n<li>Empatia Emocional: A capacidade de compartilhar os sentimentos de outra pessoa e responder apropriadamente.<\/li>\n\n\n\n<li>Empatia Compassiva: N\u00e3o s\u00f3 compreende e compartilha os sentimentos dos outros, mas tamb\u00e9m se sente movido a ajudar.<\/li>\n<\/ul>\n\n\n\n<h2 class=\"wp-block-heading\">O Que \u00c9 F\u00e9?<\/h2>\n\n\n\n<p class=\"wp-block-paragraph\">F\u00e9 \u00e9 uma cren\u00e7a profunda e duradoura em algo maior do que n\u00f3s mesmos. Pode se manifestar de v\u00e1rias formas, incluindo a f\u00e9 religiosa, a f\u00e9 em princ\u00edpios ou valores, ou a f\u00e9 na humanidade. A f\u00e9 nos fornece um senso de prop\u00f3sito, dire\u00e7\u00e3o e esperan\u00e7a, especialmente em tempos de adversidade.<\/p>\n\n\n\n<p class=\"wp-block-paragraph\">A f\u00e9 religiosa, por exemplo, muitas vezes oferece uma estrutura para entender o mundo e nosso lugar nele, fornecendo uma base para a moralidade e a \u00e9tica. A f\u00e9 em princ\u00edpios ou valores, como a justi\u00e7a, a igualdade ou a liberdade, pode guiar nossas a\u00e7\u00f5es e decis\u00f5es, motivando-nos a trabalhar por um mundo melhor.<\/p>\n\n\n\n<h2 class=\"wp-block-heading\">A Conex\u00e3o Entre Empatia e F\u00e9<\/h2>\n\n\n\n<figure class=\"wp-block-image size-full\"><img loading=\"lazy\" decoding=\"async\" width=\"960\" height=\"640\" src=\"https:\/\/www.oracaoefe.com\/wp-content\/uploads\/2024\/05\/image-12.png\" alt=\"\" class=\"wp-image-2863\" srcset=\"https:\/\/www.oracaoefe.com\/wp-content\/uploads\/2024\/05\/image-12.png 960w, https:\/\/www.oracaoefe.com\/wp-content\/uploads\/2024\/05\/image-12-300x200.png 300w, https:\/\/www.oracaoefe.com\/wp-content\/uploads\/2024\/05\/image-12-768x512.png 768w, https:\/\/www.oracaoefe.com\/wp-content\/uploads\/2024\/05\/image-12-18x12.png 18w\" sizes=\"auto, (max-width: 960px) 100vw, 960px\" \/><\/figure>\n\n\n\n<h3 class=\"wp-block-heading\">Valores Comuns<\/h3>\n\n\n\n<p class=\"wp-block-paragraph\">Empatia e f\u00e9 frequentemente compartilham valores comuns, como amor, compaix\u00e3o, respeito e justi\u00e7a. Muitas tradi\u00e7\u00f5es religiosas e espirituais incentivam os crentes a tratar os outros com bondade e a estender a m\u00e3o para ajudar os necessitados. Por exemplo, o Cristianismo ensina o mandamento de &#8220;amar ao pr\u00f3ximo como a si mesmo&#8221;, enquanto o Budismo enfatiza a import\u00e2ncia da compaix\u00e3o por todos os seres sencientes.<\/p>\n\n\n\n<h3 class=\"wp-block-heading\">Motiva\u00e7\u00e3o para a A\u00e7\u00e3o<\/h3>\n\n\n\n<p class=\"wp-block-paragraph\">A f\u00e9 pode ser uma poderosa motiva\u00e7\u00e3o para praticar a empatia. Acreditar em um prop\u00f3sito maior ou em princ\u00edpios \u00e9ticos elevados pode inspirar as pessoas a agir de maneira altru\u00edsta. A empatia, por outro lado, pode refor\u00e7ar a f\u00e9, mostrando que nossas a\u00e7\u00f5es t\u00eam um impacto positivo real no mundo e nas vidas das pessoas.<\/p>\n\n\n\n<h3 class=\"wp-block-heading\">Resili\u00eancia em Tempos Dif\u00edceis<\/h3>\n\n\n\n<p class=\"wp-block-paragraph\">Tanto a empatia quanto a f\u00e9 podem proporcionar resili\u00eancia em tempos de crise. A empatia permite que nos conectemos com os outros e encontremos apoio emocional, enquanto a f\u00e9 oferece esperan\u00e7a e um senso de prop\u00f3sito. Juntas, elas podem ajudar as pessoas a superar desafios e a encontrar for\u00e7a em meio \u00e0s dificuldades.<\/p>\n\n\n\n<h2 class=\"wp-block-heading\">Por Que Devemos Unir Empatia e F\u00e9?<\/h2>\n\n\n\n<h3 class=\"wp-block-heading\">Promo\u00e7\u00e3o da Paz e da Compreens\u00e3o<\/h3>\n\n\n\n<p class=\"wp-block-paragraph\">Unir empatia e f\u00e9 pode ser uma ferramenta poderosa para a promo\u00e7\u00e3o da paz e da compreens\u00e3o. Quando combinamos a profunda conex\u00e3o emocional da empatia com a orienta\u00e7\u00e3o moral da f\u00e9, estamos mais bem equipados para resolver conflitos de maneira pac\u00edfica e construtiva. A empatia nos permite ver os pontos de vista dos outros e a f\u00e9 nos motiva a buscar solu\u00e7\u00f5es que beneficiem a todos.<\/p>\n\n\n\n<h3 class=\"wp-block-heading\">Constru\u00e7\u00e3o de Comunidades Mais Fortes<\/h3>\n\n\n\n<p class=\"wp-block-paragraph\">Comunidades que valorizam tanto a empatia quanto a f\u00e9 tendem a ser mais coesas e solid\u00e1rias. A empatia cria la\u00e7os entre os membros da comunidade, enquanto a f\u00e9 fornece uma base comum de valores e objetivos. Juntas, elas podem fortalecer o tecido social e promover um senso de pertencimento e prop\u00f3sito compartilhado.<\/p>\n\n\n\n<h3 class=\"wp-block-heading\">Desenvolvimento Pessoal e Espiritual<\/h3>\n\n\n\n<p class=\"wp-block-paragraph\">Para o indiv\u00edduo, unir empatia e f\u00e9 pode promover um crescimento pessoal e espiritual significativo. A pr\u00e1tica da empatia pode aprofundar a compreens\u00e3o e a experi\u00eancia da f\u00e9, enquanto a f\u00e9 pode proporcionar a for\u00e7a e a motiva\u00e7\u00e3o necess\u00e1rias para praticar a empatia, mesmo em situa\u00e7\u00f5es desafiadoras. Esta combina\u00e7\u00e3o pode levar a uma vida mais plena e significativa.<\/p>\n\n\n\n<h3 class=\"wp-block-heading\">Resposta \u00e0s Necessidades Sociais<\/h3>\n\n\n\n<p class=\"wp-block-paragraph\">Muitas das quest\u00f5es sociais que enfrentamos hoje, como a desigualdade, a injusti\u00e7a e a discrimina\u00e7\u00e3o, podem ser melhor abordadas quando unimos empatia e f\u00e9. A empatia nos sensibiliza para o sofrimento dos outros e a f\u00e9 nos incita a agir em prol da justi\u00e7a e da dignidade humana. Juntas, elas podem inspirar a\u00e7\u00f5es concretas e eficazes para resolver esses problemas.<\/p>\n\n\n\n<h2 class=\"wp-block-heading\">Como Praticar a Uni\u00e3o de Empatia e F\u00e9<\/h2>\n\n\n\n<h3 class=\"wp-block-heading\">Educa\u00e7\u00e3o e Reflex\u00e3o<\/h3>\n\n\n\n<p class=\"wp-block-paragraph\">A educa\u00e7\u00e3o sobre as diferentes tradi\u00e7\u00f5es de f\u00e9 e a promo\u00e7\u00e3o da empatia desde cedo podem ajudar a cultivar essa uni\u00e3o. Reflex\u00e3o pessoal e comunit\u00e1ria sobre como esses conceitos podem ser integrados em nossas vidas di\u00e1rias \u00e9 um passo crucial.<\/p>\n\n\n\n<h3 class=\"wp-block-heading\">Pr\u00e1tica Di\u00e1ria<\/h3>\n\n\n\n<p class=\"wp-block-paragraph\">Incorporar pr\u00e1ticas di\u00e1rias que reforcem tanto a empatia quanto a f\u00e9 pode fazer uma grande diferen\u00e7a. Isso pode incluir medita\u00e7\u00e3o, ora\u00e7\u00e3o, atos de bondade, voluntariado e a busca por uma compreens\u00e3o mais profunda dos outros.<\/p>\n\n\n\n<h3 class=\"wp-block-heading\">Di\u00e1logo Inter-religioso<\/h3>\n\n\n\n<p class=\"wp-block-paragraph\">Promover o di\u00e1logo entre diferentes tradi\u00e7\u00f5es religiosas pode fortalecer a uni\u00e3o entre empatia e f\u00e9. Esse di\u00e1logo pode ajudar a construir pontes entre diferentes comunidades e a fomentar um respeito m\u00fatuo e uma compreens\u00e3o mais profunda.<\/p>\n\n\n\n<h3 class=\"wp-block-heading\">Exemplos Positivos<\/h3>\n\n\n\n<p class=\"wp-block-paragraph\">Procurar e se inspirar em exemplos de pessoas e comunidades que vivem essa uni\u00e3o pode ser extremamente motivador. L\u00edderes como Madre Teresa, Mahatma Gandhi e Nelson Mandela demonstraram como a combina\u00e7\u00e3o de empatia e f\u00e9 pode transformar vidas e sociedades.<\/p>\n\n\n\n<h2 class=\"wp-block-heading\">Uni\u00e3o entre empatia e f\u00e9<\/h2>\n\n\n\n<p class=\"wp-block-paragraph\">A uni\u00e3o entre empatia e f\u00e9 n\u00e3o \u00e9 apenas uma ideia inspiradora, mas uma necessidade pr\u00e1tica em nosso mundo cada vez mais dividido. Ao cultivar essas qualidades em nossas vidas e comunidades, podemos promover a paz, a compreens\u00e3o e a justi\u00e7a.&nbsp;<\/p>\n\n\n\n<p class=\"wp-block-paragraph\">Empatia e f\u00e9, quando unidas, t\u00eam o poder de transformar n\u00e3o apenas nossos relacionamentos pessoais, mas tamb\u00e9m a sociedade como um todo. Portanto, \u00e9 essencial que cada um de n\u00f3s trabalhe para integrar essas duas for\u00e7as em nossas vidas di\u00e1rias, construindo um futuro mais compassivo e esperan\u00e7oso.<\/p>\n\n\n\n<p class=\"wp-block-paragraph\"><strong>Voir aussi\u00a0: <a href=\"https:\/\/www.oracaoefe.com\/fr\/oracao-para-deus-abrir-as-portas-financeiras-veja-as-preces\/\">Ora\u00e7\u00e3o para Deus abrir as portas financeiras; veja as preces<\/a><\/strong><\/p>\n\n\n\n<p class=\"wp-block-paragraph\">8 de junho de 2024<\/p>","protected":false},"excerpt":{"rendered":"<p>Num universo marcado por divis\u00f5es e conflitos, a uni\u00e3o entre empatia e f\u00e9 pode ser a chave para criar uma sociedade mais harm\u00f4nica e compassiva. Embora a empatia e a f\u00e9 possam parecer conceitos distintos, elas compartilham uma profunda conex\u00e3o que, quando explorada, pode trazer benef\u00edcios significativos para a vida individual e comunit\u00e1ria.&nbsp; O Que&hellip;&nbsp;<\/p>","protected":false},"author":3,"featured_media":2863,"comment_status":"closed","ping_status":"closed","sticky":false,"template":"","format":"standard","meta":{"neve_meta_sidebar":"","neve_meta_container":"","neve_meta_enable_content_width":"","neve_meta_content_width":0,"neve_meta_title_alignment":"","neve_meta_author_avatar":"","neve_post_elements_order":"","neve_meta_disable_header":"","neve_meta_disable_footer":"","neve_meta_disable_title":"","footnotes":""},"categories":[3],"tags":[],"class_list":["post-2849","post","type-post","status-publish","format-standard","has-post-thumbnail","hentry","category-fe"],"yoast_head":"<!-- This site is optimized with the Yoast SEO plugin v28.4 - https:\/\/yoast.com\/product\/yoast-seo-wordpress\/ -->\n<title>Empatia e f\u00e9: Por que devemos uni-las? - Ora\u00e7\u00e3o e F\u00e9<\/title>\n<meta name=\"description\" content=\"Deus tem pra voc\u00ea uma palavra de vida!\" \/>\n<meta name=\"robots\" content=\"index, follow, max-snippet:-1, max-image-preview:large, max-video-preview:-1\" \/>\n<link rel=\"canonical\" href=\"https:\/\/www.oracaoefe.com\/fr\/empatia-e-fe-por-que-devemos-uni-las\/\" \/>\n<meta property=\"og:locale\" content=\"fr_FR\" \/>\n<meta property=\"og:type\" content=\"article\" \/>\n<meta property=\"og:title\" content=\"Empatia e f\u00e9: Por que devemos uni-las? - Ora\u00e7\u00e3o e F\u00e9\" \/>\n<meta property=\"og:description\" content=\"Deus tem pra voc\u00ea uma palavra de vida!\" \/>\n<meta property=\"og:url\" content=\"https:\/\/www.oracaoefe.com\/fr\/empatia-e-fe-por-que-devemos-uni-las\/\" \/>\n<meta property=\"og:site_name\" content=\"Ora\u00e7\u00e3o e F\u00e9\" \/>\n<meta property=\"article:published_time\" content=\"2024-06-08T04:00:00+00:00\" \/>\n<meta property=\"og:image\" content=\"https:\/\/www.oracaoefe.com\/wp-content\/uploads\/2024\/05\/image-12.png\" \/>\n\t<meta property=\"og:image:width\" content=\"960\" \/>\n\t<meta property=\"og:image:height\" content=\"640\" \/>\n\t<meta property=\"og:image:type\" content=\"image\/png\" \/>\n<meta name=\"author\" content=\"Michele Azevedo\" \/>\n<meta name=\"twitter:card\" content=\"summary_large_image\" \/>\n<meta name=\"twitter:label1\" content=\"\u00c9crit par\" \/>\n\t<meta name=\"twitter:data1\" content=\"Michele Azevedo\" \/>\n\t<meta name=\"twitter:label2\" content=\"Dur\u00e9e de lecture estim\u00e9e\" \/>\n\t<meta name=\"twitter:data2\" content=\"6 minutes\" \/>\n<script type=\"application\/ld+json\" class=\"yoast-schema-graph\">{\"@context\":\"https:\\\/\\\/schema.org\",\"@graph\":[{\"@type\":\"Article\",\"@id\":\"https:\\\/\\\/www.oracaoefe.com\\\/empatia-e-fe-por-que-devemos-uni-las\\\/#article\",\"isPartOf\":{\"@id\":\"https:\\\/\\\/www.oracaoefe.com\\\/empatia-e-fe-por-que-devemos-uni-las\\\/\"},\"author\":{\"name\":\"Michele Azevedo\",\"@id\":\"https:\\\/\\\/www.oracaoefe.com\\\/#\\\/schema\\\/person\\\/17283c669442cf005c4d5bb58adfb7f5\"},\"headline\":\"Empatia e f\u00e9: Por que devemos uni-las?\",\"datePublished\":\"2024-06-08T04:00:00+00:00\",\"mainEntityOfPage\":{\"@id\":\"https:\\\/\\\/www.oracaoefe.com\\\/empatia-e-fe-por-que-devemos-uni-las\\\/\"},\"wordCount\":1122,\"image\":{\"@id\":\"https:\\\/\\\/www.oracaoefe.com\\\/empatia-e-fe-por-que-devemos-uni-las\\\/#primaryimage\"},\"thumbnailUrl\":\"https:\\\/\\\/www.oracaoefe.com\\\/wp-content\\\/uploads\\\/2024\\\/05\\\/image-12.png\",\"articleSection\":[\"F\u00e9\"],\"inLanguage\":\"fr-FR\"},{\"@type\":\"WebPage\",\"@id\":\"https:\\\/\\\/www.oracaoefe.com\\\/empatia-e-fe-por-que-devemos-uni-las\\\/\",\"url\":\"https:\\\/\\\/www.oracaoefe.com\\\/empatia-e-fe-por-que-devemos-uni-las\\\/\",\"name\":\"Empatia e f\u00e9: Por que devemos uni-las? - Ora\u00e7\u00e3o e F\u00e9\",\"isPartOf\":{\"@id\":\"https:\\\/\\\/www.oracaoefe.com\\\/#website\"},\"primaryImageOfPage\":{\"@id\":\"https:\\\/\\\/www.oracaoefe.com\\\/empatia-e-fe-por-que-devemos-uni-las\\\/#primaryimage\"},\"image\":{\"@id\":\"https:\\\/\\\/www.oracaoefe.com\\\/empatia-e-fe-por-que-devemos-uni-las\\\/#primaryimage\"},\"thumbnailUrl\":\"https:\\\/\\\/www.oracaoefe.com\\\/wp-content\\\/uploads\\\/2024\\\/05\\\/image-12.png\",\"datePublished\":\"2024-06-08T04:00:00+00:00\",\"author\":{\"@id\":\"https:\\\/\\\/www.oracaoefe.com\\\/#\\\/schema\\\/person\\\/17283c669442cf005c4d5bb58adfb7f5\"},\"description\":\"Deus tem pra voc\u00ea uma palavra de vida!\",\"breadcrumb\":{\"@id\":\"https:\\\/\\\/www.oracaoefe.com\\\/empatia-e-fe-por-que-devemos-uni-las\\\/#breadcrumb\"},\"inLanguage\":\"fr-FR\",\"potentialAction\":[{\"@type\":\"ReadAction\",\"target\":[\"https:\\\/\\\/www.oracaoefe.com\\\/empatia-e-fe-por-que-devemos-uni-las\\\/\"]}]},{\"@type\":\"ImageObject\",\"inLanguage\":\"fr-FR\",\"@id\":\"https:\\\/\\\/www.oracaoefe.com\\\/empatia-e-fe-por-que-devemos-uni-las\\\/#primaryimage\",\"url\":\"https:\\\/\\\/www.oracaoefe.com\\\/wp-content\\\/uploads\\\/2024\\\/05\\\/image-12.png\",\"contentUrl\":\"https:\\\/\\\/www.oracaoefe.com\\\/wp-content\\\/uploads\\\/2024\\\/05\\\/image-12.png\",\"width\":960,\"height\":640},{\"@type\":\"BreadcrumbList\",\"@id\":\"https:\\\/\\\/www.oracaoefe.com\\\/empatia-e-fe-por-que-devemos-uni-las\\\/#breadcrumb\",\"itemListElement\":[{\"@type\":\"ListItem\",\"position\":1,\"name\":\"Home\",\"item\":\"https:\\\/\\\/www.oracaoefe.com\\\/\"},{\"@type\":\"ListItem\",\"position\":2,\"name\":\"F\u00e9\",\"item\":\"https:\\\/\\\/www.oracaoefe.com\\\/es\\\/categoria\\\/fe\\\/\"},{\"@type\":\"ListItem\",\"position\":3,\"name\":\"Empatia e f\u00e9: Por que devemos uni-las?\"}]},{\"@type\":\"WebSite\",\"@id\":\"https:\\\/\\\/www.oracaoefe.com\\\/#website\",\"url\":\"https:\\\/\\\/www.oracaoefe.com\\\/\",\"name\":\"Ora\u00e7\u00e3o e F\u00e9\",\"description\":\"\",\"potentialAction\":[{\"@type\":\"SearchAction\",\"target\":{\"@type\":\"EntryPoint\",\"urlTemplate\":\"https:\\\/\\\/www.oracaoefe.com\\\/?s={search_term_string}\"},\"query-input\":{\"@type\":\"PropertyValueSpecification\",\"valueRequired\":true,\"valueName\":\"search_term_string\"}}],\"inLanguage\":\"fr-FR\"},{\"@type\":\"Person\",\"@id\":\"https:\\\/\\\/www.oracaoefe.com\\\/#\\\/schema\\\/person\\\/17283c669442cf005c4d5bb58adfb7f5\",\"name\":\"Michele Azevedo\",\"image\":{\"@type\":\"ImageObject\",\"inLanguage\":\"fr-FR\",\"@id\":\"https:\\\/\\\/secure.gravatar.com\\\/avatar\\\/6b0eb9d22841282815e2cd856a0061c45e1761cd54b22e952d98c4746939aa85?s=96&d=mm&r=g\",\"url\":\"https:\\\/\\\/secure.gravatar.com\\\/avatar\\\/6b0eb9d22841282815e2cd856a0061c45e1761cd54b22e952d98c4746939aa85?s=96&d=mm&r=g\",\"contentUrl\":\"https:\\\/\\\/secure.gravatar.com\\\/avatar\\\/6b0eb9d22841282815e2cd856a0061c45e1761cd54b22e952d98c4746939aa85?s=96&d=mm&r=g\",\"caption\":\"Michele Azevedo\"},\"description\":\"Formada em Letras - Portugu\u00eas\\\/ Ingl\u00eas pela Universidade Estadual de Ponta Grossa (UEPG), p\u00f3s-graduada em Arte na Educa\u00e7\u00e3o (FAPI) e Psicopedagogia Escolar (FAPI), idealizadora e propriet\u00e1ria do site Escritora de Sucesso, possui experi\u00eancia em escrita para blogs em geral e atua como redatora e revisora dos conte\u00fados do Ora\u00e7\u00e3o e F\u00e9.\",\"url\":\"https:\\\/\\\/www.oracaoefe.com\\\/fr\\\/author\\\/michele-azevedo\\\/\"}]}<\/script>\n<!-- \/ Yoast SEO plugin. -->","yoast_head_json":{"title":"Empatia e f\u00e9: Por que devemos uni-las? - Ora\u00e7\u00e3o e F\u00e9","description":"Dieu a une parole de vie pour vous !","robots":{"index":"index","follow":"follow","max-snippet":"max-snippet:-1","max-image-preview":"max-image-preview:large","max-video-preview":"max-video-preview:-1"},"canonical":"https:\/\/www.oracaoefe.com\/fr\/empatia-e-fe-por-que-devemos-uni-las\/","og_locale":"fr_FR","og_type":"article","og_title":"Empatia e f\u00e9: Por que devemos uni-las? - Ora\u00e7\u00e3o e F\u00e9","og_description":"Deus tem pra voc\u00ea uma palavra de vida!","og_url":"https:\/\/www.oracaoefe.com\/fr\/empatia-e-fe-por-que-devemos-uni-las\/","og_site_name":"Ora\u00e7\u00e3o e F\u00e9","article_published_time":"2024-06-08T04:00:00+00:00","og_image":[{"width":960,"height":640,"url":"https:\/\/www.oracaoefe.com\/wp-content\/uploads\/2024\/05\/image-12.png","type":"image\/png"}],"author":"Michele Azevedo","twitter_card":"summary_large_image","twitter_misc":{"\u00c9crit par":"Michele Azevedo","Dur\u00e9e de lecture estim\u00e9e":"6 minutes"},"schema":{"@context":"https:\/\/schema.org","@graph":[{"@type":"Article","@id":"https:\/\/www.oracaoefe.com\/empatia-e-fe-por-que-devemos-uni-las\/#article","isPartOf":{"@id":"https:\/\/www.oracaoefe.com\/empatia-e-fe-por-que-devemos-uni-las\/"},"author":{"name":"Michele Azevedo","@id":"https:\/\/www.oracaoefe.com\/#\/schema\/person\/17283c669442cf005c4d5bb58adfb7f5"},"headline":"Empatia e f\u00e9: Por que devemos uni-las?","datePublished":"2024-06-08T04:00:00+00:00","mainEntityOfPage":{"@id":"https:\/\/www.oracaoefe.com\/empatia-e-fe-por-que-devemos-uni-las\/"},"wordCount":1122,"image":{"@id":"https:\/\/www.oracaoefe.com\/empatia-e-fe-por-que-devemos-uni-las\/#primaryimage"},"thumbnailUrl":"https:\/\/www.oracaoefe.com\/wp-content\/uploads\/2024\/05\/image-12.png","articleSection":["F\u00e9"],"inLanguage":"fr-FR"},{"@type":"WebPage","@id":"https:\/\/www.oracaoefe.com\/empatia-e-fe-por-que-devemos-uni-las\/","url":"https:\/\/www.oracaoefe.com\/empatia-e-fe-por-que-devemos-uni-las\/","name":"Empatia e f\u00e9: Por que devemos uni-las? - Ora\u00e7\u00e3o e F\u00e9","isPartOf":{"@id":"https:\/\/www.oracaoefe.com\/#website"},"primaryImageOfPage":{"@id":"https:\/\/www.oracaoefe.com\/empatia-e-fe-por-que-devemos-uni-las\/#primaryimage"},"image":{"@id":"https:\/\/www.oracaoefe.com\/empatia-e-fe-por-que-devemos-uni-las\/#primaryimage"},"thumbnailUrl":"https:\/\/www.oracaoefe.com\/wp-content\/uploads\/2024\/05\/image-12.png","datePublished":"2024-06-08T04:00:00+00:00","author":{"@id":"https:\/\/www.oracaoefe.com\/#\/schema\/person\/17283c669442cf005c4d5bb58adfb7f5"},"description":"Dieu a une parole de vie pour vous !","breadcrumb":{"@id":"https:\/\/www.oracaoefe.com\/empatia-e-fe-por-que-devemos-uni-las\/#breadcrumb"},"inLanguage":"fr-FR","potentialAction":[{"@type":"ReadAction","target":["https:\/\/www.oracaoefe.com\/empatia-e-fe-por-que-devemos-uni-las\/"]}]},{"@type":"ImageObject","inLanguage":"fr-FR","@id":"https:\/\/www.oracaoefe.com\/empatia-e-fe-por-que-devemos-uni-las\/#primaryimage","url":"https:\/\/www.oracaoefe.com\/wp-content\/uploads\/2024\/05\/image-12.png","contentUrl":"https:\/\/www.oracaoefe.com\/wp-content\/uploads\/2024\/05\/image-12.png","width":960,"height":640},{"@type":"BreadcrumbList","@id":"https:\/\/www.oracaoefe.com\/empatia-e-fe-por-que-devemos-uni-las\/#breadcrumb","itemListElement":[{"@type":"ListItem","position":1,"name":"Home","item":"https:\/\/www.oracaoefe.com\/"},{"@type":"ListItem","position":2,"name":"F\u00e9","item":"https:\/\/www.oracaoefe.com\/es\/categoria\/fe\/"},{"@type":"ListItem","position":3,"name":"Empatia e f\u00e9: Por que devemos uni-las?"}]},{"@type":"WebSite","@id":"https:\/\/www.oracaoefe.com\/#website","url":"https:\/\/www.oracaoefe.com\/","name":"Pri\u00e8re et foi","description":"","potentialAction":[{"@type":"SearchAction","target":{"@type":"EntryPoint","urlTemplate":"https:\/\/www.oracaoefe.com\/?s={search_term_string}"},"query-input":{"@type":"PropertyValueSpecification","valueRequired":true,"valueName":"search_term_string"}}],"inLanguage":"fr-FR"},{"@type":"Person","@id":"https:\/\/www.oracaoefe.com\/#\/schema\/person\/17283c669442cf005c4d5bb58adfb7f5","name":"Michele Azevedo","image":{"@type":"ImageObject","inLanguage":"fr-FR","@id":"https:\/\/secure.gravatar.com\/avatar\/6b0eb9d22841282815e2cd856a0061c45e1761cd54b22e952d98c4746939aa85?s=96&d=mm&r=g","url":"https:\/\/secure.gravatar.com\/avatar\/6b0eb9d22841282815e2cd856a0061c45e1761cd54b22e952d98c4746939aa85?s=96&d=mm&r=g","contentUrl":"https:\/\/secure.gravatar.com\/avatar\/6b0eb9d22841282815e2cd856a0061c45e1761cd54b22e952d98c4746939aa85?s=96&d=mm&r=g","caption":"Michele Azevedo"},"description":"Dipl\u00f4m\u00e9e en litt\u00e9rature portugaise\/anglaise de l&#039;Universit\u00e9 d&#039;\u00c9tat de Ponta Grossa (UEPG), avec des dipl\u00f4mes de troisi\u00e8me cycle en art dans l&#039;\u00e9ducation (FAPI) et en psychop\u00e9dagogie scolaire (FAPI), elle est la cr\u00e9atrice et propri\u00e9taire du site web Escritora de Sucesso, a de l&#039;exp\u00e9rience dans l&#039;\u00e9criture pour les blogs en g\u00e9n\u00e9ral et travaille comme r\u00e9dactrice et \u00e9ditrice du contenu pour Ora\u00e7\u00e3o e F\u00e9.","url":"https:\/\/www.oracaoefe.com\/fr\/author\/michele-azevedo\/"}]}},"_links":{"self":[{"href":"https:\/\/www.oracaoefe.com\/fr\/wp-json\/wp\/v2\/posts\/2849","targetHints":{"allow":["GET"]}}],"collection":[{"href":"https:\/\/www.oracaoefe.com\/fr\/wp-json\/wp\/v2\/posts"}],"about":[{"href":"https:\/\/www.oracaoefe.com\/fr\/wp-json\/wp\/v2\/types\/post"}],"author":[{"embeddable":true,"href":"https:\/\/www.oracaoefe.com\/fr\/wp-json\/wp\/v2\/users\/3"}],"replies":[{"embeddable":true,"href":"https:\/\/www.oracaoefe.com\/fr\/wp-json\/wp\/v2\/comments?post=2849"}],"version-history":[{"count":2,"href":"https:\/\/www.oracaoefe.com\/fr\/wp-json\/wp\/v2\/posts\/2849\/revisions"}],"predecessor-version":[{"id":2864,"href":"https:\/\/www.oracaoefe.com\/fr\/wp-json\/wp\/v2\/posts\/2849\/revisions\/2864"}],"wp:featuredmedia":[{"embeddable":true,"href":"https:\/\/www.oracaoefe.com\/fr\/wp-json\/wp\/v2\/media\/2863"}],"wp:attachment":[{"href":"https:\/\/www.oracaoefe.com\/fr\/wp-json\/wp\/v2\/media?parent=2849"}],"wp:term":[{"taxonomy":"category","embeddable":true,"href":"https:\/\/www.oracaoefe.com\/fr\/wp-json\/wp\/v2\/categories?post=2849"},{"taxonomy":"post_tag","embeddable":true,"href":"https:\/\/www.oracaoefe.com\/fr\/wp-json\/wp\/v2\/tags?post=2849"}],"curies":[{"name":"wp","href":"https:\/\/api.w.org\/{rel}","templated":true}]}}