{"id":2845,"date":"2024-06-02T01:00:00","date_gmt":"2024-06-02T04:00:00","guid":{"rendered":"https:\/\/www.oracaoefe.com\/?p=2845"},"modified":"2025-06-15T15:15:30","modified_gmt":"2025-06-15T18:15:30","slug":"egocentrismo-entenda-quando-ele-pode-sabotar-sua-fe","status":"publish","type":"post","link":"https:\/\/www.oracaoefe.com\/fr\/egocentrismo-entenda-quando-ele-pode-sabotar-sua-fe\/","title":{"rendered":"Egocentrismo: Entenda quando ele pode sabotar sua f\u00e9"},"content":{"rendered":"<p class=\"wp-block-paragraph\">Egocentrismo \u00e9 um termo que muitas vezes carrega uma conota\u00e7\u00e3o negativa, associado \u00e0 arrog\u00e2ncia e \u00e0 falta de considera\u00e7\u00e3o pelos outros. No entanto, sua influ\u00eancia pode ser ainda mais profunda quando se trata de quest\u00f5es de f\u00e9 e espiritualidade.&nbsp;<\/p>\n\n\n\n<h2 class=\"wp-block-heading\">O que \u00e9 egocentrismo?<\/h2>\n\n\n\n<p class=\"wp-block-paragraph\">Para come\u00e7ar, \u00e9 importante definir o que significa egocentrismo. O termo refere-se \u00e0 tend\u00eancia de ver o mundo exclusivamente a partir de nossa pr\u00f3pria perspectiva, colocando nossos interesses, necessidades e desejos acima de tudo. Isso pode se manifestar de diversas formas, desde a incapacidade de considerar os sentimentos dos outros at\u00e9 a obsess\u00e3o pelo pr\u00f3prio sucesso e reconhecimento.<\/p>\n\n\n\n<h2 class=\"wp-block-heading\">Egocentrismo e espiritualidade<\/h2>\n\n\n\n<p class=\"wp-block-paragraph\">Quando aplicado \u00e0 espiritualidade, o egocentrismo pode ser especialmente prejudicial. Isso ocorre porque a f\u00e9 muitas vezes requer uma disposi\u00e7\u00e3o para transcender o eu e se conectar com algo maior do que n\u00f3s mesmos, seja Deus, o universo ou uma for\u00e7a espiritual mais ampla. Quando estamos presos em nossa pr\u00f3pria perspectiva egoc\u00eantrica, essa conex\u00e3o se torna dif\u00edcil, se n\u00e3o imposs\u00edvel.<\/p>\n\n\n\n<h3 class=\"wp-block-heading\">1. Narcisismo espiritual<\/h3>\n\n\n\n<p class=\"wp-block-paragraph\">Uma forma comum de egocentrismo na espiritualidade \u00e9 o que alguns chamam de &#8220;narcisismo espiritual&#8221;. Isso ocorre quando usamos nossa f\u00e9 como uma ferramenta para alimentar nosso ego, em vez de buscarmos uma verdadeira transforma\u00e7\u00e3o interior. Podemos nos tornar obcecados com a ideia de sermos especiais ou superiores espiritualmente, em vez de cultivarmos humildade e compaix\u00e3o.<\/p>\n\n\n\n<h3 class=\"wp-block-heading\">2. Julgamento e intoler\u00e2ncia<\/h3>\n\n\n\n<p class=\"wp-block-paragraph\">O egocentrismo tamb\u00e9m pode se manifestar em formas mais sutis, como o julgamento e a intoler\u00e2ncia em rela\u00e7\u00e3o \u00e0s cren\u00e7as dos outros. Quando estamos t\u00e3o presos \u00e0 nossa pr\u00f3pria vis\u00e3o de mundo, tornamo-nos menos receptivos \u00e0s perspectivas e experi\u00eancias dos outros. Isso pode levar a atitudes de superioridade moral e \u00e0 recusa em aceitar a diversidade de caminhos espirituais que existem.<\/p>\n\n\n\n<figure class=\"wp-block-image size-large\"><img loading=\"lazy\" decoding=\"async\" width=\"1024\" height=\"576\" src=\"https:\/\/www.oracaoefe.com\/wp-content\/uploads\/2024\/05\/image-10-1024x576.png\" alt=\"\" class=\"wp-image-2859\" srcset=\"https:\/\/www.oracaoefe.com\/wp-content\/uploads\/2024\/05\/image-10-1024x576.png 1024w, https:\/\/www.oracaoefe.com\/wp-content\/uploads\/2024\/05\/image-10-300x169.png 300w, https:\/\/www.oracaoefe.com\/wp-content\/uploads\/2024\/05\/image-10-768x432.png 768w, https:\/\/www.oracaoefe.com\/wp-content\/uploads\/2024\/05\/image-10-18x10.png 18w, https:\/\/www.oracaoefe.com\/wp-content\/uploads\/2024\/05\/image-10-383x215.png 383w, https:\/\/www.oracaoefe.com\/wp-content\/uploads\/2024\/05\/image-10.png 1280w\" sizes=\"auto, (max-width: 1024px) 100vw, 1024px\" \/><\/figure>\n\n\n\n<h3 class=\"wp-block-heading\">3. Falta de gratid\u00e3o<\/h3>\n\n\n\n<p class=\"wp-block-paragraph\">Outra maneira pela qual o egocentrismo pode minar nossa f\u00e9 \u00e9 atrav\u00e9s da falta de gratid\u00e3o. Quando estamos constantemente focados em nossas pr\u00f3prias necessidades e desejos, podemos negligenciar os muitos presentes e b\u00ean\u00e7\u00e3os que j\u00e1 temos em nossas vidas. A gratid\u00e3o \u00e9 uma parte essencial da pr\u00e1tica espiritual, pois nos ajuda a reconhecer a presen\u00e7a do divino em nossas vidas e a cultivar uma atitude de contentamento.<\/p>\n\n\n\n<h2 class=\"wp-block-heading\">Como superar o egocentrismo<\/h2>\n\n\n\n<p class=\"wp-block-paragraph\">Ent\u00e3o, como podemos superar o egocentrismo e cultivar uma f\u00e9 mais aut\u00eantica e significativa? Veja algumas sugest\u00f5es:<\/p>\n\n\n\n<h3 class=\"wp-block-heading\">1. Pr\u00e1tica da humildade<\/h3>\n\n\n\n<p class=\"wp-block-paragraph\">A humildade \u00e9 essencial para superar o egocentrismo. Isso envolve reconhecer nossa pr\u00f3pria limita\u00e7\u00e3o e imperfei\u00e7\u00e3o, e estar aberto ao aprendizado e crescimento. Cultivar a humildade pode nos ajudar a nos conectarmos mais profundamente com o divino, pois nos permite liberar a necessidade de controle e nos rendermos \u00e0 vontade maior.<\/p>\n\n\n\n<h3 class=\"wp-block-heading\">2. Empatia e compaix\u00e3o<\/h3>\n\n\n\n<p class=\"wp-block-paragraph\">Desenvolver empatia e compaix\u00e3o pelos outros \u00e9 outra maneira poderosa de combater o egocentrismo. Isso envolve se colocar no lugar dos outros e tentar entender suas perspectivas e experi\u00eancias. Ao cultivarmos a compaix\u00e3o, podemos abrir nossos cora\u00e7\u00f5es para a diversidade de caminhos espirituais que existem e nos conectar mais profundamente com o divino presente em todas as pessoas.<\/p>\n\n\n\n<h3 class=\"wp-block-heading\">3. Pr\u00e1tica da gratid\u00e3o<\/h3>\n\n\n\n<p class=\"wp-block-paragraph\">A gratid\u00e3o \u00e9 uma pr\u00e1tica simples, mas profundamente transformadora. Tira o foco de nossos pr\u00f3prios desejos e nos ajuda a reconhecer as muitas b\u00ean\u00e7\u00e3os que j\u00e1 temos em nossas vidas. Ao cultivarmos a gratid\u00e3o, podemos desenvolver uma atitude de contentamento e aceita\u00e7\u00e3o, que s\u00e3o fundamentais para uma f\u00e9 aut\u00eantica e significativa.<\/p>\n\n\n\n<h2 class=\"wp-block-heading\">Uma for\u00e7a poderosa<\/h2>\n\n\n\n<p class=\"wp-block-paragraph\">O egocentrismo pode ser uma for\u00e7a poderosa que mina nossa f\u00e9 e nos impede de nos conectarmos verdadeiramente com o divino. No entanto, ao reconhecermos essa tend\u00eancia em n\u00f3s mesmos e praticarmos a humildade, a empatia e a gratid\u00e3o, podemos super\u00e1-la e cultivar uma f\u00e9 mais aut\u00eantica e significativa. Que possamos todos aprender a transcender nosso eu egoc\u00eantrico e nos abrir para a maravilha e a beleza do divino em todas as coisas.<\/p>\n\n\n\n<p class=\"wp-block-paragraph\"><strong>Voir aussi\u00a0: <a href=\"https:\/\/www.oracaoefe.com\/fr\/oracao-para-deus-abrir-as-portas-financeiras-veja-as-preces\/\">Ora\u00e7\u00e3o para Deus abrir as portas financeiras; veja as preces<\/a><\/strong><\/p>\n\n\n\n<p class=\"wp-block-paragraph\">2 de junho de 2024<\/p>","protected":false},"excerpt":{"rendered":"<p>Egocentrismo \u00e9 um termo que muitas vezes carrega uma conota\u00e7\u00e3o negativa, associado \u00e0 arrog\u00e2ncia e \u00e0 falta de considera\u00e7\u00e3o pelos outros. No entanto, sua influ\u00eancia pode ser ainda mais profunda quando se trata de quest\u00f5es de f\u00e9 e espiritualidade.&nbsp; O que \u00e9 egocentrismo? Para come\u00e7ar, \u00e9 importante definir o que significa egocentrismo. O termo refere-se&hellip;&nbsp;<\/p>","protected":false},"author":3,"featured_media":2859,"comment_status":"closed","ping_status":"closed","sticky":false,"template":"","format":"standard","meta":{"neve_meta_sidebar":"","neve_meta_container":"","neve_meta_enable_content_width":"","neve_meta_content_width":0,"neve_meta_title_alignment":"","neve_meta_author_avatar":"","neve_post_elements_order":"","neve_meta_disable_header":"","neve_meta_disable_footer":"","neve_meta_disable_title":"","footnotes":""},"categories":[3],"tags":[],"class_list":["post-2845","post","type-post","status-publish","format-standard","has-post-thumbnail","hentry","category-fe"],"yoast_head":"<!-- This site is optimized with the Yoast SEO plugin v28.4 - https:\/\/yoast.com\/product\/yoast-seo-wordpress\/ -->\n<title>Egocentrismo: Entenda quando ele pode sabotar sua f\u00e9 - Ora\u00e7\u00e3o e F\u00e9<\/title>\n<meta name=\"description\" content=\"Deus tem pra voc\u00ea uma palavra de vida!\" \/>\n<meta name=\"robots\" content=\"index, follow, max-snippet:-1, max-image-preview:large, max-video-preview:-1\" \/>\n<link rel=\"canonical\" href=\"https:\/\/www.oracaoefe.com\/fr\/egocentrismo-entenda-quando-ele-pode-sabotar-sua-fe\/\" \/>\n<meta property=\"og:locale\" content=\"fr_FR\" \/>\n<meta property=\"og:type\" content=\"article\" \/>\n<meta property=\"og:title\" content=\"Egocentrismo: Entenda quando ele pode sabotar sua f\u00e9 - Ora\u00e7\u00e3o e F\u00e9\" \/>\n<meta property=\"og:description\" content=\"Deus tem pra voc\u00ea uma palavra de vida!\" \/>\n<meta property=\"og:url\" content=\"https:\/\/www.oracaoefe.com\/fr\/egocentrismo-entenda-quando-ele-pode-sabotar-sua-fe\/\" \/>\n<meta property=\"og:site_name\" content=\"Ora\u00e7\u00e3o e F\u00e9\" \/>\n<meta property=\"article:published_time\" content=\"2024-06-02T04:00:00+00:00\" \/>\n<meta property=\"article:modified_time\" content=\"2025-06-15T18:15:30+00:00\" \/>\n<meta property=\"og:image\" content=\"https:\/\/www.oracaoefe.com\/wp-content\/uploads\/2024\/05\/image-10.png\" \/>\n\t<meta property=\"og:image:width\" content=\"1280\" \/>\n\t<meta property=\"og:image:height\" content=\"720\" \/>\n\t<meta property=\"og:image:type\" content=\"image\/png\" \/>\n<meta name=\"author\" content=\"Michele Azevedo\" \/>\n<meta name=\"twitter:card\" content=\"summary_large_image\" \/>\n<meta name=\"twitter:label1\" content=\"\u00c9crit par\" \/>\n\t<meta name=\"twitter:data1\" content=\"Michele Azevedo\" \/>\n\t<meta name=\"twitter:label2\" content=\"Dur\u00e9e de lecture estim\u00e9e\" \/>\n\t<meta name=\"twitter:data2\" content=\"3 minutes\" \/>\n<script type=\"application\/ld+json\" class=\"yoast-schema-graph\">{\"@context\":\"https:\\\/\\\/schema.org\",\"@graph\":[{\"@type\":\"Article\",\"@id\":\"https:\\\/\\\/www.oracaoefe.com\\\/egocentrismo-entenda-quando-ele-pode-sabotar-sua-fe\\\/#article\",\"isPartOf\":{\"@id\":\"https:\\\/\\\/www.oracaoefe.com\\\/egocentrismo-entenda-quando-ele-pode-sabotar-sua-fe\\\/\"},\"author\":{\"name\":\"Michele Azevedo\",\"@id\":\"https:\\\/\\\/www.oracaoefe.com\\\/#\\\/schema\\\/person\\\/17283c669442cf005c4d5bb58adfb7f5\"},\"headline\":\"Egocentrismo: Entenda quando ele pode sabotar sua f\u00e9\",\"datePublished\":\"2024-06-02T04:00:00+00:00\",\"dateModified\":\"2025-06-15T18:15:30+00:00\",\"mainEntityOfPage\":{\"@id\":\"https:\\\/\\\/www.oracaoefe.com\\\/egocentrismo-entenda-quando-ele-pode-sabotar-sua-fe\\\/\"},\"wordCount\":702,\"image\":{\"@id\":\"https:\\\/\\\/www.oracaoefe.com\\\/egocentrismo-entenda-quando-ele-pode-sabotar-sua-fe\\\/#primaryimage\"},\"thumbnailUrl\":\"https:\\\/\\\/www.oracaoefe.com\\\/wp-content\\\/uploads\\\/2024\\\/05\\\/image-10.png\",\"articleSection\":[\"F\u00e9\"],\"inLanguage\":\"fr-FR\"},{\"@type\":\"WebPage\",\"@id\":\"https:\\\/\\\/www.oracaoefe.com\\\/egocentrismo-entenda-quando-ele-pode-sabotar-sua-fe\\\/\",\"url\":\"https:\\\/\\\/www.oracaoefe.com\\\/egocentrismo-entenda-quando-ele-pode-sabotar-sua-fe\\\/\",\"name\":\"Egocentrismo: Entenda quando ele pode sabotar sua f\u00e9 - Ora\u00e7\u00e3o e F\u00e9\",\"isPartOf\":{\"@id\":\"https:\\\/\\\/www.oracaoefe.com\\\/#website\"},\"primaryImageOfPage\":{\"@id\":\"https:\\\/\\\/www.oracaoefe.com\\\/egocentrismo-entenda-quando-ele-pode-sabotar-sua-fe\\\/#primaryimage\"},\"image\":{\"@id\":\"https:\\\/\\\/www.oracaoefe.com\\\/egocentrismo-entenda-quando-ele-pode-sabotar-sua-fe\\\/#primaryimage\"},\"thumbnailUrl\":\"https:\\\/\\\/www.oracaoefe.com\\\/wp-content\\\/uploads\\\/2024\\\/05\\\/image-10.png\",\"datePublished\":\"2024-06-02T04:00:00+00:00\",\"dateModified\":\"2025-06-15T18:15:30+00:00\",\"author\":{\"@id\":\"https:\\\/\\\/www.oracaoefe.com\\\/#\\\/schema\\\/person\\\/17283c669442cf005c4d5bb58adfb7f5\"},\"description\":\"Deus tem pra voc\u00ea uma palavra de vida!\",\"breadcrumb\":{\"@id\":\"https:\\\/\\\/www.oracaoefe.com\\\/egocentrismo-entenda-quando-ele-pode-sabotar-sua-fe\\\/#breadcrumb\"},\"inLanguage\":\"fr-FR\",\"potentialAction\":[{\"@type\":\"ReadAction\",\"target\":[\"https:\\\/\\\/www.oracaoefe.com\\\/egocentrismo-entenda-quando-ele-pode-sabotar-sua-fe\\\/\"]}]},{\"@type\":\"ImageObject\",\"inLanguage\":\"fr-FR\",\"@id\":\"https:\\\/\\\/www.oracaoefe.com\\\/egocentrismo-entenda-quando-ele-pode-sabotar-sua-fe\\\/#primaryimage\",\"url\":\"https:\\\/\\\/www.oracaoefe.com\\\/wp-content\\\/uploads\\\/2024\\\/05\\\/image-10.png\",\"contentUrl\":\"https:\\\/\\\/www.oracaoefe.com\\\/wp-content\\\/uploads\\\/2024\\\/05\\\/image-10.png\",\"width\":1280,\"height\":720},{\"@type\":\"BreadcrumbList\",\"@id\":\"https:\\\/\\\/www.oracaoefe.com\\\/egocentrismo-entenda-quando-ele-pode-sabotar-sua-fe\\\/#breadcrumb\",\"itemListElement\":[{\"@type\":\"ListItem\",\"position\":1,\"name\":\"Home\",\"item\":\"https:\\\/\\\/www.oracaoefe.com\\\/\"},{\"@type\":\"ListItem\",\"position\":2,\"name\":\"Egocentrismo: Entenda quando ele pode sabotar sua f\u00e9\"}]},{\"@type\":\"WebSite\",\"@id\":\"https:\\\/\\\/www.oracaoefe.com\\\/#website\",\"url\":\"https:\\\/\\\/www.oracaoefe.com\\\/\",\"name\":\"Ora\u00e7\u00e3o e F\u00e9\",\"description\":\"\",\"potentialAction\":[{\"@type\":\"SearchAction\",\"target\":{\"@type\":\"EntryPoint\",\"urlTemplate\":\"https:\\\/\\\/www.oracaoefe.com\\\/?s={search_term_string}\"},\"query-input\":{\"@type\":\"PropertyValueSpecification\",\"valueRequired\":true,\"valueName\":\"search_term_string\"}}],\"inLanguage\":\"fr-FR\"},{\"@type\":\"Person\",\"@id\":\"https:\\\/\\\/www.oracaoefe.com\\\/#\\\/schema\\\/person\\\/17283c669442cf005c4d5bb58adfb7f5\",\"name\":\"Michele Azevedo\",\"image\":{\"@type\":\"ImageObject\",\"inLanguage\":\"fr-FR\",\"@id\":\"https:\\\/\\\/secure.gravatar.com\\\/avatar\\\/6b0eb9d22841282815e2cd856a0061c45e1761cd54b22e952d98c4746939aa85?s=96&d=mm&r=g\",\"url\":\"https:\\\/\\\/secure.gravatar.com\\\/avatar\\\/6b0eb9d22841282815e2cd856a0061c45e1761cd54b22e952d98c4746939aa85?s=96&d=mm&r=g\",\"contentUrl\":\"https:\\\/\\\/secure.gravatar.com\\\/avatar\\\/6b0eb9d22841282815e2cd856a0061c45e1761cd54b22e952d98c4746939aa85?s=96&d=mm&r=g\",\"caption\":\"Michele Azevedo\"},\"description\":\"Formada em Letras - Portugu\u00eas\\\/ Ingl\u00eas pela Universidade Estadual de Ponta Grossa (UEPG), p\u00f3s-graduada em Arte na Educa\u00e7\u00e3o (FAPI) e Psicopedagogia Escolar (FAPI), idealizadora e propriet\u00e1ria do site Escritora de Sucesso, possui experi\u00eancia em escrita para blogs em geral e atua como redatora e revisora dos conte\u00fados do Ora\u00e7\u00e3o e F\u00e9.\",\"url\":\"https:\\\/\\\/www.oracaoefe.com\\\/fr\\\/author\\\/michele-azevedo\\\/\"}]}<\/script>\n<!-- \/ Yoast SEO plugin. -->","yoast_head_json":{"title":"Egocentrismo: Entenda quando ele pode sabotar sua f\u00e9 - Ora\u00e7\u00e3o e F\u00e9","description":"Dieu a une parole de vie pour vous !","robots":{"index":"index","follow":"follow","max-snippet":"max-snippet:-1","max-image-preview":"max-image-preview:large","max-video-preview":"max-video-preview:-1"},"canonical":"https:\/\/www.oracaoefe.com\/fr\/egocentrismo-entenda-quando-ele-pode-sabotar-sua-fe\/","og_locale":"fr_FR","og_type":"article","og_title":"Egocentrismo: Entenda quando ele pode sabotar sua f\u00e9 - Ora\u00e7\u00e3o e F\u00e9","og_description":"Deus tem pra voc\u00ea uma palavra de vida!","og_url":"https:\/\/www.oracaoefe.com\/fr\/egocentrismo-entenda-quando-ele-pode-sabotar-sua-fe\/","og_site_name":"Ora\u00e7\u00e3o e F\u00e9","article_published_time":"2024-06-02T04:00:00+00:00","article_modified_time":"2025-06-15T18:15:30+00:00","og_image":[{"width":1280,"height":720,"url":"https:\/\/www.oracaoefe.com\/wp-content\/uploads\/2024\/05\/image-10.png","type":"image\/png"}],"author":"Michele Azevedo","twitter_card":"summary_large_image","twitter_misc":{"\u00c9crit par":"Michele Azevedo","Dur\u00e9e de lecture estim\u00e9e":"3 minutes"},"schema":{"@context":"https:\/\/schema.org","@graph":[{"@type":"Article","@id":"https:\/\/www.oracaoefe.com\/egocentrismo-entenda-quando-ele-pode-sabotar-sua-fe\/#article","isPartOf":{"@id":"https:\/\/www.oracaoefe.com\/egocentrismo-entenda-quando-ele-pode-sabotar-sua-fe\/"},"author":{"name":"Michele Azevedo","@id":"https:\/\/www.oracaoefe.com\/#\/schema\/person\/17283c669442cf005c4d5bb58adfb7f5"},"headline":"Egocentrismo: Entenda quando ele pode sabotar sua f\u00e9","datePublished":"2024-06-02T04:00:00+00:00","dateModified":"2025-06-15T18:15:30+00:00","mainEntityOfPage":{"@id":"https:\/\/www.oracaoefe.com\/egocentrismo-entenda-quando-ele-pode-sabotar-sua-fe\/"},"wordCount":702,"image":{"@id":"https:\/\/www.oracaoefe.com\/egocentrismo-entenda-quando-ele-pode-sabotar-sua-fe\/#primaryimage"},"thumbnailUrl":"https:\/\/www.oracaoefe.com\/wp-content\/uploads\/2024\/05\/image-10.png","articleSection":["F\u00e9"],"inLanguage":"fr-FR"},{"@type":"WebPage","@id":"https:\/\/www.oracaoefe.com\/egocentrismo-entenda-quando-ele-pode-sabotar-sua-fe\/","url":"https:\/\/www.oracaoefe.com\/egocentrismo-entenda-quando-ele-pode-sabotar-sua-fe\/","name":"Egocentrismo: Entenda quando ele pode sabotar sua f\u00e9 - Ora\u00e7\u00e3o e F\u00e9","isPartOf":{"@id":"https:\/\/www.oracaoefe.com\/#website"},"primaryImageOfPage":{"@id":"https:\/\/www.oracaoefe.com\/egocentrismo-entenda-quando-ele-pode-sabotar-sua-fe\/#primaryimage"},"image":{"@id":"https:\/\/www.oracaoefe.com\/egocentrismo-entenda-quando-ele-pode-sabotar-sua-fe\/#primaryimage"},"thumbnailUrl":"https:\/\/www.oracaoefe.com\/wp-content\/uploads\/2024\/05\/image-10.png","datePublished":"2024-06-02T04:00:00+00:00","dateModified":"2025-06-15T18:15:30+00:00","author":{"@id":"https:\/\/www.oracaoefe.com\/#\/schema\/person\/17283c669442cf005c4d5bb58adfb7f5"},"description":"Dieu a une parole de vie pour vous !","breadcrumb":{"@id":"https:\/\/www.oracaoefe.com\/egocentrismo-entenda-quando-ele-pode-sabotar-sua-fe\/#breadcrumb"},"inLanguage":"fr-FR","potentialAction":[{"@type":"ReadAction","target":["https:\/\/www.oracaoefe.com\/egocentrismo-entenda-quando-ele-pode-sabotar-sua-fe\/"]}]},{"@type":"ImageObject","inLanguage":"fr-FR","@id":"https:\/\/www.oracaoefe.com\/egocentrismo-entenda-quando-ele-pode-sabotar-sua-fe\/#primaryimage","url":"https:\/\/www.oracaoefe.com\/wp-content\/uploads\/2024\/05\/image-10.png","contentUrl":"https:\/\/www.oracaoefe.com\/wp-content\/uploads\/2024\/05\/image-10.png","width":1280,"height":720},{"@type":"BreadcrumbList","@id":"https:\/\/www.oracaoefe.com\/egocentrismo-entenda-quando-ele-pode-sabotar-sua-fe\/#breadcrumb","itemListElement":[{"@type":"ListItem","position":1,"name":"Home","item":"https:\/\/www.oracaoefe.com\/"},{"@type":"ListItem","position":2,"name":"Egocentrismo: Entenda quando ele pode sabotar sua f\u00e9"}]},{"@type":"WebSite","@id":"https:\/\/www.oracaoefe.com\/#website","url":"https:\/\/www.oracaoefe.com\/","name":"Pri\u00e8re et foi","description":"","potentialAction":[{"@type":"SearchAction","target":{"@type":"EntryPoint","urlTemplate":"https:\/\/www.oracaoefe.com\/?s={search_term_string}"},"query-input":{"@type":"PropertyValueSpecification","valueRequired":true,"valueName":"search_term_string"}}],"inLanguage":"fr-FR"},{"@type":"Person","@id":"https:\/\/www.oracaoefe.com\/#\/schema\/person\/17283c669442cf005c4d5bb58adfb7f5","name":"Michele Azevedo","image":{"@type":"ImageObject","inLanguage":"fr-FR","@id":"https:\/\/secure.gravatar.com\/avatar\/6b0eb9d22841282815e2cd856a0061c45e1761cd54b22e952d98c4746939aa85?s=96&d=mm&r=g","url":"https:\/\/secure.gravatar.com\/avatar\/6b0eb9d22841282815e2cd856a0061c45e1761cd54b22e952d98c4746939aa85?s=96&d=mm&r=g","contentUrl":"https:\/\/secure.gravatar.com\/avatar\/6b0eb9d22841282815e2cd856a0061c45e1761cd54b22e952d98c4746939aa85?s=96&d=mm&r=g","caption":"Michele Azevedo"},"description":"Dipl\u00f4m\u00e9e en litt\u00e9rature portugaise\/anglaise de l&#039;Universit\u00e9 d&#039;\u00c9tat de Ponta Grossa (UEPG), avec des dipl\u00f4mes de troisi\u00e8me cycle en art dans l&#039;\u00e9ducation (FAPI) et en psychop\u00e9dagogie scolaire (FAPI), elle est la cr\u00e9atrice et propri\u00e9taire du site web Escritora de Sucesso, a de l&#039;exp\u00e9rience dans l&#039;\u00e9criture pour les blogs en g\u00e9n\u00e9ral et travaille comme r\u00e9dactrice et \u00e9ditrice du contenu pour Ora\u00e7\u00e3o e F\u00e9.","url":"https:\/\/www.oracaoefe.com\/fr\/author\/michele-azevedo\/"}]}},"_links":{"self":[{"href":"https:\/\/www.oracaoefe.com\/fr\/wp-json\/wp\/v2\/posts\/2845","targetHints":{"allow":["GET"]}}],"collection":[{"href":"https:\/\/www.oracaoefe.com\/fr\/wp-json\/wp\/v2\/posts"}],"about":[{"href":"https:\/\/www.oracaoefe.com\/fr\/wp-json\/wp\/v2\/types\/post"}],"author":[{"embeddable":true,"href":"https:\/\/www.oracaoefe.com\/fr\/wp-json\/wp\/v2\/users\/3"}],"replies":[{"embeddable":true,"href":"https:\/\/www.oracaoefe.com\/fr\/wp-json\/wp\/v2\/comments?post=2845"}],"version-history":[{"count":2,"href":"https:\/\/www.oracaoefe.com\/fr\/wp-json\/wp\/v2\/posts\/2845\/revisions"}],"predecessor-version":[{"id":2860,"href":"https:\/\/www.oracaoefe.com\/fr\/wp-json\/wp\/v2\/posts\/2845\/revisions\/2860"}],"wp:featuredmedia":[{"embeddable":true,"href":"https:\/\/www.oracaoefe.com\/fr\/wp-json\/wp\/v2\/media\/2859"}],"wp:attachment":[{"href":"https:\/\/www.oracaoefe.com\/fr\/wp-json\/wp\/v2\/media?parent=2845"}],"wp:term":[{"taxonomy":"category","embeddable":true,"href":"https:\/\/www.oracaoefe.com\/fr\/wp-json\/wp\/v2\/categories?post=2845"},{"taxonomy":"post_tag","embeddable":true,"href":"https:\/\/www.oracaoefe.com\/fr\/wp-json\/wp\/v2\/tags?post=2845"}],"curies":[{"name":"wp","href":"https:\/\/api.w.org\/{rel}","templated":true}]}}