{"id":2843,"date":"2024-05-30T22:33:10","date_gmt":"2024-05-31T01:33:10","guid":{"rendered":"https:\/\/www.oracaoefe.com\/?p=2843"},"modified":"2024-05-30T22:33:11","modified_gmt":"2024-05-31T01:33:11","slug":"acalme-o-coracao-com-essas-oracoes-simples-e-sinceras","status":"publish","type":"post","link":"https:\/\/www.oracaoefe.com\/fr\/acalme-o-coracao-com-essas-oracoes-simples-e-sinceras\/","title":{"rendered":"Acalme o cora\u00e7\u00e3o com essas ora\u00e7\u00f5es simples e sinceras"},"content":{"rendered":"<p class=\"wp-block-paragraph\">O poder da ora\u00e7\u00e3o \u00e9 uma for\u00e7a transcendental que atravessa os s\u00e9culos, confortando cora\u00e7\u00f5es aflitos e alimentando a alma com esperan\u00e7a e serenidade. Em momentos de ang\u00fastia, incerteza ou simplesmente para nutrir nossa conex\u00e3o espiritual, recorrer \u00e0 ora\u00e7\u00e3o pode ser uma fonte inesgot\u00e1vel de paz interior.&nbsp;<\/p>\n\n\n\n<h2 class=\"wp-block-heading\">Ora\u00e7\u00e3o da Serenidade<\/h2>\n\n\n\n<p class=\"wp-block-paragraph\">&#8220;Deus, conceda-me serenidade para aceitar as coisas que n\u00e3o posso mudar, coragem para mudar as coisas que posso e sabedoria para saber a diferen\u00e7a.&#8221;<\/p>\n\n\n\n<p class=\"wp-block-paragraph\">Esta \u00e9 uma das ora\u00e7\u00f5es mais conhecidas e poderosas, que nos lembra da import\u00e2ncia de aceitar o que n\u00e3o podemos controlar, ter coragem para agir quando necess\u00e1rio e discernimento para distinguir entre os dois. Recitar essa ora\u00e7\u00e3o diariamente pode nos ajudar a cultivar uma atitude de resigna\u00e7\u00e3o diante das adversidades e a coragem para enfrentar os desafios que surgem em nosso caminho.<\/p>\n\n\n\n<h2 class=\"wp-block-heading\">Ora\u00e7\u00e3o da Gratid\u00e3o<\/h2>\n\n\n\n<p class=\"wp-block-paragraph\">&#8220;Senhor, agrade\u00e7o por cada b\u00ean\u00e7\u00e3o em minha vida, grandes e pequenas. Que minha gratid\u00e3o seja um testemunho de minha f\u00e9 e minha humildade.&#8221;<\/p>\n\n\n\n<p class=\"wp-block-paragraph\">Praticar a gratid\u00e3o \u00e9 uma poderosa forma de elevar nossa vibra\u00e7\u00e3o espiritual e atrair mais coisas boas para nossas vidas. Ao reconhecer e agradecer pelas b\u00ean\u00e7\u00e3os que j\u00e1 recebemos, abrimos espa\u00e7o para que mais coisas boas entrem em nosso caminho. Esta simples ora\u00e7\u00e3o nos lembra da import\u00e2ncia de cultivar uma atitude de gratid\u00e3o em todos os momentos de nossas vidas.<\/p>\n\n\n\n<h2 class=\"wp-block-heading\">Ora\u00e7\u00e3o da Confian\u00e7a<\/h2>\n\n\n\n<p class=\"wp-block-paragraph\">&#8220;Senhor, confio em Teu plano para minha vida, mesmo quando n\u00e3o compreendo. Que Tua vontade seja feita em mim e que eu encontre paz em Tua presen\u00e7a.&#8221;<\/p>\n\n\n\n<p class=\"wp-block-paragraph\">Quando nos sentimos perdidos ou desorientados, \u00e9 f\u00e1cil perder a f\u00e9 e a confian\u00e7a no plano divino. No entanto, recitar esta ora\u00e7\u00e3o nos lembra da import\u00e2ncia de confiar em Deus, mesmo quando n\u00e3o entendemos Seus des\u00edgnios. Ao entregar nossas preocupa\u00e7\u00f5es e medos nas m\u00e3os de Deus, podemos encontrar paz e conforto em Sua presen\u00e7a.<\/p>\n\n\n\n<figure class=\"wp-block-image size-large\"><img loading=\"lazy\" decoding=\"async\" width=\"1024\" height=\"682\" src=\"https:\/\/www.oracaoefe.com\/wp-content\/uploads\/2024\/05\/image-9-1024x682.png\" alt=\"\" class=\"wp-image-2857\" srcset=\"https:\/\/www.oracaoefe.com\/wp-content\/uploads\/2024\/05\/image-9-1024x682.png 1024w, https:\/\/www.oracaoefe.com\/wp-content\/uploads\/2024\/05\/image-9-300x200.png 300w, https:\/\/www.oracaoefe.com\/wp-content\/uploads\/2024\/05\/image-9-768x512.png 768w, https:\/\/www.oracaoefe.com\/wp-content\/uploads\/2024\/05\/image-9-18x12.png 18w, https:\/\/www.oracaoefe.com\/wp-content\/uploads\/2024\/05\/image-9.png 1280w\" sizes=\"auto, (max-width: 1024px) 100vw, 1024px\" \/><\/figure>\n\n\n\n<h2 class=\"wp-block-heading\">Ora\u00e7\u00e3o da Prote\u00e7\u00e3o<\/h2>\n\n\n\n<p class=\"wp-block-paragraph\">&#8220;Senhor, coloca Tua m\u00e3o protetora sobre mim e minha fam\u00edlia. Livra-nos de todo mal e nos guia com Tua luz.&#8221;<\/p>\n\n\n\n<p class=\"wp-block-paragraph\">Em um mundo cheio de desafios e perigos, \u00e9 reconfortante saber que podemos recorrer \u00e0 prote\u00e7\u00e3o divina. Esta simples ora\u00e7\u00e3o invoca a presen\u00e7a de Deus em nossas vidas e pede Sua prote\u00e7\u00e3o contra todo mal. Ao confiar em Deus como nosso guardi\u00e3o e protetor, podemos nos sentir seguros em Sua presen\u00e7a, independentemente das circunst\u00e2ncias que enfrentamos.<\/p>\n\n\n\n<h2 class=\"wp-block-heading\">Ora\u00e7\u00e3o da Paz Interior<\/h2>\n\n\n\n<p class=\"wp-block-paragraph\">&#8220;Senhor, concede-me paz interior em meio ao caos. Que Tua presen\u00e7a me envolva como um manto e me console nos momentos de afli\u00e7\u00e3o.&#8221;<\/p>\n\n\n\n<p class=\"wp-block-paragraph\">Em um mundo agitado e turbulento, encontrar paz interior pode parecer uma tarefa imposs\u00edvel. No entanto, ao recitar esta simples ora\u00e7\u00e3o, podemos abrir nosso cora\u00e7\u00e3o para a presen\u00e7a tranquilizadora de Deus e permitir que Sua paz nos envolva. Encontrar momentos de tranquilidade e serenidade em meio ao caos \u00e9 essencial para manter nossa sa\u00fade mental e emocional, e esta ora\u00e7\u00e3o pode nos ajudar a alcan\u00e7ar esse estado de paz interior.<\/p>\n\n\n\n<h2 class=\"wp-block-heading\">Ora\u00e7\u00f5es s\u00e3o ferramentas poderosas<\/h2>\n\n\n\n<p class=\"wp-block-paragraph\">As ora\u00e7\u00f5es s\u00e3o ferramentas poderosas que podemos usar para acalmar nossos cora\u00e7\u00f5es e nutrir nossa conex\u00e3o espiritual. Seja em momentos de alegria ou tristeza, de esperan\u00e7a ou desespero, recorrer \u00e0 ora\u00e7\u00e3o pode nos ajudar a encontrar conforto, orienta\u00e7\u00e3o e paz interior. Que essas ora\u00e7\u00f5es simples e sinceras possam ser uma fonte de conforto e inspira\u00e7\u00e3o para todos aqueles que as proferem, e que possam nos lembrar do poder transformador da f\u00e9 e da devo\u00e7\u00e3o em nossas vidas.<\/p>\n\n\n\n<p class=\"wp-block-paragraph\"><strong>Voir aussi\u00a0: <a href=\"https:\/\/www.oracaoefe.com\/fr\/oracao-para-deus-abrir-as-portas-financeiras-veja-as-preces\/\">Ora\u00e7\u00e3o para Deus abrir as portas financeiras; veja as preces<\/a><\/strong><\/p>\n\n\n\n<p class=\"wp-block-paragraph\">30 de maio de 2024<\/p>","protected":false},"excerpt":{"rendered":"<p>O poder da ora\u00e7\u00e3o \u00e9 uma for\u00e7a transcendental que atravessa os s\u00e9culos, confortando cora\u00e7\u00f5es aflitos e alimentando a alma com esperan\u00e7a e serenidade. Em momentos de ang\u00fastia, incerteza ou simplesmente para nutrir nossa conex\u00e3o espiritual, recorrer \u00e0 ora\u00e7\u00e3o pode ser uma fonte inesgot\u00e1vel de paz interior.&nbsp; Ora\u00e7\u00e3o da Serenidade &#8220;Deus, conceda-me serenidade para aceitar as&hellip;&nbsp;<\/p>","protected":false},"author":3,"featured_media":2857,"comment_status":"closed","ping_status":"closed","sticky":false,"template":"","format":"standard","meta":{"neve_meta_sidebar":"","neve_meta_container":"","neve_meta_enable_content_width":"","neve_meta_content_width":0,"neve_meta_title_alignment":"","neve_meta_author_avatar":"","neve_post_elements_order":"","neve_meta_disable_header":"","neve_meta_disable_footer":"","neve_meta_disable_title":"","footnotes":""},"categories":[2],"tags":[],"class_list":["post-2843","post","type-post","status-publish","format-standard","has-post-thumbnail","hentry","category-oracao"],"yoast_head":"<!-- This site is optimized with the Yoast SEO plugin v28.4 - https:\/\/yoast.com\/product\/yoast-seo-wordpress\/ -->\n<title>Acalme o cora\u00e7\u00e3o com essas ora\u00e7\u00f5es simples e sinceras - Ora\u00e7\u00e3o e F\u00e9<\/title>\n<meta name=\"description\" content=\"Deus tem pra voc\u00ea uma palavra de vida!\" \/>\n<meta name=\"robots\" content=\"index, follow, max-snippet:-1, max-image-preview:large, max-video-preview:-1\" \/>\n<link rel=\"canonical\" href=\"https:\/\/www.oracaoefe.com\/fr\/acalme-o-coracao-com-essas-oracoes-simples-e-sinceras\/\" \/>\n<meta property=\"og:locale\" content=\"fr_FR\" \/>\n<meta property=\"og:type\" content=\"article\" \/>\n<meta property=\"og:title\" content=\"Acalme o cora\u00e7\u00e3o com essas ora\u00e7\u00f5es simples e sinceras - Ora\u00e7\u00e3o e F\u00e9\" \/>\n<meta property=\"og:description\" content=\"Deus tem pra voc\u00ea uma palavra de vida!\" \/>\n<meta property=\"og:url\" content=\"https:\/\/www.oracaoefe.com\/fr\/acalme-o-coracao-com-essas-oracoes-simples-e-sinceras\/\" \/>\n<meta property=\"og:site_name\" content=\"Ora\u00e7\u00e3o e F\u00e9\" \/>\n<meta property=\"article:published_time\" content=\"2024-05-31T01:33:10+00:00\" \/>\n<meta property=\"article:modified_time\" content=\"2024-05-31T01:33:11+00:00\" \/>\n<meta property=\"og:image\" content=\"https:\/\/www.oracaoefe.com\/wp-content\/uploads\/2024\/05\/image-9.png\" \/>\n\t<meta property=\"og:image:width\" content=\"1280\" \/>\n\t<meta property=\"og:image:height\" content=\"853\" \/>\n\t<meta property=\"og:image:type\" content=\"image\/png\" \/>\n<meta name=\"author\" content=\"Michele Azevedo\" \/>\n<meta name=\"twitter:card\" content=\"summary_large_image\" \/>\n<meta name=\"twitter:label1\" content=\"\u00c9crit par\" \/>\n\t<meta name=\"twitter:data1\" content=\"Michele Azevedo\" \/>\n\t<meta name=\"twitter:label2\" content=\"Dur\u00e9e de lecture estim\u00e9e\" \/>\n\t<meta name=\"twitter:data2\" content=\"3 minutes\" \/>\n<script type=\"application\/ld+json\" class=\"yoast-schema-graph\">{\"@context\":\"https:\\\/\\\/schema.org\",\"@graph\":[{\"@type\":\"Article\",\"@id\":\"https:\\\/\\\/www.oracaoefe.com\\\/acalme-o-coracao-com-essas-oracoes-simples-e-sinceras\\\/#article\",\"isPartOf\":{\"@id\":\"https:\\\/\\\/www.oracaoefe.com\\\/acalme-o-coracao-com-essas-oracoes-simples-e-sinceras\\\/\"},\"author\":{\"name\":\"Michele Azevedo\",\"@id\":\"https:\\\/\\\/www.oracaoefe.com\\\/#\\\/schema\\\/person\\\/17283c669442cf005c4d5bb58adfb7f5\"},\"headline\":\"Acalme o cora\u00e7\u00e3o com essas ora\u00e7\u00f5es simples e sinceras\",\"datePublished\":\"2024-05-31T01:33:10+00:00\",\"dateModified\":\"2024-05-31T01:33:11+00:00\",\"mainEntityOfPage\":{\"@id\":\"https:\\\/\\\/www.oracaoefe.com\\\/acalme-o-coracao-com-essas-oracoes-simples-e-sinceras\\\/\"},\"wordCount\":660,\"image\":{\"@id\":\"https:\\\/\\\/www.oracaoefe.com\\\/acalme-o-coracao-com-essas-oracoes-simples-e-sinceras\\\/#primaryimage\"},\"thumbnailUrl\":\"https:\\\/\\\/www.oracaoefe.com\\\/wp-content\\\/uploads\\\/2024\\\/05\\\/image-9.png\",\"articleSection\":[\"Ora\u00e7\u00e3o\"],\"inLanguage\":\"fr-FR\"},{\"@type\":\"WebPage\",\"@id\":\"https:\\\/\\\/www.oracaoefe.com\\\/acalme-o-coracao-com-essas-oracoes-simples-e-sinceras\\\/\",\"url\":\"https:\\\/\\\/www.oracaoefe.com\\\/acalme-o-coracao-com-essas-oracoes-simples-e-sinceras\\\/\",\"name\":\"Acalme o cora\u00e7\u00e3o com essas ora\u00e7\u00f5es simples e sinceras - Ora\u00e7\u00e3o e F\u00e9\",\"isPartOf\":{\"@id\":\"https:\\\/\\\/www.oracaoefe.com\\\/#website\"},\"primaryImageOfPage\":{\"@id\":\"https:\\\/\\\/www.oracaoefe.com\\\/acalme-o-coracao-com-essas-oracoes-simples-e-sinceras\\\/#primaryimage\"},\"image\":{\"@id\":\"https:\\\/\\\/www.oracaoefe.com\\\/acalme-o-coracao-com-essas-oracoes-simples-e-sinceras\\\/#primaryimage\"},\"thumbnailUrl\":\"https:\\\/\\\/www.oracaoefe.com\\\/wp-content\\\/uploads\\\/2024\\\/05\\\/image-9.png\",\"datePublished\":\"2024-05-31T01:33:10+00:00\",\"dateModified\":\"2024-05-31T01:33:11+00:00\",\"author\":{\"@id\":\"https:\\\/\\\/www.oracaoefe.com\\\/#\\\/schema\\\/person\\\/17283c669442cf005c4d5bb58adfb7f5\"},\"description\":\"Deus tem pra voc\u00ea uma palavra de vida!\",\"breadcrumb\":{\"@id\":\"https:\\\/\\\/www.oracaoefe.com\\\/acalme-o-coracao-com-essas-oracoes-simples-e-sinceras\\\/#breadcrumb\"},\"inLanguage\":\"fr-FR\",\"potentialAction\":[{\"@type\":\"ReadAction\",\"target\":[\"https:\\\/\\\/www.oracaoefe.com\\\/acalme-o-coracao-com-essas-oracoes-simples-e-sinceras\\\/\"]}]},{\"@type\":\"ImageObject\",\"inLanguage\":\"fr-FR\",\"@id\":\"https:\\\/\\\/www.oracaoefe.com\\\/acalme-o-coracao-com-essas-oracoes-simples-e-sinceras\\\/#primaryimage\",\"url\":\"https:\\\/\\\/www.oracaoefe.com\\\/wp-content\\\/uploads\\\/2024\\\/05\\\/image-9.png\",\"contentUrl\":\"https:\\\/\\\/www.oracaoefe.com\\\/wp-content\\\/uploads\\\/2024\\\/05\\\/image-9.png\",\"width\":1280,\"height\":853},{\"@type\":\"BreadcrumbList\",\"@id\":\"https:\\\/\\\/www.oracaoefe.com\\\/acalme-o-coracao-com-essas-oracoes-simples-e-sinceras\\\/#breadcrumb\",\"itemListElement\":[{\"@type\":\"ListItem\",\"position\":1,\"name\":\"Home\",\"item\":\"https:\\\/\\\/www.oracaoefe.com\\\/\"},{\"@type\":\"ListItem\",\"position\":2,\"name\":\"Ora\u00e7\u00e3o\",\"item\":\"https:\\\/\\\/www.oracaoefe.com\\\/category\\\/oracao\\\/\"},{\"@type\":\"ListItem\",\"position\":3,\"name\":\"Acalme o cora\u00e7\u00e3o com essas ora\u00e7\u00f5es simples e sinceras\"}]},{\"@type\":\"WebSite\",\"@id\":\"https:\\\/\\\/www.oracaoefe.com\\\/#website\",\"url\":\"https:\\\/\\\/www.oracaoefe.com\\\/\",\"name\":\"Ora\u00e7\u00e3o e F\u00e9\",\"description\":\"\",\"potentialAction\":[{\"@type\":\"SearchAction\",\"target\":{\"@type\":\"EntryPoint\",\"urlTemplate\":\"https:\\\/\\\/www.oracaoefe.com\\\/?s={search_term_string}\"},\"query-input\":{\"@type\":\"PropertyValueSpecification\",\"valueRequired\":true,\"valueName\":\"search_term_string\"}}],\"inLanguage\":\"fr-FR\"},{\"@type\":\"Person\",\"@id\":\"https:\\\/\\\/www.oracaoefe.com\\\/#\\\/schema\\\/person\\\/17283c669442cf005c4d5bb58adfb7f5\",\"name\":\"Michele Azevedo\",\"image\":{\"@type\":\"ImageObject\",\"inLanguage\":\"fr-FR\",\"@id\":\"https:\\\/\\\/secure.gravatar.com\\\/avatar\\\/6b0eb9d22841282815e2cd856a0061c45e1761cd54b22e952d98c4746939aa85?s=96&d=mm&r=g\",\"url\":\"https:\\\/\\\/secure.gravatar.com\\\/avatar\\\/6b0eb9d22841282815e2cd856a0061c45e1761cd54b22e952d98c4746939aa85?s=96&d=mm&r=g\",\"contentUrl\":\"https:\\\/\\\/secure.gravatar.com\\\/avatar\\\/6b0eb9d22841282815e2cd856a0061c45e1761cd54b22e952d98c4746939aa85?s=96&d=mm&r=g\",\"caption\":\"Michele Azevedo\"},\"description\":\"Formada em Letras - Portugu\u00eas\\\/ Ingl\u00eas pela Universidade Estadual de Ponta Grossa (UEPG), p\u00f3s-graduada em Arte na Educa\u00e7\u00e3o (FAPI) e Psicopedagogia Escolar (FAPI), idealizadora e propriet\u00e1ria do site Escritora de Sucesso, possui experi\u00eancia em escrita para blogs em geral e atua como redatora e revisora dos conte\u00fados do Ora\u00e7\u00e3o e F\u00e9.\",\"url\":\"https:\\\/\\\/www.oracaoefe.com\\\/fr\\\/author\\\/michele-azevedo\\\/\"}]}<\/script>\n<!-- \/ Yoast SEO plugin. -->","yoast_head_json":{"title":"Acalme o cora\u00e7\u00e3o com essas ora\u00e7\u00f5es simples e sinceras - Ora\u00e7\u00e3o e F\u00e9","description":"Dieu a une parole de vie pour vous !","robots":{"index":"index","follow":"follow","max-snippet":"max-snippet:-1","max-image-preview":"max-image-preview:large","max-video-preview":"max-video-preview:-1"},"canonical":"https:\/\/www.oracaoefe.com\/fr\/acalme-o-coracao-com-essas-oracoes-simples-e-sinceras\/","og_locale":"fr_FR","og_type":"article","og_title":"Acalme o cora\u00e7\u00e3o com essas ora\u00e7\u00f5es simples e sinceras - Ora\u00e7\u00e3o e F\u00e9","og_description":"Deus tem pra voc\u00ea uma palavra de vida!","og_url":"https:\/\/www.oracaoefe.com\/fr\/acalme-o-coracao-com-essas-oracoes-simples-e-sinceras\/","og_site_name":"Ora\u00e7\u00e3o e F\u00e9","article_published_time":"2024-05-31T01:33:10+00:00","article_modified_time":"2024-05-31T01:33:11+00:00","og_image":[{"width":1280,"height":853,"url":"https:\/\/www.oracaoefe.com\/wp-content\/uploads\/2024\/05\/image-9.png","type":"image\/png"}],"author":"Michele Azevedo","twitter_card":"summary_large_image","twitter_misc":{"\u00c9crit par":"Michele Azevedo","Dur\u00e9e de lecture estim\u00e9e":"3 minutes"},"schema":{"@context":"https:\/\/schema.org","@graph":[{"@type":"Article","@id":"https:\/\/www.oracaoefe.com\/acalme-o-coracao-com-essas-oracoes-simples-e-sinceras\/#article","isPartOf":{"@id":"https:\/\/www.oracaoefe.com\/acalme-o-coracao-com-essas-oracoes-simples-e-sinceras\/"},"author":{"name":"Michele Azevedo","@id":"https:\/\/www.oracaoefe.com\/#\/schema\/person\/17283c669442cf005c4d5bb58adfb7f5"},"headline":"Acalme o cora\u00e7\u00e3o com essas ora\u00e7\u00f5es simples e sinceras","datePublished":"2024-05-31T01:33:10+00:00","dateModified":"2024-05-31T01:33:11+00:00","mainEntityOfPage":{"@id":"https:\/\/www.oracaoefe.com\/acalme-o-coracao-com-essas-oracoes-simples-e-sinceras\/"},"wordCount":660,"image":{"@id":"https:\/\/www.oracaoefe.com\/acalme-o-coracao-com-essas-oracoes-simples-e-sinceras\/#primaryimage"},"thumbnailUrl":"https:\/\/www.oracaoefe.com\/wp-content\/uploads\/2024\/05\/image-9.png","articleSection":["Ora\u00e7\u00e3o"],"inLanguage":"fr-FR"},{"@type":"WebPage","@id":"https:\/\/www.oracaoefe.com\/acalme-o-coracao-com-essas-oracoes-simples-e-sinceras\/","url":"https:\/\/www.oracaoefe.com\/acalme-o-coracao-com-essas-oracoes-simples-e-sinceras\/","name":"Acalme o cora\u00e7\u00e3o com essas ora\u00e7\u00f5es simples e sinceras - Ora\u00e7\u00e3o e F\u00e9","isPartOf":{"@id":"https:\/\/www.oracaoefe.com\/#website"},"primaryImageOfPage":{"@id":"https:\/\/www.oracaoefe.com\/acalme-o-coracao-com-essas-oracoes-simples-e-sinceras\/#primaryimage"},"image":{"@id":"https:\/\/www.oracaoefe.com\/acalme-o-coracao-com-essas-oracoes-simples-e-sinceras\/#primaryimage"},"thumbnailUrl":"https:\/\/www.oracaoefe.com\/wp-content\/uploads\/2024\/05\/image-9.png","datePublished":"2024-05-31T01:33:10+00:00","dateModified":"2024-05-31T01:33:11+00:00","author":{"@id":"https:\/\/www.oracaoefe.com\/#\/schema\/person\/17283c669442cf005c4d5bb58adfb7f5"},"description":"Dieu a une parole de vie pour vous !","breadcrumb":{"@id":"https:\/\/www.oracaoefe.com\/acalme-o-coracao-com-essas-oracoes-simples-e-sinceras\/#breadcrumb"},"inLanguage":"fr-FR","potentialAction":[{"@type":"ReadAction","target":["https:\/\/www.oracaoefe.com\/acalme-o-coracao-com-essas-oracoes-simples-e-sinceras\/"]}]},{"@type":"ImageObject","inLanguage":"fr-FR","@id":"https:\/\/www.oracaoefe.com\/acalme-o-coracao-com-essas-oracoes-simples-e-sinceras\/#primaryimage","url":"https:\/\/www.oracaoefe.com\/wp-content\/uploads\/2024\/05\/image-9.png","contentUrl":"https:\/\/www.oracaoefe.com\/wp-content\/uploads\/2024\/05\/image-9.png","width":1280,"height":853},{"@type":"BreadcrumbList","@id":"https:\/\/www.oracaoefe.com\/acalme-o-coracao-com-essas-oracoes-simples-e-sinceras\/#breadcrumb","itemListElement":[{"@type":"ListItem","position":1,"name":"Home","item":"https:\/\/www.oracaoefe.com\/"},{"@type":"ListItem","position":2,"name":"Ora\u00e7\u00e3o","item":"https:\/\/www.oracaoefe.com\/category\/oracao\/"},{"@type":"ListItem","position":3,"name":"Acalme o cora\u00e7\u00e3o com essas ora\u00e7\u00f5es simples e sinceras"}]},{"@type":"WebSite","@id":"https:\/\/www.oracaoefe.com\/#website","url":"https:\/\/www.oracaoefe.com\/","name":"Pri\u00e8re et foi","description":"","potentialAction":[{"@type":"SearchAction","target":{"@type":"EntryPoint","urlTemplate":"https:\/\/www.oracaoefe.com\/?s={search_term_string}"},"query-input":{"@type":"PropertyValueSpecification","valueRequired":true,"valueName":"search_term_string"}}],"inLanguage":"fr-FR"},{"@type":"Person","@id":"https:\/\/www.oracaoefe.com\/#\/schema\/person\/17283c669442cf005c4d5bb58adfb7f5","name":"Michele Azevedo","image":{"@type":"ImageObject","inLanguage":"fr-FR","@id":"https:\/\/secure.gravatar.com\/avatar\/6b0eb9d22841282815e2cd856a0061c45e1761cd54b22e952d98c4746939aa85?s=96&d=mm&r=g","url":"https:\/\/secure.gravatar.com\/avatar\/6b0eb9d22841282815e2cd856a0061c45e1761cd54b22e952d98c4746939aa85?s=96&d=mm&r=g","contentUrl":"https:\/\/secure.gravatar.com\/avatar\/6b0eb9d22841282815e2cd856a0061c45e1761cd54b22e952d98c4746939aa85?s=96&d=mm&r=g","caption":"Michele Azevedo"},"description":"Dipl\u00f4m\u00e9e en litt\u00e9rature portugaise\/anglaise de l&#039;Universit\u00e9 d&#039;\u00c9tat de Ponta Grossa (UEPG), avec des dipl\u00f4mes de troisi\u00e8me cycle en art dans l&#039;\u00e9ducation (FAPI) et en psychop\u00e9dagogie scolaire (FAPI), elle est la cr\u00e9atrice et propri\u00e9taire du site web Escritora de Sucesso, a de l&#039;exp\u00e9rience dans l&#039;\u00e9criture pour les blogs en g\u00e9n\u00e9ral et travaille comme r\u00e9dactrice et \u00e9ditrice du contenu pour Ora\u00e7\u00e3o e F\u00e9.","url":"https:\/\/www.oracaoefe.com\/fr\/author\/michele-azevedo\/"}]}},"_links":{"self":[{"href":"https:\/\/www.oracaoefe.com\/fr\/wp-json\/wp\/v2\/posts\/2843","targetHints":{"allow":["GET"]}}],"collection":[{"href":"https:\/\/www.oracaoefe.com\/fr\/wp-json\/wp\/v2\/posts"}],"about":[{"href":"https:\/\/www.oracaoefe.com\/fr\/wp-json\/wp\/v2\/types\/post"}],"author":[{"embeddable":true,"href":"https:\/\/www.oracaoefe.com\/fr\/wp-json\/wp\/v2\/users\/3"}],"replies":[{"embeddable":true,"href":"https:\/\/www.oracaoefe.com\/fr\/wp-json\/wp\/v2\/comments?post=2843"}],"version-history":[{"count":2,"href":"https:\/\/www.oracaoefe.com\/fr\/wp-json\/wp\/v2\/posts\/2843\/revisions"}],"predecessor-version":[{"id":2858,"href":"https:\/\/www.oracaoefe.com\/fr\/wp-json\/wp\/v2\/posts\/2843\/revisions\/2858"}],"wp:featuredmedia":[{"embeddable":true,"href":"https:\/\/www.oracaoefe.com\/fr\/wp-json\/wp\/v2\/media\/2857"}],"wp:attachment":[{"href":"https:\/\/www.oracaoefe.com\/fr\/wp-json\/wp\/v2\/media?parent=2843"}],"wp:term":[{"taxonomy":"category","embeddable":true,"href":"https:\/\/www.oracaoefe.com\/fr\/wp-json\/wp\/v2\/categories?post=2843"},{"taxonomy":"post_tag","embeddable":true,"href":"https:\/\/www.oracaoefe.com\/fr\/wp-json\/wp\/v2\/tags?post=2843"}],"curies":[{"name":"wp","href":"https:\/\/api.w.org\/{rel}","templated":true}]}}