{"id":2835,"date":"2024-05-27T15:43:17","date_gmt":"2024-05-27T18:43:17","guid":{"rendered":"https:\/\/www.oracaoefe.com\/?p=2835"},"modified":"2024-05-27T15:43:18","modified_gmt":"2024-05-27T18:43:18","slug":"deus-e-intolerancia-religiosa-entenda-a-incompatibilidade","status":"publish","type":"post","link":"https:\/\/www.oracaoefe.com\/fr\/deus-e-intolerancia-religiosa-entenda-a-incompatibilidade\/","title":{"rendered":"Deus e intoler\u00e2ncia religiosa: Entenda a incompatibilidade"},"content":{"rendered":"<p class=\"wp-block-paragraph\">A hist\u00f3ria da humanidade est\u00e1 repleta de relatos de conflitos, guerras e intoler\u00e2ncias, muitos dos quais foram justificados em nome da religi\u00e3o. Paradoxalmente, a maioria das tradi\u00e7\u00f5es religiosas do mundo prega valores como o amor, a compaix\u00e3o e a toler\u00e2ncia.&nbsp;<\/p>\n\n\n\n<h2 class=\"wp-block-heading\">A Ess\u00eancia das Religi\u00f5es<\/h2>\n\n\n\n<p class=\"wp-block-paragraph\">Para entender a incompatibilidade entre Deus e a intoler\u00e2ncia religiosa, \u00e9 essencial primeiro compreender o que as religi\u00f5es ensinam sobre a divindade. A maioria das religi\u00f5es monote\u00edstas, como o cristianismo, o islamismo e o juda\u00edsmo, v\u00ea Deus como uma entidade suprema e benevolente. No cristianismo, Deus \u00e9 amor (1 Jo\u00e3o 4:8). No islamismo, um dos 99 nomes de Allah \u00e9 &#8220;Ar-Rahman&#8221;, que significa &#8220;O Misericordioso&#8221;. No juda\u00edsmo, Deus \u00e9 frequentemente descrito como justo e compassivo.<\/p>\n\n\n\n<p class=\"wp-block-paragraph\">Religi\u00f5es orientais, como o hindu\u00edsmo e o budismo, embora possuam concep\u00e7\u00f5es diferentes de divindade, tamb\u00e9m enfatizam a import\u00e2ncia da compaix\u00e3o e da compreens\u00e3o. O conceito hindu de &#8220;Ahimsa&#8221; (n\u00e3o-viol\u00eancia) e o ensinamento budista de &#8220;Metta&#8221; (amor bondoso) exemplificam esses valores.<\/p>\n\n\n\n<p class=\"wp-block-paragraph\">Diante desses princ\u00edpios, \u00e9 evidente que a intoler\u00e2ncia \u2013 que envolve a rejei\u00e7\u00e3o, discrimina\u00e7\u00e3o ou at\u00e9 mesmo persegui\u00e7\u00e3o de pessoas com cren\u00e7as diferentes \u2013 \u00e9 fundamentalmente contr\u00e1ria aos ensinamentos centrais de muitas tradi\u00e7\u00f5es religiosas.<\/p>\n\n\n\n<h2 class=\"wp-block-heading\">O Paradoxo da Intoler\u00e2ncia Religiosa<\/h2>\n\n\n\n<p class=\"wp-block-paragraph\">Se a intoler\u00e2ncia religiosa contradiz os ensinamentos das religi\u00f5es, por que ela persiste? A resposta \u00e9 complexa e multifacetada, envolvendo fatores hist\u00f3ricos, sociais e psicol\u00f3gicos.<\/p>\n\n\n\n<h3 class=\"wp-block-heading\">Fatores Hist\u00f3ricos<\/h3>\n\n\n\n<p class=\"wp-block-paragraph\">Historicamente, as religi\u00f5es t\u00eam sido usadas como ferramentas de poder e controle. Governantes e l\u00edderes pol\u00edticos frequentemente exploraram a religi\u00e3o para legitimar seu dom\u00ednio e consolidar seu poder. Por exemplo, durante as Cruzadas, a ret\u00f3rica religiosa foi utilizada para justificar a viol\u00eancia e a conquista.<\/p>\n\n\n\n<p class=\"wp-block-paragraph\">Al\u00e9m disso, as religi\u00f5es frequentemente emergiram em contextos de competi\u00e7\u00e3o por recursos e territ\u00f3rio. Esse contexto de escassez pode ter fomentado uma mentalidade de &#8220;n\u00f3s contra eles&#8221;, que se traduziu em intoler\u00e2ncia e conflito.<\/p>\n\n\n\n<figure class=\"wp-block-image size-large\"><img loading=\"lazy\" decoding=\"async\" width=\"1024\" height=\"768\" src=\"https:\/\/www.oracaoefe.com\/wp-content\/uploads\/2024\/05\/image-8-1024x768.png\" alt=\"\" class=\"wp-image-2836\" srcset=\"https:\/\/www.oracaoefe.com\/wp-content\/uploads\/2024\/05\/image-8-1024x768.png 1024w, https:\/\/www.oracaoefe.com\/wp-content\/uploads\/2024\/05\/image-8-300x225.png 300w, https:\/\/www.oracaoefe.com\/wp-content\/uploads\/2024\/05\/image-8-768x576.png 768w, https:\/\/www.oracaoefe.com\/wp-content\/uploads\/2024\/05\/image-8-16x12.png 16w, https:\/\/www.oracaoefe.com\/wp-content\/uploads\/2024\/05\/image-8.png 1280w\" sizes=\"auto, (max-width: 1024px) 100vw, 1024px\" \/><\/figure>\n\n\n\n<h3 class=\"wp-block-heading\">Fatores Sociais<\/h3>\n\n\n\n<p class=\"wp-block-paragraph\">Em muitas sociedades, a identidade religiosa \u00e9 profundamente entrela\u00e7ada com a identidade cultural. A amea\u00e7a percebida a uma cren\u00e7a religiosa pode ser interpretada como uma amea\u00e7a \u00e0 pr\u00f3pria identidade cultural e ao modo de vida. Esse fen\u00f4meno pode levar \u00e0 hostilidade em rela\u00e7\u00e3o a outras religi\u00f5es ou seitas.<\/p>\n\n\n\n<h3 class=\"wp-block-heading\">Fatores Psicol\u00f3gicos<\/h3>\n\n\n\n<p class=\"wp-block-paragraph\">A necessidade humana de pertencimento e certeza pode tamb\u00e9m contribuir para a intoler\u00e2ncia religiosa. A religi\u00e3o oferece respostas a quest\u00f5es existenciais e um senso de comunidade. Quando essas certezas s\u00e3o desafiadas por diferentes perspectivas, a rea\u00e7\u00e3o pode ser de defensividade e agress\u00e3o.<\/p>\n\n\n\n<h2 class=\"wp-block-heading\">A Perspectiva Teol\u00f3gica<\/h2>\n\n\n\n<p class=\"wp-block-paragraph\">Diversos te\u00f3logos e l\u00edderes religiosos contempor\u00e2neos t\u00eam argumentado que a intoler\u00e2ncia religiosa \u00e9 uma distor\u00e7\u00e3o da f\u00e9 genu\u00edna. Papa Francisco, por exemplo, tem enfatizado repetidamente a import\u00e2ncia do di\u00e1logo inter-religioso e da conviv\u00eancia pac\u00edfica. Ele tem afirmado que \u201ca viol\u00eancia em nome de Deus n\u00e3o representa a verdadeira religi\u00e3o. \u00c9 uma profana\u00e7\u00e3o do nome de Deus\u201d.<\/p>\n\n\n\n<p class=\"wp-block-paragraph\">Da mesma forma, o Dalai Lama, l\u00edder espiritual do budismo tibetano, tem promovido a ideia de \u201cunidade na diversidade\u201d, argumentando que todas as religi\u00f5es compartilham valores fundamentais de compaix\u00e3o e amor, e que essas semelhan\u00e7as devem ser o foco, em vez das diferen\u00e7as.<\/p>\n\n\n\n<h2 class=\"wp-block-heading\">O Papel da Educa\u00e7\u00e3o e do Di\u00e1logo<\/h2>\n\n\n\n<p class=\"wp-block-paragraph\">Para combater a intoler\u00e2ncia religiosa, \u00e9 essencial investir em educa\u00e7\u00e3o e di\u00e1logo inter-religioso. A educa\u00e7\u00e3o deve promover o entendimento das diferentes tradi\u00e7\u00f5es religiosas, destacando suas semelhan\u00e7as e ensinamentos comuns de paz e respeito m\u00fatuo. Um curr\u00edculo inclusivo que apresente as religi\u00f5es de maneira respeitosa e informativa pode ajudar a reduzir preconceitos e estere\u00f3tipos.<\/p>\n\n\n\n<p class=\"wp-block-paragraph\">O di\u00e1logo inter-religioso tamb\u00e9m desempenha um papel crucial. Encontros e discuss\u00f5es entre l\u00edderes e seguidores de diferentes religi\u00f5es podem ajudar a construir pontes de entendimento e confian\u00e7a. Esses di\u00e1logos n\u00e3o devem se limitar aos n\u00edveis mais altos das hierarquias religiosas, mas precisam envolver comunidades locais para serem verdadeiramente eficazes.<\/p>\n\n\n\n<h2 class=\"wp-block-heading\">Casos de Sucesso e Exemplos Inspiradores<\/h2>\n\n\n\n<p class=\"wp-block-paragraph\">Existem muitos exemplos inspiradores de indiv\u00edduos e comunidades que, baseados em suas cren\u00e7as religiosas, promoveram a paz e a compreens\u00e3o. Mahatma Gandhi, um devoto hindu, usou os princ\u00edpios do hindu\u00edsmo e do cristianismo para liderar um movimento de n\u00e3o-viol\u00eancia que n\u00e3o apenas buscava a independ\u00eancia da \u00cdndia, mas tamb\u00e9m a harmonia religiosa.<\/p>\n\n\n\n<p class=\"wp-block-paragraph\">Nos Estados Unidos, o movimento pelos direitos civis liderado por Martin Luther King Jr. foi profundamente enraizado em sua f\u00e9 crist\u00e3, que pregava o amor ao pr\u00f3ximo e a justi\u00e7a.<\/p>\n\n\n\n<h3 class=\"wp-block-heading\">O Caminho Adiante<\/h3>\n\n\n\n<p class=\"wp-block-paragraph\">A intoler\u00e2ncia religiosa n\u00e3o pode ser erradicada da noite para o dia, mas passos significativos podem ser tomados para mitigar seu impacto. Governos, organiza\u00e7\u00f5es internacionais e l\u00edderes religiosos devem trabalhar juntos para promover a liberdade religiosa e combater a discrimina\u00e7\u00e3o. Leis que protejam os direitos de todas as pessoas, independentemente de sua f\u00e9, s\u00e3o fundamentais.<\/p>\n\n\n\n<p class=\"wp-block-paragraph\">Al\u00e9m disso, as comunidades religiosas devem introspectar e refor\u00e7ar os ensinamentos de amor e compaix\u00e3o que est\u00e3o no cerne de suas cren\u00e7as. \u00c9 essencial que os l\u00edderes religiosos condenem a intoler\u00e2ncia e promovam ativamente o respeito m\u00fatuo e a compreens\u00e3o.<\/p>\n\n\n\n<h2 class=\"wp-block-heading\">Construindo um mundo melhor<\/h2>\n\n\n\n<p class=\"wp-block-paragraph\">A incompatibilidade entre Deus e a intoler\u00e2ncia religiosa \u00e9 clara quando se considera os ensinamentos centrais das maiores tradi\u00e7\u00f5es religiosas do mundo. No entanto, a realidade hist\u00f3rica e contempor\u00e2nea mostra que a intoler\u00e2ncia ainda \u00e9 um problema persistente.&nbsp;<\/p>\n\n\n\n<p class=\"wp-block-paragraph\">Superar essa disson\u00e2ncia exige um compromisso coletivo com a educa\u00e7\u00e3o, o di\u00e1logo e a promo\u00e7\u00e3o dos verdadeiros valores espirituais de amor, compaix\u00e3o e respeito m\u00fatuo. Somente assim poderemos construir um mundo onde a diversidade religiosa \u00e9 celebrada e a intoler\u00e2ncia \u00e9 relegada ao passado.<\/p>\n\n\n\n<p class=\"wp-block-paragraph\"><strong>Voir aussi\u00a0: <a href=\"https:\/\/www.oracaoefe.com\/fr\/oracao-para-deus-abrir-as-portas-financeiras-veja-as-preces\/\">Ora\u00e7\u00e3o para Deus abrir as portas financeiras; veja as preces<\/a><\/strong><\/p>\n\n\n\n<p class=\"wp-block-paragraph\">27 de maio de 2024<\/p>","protected":false},"excerpt":{"rendered":"<p>A hist\u00f3ria da humanidade est\u00e1 repleta de relatos de conflitos, guerras e intoler\u00e2ncias, muitos dos quais foram justificados em nome da religi\u00e3o. Paradoxalmente, a maioria das tradi\u00e7\u00f5es religiosas do mundo prega valores como o amor, a compaix\u00e3o e a toler\u00e2ncia.&nbsp; A Ess\u00eancia das Religi\u00f5es Para entender a incompatibilidade entre Deus e a intoler\u00e2ncia religiosa, \u00e9&hellip;&nbsp;<\/p>","protected":false},"author":3,"featured_media":2836,"comment_status":"closed","ping_status":"closed","sticky":false,"template":"","format":"standard","meta":{"neve_meta_sidebar":"","neve_meta_container":"","neve_meta_enable_content_width":"","neve_meta_content_width":0,"neve_meta_title_alignment":"","neve_meta_author_avatar":"","neve_post_elements_order":"","neve_meta_disable_header":"","neve_meta_disable_footer":"","neve_meta_disable_title":"","footnotes":""},"categories":[4],"tags":[],"class_list":["post-2835","post","type-post","status-publish","format-standard","has-post-thumbnail","hentry","category-fique-por-dentro"],"yoast_head":"<!-- This site is optimized with the Yoast SEO plugin v28.4 - https:\/\/yoast.com\/product\/yoast-seo-wordpress\/ -->\n<title>Deus e intoler\u00e2ncia religiosa: Entenda a incompatibilidade - Ora\u00e7\u00e3o e F\u00e9<\/title>\n<meta name=\"description\" content=\"Deus tem pra voc\u00ea uma palavra de vida!\" \/>\n<meta name=\"robots\" content=\"index, follow, max-snippet:-1, max-image-preview:large, max-video-preview:-1\" \/>\n<link rel=\"canonical\" href=\"https:\/\/www.oracaoefe.com\/fr\/deus-e-intolerancia-religiosa-entenda-a-incompatibilidade\/\" \/>\n<meta property=\"og:locale\" content=\"fr_FR\" \/>\n<meta property=\"og:type\" content=\"article\" \/>\n<meta property=\"og:title\" content=\"Deus e intoler\u00e2ncia religiosa: Entenda a incompatibilidade - Ora\u00e7\u00e3o e F\u00e9\" \/>\n<meta property=\"og:description\" content=\"Deus tem pra voc\u00ea uma palavra de vida!\" \/>\n<meta property=\"og:url\" content=\"https:\/\/www.oracaoefe.com\/fr\/deus-e-intolerancia-religiosa-entenda-a-incompatibilidade\/\" \/>\n<meta property=\"og:site_name\" content=\"Ora\u00e7\u00e3o e F\u00e9\" \/>\n<meta property=\"article:published_time\" content=\"2024-05-27T18:43:17+00:00\" \/>\n<meta property=\"article:modified_time\" content=\"2024-05-27T18:43:18+00:00\" \/>\n<meta property=\"og:image\" content=\"https:\/\/www.oracaoefe.com\/wp-content\/uploads\/2024\/05\/image-8-1024x768.png\" \/>\n\t<meta property=\"og:image:width\" content=\"1024\" \/>\n\t<meta property=\"og:image:height\" content=\"768\" \/>\n\t<meta property=\"og:image:type\" content=\"image\/png\" \/>\n<meta name=\"author\" content=\"Michele Azevedo\" \/>\n<meta name=\"twitter:card\" content=\"summary_large_image\" \/>\n<meta name=\"twitter:label1\" content=\"\u00c9crit par\" \/>\n\t<meta name=\"twitter:data1\" content=\"Michele Azevedo\" \/>\n\t<meta name=\"twitter:label2\" content=\"Dur\u00e9e de lecture estim\u00e9e\" \/>\n\t<meta name=\"twitter:data2\" content=\"5 minutes\" \/>\n<script type=\"application\/ld+json\" class=\"yoast-schema-graph\">{\"@context\":\"https:\\\/\\\/schema.org\",\"@graph\":[{\"@type\":\"Article\",\"@id\":\"https:\\\/\\\/www.oracaoefe.com\\\/deus-e-intolerancia-religiosa-entenda-a-incompatibilidade\\\/#article\",\"isPartOf\":{\"@id\":\"https:\\\/\\\/www.oracaoefe.com\\\/deus-e-intolerancia-religiosa-entenda-a-incompatibilidade\\\/\"},\"author\":{\"name\":\"Michele Azevedo\",\"@id\":\"https:\\\/\\\/www.oracaoefe.com\\\/#\\\/schema\\\/person\\\/17283c669442cf005c4d5bb58adfb7f5\"},\"headline\":\"Deus e intoler\u00e2ncia religiosa: Entenda a incompatibilidade\",\"datePublished\":\"2024-05-27T18:43:17+00:00\",\"dateModified\":\"2024-05-27T18:43:18+00:00\",\"mainEntityOfPage\":{\"@id\":\"https:\\\/\\\/www.oracaoefe.com\\\/deus-e-intolerancia-religiosa-entenda-a-incompatibilidade\\\/\"},\"wordCount\":1034,\"image\":{\"@id\":\"https:\\\/\\\/www.oracaoefe.com\\\/deus-e-intolerancia-religiosa-entenda-a-incompatibilidade\\\/#primaryimage\"},\"thumbnailUrl\":\"https:\\\/\\\/www.oracaoefe.com\\\/wp-content\\\/uploads\\\/2024\\\/05\\\/image-8.png\",\"articleSection\":[\"Fique por Dentro\"],\"inLanguage\":\"fr-FR\"},{\"@type\":\"WebPage\",\"@id\":\"https:\\\/\\\/www.oracaoefe.com\\\/deus-e-intolerancia-religiosa-entenda-a-incompatibilidade\\\/\",\"url\":\"https:\\\/\\\/www.oracaoefe.com\\\/deus-e-intolerancia-religiosa-entenda-a-incompatibilidade\\\/\",\"name\":\"Deus e intoler\u00e2ncia religiosa: Entenda a incompatibilidade - Ora\u00e7\u00e3o e F\u00e9\",\"isPartOf\":{\"@id\":\"https:\\\/\\\/www.oracaoefe.com\\\/#website\"},\"primaryImageOfPage\":{\"@id\":\"https:\\\/\\\/www.oracaoefe.com\\\/deus-e-intolerancia-religiosa-entenda-a-incompatibilidade\\\/#primaryimage\"},\"image\":{\"@id\":\"https:\\\/\\\/www.oracaoefe.com\\\/deus-e-intolerancia-religiosa-entenda-a-incompatibilidade\\\/#primaryimage\"},\"thumbnailUrl\":\"https:\\\/\\\/www.oracaoefe.com\\\/wp-content\\\/uploads\\\/2024\\\/05\\\/image-8.png\",\"datePublished\":\"2024-05-27T18:43:17+00:00\",\"dateModified\":\"2024-05-27T18:43:18+00:00\",\"author\":{\"@id\":\"https:\\\/\\\/www.oracaoefe.com\\\/#\\\/schema\\\/person\\\/17283c669442cf005c4d5bb58adfb7f5\"},\"description\":\"Deus tem pra voc\u00ea uma palavra de vida!\",\"breadcrumb\":{\"@id\":\"https:\\\/\\\/www.oracaoefe.com\\\/deus-e-intolerancia-religiosa-entenda-a-incompatibilidade\\\/#breadcrumb\"},\"inLanguage\":\"fr-FR\",\"potentialAction\":[{\"@type\":\"ReadAction\",\"target\":[\"https:\\\/\\\/www.oracaoefe.com\\\/deus-e-intolerancia-religiosa-entenda-a-incompatibilidade\\\/\"]}]},{\"@type\":\"ImageObject\",\"inLanguage\":\"fr-FR\",\"@id\":\"https:\\\/\\\/www.oracaoefe.com\\\/deus-e-intolerancia-religiosa-entenda-a-incompatibilidade\\\/#primaryimage\",\"url\":\"https:\\\/\\\/www.oracaoefe.com\\\/wp-content\\\/uploads\\\/2024\\\/05\\\/image-8.png\",\"contentUrl\":\"https:\\\/\\\/www.oracaoefe.com\\\/wp-content\\\/uploads\\\/2024\\\/05\\\/image-8.png\",\"width\":1280,\"height\":960},{\"@type\":\"BreadcrumbList\",\"@id\":\"https:\\\/\\\/www.oracaoefe.com\\\/deus-e-intolerancia-religiosa-entenda-a-incompatibilidade\\\/#breadcrumb\",\"itemListElement\":[{\"@type\":\"ListItem\",\"position\":1,\"name\":\"Home\",\"item\":\"https:\\\/\\\/www.oracaoefe.com\\\/\"},{\"@type\":\"ListItem\",\"position\":2,\"name\":\"Fique por Dentro\",\"item\":\"https:\\\/\\\/www.oracaoefe.com\\\/category\\\/fique-por-dentro\\\/\"},{\"@type\":\"ListItem\",\"position\":3,\"name\":\"Deus e intoler\u00e2ncia religiosa: Entenda a incompatibilidade\"}]},{\"@type\":\"WebSite\",\"@id\":\"https:\\\/\\\/www.oracaoefe.com\\\/#website\",\"url\":\"https:\\\/\\\/www.oracaoefe.com\\\/\",\"name\":\"Ora\u00e7\u00e3o e F\u00e9\",\"description\":\"\",\"potentialAction\":[{\"@type\":\"SearchAction\",\"target\":{\"@type\":\"EntryPoint\",\"urlTemplate\":\"https:\\\/\\\/www.oracaoefe.com\\\/?s={search_term_string}\"},\"query-input\":{\"@type\":\"PropertyValueSpecification\",\"valueRequired\":true,\"valueName\":\"search_term_string\"}}],\"inLanguage\":\"fr-FR\"},{\"@type\":\"Person\",\"@id\":\"https:\\\/\\\/www.oracaoefe.com\\\/#\\\/schema\\\/person\\\/17283c669442cf005c4d5bb58adfb7f5\",\"name\":\"Michele Azevedo\",\"image\":{\"@type\":\"ImageObject\",\"inLanguage\":\"fr-FR\",\"@id\":\"https:\\\/\\\/secure.gravatar.com\\\/avatar\\\/6b0eb9d22841282815e2cd856a0061c45e1761cd54b22e952d98c4746939aa85?s=96&d=mm&r=g\",\"url\":\"https:\\\/\\\/secure.gravatar.com\\\/avatar\\\/6b0eb9d22841282815e2cd856a0061c45e1761cd54b22e952d98c4746939aa85?s=96&d=mm&r=g\",\"contentUrl\":\"https:\\\/\\\/secure.gravatar.com\\\/avatar\\\/6b0eb9d22841282815e2cd856a0061c45e1761cd54b22e952d98c4746939aa85?s=96&d=mm&r=g\",\"caption\":\"Michele Azevedo\"},\"description\":\"Formada em Letras - Portugu\u00eas\\\/ Ingl\u00eas pela Universidade Estadual de Ponta Grossa (UEPG), p\u00f3s-graduada em Arte na Educa\u00e7\u00e3o (FAPI) e Psicopedagogia Escolar (FAPI), idealizadora e propriet\u00e1ria do site Escritora de Sucesso, possui experi\u00eancia em escrita para blogs em geral e atua como redatora e revisora dos conte\u00fados do Ora\u00e7\u00e3o e F\u00e9.\",\"url\":\"https:\\\/\\\/www.oracaoefe.com\\\/fr\\\/author\\\/michele-azevedo\\\/\"}]}<\/script>\n<!-- \/ Yoast SEO plugin. -->","yoast_head_json":{"title":"Deus e intoler\u00e2ncia religiosa: Entenda a incompatibilidade - Ora\u00e7\u00e3o e F\u00e9","description":"Dieu a une parole de vie pour vous !","robots":{"index":"index","follow":"follow","max-snippet":"max-snippet:-1","max-image-preview":"max-image-preview:large","max-video-preview":"max-video-preview:-1"},"canonical":"https:\/\/www.oracaoefe.com\/fr\/deus-e-intolerancia-religiosa-entenda-a-incompatibilidade\/","og_locale":"fr_FR","og_type":"article","og_title":"Deus e intoler\u00e2ncia religiosa: Entenda a incompatibilidade - Ora\u00e7\u00e3o e F\u00e9","og_description":"Deus tem pra voc\u00ea uma palavra de vida!","og_url":"https:\/\/www.oracaoefe.com\/fr\/deus-e-intolerancia-religiosa-entenda-a-incompatibilidade\/","og_site_name":"Ora\u00e7\u00e3o e F\u00e9","article_published_time":"2024-05-27T18:43:17+00:00","article_modified_time":"2024-05-27T18:43:18+00:00","og_image":[{"width":1024,"height":768,"url":"https:\/\/www.oracaoefe.com\/wp-content\/uploads\/2024\/05\/image-8-1024x768.png","type":"image\/png"}],"author":"Michele Azevedo","twitter_card":"summary_large_image","twitter_misc":{"\u00c9crit par":"Michele Azevedo","Dur\u00e9e de lecture estim\u00e9e":"5 minutes"},"schema":{"@context":"https:\/\/schema.org","@graph":[{"@type":"Article","@id":"https:\/\/www.oracaoefe.com\/deus-e-intolerancia-religiosa-entenda-a-incompatibilidade\/#article","isPartOf":{"@id":"https:\/\/www.oracaoefe.com\/deus-e-intolerancia-religiosa-entenda-a-incompatibilidade\/"},"author":{"name":"Michele Azevedo","@id":"https:\/\/www.oracaoefe.com\/#\/schema\/person\/17283c669442cf005c4d5bb58adfb7f5"},"headline":"Deus e intoler\u00e2ncia religiosa: Entenda a incompatibilidade","datePublished":"2024-05-27T18:43:17+00:00","dateModified":"2024-05-27T18:43:18+00:00","mainEntityOfPage":{"@id":"https:\/\/www.oracaoefe.com\/deus-e-intolerancia-religiosa-entenda-a-incompatibilidade\/"},"wordCount":1034,"image":{"@id":"https:\/\/www.oracaoefe.com\/deus-e-intolerancia-religiosa-entenda-a-incompatibilidade\/#primaryimage"},"thumbnailUrl":"https:\/\/www.oracaoefe.com\/wp-content\/uploads\/2024\/05\/image-8.png","articleSection":["Fique por Dentro"],"inLanguage":"fr-FR"},{"@type":"WebPage","@id":"https:\/\/www.oracaoefe.com\/deus-e-intolerancia-religiosa-entenda-a-incompatibilidade\/","url":"https:\/\/www.oracaoefe.com\/deus-e-intolerancia-religiosa-entenda-a-incompatibilidade\/","name":"Deus e intoler\u00e2ncia religiosa: Entenda a incompatibilidade - Ora\u00e7\u00e3o e F\u00e9","isPartOf":{"@id":"https:\/\/www.oracaoefe.com\/#website"},"primaryImageOfPage":{"@id":"https:\/\/www.oracaoefe.com\/deus-e-intolerancia-religiosa-entenda-a-incompatibilidade\/#primaryimage"},"image":{"@id":"https:\/\/www.oracaoefe.com\/deus-e-intolerancia-religiosa-entenda-a-incompatibilidade\/#primaryimage"},"thumbnailUrl":"https:\/\/www.oracaoefe.com\/wp-content\/uploads\/2024\/05\/image-8.png","datePublished":"2024-05-27T18:43:17+00:00","dateModified":"2024-05-27T18:43:18+00:00","author":{"@id":"https:\/\/www.oracaoefe.com\/#\/schema\/person\/17283c669442cf005c4d5bb58adfb7f5"},"description":"Dieu a une parole de vie pour vous !","breadcrumb":{"@id":"https:\/\/www.oracaoefe.com\/deus-e-intolerancia-religiosa-entenda-a-incompatibilidade\/#breadcrumb"},"inLanguage":"fr-FR","potentialAction":[{"@type":"ReadAction","target":["https:\/\/www.oracaoefe.com\/deus-e-intolerancia-religiosa-entenda-a-incompatibilidade\/"]}]},{"@type":"ImageObject","inLanguage":"fr-FR","@id":"https:\/\/www.oracaoefe.com\/deus-e-intolerancia-religiosa-entenda-a-incompatibilidade\/#primaryimage","url":"https:\/\/www.oracaoefe.com\/wp-content\/uploads\/2024\/05\/image-8.png","contentUrl":"https:\/\/www.oracaoefe.com\/wp-content\/uploads\/2024\/05\/image-8.png","width":1280,"height":960},{"@type":"BreadcrumbList","@id":"https:\/\/www.oracaoefe.com\/deus-e-intolerancia-religiosa-entenda-a-incompatibilidade\/#breadcrumb","itemListElement":[{"@type":"ListItem","position":1,"name":"Home","item":"https:\/\/www.oracaoefe.com\/"},{"@type":"ListItem","position":2,"name":"Fique por Dentro","item":"https:\/\/www.oracaoefe.com\/category\/fique-por-dentro\/"},{"@type":"ListItem","position":3,"name":"Deus e intoler\u00e2ncia religiosa: Entenda a incompatibilidade"}]},{"@type":"WebSite","@id":"https:\/\/www.oracaoefe.com\/#website","url":"https:\/\/www.oracaoefe.com\/","name":"Pri\u00e8re et foi","description":"","potentialAction":[{"@type":"SearchAction","target":{"@type":"EntryPoint","urlTemplate":"https:\/\/www.oracaoefe.com\/?s={search_term_string}"},"query-input":{"@type":"PropertyValueSpecification","valueRequired":true,"valueName":"search_term_string"}}],"inLanguage":"fr-FR"},{"@type":"Person","@id":"https:\/\/www.oracaoefe.com\/#\/schema\/person\/17283c669442cf005c4d5bb58adfb7f5","name":"Michele Azevedo","image":{"@type":"ImageObject","inLanguage":"fr-FR","@id":"https:\/\/secure.gravatar.com\/avatar\/6b0eb9d22841282815e2cd856a0061c45e1761cd54b22e952d98c4746939aa85?s=96&d=mm&r=g","url":"https:\/\/secure.gravatar.com\/avatar\/6b0eb9d22841282815e2cd856a0061c45e1761cd54b22e952d98c4746939aa85?s=96&d=mm&r=g","contentUrl":"https:\/\/secure.gravatar.com\/avatar\/6b0eb9d22841282815e2cd856a0061c45e1761cd54b22e952d98c4746939aa85?s=96&d=mm&r=g","caption":"Michele Azevedo"},"description":"Dipl\u00f4m\u00e9e en litt\u00e9rature portugaise\/anglaise de l&#039;Universit\u00e9 d&#039;\u00c9tat de Ponta Grossa (UEPG), avec des dipl\u00f4mes de troisi\u00e8me cycle en art dans l&#039;\u00e9ducation (FAPI) et en psychop\u00e9dagogie scolaire (FAPI), elle est la cr\u00e9atrice et propri\u00e9taire du site web Escritora de Sucesso, a de l&#039;exp\u00e9rience dans l&#039;\u00e9criture pour les blogs en g\u00e9n\u00e9ral et travaille comme r\u00e9dactrice et \u00e9ditrice du contenu pour Ora\u00e7\u00e3o e F\u00e9.","url":"https:\/\/www.oracaoefe.com\/fr\/author\/michele-azevedo\/"}]}},"_links":{"self":[{"href":"https:\/\/www.oracaoefe.com\/fr\/wp-json\/wp\/v2\/posts\/2835","targetHints":{"allow":["GET"]}}],"collection":[{"href":"https:\/\/www.oracaoefe.com\/fr\/wp-json\/wp\/v2\/posts"}],"about":[{"href":"https:\/\/www.oracaoefe.com\/fr\/wp-json\/wp\/v2\/types\/post"}],"author":[{"embeddable":true,"href":"https:\/\/www.oracaoefe.com\/fr\/wp-json\/wp\/v2\/users\/3"}],"replies":[{"embeddable":true,"href":"https:\/\/www.oracaoefe.com\/fr\/wp-json\/wp\/v2\/comments?post=2835"}],"version-history":[{"count":1,"href":"https:\/\/www.oracaoefe.com\/fr\/wp-json\/wp\/v2\/posts\/2835\/revisions"}],"predecessor-version":[{"id":2837,"href":"https:\/\/www.oracaoefe.com\/fr\/wp-json\/wp\/v2\/posts\/2835\/revisions\/2837"}],"wp:featuredmedia":[{"embeddable":true,"href":"https:\/\/www.oracaoefe.com\/fr\/wp-json\/wp\/v2\/media\/2836"}],"wp:attachment":[{"href":"https:\/\/www.oracaoefe.com\/fr\/wp-json\/wp\/v2\/media?parent=2835"}],"wp:term":[{"taxonomy":"category","embeddable":true,"href":"https:\/\/www.oracaoefe.com\/fr\/wp-json\/wp\/v2\/categories?post=2835"},{"taxonomy":"post_tag","embeddable":true,"href":"https:\/\/www.oracaoefe.com\/fr\/wp-json\/wp\/v2\/tags?post=2835"}],"curies":[{"name":"wp","href":"https:\/\/api.w.org\/{rel}","templated":true}]}}