{"id":2832,"date":"2024-05-25T22:00:14","date_gmt":"2024-05-26T01:00:14","guid":{"rendered":"https:\/\/www.oracaoefe.com\/?p=2832"},"modified":"2024-05-25T22:00:15","modified_gmt":"2024-05-26T01:00:15","slug":"entenda-a-forca-da-sua-fe-para-amenizar-a-dor-emocional","status":"publish","type":"post","link":"https:\/\/www.oracaoefe.com\/fr\/entenda-a-forca-da-sua-fe-para-amenizar-a-dor-emocional\/","title":{"rendered":"Entenda a for\u00e7a da sua f\u00e9 para amenizar a dor emocional"},"content":{"rendered":"<p class=\"wp-block-paragraph\">A vida \u00e9 uma jornada repleta de desafios, e em meio \u00e0s dificuldades, muitas vezes nos encontramos em busca de algo que nos d\u00ea esperan\u00e7a e nos ajude a enfrentar as adversidades. A f\u00e9, independentemente da religi\u00e3o ou cren\u00e7a, \u00e9 uma poderosa ferramenta para amenizar a dor emocional e nos fortalecer diante das tempestades da vida. Neste post, vamos explorar como a f\u00e9 pode ser uma aliada fundamental na supera\u00e7\u00e3o de momentos dif\u00edceis e no cultivo de uma vida mais equilibrada e serena.<\/p>\n\n\n\n<h2 class=\"wp-block-heading\">O Que \u00e9 a F\u00e9?<\/h2>\n\n\n\n<p class=\"wp-block-paragraph\">A f\u00e9 pode ser definida como a confian\u00e7a em algo maior que n\u00f3s mesmos, seja em Deus, no universo, ou em um princ\u00edpio espiritual que transcende a compreens\u00e3o humana. Ela n\u00e3o se limita a uma religi\u00e3o espec\u00edfica; pode ser encontrada em diversas formas e pr\u00e1ticas espirituais. A f\u00e9 nos oferece um senso de prop\u00f3sito e significado, especialmente em momentos de crise, quando as respostas racionais parecem insuficientes.<\/p>\n\n\n\n<h2 class=\"wp-block-heading\">O Papel da F\u00e9 na Supera\u00e7\u00e3o da Dor Emocional<\/h2>\n\n\n\n<figure class=\"wp-block-image size-large\"><img loading=\"lazy\" decoding=\"async\" width=\"1024\" height=\"682\" src=\"https:\/\/www.oracaoefe.com\/wp-content\/uploads\/2024\/05\/image-7-1024x682.png\" alt=\"\" class=\"wp-image-2833\" srcset=\"https:\/\/www.oracaoefe.com\/wp-content\/uploads\/2024\/05\/image-7-1024x682.png 1024w, https:\/\/www.oracaoefe.com\/wp-content\/uploads\/2024\/05\/image-7-300x200.png 300w, https:\/\/www.oracaoefe.com\/wp-content\/uploads\/2024\/05\/image-7-768x512.png 768w, https:\/\/www.oracaoefe.com\/wp-content\/uploads\/2024\/05\/image-7-18x12.png 18w, https:\/\/www.oracaoefe.com\/wp-content\/uploads\/2024\/05\/image-7.png 1280w\" sizes=\"auto, (max-width: 1024px) 100vw, 1024px\" \/><\/figure>\n\n\n\n<h3 class=\"wp-block-heading\">1. Proporciona Esperan\u00e7a<\/h3>\n\n\n\n<p class=\"wp-block-paragraph\">A f\u00e9 nos d\u00e1 esperan\u00e7a. Quando enfrentamos situa\u00e7\u00f5es de perda, sofrimento ou incerteza, a cren\u00e7a em algo maior pode nos fornecer uma perspectiva diferente. Ela nos lembra que a dor \u00e9 tempor\u00e1ria e que h\u00e1 um prop\u00f3sito maior que pode n\u00e3o ser evidente no momento. Essa esperan\u00e7a pode ser a luz no fim do t\u00fanel que nos motiva a continuar.<\/p>\n\n\n\n<h3 class=\"wp-block-heading\">2. Oferece Conforto<\/h3>\n\n\n\n<p class=\"wp-block-paragraph\">A pr\u00e1tica da f\u00e9 muitas vezes envolve rituais, ora\u00e7\u00f5es e medita\u00e7\u00f5es que proporcionam conforto emocional. Esses momentos de conex\u00e3o espiritual podem ser profundamente reconfortantes, aliviando o estresse e a ansiedade. A sensa\u00e7\u00e3o de estar sendo cuidado por uma for\u00e7a maior pode ser extremamente reconfortante e ajudar a aliviar a sensa\u00e7\u00e3o de isolamento e desespero.<\/p>\n\n\n\n<h3 class=\"wp-block-heading\">3. Promove a Resili\u00eancia<\/h3>\n\n\n\n<p class=\"wp-block-paragraph\">Pessoas com uma f\u00e9 s\u00f3lida tendem a ser mais resilientes. A cren\u00e7a em algo maior pode nos dar for\u00e7a para enfrentar adversidades com mais coragem e determina\u00e7\u00e3o. A f\u00e9 nos ensina a confiar no processo da vida, mesmo quando tudo parece incerto. Ela nos ajuda a encontrar significado nas dificuldades e a ver os desafios como oportunidades de crescimento.<\/p>\n\n\n\n<h3 class=\"wp-block-heading\">4. Fomenta o Apoio Social<\/h3>\n\n\n\n<p class=\"wp-block-paragraph\">As comunidades de f\u00e9 s\u00e3o fontes valiosas de apoio social. Participar de um grupo religioso ou espiritual pode proporcionar um senso de pertencimento e apoio emocional. A conviv\u00eancia com pessoas que compartilham a mesma f\u00e9 pode ser uma fonte significativa de conforto e motiva\u00e7\u00e3o. Esses la\u00e7os sociais fortalecem nossa capacidade de lidar com a dor emocional.<\/p>\n\n\n\n<h2 class=\"wp-block-heading\">Pr\u00e1ticas para Fortalecer a F\u00e9 e Amenizar a Dor Emocional<\/h2>\n\n\n\n<h3 class=\"wp-block-heading\">1. Medita\u00e7\u00e3o e Ora\u00e7\u00e3o<\/h3>\n\n\n\n<p class=\"wp-block-paragraph\">A medita\u00e7\u00e3o e a ora\u00e7\u00e3o s\u00e3o pr\u00e1ticas centrais em muitas tradi\u00e7\u00f5es espirituais. Elas nos permitem desacelerar, refletir e nos conectar com o divino. Esses momentos de introspec\u00e7\u00e3o e conex\u00e3o podem trazer uma profunda sensa\u00e7\u00e3o de paz e clareza mental.<\/p>\n\n\n\n<h3 class=\"wp-block-heading\">2. Leitura Espiritual<\/h3>\n\n\n\n<p class=\"wp-block-paragraph\">Ler textos sagrados ou inspiradores pode fortalecer a f\u00e9. Essas leituras oferecem sabedoria e perspectivas que podem ajudar a contextualizar nossos problemas e encontrar consolo. Elas nos lembram das promessas de esperan\u00e7a e reden\u00e7\u00e3o, independentemente das circunst\u00e2ncias.<\/p>\n\n\n\n<h3 class=\"wp-block-heading\">3. Participa\u00e7\u00e3o em Comunidades Religiosas<\/h3>\n\n\n\n<p class=\"wp-block-paragraph\">Participar de servi\u00e7os religiosos, grupos de estudo b\u00edblico ou outras atividades comunit\u00e1rias pode ser extremamente ben\u00e9fico. Esses encontros nos proporcionam a oportunidade de compartilhar nossas experi\u00eancias, receber apoio e fortalecer nossos la\u00e7os com outros que compartilham a mesma f\u00e9.<\/p>\n\n\n\n<h3 class=\"wp-block-heading\">4. Pr\u00e1tica da Gratid\u00e3o<\/h3>\n\n\n\n<p class=\"wp-block-paragraph\">Cultivar a gratid\u00e3o \u00e9 uma pr\u00e1tica poderosa que pode transformar nossa perspectiva. Ao focarmos nas b\u00ean\u00e7\u00e3os e nas coisas positivas da vida, fortalecemos nossa f\u00e9 e reduzimos a sensa\u00e7\u00e3o de desespero. A gratid\u00e3o nos ajuda a reconhecer que, mesmo em meio \u00e0 dor, h\u00e1 sempre algo pelo que ser grato.<\/p>\n\n\n\n<h2 class=\"wp-block-heading\">Uma fonte poderosa<\/h2>\n\n\n\n<p class=\"wp-block-paragraph\">A f\u00e9 \u00e9 uma fonte poderosa de for\u00e7a e consolo. Em momentos de dor emocional, ela nos oferece esperan\u00e7a, conforto, resili\u00eancia e apoio social. Ao praticar e cultivar nossa f\u00e9, podemos encontrar um al\u00edvio significativo para as nossas ang\u00fastias e construir uma vida mais equilibrada e plena. Independentemente da natureza da nossa cren\u00e7a, a f\u00e9 nos lembra que nunca estamos sozinhos e que h\u00e1 sempre uma luz a nos guiar, mesmo nas noites mais escuras.<\/p>\n\n\n\n<p class=\"wp-block-paragraph\"><strong>Voir aussi\u00a0: <a href=\"https:\/\/www.oracaoefe.com\/fr\/sexta-feira-santa-6-curiosidades-sobre-o-marco-do-calendario-cristao\/\">Sexta-Feira Santa: 6 curiosidades sobre o marco do calend\u00e1rio crist\u00e3o<\/a><\/strong><\/p>\n\n\n\n<p class=\"wp-block-paragraph\">25 de maio de 2024<\/p>","protected":false},"excerpt":{"rendered":"<p>A vida \u00e9 uma jornada repleta de desafios, e em meio \u00e0s dificuldades, muitas vezes nos encontramos em busca de algo que nos d\u00ea esperan\u00e7a e nos ajude a enfrentar as adversidades. A f\u00e9, independentemente da religi\u00e3o ou cren\u00e7a, \u00e9 uma poderosa ferramenta para amenizar a dor emocional e nos fortalecer diante das tempestades da&hellip;&nbsp;<\/p>","protected":false},"author":3,"featured_media":2833,"comment_status":"closed","ping_status":"closed","sticky":false,"template":"","format":"standard","meta":{"neve_meta_sidebar":"","neve_meta_container":"","neve_meta_enable_content_width":"","neve_meta_content_width":0,"neve_meta_title_alignment":"","neve_meta_author_avatar":"","neve_post_elements_order":"","neve_meta_disable_header":"","neve_meta_disable_footer":"","neve_meta_disable_title":"","footnotes":""},"categories":[3],"tags":[],"class_list":["post-2832","post","type-post","status-publish","format-standard","has-post-thumbnail","hentry","category-fe"],"yoast_head":"<!-- This site is optimized with the Yoast SEO plugin v28.4 - https:\/\/yoast.com\/product\/yoast-seo-wordpress\/ -->\n<title>Entenda a for\u00e7a da sua f\u00e9 para amenizar a dor emocional - Ora\u00e7\u00e3o e F\u00e9<\/title>\n<meta name=\"description\" content=\"Deus tem pra voc\u00ea uma palavra de vida!\" \/>\n<meta name=\"robots\" content=\"index, follow, max-snippet:-1, max-image-preview:large, max-video-preview:-1\" \/>\n<link rel=\"canonical\" href=\"https:\/\/www.oracaoefe.com\/fr\/entenda-a-forca-da-sua-fe-para-amenizar-a-dor-emocional\/\" \/>\n<meta property=\"og:locale\" content=\"fr_FR\" \/>\n<meta property=\"og:type\" content=\"article\" \/>\n<meta property=\"og:title\" content=\"Entenda a for\u00e7a da sua f\u00e9 para amenizar a dor emocional - Ora\u00e7\u00e3o e F\u00e9\" \/>\n<meta property=\"og:description\" content=\"Deus tem pra voc\u00ea uma palavra de vida!\" \/>\n<meta property=\"og:url\" content=\"https:\/\/www.oracaoefe.com\/fr\/entenda-a-forca-da-sua-fe-para-amenizar-a-dor-emocional\/\" \/>\n<meta property=\"og:site_name\" content=\"Ora\u00e7\u00e3o e F\u00e9\" \/>\n<meta property=\"article:published_time\" content=\"2024-05-26T01:00:14+00:00\" \/>\n<meta property=\"article:modified_time\" content=\"2024-05-26T01:00:15+00:00\" \/>\n<meta property=\"og:image\" content=\"https:\/\/www.oracaoefe.com\/wp-content\/uploads\/2024\/05\/image-7.png\" \/>\n\t<meta property=\"og:image:width\" content=\"1280\" \/>\n\t<meta property=\"og:image:height\" content=\"853\" \/>\n\t<meta property=\"og:image:type\" content=\"image\/png\" \/>\n<meta name=\"author\" content=\"Michele Azevedo\" \/>\n<meta name=\"twitter:card\" content=\"summary_large_image\" \/>\n<meta name=\"twitter:label1\" content=\"\u00c9crit par\" \/>\n\t<meta name=\"twitter:data1\" content=\"Michele Azevedo\" \/>\n\t<meta name=\"twitter:label2\" content=\"Dur\u00e9e de lecture estim\u00e9e\" \/>\n\t<meta name=\"twitter:data2\" content=\"4 minutes\" \/>\n<script type=\"application\/ld+json\" class=\"yoast-schema-graph\">{\"@context\":\"https:\\\/\\\/schema.org\",\"@graph\":[{\"@type\":\"Article\",\"@id\":\"https:\\\/\\\/www.oracaoefe.com\\\/entenda-a-forca-da-sua-fe-para-amenizar-a-dor-emocional\\\/#article\",\"isPartOf\":{\"@id\":\"https:\\\/\\\/www.oracaoefe.com\\\/entenda-a-forca-da-sua-fe-para-amenizar-a-dor-emocional\\\/\"},\"author\":{\"name\":\"Michele Azevedo\",\"@id\":\"https:\\\/\\\/www.oracaoefe.com\\\/#\\\/schema\\\/person\\\/17283c669442cf005c4d5bb58adfb7f5\"},\"headline\":\"Entenda a for\u00e7a da sua f\u00e9 para amenizar a dor emocional\",\"datePublished\":\"2024-05-26T01:00:14+00:00\",\"dateModified\":\"2024-05-26T01:00:15+00:00\",\"mainEntityOfPage\":{\"@id\":\"https:\\\/\\\/www.oracaoefe.com\\\/entenda-a-forca-da-sua-fe-para-amenizar-a-dor-emocional\\\/\"},\"wordCount\":766,\"image\":{\"@id\":\"https:\\\/\\\/www.oracaoefe.com\\\/entenda-a-forca-da-sua-fe-para-amenizar-a-dor-emocional\\\/#primaryimage\"},\"thumbnailUrl\":\"https:\\\/\\\/www.oracaoefe.com\\\/wp-content\\\/uploads\\\/2024\\\/05\\\/image-7.png\",\"articleSection\":[\"F\u00e9\"],\"inLanguage\":\"fr-FR\"},{\"@type\":\"WebPage\",\"@id\":\"https:\\\/\\\/www.oracaoefe.com\\\/entenda-a-forca-da-sua-fe-para-amenizar-a-dor-emocional\\\/\",\"url\":\"https:\\\/\\\/www.oracaoefe.com\\\/entenda-a-forca-da-sua-fe-para-amenizar-a-dor-emocional\\\/\",\"name\":\"Entenda a for\u00e7a da sua f\u00e9 para amenizar a dor emocional - Ora\u00e7\u00e3o e F\u00e9\",\"isPartOf\":{\"@id\":\"https:\\\/\\\/www.oracaoefe.com\\\/#website\"},\"primaryImageOfPage\":{\"@id\":\"https:\\\/\\\/www.oracaoefe.com\\\/entenda-a-forca-da-sua-fe-para-amenizar-a-dor-emocional\\\/#primaryimage\"},\"image\":{\"@id\":\"https:\\\/\\\/www.oracaoefe.com\\\/entenda-a-forca-da-sua-fe-para-amenizar-a-dor-emocional\\\/#primaryimage\"},\"thumbnailUrl\":\"https:\\\/\\\/www.oracaoefe.com\\\/wp-content\\\/uploads\\\/2024\\\/05\\\/image-7.png\",\"datePublished\":\"2024-05-26T01:00:14+00:00\",\"dateModified\":\"2024-05-26T01:00:15+00:00\",\"author\":{\"@id\":\"https:\\\/\\\/www.oracaoefe.com\\\/#\\\/schema\\\/person\\\/17283c669442cf005c4d5bb58adfb7f5\"},\"description\":\"Deus tem pra voc\u00ea uma palavra de vida!\",\"breadcrumb\":{\"@id\":\"https:\\\/\\\/www.oracaoefe.com\\\/entenda-a-forca-da-sua-fe-para-amenizar-a-dor-emocional\\\/#breadcrumb\"},\"inLanguage\":\"fr-FR\",\"potentialAction\":[{\"@type\":\"ReadAction\",\"target\":[\"https:\\\/\\\/www.oracaoefe.com\\\/entenda-a-forca-da-sua-fe-para-amenizar-a-dor-emocional\\\/\"]}]},{\"@type\":\"ImageObject\",\"inLanguage\":\"fr-FR\",\"@id\":\"https:\\\/\\\/www.oracaoefe.com\\\/entenda-a-forca-da-sua-fe-para-amenizar-a-dor-emocional\\\/#primaryimage\",\"url\":\"https:\\\/\\\/www.oracaoefe.com\\\/wp-content\\\/uploads\\\/2024\\\/05\\\/image-7.png\",\"contentUrl\":\"https:\\\/\\\/www.oracaoefe.com\\\/wp-content\\\/uploads\\\/2024\\\/05\\\/image-7.png\",\"width\":1280,\"height\":853},{\"@type\":\"BreadcrumbList\",\"@id\":\"https:\\\/\\\/www.oracaoefe.com\\\/entenda-a-forca-da-sua-fe-para-amenizar-a-dor-emocional\\\/#breadcrumb\",\"itemListElement\":[{\"@type\":\"ListItem\",\"position\":1,\"name\":\"Home\",\"item\":\"https:\\\/\\\/www.oracaoefe.com\\\/\"},{\"@type\":\"ListItem\",\"position\":2,\"name\":\"F\u00e9\",\"item\":\"https:\\\/\\\/www.oracaoefe.com\\\/es\\\/categoria\\\/fe\\\/\"},{\"@type\":\"ListItem\",\"position\":3,\"name\":\"Entenda a for\u00e7a da sua f\u00e9 para amenizar a dor emocional\"}]},{\"@type\":\"WebSite\",\"@id\":\"https:\\\/\\\/www.oracaoefe.com\\\/#website\",\"url\":\"https:\\\/\\\/www.oracaoefe.com\\\/\",\"name\":\"Ora\u00e7\u00e3o e F\u00e9\",\"description\":\"\",\"potentialAction\":[{\"@type\":\"SearchAction\",\"target\":{\"@type\":\"EntryPoint\",\"urlTemplate\":\"https:\\\/\\\/www.oracaoefe.com\\\/?s={search_term_string}\"},\"query-input\":{\"@type\":\"PropertyValueSpecification\",\"valueRequired\":true,\"valueName\":\"search_term_string\"}}],\"inLanguage\":\"fr-FR\"},{\"@type\":\"Person\",\"@id\":\"https:\\\/\\\/www.oracaoefe.com\\\/#\\\/schema\\\/person\\\/17283c669442cf005c4d5bb58adfb7f5\",\"name\":\"Michele Azevedo\",\"image\":{\"@type\":\"ImageObject\",\"inLanguage\":\"fr-FR\",\"@id\":\"https:\\\/\\\/secure.gravatar.com\\\/avatar\\\/6b0eb9d22841282815e2cd856a0061c45e1761cd54b22e952d98c4746939aa85?s=96&d=mm&r=g\",\"url\":\"https:\\\/\\\/secure.gravatar.com\\\/avatar\\\/6b0eb9d22841282815e2cd856a0061c45e1761cd54b22e952d98c4746939aa85?s=96&d=mm&r=g\",\"contentUrl\":\"https:\\\/\\\/secure.gravatar.com\\\/avatar\\\/6b0eb9d22841282815e2cd856a0061c45e1761cd54b22e952d98c4746939aa85?s=96&d=mm&r=g\",\"caption\":\"Michele Azevedo\"},\"description\":\"Formada em Letras - Portugu\u00eas\\\/ Ingl\u00eas pela Universidade Estadual de Ponta Grossa (UEPG), p\u00f3s-graduada em Arte na Educa\u00e7\u00e3o (FAPI) e Psicopedagogia Escolar (FAPI), idealizadora e propriet\u00e1ria do site Escritora de Sucesso, possui experi\u00eancia em escrita para blogs em geral e atua como redatora e revisora dos conte\u00fados do Ora\u00e7\u00e3o e F\u00e9.\",\"url\":\"https:\\\/\\\/www.oracaoefe.com\\\/fr\\\/author\\\/michele-azevedo\\\/\"}]}<\/script>\n<!-- \/ Yoast SEO plugin. -->","yoast_head_json":{"title":"Entenda a for\u00e7a da sua f\u00e9 para amenizar a dor emocional - Ora\u00e7\u00e3o e F\u00e9","description":"Dieu a une parole de vie pour vous !","robots":{"index":"index","follow":"follow","max-snippet":"max-snippet:-1","max-image-preview":"max-image-preview:large","max-video-preview":"max-video-preview:-1"},"canonical":"https:\/\/www.oracaoefe.com\/fr\/entenda-a-forca-da-sua-fe-para-amenizar-a-dor-emocional\/","og_locale":"fr_FR","og_type":"article","og_title":"Entenda a for\u00e7a da sua f\u00e9 para amenizar a dor emocional - Ora\u00e7\u00e3o e F\u00e9","og_description":"Deus tem pra voc\u00ea uma palavra de vida!","og_url":"https:\/\/www.oracaoefe.com\/fr\/entenda-a-forca-da-sua-fe-para-amenizar-a-dor-emocional\/","og_site_name":"Ora\u00e7\u00e3o e F\u00e9","article_published_time":"2024-05-26T01:00:14+00:00","article_modified_time":"2024-05-26T01:00:15+00:00","og_image":[{"width":1280,"height":853,"url":"https:\/\/www.oracaoefe.com\/wp-content\/uploads\/2024\/05\/image-7.png","type":"image\/png"}],"author":"Michele Azevedo","twitter_card":"summary_large_image","twitter_misc":{"\u00c9crit par":"Michele Azevedo","Dur\u00e9e de lecture estim\u00e9e":"4 minutes"},"schema":{"@context":"https:\/\/schema.org","@graph":[{"@type":"Article","@id":"https:\/\/www.oracaoefe.com\/entenda-a-forca-da-sua-fe-para-amenizar-a-dor-emocional\/#article","isPartOf":{"@id":"https:\/\/www.oracaoefe.com\/entenda-a-forca-da-sua-fe-para-amenizar-a-dor-emocional\/"},"author":{"name":"Michele Azevedo","@id":"https:\/\/www.oracaoefe.com\/#\/schema\/person\/17283c669442cf005c4d5bb58adfb7f5"},"headline":"Entenda a for\u00e7a da sua f\u00e9 para amenizar a dor emocional","datePublished":"2024-05-26T01:00:14+00:00","dateModified":"2024-05-26T01:00:15+00:00","mainEntityOfPage":{"@id":"https:\/\/www.oracaoefe.com\/entenda-a-forca-da-sua-fe-para-amenizar-a-dor-emocional\/"},"wordCount":766,"image":{"@id":"https:\/\/www.oracaoefe.com\/entenda-a-forca-da-sua-fe-para-amenizar-a-dor-emocional\/#primaryimage"},"thumbnailUrl":"https:\/\/www.oracaoefe.com\/wp-content\/uploads\/2024\/05\/image-7.png","articleSection":["F\u00e9"],"inLanguage":"fr-FR"},{"@type":"WebPage","@id":"https:\/\/www.oracaoefe.com\/entenda-a-forca-da-sua-fe-para-amenizar-a-dor-emocional\/","url":"https:\/\/www.oracaoefe.com\/entenda-a-forca-da-sua-fe-para-amenizar-a-dor-emocional\/","name":"Entenda a for\u00e7a da sua f\u00e9 para amenizar a dor emocional - Ora\u00e7\u00e3o e F\u00e9","isPartOf":{"@id":"https:\/\/www.oracaoefe.com\/#website"},"primaryImageOfPage":{"@id":"https:\/\/www.oracaoefe.com\/entenda-a-forca-da-sua-fe-para-amenizar-a-dor-emocional\/#primaryimage"},"image":{"@id":"https:\/\/www.oracaoefe.com\/entenda-a-forca-da-sua-fe-para-amenizar-a-dor-emocional\/#primaryimage"},"thumbnailUrl":"https:\/\/www.oracaoefe.com\/wp-content\/uploads\/2024\/05\/image-7.png","datePublished":"2024-05-26T01:00:14+00:00","dateModified":"2024-05-26T01:00:15+00:00","author":{"@id":"https:\/\/www.oracaoefe.com\/#\/schema\/person\/17283c669442cf005c4d5bb58adfb7f5"},"description":"Dieu a une parole de vie pour vous !","breadcrumb":{"@id":"https:\/\/www.oracaoefe.com\/entenda-a-forca-da-sua-fe-para-amenizar-a-dor-emocional\/#breadcrumb"},"inLanguage":"fr-FR","potentialAction":[{"@type":"ReadAction","target":["https:\/\/www.oracaoefe.com\/entenda-a-forca-da-sua-fe-para-amenizar-a-dor-emocional\/"]}]},{"@type":"ImageObject","inLanguage":"fr-FR","@id":"https:\/\/www.oracaoefe.com\/entenda-a-forca-da-sua-fe-para-amenizar-a-dor-emocional\/#primaryimage","url":"https:\/\/www.oracaoefe.com\/wp-content\/uploads\/2024\/05\/image-7.png","contentUrl":"https:\/\/www.oracaoefe.com\/wp-content\/uploads\/2024\/05\/image-7.png","width":1280,"height":853},{"@type":"BreadcrumbList","@id":"https:\/\/www.oracaoefe.com\/entenda-a-forca-da-sua-fe-para-amenizar-a-dor-emocional\/#breadcrumb","itemListElement":[{"@type":"ListItem","position":1,"name":"Home","item":"https:\/\/www.oracaoefe.com\/"},{"@type":"ListItem","position":2,"name":"F\u00e9","item":"https:\/\/www.oracaoefe.com\/es\/categoria\/fe\/"},{"@type":"ListItem","position":3,"name":"Entenda a for\u00e7a da sua f\u00e9 para amenizar a dor emocional"}]},{"@type":"WebSite","@id":"https:\/\/www.oracaoefe.com\/#website","url":"https:\/\/www.oracaoefe.com\/","name":"Pri\u00e8re et foi","description":"","potentialAction":[{"@type":"SearchAction","target":{"@type":"EntryPoint","urlTemplate":"https:\/\/www.oracaoefe.com\/?s={search_term_string}"},"query-input":{"@type":"PropertyValueSpecification","valueRequired":true,"valueName":"search_term_string"}}],"inLanguage":"fr-FR"},{"@type":"Person","@id":"https:\/\/www.oracaoefe.com\/#\/schema\/person\/17283c669442cf005c4d5bb58adfb7f5","name":"Michele Azevedo","image":{"@type":"ImageObject","inLanguage":"fr-FR","@id":"https:\/\/secure.gravatar.com\/avatar\/6b0eb9d22841282815e2cd856a0061c45e1761cd54b22e952d98c4746939aa85?s=96&d=mm&r=g","url":"https:\/\/secure.gravatar.com\/avatar\/6b0eb9d22841282815e2cd856a0061c45e1761cd54b22e952d98c4746939aa85?s=96&d=mm&r=g","contentUrl":"https:\/\/secure.gravatar.com\/avatar\/6b0eb9d22841282815e2cd856a0061c45e1761cd54b22e952d98c4746939aa85?s=96&d=mm&r=g","caption":"Michele Azevedo"},"description":"Dipl\u00f4m\u00e9e en litt\u00e9rature portugaise\/anglaise de l&#039;Universit\u00e9 d&#039;\u00c9tat de Ponta Grossa (UEPG), avec des dipl\u00f4mes de troisi\u00e8me cycle en art dans l&#039;\u00e9ducation (FAPI) et en psychop\u00e9dagogie scolaire (FAPI), elle est la cr\u00e9atrice et propri\u00e9taire du site web Escritora de Sucesso, a de l&#039;exp\u00e9rience dans l&#039;\u00e9criture pour les blogs en g\u00e9n\u00e9ral et travaille comme r\u00e9dactrice et \u00e9ditrice du contenu pour Ora\u00e7\u00e3o e F\u00e9.","url":"https:\/\/www.oracaoefe.com\/fr\/author\/michele-azevedo\/"}]}},"_links":{"self":[{"href":"https:\/\/www.oracaoefe.com\/fr\/wp-json\/wp\/v2\/posts\/2832","targetHints":{"allow":["GET"]}}],"collection":[{"href":"https:\/\/www.oracaoefe.com\/fr\/wp-json\/wp\/v2\/posts"}],"about":[{"href":"https:\/\/www.oracaoefe.com\/fr\/wp-json\/wp\/v2\/types\/post"}],"author":[{"embeddable":true,"href":"https:\/\/www.oracaoefe.com\/fr\/wp-json\/wp\/v2\/users\/3"}],"replies":[{"embeddable":true,"href":"https:\/\/www.oracaoefe.com\/fr\/wp-json\/wp\/v2\/comments?post=2832"}],"version-history":[{"count":1,"href":"https:\/\/www.oracaoefe.com\/fr\/wp-json\/wp\/v2\/posts\/2832\/revisions"}],"predecessor-version":[{"id":2834,"href":"https:\/\/www.oracaoefe.com\/fr\/wp-json\/wp\/v2\/posts\/2832\/revisions\/2834"}],"wp:featuredmedia":[{"embeddable":true,"href":"https:\/\/www.oracaoefe.com\/fr\/wp-json\/wp\/v2\/media\/2833"}],"wp:attachment":[{"href":"https:\/\/www.oracaoefe.com\/fr\/wp-json\/wp\/v2\/media?parent=2832"}],"wp:term":[{"taxonomy":"category","embeddable":true,"href":"https:\/\/www.oracaoefe.com\/fr\/wp-json\/wp\/v2\/categories?post=2832"},{"taxonomy":"post_tag","embeddable":true,"href":"https:\/\/www.oracaoefe.com\/fr\/wp-json\/wp\/v2\/tags?post=2832"}],"curies":[{"name":"wp","href":"https:\/\/api.w.org\/{rel}","templated":true}]}}