{"id":283,"date":"2022-09-24T21:34:49","date_gmt":"2022-09-25T00:34:49","guid":{"rendered":"https:\/\/www.oracaoefe.com\/?p=283"},"modified":"2025-06-15T15:17:54","modified_gmt":"2025-06-15T18:17:54","slug":"temos-o-direito-de-ser-felizes-quando-os-outros-estao-sofrendo","status":"publish","type":"post","link":"https:\/\/www.oracaoefe.com\/fr\/temos-o-direito-de-ser-felizes-quando-os-outros-estao-sofrendo\/","title":{"rendered":"Avons-nous le droit d'\u00eatre heureux quand d'autres souffrent ?"},"content":{"rendered":"<div class=\"wp-block-post-date\"><time datetime=\"2022-09-24T21:34:49-03:00\">24 septembre 2022<\/time><\/div>\n\n\n<p class=\"wp-block-paragraph\">O sopro de Deus dentro de n\u00f3s \u00e9 uma alegria imensa. Ao passo que ficamos felizes, andamos conforme Deus. Contudo, ao passo que os demais sofrem, nossa felicidade est\u00e1 em dissentimento com o que eles est\u00e3o sentindo.&nbsp;<\/p>\n\n\n\n<p class=\"wp-block-paragraph\">\u00c9 por essa raz\u00e3o que o ap\u00f3stolo Paulo diz o seguinte: sim, \u201calegrar-se com os que se alegram\u201d, mas tamb\u00e9m: \u201cChorar com os que choram\u201d (Romanos 12:15). A alegria \u00e9 certamente para que fomos feitos. Mas diante do sofrimento alheio, \u00e9 chorando que estamos na verdade.<\/p>\n\n\n\n<h2 class=\"wp-block-heading\">Felicidade pode ser prejudicial?<\/h2>\n\n\n\n<p class=\"wp-block-paragraph\">A felicidade pode ser prejudicial para aqueles que s\u00e3o exclu\u00eddos dela. A satisfa\u00e7\u00e3o do bem-sucedido prejudica os mal sucedidos. O j\u00fabilo dos que se adoram magoa os que s\u00e3o deixados de lado. Ao passo que aqueles que s\u00e3o felizes tamb\u00e9m me proporcionam o sentimento de um prazer malicioso por me terem suplantado, a sua felicidade transforma-se absolutamente insuport\u00e1vel.&nbsp;<\/p>\n\n\n\n<p class=\"wp-block-paragraph\">A felicidade pode ser prejudicial sem m\u00e1s inten\u00e7\u00f5es: Jesus descreve em uma par\u00e1bola a felicidade de um rico \u201clevando uma vida alegre e brilhante\u201d sem sequer notar o pobre L\u00e1zaro sentado \u00e0 sua porta (Lc 16, 19-21).<\/p>\n\n\n\n<p class=\"wp-block-paragraph\">Chorar \u00e9 melhor que tanta felicidade. Mas como Paulo pode escrever: \u201cAlegrai-vos sem cessar\u201d (Filipenses 4:4)? Se h\u00e1 alegrias que doem, tamb\u00e9m h\u00e1 tristezas que doem. Quando estou triste e abatido, n\u00e3o espero que meus entes queridos me dominem com sua tristeza, acrescentando sua tristeza \u00e0 minha infelicidade.&nbsp;<\/p>\n\n\n\n<p class=\"wp-block-paragraph\">Por conseguinte, o que fazer ao passo que os demais est\u00e3o sofrendo? Ficar feliz, correndo o risco de ferir aqueles que s\u00e3o exclu\u00eddos pela nossa felicidade? Ou ficar triste, correndo o risco de pesar nossa tristeza em uma desgra\u00e7a que j\u00e1 \u00e9 pesada de suportar?<\/p>\n\n\n\n<p class=\"wp-block-paragraph\">\u201cRegozijai-vos sem cessar\u201d. Paulo continua: \u201cSeja a vossa bondade conhecida de todos\u201d (Filipenses 4:5). A alegria em quest\u00e3o irradia, portanto, bondade, uma do\u00e7ura. Esta alegria \u00e9 primeiro interior. \u00c0s vezes \u00e9 quase impercept\u00edvel e n\u00e3o percept\u00edvel por nenhum sinal externo. Ela toca suavemente. Assim como, no frio do inverno, \u00e9 bom estar perto de um fog\u00e3o radiante, \u00e9 bom, na desgra\u00e7a, estar perto de algu\u00e9m cuja alegria profunda irradia bondade.<\/p>\n\n\n\n<p class=\"wp-block-paragraph\">Qual \u00e9 o segredo de uma felicidade que n\u00e3o ofende, mas eleva quem sofre? Deve ser a alegria dos pobres, uma felicidade n\u00e3o possu\u00edda, mas imediatamente compartilhada.<\/p>\n\n\n\n<p class=\"wp-block-paragraph\">Proibir-se de ser feliz quando os outros est\u00e3o sofrendo pode levar a um desespero comum. Temos coisas melhores a fazer para aqueles que est\u00e3o em infort\u00fanio. Uma das coisas mais preciosas que podemos oferecer \u00e9 nossa luta oculta para manter a alegria do Esp\u00edrito Santo, a alegria que irradia bondade e transmite for\u00e7a e coragem.<\/p>\n\n\n\n<h3 class=\"wp-block-heading\">E o que \u00e9 felicidade para Deus?<\/h3>\n\n\n\n<p class=\"wp-block-paragraph\">A Palavra de Deus come\u00e7a estabelecendo que a felicidade \u00e9 encontrada em Deus e em nenhum outro lugar. O ap\u00f3stolo nos fala, em Tm. 1,11, do &#8220;evangelho da gl\u00f3ria do Deus bendito&nbsp; &#8221; que lhe foi confiado, mas esta passagem nos mostra, ao mesmo tempo, que Deus quer nos comunicar sua felicidade, bem como tudo o que a constitui, porque ele nos fala do &#8220;evangelho da gl\u00f3ria do Deus bendito&#8221;.&nbsp;<\/p>\n\n\n\n<p class=\"wp-block-paragraph\">\u00c9 uma boa not\u00edcia que ele nos anuncia. O que constitui sua felicidade \u00e9 sua gl\u00f3ria, isto \u00e9, todas as suas perfei\u00e7\u00f5es: sua justi\u00e7a, sua santidade, seu amor e sua gra\u00e7a, manifestados, para que possamos ser revestidos deles, na Pessoa e obra de nosso Senhor Jesus Cristo.&nbsp;<\/p>\n\n\n\n<p class=\"wp-block-paragraph\">J\u00e1 podemos conseguir essas coisas, pois a reprodu\u00e7\u00e3o do car\u00e1ter de Cristo \u00e9 nossa felicidade; mas entraremos na plenitude dessa realiza\u00e7\u00e3o na &#8220;apari\u00e7\u00e3o de nosso Senhor Jesus Cristo, a quem o bem- aventurado e \u00fanico Soberano, Rei dos que reinam e Senhor dos que governam, mostrar\u00e1 no devido tempo&#8221; (Tm 6: 14, 15).<\/p>\n\n\n\n<p class=\"wp-block-paragraph\">Vemos, ent\u00e3o, que nossa felicidade \u00e9 algo infinitamente elevado, algo divino, que surge da comunica\u00e7\u00e3o que nos \u00e9 feita da natureza de Deus em todas as suas manifesta\u00e7\u00f5es; algo que nos pertence logo que recebemos o Evangelho, algo que nos acompanha ao longo do nosso percurso, e que ter\u00e1 o seu pleno florescimento na gl\u00f3ria.<\/p>\n\n\n\n<p class=\"wp-block-paragraph\">O mundo \u00e9 completamente estranho para nossa felicidade, embora os homens passem a vida procurando-a onde nunca a encontrar\u00e3o, ou seja, no gozo das &#8220;coisas que est\u00e3o no mundo&#8221;. Estes assumem mil formas diferentes que Satan\u00e1s apresenta aos homens para esconder de seus olhos a verdadeira, a \u00fanica felicidade.&nbsp;<\/p>\n\n\n\n<p class=\"wp-block-paragraph\">Eles s\u00e3o agrupados sob tr\u00eas cabe\u00e7as: \u201ca concupisc\u00eancia da carne, e a concupisc\u00eancia dos olhos, e a soberba da vida\u201d (Jo\u00e3o 2:16). Um homem do mundo, e por isso eu designo um homem que professa o cristianismo sem ter a realidade dele, um homem que, como as virgens loucas, \u00e9 provido de sua l\u00e2mpada, mas sem o \u00f3leo que o alimenta, \u00e9 que \u00e9, sem o Esp\u00edrito Santo que d\u00e1 vida divina, este homem j\u00e1 encontrou a felicidade?&nbsp;<\/p>\n\n\n\n<p class=\"wp-block-paragraph\">Os mais favorecidos, depois de terem tentado de tudo para obt\u00ea-lo, declaram, quando s\u00e3o for\u00e7ados a emergir da vertigem dos prazeres, ou da tirania do trabalho, ou do cultivo da ci\u00eancia e das artes, que nunca conheceram a felicidade. N\u00f3s iremos! Esta felicidade, n\u00f3s crist\u00e3os, n\u00f3s a possu\u00edmos. Podemos dizer: estou perfeitamente feliz! n\u00e3o: desfruto perfeitamente da minha felicidade, mas:Eu tenho isso e nada pode tirar isso de mim.<\/p>\n\n\n\n<p class=\"wp-block-paragraph\">A felicidade \u00e9, portanto, o quinh\u00e3o do crist\u00e3o e de mais ningu\u00e9m, mas estas p\u00e1ginas pretendem mostrar-nos o que consiste n\u00e3o a posse dessa felicidade, mas o seu gozo.<\/p>","protected":false},"excerpt":{"rendered":"<p>O sopro de Deus dentro de n\u00f3s \u00e9 uma alegria imensa. Ao passo que ficamos felizes, andamos conforme Deus. O sopro de Deus dentro&#8230;<\/p>","protected":false},"author":1,"featured_media":432,"comment_status":"open","ping_status":"closed","sticky":false,"template":"","format":"standard","meta":{"neve_meta_sidebar":"","neve_meta_container":"","neve_meta_enable_content_width":"","neve_meta_content_width":0,"neve_meta_title_alignment":"","neve_meta_author_avatar":"","neve_post_elements_order":"","neve_meta_disable_header":"","neve_meta_disable_footer":"","neve_meta_disable_title":"","footnotes":""},"categories":[3],"tags":[20,48,49],"class_list":["post-283","post","type-post","status-publish","format-standard","has-post-thumbnail","hentry","category-fe","tag-deus","tag-direito-de-ser-feliz","tag-felicidade"],"yoast_head":"<!-- This site is optimized with the Yoast SEO plugin v28.4 - https:\/\/yoast.com\/product\/yoast-seo-wordpress\/ -->\n<title>Temos o direito de ser felizes quando os outros est\u00e3o sofrendo? - Ora\u00e7\u00e3o e F\u00e9<\/title>\n<meta name=\"description\" content=\"O sopro de Deus dentro de n\u00f3s \u00e9 uma alegria imensa. Ao passo que ficamos felizes, andamos conforme Deus. O sopro de Deus dentro...\" \/>\n<meta name=\"robots\" content=\"index, follow, max-snippet:-1, max-image-preview:large, max-video-preview:-1\" \/>\n<link rel=\"canonical\" href=\"https:\/\/www.oracaoefe.com\/fr\/temos-o-direito-de-ser-felizes-quando-os-outros-estao-sofrendo\/\" \/>\n<meta property=\"og:locale\" content=\"fr_FR\" \/>\n<meta property=\"og:type\" content=\"article\" \/>\n<meta property=\"og:title\" content=\"Temos o direito de ser felizes quando os outros est\u00e3o sofrendo? - Ora\u00e7\u00e3o e F\u00e9\" \/>\n<meta property=\"og:description\" content=\"O sopro de Deus dentro de n\u00f3s \u00e9 uma alegria imensa. Ao passo que ficamos felizes, andamos conforme Deus. O sopro de Deus dentro...\" \/>\n<meta property=\"og:url\" content=\"https:\/\/www.oracaoefe.com\/fr\/temos-o-direito-de-ser-felizes-quando-os-outros-estao-sofrendo\/\" \/>\n<meta property=\"og:site_name\" content=\"Ora\u00e7\u00e3o e F\u00e9\" \/>\n<meta property=\"article:published_time\" content=\"2022-09-25T00:34:49+00:00\" \/>\n<meta property=\"article:modified_time\" content=\"2025-06-15T18:17:54+00:00\" \/>\n<meta property=\"og:image\" content=\"https:\/\/www.oracaoefe.com\/wp-content\/uploads\/2022\/09\/Temos-o-direito-de-ser-felizes-quando-os-outros-estao-sofrendo.jpg\" \/>\n\t<meta property=\"og:image:width\" content=\"1200\" \/>\n\t<meta property=\"og:image:height\" content=\"675\" \/>\n\t<meta property=\"og:image:type\" content=\"image\/jpeg\" \/>\n<meta name=\"author\" content=\"Maria\" \/>\n<meta name=\"twitter:card\" content=\"summary_large_image\" \/>\n<meta name=\"twitter:label1\" content=\"\u00c9crit par\" \/>\n\t<meta name=\"twitter:data1\" content=\"Maria\" \/>\n\t<meta name=\"twitter:label2\" content=\"Dur\u00e9e de lecture estim\u00e9e\" \/>\n\t<meta name=\"twitter:data2\" content=\"5 minutes\" \/>\n<script type=\"application\/ld+json\" class=\"yoast-schema-graph\">{\"@context\":\"https:\\\/\\\/schema.org\",\"@graph\":[{\"@type\":\"Article\",\"@id\":\"https:\\\/\\\/www.oracaoefe.com\\\/temos-o-direito-de-ser-felizes-quando-os-outros-estao-sofrendo\\\/#article\",\"isPartOf\":{\"@id\":\"https:\\\/\\\/www.oracaoefe.com\\\/temos-o-direito-de-ser-felizes-quando-os-outros-estao-sofrendo\\\/\"},\"author\":{\"name\":\"Maria\",\"@id\":\"https:\\\/\\\/www.oracaoefe.com\\\/#\\\/schema\\\/person\\\/27873f1e6043866689f5091b5139f23d\"},\"headline\":\"Temos o direito de ser felizes quando os outros est\u00e3o sofrendo?\",\"datePublished\":\"2022-09-25T00:34:49+00:00\",\"dateModified\":\"2025-06-15T18:17:54+00:00\",\"mainEntityOfPage\":{\"@id\":\"https:\\\/\\\/www.oracaoefe.com\\\/temos-o-direito-de-ser-felizes-quando-os-outros-estao-sofrendo\\\/\"},\"wordCount\":950,\"commentCount\":0,\"image\":{\"@id\":\"https:\\\/\\\/www.oracaoefe.com\\\/temos-o-direito-de-ser-felizes-quando-os-outros-estao-sofrendo\\\/#primaryimage\"},\"thumbnailUrl\":\"https:\\\/\\\/www.oracaoefe.com\\\/wp-content\\\/uploads\\\/2022\\\/09\\\/Temos-o-direito-de-ser-felizes-quando-os-outros-estao-sofrendo.jpg\",\"keywords\":[\"Deus\",\"direito de ser feliz\",\"felicidade\"],\"articleSection\":[\"F\u00e9\"],\"inLanguage\":\"fr-FR\",\"potentialAction\":[{\"@type\":\"CommentAction\",\"name\":\"Comment\",\"target\":[\"https:\\\/\\\/www.oracaoefe.com\\\/temos-o-direito-de-ser-felizes-quando-os-outros-estao-sofrendo\\\/#respond\"]}]},{\"@type\":\"WebPage\",\"@id\":\"https:\\\/\\\/www.oracaoefe.com\\\/temos-o-direito-de-ser-felizes-quando-os-outros-estao-sofrendo\\\/\",\"url\":\"https:\\\/\\\/www.oracaoefe.com\\\/temos-o-direito-de-ser-felizes-quando-os-outros-estao-sofrendo\\\/\",\"name\":\"Temos o direito de ser felizes quando os outros est\u00e3o sofrendo? - Ora\u00e7\u00e3o e F\u00e9\",\"isPartOf\":{\"@id\":\"https:\\\/\\\/www.oracaoefe.com\\\/#website\"},\"primaryImageOfPage\":{\"@id\":\"https:\\\/\\\/www.oracaoefe.com\\\/temos-o-direito-de-ser-felizes-quando-os-outros-estao-sofrendo\\\/#primaryimage\"},\"image\":{\"@id\":\"https:\\\/\\\/www.oracaoefe.com\\\/temos-o-direito-de-ser-felizes-quando-os-outros-estao-sofrendo\\\/#primaryimage\"},\"thumbnailUrl\":\"https:\\\/\\\/www.oracaoefe.com\\\/wp-content\\\/uploads\\\/2022\\\/09\\\/Temos-o-direito-de-ser-felizes-quando-os-outros-estao-sofrendo.jpg\",\"datePublished\":\"2022-09-25T00:34:49+00:00\",\"dateModified\":\"2025-06-15T18:17:54+00:00\",\"author\":{\"@id\":\"https:\\\/\\\/www.oracaoefe.com\\\/#\\\/schema\\\/person\\\/27873f1e6043866689f5091b5139f23d\"},\"description\":\"O sopro de Deus dentro de n\u00f3s \u00e9 uma alegria imensa. Ao passo que ficamos felizes, andamos conforme Deus. O sopro de Deus dentro...\",\"breadcrumb\":{\"@id\":\"https:\\\/\\\/www.oracaoefe.com\\\/temos-o-direito-de-ser-felizes-quando-os-outros-estao-sofrendo\\\/#breadcrumb\"},\"inLanguage\":\"fr-FR\",\"potentialAction\":[{\"@type\":\"ReadAction\",\"target\":[\"https:\\\/\\\/www.oracaoefe.com\\\/temos-o-direito-de-ser-felizes-quando-os-outros-estao-sofrendo\\\/\"]}]},{\"@type\":\"ImageObject\",\"inLanguage\":\"fr-FR\",\"@id\":\"https:\\\/\\\/www.oracaoefe.com\\\/temos-o-direito-de-ser-felizes-quando-os-outros-estao-sofrendo\\\/#primaryimage\",\"url\":\"https:\\\/\\\/www.oracaoefe.com\\\/wp-content\\\/uploads\\\/2022\\\/09\\\/Temos-o-direito-de-ser-felizes-quando-os-outros-estao-sofrendo.jpg\",\"contentUrl\":\"https:\\\/\\\/www.oracaoefe.com\\\/wp-content\\\/uploads\\\/2022\\\/09\\\/Temos-o-direito-de-ser-felizes-quando-os-outros-estao-sofrendo.jpg\",\"width\":1200,\"height\":675,\"caption\":\"Temos o direito de ser felizes quando os outros est\u00e3o sofrendo\"},{\"@type\":\"BreadcrumbList\",\"@id\":\"https:\\\/\\\/www.oracaoefe.com\\\/temos-o-direito-de-ser-felizes-quando-os-outros-estao-sofrendo\\\/#breadcrumb\",\"itemListElement\":[{\"@type\":\"ListItem\",\"position\":1,\"name\":\"Home\",\"item\":\"https:\\\/\\\/www.oracaoefe.com\\\/\"},{\"@type\":\"ListItem\",\"position\":2,\"name\":\"Temos o direito de ser felizes quando os outros est\u00e3o sofrendo?\"}]},{\"@type\":\"WebSite\",\"@id\":\"https:\\\/\\\/www.oracaoefe.com\\\/#website\",\"url\":\"https:\\\/\\\/www.oracaoefe.com\\\/\",\"name\":\"Ora\u00e7\u00e3o e F\u00e9\",\"description\":\"\",\"potentialAction\":[{\"@type\":\"SearchAction\",\"target\":{\"@type\":\"EntryPoint\",\"urlTemplate\":\"https:\\\/\\\/www.oracaoefe.com\\\/?s={search_term_string}\"},\"query-input\":{\"@type\":\"PropertyValueSpecification\",\"valueRequired\":true,\"valueName\":\"search_term_string\"}}],\"inLanguage\":\"fr-FR\"},{\"@type\":\"Person\",\"@id\":\"https:\\\/\\\/www.oracaoefe.com\\\/#\\\/schema\\\/person\\\/27873f1e6043866689f5091b5139f23d\",\"name\":\"Maria\",\"image\":{\"@type\":\"ImageObject\",\"inLanguage\":\"fr-FR\",\"@id\":\"https:\\\/\\\/secure.gravatar.com\\\/avatar\\\/4cac5ea56d40d599bd7348d330a83b1c84cd229296d1613cd1c7f6740561d0c9?s=96&d=mm&r=g\",\"url\":\"https:\\\/\\\/secure.gravatar.com\\\/avatar\\\/4cac5ea56d40d599bd7348d330a83b1c84cd229296d1613cd1c7f6740561d0c9?s=96&d=mm&r=g\",\"contentUrl\":\"https:\\\/\\\/secure.gravatar.com\\\/avatar\\\/4cac5ea56d40d599bd7348d330a83b1c84cd229296d1613cd1c7f6740561d0c9?s=96&d=mm&r=g\",\"caption\":\"Maria\"},\"description\":\"Meu nome \u00e9 Maria e sou apaixonada por teologia, espiritualidade e estudos religiosos. H\u00e1 mais de 5 anos escrevo sobre o universo da f\u00e9, pesquisando diferentes religi\u00f5es, doutrinas, tradi\u00e7\u00f5es espirituais e curiosidades religiosas ao redor do mundo. Tenho grande interesse em compreender como a f\u00e9 e a religiosidade se manifestam em diferentes culturas, pa\u00edses e idiomas, sempre buscando aprender mais sobre os costumes, cren\u00e7as e hist\u00f3rias que influenciam milh\u00f5es de pessoas diariamente. Atualmente, atuo como redatora no portal Ora\u00e7\u00e3o e F\u00e9, onde compartilho conte\u00fados informativos, reflexivos e inspiradores voltados ao universo religioso e espiritual. Meu objetivo \u00e9 levar conhecimento, curiosidades e mensagens enriquecedoras para leitores que desejam aprofundar sua compreens\u00e3o sobre f\u00e9, religi\u00e3o e espiritualidade no mundo moderno.\",\"sameAs\":[\"https:\\\/\\\/www.oracaoefe.com\"],\"url\":\"https:\\\/\\\/www.oracaoefe.com\\\/fr\\\/author\\\/admin\\\/\"}]}<\/script>\n<!-- \/ Yoast SEO plugin. -->","yoast_head_json":{"title":"Temos o direito de ser felizes quando os outros est\u00e3o sofrendo? - Ora\u00e7\u00e3o e F\u00e9","description":"Le souffle de Dieu en nous est une joie immense. Tant que nous sommes heureux, nous marchons selon Dieu. Le souffle de Dieu \u00e0 l'int\u00e9rieur...","robots":{"index":"index","follow":"follow","max-snippet":"max-snippet:-1","max-image-preview":"max-image-preview:large","max-video-preview":"max-video-preview:-1"},"canonical":"https:\/\/www.oracaoefe.com\/fr\/temos-o-direito-de-ser-felizes-quando-os-outros-estao-sofrendo\/","og_locale":"fr_FR","og_type":"article","og_title":"Temos o direito de ser felizes quando os outros est\u00e3o sofrendo? - Ora\u00e7\u00e3o e F\u00e9","og_description":"O sopro de Deus dentro de n\u00f3s \u00e9 uma alegria imensa. Ao passo que ficamos felizes, andamos conforme Deus. O sopro de Deus dentro...","og_url":"https:\/\/www.oracaoefe.com\/fr\/temos-o-direito-de-ser-felizes-quando-os-outros-estao-sofrendo\/","og_site_name":"Ora\u00e7\u00e3o e F\u00e9","article_published_time":"2022-09-25T00:34:49+00:00","article_modified_time":"2025-06-15T18:17:54+00:00","og_image":[{"width":1200,"height":675,"url":"https:\/\/www.oracaoefe.com\/wp-content\/uploads\/2022\/09\/Temos-o-direito-de-ser-felizes-quando-os-outros-estao-sofrendo.jpg","type":"image\/jpeg"}],"author":"Maria","twitter_card":"summary_large_image","twitter_misc":{"\u00c9crit par":"Maria","Dur\u00e9e de lecture estim\u00e9e":"5 minutes"},"schema":{"@context":"https:\/\/schema.org","@graph":[{"@type":"Article","@id":"https:\/\/www.oracaoefe.com\/temos-o-direito-de-ser-felizes-quando-os-outros-estao-sofrendo\/#article","isPartOf":{"@id":"https:\/\/www.oracaoefe.com\/temos-o-direito-de-ser-felizes-quando-os-outros-estao-sofrendo\/"},"author":{"name":"Maria","@id":"https:\/\/www.oracaoefe.com\/#\/schema\/person\/27873f1e6043866689f5091b5139f23d"},"headline":"Temos o direito de ser felizes quando os outros est\u00e3o sofrendo?","datePublished":"2022-09-25T00:34:49+00:00","dateModified":"2025-06-15T18:17:54+00:00","mainEntityOfPage":{"@id":"https:\/\/www.oracaoefe.com\/temos-o-direito-de-ser-felizes-quando-os-outros-estao-sofrendo\/"},"wordCount":950,"commentCount":0,"image":{"@id":"https:\/\/www.oracaoefe.com\/temos-o-direito-de-ser-felizes-quando-os-outros-estao-sofrendo\/#primaryimage"},"thumbnailUrl":"https:\/\/www.oracaoefe.com\/wp-content\/uploads\/2022\/09\/Temos-o-direito-de-ser-felizes-quando-os-outros-estao-sofrendo.jpg","keywords":["Deus","direito de ser feliz","felicidade"],"articleSection":["F\u00e9"],"inLanguage":"fr-FR","potentialAction":[{"@type":"CommentAction","name":"Comment","target":["https:\/\/www.oracaoefe.com\/temos-o-direito-de-ser-felizes-quando-os-outros-estao-sofrendo\/#respond"]}]},{"@type":"WebPage","@id":"https:\/\/www.oracaoefe.com\/temos-o-direito-de-ser-felizes-quando-os-outros-estao-sofrendo\/","url":"https:\/\/www.oracaoefe.com\/temos-o-direito-de-ser-felizes-quando-os-outros-estao-sofrendo\/","name":"Temos o direito de ser felizes quando os outros est\u00e3o sofrendo? - Ora\u00e7\u00e3o e F\u00e9","isPartOf":{"@id":"https:\/\/www.oracaoefe.com\/#website"},"primaryImageOfPage":{"@id":"https:\/\/www.oracaoefe.com\/temos-o-direito-de-ser-felizes-quando-os-outros-estao-sofrendo\/#primaryimage"},"image":{"@id":"https:\/\/www.oracaoefe.com\/temos-o-direito-de-ser-felizes-quando-os-outros-estao-sofrendo\/#primaryimage"},"thumbnailUrl":"https:\/\/www.oracaoefe.com\/wp-content\/uploads\/2022\/09\/Temos-o-direito-de-ser-felizes-quando-os-outros-estao-sofrendo.jpg","datePublished":"2022-09-25T00:34:49+00:00","dateModified":"2025-06-15T18:17:54+00:00","author":{"@id":"https:\/\/www.oracaoefe.com\/#\/schema\/person\/27873f1e6043866689f5091b5139f23d"},"description":"Le souffle de Dieu en nous est une joie immense. Tant que nous sommes heureux, nous marchons selon Dieu. Le souffle de Dieu \u00e0 l'int\u00e9rieur...","breadcrumb":{"@id":"https:\/\/www.oracaoefe.com\/temos-o-direito-de-ser-felizes-quando-os-outros-estao-sofrendo\/#breadcrumb"},"inLanguage":"fr-FR","potentialAction":[{"@type":"ReadAction","target":["https:\/\/www.oracaoefe.com\/temos-o-direito-de-ser-felizes-quando-os-outros-estao-sofrendo\/"]}]},{"@type":"ImageObject","inLanguage":"fr-FR","@id":"https:\/\/www.oracaoefe.com\/temos-o-direito-de-ser-felizes-quando-os-outros-estao-sofrendo\/#primaryimage","url":"https:\/\/www.oracaoefe.com\/wp-content\/uploads\/2022\/09\/Temos-o-direito-de-ser-felizes-quando-os-outros-estao-sofrendo.jpg","contentUrl":"https:\/\/www.oracaoefe.com\/wp-content\/uploads\/2022\/09\/Temos-o-direito-de-ser-felizes-quando-os-outros-estao-sofrendo.jpg","width":1200,"height":675,"caption":"Temos o direito de ser felizes quando os outros est\u00e3o sofrendo"},{"@type":"BreadcrumbList","@id":"https:\/\/www.oracaoefe.com\/temos-o-direito-de-ser-felizes-quando-os-outros-estao-sofrendo\/#breadcrumb","itemListElement":[{"@type":"ListItem","position":1,"name":"Home","item":"https:\/\/www.oracaoefe.com\/"},{"@type":"ListItem","position":2,"name":"Temos o direito de ser felizes quando os outros est\u00e3o sofrendo?"}]},{"@type":"WebSite","@id":"https:\/\/www.oracaoefe.com\/#website","url":"https:\/\/www.oracaoefe.com\/","name":"Pri\u00e8re et foi","description":"","potentialAction":[{"@type":"SearchAction","target":{"@type":"EntryPoint","urlTemplate":"https:\/\/www.oracaoefe.com\/?s={search_term_string}"},"query-input":{"@type":"PropertyValueSpecification","valueRequired":true,"valueName":"search_term_string"}}],"inLanguage":"fr-FR"},{"@type":"Person","@id":"https:\/\/www.oracaoefe.com\/#\/schema\/person\/27873f1e6043866689f5091b5139f23d","name":"Maria","image":{"@type":"ImageObject","inLanguage":"fr-FR","@id":"https:\/\/secure.gravatar.com\/avatar\/4cac5ea56d40d599bd7348d330a83b1c84cd229296d1613cd1c7f6740561d0c9?s=96&d=mm&r=g","url":"https:\/\/secure.gravatar.com\/avatar\/4cac5ea56d40d599bd7348d330a83b1c84cd229296d1613cd1c7f6740561d0c9?s=96&d=mm&r=g","contentUrl":"https:\/\/secure.gravatar.com\/avatar\/4cac5ea56d40d599bd7348d330a83b1c84cd229296d1613cd1c7f6740561d0c9?s=96&d=mm&r=g","caption":"Maria"},"description":"Meu nome \u00e9 Maria e sou apaixonada por teologia, espiritualidade e estudos religiosos. H\u00e1 mais de 5 anos escrevo sobre o universo da f\u00e9, pesquisando diferentes religi\u00f5es, doutrinas, tradi\u00e7\u00f5es espirituais e curiosidades religiosas ao redor do mundo. Tenho grande interesse em compreender como a f\u00e9 e a religiosidade se manifestam em diferentes culturas, pa\u00edses e idiomas, sempre buscando aprender mais sobre os costumes, cren\u00e7as e hist\u00f3rias que influenciam milh\u00f5es de pessoas diariamente. Atualmente, atuo como redatora no portal Ora\u00e7\u00e3o e F\u00e9, onde compartilho conte\u00fados informativos, reflexivos e inspiradores voltados ao universo religioso e espiritual. Meu objetivo \u00e9 levar conhecimento, curiosidades e mensagens enriquecedoras para leitores que desejam aprofundar sua compreens\u00e3o sobre f\u00e9, religi\u00e3o e espiritualidade no mundo moderno.","sameAs":["https:\/\/www.oracaoefe.com"],"url":"https:\/\/www.oracaoefe.com\/fr\/author\/admin\/"}]}},"_links":{"self":[{"href":"https:\/\/www.oracaoefe.com\/fr\/wp-json\/wp\/v2\/posts\/283","targetHints":{"allow":["GET"]}}],"collection":[{"href":"https:\/\/www.oracaoefe.com\/fr\/wp-json\/wp\/v2\/posts"}],"about":[{"href":"https:\/\/www.oracaoefe.com\/fr\/wp-json\/wp\/v2\/types\/post"}],"author":[{"embeddable":true,"href":"https:\/\/www.oracaoefe.com\/fr\/wp-json\/wp\/v2\/users\/1"}],"replies":[{"embeddable":true,"href":"https:\/\/www.oracaoefe.com\/fr\/wp-json\/wp\/v2\/comments?post=283"}],"version-history":[{"count":4,"href":"https:\/\/www.oracaoefe.com\/fr\/wp-json\/wp\/v2\/posts\/283\/revisions"}],"predecessor-version":[{"id":434,"href":"https:\/\/www.oracaoefe.com\/fr\/wp-json\/wp\/v2\/posts\/283\/revisions\/434"}],"wp:featuredmedia":[{"embeddable":true,"href":"https:\/\/www.oracaoefe.com\/fr\/wp-json\/wp\/v2\/media\/432"}],"wp:attachment":[{"href":"https:\/\/www.oracaoefe.com\/fr\/wp-json\/wp\/v2\/media?parent=283"}],"wp:term":[{"taxonomy":"category","embeddable":true,"href":"https:\/\/www.oracaoefe.com\/fr\/wp-json\/wp\/v2\/categories?post=283"},{"taxonomy":"post_tag","embeddable":true,"href":"https:\/\/www.oracaoefe.com\/fr\/wp-json\/wp\/v2\/tags?post=283"}],"curies":[{"name":"wp","href":"https:\/\/api.w.org\/{rel}","templated":true}]}}