{"id":2829,"date":"2024-05-21T19:58:36","date_gmt":"2024-05-21T22:58:36","guid":{"rendered":"https:\/\/www.oracaoefe.com\/?p=2829"},"modified":"2024-05-21T19:58:36","modified_gmt":"2024-05-21T22:58:36","slug":"sexta-feira-santa-6-curiosidades-sobre-o-marco-do-calendario-cristao","status":"publish","type":"post","link":"https:\/\/www.oracaoefe.com\/fr\/sexta-feira-santa-6-curiosidades-sobre-o-marco-do-calendario-cristao\/","title":{"rendered":"Sexta-Feira Santa: 6 curiosidades sobre o marco do calend\u00e1rio crist\u00e3o"},"content":{"rendered":"<p class=\"wp-block-paragraph\">A Sexta-Feira Santa \u00e9 um dia de profundo significado para os crist\u00e3os ao redor do mundo. Marcando a crucifica\u00e7\u00e3o de Jesus Cristo, este evento \u00e9 celebrado e refletido de diversas maneiras, sendo central no calend\u00e1rio religioso crist\u00e3o.<\/p>\n\n\n\n<h2 class=\"wp-block-heading\">Sexta-feira Santa e curiosidades<\/h2>\n\n\n\n<p class=\"wp-block-paragraph\">A Sexta-Feira Santa \u00e9 um dos dias mais importantes no calend\u00e1rio crist\u00e3o, marcando a crucifica\u00e7\u00e3o de Jesus Cristo e o \u00e1pice da Semana Santa. Al\u00e9m de sua profunda signific\u00e2ncia religiosa, esta data \u00e9 cercada por uma variedade de tradi\u00e7\u00f5es, rituais e curiosidades que capturam a imagina\u00e7\u00e3o e a devo\u00e7\u00e3o dos fi\u00e9is ao redor do mundo.<\/p>\n\n\n\n<h3 class=\"wp-block-heading\">1. Origens e Hist\u00f3ria<\/h3>\n\n\n\n<p class=\"wp-block-paragraph\">A Sexta-Feira Santa tem suas ra\u00edzes profundamente ligadas \u00e0 tradi\u00e7\u00e3o crist\u00e3 e remonta aos prim\u00f3rdios do cristianismo. Embora a data exata da crucifica\u00e7\u00e3o de Jesus seja objeto de debate entre estudiosos, a celebra\u00e7\u00e3o da Sexta-Feira Santa foi formalmente estabelecida no s\u00e9culo IV d.C. pelo Conc\u00edlio de Niceia. Desde ent\u00e3o, tornou-se um marco essencial no calend\u00e1rio lit\u00fargico crist\u00e3o, marcando o sacrif\u00edcio supremo de Jesus pela humanidade.<\/p>\n\n\n\n<h3 class=\"wp-block-heading\">2. Significado Teol\u00f3gico<\/h3>\n\n\n\n<p class=\"wp-block-paragraph\">Do ponto de vista teol\u00f3gico, a Sexta-Feira Santa \u00e9 vista como o \u00e1pice da Paix\u00e3o de Cristo, representando o sofrimento extremo e a morte de Jesus na cruz. Os crist\u00e3os acreditam que Jesus voluntariamente se sacrificou para redimir os pecados da humanidade, oferecendo uma nova alian\u00e7a entre Deus e o homem. Essa cren\u00e7a na expia\u00e7\u00e3o dos pecados atrav\u00e9s do sacrif\u00edcio de Jesus \u00e9 central para a teologia crist\u00e3 e \u00e9 amplamente celebrada e lembrada durante a Sexta-Feira Santa.<\/p>\n\n\n\n<figure class=\"wp-block-image size-large\"><img loading=\"lazy\" decoding=\"async\" width=\"1024\" height=\"682\" src=\"https:\/\/www.oracaoefe.com\/wp-content\/uploads\/2024\/05\/image-6-1024x682.png\" alt=\"\" class=\"wp-image-2830\" srcset=\"https:\/\/www.oracaoefe.com\/wp-content\/uploads\/2024\/05\/image-6-1024x682.png 1024w, https:\/\/www.oracaoefe.com\/wp-content\/uploads\/2024\/05\/image-6-300x200.png 300w, https:\/\/www.oracaoefe.com\/wp-content\/uploads\/2024\/05\/image-6-768x512.png 768w, https:\/\/www.oracaoefe.com\/wp-content\/uploads\/2024\/05\/image-6-18x12.png 18w, https:\/\/www.oracaoefe.com\/wp-content\/uploads\/2024\/05\/image-6.png 1280w\" sizes=\"auto, (max-width: 1024px) 100vw, 1024px\" \/><\/figure>\n\n\n\n<h3 class=\"wp-block-heading\">3. A Jornada da Via Crucis<\/h3>\n\n\n\n<p class=\"wp-block-paragraph\">Uma das pr\u00e1ticas mais comuns associadas \u00e0 Sexta-Feira Santa \u00e9 a Via Crucis, ou Caminho da Cruz. Esta \u00e9 uma representa\u00e7\u00e3o simb\u00f3lica dos \u00faltimos passos de Jesus Cristo, desde sua condena\u00e7\u00e3o at\u00e9 sua crucifica\u00e7\u00e3o e sepultamento. A Via Crucis \u00e9 frequentemente realizada em prociss\u00f5es, onde os fi\u00e9is percorrem esta jornada espiritual, meditando sobre o sofrimento de Jesus e refletindo sobre o significado de sua morte redentora.<\/p>\n\n\n\n<h3 class=\"wp-block-heading\">4. Tradi\u00e7\u00f5es e Rituais<\/h3>\n\n\n\n<p class=\"wp-block-paragraph\">A Sexta-Feira Santa \u00e9 marcada por uma s\u00e9rie de tradi\u00e7\u00f5es e rituais em diferentes comunidades crist\u00e3s ao redor do mundo. Desde a leitura dos Evangelhos da Paix\u00e3o at\u00e9 a realiza\u00e7\u00e3o de servi\u00e7os religiosos especiais, cada tradi\u00e7\u00e3o tem suas pr\u00f3prias maneiras de honrar e lembrar este dia sagrado. Al\u00e9m disso, em muitas tradi\u00e7\u00f5es crist\u00e3s, a Sexta-Feira Santa \u00e9 um dia de jejum e abstin\u00eancia, onde os fi\u00e9is se abst\u00eam de carne e fazem refei\u00e7\u00f5es simples como uma forma de se conectar com o sacrif\u00edcio de Jesus.<\/p>\n\n\n\n<h3 class=\"wp-block-heading\">5. S\u00edmbolos e Iconografia<\/h3>\n\n\n\n<p class=\"wp-block-paragraph\">A iconografia associada \u00e0 Sexta-Feira Santa \u00e9 rica em simbolismo e significado religioso. A coroa de espinhos, os pregos, a cruz e at\u00e9 mesmo os personagens da narrativa da Paix\u00e3o, como Judas Iscariotes e P\u00f4ncio Pilatos, s\u00e3o frequentemente representados em cerim\u00f4nias religiosas e obras de arte como s\u00edmbolos dessa jornada espiritual. Esses s\u00edmbolos servem como lembretes tang\u00edveis do sacrif\u00edcio de Jesus e da reden\u00e7\u00e3o que ele oferece aos crentes.<\/p>\n\n\n\n<h3 class=\"wp-block-heading\">6. Relev\u00e2ncia Contempor\u00e2nea<\/h3>\n\n\n\n<p class=\"wp-block-paragraph\">Apesar de ser uma celebra\u00e7\u00e3o com mais de dois mil anos de idade, a Sexta-Feira Santa continua a ser relevante para os crist\u00e3os em todo o mundo. Al\u00e9m das pr\u00e1ticas religiosas tradicionais, esta data tamb\u00e9m \u00e9 uma oportunidade para reflex\u00e3o sobre quest\u00f5es contempor\u00e2neas, como a injusti\u00e7a, o perd\u00e3o e o papel da f\u00e9 em um mundo em constante mudan\u00e7a. A mensagem de amor, perd\u00e3o e reden\u00e7\u00e3o que \u00e9 central para a Sexta-Feira Santa ressoa profundamente em um mundo que muitas vezes parece estar repleto de divis\u00e3o e conflito.<\/p>\n\n\n\n<p class=\"wp-block-paragraph\">A Sexta-Feira Santa \u00e9 muito mais do que apenas um feriado religioso. \u00c9 um momento para os crist\u00e3os refletirem sobre os eventos que moldaram sua f\u00e9 e para renovarem seu compromisso com os valores centrais do cristianismo. Que esta Sexta-Feira Santa seja um momento de profunda contempla\u00e7\u00e3o e renova\u00e7\u00e3o espiritual para todos os que a observam. Que possamos lembrar do sacrif\u00edcio de Jesus Cristo e nos esfor\u00e7armos para viver de acordo com seus ensinamentos de amor, perd\u00e3o e compaix\u00e3o.<\/p>\n\n\n\n<p class=\"wp-block-paragraph\"><strong>Voir aussi\u00a0: <a href=\"https:\/\/www.oracaoefe.com\/fr\/em-sintonia-com-o-divino-mantenha-se-informado-sobre-temas-religiosos-atuais\/\">Em Sintonia com o Divino: Mantenha-se Informado sobre Temas Religiosos Atuais<\/a><\/strong><\/p>\n\n\n\n<p class=\"wp-block-paragraph\">21 de maio de 2024<\/p>","protected":false},"excerpt":{"rendered":"<p>A Sexta-Feira Santa \u00e9 um dia de profundo significado para os crist\u00e3os ao redor do mundo. Marcando a crucifica\u00e7\u00e3o de Jesus Cristo, este evento \u00e9 celebrado e refletido de diversas maneiras, sendo central no calend\u00e1rio religioso crist\u00e3o. Sexta-feira Santa e curiosidades A Sexta-Feira Santa \u00e9 um dos dias mais importantes no calend\u00e1rio crist\u00e3o, marcando a&hellip;&nbsp;<\/p>","protected":false},"author":3,"featured_media":2830,"comment_status":"closed","ping_status":"","sticky":false,"template":"","format":"standard","meta":{"neve_meta_sidebar":"","neve_meta_container":"","neve_meta_enable_content_width":"","neve_meta_content_width":0,"neve_meta_title_alignment":"","neve_meta_author_avatar":"","neve_post_elements_order":"","neve_meta_disable_header":"","neve_meta_disable_footer":"","neve_meta_disable_title":"","footnotes":""},"categories":[1],"tags":[],"class_list":["post-2829","post","type-post","status-publish","format-standard","has-post-thumbnail","hentry","category-curiosidades"],"yoast_head":"<!-- This site is optimized with the Yoast SEO plugin v28.4 - https:\/\/yoast.com\/product\/yoast-seo-wordpress\/ -->\n<title>Sexta-Feira Santa: 6 curiosidades sobre o marco do calend\u00e1rio crist\u00e3o - Ora\u00e7\u00e3o e F\u00e9<\/title>\n<meta name=\"description\" content=\"Deus tem pra voc\u00ea uma palavra de vida!\" \/>\n<meta name=\"robots\" content=\"index, follow, max-snippet:-1, max-image-preview:large, max-video-preview:-1\" \/>\n<link rel=\"canonical\" href=\"https:\/\/www.oracaoefe.com\/fr\/sexta-feira-santa-6-curiosidades-sobre-o-marco-do-calendario-cristao\/\" \/>\n<meta property=\"og:locale\" content=\"fr_FR\" \/>\n<meta property=\"og:type\" content=\"article\" \/>\n<meta property=\"og:title\" content=\"Sexta-Feira Santa: 6 curiosidades sobre o marco do calend\u00e1rio crist\u00e3o - Ora\u00e7\u00e3o e F\u00e9\" \/>\n<meta property=\"og:description\" content=\"Deus tem pra voc\u00ea uma palavra de vida!\" \/>\n<meta property=\"og:url\" content=\"https:\/\/www.oracaoefe.com\/fr\/sexta-feira-santa-6-curiosidades-sobre-o-marco-do-calendario-cristao\/\" \/>\n<meta property=\"og:site_name\" content=\"Ora\u00e7\u00e3o e F\u00e9\" \/>\n<meta property=\"article:published_time\" content=\"2024-05-21T22:58:36+00:00\" \/>\n<meta property=\"og:image\" content=\"https:\/\/www.oracaoefe.com\/wp-content\/uploads\/2024\/05\/image-6-1024x682.png\" \/>\n<meta name=\"author\" content=\"Michele Azevedo\" \/>\n<meta name=\"twitter:card\" content=\"summary_large_image\" \/>\n<meta name=\"twitter:label1\" content=\"\u00c9crit par\" \/>\n\t<meta name=\"twitter:data1\" content=\"Michele Azevedo\" \/>\n\t<meta name=\"twitter:label2\" content=\"Dur\u00e9e de lecture estim\u00e9e\" \/>\n\t<meta name=\"twitter:data2\" content=\"4 minutes\" \/>\n<script type=\"application\/ld+json\" class=\"yoast-schema-graph\">{\"@context\":\"https:\\\/\\\/schema.org\",\"@graph\":[{\"@type\":\"Article\",\"@id\":\"https:\\\/\\\/www.oracaoefe.com\\\/sexta-feira-santa-6-curiosidades-sobre-o-marco-do-calendario-cristao\\\/#article\",\"isPartOf\":{\"@id\":\"https:\\\/\\\/www.oracaoefe.com\\\/sexta-feira-santa-6-curiosidades-sobre-o-marco-do-calendario-cristao\\\/\"},\"author\":{\"name\":\"Michele Azevedo\",\"@id\":\"https:\\\/\\\/www.oracaoefe.com\\\/#\\\/schema\\\/person\\\/17283c669442cf005c4d5bb58adfb7f5\"},\"headline\":\"Sexta-Feira Santa: 6 curiosidades sobre o marco do calend\u00e1rio crist\u00e3o\",\"datePublished\":\"2024-05-21T22:58:36+00:00\",\"mainEntityOfPage\":{\"@id\":\"https:\\\/\\\/www.oracaoefe.com\\\/sexta-feira-santa-6-curiosidades-sobre-o-marco-do-calendario-cristao\\\/\"},\"wordCount\":745,\"image\":{\"@id\":\"https:\\\/\\\/www.oracaoefe.com\\\/sexta-feira-santa-6-curiosidades-sobre-o-marco-do-calendario-cristao\\\/#primaryimage\"},\"thumbnailUrl\":\"https:\\\/\\\/www.oracaoefe.com\\\/wp-content\\\/uploads\\\/2024\\\/05\\\/image-6.png\",\"articleSection\":[\"Curiosidades\"],\"inLanguage\":\"fr-FR\"},{\"@type\":\"WebPage\",\"@id\":\"https:\\\/\\\/www.oracaoefe.com\\\/sexta-feira-santa-6-curiosidades-sobre-o-marco-do-calendario-cristao\\\/\",\"url\":\"https:\\\/\\\/www.oracaoefe.com\\\/sexta-feira-santa-6-curiosidades-sobre-o-marco-do-calendario-cristao\\\/\",\"name\":\"Sexta-Feira Santa: 6 curiosidades sobre o marco do calend\u00e1rio crist\u00e3o - Ora\u00e7\u00e3o e F\u00e9\",\"isPartOf\":{\"@id\":\"https:\\\/\\\/www.oracaoefe.com\\\/#website\"},\"primaryImageOfPage\":{\"@id\":\"https:\\\/\\\/www.oracaoefe.com\\\/sexta-feira-santa-6-curiosidades-sobre-o-marco-do-calendario-cristao\\\/#primaryimage\"},\"image\":{\"@id\":\"https:\\\/\\\/www.oracaoefe.com\\\/sexta-feira-santa-6-curiosidades-sobre-o-marco-do-calendario-cristao\\\/#primaryimage\"},\"thumbnailUrl\":\"https:\\\/\\\/www.oracaoefe.com\\\/wp-content\\\/uploads\\\/2024\\\/05\\\/image-6.png\",\"datePublished\":\"2024-05-21T22:58:36+00:00\",\"author\":{\"@id\":\"https:\\\/\\\/www.oracaoefe.com\\\/#\\\/schema\\\/person\\\/17283c669442cf005c4d5bb58adfb7f5\"},\"description\":\"Deus tem pra voc\u00ea uma palavra de vida!\",\"breadcrumb\":{\"@id\":\"https:\\\/\\\/www.oracaoefe.com\\\/sexta-feira-santa-6-curiosidades-sobre-o-marco-do-calendario-cristao\\\/#breadcrumb\"},\"inLanguage\":\"fr-FR\",\"potentialAction\":[{\"@type\":\"ReadAction\",\"target\":[\"https:\\\/\\\/www.oracaoefe.com\\\/sexta-feira-santa-6-curiosidades-sobre-o-marco-do-calendario-cristao\\\/\"]}]},{\"@type\":\"ImageObject\",\"inLanguage\":\"fr-FR\",\"@id\":\"https:\\\/\\\/www.oracaoefe.com\\\/sexta-feira-santa-6-curiosidades-sobre-o-marco-do-calendario-cristao\\\/#primaryimage\",\"url\":\"https:\\\/\\\/www.oracaoefe.com\\\/wp-content\\\/uploads\\\/2024\\\/05\\\/image-6.png\",\"contentUrl\":\"https:\\\/\\\/www.oracaoefe.com\\\/wp-content\\\/uploads\\\/2024\\\/05\\\/image-6.png\",\"width\":1280,\"height\":853},{\"@type\":\"BreadcrumbList\",\"@id\":\"https:\\\/\\\/www.oracaoefe.com\\\/sexta-feira-santa-6-curiosidades-sobre-o-marco-do-calendario-cristao\\\/#breadcrumb\",\"itemListElement\":[{\"@type\":\"ListItem\",\"position\":1,\"name\":\"Home\",\"item\":\"https:\\\/\\\/www.oracaoefe.com\\\/\"},{\"@type\":\"ListItem\",\"position\":2,\"name\":\"Curiosidades\",\"item\":\"https:\\\/\\\/www.oracaoefe.com\\\/es\\\/categoria\\\/curiosidades\\\/\"},{\"@type\":\"ListItem\",\"position\":3,\"name\":\"Sexta-Feira Santa: 6 curiosidades sobre o marco do calend\u00e1rio crist\u00e3o\"}]},{\"@type\":\"WebSite\",\"@id\":\"https:\\\/\\\/www.oracaoefe.com\\\/#website\",\"url\":\"https:\\\/\\\/www.oracaoefe.com\\\/\",\"name\":\"Ora\u00e7\u00e3o e F\u00e9\",\"description\":\"\",\"potentialAction\":[{\"@type\":\"SearchAction\",\"target\":{\"@type\":\"EntryPoint\",\"urlTemplate\":\"https:\\\/\\\/www.oracaoefe.com\\\/?s={search_term_string}\"},\"query-input\":{\"@type\":\"PropertyValueSpecification\",\"valueRequired\":true,\"valueName\":\"search_term_string\"}}],\"inLanguage\":\"fr-FR\"},{\"@type\":\"Person\",\"@id\":\"https:\\\/\\\/www.oracaoefe.com\\\/#\\\/schema\\\/person\\\/17283c669442cf005c4d5bb58adfb7f5\",\"name\":\"Michele Azevedo\",\"image\":{\"@type\":\"ImageObject\",\"inLanguage\":\"fr-FR\",\"@id\":\"https:\\\/\\\/secure.gravatar.com\\\/avatar\\\/6b0eb9d22841282815e2cd856a0061c45e1761cd54b22e952d98c4746939aa85?s=96&d=mm&r=g\",\"url\":\"https:\\\/\\\/secure.gravatar.com\\\/avatar\\\/6b0eb9d22841282815e2cd856a0061c45e1761cd54b22e952d98c4746939aa85?s=96&d=mm&r=g\",\"contentUrl\":\"https:\\\/\\\/secure.gravatar.com\\\/avatar\\\/6b0eb9d22841282815e2cd856a0061c45e1761cd54b22e952d98c4746939aa85?s=96&d=mm&r=g\",\"caption\":\"Michele Azevedo\"},\"description\":\"Formada em Letras - Portugu\u00eas\\\/ Ingl\u00eas pela Universidade Estadual de Ponta Grossa (UEPG), p\u00f3s-graduada em Arte na Educa\u00e7\u00e3o (FAPI) e Psicopedagogia Escolar (FAPI), idealizadora e propriet\u00e1ria do site Escritora de Sucesso, possui experi\u00eancia em escrita para blogs em geral e atua como redatora e revisora dos conte\u00fados do Ora\u00e7\u00e3o e F\u00e9.\",\"url\":\"https:\\\/\\\/www.oracaoefe.com\\\/fr\\\/author\\\/michele-azevedo\\\/\"}]}<\/script>\n<!-- \/ Yoast SEO plugin. -->","yoast_head_json":{"title":"Sexta-Feira Santa: 6 curiosidades sobre o marco do calend\u00e1rio crist\u00e3o - Ora\u00e7\u00e3o e F\u00e9","description":"Dieu a une parole de vie pour vous !","robots":{"index":"index","follow":"follow","max-snippet":"max-snippet:-1","max-image-preview":"max-image-preview:large","max-video-preview":"max-video-preview:-1"},"canonical":"https:\/\/www.oracaoefe.com\/fr\/sexta-feira-santa-6-curiosidades-sobre-o-marco-do-calendario-cristao\/","og_locale":"fr_FR","og_type":"article","og_title":"Sexta-Feira Santa: 6 curiosidades sobre o marco do calend\u00e1rio crist\u00e3o - Ora\u00e7\u00e3o e F\u00e9","og_description":"Deus tem pra voc\u00ea uma palavra de vida!","og_url":"https:\/\/www.oracaoefe.com\/fr\/sexta-feira-santa-6-curiosidades-sobre-o-marco-do-calendario-cristao\/","og_site_name":"Ora\u00e7\u00e3o e F\u00e9","article_published_time":"2024-05-21T22:58:36+00:00","og_image":[{"url":"https:\/\/www.oracaoefe.com\/wp-content\/uploads\/2024\/05\/image-6-1024x682.png","type":"","width":"","height":""}],"author":"Michele Azevedo","twitter_card":"summary_large_image","twitter_misc":{"\u00c9crit par":"Michele Azevedo","Dur\u00e9e de lecture estim\u00e9e":"4 minutes"},"schema":{"@context":"https:\/\/schema.org","@graph":[{"@type":"Article","@id":"https:\/\/www.oracaoefe.com\/sexta-feira-santa-6-curiosidades-sobre-o-marco-do-calendario-cristao\/#article","isPartOf":{"@id":"https:\/\/www.oracaoefe.com\/sexta-feira-santa-6-curiosidades-sobre-o-marco-do-calendario-cristao\/"},"author":{"name":"Michele Azevedo","@id":"https:\/\/www.oracaoefe.com\/#\/schema\/person\/17283c669442cf005c4d5bb58adfb7f5"},"headline":"Sexta-Feira Santa: 6 curiosidades sobre o marco do calend\u00e1rio crist\u00e3o","datePublished":"2024-05-21T22:58:36+00:00","mainEntityOfPage":{"@id":"https:\/\/www.oracaoefe.com\/sexta-feira-santa-6-curiosidades-sobre-o-marco-do-calendario-cristao\/"},"wordCount":745,"image":{"@id":"https:\/\/www.oracaoefe.com\/sexta-feira-santa-6-curiosidades-sobre-o-marco-do-calendario-cristao\/#primaryimage"},"thumbnailUrl":"https:\/\/www.oracaoefe.com\/wp-content\/uploads\/2024\/05\/image-6.png","articleSection":["Curiosidades"],"inLanguage":"fr-FR"},{"@type":"WebPage","@id":"https:\/\/www.oracaoefe.com\/sexta-feira-santa-6-curiosidades-sobre-o-marco-do-calendario-cristao\/","url":"https:\/\/www.oracaoefe.com\/sexta-feira-santa-6-curiosidades-sobre-o-marco-do-calendario-cristao\/","name":"Sexta-Feira Santa: 6 curiosidades sobre o marco do calend\u00e1rio crist\u00e3o - Ora\u00e7\u00e3o e F\u00e9","isPartOf":{"@id":"https:\/\/www.oracaoefe.com\/#website"},"primaryImageOfPage":{"@id":"https:\/\/www.oracaoefe.com\/sexta-feira-santa-6-curiosidades-sobre-o-marco-do-calendario-cristao\/#primaryimage"},"image":{"@id":"https:\/\/www.oracaoefe.com\/sexta-feira-santa-6-curiosidades-sobre-o-marco-do-calendario-cristao\/#primaryimage"},"thumbnailUrl":"https:\/\/www.oracaoefe.com\/wp-content\/uploads\/2024\/05\/image-6.png","datePublished":"2024-05-21T22:58:36+00:00","author":{"@id":"https:\/\/www.oracaoefe.com\/#\/schema\/person\/17283c669442cf005c4d5bb58adfb7f5"},"description":"Dieu a une parole de vie pour vous !","breadcrumb":{"@id":"https:\/\/www.oracaoefe.com\/sexta-feira-santa-6-curiosidades-sobre-o-marco-do-calendario-cristao\/#breadcrumb"},"inLanguage":"fr-FR","potentialAction":[{"@type":"ReadAction","target":["https:\/\/www.oracaoefe.com\/sexta-feira-santa-6-curiosidades-sobre-o-marco-do-calendario-cristao\/"]}]},{"@type":"ImageObject","inLanguage":"fr-FR","@id":"https:\/\/www.oracaoefe.com\/sexta-feira-santa-6-curiosidades-sobre-o-marco-do-calendario-cristao\/#primaryimage","url":"https:\/\/www.oracaoefe.com\/wp-content\/uploads\/2024\/05\/image-6.png","contentUrl":"https:\/\/www.oracaoefe.com\/wp-content\/uploads\/2024\/05\/image-6.png","width":1280,"height":853},{"@type":"BreadcrumbList","@id":"https:\/\/www.oracaoefe.com\/sexta-feira-santa-6-curiosidades-sobre-o-marco-do-calendario-cristao\/#breadcrumb","itemListElement":[{"@type":"ListItem","position":1,"name":"Home","item":"https:\/\/www.oracaoefe.com\/"},{"@type":"ListItem","position":2,"name":"Curiosidades","item":"https:\/\/www.oracaoefe.com\/es\/categoria\/curiosidades\/"},{"@type":"ListItem","position":3,"name":"Sexta-Feira Santa: 6 curiosidades sobre o marco do calend\u00e1rio crist\u00e3o"}]},{"@type":"WebSite","@id":"https:\/\/www.oracaoefe.com\/#website","url":"https:\/\/www.oracaoefe.com\/","name":"Pri\u00e8re et foi","description":"","potentialAction":[{"@type":"SearchAction","target":{"@type":"EntryPoint","urlTemplate":"https:\/\/www.oracaoefe.com\/?s={search_term_string}"},"query-input":{"@type":"PropertyValueSpecification","valueRequired":true,"valueName":"search_term_string"}}],"inLanguage":"fr-FR"},{"@type":"Person","@id":"https:\/\/www.oracaoefe.com\/#\/schema\/person\/17283c669442cf005c4d5bb58adfb7f5","name":"Michele Azevedo","image":{"@type":"ImageObject","inLanguage":"fr-FR","@id":"https:\/\/secure.gravatar.com\/avatar\/6b0eb9d22841282815e2cd856a0061c45e1761cd54b22e952d98c4746939aa85?s=96&d=mm&r=g","url":"https:\/\/secure.gravatar.com\/avatar\/6b0eb9d22841282815e2cd856a0061c45e1761cd54b22e952d98c4746939aa85?s=96&d=mm&r=g","contentUrl":"https:\/\/secure.gravatar.com\/avatar\/6b0eb9d22841282815e2cd856a0061c45e1761cd54b22e952d98c4746939aa85?s=96&d=mm&r=g","caption":"Michele Azevedo"},"description":"Dipl\u00f4m\u00e9e en litt\u00e9rature portugaise\/anglaise de l&#039;Universit\u00e9 d&#039;\u00c9tat de Ponta Grossa (UEPG), avec des dipl\u00f4mes de troisi\u00e8me cycle en art dans l&#039;\u00e9ducation (FAPI) et en psychop\u00e9dagogie scolaire (FAPI), elle est la cr\u00e9atrice et propri\u00e9taire du site web Escritora de Sucesso, a de l&#039;exp\u00e9rience dans l&#039;\u00e9criture pour les blogs en g\u00e9n\u00e9ral et travaille comme r\u00e9dactrice et \u00e9ditrice du contenu pour Ora\u00e7\u00e3o e F\u00e9.","url":"https:\/\/www.oracaoefe.com\/fr\/author\/michele-azevedo\/"}]}},"_links":{"self":[{"href":"https:\/\/www.oracaoefe.com\/fr\/wp-json\/wp\/v2\/posts\/2829","targetHints":{"allow":["GET"]}}],"collection":[{"href":"https:\/\/www.oracaoefe.com\/fr\/wp-json\/wp\/v2\/posts"}],"about":[{"href":"https:\/\/www.oracaoefe.com\/fr\/wp-json\/wp\/v2\/types\/post"}],"author":[{"embeddable":true,"href":"https:\/\/www.oracaoefe.com\/fr\/wp-json\/wp\/v2\/users\/3"}],"replies":[{"embeddable":true,"href":"https:\/\/www.oracaoefe.com\/fr\/wp-json\/wp\/v2\/comments?post=2829"}],"version-history":[{"count":1,"href":"https:\/\/www.oracaoefe.com\/fr\/wp-json\/wp\/v2\/posts\/2829\/revisions"}],"predecessor-version":[{"id":2831,"href":"https:\/\/www.oracaoefe.com\/fr\/wp-json\/wp\/v2\/posts\/2829\/revisions\/2831"}],"wp:featuredmedia":[{"embeddable":true,"href":"https:\/\/www.oracaoefe.com\/fr\/wp-json\/wp\/v2\/media\/2830"}],"wp:attachment":[{"href":"https:\/\/www.oracaoefe.com\/fr\/wp-json\/wp\/v2\/media?parent=2829"}],"wp:term":[{"taxonomy":"category","embeddable":true,"href":"https:\/\/www.oracaoefe.com\/fr\/wp-json\/wp\/v2\/categories?post=2829"},{"taxonomy":"post_tag","embeddable":true,"href":"https:\/\/www.oracaoefe.com\/fr\/wp-json\/wp\/v2\/tags?post=2829"}],"curies":[{"name":"wp","href":"https:\/\/api.w.org\/{rel}","templated":true}]}}