{"id":2817,"date":"2024-05-15T02:00:00","date_gmt":"2024-05-15T05:00:00","guid":{"rendered":"https:\/\/www.oracaoefe.com\/?p=2817"},"modified":"2024-05-12T01:09:39","modified_gmt":"2024-05-12T04:09:39","slug":"oracao-para-deus-abrir-as-portas-financeiras-veja-as-preces","status":"publish","type":"post","link":"https:\/\/www.oracaoefe.com\/fr\/oracao-para-deus-abrir-as-portas-financeiras-veja-as-preces\/","title":{"rendered":"Ora\u00e7\u00e3o para Deus abrir as portas financeiras; veja as preces"},"content":{"rendered":"<p class=\"wp-block-paragraph\">Quando enfrentamos dificuldades financeiras, \u00e9 natural buscar ajuda e orienta\u00e7\u00e3o para superar esses desafios. Para muitas pessoas, a f\u00e9 desempenha um papel crucial nesse processo, e a ora\u00e7\u00e3o pode ser uma fonte de conforto, esperan\u00e7a e dire\u00e7\u00e3o.&nbsp;<\/p>\n\n\n\n<h2 class=\"wp-block-heading\">Ora\u00e7\u00e3o para Deus abrir as portas financeiras<\/h2>\n\n\n\n<p class=\"wp-block-paragraph\">Em meio \u00e0s vicissitudes da vida, nos encontramos frequentemente diante de desafios financeiros que parecem insuper\u00e1veis. Nesses momentos de incerteza e dificuldade, \u00e9 natural buscarmos orienta\u00e7\u00e3o e conforto em fontes al\u00e9m do tang\u00edvel. Para muitas pessoas, a f\u00e9 desempenha um papel central nessa jornada, oferecendo uma fonte de esperan\u00e7a e for\u00e7a inabal\u00e1vel. A ora\u00e7\u00e3o, como uma express\u00e3o dessa f\u00e9, pode ser uma poderosa ferramenta para abrir as portas que parecem fechadas em nossa vida financeira.<\/p>\n\n\n\n<h3 class=\"wp-block-heading\">1. Ora\u00e7\u00e3o da Prosperidade<\/h3>\n\n\n\n<p class=\"wp-block-paragraph\">&#8220;Senhor, meu Deus, eu me coloco diante de Ti neste momento para pedir a Tua ajuda em minhas dificuldades financeiras. Tu \u00e9s o Deus da abund\u00e2ncia e da prosperidade, e confio em Ti para abrir as portas que est\u00e3o fechadas em minha vida. Pe\u00e7o que derrames sobre mim as Tuas b\u00ean\u00e7\u00e3os financeiras e que eu possa prosperar em todas as \u00e1reas da minha vida. Que eu seja aben\u00e7oado com sabedoria para tomar decis\u00f5es financeiras s\u00e1bias e que eu saiba utilizar os recursos que me s\u00e3o confiados de forma respons\u00e1vel. Ajuda-me a confiar em Ti em meio \u00e0s incertezas e a manter minha f\u00e9 inabal\u00e1vel, sabendo que Tu \u00e9s o meu provedor fiel. Em nome de Jesus, am\u00e9m.&#8221;<\/p>\n\n\n\n<h3 class=\"wp-block-heading\">2. Ora\u00e7\u00e3o para Liberta\u00e7\u00e3o Financeira<\/h3>\n\n\n\n<p class=\"wp-block-paragraph\">&#8220;Pai Celestial, em Tuas m\u00e3os coloco minha situa\u00e7\u00e3o financeira. Liberta-me de todas as amarras que me impedem de prosperar e alcan\u00e7ar a estabilidade financeira. Quebra, Senhor, todas as cadeias de d\u00edvidas e escassez em minha vida e me guia pelo caminho da prosperidade. Ajuda-me a ser um bom administrador dos recursos que me s\u00e3o confiados e a viver de acordo com os Teus princ\u00edpios de generosidade e gratid\u00e3o. Que eu possa ser uma b\u00ean\u00e7\u00e3o para os outros, compartilhando o que recebo e ajudando aqueles que est\u00e3o em necessidade. Capacita-me a buscar oportunidades e a agir com sabedoria em todas as minhas transa\u00e7\u00f5es financeiras. Creio que, atrav\u00e9s da Tua gra\u00e7a, serei libertado para viver uma vida financeira abundante. Em nome de Jesus, am\u00e9m.&#8221;<\/p>\n\n\n\n<h3 class=\"wp-block-heading\">3. Ora\u00e7\u00e3o da Abund\u00e2ncia<\/h3>\n\n\n\n<p class=\"wp-block-paragraph\">&#8220;Deus Todo-Poderoso, Tu \u00e9s o dono de toda a riqueza e prosperidade. Aben\u00e7oa-me abundantemente para que eu possa viver uma vida financeira pr\u00f3spera e abundante. Que eu seja capaz de colher os frutos do meu trabalho e desfrutar das Tuas b\u00ean\u00e7\u00e3os em todas as \u00e1reas da minha vida. Capacita-me a reconhecer as oportunidades que Tu colocas diante de mim e a agarr\u00e1-las com f\u00e9 e determina\u00e7\u00e3o. Que eu possa ser um canal de b\u00ean\u00e7\u00e3os para os outros, compartilhando o que recebo com generosidade e amor. Ajuda-me a confiar em Ti em meio \u00e0s adversidades e a manter minha esperan\u00e7a firme em Tuas promessas. Que a Tua gra\u00e7a me acompanhe em todos os meus empreendimentos, guiando-me para o sucesso e a realiza\u00e7\u00e3o. Em nome de Jesus, am\u00e9m.&#8221;<\/p>\n\n\n\n<figure class=\"wp-block-image size-large\"><img loading=\"lazy\" decoding=\"async\" width=\"1024\" height=\"692\" src=\"https:\/\/www.oracaoefe.com\/wp-content\/uploads\/2024\/05\/image-4-1024x692.png\" alt=\"\" class=\"wp-image-2823\" srcset=\"https:\/\/www.oracaoefe.com\/wp-content\/uploads\/2024\/05\/image-4-1024x692.png 1024w, https:\/\/www.oracaoefe.com\/wp-content\/uploads\/2024\/05\/image-4-300x203.png 300w, https:\/\/www.oracaoefe.com\/wp-content\/uploads\/2024\/05\/image-4-768x519.png 768w, https:\/\/www.oracaoefe.com\/wp-content\/uploads\/2024\/05\/image-4-18x12.png 18w, https:\/\/www.oracaoefe.com\/wp-content\/uploads\/2024\/05\/image-4.png 1280w\" sizes=\"auto, (max-width: 1024px) 100vw, 1024px\" \/><\/figure>\n\n\n\n<h3 class=\"wp-block-heading\">4. Ora\u00e7\u00e3o para Equil\u00edbrio Financeiro<\/h3>\n\n\n\n<p class=\"wp-block-paragraph\">&#8220;Senhor, Tu conheces as minhas necessidades e preocupa\u00e7\u00f5es financeiras. Pe\u00e7o a Tua orienta\u00e7\u00e3o e ajuda para encontrar equil\u00edbrio em minha vida financeira. Ajuda-me a administrar sabiamente os meus recursos, a honrar os meus compromissos e a viver dentro das minhas possibilidades. Que eu seja capaz de discernir entre o que \u00e9 necess\u00e1rio e o que \u00e9 sup\u00e9rfluo, priorizando o que realmente importa. Fortalece-me para resistir \u00e0s tenta\u00e7\u00f5es do consumismo e a buscar a verdadeira felicidade na Tua presen\u00e7a. Que a Tua paz e tranquilidade inundem o meu cora\u00e7\u00e3o, mesmo em meio \u00e0s dificuldades financeiras. Capacita-me a confiar em Ti plenamente e a entregar todas as minhas preocupa\u00e7\u00f5es em Tuas m\u00e3os. Em nome de Jesus, am\u00e9m.&#8221;<\/p>\n\n\n\n<h2 class=\"wp-block-heading\">Uma ferramenta poderosa<\/h2>\n\n\n\n<p class=\"wp-block-paragraph\">A ora\u00e7\u00e3o \u00e9 uma ferramenta poderosa para buscar orienta\u00e7\u00e3o e ajuda em todas as \u00e1reas da vida, incluindo as finan\u00e7as. Ao nos voltarmos para Deus em ora\u00e7\u00e3o, podemos encontrar conforto, dire\u00e7\u00e3o e for\u00e7a para enfrentar os desafios financeiros com f\u00e9 e esperan\u00e7a.&nbsp;<\/p>\n\n\n\n<p class=\"wp-block-paragraph\">Que estas preces sejam uma fonte de inspira\u00e7\u00e3o e encorajamento para todos aqueles que est\u00e3o passando por dificuldades financeiras, lembrando-os de que Deus \u00e9 o nosso provedor fiel e est\u00e1 sempre pronto para nos ajudar em nossas necessidades. Que possamos confiar Nele em todas as circunst\u00e2ncias e continuar a buscar Sua orienta\u00e7\u00e3o em todas as \u00e1reas de nossas vidas. Am\u00e9m.<\/p>\n\n\n\n<p class=\"wp-block-paragraph\"><strong>Voir aussi\u00a0: <a href=\"https:\/\/www.oracaoefe.com\/fr\/oracoes-para-tempos-dificeis-encontre-conforto-e-esperanca-nas-palavras-da-escritura\/\">Ora\u00e7\u00f5es para Tempos Dif\u00edceis: Encontre Conforto e Esperan\u00e7a nas Palavras da Escritura<\/a><\/strong><\/p>\n\n\n\n<p class=\"wp-block-paragraph\">15 de maio de 2024<\/p>","protected":false},"excerpt":{"rendered":"<p>Quando enfrentamos dificuldades financeiras, \u00e9 natural buscar ajuda e orienta\u00e7\u00e3o para superar esses desafios. Para muitas pessoas, a f\u00e9 desempenha um papel crucial nesse processo, e a ora\u00e7\u00e3o pode ser uma fonte de conforto, esperan\u00e7a e dire\u00e7\u00e3o.&nbsp; Ora\u00e7\u00e3o para Deus abrir as portas financeiras Em meio \u00e0s vicissitudes da vida, nos encontramos frequentemente diante de&hellip;&nbsp;<\/p>","protected":false},"author":3,"featured_media":2823,"comment_status":"closed","ping_status":"closed","sticky":false,"template":"","format":"standard","meta":{"neve_meta_sidebar":"","neve_meta_container":"","neve_meta_enable_content_width":"","neve_meta_content_width":0,"neve_meta_title_alignment":"","neve_meta_author_avatar":"","neve_post_elements_order":"","neve_meta_disable_header":"","neve_meta_disable_footer":"","neve_meta_disable_title":"","footnotes":""},"categories":[2],"tags":[],"class_list":["post-2817","post","type-post","status-publish","format-standard","has-post-thumbnail","hentry","category-oracao"],"yoast_head":"<!-- This site is optimized with the Yoast SEO plugin v28.4 - https:\/\/yoast.com\/product\/yoast-seo-wordpress\/ -->\n<title>Ora\u00e7\u00e3o para Deus abrir as portas financeiras; veja as preces - Ora\u00e7\u00e3o e F\u00e9<\/title>\n<meta name=\"description\" content=\"Deus tem pra voc\u00ea uma palavra de vida!\" \/>\n<meta name=\"robots\" content=\"index, follow, max-snippet:-1, max-image-preview:large, max-video-preview:-1\" \/>\n<link rel=\"canonical\" href=\"https:\/\/www.oracaoefe.com\/fr\/oracao-para-deus-abrir-as-portas-financeiras-veja-as-preces\/\" \/>\n<meta property=\"og:locale\" content=\"fr_FR\" \/>\n<meta property=\"og:type\" content=\"article\" \/>\n<meta property=\"og:title\" content=\"Ora\u00e7\u00e3o para Deus abrir as portas financeiras; veja as preces - Ora\u00e7\u00e3o e F\u00e9\" \/>\n<meta property=\"og:description\" content=\"Deus tem pra voc\u00ea uma palavra de vida!\" \/>\n<meta property=\"og:url\" content=\"https:\/\/www.oracaoefe.com\/fr\/oracao-para-deus-abrir-as-portas-financeiras-veja-as-preces\/\" \/>\n<meta property=\"og:site_name\" content=\"Ora\u00e7\u00e3o e F\u00e9\" \/>\n<meta property=\"article:published_time\" content=\"2024-05-15T05:00:00+00:00\" \/>\n<meta property=\"og:image\" content=\"https:\/\/www.oracaoefe.com\/wp-content\/uploads\/2024\/05\/image-4-1024x692.png\" \/>\n\t<meta property=\"og:image:width\" content=\"1024\" \/>\n\t<meta property=\"og:image:height\" content=\"692\" \/>\n\t<meta property=\"og:image:type\" content=\"image\/png\" \/>\n<meta name=\"author\" content=\"Michele Azevedo\" \/>\n<meta name=\"twitter:card\" content=\"summary_large_image\" \/>\n<meta name=\"twitter:label1\" content=\"\u00c9crit par\" \/>\n\t<meta name=\"twitter:data1\" content=\"Michele Azevedo\" \/>\n\t<meta name=\"twitter:label2\" content=\"Dur\u00e9e de lecture estim\u00e9e\" \/>\n\t<meta name=\"twitter:data2\" content=\"4 minutes\" \/>\n<script type=\"application\/ld+json\" class=\"yoast-schema-graph\">{\"@context\":\"https:\\\/\\\/schema.org\",\"@graph\":[{\"@type\":\"Article\",\"@id\":\"https:\\\/\\\/www.oracaoefe.com\\\/oracao-para-deus-abrir-as-portas-financeiras-veja-as-preces\\\/#article\",\"isPartOf\":{\"@id\":\"https:\\\/\\\/www.oracaoefe.com\\\/oracao-para-deus-abrir-as-portas-financeiras-veja-as-preces\\\/\"},\"author\":{\"name\":\"Michele Azevedo\",\"@id\":\"https:\\\/\\\/www.oracaoefe.com\\\/#\\\/schema\\\/person\\\/17283c669442cf005c4d5bb58adfb7f5\"},\"headline\":\"Ora\u00e7\u00e3o para Deus abrir as portas financeiras; veja as preces\",\"datePublished\":\"2024-05-15T05:00:00+00:00\",\"mainEntityOfPage\":{\"@id\":\"https:\\\/\\\/www.oracaoefe.com\\\/oracao-para-deus-abrir-as-portas-financeiras-veja-as-preces\\\/\"},\"wordCount\":829,\"image\":{\"@id\":\"https:\\\/\\\/www.oracaoefe.com\\\/oracao-para-deus-abrir-as-portas-financeiras-veja-as-preces\\\/#primaryimage\"},\"thumbnailUrl\":\"https:\\\/\\\/www.oracaoefe.com\\\/wp-content\\\/uploads\\\/2024\\\/05\\\/image-4.png\",\"articleSection\":[\"Ora\u00e7\u00e3o\"],\"inLanguage\":\"fr-FR\"},{\"@type\":\"WebPage\",\"@id\":\"https:\\\/\\\/www.oracaoefe.com\\\/oracao-para-deus-abrir-as-portas-financeiras-veja-as-preces\\\/\",\"url\":\"https:\\\/\\\/www.oracaoefe.com\\\/oracao-para-deus-abrir-as-portas-financeiras-veja-as-preces\\\/\",\"name\":\"Ora\u00e7\u00e3o para Deus abrir as portas financeiras; veja as preces - Ora\u00e7\u00e3o e F\u00e9\",\"isPartOf\":{\"@id\":\"https:\\\/\\\/www.oracaoefe.com\\\/#website\"},\"primaryImageOfPage\":{\"@id\":\"https:\\\/\\\/www.oracaoefe.com\\\/oracao-para-deus-abrir-as-portas-financeiras-veja-as-preces\\\/#primaryimage\"},\"image\":{\"@id\":\"https:\\\/\\\/www.oracaoefe.com\\\/oracao-para-deus-abrir-as-portas-financeiras-veja-as-preces\\\/#primaryimage\"},\"thumbnailUrl\":\"https:\\\/\\\/www.oracaoefe.com\\\/wp-content\\\/uploads\\\/2024\\\/05\\\/image-4.png\",\"datePublished\":\"2024-05-15T05:00:00+00:00\",\"author\":{\"@id\":\"https:\\\/\\\/www.oracaoefe.com\\\/#\\\/schema\\\/person\\\/17283c669442cf005c4d5bb58adfb7f5\"},\"description\":\"Deus tem pra voc\u00ea uma palavra de vida!\",\"breadcrumb\":{\"@id\":\"https:\\\/\\\/www.oracaoefe.com\\\/oracao-para-deus-abrir-as-portas-financeiras-veja-as-preces\\\/#breadcrumb\"},\"inLanguage\":\"fr-FR\",\"potentialAction\":[{\"@type\":\"ReadAction\",\"target\":[\"https:\\\/\\\/www.oracaoefe.com\\\/oracao-para-deus-abrir-as-portas-financeiras-veja-as-preces\\\/\"]}]},{\"@type\":\"ImageObject\",\"inLanguage\":\"fr-FR\",\"@id\":\"https:\\\/\\\/www.oracaoefe.com\\\/oracao-para-deus-abrir-as-portas-financeiras-veja-as-preces\\\/#primaryimage\",\"url\":\"https:\\\/\\\/www.oracaoefe.com\\\/wp-content\\\/uploads\\\/2024\\\/05\\\/image-4.png\",\"contentUrl\":\"https:\\\/\\\/www.oracaoefe.com\\\/wp-content\\\/uploads\\\/2024\\\/05\\\/image-4.png\",\"width\":1280,\"height\":865},{\"@type\":\"BreadcrumbList\",\"@id\":\"https:\\\/\\\/www.oracaoefe.com\\\/oracao-para-deus-abrir-as-portas-financeiras-veja-as-preces\\\/#breadcrumb\",\"itemListElement\":[{\"@type\":\"ListItem\",\"position\":1,\"name\":\"Home\",\"item\":\"https:\\\/\\\/www.oracaoefe.com\\\/\"},{\"@type\":\"ListItem\",\"position\":2,\"name\":\"Ora\u00e7\u00e3o\",\"item\":\"https:\\\/\\\/www.oracaoefe.com\\\/category\\\/oracao\\\/\"},{\"@type\":\"ListItem\",\"position\":3,\"name\":\"Ora\u00e7\u00e3o para Deus abrir as portas financeiras; veja as preces\"}]},{\"@type\":\"WebSite\",\"@id\":\"https:\\\/\\\/www.oracaoefe.com\\\/#website\",\"url\":\"https:\\\/\\\/www.oracaoefe.com\\\/\",\"name\":\"Ora\u00e7\u00e3o e F\u00e9\",\"description\":\"\",\"potentialAction\":[{\"@type\":\"SearchAction\",\"target\":{\"@type\":\"EntryPoint\",\"urlTemplate\":\"https:\\\/\\\/www.oracaoefe.com\\\/?s={search_term_string}\"},\"query-input\":{\"@type\":\"PropertyValueSpecification\",\"valueRequired\":true,\"valueName\":\"search_term_string\"}}],\"inLanguage\":\"fr-FR\"},{\"@type\":\"Person\",\"@id\":\"https:\\\/\\\/www.oracaoefe.com\\\/#\\\/schema\\\/person\\\/17283c669442cf005c4d5bb58adfb7f5\",\"name\":\"Michele Azevedo\",\"image\":{\"@type\":\"ImageObject\",\"inLanguage\":\"fr-FR\",\"@id\":\"https:\\\/\\\/secure.gravatar.com\\\/avatar\\\/6b0eb9d22841282815e2cd856a0061c45e1761cd54b22e952d98c4746939aa85?s=96&d=mm&r=g\",\"url\":\"https:\\\/\\\/secure.gravatar.com\\\/avatar\\\/6b0eb9d22841282815e2cd856a0061c45e1761cd54b22e952d98c4746939aa85?s=96&d=mm&r=g\",\"contentUrl\":\"https:\\\/\\\/secure.gravatar.com\\\/avatar\\\/6b0eb9d22841282815e2cd856a0061c45e1761cd54b22e952d98c4746939aa85?s=96&d=mm&r=g\",\"caption\":\"Michele Azevedo\"},\"description\":\"Formada em Letras - Portugu\u00eas\\\/ Ingl\u00eas pela Universidade Estadual de Ponta Grossa (UEPG), p\u00f3s-graduada em Arte na Educa\u00e7\u00e3o (FAPI) e Psicopedagogia Escolar (FAPI), idealizadora e propriet\u00e1ria do site Escritora de Sucesso, possui experi\u00eancia em escrita para blogs em geral e atua como redatora e revisora dos conte\u00fados do Ora\u00e7\u00e3o e F\u00e9.\",\"url\":\"https:\\\/\\\/www.oracaoefe.com\\\/fr\\\/author\\\/michele-azevedo\\\/\"}]}<\/script>\n<!-- \/ Yoast SEO plugin. -->","yoast_head_json":{"title":"Ora\u00e7\u00e3o para Deus abrir as portas financeiras; veja as preces - Ora\u00e7\u00e3o e F\u00e9","description":"Dieu a une parole de vie pour vous !","robots":{"index":"index","follow":"follow","max-snippet":"max-snippet:-1","max-image-preview":"max-image-preview:large","max-video-preview":"max-video-preview:-1"},"canonical":"https:\/\/www.oracaoefe.com\/fr\/oracao-para-deus-abrir-as-portas-financeiras-veja-as-preces\/","og_locale":"fr_FR","og_type":"article","og_title":"Ora\u00e7\u00e3o para Deus abrir as portas financeiras; veja as preces - Ora\u00e7\u00e3o e F\u00e9","og_description":"Deus tem pra voc\u00ea uma palavra de vida!","og_url":"https:\/\/www.oracaoefe.com\/fr\/oracao-para-deus-abrir-as-portas-financeiras-veja-as-preces\/","og_site_name":"Ora\u00e7\u00e3o e F\u00e9","article_published_time":"2024-05-15T05:00:00+00:00","og_image":[{"width":1024,"height":692,"url":"https:\/\/www.oracaoefe.com\/wp-content\/uploads\/2024\/05\/image-4-1024x692.png","type":"image\/png"}],"author":"Michele Azevedo","twitter_card":"summary_large_image","twitter_misc":{"\u00c9crit par":"Michele Azevedo","Dur\u00e9e de lecture estim\u00e9e":"4 minutes"},"schema":{"@context":"https:\/\/schema.org","@graph":[{"@type":"Article","@id":"https:\/\/www.oracaoefe.com\/oracao-para-deus-abrir-as-portas-financeiras-veja-as-preces\/#article","isPartOf":{"@id":"https:\/\/www.oracaoefe.com\/oracao-para-deus-abrir-as-portas-financeiras-veja-as-preces\/"},"author":{"name":"Michele Azevedo","@id":"https:\/\/www.oracaoefe.com\/#\/schema\/person\/17283c669442cf005c4d5bb58adfb7f5"},"headline":"Ora\u00e7\u00e3o para Deus abrir as portas financeiras; veja as preces","datePublished":"2024-05-15T05:00:00+00:00","mainEntityOfPage":{"@id":"https:\/\/www.oracaoefe.com\/oracao-para-deus-abrir-as-portas-financeiras-veja-as-preces\/"},"wordCount":829,"image":{"@id":"https:\/\/www.oracaoefe.com\/oracao-para-deus-abrir-as-portas-financeiras-veja-as-preces\/#primaryimage"},"thumbnailUrl":"https:\/\/www.oracaoefe.com\/wp-content\/uploads\/2024\/05\/image-4.png","articleSection":["Ora\u00e7\u00e3o"],"inLanguage":"fr-FR"},{"@type":"WebPage","@id":"https:\/\/www.oracaoefe.com\/oracao-para-deus-abrir-as-portas-financeiras-veja-as-preces\/","url":"https:\/\/www.oracaoefe.com\/oracao-para-deus-abrir-as-portas-financeiras-veja-as-preces\/","name":"Ora\u00e7\u00e3o para Deus abrir as portas financeiras; veja as preces - Ora\u00e7\u00e3o e F\u00e9","isPartOf":{"@id":"https:\/\/www.oracaoefe.com\/#website"},"primaryImageOfPage":{"@id":"https:\/\/www.oracaoefe.com\/oracao-para-deus-abrir-as-portas-financeiras-veja-as-preces\/#primaryimage"},"image":{"@id":"https:\/\/www.oracaoefe.com\/oracao-para-deus-abrir-as-portas-financeiras-veja-as-preces\/#primaryimage"},"thumbnailUrl":"https:\/\/www.oracaoefe.com\/wp-content\/uploads\/2024\/05\/image-4.png","datePublished":"2024-05-15T05:00:00+00:00","author":{"@id":"https:\/\/www.oracaoefe.com\/#\/schema\/person\/17283c669442cf005c4d5bb58adfb7f5"},"description":"Dieu a une parole de vie pour vous !","breadcrumb":{"@id":"https:\/\/www.oracaoefe.com\/oracao-para-deus-abrir-as-portas-financeiras-veja-as-preces\/#breadcrumb"},"inLanguage":"fr-FR","potentialAction":[{"@type":"ReadAction","target":["https:\/\/www.oracaoefe.com\/oracao-para-deus-abrir-as-portas-financeiras-veja-as-preces\/"]}]},{"@type":"ImageObject","inLanguage":"fr-FR","@id":"https:\/\/www.oracaoefe.com\/oracao-para-deus-abrir-as-portas-financeiras-veja-as-preces\/#primaryimage","url":"https:\/\/www.oracaoefe.com\/wp-content\/uploads\/2024\/05\/image-4.png","contentUrl":"https:\/\/www.oracaoefe.com\/wp-content\/uploads\/2024\/05\/image-4.png","width":1280,"height":865},{"@type":"BreadcrumbList","@id":"https:\/\/www.oracaoefe.com\/oracao-para-deus-abrir-as-portas-financeiras-veja-as-preces\/#breadcrumb","itemListElement":[{"@type":"ListItem","position":1,"name":"Home","item":"https:\/\/www.oracaoefe.com\/"},{"@type":"ListItem","position":2,"name":"Ora\u00e7\u00e3o","item":"https:\/\/www.oracaoefe.com\/category\/oracao\/"},{"@type":"ListItem","position":3,"name":"Ora\u00e7\u00e3o para Deus abrir as portas financeiras; veja as preces"}]},{"@type":"WebSite","@id":"https:\/\/www.oracaoefe.com\/#website","url":"https:\/\/www.oracaoefe.com\/","name":"Pri\u00e8re et foi","description":"","potentialAction":[{"@type":"SearchAction","target":{"@type":"EntryPoint","urlTemplate":"https:\/\/www.oracaoefe.com\/?s={search_term_string}"},"query-input":{"@type":"PropertyValueSpecification","valueRequired":true,"valueName":"search_term_string"}}],"inLanguage":"fr-FR"},{"@type":"Person","@id":"https:\/\/www.oracaoefe.com\/#\/schema\/person\/17283c669442cf005c4d5bb58adfb7f5","name":"Michele Azevedo","image":{"@type":"ImageObject","inLanguage":"fr-FR","@id":"https:\/\/secure.gravatar.com\/avatar\/6b0eb9d22841282815e2cd856a0061c45e1761cd54b22e952d98c4746939aa85?s=96&d=mm&r=g","url":"https:\/\/secure.gravatar.com\/avatar\/6b0eb9d22841282815e2cd856a0061c45e1761cd54b22e952d98c4746939aa85?s=96&d=mm&r=g","contentUrl":"https:\/\/secure.gravatar.com\/avatar\/6b0eb9d22841282815e2cd856a0061c45e1761cd54b22e952d98c4746939aa85?s=96&d=mm&r=g","caption":"Michele Azevedo"},"description":"Dipl\u00f4m\u00e9e en litt\u00e9rature portugaise\/anglaise de l&#039;Universit\u00e9 d&#039;\u00c9tat de Ponta Grossa (UEPG), avec des dipl\u00f4mes de troisi\u00e8me cycle en art dans l&#039;\u00e9ducation (FAPI) et en psychop\u00e9dagogie scolaire (FAPI), elle est la cr\u00e9atrice et propri\u00e9taire du site web Escritora de Sucesso, a de l&#039;exp\u00e9rience dans l&#039;\u00e9criture pour les blogs en g\u00e9n\u00e9ral et travaille comme r\u00e9dactrice et \u00e9ditrice du contenu pour Ora\u00e7\u00e3o e F\u00e9.","url":"https:\/\/www.oracaoefe.com\/fr\/author\/michele-azevedo\/"}]}},"_links":{"self":[{"href":"https:\/\/www.oracaoefe.com\/fr\/wp-json\/wp\/v2\/posts\/2817","targetHints":{"allow":["GET"]}}],"collection":[{"href":"https:\/\/www.oracaoefe.com\/fr\/wp-json\/wp\/v2\/posts"}],"about":[{"href":"https:\/\/www.oracaoefe.com\/fr\/wp-json\/wp\/v2\/types\/post"}],"author":[{"embeddable":true,"href":"https:\/\/www.oracaoefe.com\/fr\/wp-json\/wp\/v2\/users\/3"}],"replies":[{"embeddable":true,"href":"https:\/\/www.oracaoefe.com\/fr\/wp-json\/wp\/v2\/comments?post=2817"}],"version-history":[{"count":2,"href":"https:\/\/www.oracaoefe.com\/fr\/wp-json\/wp\/v2\/posts\/2817\/revisions"}],"predecessor-version":[{"id":2824,"href":"https:\/\/www.oracaoefe.com\/fr\/wp-json\/wp\/v2\/posts\/2817\/revisions\/2824"}],"wp:featuredmedia":[{"embeddable":true,"href":"https:\/\/www.oracaoefe.com\/fr\/wp-json\/wp\/v2\/media\/2823"}],"wp:attachment":[{"href":"https:\/\/www.oracaoefe.com\/fr\/wp-json\/wp\/v2\/media?parent=2817"}],"wp:term":[{"taxonomy":"category","embeddable":true,"href":"https:\/\/www.oracaoefe.com\/fr\/wp-json\/wp\/v2\/categories?post=2817"},{"taxonomy":"post_tag","embeddable":true,"href":"https:\/\/www.oracaoefe.com\/fr\/wp-json\/wp\/v2\/tags?post=2817"}],"curies":[{"name":"wp","href":"https:\/\/api.w.org\/{rel}","templated":true}]}}