{"id":2815,"date":"2024-05-12T02:00:00","date_gmt":"2024-05-12T05:00:00","guid":{"rendered":"https:\/\/www.oracaoefe.com\/?p=2815"},"modified":"2024-05-12T01:07:53","modified_gmt":"2024-05-12T04:07:53","slug":"lancamentos-literarios-os-novos-livros-que-irao-enriquecer-sua-jornada-espiritual","status":"publish","type":"post","link":"https:\/\/www.oracaoefe.com\/fr\/lancamentos-literarios-os-novos-livros-que-irao-enriquecer-sua-jornada-espiritual\/","title":{"rendered":"Lan\u00e7amentos Liter\u00e1rios: Os Novos Livros que Ir\u00e3o Enriquecer sua Jornada Espiritual"},"content":{"rendered":"<p class=\"wp-block-paragraph\">Se h\u00e1 algo capaz de nutrir nossa alma e expandir nossos horizontes, \u00e9 a leitura. E quando essa leitura se envereda pelo caminho espiritual, o poder transformador se intensifica. Neste artigo, vamos explorar alguns dos mais recentes lan\u00e7amentos liter\u00e1rios que prometem enriquecer sua jornada espiritual, oferecendo insights, inspira\u00e7\u00e3o e sabedoria para a busca do autoconhecimento e da paz interior.<\/p>\n\n\n\n<h2 class=\"wp-block-heading\">Os novos livros que ir\u00e3o enriquecer sua jornada espiritual<\/h2>\n\n\n\n<p class=\"wp-block-paragraph\">Em um mundo repleto de distra\u00e7\u00f5es e desafios, encontrar momentos de paz interior e conex\u00e3o espiritual tornou-se essencial para o bem-estar e a harmonia de nossas vidas. E uma das maneiras mais poderosas de acessar essa dimens\u00e3o \u00e9 atrav\u00e9s da leitura. A cada ano, novos livros s\u00e3o lan\u00e7ados, oferecendo insights profundos, inspira\u00e7\u00e3o e orienta\u00e7\u00e3o para aqueles que buscam enriquecer sua jornada espiritual.<\/p>\n\n\n\n<h3 class=\"wp-block-heading\">1. O Poder do Agora, de Eckhart Tolle<\/h3>\n\n\n\n<p class=\"wp-block-paragraph\">Publicado originalmente em 1997, &#8220;O Poder do Agora&#8221; continua a ser uma fonte de inspira\u00e7\u00e3o para milh\u00f5es de leitores em todo o mundo. Neste livro, Eckhart Tolle nos convida a viver o momento presente, liberando-nos das preocupa\u00e7\u00f5es do passado e das ansiedades em rela\u00e7\u00e3o ao futuro. Ao praticarmos a aten\u00e7\u00e3o plena, descobrimos a serenidade e a verdadeira ess\u00eancia do nosso ser.<\/p>\n\n\n\n<h3 class=\"wp-block-heading\">2. A Coragem de Ser Imperfeito, de Bren\u00e9 Brown<\/h3>\n\n\n\n<p class=\"wp-block-paragraph\">Bren\u00e9 Brown \u00e9 conhecida por sua pesquisa sobre vulnerabilidade, coragem, autenticidade e vergonha. Em &#8220;A Coragem de Ser Imperfeito&#8221;, ela nos guia por um caminho de aceita\u00e7\u00e3o e autoamor, mostrando como nossas imperfei\u00e7\u00f5es s\u00e3o parte fundamental de nossa humanidade. Com hist\u00f3rias sinceras e insights profundos, este livro nos convida a abra\u00e7ar nossa autenticidade e a viver com mais compaix\u00e3o por n\u00f3s mesmos e pelos outros.<\/p>\n\n\n\n<h3 class=\"wp-block-heading\">3. O Caminho do Guerreiro Pac\u00edfico, de Dan Millman<\/h3>\n\n\n\n<p class=\"wp-block-paragraph\">Esta obra cl\u00e1ssica, que inspirou milh\u00f5es de leitores ao redor do mundo desde sua publica\u00e7\u00e3o em 1980, conta a hist\u00f3ria de Dan, um jovem atleta em busca de sentido e prop\u00f3sito. Ao conhecer um misterioso homem chamado S\u00f3crates, Dan \u00e9 introduzido ao caminho do guerreiro pac\u00edfico \u2013 uma jornada espiritual que o leva a questionar suas cren\u00e7as e a descobrir sua verdadeira natureza.<\/p>\n\n\n\n<h3 class=\"wp-block-heading\">4. A Arte da Felicidade, de Dalai Lama e Howard Cutler<\/h3>\n\n\n\n<p class=\"wp-block-paragraph\">Neste livro inspirador, o Dalai Lama compartilha sua sabedoria atemporal sobre como cultivar a felicidade genu\u00edna em nossas vidas. Em di\u00e1logos \u00edntimos com o psiquiatra Howard Cutler, ele explora temas como compaix\u00e3o, gratid\u00e3o, perd\u00e3o e a import\u00e2ncia de cultivar relacionamentos significativos. Com insights profundos e pr\u00e1ticos, &#8220;A Arte da Felicidade&#8221; oferece um guia para uma vida mais plena e satisfat\u00f3ria.<\/p>\n\n\n\n<figure class=\"wp-block-image size-full\"><img loading=\"lazy\" decoding=\"async\" width=\"480\" height=\"360\" src=\"https:\/\/www.oracaoefe.com\/wp-content\/uploads\/2024\/05\/image-3.png\" alt=\"\" class=\"wp-image-2821\" srcset=\"https:\/\/www.oracaoefe.com\/wp-content\/uploads\/2024\/05\/image-3.png 480w, https:\/\/www.oracaoefe.com\/wp-content\/uploads\/2024\/05\/image-3-300x225.png 300w, https:\/\/www.oracaoefe.com\/wp-content\/uploads\/2024\/05\/image-3-16x12.png 16w\" sizes=\"auto, (max-width: 480px) 100vw, 480px\" \/><figcaption class=\"wp-element-caption\">Imagem: Reprodu\u00e7\u00e3o<\/figcaption><\/figure>\n\n\n\n<h3 class=\"wp-block-heading\">5. O Tao Te Ching, de Lao Tzu<\/h3>\n\n\n\n<p class=\"wp-block-paragraph\">Considerado um dos textos espirituais mais importantes da hist\u00f3ria, &#8220;O Tao Te Ching&#8221; oferece ensinamentos intemporais sobre o Tao, o caminho da natureza e da harmonia universal. Nesta nova tradu\u00e7\u00e3o e interpreta\u00e7\u00e3o, os leitores podem mergulhar na sabedoria profunda de Lao Tzu, explorando temas como simplicidade, humildade e fluidez. Com sua linguagem po\u00e9tica e sua vis\u00e3o de mundo transformadora, este livro continua a inspirar buscadores espirituais em todo o mundo.<\/p>\n\n\n\n<h3 class=\"wp-block-heading\">6. A Cabana, de William P. Young<\/h3>\n\n\n\n<p class=\"wp-block-paragraph\">Em &#8220;A Cabana&#8221;, somos apresentados a Mackenzie Allen Phillips, um homem em meio a uma profunda crise espiritual ap\u00f3s uma trag\u00e9dia familiar. Convidado a retornar a uma cabana isolada, onde ocorreu a trag\u00e9dia, Mackenzie encontra-se com uma misteriosa trindade divina que o guia em uma jornada de cura, perd\u00e3o e reden\u00e7\u00e3o. Com uma narrativa cativante e poderosos ensinamentos espirituais, este livro toca o cora\u00e7\u00e3o e a alma dos leitores.<\/p>\n\n\n\n<h2 class=\"wp-block-heading\">Novas ideias e perspectivas<\/h2>\n\n\n\n<p class=\"wp-block-paragraph\">Os livros t\u00eam o poder de nos transportar para al\u00e9m de nossas pr\u00f3prias experi\u00eancias, nos conectando com ideias e perspectivas que podem transformar nossas vidas. Os lan\u00e7amentos liter\u00e1rios mencionados aqui representam apenas uma pequena amostra do vasto oceano de sabedoria espiritual dispon\u00edvel para n\u00f3s.&nbsp;<\/p>\n\n\n\n<p class=\"wp-block-paragraph\">Que essas obras inspirem e fortale\u00e7am sua jornada espiritual, guiando-o para uma vida de significado, autenticidade e paz interior. Afinal, como disse Rumi, &#8220;<em>o universo inteiro est\u00e1 dentro de voc\u00ea. Pergunte tudo a si mesmo.<\/em>&#8220;<\/p>\n\n\n\n<p class=\"wp-block-paragraph\"><strong>Voir aussi\u00a0: <a href=\"https:\/\/www.oracaoefe.com\/fr\/oracoes-para-tempos-dificeis-encontre-conforto-e-esperanca-nas-palavras-da-escritura\/\">Ora\u00e7\u00f5es para Tempos Dif\u00edceis: Encontre Conforto e Esperan\u00e7a nas Palavras da Escritura<\/a><\/strong><\/p>\n\n\n\n<p class=\"wp-block-paragraph\">12 de maio de 2024<\/p>","protected":false},"excerpt":{"rendered":"<p>Se h\u00e1 algo capaz de nutrir nossa alma e expandir nossos horizontes, \u00e9 a leitura. E quando essa leitura se envereda pelo caminho espiritual, o poder transformador se intensifica. Neste artigo, vamos explorar alguns dos mais recentes lan\u00e7amentos liter\u00e1rios que prometem enriquecer sua jornada espiritual, oferecendo insights, inspira\u00e7\u00e3o e sabedoria para a busca do autoconhecimento&hellip;&nbsp;<\/p>","protected":false},"author":3,"featured_media":2821,"comment_status":"closed","ping_status":"closed","sticky":false,"template":"","format":"standard","meta":{"neve_meta_sidebar":"","neve_meta_container":"","neve_meta_enable_content_width":"","neve_meta_content_width":0,"neve_meta_title_alignment":"","neve_meta_author_avatar":"","neve_post_elements_order":"","neve_meta_disable_header":"","neve_meta_disable_footer":"","neve_meta_disable_title":"","footnotes":""},"categories":[4],"tags":[],"class_list":["post-2815","post","type-post","status-publish","format-standard","has-post-thumbnail","hentry","category-fique-por-dentro"],"yoast_head":"<!-- This site is optimized with the Yoast SEO plugin v28.4 - https:\/\/yoast.com\/product\/yoast-seo-wordpress\/ -->\n<title>Lan\u00e7amentos Liter\u00e1rios: Os Novos Livros que Ir\u00e3o Enriquecer sua Jornada Espiritual - Ora\u00e7\u00e3o e F\u00e9<\/title>\n<meta name=\"description\" content=\"Deus tem pra voc\u00ea uma palavra de vida!\" \/>\n<meta name=\"robots\" content=\"index, follow, max-snippet:-1, max-image-preview:large, max-video-preview:-1\" \/>\n<link rel=\"canonical\" href=\"https:\/\/www.oracaoefe.com\/fr\/lancamentos-literarios-os-novos-livros-que-irao-enriquecer-sua-jornada-espiritual\/\" \/>\n<meta property=\"og:locale\" content=\"fr_FR\" \/>\n<meta property=\"og:type\" content=\"article\" \/>\n<meta property=\"og:title\" content=\"Lan\u00e7amentos Liter\u00e1rios: Os Novos Livros que Ir\u00e3o Enriquecer sua Jornada Espiritual - Ora\u00e7\u00e3o e F\u00e9\" \/>\n<meta property=\"og:description\" content=\"Deus tem pra voc\u00ea uma palavra de vida!\" \/>\n<meta property=\"og:url\" content=\"https:\/\/www.oracaoefe.com\/fr\/lancamentos-literarios-os-novos-livros-que-irao-enriquecer-sua-jornada-espiritual\/\" \/>\n<meta property=\"og:site_name\" content=\"Ora\u00e7\u00e3o e F\u00e9\" \/>\n<meta property=\"article:published_time\" content=\"2024-05-12T05:00:00+00:00\" \/>\n<meta property=\"og:image\" content=\"https:\/\/www.oracaoefe.com\/wp-content\/uploads\/2024\/05\/image-3.png\" \/>\n\t<meta property=\"og:image:width\" content=\"480\" \/>\n\t<meta property=\"og:image:height\" content=\"360\" \/>\n\t<meta property=\"og:image:type\" content=\"image\/png\" \/>\n<meta name=\"author\" content=\"Michele Azevedo\" \/>\n<meta name=\"twitter:card\" content=\"summary_large_image\" \/>\n<meta name=\"twitter:label1\" content=\"\u00c9crit par\" \/>\n\t<meta name=\"twitter:data1\" content=\"Michele Azevedo\" \/>\n\t<meta name=\"twitter:label2\" content=\"Dur\u00e9e de lecture estim\u00e9e\" \/>\n\t<meta name=\"twitter:data2\" content=\"4 minutes\" \/>\n<script type=\"application\/ld+json\" class=\"yoast-schema-graph\">{\"@context\":\"https:\\\/\\\/schema.org\",\"@graph\":[{\"@type\":\"Article\",\"@id\":\"https:\\\/\\\/www.oracaoefe.com\\\/lancamentos-literarios-os-novos-livros-que-irao-enriquecer-sua-jornada-espiritual\\\/#article\",\"isPartOf\":{\"@id\":\"https:\\\/\\\/www.oracaoefe.com\\\/lancamentos-literarios-os-novos-livros-que-irao-enriquecer-sua-jornada-espiritual\\\/\"},\"author\":{\"name\":\"Michele Azevedo\",\"@id\":\"https:\\\/\\\/www.oracaoefe.com\\\/#\\\/schema\\\/person\\\/17283c669442cf005c4d5bb58adfb7f5\"},\"headline\":\"Lan\u00e7amentos Liter\u00e1rios: Os Novos Livros que Ir\u00e3o Enriquecer sua Jornada Espiritual\",\"datePublished\":\"2024-05-12T05:00:00+00:00\",\"mainEntityOfPage\":{\"@id\":\"https:\\\/\\\/www.oracaoefe.com\\\/lancamentos-literarios-os-novos-livros-que-irao-enriquecer-sua-jornada-espiritual\\\/\"},\"wordCount\":741,\"image\":{\"@id\":\"https:\\\/\\\/www.oracaoefe.com\\\/lancamentos-literarios-os-novos-livros-que-irao-enriquecer-sua-jornada-espiritual\\\/#primaryimage\"},\"thumbnailUrl\":\"https:\\\/\\\/www.oracaoefe.com\\\/wp-content\\\/uploads\\\/2024\\\/05\\\/image-3.png\",\"articleSection\":[\"Fique por Dentro\"],\"inLanguage\":\"fr-FR\"},{\"@type\":\"WebPage\",\"@id\":\"https:\\\/\\\/www.oracaoefe.com\\\/lancamentos-literarios-os-novos-livros-que-irao-enriquecer-sua-jornada-espiritual\\\/\",\"url\":\"https:\\\/\\\/www.oracaoefe.com\\\/lancamentos-literarios-os-novos-livros-que-irao-enriquecer-sua-jornada-espiritual\\\/\",\"name\":\"Lan\u00e7amentos Liter\u00e1rios: Os Novos Livros que Ir\u00e3o Enriquecer sua Jornada Espiritual - Ora\u00e7\u00e3o e F\u00e9\",\"isPartOf\":{\"@id\":\"https:\\\/\\\/www.oracaoefe.com\\\/#website\"},\"primaryImageOfPage\":{\"@id\":\"https:\\\/\\\/www.oracaoefe.com\\\/lancamentos-literarios-os-novos-livros-que-irao-enriquecer-sua-jornada-espiritual\\\/#primaryimage\"},\"image\":{\"@id\":\"https:\\\/\\\/www.oracaoefe.com\\\/lancamentos-literarios-os-novos-livros-que-irao-enriquecer-sua-jornada-espiritual\\\/#primaryimage\"},\"thumbnailUrl\":\"https:\\\/\\\/www.oracaoefe.com\\\/wp-content\\\/uploads\\\/2024\\\/05\\\/image-3.png\",\"datePublished\":\"2024-05-12T05:00:00+00:00\",\"author\":{\"@id\":\"https:\\\/\\\/www.oracaoefe.com\\\/#\\\/schema\\\/person\\\/17283c669442cf005c4d5bb58adfb7f5\"},\"description\":\"Deus tem pra voc\u00ea uma palavra de vida!\",\"breadcrumb\":{\"@id\":\"https:\\\/\\\/www.oracaoefe.com\\\/lancamentos-literarios-os-novos-livros-que-irao-enriquecer-sua-jornada-espiritual\\\/#breadcrumb\"},\"inLanguage\":\"fr-FR\",\"potentialAction\":[{\"@type\":\"ReadAction\",\"target\":[\"https:\\\/\\\/www.oracaoefe.com\\\/lancamentos-literarios-os-novos-livros-que-irao-enriquecer-sua-jornada-espiritual\\\/\"]}]},{\"@type\":\"ImageObject\",\"inLanguage\":\"fr-FR\",\"@id\":\"https:\\\/\\\/www.oracaoefe.com\\\/lancamentos-literarios-os-novos-livros-que-irao-enriquecer-sua-jornada-espiritual\\\/#primaryimage\",\"url\":\"https:\\\/\\\/www.oracaoefe.com\\\/wp-content\\\/uploads\\\/2024\\\/05\\\/image-3.png\",\"contentUrl\":\"https:\\\/\\\/www.oracaoefe.com\\\/wp-content\\\/uploads\\\/2024\\\/05\\\/image-3.png\",\"width\":480,\"height\":360},{\"@type\":\"BreadcrumbList\",\"@id\":\"https:\\\/\\\/www.oracaoefe.com\\\/lancamentos-literarios-os-novos-livros-que-irao-enriquecer-sua-jornada-espiritual\\\/#breadcrumb\",\"itemListElement\":[{\"@type\":\"ListItem\",\"position\":1,\"name\":\"Home\",\"item\":\"https:\\\/\\\/www.oracaoefe.com\\\/\"},{\"@type\":\"ListItem\",\"position\":2,\"name\":\"Fique por Dentro\",\"item\":\"https:\\\/\\\/www.oracaoefe.com\\\/category\\\/fique-por-dentro\\\/\"},{\"@type\":\"ListItem\",\"position\":3,\"name\":\"Lan\u00e7amentos Liter\u00e1rios: Os Novos Livros que Ir\u00e3o Enriquecer sua Jornada Espiritual\"}]},{\"@type\":\"WebSite\",\"@id\":\"https:\\\/\\\/www.oracaoefe.com\\\/#website\",\"url\":\"https:\\\/\\\/www.oracaoefe.com\\\/\",\"name\":\"Ora\u00e7\u00e3o e F\u00e9\",\"description\":\"\",\"potentialAction\":[{\"@type\":\"SearchAction\",\"target\":{\"@type\":\"EntryPoint\",\"urlTemplate\":\"https:\\\/\\\/www.oracaoefe.com\\\/?s={search_term_string}\"},\"query-input\":{\"@type\":\"PropertyValueSpecification\",\"valueRequired\":true,\"valueName\":\"search_term_string\"}}],\"inLanguage\":\"fr-FR\"},{\"@type\":\"Person\",\"@id\":\"https:\\\/\\\/www.oracaoefe.com\\\/#\\\/schema\\\/person\\\/17283c669442cf005c4d5bb58adfb7f5\",\"name\":\"Michele Azevedo\",\"image\":{\"@type\":\"ImageObject\",\"inLanguage\":\"fr-FR\",\"@id\":\"https:\\\/\\\/secure.gravatar.com\\\/avatar\\\/6b0eb9d22841282815e2cd856a0061c45e1761cd54b22e952d98c4746939aa85?s=96&d=mm&r=g\",\"url\":\"https:\\\/\\\/secure.gravatar.com\\\/avatar\\\/6b0eb9d22841282815e2cd856a0061c45e1761cd54b22e952d98c4746939aa85?s=96&d=mm&r=g\",\"contentUrl\":\"https:\\\/\\\/secure.gravatar.com\\\/avatar\\\/6b0eb9d22841282815e2cd856a0061c45e1761cd54b22e952d98c4746939aa85?s=96&d=mm&r=g\",\"caption\":\"Michele Azevedo\"},\"description\":\"Formada em Letras - Portugu\u00eas\\\/ Ingl\u00eas pela Universidade Estadual de Ponta Grossa (UEPG), p\u00f3s-graduada em Arte na Educa\u00e7\u00e3o (FAPI) e Psicopedagogia Escolar (FAPI), idealizadora e propriet\u00e1ria do site Escritora de Sucesso, possui experi\u00eancia em escrita para blogs em geral e atua como redatora e revisora dos conte\u00fados do Ora\u00e7\u00e3o e F\u00e9.\",\"url\":\"https:\\\/\\\/www.oracaoefe.com\\\/fr\\\/author\\\/michele-azevedo\\\/\"}]}<\/script>\n<!-- \/ Yoast SEO plugin. -->","yoast_head_json":{"title":"Lan\u00e7amentos Liter\u00e1rios: Os Novos Livros que Ir\u00e3o Enriquecer sua Jornada Espiritual - Ora\u00e7\u00e3o e F\u00e9","description":"Dieu a une parole de vie pour vous !","robots":{"index":"index","follow":"follow","max-snippet":"max-snippet:-1","max-image-preview":"max-image-preview:large","max-video-preview":"max-video-preview:-1"},"canonical":"https:\/\/www.oracaoefe.com\/fr\/lancamentos-literarios-os-novos-livros-que-irao-enriquecer-sua-jornada-espiritual\/","og_locale":"fr_FR","og_type":"article","og_title":"Lan\u00e7amentos Liter\u00e1rios: Os Novos Livros que Ir\u00e3o Enriquecer sua Jornada Espiritual - Ora\u00e7\u00e3o e F\u00e9","og_description":"Deus tem pra voc\u00ea uma palavra de vida!","og_url":"https:\/\/www.oracaoefe.com\/fr\/lancamentos-literarios-os-novos-livros-que-irao-enriquecer-sua-jornada-espiritual\/","og_site_name":"Ora\u00e7\u00e3o e F\u00e9","article_published_time":"2024-05-12T05:00:00+00:00","og_image":[{"width":480,"height":360,"url":"https:\/\/www.oracaoefe.com\/wp-content\/uploads\/2024\/05\/image-3.png","type":"image\/png"}],"author":"Michele Azevedo","twitter_card":"summary_large_image","twitter_misc":{"\u00c9crit par":"Michele Azevedo","Dur\u00e9e de lecture estim\u00e9e":"4 minutes"},"schema":{"@context":"https:\/\/schema.org","@graph":[{"@type":"Article","@id":"https:\/\/www.oracaoefe.com\/lancamentos-literarios-os-novos-livros-que-irao-enriquecer-sua-jornada-espiritual\/#article","isPartOf":{"@id":"https:\/\/www.oracaoefe.com\/lancamentos-literarios-os-novos-livros-que-irao-enriquecer-sua-jornada-espiritual\/"},"author":{"name":"Michele Azevedo","@id":"https:\/\/www.oracaoefe.com\/#\/schema\/person\/17283c669442cf005c4d5bb58adfb7f5"},"headline":"Lan\u00e7amentos Liter\u00e1rios: Os Novos Livros que Ir\u00e3o Enriquecer sua Jornada Espiritual","datePublished":"2024-05-12T05:00:00+00:00","mainEntityOfPage":{"@id":"https:\/\/www.oracaoefe.com\/lancamentos-literarios-os-novos-livros-que-irao-enriquecer-sua-jornada-espiritual\/"},"wordCount":741,"image":{"@id":"https:\/\/www.oracaoefe.com\/lancamentos-literarios-os-novos-livros-que-irao-enriquecer-sua-jornada-espiritual\/#primaryimage"},"thumbnailUrl":"https:\/\/www.oracaoefe.com\/wp-content\/uploads\/2024\/05\/image-3.png","articleSection":["Fique por Dentro"],"inLanguage":"fr-FR"},{"@type":"WebPage","@id":"https:\/\/www.oracaoefe.com\/lancamentos-literarios-os-novos-livros-que-irao-enriquecer-sua-jornada-espiritual\/","url":"https:\/\/www.oracaoefe.com\/lancamentos-literarios-os-novos-livros-que-irao-enriquecer-sua-jornada-espiritual\/","name":"Lan\u00e7amentos Liter\u00e1rios: Os Novos Livros que Ir\u00e3o Enriquecer sua Jornada Espiritual - Ora\u00e7\u00e3o e F\u00e9","isPartOf":{"@id":"https:\/\/www.oracaoefe.com\/#website"},"primaryImageOfPage":{"@id":"https:\/\/www.oracaoefe.com\/lancamentos-literarios-os-novos-livros-que-irao-enriquecer-sua-jornada-espiritual\/#primaryimage"},"image":{"@id":"https:\/\/www.oracaoefe.com\/lancamentos-literarios-os-novos-livros-que-irao-enriquecer-sua-jornada-espiritual\/#primaryimage"},"thumbnailUrl":"https:\/\/www.oracaoefe.com\/wp-content\/uploads\/2024\/05\/image-3.png","datePublished":"2024-05-12T05:00:00+00:00","author":{"@id":"https:\/\/www.oracaoefe.com\/#\/schema\/person\/17283c669442cf005c4d5bb58adfb7f5"},"description":"Dieu a une parole de vie pour vous !","breadcrumb":{"@id":"https:\/\/www.oracaoefe.com\/lancamentos-literarios-os-novos-livros-que-irao-enriquecer-sua-jornada-espiritual\/#breadcrumb"},"inLanguage":"fr-FR","potentialAction":[{"@type":"ReadAction","target":["https:\/\/www.oracaoefe.com\/lancamentos-literarios-os-novos-livros-que-irao-enriquecer-sua-jornada-espiritual\/"]}]},{"@type":"ImageObject","inLanguage":"fr-FR","@id":"https:\/\/www.oracaoefe.com\/lancamentos-literarios-os-novos-livros-que-irao-enriquecer-sua-jornada-espiritual\/#primaryimage","url":"https:\/\/www.oracaoefe.com\/wp-content\/uploads\/2024\/05\/image-3.png","contentUrl":"https:\/\/www.oracaoefe.com\/wp-content\/uploads\/2024\/05\/image-3.png","width":480,"height":360},{"@type":"BreadcrumbList","@id":"https:\/\/www.oracaoefe.com\/lancamentos-literarios-os-novos-livros-que-irao-enriquecer-sua-jornada-espiritual\/#breadcrumb","itemListElement":[{"@type":"ListItem","position":1,"name":"Home","item":"https:\/\/www.oracaoefe.com\/"},{"@type":"ListItem","position":2,"name":"Fique por Dentro","item":"https:\/\/www.oracaoefe.com\/category\/fique-por-dentro\/"},{"@type":"ListItem","position":3,"name":"Lan\u00e7amentos Liter\u00e1rios: Os Novos Livros que Ir\u00e3o Enriquecer sua Jornada Espiritual"}]},{"@type":"WebSite","@id":"https:\/\/www.oracaoefe.com\/#website","url":"https:\/\/www.oracaoefe.com\/","name":"Pri\u00e8re et foi","description":"","potentialAction":[{"@type":"SearchAction","target":{"@type":"EntryPoint","urlTemplate":"https:\/\/www.oracaoefe.com\/?s={search_term_string}"},"query-input":{"@type":"PropertyValueSpecification","valueRequired":true,"valueName":"search_term_string"}}],"inLanguage":"fr-FR"},{"@type":"Person","@id":"https:\/\/www.oracaoefe.com\/#\/schema\/person\/17283c669442cf005c4d5bb58adfb7f5","name":"Michele Azevedo","image":{"@type":"ImageObject","inLanguage":"fr-FR","@id":"https:\/\/secure.gravatar.com\/avatar\/6b0eb9d22841282815e2cd856a0061c45e1761cd54b22e952d98c4746939aa85?s=96&d=mm&r=g","url":"https:\/\/secure.gravatar.com\/avatar\/6b0eb9d22841282815e2cd856a0061c45e1761cd54b22e952d98c4746939aa85?s=96&d=mm&r=g","contentUrl":"https:\/\/secure.gravatar.com\/avatar\/6b0eb9d22841282815e2cd856a0061c45e1761cd54b22e952d98c4746939aa85?s=96&d=mm&r=g","caption":"Michele Azevedo"},"description":"Dipl\u00f4m\u00e9e en litt\u00e9rature portugaise\/anglaise de l&#039;Universit\u00e9 d&#039;\u00c9tat de Ponta Grossa (UEPG), avec des dipl\u00f4mes de troisi\u00e8me cycle en art dans l&#039;\u00e9ducation (FAPI) et en psychop\u00e9dagogie scolaire (FAPI), elle est la cr\u00e9atrice et propri\u00e9taire du site web Escritora de Sucesso, a de l&#039;exp\u00e9rience dans l&#039;\u00e9criture pour les blogs en g\u00e9n\u00e9ral et travaille comme r\u00e9dactrice et \u00e9ditrice du contenu pour Ora\u00e7\u00e3o e F\u00e9.","url":"https:\/\/www.oracaoefe.com\/fr\/author\/michele-azevedo\/"}]}},"_links":{"self":[{"href":"https:\/\/www.oracaoefe.com\/fr\/wp-json\/wp\/v2\/posts\/2815","targetHints":{"allow":["GET"]}}],"collection":[{"href":"https:\/\/www.oracaoefe.com\/fr\/wp-json\/wp\/v2\/posts"}],"about":[{"href":"https:\/\/www.oracaoefe.com\/fr\/wp-json\/wp\/v2\/types\/post"}],"author":[{"embeddable":true,"href":"https:\/\/www.oracaoefe.com\/fr\/wp-json\/wp\/v2\/users\/3"}],"replies":[{"embeddable":true,"href":"https:\/\/www.oracaoefe.com\/fr\/wp-json\/wp\/v2\/comments?post=2815"}],"version-history":[{"count":2,"href":"https:\/\/www.oracaoefe.com\/fr\/wp-json\/wp\/v2\/posts\/2815\/revisions"}],"predecessor-version":[{"id":2822,"href":"https:\/\/www.oracaoefe.com\/fr\/wp-json\/wp\/v2\/posts\/2815\/revisions\/2822"}],"wp:featuredmedia":[{"embeddable":true,"href":"https:\/\/www.oracaoefe.com\/fr\/wp-json\/wp\/v2\/media\/2821"}],"wp:attachment":[{"href":"https:\/\/www.oracaoefe.com\/fr\/wp-json\/wp\/v2\/media?parent=2815"}],"wp:term":[{"taxonomy":"category","embeddable":true,"href":"https:\/\/www.oracaoefe.com\/fr\/wp-json\/wp\/v2\/categories?post=2815"},{"taxonomy":"post_tag","embeddable":true,"href":"https:\/\/www.oracaoefe.com\/fr\/wp-json\/wp\/v2\/tags?post=2815"}],"curies":[{"name":"wp","href":"https:\/\/api.w.org\/{rel}","templated":true}]}}