{"id":2805,"date":"2024-05-09T01:01:00","date_gmt":"2024-05-09T04:01:00","guid":{"rendered":"https:\/\/www.oracaoefe.com\/?p=2805"},"modified":"2024-05-04T17:10:41","modified_gmt":"2024-05-04T20:10:41","slug":"caminhando-pela-fe-nao-pela-vista-vencendo-obstaculos-com-determinacao-espiritual","status":"publish","type":"post","link":"https:\/\/www.oracaoefe.com\/fr\/caminhando-pela-fe-nao-pela-vista-vencendo-obstaculos-com-determinacao-espiritual\/","title":{"rendered":"Caminhando Pela F\u00e9, N\u00e3o Pela Vista: Vencendo Obst\u00e1culos com Determina\u00e7\u00e3o Espiritual"},"content":{"rendered":"<p class=\"wp-block-paragraph\">Na jornada da vida, nos deparamos com uma mir\u00edade de desafios, obst\u00e1culos que parecem insuper\u00e1veis e momentos de escurid\u00e3o que nos fazem questionar o caminho que escolhemos. Em meio a essas prova\u00e7\u00f5es, \u00e9 f\u00e1cil sucumbir ao desespero e \u00e0 desesperan\u00e7a. No entanto, \u00e9 nos momentos mais sombrios que a verdadeira for\u00e7a do esp\u00edrito humano se revela.<\/p>\n\n\n\n<h2 class=\"wp-block-heading\">A F\u00e9 como B\u00fassola<\/h2>\n\n\n\n<p class=\"wp-block-paragraph\">Em um mundo frequentemente obscurecido pela incerteza e pela turbul\u00eancia, a f\u00e9 emerge como uma luz guia, iluminando nosso caminho mesmo nos momentos mais sombrios. Mas o que exatamente significa ter f\u00e9 como nossa b\u00fassola?<\/p>\n\n\n\n<p class=\"wp-block-paragraph\">Em sua ess\u00eancia mais profunda, a f\u00e9 \u00e9 a convic\u00e7\u00e3o de que existe algo maior do que n\u00f3s mesmos, uma for\u00e7a transcendental que permeia o universo e d\u00e1 significado \u00e0 nossa exist\u00eancia. \u00c9 a confian\u00e7a inabal\u00e1vel de que, independentemente das circunst\u00e2ncias externas, estamos sempre envolvidos por um amor e uma sabedoria divinos.<\/p>\n\n\n\n<p class=\"wp-block-paragraph\">Quando nos encontramos diante de desafios aparentemente insuper\u00e1veis, \u00e9 a f\u00e9 que nos d\u00e1 a coragem para continuar avan\u00e7ando. Ela nos lembra que, mesmo quando n\u00e3o podemos ver claramente o caminho \u00e0 nossa frente, podemos confiar no processo da vida e na sabedoria do universo para nos guiar na dire\u00e7\u00e3o certa.<\/p>\n\n\n\n<p class=\"wp-block-paragraph\">Al\u00e9m disso, a f\u00e9 nos ajuda a cultivar uma perspectiva mais ampla, permitindo-nos enxergar al\u00e9m das limita\u00e7\u00f5es imediatas da realidade f\u00edsica. Ela nos lembra que somos seres espirituais vivendo uma experi\u00eancia humana, e que cada desafio que encontramos \u00e9 uma oportunidade de crescimento e aprendizado.<\/p>\n\n\n\n<p class=\"wp-block-paragraph\">Ao permitir que a f\u00e9 seja nossa b\u00fassola, abrimos espa\u00e7o para milagres e sincronicidades em nossas vidas. Estamos mais dispostos a liberar o controle e confiar no fluxo natural da exist\u00eancia, sabendo que estamos sendo conduzidos na dire\u00e7\u00e3o certa, mesmo quando tudo parece ca\u00f3tico ao nosso redor.<\/p>\n\n\n\n<figure class=\"wp-block-image size-large\"><img loading=\"lazy\" decoding=\"async\" width=\"1024\" height=\"682\" src=\"https:\/\/www.oracaoefe.com\/wp-content\/uploads\/2024\/05\/image-2-1024x682.png\" alt=\"\" class=\"wp-image-2810\" srcset=\"https:\/\/www.oracaoefe.com\/wp-content\/uploads\/2024\/05\/image-2-1024x682.png 1024w, https:\/\/www.oracaoefe.com\/wp-content\/uploads\/2024\/05\/image-2-300x200.png 300w, https:\/\/www.oracaoefe.com\/wp-content\/uploads\/2024\/05\/image-2-768x512.png 768w, https:\/\/www.oracaoefe.com\/wp-content\/uploads\/2024\/05\/image-2-18x12.png 18w, https:\/\/www.oracaoefe.com\/wp-content\/uploads\/2024\/05\/image-2.png 1280w\" sizes=\"auto, (max-width: 1024px) 100vw, 1024px\" \/><\/figure>\n\n\n\n<p class=\"wp-block-paragraph\">No entanto, \u00e9 importante reconhecer que a f\u00e9 n\u00e3o \u00e9 um estado permanente de certeza absoluta. Ela \u00e9 din\u00e2mica e fluida, e h\u00e1 momentos em que at\u00e9 os mais devotos podem se sentir desafiados por d\u00favidas e incertezas. No entanto, \u00e9 precisamente nesses momentos de escurid\u00e3o que nossa f\u00e9 \u00e9 verdadeiramente testada e fortalecida.<\/p>\n\n\n\n<h2 class=\"wp-block-heading\">Superando a D\u00favida<\/h2>\n\n\n\n<p class=\"wp-block-paragraph\">A d\u00favida \u00e9 uma companheira constante na jornada da vida. Ela se manifesta de v\u00e1rias formas, desde questionamentos sobre nossas escolhas e convic\u00e7\u00f5es at\u00e9 incertezas sobre o futuro. No entanto, \u00e9 importante entender que a d\u00favida n\u00e3o \u00e9 um sinal de fraqueza, mas sim uma oportunidade para um crescimento espiritual mais profundo.<\/p>\n\n\n\n<p class=\"wp-block-paragraph\">Quando nos deparamos com a d\u00favida, muitas vezes somos confrontados com uma sensa\u00e7\u00e3o de desconforto e inseguran\u00e7a. Podemos nos sentir tentados a abandonar nossas cren\u00e7as ou desistir de nossos objetivos diante da incerteza do caminho \u00e0 frente. No entanto, \u00e9 precisamente nessas horas que precisamos nos lembrar da import\u00e2ncia de perseverar.<\/p>\n\n\n\n<p class=\"wp-block-paragraph\">Superar a d\u00favida requer uma mistura de auto-reflex\u00e3o, coragem e, acima de tudo, f\u00e9. \u00c9 um processo de mergulhar profundamente em nossos pr\u00f3prios cora\u00e7\u00f5es e questionar o que realmente acreditamos e valorizamos. \u00c9 uma oportunidade para examinar nossas convic\u00e7\u00f5es \u00e0 luz da raz\u00e3o e da experi\u00eancia pessoal, e descobrir se elas permanecem s\u00f3lidas e verdadeiras.<\/p>\n\n\n\n<h2 class=\"wp-block-heading\">Encontrando For\u00e7a na Adversidade<\/h2>\n\n\n\n<p class=\"wp-block-paragraph\">\u00c9 nos momentos mais dif\u00edceis que nossa determina\u00e7\u00e3o espiritual \u00e9 verdadeiramente testada. Diante da adversidade, somos desafiados a buscar dentro de n\u00f3s mesmos uma reserva de for\u00e7a que talvez nunca soub\u00e9ssemos que possu\u00edamos. \u00c9 uma oportunidade de nos reconectarmos com nossa ess\u00eancia mais profunda e descobrir a verdadeira extens\u00e3o de nosso poder espiritual.<\/p>\n\n\n\n<h2 class=\"wp-block-heading\">Caminhando Pela F\u00e9<\/h2>\n\n\n\n<p class=\"wp-block-paragraph\">Caminhar pela f\u00e9, e n\u00e3o pela vista, \u00e9 um convite para confiarmos em algo maior do que nossas percep\u00e7\u00f5es sensoriais limitadas. \u00c9 uma escolha consciente de avan\u00e7ar com coragem, mesmo quando n\u00e3o podemos ver claramente o caminho \u00e0 frente. \u00c9 acreditar que, mesmo nas situa\u00e7\u00f5es mais desafiadoras, h\u00e1 uma luz no fim do t\u00fanel, uma promessa de esperan\u00e7a que nos guia adiante.<\/p>\n\n\n\n<p class=\"wp-block-paragraph\">Em nossa jornada pela vida, inevitavelmente enfrentaremos obst\u00e1culos que parecem intranspon\u00edveis. No entanto, \u00e9 nos momentos de dificuldade que nossa determina\u00e7\u00e3o espiritual \u00e9 verdadeiramente posta \u00e0 prova. Ao caminharmos pela f\u00e9, e n\u00e3o pela vista, encontramos a for\u00e7a para superar qualquer desafio que a vida nos apresente. Com f\u00e9 como nossa b\u00fassola e determina\u00e7\u00e3o como nossa guia, podemos navegar pelas tempestades da vida com coragem e esperan\u00e7a.<\/p>\n\n\n\n<p class=\"wp-block-paragraph\"><strong>Voir aussi\u00a0: <a href=\"https:\/\/www.oracaoefe.com\/fr\/oracoes-para-tempos-dificeis-encontre-conforto-e-esperanca-nas-palavras-da-escritura\/\">Ora\u00e7\u00f5es para Tempos Dif\u00edceis: Encontre Conforto e Esperan\u00e7a nas Palavras da Escritura<\/a><\/strong><\/p>\n\n\n\n<p class=\"wp-block-paragraph\">9 de maio de 2024<\/p>","protected":false},"excerpt":{"rendered":"<p>Na jornada da vida, nos deparamos com uma mir\u00edade de desafios, obst\u00e1culos que parecem insuper\u00e1veis e momentos de escurid\u00e3o que nos fazem questionar o caminho que escolhemos. Em meio a essas prova\u00e7\u00f5es, \u00e9 f\u00e1cil sucumbir ao desespero e \u00e0 desesperan\u00e7a. No entanto, \u00e9 nos momentos mais sombrios que a verdadeira for\u00e7a do esp\u00edrito humano se&hellip;&nbsp;<\/p>","protected":false},"author":3,"featured_media":2810,"comment_status":"closed","ping_status":"closed","sticky":false,"template":"","format":"standard","meta":{"neve_meta_sidebar":"","neve_meta_container":"","neve_meta_enable_content_width":"","neve_meta_content_width":0,"neve_meta_title_alignment":"","neve_meta_author_avatar":"","neve_post_elements_order":"","neve_meta_disable_header":"","neve_meta_disable_footer":"","neve_meta_disable_title":"","footnotes":""},"categories":[3],"tags":[],"class_list":["post-2805","post","type-post","status-publish","format-standard","has-post-thumbnail","hentry","category-fe"],"yoast_head":"<!-- This site is optimized with the Yoast SEO plugin v28.4 - https:\/\/yoast.com\/product\/yoast-seo-wordpress\/ -->\n<title>Caminhando Pela F\u00e9, N\u00e3o Pela Vista: Vencendo Obst\u00e1culos com Determina\u00e7\u00e3o Espiritual - Ora\u00e7\u00e3o e F\u00e9<\/title>\n<meta name=\"description\" content=\"Deus tem pra voc\u00ea uma palavra de vida!\" \/>\n<meta name=\"robots\" content=\"index, follow, max-snippet:-1, max-image-preview:large, max-video-preview:-1\" \/>\n<link rel=\"canonical\" href=\"https:\/\/www.oracaoefe.com\/fr\/caminhando-pela-fe-nao-pela-vista-vencendo-obstaculos-com-determinacao-espiritual\/\" \/>\n<meta property=\"og:locale\" content=\"fr_FR\" \/>\n<meta property=\"og:type\" content=\"article\" \/>\n<meta property=\"og:title\" content=\"Caminhando Pela F\u00e9, N\u00e3o Pela Vista: Vencendo Obst\u00e1culos com Determina\u00e7\u00e3o Espiritual - Ora\u00e7\u00e3o e F\u00e9\" \/>\n<meta property=\"og:description\" content=\"Deus tem pra voc\u00ea uma palavra de vida!\" \/>\n<meta property=\"og:url\" content=\"https:\/\/www.oracaoefe.com\/fr\/caminhando-pela-fe-nao-pela-vista-vencendo-obstaculos-com-determinacao-espiritual\/\" \/>\n<meta property=\"og:site_name\" content=\"Ora\u00e7\u00e3o e F\u00e9\" \/>\n<meta property=\"article:published_time\" content=\"2024-05-09T04:01:00+00:00\" \/>\n<meta property=\"og:image\" content=\"https:\/\/www.oracaoefe.com\/wp-content\/uploads\/2024\/05\/image-2.png\" \/>\n\t<meta property=\"og:image:width\" content=\"1280\" \/>\n\t<meta property=\"og:image:height\" content=\"853\" \/>\n\t<meta property=\"og:image:type\" content=\"image\/png\" \/>\n<meta name=\"author\" content=\"Michele Azevedo\" \/>\n<meta name=\"twitter:card\" content=\"summary_large_image\" \/>\n<meta name=\"twitter:label1\" content=\"\u00c9crit par\" \/>\n\t<meta name=\"twitter:data1\" content=\"Michele Azevedo\" \/>\n\t<meta name=\"twitter:label2\" content=\"Dur\u00e9e de lecture estim\u00e9e\" \/>\n\t<meta name=\"twitter:data2\" content=\"4 minutes\" \/>\n<script type=\"application\/ld+json\" class=\"yoast-schema-graph\">{\"@context\":\"https:\\\/\\\/schema.org\",\"@graph\":[{\"@type\":\"Article\",\"@id\":\"https:\\\/\\\/www.oracaoefe.com\\\/caminhando-pela-fe-nao-pela-vista-vencendo-obstaculos-com-determinacao-espiritual\\\/#article\",\"isPartOf\":{\"@id\":\"https:\\\/\\\/www.oracaoefe.com\\\/caminhando-pela-fe-nao-pela-vista-vencendo-obstaculos-com-determinacao-espiritual\\\/\"},\"author\":{\"name\":\"Michele Azevedo\",\"@id\":\"https:\\\/\\\/www.oracaoefe.com\\\/#\\\/schema\\\/person\\\/17283c669442cf005c4d5bb58adfb7f5\"},\"headline\":\"Caminhando Pela F\u00e9, N\u00e3o Pela Vista: Vencendo Obst\u00e1culos com Determina\u00e7\u00e3o Espiritual\",\"datePublished\":\"2024-05-09T04:01:00+00:00\",\"mainEntityOfPage\":{\"@id\":\"https:\\\/\\\/www.oracaoefe.com\\\/caminhando-pela-fe-nao-pela-vista-vencendo-obstaculos-com-determinacao-espiritual\\\/\"},\"wordCount\":778,\"image\":{\"@id\":\"https:\\\/\\\/www.oracaoefe.com\\\/caminhando-pela-fe-nao-pela-vista-vencendo-obstaculos-com-determinacao-espiritual\\\/#primaryimage\"},\"thumbnailUrl\":\"https:\\\/\\\/www.oracaoefe.com\\\/wp-content\\\/uploads\\\/2024\\\/05\\\/image-2.png\",\"articleSection\":[\"F\u00e9\"],\"inLanguage\":\"fr-FR\"},{\"@type\":\"WebPage\",\"@id\":\"https:\\\/\\\/www.oracaoefe.com\\\/caminhando-pela-fe-nao-pela-vista-vencendo-obstaculos-com-determinacao-espiritual\\\/\",\"url\":\"https:\\\/\\\/www.oracaoefe.com\\\/caminhando-pela-fe-nao-pela-vista-vencendo-obstaculos-com-determinacao-espiritual\\\/\",\"name\":\"Caminhando Pela F\u00e9, N\u00e3o Pela Vista: Vencendo Obst\u00e1culos com Determina\u00e7\u00e3o Espiritual - Ora\u00e7\u00e3o e F\u00e9\",\"isPartOf\":{\"@id\":\"https:\\\/\\\/www.oracaoefe.com\\\/#website\"},\"primaryImageOfPage\":{\"@id\":\"https:\\\/\\\/www.oracaoefe.com\\\/caminhando-pela-fe-nao-pela-vista-vencendo-obstaculos-com-determinacao-espiritual\\\/#primaryimage\"},\"image\":{\"@id\":\"https:\\\/\\\/www.oracaoefe.com\\\/caminhando-pela-fe-nao-pela-vista-vencendo-obstaculos-com-determinacao-espiritual\\\/#primaryimage\"},\"thumbnailUrl\":\"https:\\\/\\\/www.oracaoefe.com\\\/wp-content\\\/uploads\\\/2024\\\/05\\\/image-2.png\",\"datePublished\":\"2024-05-09T04:01:00+00:00\",\"author\":{\"@id\":\"https:\\\/\\\/www.oracaoefe.com\\\/#\\\/schema\\\/person\\\/17283c669442cf005c4d5bb58adfb7f5\"},\"description\":\"Deus tem pra voc\u00ea uma palavra de vida!\",\"breadcrumb\":{\"@id\":\"https:\\\/\\\/www.oracaoefe.com\\\/caminhando-pela-fe-nao-pela-vista-vencendo-obstaculos-com-determinacao-espiritual\\\/#breadcrumb\"},\"inLanguage\":\"fr-FR\",\"potentialAction\":[{\"@type\":\"ReadAction\",\"target\":[\"https:\\\/\\\/www.oracaoefe.com\\\/caminhando-pela-fe-nao-pela-vista-vencendo-obstaculos-com-determinacao-espiritual\\\/\"]}]},{\"@type\":\"ImageObject\",\"inLanguage\":\"fr-FR\",\"@id\":\"https:\\\/\\\/www.oracaoefe.com\\\/caminhando-pela-fe-nao-pela-vista-vencendo-obstaculos-com-determinacao-espiritual\\\/#primaryimage\",\"url\":\"https:\\\/\\\/www.oracaoefe.com\\\/wp-content\\\/uploads\\\/2024\\\/05\\\/image-2.png\",\"contentUrl\":\"https:\\\/\\\/www.oracaoefe.com\\\/wp-content\\\/uploads\\\/2024\\\/05\\\/image-2.png\",\"width\":1280,\"height\":853},{\"@type\":\"BreadcrumbList\",\"@id\":\"https:\\\/\\\/www.oracaoefe.com\\\/caminhando-pela-fe-nao-pela-vista-vencendo-obstaculos-com-determinacao-espiritual\\\/#breadcrumb\",\"itemListElement\":[{\"@type\":\"ListItem\",\"position\":1,\"name\":\"Home\",\"item\":\"https:\\\/\\\/www.oracaoefe.com\\\/\"},{\"@type\":\"ListItem\",\"position\":2,\"name\":\"F\u00e9\",\"item\":\"https:\\\/\\\/www.oracaoefe.com\\\/es\\\/categoria\\\/fe\\\/\"},{\"@type\":\"ListItem\",\"position\":3,\"name\":\"Caminhando Pela F\u00e9, N\u00e3o Pela Vista: Vencendo Obst\u00e1culos com Determina\u00e7\u00e3o Espiritual\"}]},{\"@type\":\"WebSite\",\"@id\":\"https:\\\/\\\/www.oracaoefe.com\\\/#website\",\"url\":\"https:\\\/\\\/www.oracaoefe.com\\\/\",\"name\":\"Ora\u00e7\u00e3o e F\u00e9\",\"description\":\"\",\"potentialAction\":[{\"@type\":\"SearchAction\",\"target\":{\"@type\":\"EntryPoint\",\"urlTemplate\":\"https:\\\/\\\/www.oracaoefe.com\\\/?s={search_term_string}\"},\"query-input\":{\"@type\":\"PropertyValueSpecification\",\"valueRequired\":true,\"valueName\":\"search_term_string\"}}],\"inLanguage\":\"fr-FR\"},{\"@type\":\"Person\",\"@id\":\"https:\\\/\\\/www.oracaoefe.com\\\/#\\\/schema\\\/person\\\/17283c669442cf005c4d5bb58adfb7f5\",\"name\":\"Michele Azevedo\",\"image\":{\"@type\":\"ImageObject\",\"inLanguage\":\"fr-FR\",\"@id\":\"https:\\\/\\\/secure.gravatar.com\\\/avatar\\\/6b0eb9d22841282815e2cd856a0061c45e1761cd54b22e952d98c4746939aa85?s=96&d=mm&r=g\",\"url\":\"https:\\\/\\\/secure.gravatar.com\\\/avatar\\\/6b0eb9d22841282815e2cd856a0061c45e1761cd54b22e952d98c4746939aa85?s=96&d=mm&r=g\",\"contentUrl\":\"https:\\\/\\\/secure.gravatar.com\\\/avatar\\\/6b0eb9d22841282815e2cd856a0061c45e1761cd54b22e952d98c4746939aa85?s=96&d=mm&r=g\",\"caption\":\"Michele Azevedo\"},\"description\":\"Formada em Letras - Portugu\u00eas\\\/ Ingl\u00eas pela Universidade Estadual de Ponta Grossa (UEPG), p\u00f3s-graduada em Arte na Educa\u00e7\u00e3o (FAPI) e Psicopedagogia Escolar (FAPI), idealizadora e propriet\u00e1ria do site Escritora de Sucesso, possui experi\u00eancia em escrita para blogs em geral e atua como redatora e revisora dos conte\u00fados do Ora\u00e7\u00e3o e F\u00e9.\",\"url\":\"https:\\\/\\\/www.oracaoefe.com\\\/fr\\\/author\\\/michele-azevedo\\\/\"}]}<\/script>\n<!-- \/ Yoast SEO plugin. -->","yoast_head_json":{"title":"Caminhando Pela F\u00e9, N\u00e3o Pela Vista: Vencendo Obst\u00e1culos com Determina\u00e7\u00e3o Espiritual - Ora\u00e7\u00e3o e F\u00e9","description":"Dieu a une parole de vie pour vous !","robots":{"index":"index","follow":"follow","max-snippet":"max-snippet:-1","max-image-preview":"max-image-preview:large","max-video-preview":"max-video-preview:-1"},"canonical":"https:\/\/www.oracaoefe.com\/fr\/caminhando-pela-fe-nao-pela-vista-vencendo-obstaculos-com-determinacao-espiritual\/","og_locale":"fr_FR","og_type":"article","og_title":"Caminhando Pela F\u00e9, N\u00e3o Pela Vista: Vencendo Obst\u00e1culos com Determina\u00e7\u00e3o Espiritual - Ora\u00e7\u00e3o e F\u00e9","og_description":"Deus tem pra voc\u00ea uma palavra de vida!","og_url":"https:\/\/www.oracaoefe.com\/fr\/caminhando-pela-fe-nao-pela-vista-vencendo-obstaculos-com-determinacao-espiritual\/","og_site_name":"Ora\u00e7\u00e3o e F\u00e9","article_published_time":"2024-05-09T04:01:00+00:00","og_image":[{"width":1280,"height":853,"url":"https:\/\/www.oracaoefe.com\/wp-content\/uploads\/2024\/05\/image-2.png","type":"image\/png"}],"author":"Michele Azevedo","twitter_card":"summary_large_image","twitter_misc":{"\u00c9crit par":"Michele Azevedo","Dur\u00e9e de lecture estim\u00e9e":"4 minutes"},"schema":{"@context":"https:\/\/schema.org","@graph":[{"@type":"Article","@id":"https:\/\/www.oracaoefe.com\/caminhando-pela-fe-nao-pela-vista-vencendo-obstaculos-com-determinacao-espiritual\/#article","isPartOf":{"@id":"https:\/\/www.oracaoefe.com\/caminhando-pela-fe-nao-pela-vista-vencendo-obstaculos-com-determinacao-espiritual\/"},"author":{"name":"Michele Azevedo","@id":"https:\/\/www.oracaoefe.com\/#\/schema\/person\/17283c669442cf005c4d5bb58adfb7f5"},"headline":"Caminhando Pela F\u00e9, N\u00e3o Pela Vista: Vencendo Obst\u00e1culos com Determina\u00e7\u00e3o Espiritual","datePublished":"2024-05-09T04:01:00+00:00","mainEntityOfPage":{"@id":"https:\/\/www.oracaoefe.com\/caminhando-pela-fe-nao-pela-vista-vencendo-obstaculos-com-determinacao-espiritual\/"},"wordCount":778,"image":{"@id":"https:\/\/www.oracaoefe.com\/caminhando-pela-fe-nao-pela-vista-vencendo-obstaculos-com-determinacao-espiritual\/#primaryimage"},"thumbnailUrl":"https:\/\/www.oracaoefe.com\/wp-content\/uploads\/2024\/05\/image-2.png","articleSection":["F\u00e9"],"inLanguage":"fr-FR"},{"@type":"WebPage","@id":"https:\/\/www.oracaoefe.com\/caminhando-pela-fe-nao-pela-vista-vencendo-obstaculos-com-determinacao-espiritual\/","url":"https:\/\/www.oracaoefe.com\/caminhando-pela-fe-nao-pela-vista-vencendo-obstaculos-com-determinacao-espiritual\/","name":"Caminhando Pela F\u00e9, N\u00e3o Pela Vista: Vencendo Obst\u00e1culos com Determina\u00e7\u00e3o Espiritual - Ora\u00e7\u00e3o e F\u00e9","isPartOf":{"@id":"https:\/\/www.oracaoefe.com\/#website"},"primaryImageOfPage":{"@id":"https:\/\/www.oracaoefe.com\/caminhando-pela-fe-nao-pela-vista-vencendo-obstaculos-com-determinacao-espiritual\/#primaryimage"},"image":{"@id":"https:\/\/www.oracaoefe.com\/caminhando-pela-fe-nao-pela-vista-vencendo-obstaculos-com-determinacao-espiritual\/#primaryimage"},"thumbnailUrl":"https:\/\/www.oracaoefe.com\/wp-content\/uploads\/2024\/05\/image-2.png","datePublished":"2024-05-09T04:01:00+00:00","author":{"@id":"https:\/\/www.oracaoefe.com\/#\/schema\/person\/17283c669442cf005c4d5bb58adfb7f5"},"description":"Dieu a une parole de vie pour vous !","breadcrumb":{"@id":"https:\/\/www.oracaoefe.com\/caminhando-pela-fe-nao-pela-vista-vencendo-obstaculos-com-determinacao-espiritual\/#breadcrumb"},"inLanguage":"fr-FR","potentialAction":[{"@type":"ReadAction","target":["https:\/\/www.oracaoefe.com\/caminhando-pela-fe-nao-pela-vista-vencendo-obstaculos-com-determinacao-espiritual\/"]}]},{"@type":"ImageObject","inLanguage":"fr-FR","@id":"https:\/\/www.oracaoefe.com\/caminhando-pela-fe-nao-pela-vista-vencendo-obstaculos-com-determinacao-espiritual\/#primaryimage","url":"https:\/\/www.oracaoefe.com\/wp-content\/uploads\/2024\/05\/image-2.png","contentUrl":"https:\/\/www.oracaoefe.com\/wp-content\/uploads\/2024\/05\/image-2.png","width":1280,"height":853},{"@type":"BreadcrumbList","@id":"https:\/\/www.oracaoefe.com\/caminhando-pela-fe-nao-pela-vista-vencendo-obstaculos-com-determinacao-espiritual\/#breadcrumb","itemListElement":[{"@type":"ListItem","position":1,"name":"Home","item":"https:\/\/www.oracaoefe.com\/"},{"@type":"ListItem","position":2,"name":"F\u00e9","item":"https:\/\/www.oracaoefe.com\/es\/categoria\/fe\/"},{"@type":"ListItem","position":3,"name":"Caminhando Pela F\u00e9, N\u00e3o Pela Vista: Vencendo Obst\u00e1culos com Determina\u00e7\u00e3o Espiritual"}]},{"@type":"WebSite","@id":"https:\/\/www.oracaoefe.com\/#website","url":"https:\/\/www.oracaoefe.com\/","name":"Pri\u00e8re et foi","description":"","potentialAction":[{"@type":"SearchAction","target":{"@type":"EntryPoint","urlTemplate":"https:\/\/www.oracaoefe.com\/?s={search_term_string}"},"query-input":{"@type":"PropertyValueSpecification","valueRequired":true,"valueName":"search_term_string"}}],"inLanguage":"fr-FR"},{"@type":"Person","@id":"https:\/\/www.oracaoefe.com\/#\/schema\/person\/17283c669442cf005c4d5bb58adfb7f5","name":"Michele Azevedo","image":{"@type":"ImageObject","inLanguage":"fr-FR","@id":"https:\/\/secure.gravatar.com\/avatar\/6b0eb9d22841282815e2cd856a0061c45e1761cd54b22e952d98c4746939aa85?s=96&d=mm&r=g","url":"https:\/\/secure.gravatar.com\/avatar\/6b0eb9d22841282815e2cd856a0061c45e1761cd54b22e952d98c4746939aa85?s=96&d=mm&r=g","contentUrl":"https:\/\/secure.gravatar.com\/avatar\/6b0eb9d22841282815e2cd856a0061c45e1761cd54b22e952d98c4746939aa85?s=96&d=mm&r=g","caption":"Michele Azevedo"},"description":"Dipl\u00f4m\u00e9e en litt\u00e9rature portugaise\/anglaise de l&#039;Universit\u00e9 d&#039;\u00c9tat de Ponta Grossa (UEPG), avec des dipl\u00f4mes de troisi\u00e8me cycle en art dans l&#039;\u00e9ducation (FAPI) et en psychop\u00e9dagogie scolaire (FAPI), elle est la cr\u00e9atrice et propri\u00e9taire du site web Escritora de Sucesso, a de l&#039;exp\u00e9rience dans l&#039;\u00e9criture pour les blogs en g\u00e9n\u00e9ral et travaille comme r\u00e9dactrice et \u00e9ditrice du contenu pour Ora\u00e7\u00e3o e F\u00e9.","url":"https:\/\/www.oracaoefe.com\/fr\/author\/michele-azevedo\/"}]}},"_links":{"self":[{"href":"https:\/\/www.oracaoefe.com\/fr\/wp-json\/wp\/v2\/posts\/2805","targetHints":{"allow":["GET"]}}],"collection":[{"href":"https:\/\/www.oracaoefe.com\/fr\/wp-json\/wp\/v2\/posts"}],"about":[{"href":"https:\/\/www.oracaoefe.com\/fr\/wp-json\/wp\/v2\/types\/post"}],"author":[{"embeddable":true,"href":"https:\/\/www.oracaoefe.com\/fr\/wp-json\/wp\/v2\/users\/3"}],"replies":[{"embeddable":true,"href":"https:\/\/www.oracaoefe.com\/fr\/wp-json\/wp\/v2\/comments?post=2805"}],"version-history":[{"count":2,"href":"https:\/\/www.oracaoefe.com\/fr\/wp-json\/wp\/v2\/posts\/2805\/revisions"}],"predecessor-version":[{"id":2812,"href":"https:\/\/www.oracaoefe.com\/fr\/wp-json\/wp\/v2\/posts\/2805\/revisions\/2812"}],"wp:featuredmedia":[{"embeddable":true,"href":"https:\/\/www.oracaoefe.com\/fr\/wp-json\/wp\/v2\/media\/2810"}],"wp:attachment":[{"href":"https:\/\/www.oracaoefe.com\/fr\/wp-json\/wp\/v2\/media?parent=2805"}],"wp:term":[{"taxonomy":"category","embeddable":true,"href":"https:\/\/www.oracaoefe.com\/fr\/wp-json\/wp\/v2\/categories?post=2805"},{"taxonomy":"post_tag","embeddable":true,"href":"https:\/\/www.oracaoefe.com\/fr\/wp-json\/wp\/v2\/tags?post=2805"}],"curies":[{"name":"wp","href":"https:\/\/api.w.org\/{rel}","templated":true}]}}