{"id":280,"date":"2022-09-24T21:32:20","date_gmt":"2022-09-25T00:32:20","guid":{"rendered":"https:\/\/www.oracaoefe.com\/?p=280"},"modified":"2025-06-15T15:17:54","modified_gmt":"2025-06-15T18:17:54","slug":"se-acreditamos-na-vida-eterna-por-que-se-preocupar-com-o-destino-do-planeta","status":"publish","type":"post","link":"https:\/\/www.oracaoefe.com\/fr\/se-acreditamos-na-vida-eterna-por-que-se-preocupar-com-o-destino-do-planeta\/","title":{"rendered":"Si nous croyons en la vie \u00e9ternelle, pourquoi s'inqui\u00e9ter du sort de la plan\u00e8te ?"},"content":{"rendered":"<div class=\"wp-block-post-date\"><time datetime=\"2022-09-24T21:32:20-03:00\">24 septembre 2022<\/time><\/div>\n\n\n<p class=\"wp-block-paragraph\">No Evangelho, descobrimos uma esperan\u00e7a, a da vida da eternidade. Com isso, a B\u00edblia indica que h\u00e1 um al\u00e9m da vida terrena, que o amor de Deus n\u00e3o se limita \u00e0 nossa exist\u00eancia aqui embaixo. Como escreve o autor da carta aos Hebreus, estamos \u201cem busca de uma p\u00e1tria\u201d, e \u00e9 \u201ca uma p\u00e1tria melhor\u201d que aspiramos, que \u00e9 \u201ccelestial\u201d e n\u00e3o terrena. Assim, por meio da vida de Jesus, especialmente por meio de sua ressurrei\u00e7\u00e3o, Deus nos convida a uma vida al\u00e9m da vida.<\/p>\n\n\n\n<p class=\"wp-block-paragraph\">Portanto, interessar-se pelo destino do planeta pode parecer secund\u00e1rio: n\u00e3o \u00e9 rid\u00edculo querer proteger um meio ambiente, tudo tempor\u00e1rio, a todo custo? Poder-se-ia at\u00e9 perguntar se dedicar grandes esfor\u00e7os \u00e0 prote\u00e7\u00e3o do planeta n\u00e3o seria sinal de falta de esperan\u00e7a nesta vida de eternidade&#8230; uma falta de respeito pelo seu trabalho criativo.&nbsp;<\/p>\n\n\n\n<h2 class=\"wp-block-heading\">A vida eterna e o destino do planeta<\/h2>\n\n\n\n<p class=\"wp-block-paragraph\">Alguns, sem sentido em suas vidas, passam a n\u00e3o se cuidar mais e t\u00eam atitudes autodestrutivas; o mesmo poderia ser dito de uma humanidade desorientada que n\u00e3o teria mais respeito por esse meio ambiente.<\/p>\n\n\n\n<p class=\"wp-block-paragraph\">Assim, ter confian\u00e7a nesta vida eterna torna-se antes um chamado para salvaguardar a cria\u00e7\u00e3o de Deus agora. Se Deus nos considera dignos de sermos acolhidos com ele para sempre, isso indica, sem d\u00favida, que tamb\u00e9m a nossa vida aqui embaixo recebe um valor inestim\u00e1vel, e com ela toda a cria\u00e7\u00e3o em constante renova\u00e7\u00e3o, aquela que &#8220;agora ainda geme nas dores do parto&#8221; (Rm 8: 22). A cria\u00e7\u00e3o cont\u00ednua e a salva\u00e7\u00e3o eterna s\u00e3o um e o mesmo movimento, o de Deus que n\u00e3o cessa de manifestar o seu amor a toda a humanidade.<\/p>\n\n\n\n<p class=\"wp-block-paragraph\">Acreditar na vida da eternidade n\u00e3o pode, portanto, ser contradit\u00f3rio com a preocupa\u00e7\u00e3o com o meio ambiente. Esperar o al\u00e9m prometido por Deus implica respeitar o aqui embaixo j\u00e1 dado por ele. \u00c9 ele quem enche todo o universo: \u201cO Senhor teu Deus \u00e9 Deus em cima nos c\u00e9us e embaixo na terra\u201d (Js 2:11).&nbsp;<\/p>\n\n\n\n<p class=\"wp-block-paragraph\">Nossa presen\u00e7a neste mundo tem um significado e a esperan\u00e7a da vida eterna s\u00f3 torna esse significado ainda mais profundo. O Evangelho nos chama a amar o pr\u00f3ximo, a um esp\u00edrito de admira\u00e7\u00e3o, que s\u00e3o todas as raz\u00f5es para cuidar do mundo criado: meu comportamento tamb\u00e9m tem consequ\u00eancias para meus irm\u00e3os e irm\u00e3s na humanidade e para as gera\u00e7\u00f5es futuras.<\/p>\n\n\n\n<p class=\"wp-block-paragraph\">Agora, a cria\u00e7\u00e3o de Deus deseja viver, hoje e para sempre. Como disse Albert Schweitzer, \u201cEu sou a vida que quer viver, cercado pela vida que quer viver\u201d (Civiliza\u00e7\u00e3o e \u00c9tica, 1976). A vida da eternidade \u00e9 uma promessa que nos mant\u00e9m despertos, uma responsabilidade para hoje.<\/p>\n\n\n\n<h3 class=\"wp-block-heading\">O ser humano no topo da cria\u00e7\u00e3o<\/h3>\n\n\n\n<p class=\"wp-block-paragraph\">Os dois primeiros cap\u00edtulos de G\u00eanesis relatam a cria\u00e7\u00e3o do universo (se voc\u00ea ainda n\u00e3o o fez, convido voc\u00ea a l\u00ea-los). Deus fez o universo e tudo nele: as estrelas, os elementos, a vida na Terra.&nbsp;<\/p>\n\n\n\n<p class=\"wp-block-paragraph\">A forma liter\u00e1ria do relato de G\u00eanesis apresenta a cria\u00e7\u00e3o n\u00e3o em ordem cronol\u00f3gica, mas por categorias: primeiro os cen\u00e1rios (luz\/noite; mar\/c\u00e9u; terra\/vegeta\u00e7\u00e3o), depois o que povoa esses cen\u00e1rios (estrelas, animais marinhos e p\u00e1ssaros, terra animais).&nbsp;<\/p>\n\n\n\n<h3 class=\"wp-block-heading\">A responsabilidade do homem perante a cria\u00e7\u00e3o<\/h3>\n\n\n\n<p class=\"wp-block-paragraph\">Lemos no vers\u00edculo 28 que Deus pediu ao homem e \u00e0 mulher que fossem frut\u00edferos e enchessem a terra. Sem d\u00favida, esta liminar foi respeitada! Observe tamb\u00e9m que este comando para ser frut\u00edfero foi dado a animais aqu\u00e1ticos e p\u00e1ssaros:<\/p>\n\n\n\n<p class=\"wp-block-paragraph\"><em>E ele os aben\u00e7oa, com estas palavras: Sede fecundos, multiplicai-vos, enchei as \u00e1guas dos mares, e que as aves tamb\u00e9m se multipliquem sobre a terra. (G\u00eanesis 1, vers\u00edculo 22)<\/em><\/p>\n\n\n\n<p class=\"wp-block-paragraph\">Essa miss\u00e3o de fecundidade \u00e9 a mesma para humanos e animais, e vem com a b\u00ean\u00e7\u00e3o de Deus, que cuida de toda a sua cria\u00e7\u00e3o.<\/p>\n\n\n\n<p class=\"wp-block-paragraph\">No entanto, para os humanos, vai mais longe porque eles s\u00e3o investidos de autoridade sobre os animais da Terra. Deus quer que os humanos assumam o controle da Terra e a dominem.&nbsp;<\/p>\n\n\n\n<p class=\"wp-block-paragraph\">As palavras &#8220;dominar&#8221; e &#8220;tornar-se senhores&#8221; podem ser mal interpretadas e levar a justificar a explora\u00e7\u00e3o desproporcional dos recursos naturais e a destrui\u00e7\u00e3o da natureza. No entanto, se nos colocarmos na perspectiva do homem criado \u00e0 imagem de Deus, que \u00e9 amor, entendemos que a autoridade em quest\u00e3o est\u00e1 marcada pelo amor.<\/p>","protected":false},"excerpt":{"rendered":"<p>No Evangelho, descobrimos uma esperan\u00e7a, a da vida da eternidade. Com isso, a B\u00edblia indica que h\u00e1 um al\u00e9m da vida terrena&#8230;<\/p>","protected":false},"author":1,"featured_media":435,"comment_status":"open","ping_status":"closed","sticky":false,"template":"","format":"standard","meta":{"neve_meta_sidebar":"","neve_meta_container":"","neve_meta_enable_content_width":"","neve_meta_content_width":0,"neve_meta_title_alignment":"","neve_meta_author_avatar":"","neve_post_elements_order":"","neve_meta_disable_header":"","neve_meta_disable_footer":"","neve_meta_disable_title":"","footnotes":""},"categories":[3],"tags":[46,20,45],"class_list":["post-280","post","type-post","status-publish","format-standard","has-post-thumbnail","hentry","category-fe","tag-destino","tag-deus","tag-vida-eterna"],"yoast_head":"<!-- This site is optimized with the Yoast SEO plugin v28.4 - https:\/\/yoast.com\/product\/yoast-seo-wordpress\/ -->\n<title>Se acreditamos na vida eterna, por que se preocupar com o destino do planeta? - Ora\u00e7\u00e3o e F\u00e9<\/title>\n<meta name=\"description\" content=\"No Evangelho, descobrimos uma esperan\u00e7a, a da vida da eternidade. Com isso, a B\u00edblia indica que h\u00e1 um al\u00e9m da vida terrena...\" \/>\n<meta name=\"robots\" content=\"index, follow, max-snippet:-1, max-image-preview:large, max-video-preview:-1\" \/>\n<link rel=\"canonical\" href=\"https:\/\/www.oracaoefe.com\/fr\/se-acreditamos-na-vida-eterna-por-que-se-preocupar-com-o-destino-do-planeta\/\" \/>\n<meta property=\"og:locale\" content=\"fr_FR\" \/>\n<meta property=\"og:type\" content=\"article\" \/>\n<meta property=\"og:title\" content=\"Se acreditamos na vida eterna, por que se preocupar com o destino do planeta? - Ora\u00e7\u00e3o e F\u00e9\" \/>\n<meta property=\"og:description\" content=\"No Evangelho, descobrimos uma esperan\u00e7a, a da vida da eternidade. Com isso, a B\u00edblia indica que h\u00e1 um al\u00e9m da vida terrena...\" \/>\n<meta property=\"og:url\" content=\"https:\/\/www.oracaoefe.com\/fr\/se-acreditamos-na-vida-eterna-por-que-se-preocupar-com-o-destino-do-planeta\/\" \/>\n<meta property=\"og:site_name\" content=\"Ora\u00e7\u00e3o e F\u00e9\" \/>\n<meta property=\"article:published_time\" content=\"2022-09-25T00:32:20+00:00\" \/>\n<meta property=\"article:modified_time\" content=\"2025-06-15T18:17:54+00:00\" \/>\n<meta property=\"og:image\" content=\"https:\/\/www.oracaoefe.com\/wp-content\/uploads\/2022\/09\/Se-acreditamos-na-vida-eterna-por-que-se-preocupar-com-o-destino-do-planeta.jpg\" \/>\n\t<meta property=\"og:image:width\" content=\"1200\" \/>\n\t<meta property=\"og:image:height\" content=\"675\" \/>\n\t<meta property=\"og:image:type\" content=\"image\/jpeg\" \/>\n<meta name=\"author\" content=\"Maria\" \/>\n<meta name=\"twitter:card\" content=\"summary_large_image\" \/>\n<meta name=\"twitter:label1\" content=\"\u00c9crit par\" \/>\n\t<meta name=\"twitter:data1\" content=\"Maria\" \/>\n\t<meta name=\"twitter:label2\" content=\"Dur\u00e9e de lecture estim\u00e9e\" \/>\n\t<meta name=\"twitter:data2\" content=\"4 minutes\" \/>\n<script type=\"application\/ld+json\" class=\"yoast-schema-graph\">{\"@context\":\"https:\\\/\\\/schema.org\",\"@graph\":[{\"@type\":\"Article\",\"@id\":\"https:\\\/\\\/www.oracaoefe.com\\\/se-acreditamos-na-vida-eterna-por-que-se-preocupar-com-o-destino-do-planeta\\\/#article\",\"isPartOf\":{\"@id\":\"https:\\\/\\\/www.oracaoefe.com\\\/se-acreditamos-na-vida-eterna-por-que-se-preocupar-com-o-destino-do-planeta\\\/\"},\"author\":{\"name\":\"Maria\",\"@id\":\"https:\\\/\\\/www.oracaoefe.com\\\/#\\\/schema\\\/person\\\/27873f1e6043866689f5091b5139f23d\"},\"headline\":\"Se acreditamos na vida eterna, por que se preocupar com o destino do planeta?\",\"datePublished\":\"2022-09-25T00:32:20+00:00\",\"dateModified\":\"2025-06-15T18:17:54+00:00\",\"mainEntityOfPage\":{\"@id\":\"https:\\\/\\\/www.oracaoefe.com\\\/se-acreditamos-na-vida-eterna-por-que-se-preocupar-com-o-destino-do-planeta\\\/\"},\"wordCount\":790,\"commentCount\":0,\"image\":{\"@id\":\"https:\\\/\\\/www.oracaoefe.com\\\/se-acreditamos-na-vida-eterna-por-que-se-preocupar-com-o-destino-do-planeta\\\/#primaryimage\"},\"thumbnailUrl\":\"https:\\\/\\\/www.oracaoefe.com\\\/wp-content\\\/uploads\\\/2022\\\/09\\\/Se-acreditamos-na-vida-eterna-por-que-se-preocupar-com-o-destino-do-planeta.jpg\",\"keywords\":[\"destino\",\"Deus\",\"vida eterna\"],\"articleSection\":[\"F\u00e9\"],\"inLanguage\":\"fr-FR\",\"potentialAction\":[{\"@type\":\"CommentAction\",\"name\":\"Comment\",\"target\":[\"https:\\\/\\\/www.oracaoefe.com\\\/se-acreditamos-na-vida-eterna-por-que-se-preocupar-com-o-destino-do-planeta\\\/#respond\"]}]},{\"@type\":\"WebPage\",\"@id\":\"https:\\\/\\\/www.oracaoefe.com\\\/se-acreditamos-na-vida-eterna-por-que-se-preocupar-com-o-destino-do-planeta\\\/\",\"url\":\"https:\\\/\\\/www.oracaoefe.com\\\/se-acreditamos-na-vida-eterna-por-que-se-preocupar-com-o-destino-do-planeta\\\/\",\"name\":\"Se acreditamos na vida eterna, por que se preocupar com o destino do planeta? - Ora\u00e7\u00e3o e F\u00e9\",\"isPartOf\":{\"@id\":\"https:\\\/\\\/www.oracaoefe.com\\\/#website\"},\"primaryImageOfPage\":{\"@id\":\"https:\\\/\\\/www.oracaoefe.com\\\/se-acreditamos-na-vida-eterna-por-que-se-preocupar-com-o-destino-do-planeta\\\/#primaryimage\"},\"image\":{\"@id\":\"https:\\\/\\\/www.oracaoefe.com\\\/se-acreditamos-na-vida-eterna-por-que-se-preocupar-com-o-destino-do-planeta\\\/#primaryimage\"},\"thumbnailUrl\":\"https:\\\/\\\/www.oracaoefe.com\\\/wp-content\\\/uploads\\\/2022\\\/09\\\/Se-acreditamos-na-vida-eterna-por-que-se-preocupar-com-o-destino-do-planeta.jpg\",\"datePublished\":\"2022-09-25T00:32:20+00:00\",\"dateModified\":\"2025-06-15T18:17:54+00:00\",\"author\":{\"@id\":\"https:\\\/\\\/www.oracaoefe.com\\\/#\\\/schema\\\/person\\\/27873f1e6043866689f5091b5139f23d\"},\"description\":\"No Evangelho, descobrimos uma esperan\u00e7a, a da vida da eternidade. Com isso, a B\u00edblia indica que h\u00e1 um al\u00e9m da vida terrena...\",\"breadcrumb\":{\"@id\":\"https:\\\/\\\/www.oracaoefe.com\\\/se-acreditamos-na-vida-eterna-por-que-se-preocupar-com-o-destino-do-planeta\\\/#breadcrumb\"},\"inLanguage\":\"fr-FR\",\"potentialAction\":[{\"@type\":\"ReadAction\",\"target\":[\"https:\\\/\\\/www.oracaoefe.com\\\/se-acreditamos-na-vida-eterna-por-que-se-preocupar-com-o-destino-do-planeta\\\/\"]}]},{\"@type\":\"ImageObject\",\"inLanguage\":\"fr-FR\",\"@id\":\"https:\\\/\\\/www.oracaoefe.com\\\/se-acreditamos-na-vida-eterna-por-que-se-preocupar-com-o-destino-do-planeta\\\/#primaryimage\",\"url\":\"https:\\\/\\\/www.oracaoefe.com\\\/wp-content\\\/uploads\\\/2022\\\/09\\\/Se-acreditamos-na-vida-eterna-por-que-se-preocupar-com-o-destino-do-planeta.jpg\",\"contentUrl\":\"https:\\\/\\\/www.oracaoefe.com\\\/wp-content\\\/uploads\\\/2022\\\/09\\\/Se-acreditamos-na-vida-eterna-por-que-se-preocupar-com-o-destino-do-planeta.jpg\",\"width\":1200,\"height\":675,\"caption\":\"Se acreditamos na vida eterna, por que se preocupar com o destino do planeta\"},{\"@type\":\"BreadcrumbList\",\"@id\":\"https:\\\/\\\/www.oracaoefe.com\\\/se-acreditamos-na-vida-eterna-por-que-se-preocupar-com-o-destino-do-planeta\\\/#breadcrumb\",\"itemListElement\":[{\"@type\":\"ListItem\",\"position\":1,\"name\":\"Home\",\"item\":\"https:\\\/\\\/www.oracaoefe.com\\\/\"},{\"@type\":\"ListItem\",\"position\":2,\"name\":\"Se acreditamos na vida eterna, por que se preocupar com o destino do planeta?\"}]},{\"@type\":\"WebSite\",\"@id\":\"https:\\\/\\\/www.oracaoefe.com\\\/#website\",\"url\":\"https:\\\/\\\/www.oracaoefe.com\\\/\",\"name\":\"Ora\u00e7\u00e3o e F\u00e9\",\"description\":\"\",\"potentialAction\":[{\"@type\":\"SearchAction\",\"target\":{\"@type\":\"EntryPoint\",\"urlTemplate\":\"https:\\\/\\\/www.oracaoefe.com\\\/?s={search_term_string}\"},\"query-input\":{\"@type\":\"PropertyValueSpecification\",\"valueRequired\":true,\"valueName\":\"search_term_string\"}}],\"inLanguage\":\"fr-FR\"},{\"@type\":\"Person\",\"@id\":\"https:\\\/\\\/www.oracaoefe.com\\\/#\\\/schema\\\/person\\\/27873f1e6043866689f5091b5139f23d\",\"name\":\"Maria\",\"image\":{\"@type\":\"ImageObject\",\"inLanguage\":\"fr-FR\",\"@id\":\"https:\\\/\\\/secure.gravatar.com\\\/avatar\\\/4cac5ea56d40d599bd7348d330a83b1c84cd229296d1613cd1c7f6740561d0c9?s=96&d=mm&r=g\",\"url\":\"https:\\\/\\\/secure.gravatar.com\\\/avatar\\\/4cac5ea56d40d599bd7348d330a83b1c84cd229296d1613cd1c7f6740561d0c9?s=96&d=mm&r=g\",\"contentUrl\":\"https:\\\/\\\/secure.gravatar.com\\\/avatar\\\/4cac5ea56d40d599bd7348d330a83b1c84cd229296d1613cd1c7f6740561d0c9?s=96&d=mm&r=g\",\"caption\":\"Maria\"},\"description\":\"Meu nome \u00e9 Maria e sou apaixonada por teologia, espiritualidade e estudos religiosos. H\u00e1 mais de 5 anos escrevo sobre o universo da f\u00e9, pesquisando diferentes religi\u00f5es, doutrinas, tradi\u00e7\u00f5es espirituais e curiosidades religiosas ao redor do mundo. Tenho grande interesse em compreender como a f\u00e9 e a religiosidade se manifestam em diferentes culturas, pa\u00edses e idiomas, sempre buscando aprender mais sobre os costumes, cren\u00e7as e hist\u00f3rias que influenciam milh\u00f5es de pessoas diariamente. Atualmente, atuo como redatora no portal Ora\u00e7\u00e3o e F\u00e9, onde compartilho conte\u00fados informativos, reflexivos e inspiradores voltados ao universo religioso e espiritual. Meu objetivo \u00e9 levar conhecimento, curiosidades e mensagens enriquecedoras para leitores que desejam aprofundar sua compreens\u00e3o sobre f\u00e9, religi\u00e3o e espiritualidade no mundo moderno.\",\"sameAs\":[\"https:\\\/\\\/www.oracaoefe.com\"],\"url\":\"https:\\\/\\\/www.oracaoefe.com\\\/fr\\\/author\\\/admin\\\/\"}]}<\/script>\n<!-- \/ Yoast SEO plugin. -->","yoast_head_json":{"title":"Se acreditamos na vida eterna, por que se preocupar com o destino do planeta? - Ora\u00e7\u00e3o e F\u00e9","description":"Dans l'\u00c9vangile, nous d\u00e9couvrons une esp\u00e9rance, celle de la vie d'\u00e9ternit\u00e9. Avec ceci, la Bible indique qu'il y a un au-del\u00e0 de la vie terrestre","robots":{"index":"index","follow":"follow","max-snippet":"max-snippet:-1","max-image-preview":"max-image-preview:large","max-video-preview":"max-video-preview:-1"},"canonical":"https:\/\/www.oracaoefe.com\/fr\/se-acreditamos-na-vida-eterna-por-que-se-preocupar-com-o-destino-do-planeta\/","og_locale":"fr_FR","og_type":"article","og_title":"Se acreditamos na vida eterna, por que se preocupar com o destino do planeta? - Ora\u00e7\u00e3o e F\u00e9","og_description":"No Evangelho, descobrimos uma esperan\u00e7a, a da vida da eternidade. Com isso, a B\u00edblia indica que h\u00e1 um al\u00e9m da vida terrena...","og_url":"https:\/\/www.oracaoefe.com\/fr\/se-acreditamos-na-vida-eterna-por-que-se-preocupar-com-o-destino-do-planeta\/","og_site_name":"Ora\u00e7\u00e3o e F\u00e9","article_published_time":"2022-09-25T00:32:20+00:00","article_modified_time":"2025-06-15T18:17:54+00:00","og_image":[{"width":1200,"height":675,"url":"https:\/\/www.oracaoefe.com\/wp-content\/uploads\/2022\/09\/Se-acreditamos-na-vida-eterna-por-que-se-preocupar-com-o-destino-do-planeta.jpg","type":"image\/jpeg"}],"author":"Maria","twitter_card":"summary_large_image","twitter_misc":{"\u00c9crit par":"Maria","Dur\u00e9e de lecture estim\u00e9e":"4 minutes"},"schema":{"@context":"https:\/\/schema.org","@graph":[{"@type":"Article","@id":"https:\/\/www.oracaoefe.com\/se-acreditamos-na-vida-eterna-por-que-se-preocupar-com-o-destino-do-planeta\/#article","isPartOf":{"@id":"https:\/\/www.oracaoefe.com\/se-acreditamos-na-vida-eterna-por-que-se-preocupar-com-o-destino-do-planeta\/"},"author":{"name":"Maria","@id":"https:\/\/www.oracaoefe.com\/#\/schema\/person\/27873f1e6043866689f5091b5139f23d"},"headline":"Se acreditamos na vida eterna, por que se preocupar com o destino do planeta?","datePublished":"2022-09-25T00:32:20+00:00","dateModified":"2025-06-15T18:17:54+00:00","mainEntityOfPage":{"@id":"https:\/\/www.oracaoefe.com\/se-acreditamos-na-vida-eterna-por-que-se-preocupar-com-o-destino-do-planeta\/"},"wordCount":790,"commentCount":0,"image":{"@id":"https:\/\/www.oracaoefe.com\/se-acreditamos-na-vida-eterna-por-que-se-preocupar-com-o-destino-do-planeta\/#primaryimage"},"thumbnailUrl":"https:\/\/www.oracaoefe.com\/wp-content\/uploads\/2022\/09\/Se-acreditamos-na-vida-eterna-por-que-se-preocupar-com-o-destino-do-planeta.jpg","keywords":["destino","Deus","vida eterna"],"articleSection":["F\u00e9"],"inLanguage":"fr-FR","potentialAction":[{"@type":"CommentAction","name":"Comment","target":["https:\/\/www.oracaoefe.com\/se-acreditamos-na-vida-eterna-por-que-se-preocupar-com-o-destino-do-planeta\/#respond"]}]},{"@type":"WebPage","@id":"https:\/\/www.oracaoefe.com\/se-acreditamos-na-vida-eterna-por-que-se-preocupar-com-o-destino-do-planeta\/","url":"https:\/\/www.oracaoefe.com\/se-acreditamos-na-vida-eterna-por-que-se-preocupar-com-o-destino-do-planeta\/","name":"Se acreditamos na vida eterna, por que se preocupar com o destino do planeta? - Ora\u00e7\u00e3o e F\u00e9","isPartOf":{"@id":"https:\/\/www.oracaoefe.com\/#website"},"primaryImageOfPage":{"@id":"https:\/\/www.oracaoefe.com\/se-acreditamos-na-vida-eterna-por-que-se-preocupar-com-o-destino-do-planeta\/#primaryimage"},"image":{"@id":"https:\/\/www.oracaoefe.com\/se-acreditamos-na-vida-eterna-por-que-se-preocupar-com-o-destino-do-planeta\/#primaryimage"},"thumbnailUrl":"https:\/\/www.oracaoefe.com\/wp-content\/uploads\/2022\/09\/Se-acreditamos-na-vida-eterna-por-que-se-preocupar-com-o-destino-do-planeta.jpg","datePublished":"2022-09-25T00:32:20+00:00","dateModified":"2025-06-15T18:17:54+00:00","author":{"@id":"https:\/\/www.oracaoefe.com\/#\/schema\/person\/27873f1e6043866689f5091b5139f23d"},"description":"Dans l'\u00c9vangile, nous d\u00e9couvrons une esp\u00e9rance, celle de la vie d'\u00e9ternit\u00e9. Avec ceci, la Bible indique qu'il y a un au-del\u00e0 de la vie terrestre","breadcrumb":{"@id":"https:\/\/www.oracaoefe.com\/se-acreditamos-na-vida-eterna-por-que-se-preocupar-com-o-destino-do-planeta\/#breadcrumb"},"inLanguage":"fr-FR","potentialAction":[{"@type":"ReadAction","target":["https:\/\/www.oracaoefe.com\/se-acreditamos-na-vida-eterna-por-que-se-preocupar-com-o-destino-do-planeta\/"]}]},{"@type":"ImageObject","inLanguage":"fr-FR","@id":"https:\/\/www.oracaoefe.com\/se-acreditamos-na-vida-eterna-por-que-se-preocupar-com-o-destino-do-planeta\/#primaryimage","url":"https:\/\/www.oracaoefe.com\/wp-content\/uploads\/2022\/09\/Se-acreditamos-na-vida-eterna-por-que-se-preocupar-com-o-destino-do-planeta.jpg","contentUrl":"https:\/\/www.oracaoefe.com\/wp-content\/uploads\/2022\/09\/Se-acreditamos-na-vida-eterna-por-que-se-preocupar-com-o-destino-do-planeta.jpg","width":1200,"height":675,"caption":"Se acreditamos na vida eterna, por que se preocupar com o destino do planeta"},{"@type":"BreadcrumbList","@id":"https:\/\/www.oracaoefe.com\/se-acreditamos-na-vida-eterna-por-que-se-preocupar-com-o-destino-do-planeta\/#breadcrumb","itemListElement":[{"@type":"ListItem","position":1,"name":"Home","item":"https:\/\/www.oracaoefe.com\/"},{"@type":"ListItem","position":2,"name":"Se acreditamos na vida eterna, por que se preocupar com o destino do planeta?"}]},{"@type":"WebSite","@id":"https:\/\/www.oracaoefe.com\/#website","url":"https:\/\/www.oracaoefe.com\/","name":"Pri\u00e8re et foi","description":"","potentialAction":[{"@type":"SearchAction","target":{"@type":"EntryPoint","urlTemplate":"https:\/\/www.oracaoefe.com\/?s={search_term_string}"},"query-input":{"@type":"PropertyValueSpecification","valueRequired":true,"valueName":"search_term_string"}}],"inLanguage":"fr-FR"},{"@type":"Person","@id":"https:\/\/www.oracaoefe.com\/#\/schema\/person\/27873f1e6043866689f5091b5139f23d","name":"Maria","image":{"@type":"ImageObject","inLanguage":"fr-FR","@id":"https:\/\/secure.gravatar.com\/avatar\/4cac5ea56d40d599bd7348d330a83b1c84cd229296d1613cd1c7f6740561d0c9?s=96&d=mm&r=g","url":"https:\/\/secure.gravatar.com\/avatar\/4cac5ea56d40d599bd7348d330a83b1c84cd229296d1613cd1c7f6740561d0c9?s=96&d=mm&r=g","contentUrl":"https:\/\/secure.gravatar.com\/avatar\/4cac5ea56d40d599bd7348d330a83b1c84cd229296d1613cd1c7f6740561d0c9?s=96&d=mm&r=g","caption":"Maria"},"description":"Meu nome \u00e9 Maria e sou apaixonada por teologia, espiritualidade e estudos religiosos. H\u00e1 mais de 5 anos escrevo sobre o universo da f\u00e9, pesquisando diferentes religi\u00f5es, doutrinas, tradi\u00e7\u00f5es espirituais e curiosidades religiosas ao redor do mundo. Tenho grande interesse em compreender como a f\u00e9 e a religiosidade se manifestam em diferentes culturas, pa\u00edses e idiomas, sempre buscando aprender mais sobre os costumes, cren\u00e7as e hist\u00f3rias que influenciam milh\u00f5es de pessoas diariamente. Atualmente, atuo como redatora no portal Ora\u00e7\u00e3o e F\u00e9, onde compartilho conte\u00fados informativos, reflexivos e inspiradores voltados ao universo religioso e espiritual. Meu objetivo \u00e9 levar conhecimento, curiosidades e mensagens enriquecedoras para leitores que desejam aprofundar sua compreens\u00e3o sobre f\u00e9, religi\u00e3o e espiritualidade no mundo moderno.","sameAs":["https:\/\/www.oracaoefe.com"],"url":"https:\/\/www.oracaoefe.com\/fr\/author\/admin\/"}]}},"_links":{"self":[{"href":"https:\/\/www.oracaoefe.com\/fr\/wp-json\/wp\/v2\/posts\/280","targetHints":{"allow":["GET"]}}],"collection":[{"href":"https:\/\/www.oracaoefe.com\/fr\/wp-json\/wp\/v2\/posts"}],"about":[{"href":"https:\/\/www.oracaoefe.com\/fr\/wp-json\/wp\/v2\/types\/post"}],"author":[{"embeddable":true,"href":"https:\/\/www.oracaoefe.com\/fr\/wp-json\/wp\/v2\/users\/1"}],"replies":[{"embeddable":true,"href":"https:\/\/www.oracaoefe.com\/fr\/wp-json\/wp\/v2\/comments?post=280"}],"version-history":[{"count":3,"href":"https:\/\/www.oracaoefe.com\/fr\/wp-json\/wp\/v2\/posts\/280\/revisions"}],"predecessor-version":[{"id":436,"href":"https:\/\/www.oracaoefe.com\/fr\/wp-json\/wp\/v2\/posts\/280\/revisions\/436"}],"wp:featuredmedia":[{"embeddable":true,"href":"https:\/\/www.oracaoefe.com\/fr\/wp-json\/wp\/v2\/media\/435"}],"wp:attachment":[{"href":"https:\/\/www.oracaoefe.com\/fr\/wp-json\/wp\/v2\/media?parent=280"}],"wp:term":[{"taxonomy":"category","embeddable":true,"href":"https:\/\/www.oracaoefe.com\/fr\/wp-json\/wp\/v2\/categories?post=280"},{"taxonomy":"post_tag","embeddable":true,"href":"https:\/\/www.oracaoefe.com\/fr\/wp-json\/wp\/v2\/tags?post=280"}],"curies":[{"name":"wp","href":"https:\/\/api.w.org\/{rel}","templated":true}]}}