{"id":2799,"date":"2024-05-04T17:06:33","date_gmt":"2024-05-04T20:06:33","guid":{"rendered":"https:\/\/www.oracaoefe.com\/?p=2799"},"modified":"2025-06-15T15:17:27","modified_gmt":"2025-06-15T18:17:27","slug":"luz-no-caminho-descubra-a-sabedoria-oculta-nos-versiculos-sagrados","status":"publish","type":"post","link":"https:\/\/www.oracaoefe.com\/fr\/luz-no-caminho-descubra-a-sabedoria-oculta-nos-versiculos-sagrados\/","title":{"rendered":"Luz no Caminho: Descubra a Sabedoria Oculta nos Vers\u00edculos Sagrados"},"content":{"rendered":"<p class=\"wp-block-paragraph\">Em meio \u00e0 complexidade e turbul\u00eancia do mundo moderno, muitos de n\u00f3s buscamos orienta\u00e7\u00e3o e conforto nas escrituras sagradas. Sejam elas a B\u00edblia, o Alcor\u00e3o, a Tor\u00e1, ou qualquer outra obra considerada divina, esses textos ancestrais continuam a brilhar como far\u00f3is de sabedoria em nossa jornada pela vida. No entanto, por tr\u00e1s das palavras aparentemente simples desses vers\u00edculos, h\u00e1 uma profundidade de significado que muitas vezes escapa \u00e0 primeira vista.&nbsp;<\/p>\n\n\n\n<h2 class=\"wp-block-heading\">A Luz da Compaix\u00e3o na B\u00edblia<\/h2>\n\n\n\n<p class=\"wp-block-paragraph\">A Luz da Compaix\u00e3o na B\u00edblia \u00e9 uma tem\u00e1tica central que permeia muitos dos ensinamentos crist\u00e3os. A compaix\u00e3o \u00e9 uma virtude que Jesus Cristo enfatizou repetidamente durante seu minist\u00e9rio terreno, e suas palavras e a\u00e7\u00f5es servem como um modelo poderoso para os crist\u00e3os em todo o mundo.<\/p>\n\n\n\n<p class=\"wp-block-paragraph\">Ao explorar a passagem de Mateus 5:7 &#8211; &#8220;Bem-aventurados os misericordiosos, porque eles alcan\u00e7ar\u00e3o miseric\u00f3rdia&#8221; -, mergulhamos no cora\u00e7\u00e3o da mensagem de Cristo sobre compaix\u00e3o e miseric\u00f3rdia. Essas palavras n\u00e3o s\u00e3o apenas um convite \u00e0 bondade ocasional, mas sim um chamado para uma transforma\u00e7\u00e3o interior profunda e cont\u00ednua.<\/p>\n\n\n\n<p class=\"wp-block-paragraph\">A compaix\u00e3o, como ensinada por Jesus, n\u00e3o \u00e9 simplesmente sentir pena ou simpatia pelos outros, mas sim entrar em uma profunda empatia e conex\u00e3o com o sofrimento alheio. \u00c9 agir de maneira amorosa e compassiva em dire\u00e7\u00e3o aos outros, independentemente de quem sejam ou de quaisquer diferen\u00e7as que possam existir. \u00c9 ver a humanidade compartilhada em todos e responder com amor e gentileza.<\/p>\n\n\n\n<p class=\"wp-block-paragraph\">Al\u00e9m disso, a passagem tamb\u00e9m cont\u00e9m uma promessa poderosa: aqueles que mostram compaix\u00e3o ser\u00e3o aben\u00e7oados com miseric\u00f3rdia. Isso implica que, ao estender compaix\u00e3o aos outros, tamb\u00e9m recebemos compaix\u00e3o em retorno &#8211; seja da parte dos outros, seja da divindade. \u00c9 um ciclo de bondade que se perpetua, criando uma comunidade mais amorosa e conectada.<\/p>\n\n\n\n<p class=\"wp-block-paragraph\">Para os crist\u00e3os, viver uma vida de compaix\u00e3o significa seguir os ensinamentos e o exemplo de Jesus, buscando ativamente aliviar o sofrimento dos outros e compartilhar o amor de Deus com o mundo. \u00c9 uma jornada cont\u00ednua de crescimento espiritual, que exige pr\u00e1tica constante e auto-reflex\u00e3o. No entanto, \u00e9 uma jornada que traz n\u00e3o apenas b\u00ean\u00e7\u00e3os pessoais, mas tamb\u00e9m transforma o mundo ao nosso redor, tornando-o um lugar mais compassivo e amoroso para todos.<\/p>\n\n\n\n<h2 class=\"wp-block-heading\">O Caminho da Paci\u00eancia no Alcor\u00e3o<\/h2>\n\n\n\n<p class=\"wp-block-paragraph\">O Caminho da Paci\u00eancia, como delineado no Alcor\u00e3o, \u00e9 uma quest\u00e3o central na vida de um mu\u00e7ulmano e uma virtude amplamente enfatizada nas escrituras isl\u00e2micas. A paci\u00eancia (sabr em \u00e1rabe) n\u00e3o \u00e9 apenas uma qualidade desej\u00e1vel, mas \u00e9 vista como uma caracter\u00edstica fundamental do car\u00e1ter de um verdadeiro crente.<\/p>\n\n\n\n<p class=\"wp-block-paragraph\">Surah 103:1-3 nos oferece uma vis\u00e3o profunda da import\u00e2ncia da paci\u00eancia na jornada espiritual do indiv\u00edduo: &#8220;Por certo, o homem est\u00e1 em perdi\u00e7\u00e3o, exceto os que cr\u00eaem e praticam o bem, e se aconselham mutuamente \u00e0 verdade e \u00e0 paci\u00eancia.&#8221; Aqui, a paci\u00eancia \u00e9 mencionada como uma das caracter\u00edsticas que distinguem aqueles que est\u00e3o no caminho certo daqueles que est\u00e3o perdidos.<\/p>\n\n\n\n<figure class=\"wp-block-image size-large\"><img loading=\"lazy\" decoding=\"async\" width=\"1024\" height=\"576\" src=\"https:\/\/www.oracaoefe.com\/wp-content\/uploads\/2024\/05\/image-1024x576.png\" alt=\"\" class=\"wp-image-2807\" srcset=\"https:\/\/www.oracaoefe.com\/wp-content\/uploads\/2024\/05\/image-1024x576.png 1024w, https:\/\/www.oracaoefe.com\/wp-content\/uploads\/2024\/05\/image-300x169.png 300w, https:\/\/www.oracaoefe.com\/wp-content\/uploads\/2024\/05\/image-768x432.png 768w, https:\/\/www.oracaoefe.com\/wp-content\/uploads\/2024\/05\/image-18x10.png 18w, https:\/\/www.oracaoefe.com\/wp-content\/uploads\/2024\/05\/image-383x215.png 383w, https:\/\/www.oracaoefe.com\/wp-content\/uploads\/2024\/05\/image.png 1280w\" sizes=\"auto, (max-width: 1024px) 100vw, 1024px\" \/><\/figure>\n\n\n\n<p class=\"wp-block-paragraph\">No Isl\u00e3, a paci\u00eancia n\u00e3o \u00e9 apenas uma resigna\u00e7\u00e3o passiva diante das dificuldades, mas uma virtude ativa que envolve perseveran\u00e7a, fortaleza e confian\u00e7a em Deus, especialmente em tempos de prova\u00e7\u00e3o. \u00c9 a capacidade de suportar as adversidades com calma, aceita\u00e7\u00e3o e f\u00e9 inabal\u00e1vel, mantendo a confian\u00e7a de que Allah (Deus) \u00e9 misericordioso e tem um plano maior para cada um de n\u00f3s.<\/p>\n\n\n\n<p class=\"wp-block-paragraph\">A paci\u00eancia \u00e9 vista como uma maneira de demonstrar gratid\u00e3o a Allah em todas as circunst\u00e2ncias, sejam elas positivas ou negativas. Ela \u00e9 um meio de desenvolver a resist\u00eancia espiritual e emocional necess\u00e1ria para superar os desafios da vida sem perder a esperan\u00e7a ou a f\u00e9.<\/p>\n\n\n\n<h2 class=\"wp-block-heading\">A Sabedoria da Gratid\u00e3o na Tor\u00e1<\/h2>\n\n\n\n<p class=\"wp-block-paragraph\">Na tradi\u00e7\u00e3o judaica, a Tor\u00e1 \u00e9 reverenciada como uma fonte de sabedoria divina. Em Deuteron\u00f4mio 8:10, encontramos a instru\u00e7\u00e3o: &#8220;Quando tiveres comido e te fartares, louvar\u00e1s ao Senhor teu Deus pela boa terra que te deu.&#8221;&nbsp;<\/p>\n\n\n\n<p class=\"wp-block-paragraph\">Essas palavras nos convidam a cultivar uma atitude de gratid\u00e3o em nossas vidas, reconhecendo e apreciando as b\u00ean\u00e7\u00e3os que recebemos diariamente. Ao praticarmos a gratid\u00e3o, abrimos nossos cora\u00e7\u00f5es para a abund\u00e2ncia e a beleza que nos rodeiam, mesmo nos momentos mais dif\u00edceis.<\/p>\n\n\n\n<h2 class=\"wp-block-heading\">Vers\u00edculos sagrados<\/h2>\n\n\n\n<p class=\"wp-block-paragraph\">\u00c0 medida que exploramos os vers\u00edculos sagrados de diferentes tradi\u00e7\u00f5es religiosas, descobrimos uma tape\u00e7aria rica e multifacetada de sabedoria que ressoa atrav\u00e9s dos tempos. Embora as palavras possam ser antigas, sua relev\u00e2ncia para nossas vidas contempor\u00e2neas \u00e9 ineg\u00e1vel.&nbsp;<\/p>\n\n\n\n<p class=\"wp-block-paragraph\">Ao mergulharmos nas profundezas desses vers\u00edculos, encontramos uma luz que ilumina nosso caminho, oferecendo orienta\u00e7\u00e3o, conforto e inspira\u00e7\u00e3o para enfrentarmos os desafios da vida com coragem e compaix\u00e3o. Que possamos continuar explorando e celebrando essa sabedoria oculta, honrando as tradi\u00e7\u00f5es que nos precederam e encontrando significado e prop\u00f3sito em nossas jornadas individuais.<\/p>\n\n\n\n<p class=\"wp-block-paragraph\"><strong>Voir aussi\u00a0: <a href=\"https:\/\/www.oracaoefe.com\/fr\/oracoes-para-tempos-dificeis-encontre-conforto-e-esperanca-nas-palavras-da-escritura\/\">Ora\u00e7\u00f5es para Tempos Dif\u00edceis: Encontre Conforto e Esperan\u00e7a nas Palavras da Escritura<\/a><\/strong><\/p>\n\n\n\n<p class=\"wp-block-paragraph\">4 de maio de 2024<\/p>","protected":false},"excerpt":{"rendered":"<p>Em meio \u00e0 complexidade e turbul\u00eancia do mundo moderno, muitos de n\u00f3s buscamos orienta\u00e7\u00e3o e conforto nas escrituras sagradas. Sejam elas a B\u00edblia, o Alcor\u00e3o, a Tor\u00e1, ou qualquer outra obra considerada divina, esses textos ancestrais continuam a brilhar como far\u00f3is de sabedoria em nossa jornada pela vida. No entanto, por tr\u00e1s das palavras aparentemente&hellip;&nbsp;<\/p>","protected":false},"author":3,"featured_media":2807,"comment_status":"closed","ping_status":"closed","sticky":false,"template":"","format":"standard","meta":{"neve_meta_sidebar":"","neve_meta_container":"","neve_meta_enable_content_width":"","neve_meta_content_width":0,"neve_meta_title_alignment":"","neve_meta_author_avatar":"","neve_post_elements_order":"","neve_meta_disable_header":"","neve_meta_disable_footer":"","neve_meta_disable_title":"","footnotes":""},"categories":[3],"tags":[],"class_list":["post-2799","post","type-post","status-publish","format-standard","has-post-thumbnail","hentry","category-fe"],"yoast_head":"<!-- This site is optimized with the Yoast SEO plugin v28.4 - https:\/\/yoast.com\/product\/yoast-seo-wordpress\/ -->\n<title>Luz no Caminho: Descubra a Sabedoria Oculta nos Vers\u00edculos Sagrados - Ora\u00e7\u00e3o e F\u00e9<\/title>\n<meta name=\"description\" content=\"Deus tem pra voc\u00ea uma palavra de vida!\" \/>\n<meta name=\"robots\" content=\"index, follow, max-snippet:-1, max-image-preview:large, max-video-preview:-1\" \/>\n<link rel=\"canonical\" href=\"https:\/\/www.oracaoefe.com\/fr\/luz-no-caminho-descubra-a-sabedoria-oculta-nos-versiculos-sagrados\/\" \/>\n<meta property=\"og:locale\" content=\"fr_FR\" \/>\n<meta property=\"og:type\" content=\"article\" \/>\n<meta property=\"og:title\" content=\"Luz no Caminho: Descubra a Sabedoria Oculta nos Vers\u00edculos Sagrados - Ora\u00e7\u00e3o e F\u00e9\" \/>\n<meta property=\"og:description\" content=\"Deus tem pra voc\u00ea uma palavra de vida!\" \/>\n<meta property=\"og:url\" content=\"https:\/\/www.oracaoefe.com\/fr\/luz-no-caminho-descubra-a-sabedoria-oculta-nos-versiculos-sagrados\/\" \/>\n<meta property=\"og:site_name\" content=\"Ora\u00e7\u00e3o e F\u00e9\" \/>\n<meta property=\"article:published_time\" content=\"2024-05-04T20:06:33+00:00\" \/>\n<meta property=\"article:modified_time\" content=\"2025-06-15T18:17:27+00:00\" \/>\n<meta property=\"og:image\" content=\"https:\/\/www.oracaoefe.com\/wp-content\/uploads\/2024\/05\/image.png\" \/>\n\t<meta property=\"og:image:width\" content=\"1280\" \/>\n\t<meta property=\"og:image:height\" content=\"720\" \/>\n\t<meta property=\"og:image:type\" content=\"image\/png\" \/>\n<meta name=\"author\" content=\"Michele Azevedo\" \/>\n<meta name=\"twitter:card\" content=\"summary_large_image\" \/>\n<meta name=\"twitter:label1\" content=\"\u00c9crit par\" \/>\n\t<meta name=\"twitter:data1\" content=\"Michele Azevedo\" \/>\n\t<meta name=\"twitter:label2\" content=\"Dur\u00e9e de lecture estim\u00e9e\" \/>\n\t<meta name=\"twitter:data2\" content=\"4 minutes\" \/>\n<script type=\"application\/ld+json\" class=\"yoast-schema-graph\">{\"@context\":\"https:\\\/\\\/schema.org\",\"@graph\":[{\"@type\":\"Article\",\"@id\":\"https:\\\/\\\/www.oracaoefe.com\\\/luz-no-caminho-descubra-a-sabedoria-oculta-nos-versiculos-sagrados\\\/#article\",\"isPartOf\":{\"@id\":\"https:\\\/\\\/www.oracaoefe.com\\\/luz-no-caminho-descubra-a-sabedoria-oculta-nos-versiculos-sagrados\\\/\"},\"author\":{\"name\":\"Michele Azevedo\",\"@id\":\"https:\\\/\\\/www.oracaoefe.com\\\/#\\\/schema\\\/person\\\/17283c669442cf005c4d5bb58adfb7f5\"},\"headline\":\"Luz no Caminho: Descubra a Sabedoria Oculta nos Vers\u00edculos Sagrados\",\"datePublished\":\"2024-05-04T20:06:33+00:00\",\"dateModified\":\"2025-06-15T18:17:27+00:00\",\"mainEntityOfPage\":{\"@id\":\"https:\\\/\\\/www.oracaoefe.com\\\/luz-no-caminho-descubra-a-sabedoria-oculta-nos-versiculos-sagrados\\\/\"},\"wordCount\":887,\"image\":{\"@id\":\"https:\\\/\\\/www.oracaoefe.com\\\/luz-no-caminho-descubra-a-sabedoria-oculta-nos-versiculos-sagrados\\\/#primaryimage\"},\"thumbnailUrl\":\"https:\\\/\\\/www.oracaoefe.com\\\/wp-content\\\/uploads\\\/2024\\\/05\\\/image.png\",\"articleSection\":[\"F\u00e9\"],\"inLanguage\":\"fr-FR\"},{\"@type\":\"WebPage\",\"@id\":\"https:\\\/\\\/www.oracaoefe.com\\\/luz-no-caminho-descubra-a-sabedoria-oculta-nos-versiculos-sagrados\\\/\",\"url\":\"https:\\\/\\\/www.oracaoefe.com\\\/luz-no-caminho-descubra-a-sabedoria-oculta-nos-versiculos-sagrados\\\/\",\"name\":\"Luz no Caminho: Descubra a Sabedoria Oculta nos Vers\u00edculos Sagrados - Ora\u00e7\u00e3o e F\u00e9\",\"isPartOf\":{\"@id\":\"https:\\\/\\\/www.oracaoefe.com\\\/#website\"},\"primaryImageOfPage\":{\"@id\":\"https:\\\/\\\/www.oracaoefe.com\\\/luz-no-caminho-descubra-a-sabedoria-oculta-nos-versiculos-sagrados\\\/#primaryimage\"},\"image\":{\"@id\":\"https:\\\/\\\/www.oracaoefe.com\\\/luz-no-caminho-descubra-a-sabedoria-oculta-nos-versiculos-sagrados\\\/#primaryimage\"},\"thumbnailUrl\":\"https:\\\/\\\/www.oracaoefe.com\\\/wp-content\\\/uploads\\\/2024\\\/05\\\/image.png\",\"datePublished\":\"2024-05-04T20:06:33+00:00\",\"dateModified\":\"2025-06-15T18:17:27+00:00\",\"author\":{\"@id\":\"https:\\\/\\\/www.oracaoefe.com\\\/#\\\/schema\\\/person\\\/17283c669442cf005c4d5bb58adfb7f5\"},\"description\":\"Deus tem pra voc\u00ea uma palavra de vida!\",\"breadcrumb\":{\"@id\":\"https:\\\/\\\/www.oracaoefe.com\\\/luz-no-caminho-descubra-a-sabedoria-oculta-nos-versiculos-sagrados\\\/#breadcrumb\"},\"inLanguage\":\"fr-FR\",\"potentialAction\":[{\"@type\":\"ReadAction\",\"target\":[\"https:\\\/\\\/www.oracaoefe.com\\\/luz-no-caminho-descubra-a-sabedoria-oculta-nos-versiculos-sagrados\\\/\"]}]},{\"@type\":\"ImageObject\",\"inLanguage\":\"fr-FR\",\"@id\":\"https:\\\/\\\/www.oracaoefe.com\\\/luz-no-caminho-descubra-a-sabedoria-oculta-nos-versiculos-sagrados\\\/#primaryimage\",\"url\":\"https:\\\/\\\/www.oracaoefe.com\\\/wp-content\\\/uploads\\\/2024\\\/05\\\/image.png\",\"contentUrl\":\"https:\\\/\\\/www.oracaoefe.com\\\/wp-content\\\/uploads\\\/2024\\\/05\\\/image.png\",\"width\":1280,\"height\":720},{\"@type\":\"BreadcrumbList\",\"@id\":\"https:\\\/\\\/www.oracaoefe.com\\\/luz-no-caminho-descubra-a-sabedoria-oculta-nos-versiculos-sagrados\\\/#breadcrumb\",\"itemListElement\":[{\"@type\":\"ListItem\",\"position\":1,\"name\":\"Home\",\"item\":\"https:\\\/\\\/www.oracaoefe.com\\\/\"},{\"@type\":\"ListItem\",\"position\":2,\"name\":\"Luz no Caminho: Descubra a Sabedoria Oculta nos Vers\u00edculos Sagrados\"}]},{\"@type\":\"WebSite\",\"@id\":\"https:\\\/\\\/www.oracaoefe.com\\\/#website\",\"url\":\"https:\\\/\\\/www.oracaoefe.com\\\/\",\"name\":\"Ora\u00e7\u00e3o e F\u00e9\",\"description\":\"\",\"potentialAction\":[{\"@type\":\"SearchAction\",\"target\":{\"@type\":\"EntryPoint\",\"urlTemplate\":\"https:\\\/\\\/www.oracaoefe.com\\\/?s={search_term_string}\"},\"query-input\":{\"@type\":\"PropertyValueSpecification\",\"valueRequired\":true,\"valueName\":\"search_term_string\"}}],\"inLanguage\":\"fr-FR\"},{\"@type\":\"Person\",\"@id\":\"https:\\\/\\\/www.oracaoefe.com\\\/#\\\/schema\\\/person\\\/17283c669442cf005c4d5bb58adfb7f5\",\"name\":\"Michele Azevedo\",\"image\":{\"@type\":\"ImageObject\",\"inLanguage\":\"fr-FR\",\"@id\":\"https:\\\/\\\/secure.gravatar.com\\\/avatar\\\/6b0eb9d22841282815e2cd856a0061c45e1761cd54b22e952d98c4746939aa85?s=96&d=mm&r=g\",\"url\":\"https:\\\/\\\/secure.gravatar.com\\\/avatar\\\/6b0eb9d22841282815e2cd856a0061c45e1761cd54b22e952d98c4746939aa85?s=96&d=mm&r=g\",\"contentUrl\":\"https:\\\/\\\/secure.gravatar.com\\\/avatar\\\/6b0eb9d22841282815e2cd856a0061c45e1761cd54b22e952d98c4746939aa85?s=96&d=mm&r=g\",\"caption\":\"Michele Azevedo\"},\"description\":\"Formada em Letras - Portugu\u00eas\\\/ Ingl\u00eas pela Universidade Estadual de Ponta Grossa (UEPG), p\u00f3s-graduada em Arte na Educa\u00e7\u00e3o (FAPI) e Psicopedagogia Escolar (FAPI), idealizadora e propriet\u00e1ria do site Escritora de Sucesso, possui experi\u00eancia em escrita para blogs em geral e atua como redatora e revisora dos conte\u00fados do Ora\u00e7\u00e3o e F\u00e9.\",\"url\":\"https:\\\/\\\/www.oracaoefe.com\\\/fr\\\/author\\\/michele-azevedo\\\/\"}]}<\/script>\n<!-- \/ Yoast SEO plugin. -->","yoast_head_json":{"title":"Luz no Caminho: Descubra a Sabedoria Oculta nos Vers\u00edculos Sagrados - Ora\u00e7\u00e3o e F\u00e9","description":"Dieu a une parole de vie pour vous !","robots":{"index":"index","follow":"follow","max-snippet":"max-snippet:-1","max-image-preview":"max-image-preview:large","max-video-preview":"max-video-preview:-1"},"canonical":"https:\/\/www.oracaoefe.com\/fr\/luz-no-caminho-descubra-a-sabedoria-oculta-nos-versiculos-sagrados\/","og_locale":"fr_FR","og_type":"article","og_title":"Luz no Caminho: Descubra a Sabedoria Oculta nos Vers\u00edculos Sagrados - Ora\u00e7\u00e3o e F\u00e9","og_description":"Deus tem pra voc\u00ea uma palavra de vida!","og_url":"https:\/\/www.oracaoefe.com\/fr\/luz-no-caminho-descubra-a-sabedoria-oculta-nos-versiculos-sagrados\/","og_site_name":"Ora\u00e7\u00e3o e F\u00e9","article_published_time":"2024-05-04T20:06:33+00:00","article_modified_time":"2025-06-15T18:17:27+00:00","og_image":[{"width":1280,"height":720,"url":"https:\/\/www.oracaoefe.com\/wp-content\/uploads\/2024\/05\/image.png","type":"image\/png"}],"author":"Michele Azevedo","twitter_card":"summary_large_image","twitter_misc":{"\u00c9crit par":"Michele Azevedo","Dur\u00e9e de lecture estim\u00e9e":"4 minutes"},"schema":{"@context":"https:\/\/schema.org","@graph":[{"@type":"Article","@id":"https:\/\/www.oracaoefe.com\/luz-no-caminho-descubra-a-sabedoria-oculta-nos-versiculos-sagrados\/#article","isPartOf":{"@id":"https:\/\/www.oracaoefe.com\/luz-no-caminho-descubra-a-sabedoria-oculta-nos-versiculos-sagrados\/"},"author":{"name":"Michele Azevedo","@id":"https:\/\/www.oracaoefe.com\/#\/schema\/person\/17283c669442cf005c4d5bb58adfb7f5"},"headline":"Luz no Caminho: Descubra a Sabedoria Oculta nos Vers\u00edculos Sagrados","datePublished":"2024-05-04T20:06:33+00:00","dateModified":"2025-06-15T18:17:27+00:00","mainEntityOfPage":{"@id":"https:\/\/www.oracaoefe.com\/luz-no-caminho-descubra-a-sabedoria-oculta-nos-versiculos-sagrados\/"},"wordCount":887,"image":{"@id":"https:\/\/www.oracaoefe.com\/luz-no-caminho-descubra-a-sabedoria-oculta-nos-versiculos-sagrados\/#primaryimage"},"thumbnailUrl":"https:\/\/www.oracaoefe.com\/wp-content\/uploads\/2024\/05\/image.png","articleSection":["F\u00e9"],"inLanguage":"fr-FR"},{"@type":"WebPage","@id":"https:\/\/www.oracaoefe.com\/luz-no-caminho-descubra-a-sabedoria-oculta-nos-versiculos-sagrados\/","url":"https:\/\/www.oracaoefe.com\/luz-no-caminho-descubra-a-sabedoria-oculta-nos-versiculos-sagrados\/","name":"Luz no Caminho: Descubra a Sabedoria Oculta nos Vers\u00edculos Sagrados - Ora\u00e7\u00e3o e F\u00e9","isPartOf":{"@id":"https:\/\/www.oracaoefe.com\/#website"},"primaryImageOfPage":{"@id":"https:\/\/www.oracaoefe.com\/luz-no-caminho-descubra-a-sabedoria-oculta-nos-versiculos-sagrados\/#primaryimage"},"image":{"@id":"https:\/\/www.oracaoefe.com\/luz-no-caminho-descubra-a-sabedoria-oculta-nos-versiculos-sagrados\/#primaryimage"},"thumbnailUrl":"https:\/\/www.oracaoefe.com\/wp-content\/uploads\/2024\/05\/image.png","datePublished":"2024-05-04T20:06:33+00:00","dateModified":"2025-06-15T18:17:27+00:00","author":{"@id":"https:\/\/www.oracaoefe.com\/#\/schema\/person\/17283c669442cf005c4d5bb58adfb7f5"},"description":"Dieu a une parole de vie pour vous !","breadcrumb":{"@id":"https:\/\/www.oracaoefe.com\/luz-no-caminho-descubra-a-sabedoria-oculta-nos-versiculos-sagrados\/#breadcrumb"},"inLanguage":"fr-FR","potentialAction":[{"@type":"ReadAction","target":["https:\/\/www.oracaoefe.com\/luz-no-caminho-descubra-a-sabedoria-oculta-nos-versiculos-sagrados\/"]}]},{"@type":"ImageObject","inLanguage":"fr-FR","@id":"https:\/\/www.oracaoefe.com\/luz-no-caminho-descubra-a-sabedoria-oculta-nos-versiculos-sagrados\/#primaryimage","url":"https:\/\/www.oracaoefe.com\/wp-content\/uploads\/2024\/05\/image.png","contentUrl":"https:\/\/www.oracaoefe.com\/wp-content\/uploads\/2024\/05\/image.png","width":1280,"height":720},{"@type":"BreadcrumbList","@id":"https:\/\/www.oracaoefe.com\/luz-no-caminho-descubra-a-sabedoria-oculta-nos-versiculos-sagrados\/#breadcrumb","itemListElement":[{"@type":"ListItem","position":1,"name":"Home","item":"https:\/\/www.oracaoefe.com\/"},{"@type":"ListItem","position":2,"name":"Luz no Caminho: Descubra a Sabedoria Oculta nos Vers\u00edculos Sagrados"}]},{"@type":"WebSite","@id":"https:\/\/www.oracaoefe.com\/#website","url":"https:\/\/www.oracaoefe.com\/","name":"Pri\u00e8re et foi","description":"","potentialAction":[{"@type":"SearchAction","target":{"@type":"EntryPoint","urlTemplate":"https:\/\/www.oracaoefe.com\/?s={search_term_string}"},"query-input":{"@type":"PropertyValueSpecification","valueRequired":true,"valueName":"search_term_string"}}],"inLanguage":"fr-FR"},{"@type":"Person","@id":"https:\/\/www.oracaoefe.com\/#\/schema\/person\/17283c669442cf005c4d5bb58adfb7f5","name":"Michele Azevedo","image":{"@type":"ImageObject","inLanguage":"fr-FR","@id":"https:\/\/secure.gravatar.com\/avatar\/6b0eb9d22841282815e2cd856a0061c45e1761cd54b22e952d98c4746939aa85?s=96&d=mm&r=g","url":"https:\/\/secure.gravatar.com\/avatar\/6b0eb9d22841282815e2cd856a0061c45e1761cd54b22e952d98c4746939aa85?s=96&d=mm&r=g","contentUrl":"https:\/\/secure.gravatar.com\/avatar\/6b0eb9d22841282815e2cd856a0061c45e1761cd54b22e952d98c4746939aa85?s=96&d=mm&r=g","caption":"Michele Azevedo"},"description":"Dipl\u00f4m\u00e9e en litt\u00e9rature portugaise\/anglaise de l&#039;Universit\u00e9 d&#039;\u00c9tat de Ponta Grossa (UEPG), avec des dipl\u00f4mes de troisi\u00e8me cycle en art dans l&#039;\u00e9ducation (FAPI) et en psychop\u00e9dagogie scolaire (FAPI), elle est la cr\u00e9atrice et propri\u00e9taire du site web Escritora de Sucesso, a de l&#039;exp\u00e9rience dans l&#039;\u00e9criture pour les blogs en g\u00e9n\u00e9ral et travaille comme r\u00e9dactrice et \u00e9ditrice du contenu pour Ora\u00e7\u00e3o e F\u00e9.","url":"https:\/\/www.oracaoefe.com\/fr\/author\/michele-azevedo\/"}]}},"_links":{"self":[{"href":"https:\/\/www.oracaoefe.com\/fr\/wp-json\/wp\/v2\/posts\/2799","targetHints":{"allow":["GET"]}}],"collection":[{"href":"https:\/\/www.oracaoefe.com\/fr\/wp-json\/wp\/v2\/posts"}],"about":[{"href":"https:\/\/www.oracaoefe.com\/fr\/wp-json\/wp\/v2\/types\/post"}],"author":[{"embeddable":true,"href":"https:\/\/www.oracaoefe.com\/fr\/wp-json\/wp\/v2\/users\/3"}],"replies":[{"embeddable":true,"href":"https:\/\/www.oracaoefe.com\/fr\/wp-json\/wp\/v2\/comments?post=2799"}],"version-history":[{"count":2,"href":"https:\/\/www.oracaoefe.com\/fr\/wp-json\/wp\/v2\/posts\/2799\/revisions"}],"predecessor-version":[{"id":2808,"href":"https:\/\/www.oracaoefe.com\/fr\/wp-json\/wp\/v2\/posts\/2799\/revisions\/2808"}],"wp:featuredmedia":[{"embeddable":true,"href":"https:\/\/www.oracaoefe.com\/fr\/wp-json\/wp\/v2\/media\/2807"}],"wp:attachment":[{"href":"https:\/\/www.oracaoefe.com\/fr\/wp-json\/wp\/v2\/media?parent=2799"}],"wp:term":[{"taxonomy":"category","embeddable":true,"href":"https:\/\/www.oracaoefe.com\/fr\/wp-json\/wp\/v2\/categories?post=2799"},{"taxonomy":"post_tag","embeddable":true,"href":"https:\/\/www.oracaoefe.com\/fr\/wp-json\/wp\/v2\/tags?post=2799"}],"curies":[{"name":"wp","href":"https:\/\/api.w.org\/{rel}","templated":true}]}}