{"id":2788,"date":"2024-04-30T01:00:00","date_gmt":"2024-04-30T04:00:00","guid":{"rendered":"https:\/\/www.oracaoefe.com\/?p=2788"},"modified":"2024-04-17T01:11:29","modified_gmt":"2024-04-17T04:11:29","slug":"oracoes-para-tempos-dificeis-encontre-conforto-e-esperanca-nas-palavras-da-escritura","status":"publish","type":"post","link":"https:\/\/www.oracaoefe.com\/fr\/oracoes-para-tempos-dificeis-encontre-conforto-e-esperanca-nas-palavras-da-escritura\/","title":{"rendered":"Ora\u00e7\u00f5es para Tempos Dif\u00edceis: Encontre Conforto e Esperan\u00e7a nas Palavras da Escritura"},"content":{"rendered":"<p class=\"wp-block-paragraph\">Em momentos de desafios e adversidades, \u00e9 natural buscar conforto e esperan\u00e7a em fontes diversas. Para muitos, a f\u00e9 desempenha um papel fundamental nesses momentos, oferecendo um ref\u00fagio de paz e for\u00e7a interior. As escrituras sagradas, independentemente da religi\u00e3o, s\u00e3o frequentemente uma fonte de inspira\u00e7\u00e3o e consolo.&nbsp;<\/p>\n\n\n\n<h2 class=\"wp-block-heading\">O Poder da Ora\u00e7\u00e3o nas Escrituras<\/h2>\n\n\n\n<p class=\"wp-block-paragraph\">A ora\u00e7\u00e3o \u00e9 uma pr\u00e1tica espiritual comum em muitas tradi\u00e7\u00f5es religiosas, sendo vista como uma forma de comunica\u00e7\u00e3o direta com o divino. Nas escrituras sagradas, encontramos uma riqueza de ora\u00e7\u00f5es que abordam uma variedade de situa\u00e7\u00f5es, incluindo momentos de ang\u00fastia, tristeza e incerteza. Essas ora\u00e7\u00f5es podem servir como uma \u00e2ncora para a alma em meio \u00e0s tempestades da vida, oferecendo conforto, esperan\u00e7a e fortalecimento espiritual.<\/p>\n\n\n\n<h2 class=\"wp-block-heading\">Ora\u00e7\u00f5es do Cristianismo<\/h2>\n\n\n\n<p class=\"wp-block-paragraph\">No Cristianismo, a B\u00edblia \u00e9 a fonte prim\u00e1ria de orienta\u00e7\u00e3o espiritual e consolo. Entre as muitas passagens edificantes encontradas na B\u00edblia, as ora\u00e7\u00f5es do Salmo 23 e a Ora\u00e7\u00e3o do Pai Nosso s\u00e3o especialmente reconfortantes em tempos dif\u00edceis.<\/p>\n\n\n\n<h3 class=\"wp-block-heading\">Salmo 23<\/h3>\n\n\n\n<p class=\"wp-block-paragraph\">O Salmo 23, atribu\u00eddo ao Rei Davi, \u00e9 uma das passagens mais amadas e recitadas da B\u00edblia. Ele retrata Deus como um pastor que cuida amorosamente de seu rebanho, oferecendo conforto e prote\u00e7\u00e3o em todas as circunst\u00e2ncias. A familiaridade e a serenidade desta ora\u00e7\u00e3o t\u00eam sido uma fonte de for\u00e7a para muitos ao longo dos s\u00e9culos.<\/p>\n\n\n\n<p class=\"wp-block-paragraph\"><em>&#8220;O Senhor \u00e9 o meu pastor; nada me faltar\u00e1.<\/em><\/p>\n\n\n\n<p class=\"wp-block-paragraph\"><em>Ele me faz repousar em pastos verdejantes.<\/em><\/p>\n\n\n\n<p class=\"wp-block-paragraph\"><em>Leva-me para junto das \u00e1guas de descanso;<\/em><\/p>\n\n\n\n<p class=\"wp-block-paragraph\"><em>refrigera-me a alma.<\/em><\/p>\n\n\n\n<p class=\"wp-block-paragraph\"><em>Guia-me pelas veredas da justi\u00e7a por amor do seu nome.&#8221; (Salmo 23:1-3)<\/em><\/p>\n\n\n\n<h3 class=\"wp-block-heading\">Ora\u00e7\u00e3o do Pai Nosso<\/h3>\n\n\n\n<p class=\"wp-block-paragraph\">Outra ora\u00e7\u00e3o profundamente reconfortante \u00e9 a Ora\u00e7\u00e3o do Pai Nosso, ensinada por Jesus aos seus disc\u00edpulos. Esta ora\u00e7\u00e3o \u00e9 uma express\u00e3o de confian\u00e7a na provid\u00eancia divina e na busca do Reino de Deus, mesmo em meio \u00e0s dificuldades da vida terrena.<\/p>\n\n\n\n<p class=\"wp-block-paragraph\"><em>&#8220;Pai nosso, que est\u00e1s nos c\u00e9us,<\/em><\/p>\n\n\n\n<p class=\"wp-block-paragraph\"><em>santificado seja o teu nome;<\/em><\/p>\n\n\n\n<p class=\"wp-block-paragraph\"><em>venha o teu reino;<\/em><\/p>\n\n\n\n<p class=\"wp-block-paragraph\"><em>fa\u00e7a-se a tua vontade, assim na terra como no c\u00e9u.<\/em><\/p>\n\n\n\n<p class=\"wp-block-paragraph\"><em>D\u00e1-nos hoje o nosso p\u00e3o de cada dia;<\/em><\/p>\n\n\n\n<p class=\"wp-block-paragraph\"><em>perdoa-nos as nossas d\u00edvidas,<\/em><\/p>\n\n\n\n<p class=\"wp-block-paragraph\"><em>assim como n\u00f3s perdoamos aos nossos devedores;<\/em><\/p>\n\n\n\n<p class=\"wp-block-paragraph\"><em>e n\u00e3o nos deixes cair em tenta\u00e7\u00e3o;<\/em><\/p>\n\n\n\n<p class=\"wp-block-paragraph\"><em>mas livra-nos do mal.&#8221; (Mateus 6:9-13)<\/em><\/p>\n\n\n\n<figure class=\"wp-block-image size-large\"><img loading=\"lazy\" decoding=\"async\" width=\"1024\" height=\"682\" src=\"https:\/\/www.oracaoefe.com\/wp-content\/uploads\/2024\/04\/image-3-1024x682.png\" alt=\"\" class=\"wp-image-2796\" srcset=\"https:\/\/www.oracaoefe.com\/wp-content\/uploads\/2024\/04\/image-3-1024x682.png 1024w, https:\/\/www.oracaoefe.com\/wp-content\/uploads\/2024\/04\/image-3-300x200.png 300w, https:\/\/www.oracaoefe.com\/wp-content\/uploads\/2024\/04\/image-3-768x512.png 768w, https:\/\/www.oracaoefe.com\/wp-content\/uploads\/2024\/04\/image-3-18x12.png 18w, https:\/\/www.oracaoefe.com\/wp-content\/uploads\/2024\/04\/image-3.png 1280w\" sizes=\"auto, (max-width: 1024px) 100vw, 1024px\" \/><\/figure>\n\n\n\n<h3 class=\"wp-block-heading\">Ora\u00e7\u00f5es do Islamismo<\/h3>\n\n\n\n<p class=\"wp-block-paragraph\">No Islamismo, o Alcor\u00e3o \u00e9 a palavra de Deus revelada ao profeta Muhammad. As escrituras isl\u00e2micas cont\u00eam muitas ora\u00e7\u00f5es e passagens que oferecem conforto e esperan\u00e7a aos fi\u00e9is durante per\u00edodos de adversidade. Uma das mais conhecidas \u00e9 a Surata Al-Fatiha, que \u00e9 recitada em todas as unidades da ora\u00e7\u00e3o mu\u00e7ulmana e \u00e9 considerada uma das mais poderosas preces do Alcor\u00e3o.<\/p>\n\n\n\n<h3 class=\"wp-block-heading\">Surata Al-Fatiha<\/h3>\n\n\n\n<p class=\"wp-block-paragraph\">A Surata Al-Fatiha, tamb\u00e9m conhecida como &#8220;A Abertura&#8221;, \u00e9 uma ora\u00e7\u00e3o que invoca a orienta\u00e7\u00e3o, a miseric\u00f3rdia e a gra\u00e7a de Deus sobre os crentes. Ela reconhece a soberania e a bondade divina, oferecendo conforto aos fi\u00e9is em suas s\u00faplicas.<\/p>\n\n\n\n<p class=\"wp-block-paragraph\"><em>&#8220;Guia-nos \u00e0 senda reta,<\/em><\/p>\n\n\n\n<p class=\"wp-block-paragraph\"><em>\u00e0 senda daqueles a quem concedeste favores,<\/em><\/p>\n\n\n\n<p class=\"wp-block-paragraph\"><em>n\u00e3o \u00e0 dos abominados, nem \u00e0 dos extraviados.&#8221; (Alcor\u00e3o 1:6-7)<\/em><\/p>\n\n\n\n<h2 class=\"wp-block-heading\">Ora\u00e7\u00f5es do Juda\u00edsmo<\/h2>\n\n\n\n<p class=\"wp-block-paragraph\">O Juda\u00edsmo considera a Tor\u00e1 como a palavra de Deus entregue ao povo de Israel por meio de Mois\u00e9s. Nas escrituras judaicas, encontramos uma variedade de ora\u00e7\u00f5es que expressam f\u00e9, louvor e confian\u00e7a em Deus, mesmo em tempos dif\u00edceis. O Salmo 121 \u00e9 um exemplo not\u00e1vel de uma ora\u00e7\u00e3o que oferece conforto e prote\u00e7\u00e3o divina aos crentes.<\/p>\n\n\n\n<h3 class=\"wp-block-heading\">Salmo 121<\/h3>\n\n\n\n<p class=\"wp-block-paragraph\">O Salmo 121 \u00e9 um hino de confian\u00e7a em Deus como guardi\u00e3o e protetor do seu povo. Ele proclama a certeza da ajuda divina, mesmo diante das adversidades da vida, e oferece consolo aos que confiam no Senhor.<\/p>\n\n\n\n<p class=\"wp-block-paragraph\"><em>&#8220;Elevo os olhos para os montes: de onde me vir\u00e1 o socorro?<\/em><\/p>\n\n\n\n<p class=\"wp-block-paragraph\"><em>O meu socorro vem do Senhor, que fez o c\u00e9u e a terra.&#8221; (Salmo 121:1-2)<\/em><\/p>\n\n\n\n<h2 class=\"wp-block-heading\">Encontrando Conforto e Esperan\u00e7a nas Escrituras<\/h2>\n\n\n\n<p class=\"wp-block-paragraph\">Em tempos de tribula\u00e7\u00e3o e incerteza, as escrituras sagradas oferecem um ref\u00fagio de conforto e esperan\u00e7a para aqueles que buscam consolo espiritual. As ora\u00e7\u00f5es encontradas nessas escrituras s\u00e3o uma fonte de for\u00e7a interior, inspira\u00e7\u00e3o e fortalecimento da f\u00e9. Independentemente da tradi\u00e7\u00e3o religiosa, as palavras da Escritura t\u00eam o poder de elevar os cora\u00e7\u00f5es aflitos e renovar a esperan\u00e7a em tempos dif\u00edceis. Que essas ora\u00e7\u00f5es sirvam como um lembrete do amor e da provid\u00eancia divina, guiando-nos atrav\u00e9s das tempestades da vida para a luz da paz e da serenidade.<\/p>\n\n\n\n<p class=\"wp-block-paragraph\"><strong>Voir aussi\u00a0: <a href=\"https:\/\/www.oracaoefe.com\/fr\/jesus-teria-tido-mais-que-12-apostolos-veja-as-evidencias\/\">Jesus teria tido mais que 12 ap\u00f3stolos; veja as evid\u00eancias<\/a><\/strong><\/p>\n\n\n\n<p class=\"wp-block-paragraph\">30 de abril de 2024<\/p>","protected":false},"excerpt":{"rendered":"<p>Em momentos de desafios e adversidades, \u00e9 natural buscar conforto e esperan\u00e7a em fontes diversas. Para muitos, a f\u00e9 desempenha um papel fundamental nesses momentos, oferecendo um ref\u00fagio de paz e for\u00e7a interior. As escrituras sagradas, independentemente da religi\u00e3o, s\u00e3o frequentemente uma fonte de inspira\u00e7\u00e3o e consolo.&nbsp; O Poder da Ora\u00e7\u00e3o nas Escrituras A ora\u00e7\u00e3o&hellip;&nbsp;<\/p>","protected":false},"author":3,"featured_media":2796,"comment_status":"closed","ping_status":"closed","sticky":false,"template":"","format":"standard","meta":{"neve_meta_sidebar":"","neve_meta_container":"","neve_meta_enable_content_width":"","neve_meta_content_width":0,"neve_meta_title_alignment":"","neve_meta_author_avatar":"","neve_post_elements_order":"","neve_meta_disable_header":"","neve_meta_disable_footer":"","neve_meta_disable_title":"","footnotes":""},"categories":[2],"tags":[],"class_list":["post-2788","post","type-post","status-publish","format-standard","has-post-thumbnail","hentry","category-oracao"],"yoast_head":"<!-- This site is optimized with the Yoast SEO plugin v28.4 - https:\/\/yoast.com\/product\/yoast-seo-wordpress\/ -->\n<title>Ora\u00e7\u00f5es para Tempos Dif\u00edceis: Encontre Conforto e Esperan\u00e7a nas Palavras da Escritura - Ora\u00e7\u00e3o e F\u00e9<\/title>\n<meta name=\"description\" content=\"Deus tem pra voc\u00ea uma palavra de vida!\" \/>\n<meta name=\"robots\" content=\"index, follow, max-snippet:-1, max-image-preview:large, max-video-preview:-1\" \/>\n<link rel=\"canonical\" href=\"https:\/\/www.oracaoefe.com\/fr\/oracoes-para-tempos-dificeis-encontre-conforto-e-esperanca-nas-palavras-da-escritura\/\" \/>\n<meta property=\"og:locale\" content=\"fr_FR\" \/>\n<meta property=\"og:type\" content=\"article\" \/>\n<meta property=\"og:title\" content=\"Ora\u00e7\u00f5es para Tempos Dif\u00edceis: Encontre Conforto e Esperan\u00e7a nas Palavras da Escritura - Ora\u00e7\u00e3o e F\u00e9\" \/>\n<meta property=\"og:description\" content=\"Deus tem pra voc\u00ea uma palavra de vida!\" \/>\n<meta property=\"og:url\" content=\"https:\/\/www.oracaoefe.com\/fr\/oracoes-para-tempos-dificeis-encontre-conforto-e-esperanca-nas-palavras-da-escritura\/\" \/>\n<meta property=\"og:site_name\" content=\"Ora\u00e7\u00e3o e F\u00e9\" \/>\n<meta property=\"article:published_time\" content=\"2024-04-30T04:00:00+00:00\" \/>\n<meta property=\"og:image\" content=\"https:\/\/www.oracaoefe.com\/wp-content\/uploads\/2024\/04\/image-3.png\" \/>\n\t<meta property=\"og:image:width\" content=\"1280\" \/>\n\t<meta property=\"og:image:height\" content=\"853\" \/>\n\t<meta property=\"og:image:type\" content=\"image\/png\" \/>\n<meta name=\"author\" content=\"Michele Azevedo\" \/>\n<meta name=\"twitter:card\" content=\"summary_large_image\" \/>\n<meta name=\"twitter:label1\" content=\"\u00c9crit par\" \/>\n\t<meta name=\"twitter:data1\" content=\"Michele Azevedo\" \/>\n\t<meta name=\"twitter:label2\" content=\"Dur\u00e9e de lecture estim\u00e9e\" \/>\n\t<meta name=\"twitter:data2\" content=\"4 minutes\" \/>\n<script type=\"application\/ld+json\" class=\"yoast-schema-graph\">{\"@context\":\"https:\\\/\\\/schema.org\",\"@graph\":[{\"@type\":\"Article\",\"@id\":\"https:\\\/\\\/www.oracaoefe.com\\\/oracoes-para-tempos-dificeis-encontre-conforto-e-esperanca-nas-palavras-da-escritura\\\/#article\",\"isPartOf\":{\"@id\":\"https:\\\/\\\/www.oracaoefe.com\\\/oracoes-para-tempos-dificeis-encontre-conforto-e-esperanca-nas-palavras-da-escritura\\\/\"},\"author\":{\"name\":\"Michele Azevedo\",\"@id\":\"https:\\\/\\\/www.oracaoefe.com\\\/#\\\/schema\\\/person\\\/17283c669442cf005c4d5bb58adfb7f5\"},\"headline\":\"Ora\u00e7\u00f5es para Tempos Dif\u00edceis: Encontre Conforto e Esperan\u00e7a nas Palavras da Escritura\",\"datePublished\":\"2024-04-30T04:00:00+00:00\",\"mainEntityOfPage\":{\"@id\":\"https:\\\/\\\/www.oracaoefe.com\\\/oracoes-para-tempos-dificeis-encontre-conforto-e-esperanca-nas-palavras-da-escritura\\\/\"},\"wordCount\":814,\"image\":{\"@id\":\"https:\\\/\\\/www.oracaoefe.com\\\/oracoes-para-tempos-dificeis-encontre-conforto-e-esperanca-nas-palavras-da-escritura\\\/#primaryimage\"},\"thumbnailUrl\":\"https:\\\/\\\/www.oracaoefe.com\\\/wp-content\\\/uploads\\\/2024\\\/04\\\/image-3.png\",\"articleSection\":[\"Ora\u00e7\u00e3o\"],\"inLanguage\":\"fr-FR\"},{\"@type\":\"WebPage\",\"@id\":\"https:\\\/\\\/www.oracaoefe.com\\\/oracoes-para-tempos-dificeis-encontre-conforto-e-esperanca-nas-palavras-da-escritura\\\/\",\"url\":\"https:\\\/\\\/www.oracaoefe.com\\\/oracoes-para-tempos-dificeis-encontre-conforto-e-esperanca-nas-palavras-da-escritura\\\/\",\"name\":\"Ora\u00e7\u00f5es para Tempos Dif\u00edceis: Encontre Conforto e Esperan\u00e7a nas Palavras da Escritura - Ora\u00e7\u00e3o e F\u00e9\",\"isPartOf\":{\"@id\":\"https:\\\/\\\/www.oracaoefe.com\\\/#website\"},\"primaryImageOfPage\":{\"@id\":\"https:\\\/\\\/www.oracaoefe.com\\\/oracoes-para-tempos-dificeis-encontre-conforto-e-esperanca-nas-palavras-da-escritura\\\/#primaryimage\"},\"image\":{\"@id\":\"https:\\\/\\\/www.oracaoefe.com\\\/oracoes-para-tempos-dificeis-encontre-conforto-e-esperanca-nas-palavras-da-escritura\\\/#primaryimage\"},\"thumbnailUrl\":\"https:\\\/\\\/www.oracaoefe.com\\\/wp-content\\\/uploads\\\/2024\\\/04\\\/image-3.png\",\"datePublished\":\"2024-04-30T04:00:00+00:00\",\"author\":{\"@id\":\"https:\\\/\\\/www.oracaoefe.com\\\/#\\\/schema\\\/person\\\/17283c669442cf005c4d5bb58adfb7f5\"},\"description\":\"Deus tem pra voc\u00ea uma palavra de vida!\",\"breadcrumb\":{\"@id\":\"https:\\\/\\\/www.oracaoefe.com\\\/oracoes-para-tempos-dificeis-encontre-conforto-e-esperanca-nas-palavras-da-escritura\\\/#breadcrumb\"},\"inLanguage\":\"fr-FR\",\"potentialAction\":[{\"@type\":\"ReadAction\",\"target\":[\"https:\\\/\\\/www.oracaoefe.com\\\/oracoes-para-tempos-dificeis-encontre-conforto-e-esperanca-nas-palavras-da-escritura\\\/\"]}]},{\"@type\":\"ImageObject\",\"inLanguage\":\"fr-FR\",\"@id\":\"https:\\\/\\\/www.oracaoefe.com\\\/oracoes-para-tempos-dificeis-encontre-conforto-e-esperanca-nas-palavras-da-escritura\\\/#primaryimage\",\"url\":\"https:\\\/\\\/www.oracaoefe.com\\\/wp-content\\\/uploads\\\/2024\\\/04\\\/image-3.png\",\"contentUrl\":\"https:\\\/\\\/www.oracaoefe.com\\\/wp-content\\\/uploads\\\/2024\\\/04\\\/image-3.png\",\"width\":1280,\"height\":853},{\"@type\":\"BreadcrumbList\",\"@id\":\"https:\\\/\\\/www.oracaoefe.com\\\/oracoes-para-tempos-dificeis-encontre-conforto-e-esperanca-nas-palavras-da-escritura\\\/#breadcrumb\",\"itemListElement\":[{\"@type\":\"ListItem\",\"position\":1,\"name\":\"Home\",\"item\":\"https:\\\/\\\/www.oracaoefe.com\\\/\"},{\"@type\":\"ListItem\",\"position\":2,\"name\":\"Ora\u00e7\u00e3o\",\"item\":\"https:\\\/\\\/www.oracaoefe.com\\\/category\\\/oracao\\\/\"},{\"@type\":\"ListItem\",\"position\":3,\"name\":\"Ora\u00e7\u00f5es para Tempos Dif\u00edceis: Encontre Conforto e Esperan\u00e7a nas Palavras da Escritura\"}]},{\"@type\":\"WebSite\",\"@id\":\"https:\\\/\\\/www.oracaoefe.com\\\/#website\",\"url\":\"https:\\\/\\\/www.oracaoefe.com\\\/\",\"name\":\"Ora\u00e7\u00e3o e F\u00e9\",\"description\":\"\",\"potentialAction\":[{\"@type\":\"SearchAction\",\"target\":{\"@type\":\"EntryPoint\",\"urlTemplate\":\"https:\\\/\\\/www.oracaoefe.com\\\/?s={search_term_string}\"},\"query-input\":{\"@type\":\"PropertyValueSpecification\",\"valueRequired\":true,\"valueName\":\"search_term_string\"}}],\"inLanguage\":\"fr-FR\"},{\"@type\":\"Person\",\"@id\":\"https:\\\/\\\/www.oracaoefe.com\\\/#\\\/schema\\\/person\\\/17283c669442cf005c4d5bb58adfb7f5\",\"name\":\"Michele Azevedo\",\"image\":{\"@type\":\"ImageObject\",\"inLanguage\":\"fr-FR\",\"@id\":\"https:\\\/\\\/secure.gravatar.com\\\/avatar\\\/6b0eb9d22841282815e2cd856a0061c45e1761cd54b22e952d98c4746939aa85?s=96&d=mm&r=g\",\"url\":\"https:\\\/\\\/secure.gravatar.com\\\/avatar\\\/6b0eb9d22841282815e2cd856a0061c45e1761cd54b22e952d98c4746939aa85?s=96&d=mm&r=g\",\"contentUrl\":\"https:\\\/\\\/secure.gravatar.com\\\/avatar\\\/6b0eb9d22841282815e2cd856a0061c45e1761cd54b22e952d98c4746939aa85?s=96&d=mm&r=g\",\"caption\":\"Michele Azevedo\"},\"description\":\"Formada em Letras - Portugu\u00eas\\\/ Ingl\u00eas pela Universidade Estadual de Ponta Grossa (UEPG), p\u00f3s-graduada em Arte na Educa\u00e7\u00e3o (FAPI) e Psicopedagogia Escolar (FAPI), idealizadora e propriet\u00e1ria do site Escritora de Sucesso, possui experi\u00eancia em escrita para blogs em geral e atua como redatora e revisora dos conte\u00fados do Ora\u00e7\u00e3o e F\u00e9.\",\"url\":\"https:\\\/\\\/www.oracaoefe.com\\\/fr\\\/author\\\/michele-azevedo\\\/\"}]}<\/script>\n<!-- \/ Yoast SEO plugin. -->","yoast_head_json":{"title":"Ora\u00e7\u00f5es para Tempos Dif\u00edceis: Encontre Conforto e Esperan\u00e7a nas Palavras da Escritura - Ora\u00e7\u00e3o e F\u00e9","description":"Dieu a une parole de vie pour vous !","robots":{"index":"index","follow":"follow","max-snippet":"max-snippet:-1","max-image-preview":"max-image-preview:large","max-video-preview":"max-video-preview:-1"},"canonical":"https:\/\/www.oracaoefe.com\/fr\/oracoes-para-tempos-dificeis-encontre-conforto-e-esperanca-nas-palavras-da-escritura\/","og_locale":"fr_FR","og_type":"article","og_title":"Ora\u00e7\u00f5es para Tempos Dif\u00edceis: Encontre Conforto e Esperan\u00e7a nas Palavras da Escritura - Ora\u00e7\u00e3o e F\u00e9","og_description":"Deus tem pra voc\u00ea uma palavra de vida!","og_url":"https:\/\/www.oracaoefe.com\/fr\/oracoes-para-tempos-dificeis-encontre-conforto-e-esperanca-nas-palavras-da-escritura\/","og_site_name":"Ora\u00e7\u00e3o e F\u00e9","article_published_time":"2024-04-30T04:00:00+00:00","og_image":[{"width":1280,"height":853,"url":"https:\/\/www.oracaoefe.com\/wp-content\/uploads\/2024\/04\/image-3.png","type":"image\/png"}],"author":"Michele Azevedo","twitter_card":"summary_large_image","twitter_misc":{"\u00c9crit par":"Michele Azevedo","Dur\u00e9e de lecture estim\u00e9e":"4 minutes"},"schema":{"@context":"https:\/\/schema.org","@graph":[{"@type":"Article","@id":"https:\/\/www.oracaoefe.com\/oracoes-para-tempos-dificeis-encontre-conforto-e-esperanca-nas-palavras-da-escritura\/#article","isPartOf":{"@id":"https:\/\/www.oracaoefe.com\/oracoes-para-tempos-dificeis-encontre-conforto-e-esperanca-nas-palavras-da-escritura\/"},"author":{"name":"Michele Azevedo","@id":"https:\/\/www.oracaoefe.com\/#\/schema\/person\/17283c669442cf005c4d5bb58adfb7f5"},"headline":"Ora\u00e7\u00f5es para Tempos Dif\u00edceis: Encontre Conforto e Esperan\u00e7a nas Palavras da Escritura","datePublished":"2024-04-30T04:00:00+00:00","mainEntityOfPage":{"@id":"https:\/\/www.oracaoefe.com\/oracoes-para-tempos-dificeis-encontre-conforto-e-esperanca-nas-palavras-da-escritura\/"},"wordCount":814,"image":{"@id":"https:\/\/www.oracaoefe.com\/oracoes-para-tempos-dificeis-encontre-conforto-e-esperanca-nas-palavras-da-escritura\/#primaryimage"},"thumbnailUrl":"https:\/\/www.oracaoefe.com\/wp-content\/uploads\/2024\/04\/image-3.png","articleSection":["Ora\u00e7\u00e3o"],"inLanguage":"fr-FR"},{"@type":"WebPage","@id":"https:\/\/www.oracaoefe.com\/oracoes-para-tempos-dificeis-encontre-conforto-e-esperanca-nas-palavras-da-escritura\/","url":"https:\/\/www.oracaoefe.com\/oracoes-para-tempos-dificeis-encontre-conforto-e-esperanca-nas-palavras-da-escritura\/","name":"Ora\u00e7\u00f5es para Tempos Dif\u00edceis: Encontre Conforto e Esperan\u00e7a nas Palavras da Escritura - Ora\u00e7\u00e3o e F\u00e9","isPartOf":{"@id":"https:\/\/www.oracaoefe.com\/#website"},"primaryImageOfPage":{"@id":"https:\/\/www.oracaoefe.com\/oracoes-para-tempos-dificeis-encontre-conforto-e-esperanca-nas-palavras-da-escritura\/#primaryimage"},"image":{"@id":"https:\/\/www.oracaoefe.com\/oracoes-para-tempos-dificeis-encontre-conforto-e-esperanca-nas-palavras-da-escritura\/#primaryimage"},"thumbnailUrl":"https:\/\/www.oracaoefe.com\/wp-content\/uploads\/2024\/04\/image-3.png","datePublished":"2024-04-30T04:00:00+00:00","author":{"@id":"https:\/\/www.oracaoefe.com\/#\/schema\/person\/17283c669442cf005c4d5bb58adfb7f5"},"description":"Dieu a une parole de vie pour vous !","breadcrumb":{"@id":"https:\/\/www.oracaoefe.com\/oracoes-para-tempos-dificeis-encontre-conforto-e-esperanca-nas-palavras-da-escritura\/#breadcrumb"},"inLanguage":"fr-FR","potentialAction":[{"@type":"ReadAction","target":["https:\/\/www.oracaoefe.com\/oracoes-para-tempos-dificeis-encontre-conforto-e-esperanca-nas-palavras-da-escritura\/"]}]},{"@type":"ImageObject","inLanguage":"fr-FR","@id":"https:\/\/www.oracaoefe.com\/oracoes-para-tempos-dificeis-encontre-conforto-e-esperanca-nas-palavras-da-escritura\/#primaryimage","url":"https:\/\/www.oracaoefe.com\/wp-content\/uploads\/2024\/04\/image-3.png","contentUrl":"https:\/\/www.oracaoefe.com\/wp-content\/uploads\/2024\/04\/image-3.png","width":1280,"height":853},{"@type":"BreadcrumbList","@id":"https:\/\/www.oracaoefe.com\/oracoes-para-tempos-dificeis-encontre-conforto-e-esperanca-nas-palavras-da-escritura\/#breadcrumb","itemListElement":[{"@type":"ListItem","position":1,"name":"Home","item":"https:\/\/www.oracaoefe.com\/"},{"@type":"ListItem","position":2,"name":"Ora\u00e7\u00e3o","item":"https:\/\/www.oracaoefe.com\/category\/oracao\/"},{"@type":"ListItem","position":3,"name":"Ora\u00e7\u00f5es para Tempos Dif\u00edceis: Encontre Conforto e Esperan\u00e7a nas Palavras da Escritura"}]},{"@type":"WebSite","@id":"https:\/\/www.oracaoefe.com\/#website","url":"https:\/\/www.oracaoefe.com\/","name":"Pri\u00e8re et foi","description":"","potentialAction":[{"@type":"SearchAction","target":{"@type":"EntryPoint","urlTemplate":"https:\/\/www.oracaoefe.com\/?s={search_term_string}"},"query-input":{"@type":"PropertyValueSpecification","valueRequired":true,"valueName":"search_term_string"}}],"inLanguage":"fr-FR"},{"@type":"Person","@id":"https:\/\/www.oracaoefe.com\/#\/schema\/person\/17283c669442cf005c4d5bb58adfb7f5","name":"Michele Azevedo","image":{"@type":"ImageObject","inLanguage":"fr-FR","@id":"https:\/\/secure.gravatar.com\/avatar\/6b0eb9d22841282815e2cd856a0061c45e1761cd54b22e952d98c4746939aa85?s=96&d=mm&r=g","url":"https:\/\/secure.gravatar.com\/avatar\/6b0eb9d22841282815e2cd856a0061c45e1761cd54b22e952d98c4746939aa85?s=96&d=mm&r=g","contentUrl":"https:\/\/secure.gravatar.com\/avatar\/6b0eb9d22841282815e2cd856a0061c45e1761cd54b22e952d98c4746939aa85?s=96&d=mm&r=g","caption":"Michele Azevedo"},"description":"Dipl\u00f4m\u00e9e en litt\u00e9rature portugaise\/anglaise de l&#039;Universit\u00e9 d&#039;\u00c9tat de Ponta Grossa (UEPG), avec des dipl\u00f4mes de troisi\u00e8me cycle en art dans l&#039;\u00e9ducation (FAPI) et en psychop\u00e9dagogie scolaire (FAPI), elle est la cr\u00e9atrice et propri\u00e9taire du site web Escritora de Sucesso, a de l&#039;exp\u00e9rience dans l&#039;\u00e9criture pour les blogs en g\u00e9n\u00e9ral et travaille comme r\u00e9dactrice et \u00e9ditrice du contenu pour Ora\u00e7\u00e3o e F\u00e9.","url":"https:\/\/www.oracaoefe.com\/fr\/author\/michele-azevedo\/"}]}},"_links":{"self":[{"href":"https:\/\/www.oracaoefe.com\/fr\/wp-json\/wp\/v2\/posts\/2788","targetHints":{"allow":["GET"]}}],"collection":[{"href":"https:\/\/www.oracaoefe.com\/fr\/wp-json\/wp\/v2\/posts"}],"about":[{"href":"https:\/\/www.oracaoefe.com\/fr\/wp-json\/wp\/v2\/types\/post"}],"author":[{"embeddable":true,"href":"https:\/\/www.oracaoefe.com\/fr\/wp-json\/wp\/v2\/users\/3"}],"replies":[{"embeddable":true,"href":"https:\/\/www.oracaoefe.com\/fr\/wp-json\/wp\/v2\/comments?post=2788"}],"version-history":[{"count":2,"href":"https:\/\/www.oracaoefe.com\/fr\/wp-json\/wp\/v2\/posts\/2788\/revisions"}],"predecessor-version":[{"id":2797,"href":"https:\/\/www.oracaoefe.com\/fr\/wp-json\/wp\/v2\/posts\/2788\/revisions\/2797"}],"wp:featuredmedia":[{"embeddable":true,"href":"https:\/\/www.oracaoefe.com\/fr\/wp-json\/wp\/v2\/media\/2796"}],"wp:attachment":[{"href":"https:\/\/www.oracaoefe.com\/fr\/wp-json\/wp\/v2\/media?parent=2788"}],"wp:term":[{"taxonomy":"category","embeddable":true,"href":"https:\/\/www.oracaoefe.com\/fr\/wp-json\/wp\/v2\/categories?post=2788"},{"taxonomy":"post_tag","embeddable":true,"href":"https:\/\/www.oracaoefe.com\/fr\/wp-json\/wp\/v2\/tags?post=2788"}],"curies":[{"name":"wp","href":"https:\/\/api.w.org\/{rel}","templated":true}]}}