{"id":2784,"date":"2024-04-24T01:01:00","date_gmt":"2024-04-24T04:01:00","guid":{"rendered":"https:\/\/www.oracaoefe.com\/?p=2784"},"modified":"2024-04-17T01:08:25","modified_gmt":"2024-04-17T04:08:25","slug":"construindo-uma-relacao-mais-profunda-com-deus-estrategias-para-fortalecer-sua-espiritualidade","status":"publish","type":"post","link":"https:\/\/www.oracaoefe.com\/fr\/construindo-uma-relacao-mais-profunda-com-deus-estrategias-para-fortalecer-sua-espiritualidade\/","title":{"rendered":"Construindo uma Rela\u00e7\u00e3o Mais Profunda com Deus: Estrat\u00e9gias para Fortalecer Sua Espiritualidade"},"content":{"rendered":"<p class=\"wp-block-paragraph\">Construir uma rela\u00e7\u00e3o mais profunda com Deus \u00e9 uma jornada que muitas pessoas em todo o mundo empreendem em busca de paz, conforto e significado. Independentemente da sua religi\u00e3o ou cren\u00e7a espec\u00edfica, o desejo de fortalecer a espiritualidade e se conectar com o divino \u00e9 uma parte fundamental da experi\u00eancia humana.&nbsp;<\/p>\n\n\n\n<h2 class=\"wp-block-heading\">Estrat\u00e9gias para fortalecer sua espiritualidade<\/h2>\n\n\n\n<p class=\"wp-block-paragraph\">A espiritualidade emerge como um farol, oferecendo orienta\u00e7\u00e3o e consolo em meio \u00e0 turbul\u00eancia da vida. No entanto, essa jornada espiritual n\u00e3o \u00e9 apenas sobre encontrar respostas; \u00e9 sobre a jornada em si, o constante aprimoramento da rela\u00e7\u00e3o entre o ser humano e o divino. Neste contexto, exploraremos estrat\u00e9gias que n\u00e3o apenas nutrem, mas fortalecem sua espiritualidade, capacitando-o a transcender os limites do materialismo e descobrir um universo de paz interior e conex\u00e3o mais profunda com o divino.<\/p>\n\n\n\n<h3 class=\"wp-block-heading\">1. Estabele\u00e7a uma Rotina de Ora\u00e7\u00e3o e Medita\u00e7\u00e3o<\/h3>\n\n\n\n<p class=\"wp-block-paragraph\">A ora\u00e7\u00e3o e a medita\u00e7\u00e3o s\u00e3o ferramentas poderosas para fortalecer sua conex\u00e3o com Deus. Estabelecer uma rotina di\u00e1ria de ora\u00e7\u00e3o e medita\u00e7\u00e3o pode ajud\u00e1-lo a se sintonizar com a presen\u00e7a divina e a cultivar um senso de paz interior. Reserve um tempo todos os dias para se recolher em ora\u00e7\u00e3o, conversando com Deus e compartilhando seus pensamentos, preocupa\u00e7\u00f5es e gratid\u00e3o. Al\u00e9m disso, pratique a medita\u00e7\u00e3o para acalmar a mente e abrir espa\u00e7o para ouvir a voz de Deus em seu cora\u00e7\u00e3o.<\/p>\n\n\n\n<h3 class=\"wp-block-heading\">2. Estude as Escrituras Sagradas<\/h3>\n\n\n\n<p class=\"wp-block-paragraph\">As escrituras sagradas s\u00e3o uma fonte inestim\u00e1vel de sabedoria e orienta\u00e7\u00e3o espiritual. Dedique tempo para estudar as escrituras relevantes \u00e0 sua f\u00e9, refletindo sobre os ensinamentos e aplicando-os \u00e0 sua vida di\u00e1ria. Ao mergulhar nas palavras de Deus, voc\u00ea fortalecer\u00e1 sua compreens\u00e3o da f\u00e9 e sua conex\u00e3o com o divino.<\/p>\n\n\n\n<h3 class=\"wp-block-heading\">3. Cultive a Gratid\u00e3o<\/h3>\n\n\n\n<p class=\"wp-block-paragraph\">A gratid\u00e3o \u00e9 uma pr\u00e1tica espiritual poderosa que pode transformar sua perspectiva e fortalecer sua conex\u00e3o com Deus. Todos os dias, reserve um momento para refletir sobre as b\u00ean\u00e7\u00e3os em sua vida e expressar gratid\u00e3o a Deus por elas. Ao cultivar uma atitude de gratid\u00e3o, voc\u00ea abrir\u00e1 seu cora\u00e7\u00e3o para receber mais das b\u00ean\u00e7\u00e3os de Deus e fortalecer\u00e1 sua conex\u00e3o espiritual.<\/p>\n\n\n\n<figure class=\"wp-block-image size-large\"><img loading=\"lazy\" decoding=\"async\" width=\"1024\" height=\"682\" src=\"https:\/\/www.oracaoefe.com\/wp-content\/uploads\/2024\/04\/image-1-1024x682.png\" alt=\"\" class=\"wp-image-2792\" srcset=\"https:\/\/www.oracaoefe.com\/wp-content\/uploads\/2024\/04\/image-1-1024x682.png 1024w, https:\/\/www.oracaoefe.com\/wp-content\/uploads\/2024\/04\/image-1-300x200.png 300w, https:\/\/www.oracaoefe.com\/wp-content\/uploads\/2024\/04\/image-1-768x512.png 768w, https:\/\/www.oracaoefe.com\/wp-content\/uploads\/2024\/04\/image-1-18x12.png 18w, https:\/\/www.oracaoefe.com\/wp-content\/uploads\/2024\/04\/image-1.png 1280w\" sizes=\"auto, (max-width: 1024px) 100vw, 1024px\" \/><\/figure>\n\n\n\n<h3 class=\"wp-block-heading\">4. Pratique a Humildade e a Aceita\u00e7\u00e3o<\/h3>\n\n\n\n<p class=\"wp-block-paragraph\">A humildade e a aceita\u00e7\u00e3o s\u00e3o qualidades essenciais para construir uma rela\u00e7\u00e3o mais profunda com Deus. Reconhe\u00e7a sua pr\u00f3pria humanidade e limita\u00e7\u00f5es, e esteja aberto a aprender e crescer espiritualmente. Aceite as circunst\u00e2ncias da vida, mesmo quando forem desafiadoras, sabendo que Deus est\u00e1 sempre ao seu lado, oferecendo amor e apoio incondicionais.<\/p>\n\n\n\n<h3 class=\"wp-block-heading\">5. Busque Comunidade e Companheirismo Espiritual<\/h3>\n\n\n\n<p class=\"wp-block-paragraph\">A comunidade espiritual desempenha um papel vital no fortalecimento da f\u00e9 e da conex\u00e3o com Deus. Busque a companhia de outras pessoas que compartilham sua f\u00e9 e estejam comprometidas com o crescimento espiritual. Participe de servi\u00e7os religiosos, grupos de estudo b\u00edblico ou outras atividades comunit\u00e1rias para encontrar apoio, encorajamento e inspira\u00e7\u00e3o em sua jornada espiritual.<\/p>\n\n\n\n<h3 class=\"wp-block-heading\">6. Pratique a Caridade e o Amor ao Pr\u00f3ximo<\/h3>\n\n\n\n<p class=\"wp-block-paragraph\">Praticar a caridade e o amor ao pr\u00f3ximo \u00e9 uma maneira poderosa de expressar sua f\u00e9 e fortalecer sua conex\u00e3o com Deus. Procure oportunidades de servir e ajudar os outros em sua comunidade, demonstrando o amor e a compaix\u00e3o de Deus por todas as pessoas. Ao estender a m\u00e3o para os necessitados e mostrar bondade aos outros, voc\u00ea reflete a presen\u00e7a divina em sua vida e fortalece sua liga\u00e7\u00e3o espiritual.<\/p>\n\n\n\n<h3 class=\"wp-block-heading\">7. Esteja Aberto \u00e0 Experi\u00eancia Espiritual<\/h3>\n\n\n\n<p class=\"wp-block-paragraph\">Esteja aberto \u00e0 experi\u00eancia espiritual em todas as suas formas, sabendo que Deus se revela de maneiras diferentes para cada pessoa. Esteja atento aos sinais, sincronicidades e momentos de inspira\u00e7\u00e3o que podem surgir em sua vida cotidiana, pois estes podem ser oportunidades para experimentar a presen\u00e7a de Deus de forma mais profunda e significativa.<\/p>\n\n\n\n<h2 class=\"wp-block-heading\">Uma jornada cont\u00ednua<\/h2>\n\n\n\n<p class=\"wp-block-paragraph\">Construir uma rela\u00e7\u00e3o mais profunda com Deus \u00e9 uma jornada cont\u00ednua e gratificante que requer dedica\u00e7\u00e3o, pr\u00e1tica e uma mente aberta. Ao seguir as estrat\u00e9gias mencionadas acima e comprometer-se com sua jornada espiritual, voc\u00ea pode fortalecer sua conex\u00e3o com o divino e experimentar uma maior paz, alegria e sentido em sua vida.&nbsp;<\/p>\n\n\n\n<p class=\"wp-block-paragraph\">Lembre-se sempre de que Deus est\u00e1 sempre presente, oferecendo amor, orienta\u00e7\u00e3o e apoio em cada passo do caminho. Que sua jornada espiritual seja aben\u00e7oada e cheia de luz divina.<\/p>\n\n\n\n<p class=\"wp-block-paragraph\"><strong>Voir aussi\u00a0: <a href=\"https:\/\/www.oracaoefe.com\/fr\/jesus-teria-tido-mais-que-12-apostolos-veja-as-evidencias\/\">Jesus teria tido mais que 12 ap\u00f3stolos; veja as evid\u00eancias<\/a><\/strong><\/p>\n\n\n\n<p class=\"wp-block-paragraph\">24 de abril de 2024<\/p>","protected":false},"excerpt":{"rendered":"<p>Construir uma rela\u00e7\u00e3o mais profunda com Deus \u00e9 uma jornada que muitas pessoas em todo o mundo empreendem em busca de paz, conforto e significado. Independentemente da sua religi\u00e3o ou cren\u00e7a espec\u00edfica, o desejo de fortalecer a espiritualidade e se conectar com o divino \u00e9 uma parte fundamental da experi\u00eancia humana.&nbsp; Estrat\u00e9gias para fortalecer sua&hellip;&nbsp;<\/p>","protected":false},"author":3,"featured_media":2792,"comment_status":"closed","ping_status":"closed","sticky":false,"template":"","format":"standard","meta":{"neve_meta_sidebar":"","neve_meta_container":"","neve_meta_enable_content_width":"","neve_meta_content_width":0,"neve_meta_title_alignment":"","neve_meta_author_avatar":"","neve_post_elements_order":"","neve_meta_disable_header":"","neve_meta_disable_footer":"","neve_meta_disable_title":"","footnotes":""},"categories":[3],"tags":[],"class_list":["post-2784","post","type-post","status-publish","format-standard","has-post-thumbnail","hentry","category-fe"],"yoast_head":"<!-- This site is optimized with the Yoast SEO plugin v28.4 - https:\/\/yoast.com\/product\/yoast-seo-wordpress\/ -->\n<title>Construindo uma Rela\u00e7\u00e3o Mais Profunda com Deus: Estrat\u00e9gias para Fortalecer Sua Espiritualidade - Ora\u00e7\u00e3o e F\u00e9<\/title>\n<meta name=\"description\" content=\"Deus tem pra voc\u00ea uma palavra de vida!\" \/>\n<meta name=\"robots\" content=\"index, follow, max-snippet:-1, max-image-preview:large, max-video-preview:-1\" \/>\n<link rel=\"canonical\" href=\"https:\/\/www.oracaoefe.com\/fr\/construindo-uma-relacao-mais-profunda-com-deus-estrategias-para-fortalecer-sua-espiritualidade\/\" \/>\n<meta property=\"og:locale\" content=\"fr_FR\" \/>\n<meta property=\"og:type\" content=\"article\" \/>\n<meta property=\"og:title\" content=\"Construindo uma Rela\u00e7\u00e3o Mais Profunda com Deus: Estrat\u00e9gias para Fortalecer Sua Espiritualidade - Ora\u00e7\u00e3o e F\u00e9\" \/>\n<meta property=\"og:description\" content=\"Deus tem pra voc\u00ea uma palavra de vida!\" \/>\n<meta property=\"og:url\" content=\"https:\/\/www.oracaoefe.com\/fr\/construindo-uma-relacao-mais-profunda-com-deus-estrategias-para-fortalecer-sua-espiritualidade\/\" \/>\n<meta property=\"og:site_name\" content=\"Ora\u00e7\u00e3o e F\u00e9\" \/>\n<meta property=\"article:published_time\" content=\"2024-04-24T04:01:00+00:00\" \/>\n<meta property=\"og:image\" content=\"https:\/\/www.oracaoefe.com\/wp-content\/uploads\/2024\/04\/image-1.png\" \/>\n\t<meta property=\"og:image:width\" content=\"1280\" \/>\n\t<meta property=\"og:image:height\" content=\"853\" \/>\n\t<meta property=\"og:image:type\" content=\"image\/png\" \/>\n<meta name=\"author\" content=\"Michele Azevedo\" \/>\n<meta name=\"twitter:card\" content=\"summary_large_image\" \/>\n<meta name=\"twitter:label1\" content=\"\u00c9crit par\" \/>\n\t<meta name=\"twitter:data1\" content=\"Michele Azevedo\" \/>\n\t<meta name=\"twitter:label2\" content=\"Dur\u00e9e de lecture estim\u00e9e\" \/>\n\t<meta name=\"twitter:data2\" content=\"4 minutes\" \/>\n<script type=\"application\/ld+json\" class=\"yoast-schema-graph\">{\"@context\":\"https:\\\/\\\/schema.org\",\"@graph\":[{\"@type\":\"Article\",\"@id\":\"https:\\\/\\\/www.oracaoefe.com\\\/construindo-uma-relacao-mais-profunda-com-deus-estrategias-para-fortalecer-sua-espiritualidade\\\/#article\",\"isPartOf\":{\"@id\":\"https:\\\/\\\/www.oracaoefe.com\\\/construindo-uma-relacao-mais-profunda-com-deus-estrategias-para-fortalecer-sua-espiritualidade\\\/\"},\"author\":{\"name\":\"Michele Azevedo\",\"@id\":\"https:\\\/\\\/www.oracaoefe.com\\\/#\\\/schema\\\/person\\\/17283c669442cf005c4d5bb58adfb7f5\"},\"headline\":\"Construindo uma Rela\u00e7\u00e3o Mais Profunda com Deus: Estrat\u00e9gias para Fortalecer Sua Espiritualidade\",\"datePublished\":\"2024-04-24T04:01:00+00:00\",\"mainEntityOfPage\":{\"@id\":\"https:\\\/\\\/www.oracaoefe.com\\\/construindo-uma-relacao-mais-profunda-com-deus-estrategias-para-fortalecer-sua-espiritualidade\\\/\"},\"wordCount\":783,\"image\":{\"@id\":\"https:\\\/\\\/www.oracaoefe.com\\\/construindo-uma-relacao-mais-profunda-com-deus-estrategias-para-fortalecer-sua-espiritualidade\\\/#primaryimage\"},\"thumbnailUrl\":\"https:\\\/\\\/www.oracaoefe.com\\\/wp-content\\\/uploads\\\/2024\\\/04\\\/image-1.png\",\"articleSection\":[\"F\u00e9\"],\"inLanguage\":\"fr-FR\"},{\"@type\":\"WebPage\",\"@id\":\"https:\\\/\\\/www.oracaoefe.com\\\/construindo-uma-relacao-mais-profunda-com-deus-estrategias-para-fortalecer-sua-espiritualidade\\\/\",\"url\":\"https:\\\/\\\/www.oracaoefe.com\\\/construindo-uma-relacao-mais-profunda-com-deus-estrategias-para-fortalecer-sua-espiritualidade\\\/\",\"name\":\"Construindo uma Rela\u00e7\u00e3o Mais Profunda com Deus: Estrat\u00e9gias para Fortalecer Sua Espiritualidade - Ora\u00e7\u00e3o e F\u00e9\",\"isPartOf\":{\"@id\":\"https:\\\/\\\/www.oracaoefe.com\\\/#website\"},\"primaryImageOfPage\":{\"@id\":\"https:\\\/\\\/www.oracaoefe.com\\\/construindo-uma-relacao-mais-profunda-com-deus-estrategias-para-fortalecer-sua-espiritualidade\\\/#primaryimage\"},\"image\":{\"@id\":\"https:\\\/\\\/www.oracaoefe.com\\\/construindo-uma-relacao-mais-profunda-com-deus-estrategias-para-fortalecer-sua-espiritualidade\\\/#primaryimage\"},\"thumbnailUrl\":\"https:\\\/\\\/www.oracaoefe.com\\\/wp-content\\\/uploads\\\/2024\\\/04\\\/image-1.png\",\"datePublished\":\"2024-04-24T04:01:00+00:00\",\"author\":{\"@id\":\"https:\\\/\\\/www.oracaoefe.com\\\/#\\\/schema\\\/person\\\/17283c669442cf005c4d5bb58adfb7f5\"},\"description\":\"Deus tem pra voc\u00ea uma palavra de vida!\",\"breadcrumb\":{\"@id\":\"https:\\\/\\\/www.oracaoefe.com\\\/construindo-uma-relacao-mais-profunda-com-deus-estrategias-para-fortalecer-sua-espiritualidade\\\/#breadcrumb\"},\"inLanguage\":\"fr-FR\",\"potentialAction\":[{\"@type\":\"ReadAction\",\"target\":[\"https:\\\/\\\/www.oracaoefe.com\\\/construindo-uma-relacao-mais-profunda-com-deus-estrategias-para-fortalecer-sua-espiritualidade\\\/\"]}]},{\"@type\":\"ImageObject\",\"inLanguage\":\"fr-FR\",\"@id\":\"https:\\\/\\\/www.oracaoefe.com\\\/construindo-uma-relacao-mais-profunda-com-deus-estrategias-para-fortalecer-sua-espiritualidade\\\/#primaryimage\",\"url\":\"https:\\\/\\\/www.oracaoefe.com\\\/wp-content\\\/uploads\\\/2024\\\/04\\\/image-1.png\",\"contentUrl\":\"https:\\\/\\\/www.oracaoefe.com\\\/wp-content\\\/uploads\\\/2024\\\/04\\\/image-1.png\",\"width\":1280,\"height\":853},{\"@type\":\"BreadcrumbList\",\"@id\":\"https:\\\/\\\/www.oracaoefe.com\\\/construindo-uma-relacao-mais-profunda-com-deus-estrategias-para-fortalecer-sua-espiritualidade\\\/#breadcrumb\",\"itemListElement\":[{\"@type\":\"ListItem\",\"position\":1,\"name\":\"Home\",\"item\":\"https:\\\/\\\/www.oracaoefe.com\\\/\"},{\"@type\":\"ListItem\",\"position\":2,\"name\":\"F\u00e9\",\"item\":\"https:\\\/\\\/www.oracaoefe.com\\\/es\\\/categoria\\\/fe\\\/\"},{\"@type\":\"ListItem\",\"position\":3,\"name\":\"Construindo uma Rela\u00e7\u00e3o Mais Profunda com Deus: Estrat\u00e9gias para Fortalecer Sua Espiritualidade\"}]},{\"@type\":\"WebSite\",\"@id\":\"https:\\\/\\\/www.oracaoefe.com\\\/#website\",\"url\":\"https:\\\/\\\/www.oracaoefe.com\\\/\",\"name\":\"Ora\u00e7\u00e3o e F\u00e9\",\"description\":\"\",\"potentialAction\":[{\"@type\":\"SearchAction\",\"target\":{\"@type\":\"EntryPoint\",\"urlTemplate\":\"https:\\\/\\\/www.oracaoefe.com\\\/?s={search_term_string}\"},\"query-input\":{\"@type\":\"PropertyValueSpecification\",\"valueRequired\":true,\"valueName\":\"search_term_string\"}}],\"inLanguage\":\"fr-FR\"},{\"@type\":\"Person\",\"@id\":\"https:\\\/\\\/www.oracaoefe.com\\\/#\\\/schema\\\/person\\\/17283c669442cf005c4d5bb58adfb7f5\",\"name\":\"Michele Azevedo\",\"image\":{\"@type\":\"ImageObject\",\"inLanguage\":\"fr-FR\",\"@id\":\"https:\\\/\\\/secure.gravatar.com\\\/avatar\\\/6b0eb9d22841282815e2cd856a0061c45e1761cd54b22e952d98c4746939aa85?s=96&d=mm&r=g\",\"url\":\"https:\\\/\\\/secure.gravatar.com\\\/avatar\\\/6b0eb9d22841282815e2cd856a0061c45e1761cd54b22e952d98c4746939aa85?s=96&d=mm&r=g\",\"contentUrl\":\"https:\\\/\\\/secure.gravatar.com\\\/avatar\\\/6b0eb9d22841282815e2cd856a0061c45e1761cd54b22e952d98c4746939aa85?s=96&d=mm&r=g\",\"caption\":\"Michele Azevedo\"},\"description\":\"Formada em Letras - Portugu\u00eas\\\/ Ingl\u00eas pela Universidade Estadual de Ponta Grossa (UEPG), p\u00f3s-graduada em Arte na Educa\u00e7\u00e3o (FAPI) e Psicopedagogia Escolar (FAPI), idealizadora e propriet\u00e1ria do site Escritora de Sucesso, possui experi\u00eancia em escrita para blogs em geral e atua como redatora e revisora dos conte\u00fados do Ora\u00e7\u00e3o e F\u00e9.\",\"url\":\"https:\\\/\\\/www.oracaoefe.com\\\/fr\\\/author\\\/michele-azevedo\\\/\"}]}<\/script>\n<!-- \/ Yoast SEO plugin. -->","yoast_head_json":{"title":"Construindo uma Rela\u00e7\u00e3o Mais Profunda com Deus: Estrat\u00e9gias para Fortalecer Sua Espiritualidade - Ora\u00e7\u00e3o e F\u00e9","description":"Dieu a une parole de vie pour vous !","robots":{"index":"index","follow":"follow","max-snippet":"max-snippet:-1","max-image-preview":"max-image-preview:large","max-video-preview":"max-video-preview:-1"},"canonical":"https:\/\/www.oracaoefe.com\/fr\/construindo-uma-relacao-mais-profunda-com-deus-estrategias-para-fortalecer-sua-espiritualidade\/","og_locale":"fr_FR","og_type":"article","og_title":"Construindo uma Rela\u00e7\u00e3o Mais Profunda com Deus: Estrat\u00e9gias para Fortalecer Sua Espiritualidade - Ora\u00e7\u00e3o e F\u00e9","og_description":"Deus tem pra voc\u00ea uma palavra de vida!","og_url":"https:\/\/www.oracaoefe.com\/fr\/construindo-uma-relacao-mais-profunda-com-deus-estrategias-para-fortalecer-sua-espiritualidade\/","og_site_name":"Ora\u00e7\u00e3o e F\u00e9","article_published_time":"2024-04-24T04:01:00+00:00","og_image":[{"width":1280,"height":853,"url":"https:\/\/www.oracaoefe.com\/wp-content\/uploads\/2024\/04\/image-1.png","type":"image\/png"}],"author":"Michele Azevedo","twitter_card":"summary_large_image","twitter_misc":{"\u00c9crit par":"Michele Azevedo","Dur\u00e9e de lecture estim\u00e9e":"4 minutes"},"schema":{"@context":"https:\/\/schema.org","@graph":[{"@type":"Article","@id":"https:\/\/www.oracaoefe.com\/construindo-uma-relacao-mais-profunda-com-deus-estrategias-para-fortalecer-sua-espiritualidade\/#article","isPartOf":{"@id":"https:\/\/www.oracaoefe.com\/construindo-uma-relacao-mais-profunda-com-deus-estrategias-para-fortalecer-sua-espiritualidade\/"},"author":{"name":"Michele Azevedo","@id":"https:\/\/www.oracaoefe.com\/#\/schema\/person\/17283c669442cf005c4d5bb58adfb7f5"},"headline":"Construindo uma Rela\u00e7\u00e3o Mais Profunda com Deus: Estrat\u00e9gias para Fortalecer Sua Espiritualidade","datePublished":"2024-04-24T04:01:00+00:00","mainEntityOfPage":{"@id":"https:\/\/www.oracaoefe.com\/construindo-uma-relacao-mais-profunda-com-deus-estrategias-para-fortalecer-sua-espiritualidade\/"},"wordCount":783,"image":{"@id":"https:\/\/www.oracaoefe.com\/construindo-uma-relacao-mais-profunda-com-deus-estrategias-para-fortalecer-sua-espiritualidade\/#primaryimage"},"thumbnailUrl":"https:\/\/www.oracaoefe.com\/wp-content\/uploads\/2024\/04\/image-1.png","articleSection":["F\u00e9"],"inLanguage":"fr-FR"},{"@type":"WebPage","@id":"https:\/\/www.oracaoefe.com\/construindo-uma-relacao-mais-profunda-com-deus-estrategias-para-fortalecer-sua-espiritualidade\/","url":"https:\/\/www.oracaoefe.com\/construindo-uma-relacao-mais-profunda-com-deus-estrategias-para-fortalecer-sua-espiritualidade\/","name":"Construindo uma Rela\u00e7\u00e3o Mais Profunda com Deus: Estrat\u00e9gias para Fortalecer Sua Espiritualidade - Ora\u00e7\u00e3o e F\u00e9","isPartOf":{"@id":"https:\/\/www.oracaoefe.com\/#website"},"primaryImageOfPage":{"@id":"https:\/\/www.oracaoefe.com\/construindo-uma-relacao-mais-profunda-com-deus-estrategias-para-fortalecer-sua-espiritualidade\/#primaryimage"},"image":{"@id":"https:\/\/www.oracaoefe.com\/construindo-uma-relacao-mais-profunda-com-deus-estrategias-para-fortalecer-sua-espiritualidade\/#primaryimage"},"thumbnailUrl":"https:\/\/www.oracaoefe.com\/wp-content\/uploads\/2024\/04\/image-1.png","datePublished":"2024-04-24T04:01:00+00:00","author":{"@id":"https:\/\/www.oracaoefe.com\/#\/schema\/person\/17283c669442cf005c4d5bb58adfb7f5"},"description":"Dieu a une parole de vie pour vous !","breadcrumb":{"@id":"https:\/\/www.oracaoefe.com\/construindo-uma-relacao-mais-profunda-com-deus-estrategias-para-fortalecer-sua-espiritualidade\/#breadcrumb"},"inLanguage":"fr-FR","potentialAction":[{"@type":"ReadAction","target":["https:\/\/www.oracaoefe.com\/construindo-uma-relacao-mais-profunda-com-deus-estrategias-para-fortalecer-sua-espiritualidade\/"]}]},{"@type":"ImageObject","inLanguage":"fr-FR","@id":"https:\/\/www.oracaoefe.com\/construindo-uma-relacao-mais-profunda-com-deus-estrategias-para-fortalecer-sua-espiritualidade\/#primaryimage","url":"https:\/\/www.oracaoefe.com\/wp-content\/uploads\/2024\/04\/image-1.png","contentUrl":"https:\/\/www.oracaoefe.com\/wp-content\/uploads\/2024\/04\/image-1.png","width":1280,"height":853},{"@type":"BreadcrumbList","@id":"https:\/\/www.oracaoefe.com\/construindo-uma-relacao-mais-profunda-com-deus-estrategias-para-fortalecer-sua-espiritualidade\/#breadcrumb","itemListElement":[{"@type":"ListItem","position":1,"name":"Home","item":"https:\/\/www.oracaoefe.com\/"},{"@type":"ListItem","position":2,"name":"F\u00e9","item":"https:\/\/www.oracaoefe.com\/es\/categoria\/fe\/"},{"@type":"ListItem","position":3,"name":"Construindo uma Rela\u00e7\u00e3o Mais Profunda com Deus: Estrat\u00e9gias para Fortalecer Sua Espiritualidade"}]},{"@type":"WebSite","@id":"https:\/\/www.oracaoefe.com\/#website","url":"https:\/\/www.oracaoefe.com\/","name":"Pri\u00e8re et foi","description":"","potentialAction":[{"@type":"SearchAction","target":{"@type":"EntryPoint","urlTemplate":"https:\/\/www.oracaoefe.com\/?s={search_term_string}"},"query-input":{"@type":"PropertyValueSpecification","valueRequired":true,"valueName":"search_term_string"}}],"inLanguage":"fr-FR"},{"@type":"Person","@id":"https:\/\/www.oracaoefe.com\/#\/schema\/person\/17283c669442cf005c4d5bb58adfb7f5","name":"Michele Azevedo","image":{"@type":"ImageObject","inLanguage":"fr-FR","@id":"https:\/\/secure.gravatar.com\/avatar\/6b0eb9d22841282815e2cd856a0061c45e1761cd54b22e952d98c4746939aa85?s=96&d=mm&r=g","url":"https:\/\/secure.gravatar.com\/avatar\/6b0eb9d22841282815e2cd856a0061c45e1761cd54b22e952d98c4746939aa85?s=96&d=mm&r=g","contentUrl":"https:\/\/secure.gravatar.com\/avatar\/6b0eb9d22841282815e2cd856a0061c45e1761cd54b22e952d98c4746939aa85?s=96&d=mm&r=g","caption":"Michele Azevedo"},"description":"Dipl\u00f4m\u00e9e en litt\u00e9rature portugaise\/anglaise de l&#039;Universit\u00e9 d&#039;\u00c9tat de Ponta Grossa (UEPG), avec des dipl\u00f4mes de troisi\u00e8me cycle en art dans l&#039;\u00e9ducation (FAPI) et en psychop\u00e9dagogie scolaire (FAPI), elle est la cr\u00e9atrice et propri\u00e9taire du site web Escritora de Sucesso, a de l&#039;exp\u00e9rience dans l&#039;\u00e9criture pour les blogs en g\u00e9n\u00e9ral et travaille comme r\u00e9dactrice et \u00e9ditrice du contenu pour Ora\u00e7\u00e3o e F\u00e9.","url":"https:\/\/www.oracaoefe.com\/fr\/author\/michele-azevedo\/"}]}},"_links":{"self":[{"href":"https:\/\/www.oracaoefe.com\/fr\/wp-json\/wp\/v2\/posts\/2784","targetHints":{"allow":["GET"]}}],"collection":[{"href":"https:\/\/www.oracaoefe.com\/fr\/wp-json\/wp\/v2\/posts"}],"about":[{"href":"https:\/\/www.oracaoefe.com\/fr\/wp-json\/wp\/v2\/types\/post"}],"author":[{"embeddable":true,"href":"https:\/\/www.oracaoefe.com\/fr\/wp-json\/wp\/v2\/users\/3"}],"replies":[{"embeddable":true,"href":"https:\/\/www.oracaoefe.com\/fr\/wp-json\/wp\/v2\/comments?post=2784"}],"version-history":[{"count":2,"href":"https:\/\/www.oracaoefe.com\/fr\/wp-json\/wp\/v2\/posts\/2784\/revisions"}],"predecessor-version":[{"id":2793,"href":"https:\/\/www.oracaoefe.com\/fr\/wp-json\/wp\/v2\/posts\/2784\/revisions\/2793"}],"wp:featuredmedia":[{"embeddable":true,"href":"https:\/\/www.oracaoefe.com\/fr\/wp-json\/wp\/v2\/media\/2792"}],"wp:attachment":[{"href":"https:\/\/www.oracaoefe.com\/fr\/wp-json\/wp\/v2\/media?parent=2784"}],"wp:term":[{"taxonomy":"category","embeddable":true,"href":"https:\/\/www.oracaoefe.com\/fr\/wp-json\/wp\/v2\/categories?post=2784"},{"taxonomy":"post_tag","embeddable":true,"href":"https:\/\/www.oracaoefe.com\/fr\/wp-json\/wp\/v2\/tags?post=2784"}],"curies":[{"name":"wp","href":"https:\/\/api.w.org\/{rel}","templated":true}]}}