{"id":2782,"date":"2024-04-21T01:01:00","date_gmt":"2024-04-21T04:01:00","guid":{"rendered":"https:\/\/www.oracaoefe.com\/?p=2782"},"modified":"2024-04-17T01:06:29","modified_gmt":"2024-04-17T04:06:29","slug":"os-misterios-da-arca-da-alianca-o-que-a-biblia-revela","status":"publish","type":"post","link":"https:\/\/www.oracaoefe.com\/fr\/os-misterios-da-arca-da-alianca-o-que-a-biblia-revela\/","title":{"rendered":"Os Mist\u00e9rios da Arca da Alian\u00e7a: O Que a B\u00edblia Revela?"},"content":{"rendered":"<p class=\"wp-block-paragraph\">A Arca da Alian\u00e7a \u00e9 um dos objetos mais misteriosos e sagrados da hist\u00f3ria religiosa, envolta em lendas, mitos e especula\u00e7\u00f5es ao longo dos s\u00e9culos. Mencionada extensivamente na B\u00edblia, especialmente no Antigo Testamento, a Arca desempenhou um papel crucial na f\u00e9 e na cultura judaico-crist\u00e3.&nbsp;<\/p>\n\n\n\n<h2 class=\"wp-block-heading\">Origem e Significado da Arca da Alian\u00e7a<\/h2>\n\n\n\n<p class=\"wp-block-paragraph\">A Arca da Alian\u00e7a, tamb\u00e9m conhecida como Arca da Alian\u00e7a do Senhor, foi constru\u00edda pelos israelitas sob a dire\u00e7\u00e3o de Mois\u00e9s, de acordo com as instru\u00e7\u00f5es divinas recebidas no Monte Sinai. Sua constru\u00e7\u00e3o \u00e9 detalhadamente descrita no livro do \u00caxodo, no Antigo Testamento. Feita de madeira de ac\u00e1cia e revestida de ouro puro por dentro e por fora, a Arca era ornada com querubins, figuras angelicais com asas estendidas, que simbolizavam a presen\u00e7a e a gl\u00f3ria de Deus.<\/p>\n\n\n\n<p class=\"wp-block-paragraph\">O nome &#8220;Arca da Alian\u00e7a&#8221; deriva do pacto, ou alian\u00e7a, que Deus estabeleceu com os israelitas. Segundo a tradi\u00e7\u00e3o judaico-crist\u00e3, essa alian\u00e7a inclu\u00eda os Dez Mandamentos, duas t\u00e1buas de pedra nas quais foram escritos os princ\u00edpios fundamentais da lei divina. Al\u00e9m disso, a Arca tamb\u00e9m abrigava outros objetos sagrados, como o cajado de Ar\u00e3o, o primeiro sumo sacerdote, e uma por\u00e7\u00e3o do man\u00e1, o alimento miraculoso que sustentou os israelitas durante sua jornada pelo deserto.<\/p>\n\n\n\n<h2 class=\"wp-block-heading\">O Papel da Arca na Hist\u00f3ria de Israel<\/h2>\n\n\n\n<p class=\"wp-block-paragraph\">A presen\u00e7a da Arca da Alian\u00e7a entre os israelitas era considerada uma manifesta\u00e7\u00e3o tang\u00edvel da presen\u00e7a divina no meio do povo. Ela era transportada durante as peregrina\u00e7\u00f5es do povo de Israel pelo deserto e, mais tarde, durante a conquista da Terra Prometida. Em momentos de batalha, a Arca era levada \u00e0 frente do ex\u00e9rcito israelita, simbolizando a lideran\u00e7a e a prote\u00e7\u00e3o de Deus.<\/p>\n\n\n\n<p class=\"wp-block-paragraph\">Um dos relatos mais famosos envolvendo a Arca \u00e9 o epis\u00f3dio em que atravessa o rio Jord\u00e3o, permitindo que os israelitas cruzem para entrar na Terra Prometida. Segundo o livro de Josu\u00e9, ao serem os sacerdotes que carregavam a Arca pisarem nas \u00e1guas do rio, estas se dividiram, formando um caminho seco para que o povo passasse.<\/p>\n\n\n\n<figure class=\"wp-block-image size-large\"><img loading=\"lazy\" decoding=\"async\" width=\"1024\" height=\"682\" src=\"https:\/\/www.oracaoefe.com\/wp-content\/uploads\/2024\/04\/image-1024x682.png\" alt=\"\" class=\"wp-image-2790\" srcset=\"https:\/\/www.oracaoefe.com\/wp-content\/uploads\/2024\/04\/image-1024x682.png 1024w, https:\/\/www.oracaoefe.com\/wp-content\/uploads\/2024\/04\/image-300x200.png 300w, https:\/\/www.oracaoefe.com\/wp-content\/uploads\/2024\/04\/image-768x512.png 768w, https:\/\/www.oracaoefe.com\/wp-content\/uploads\/2024\/04\/image-18x12.png 18w, https:\/\/www.oracaoefe.com\/wp-content\/uploads\/2024\/04\/image.png 1280w\" sizes=\"auto, (max-width: 1024px) 100vw, 1024px\" \/><\/figure>\n\n\n\n<h2 class=\"wp-block-heading\">O Desaparecimento da Arca da Alian\u00e7a<\/h2>\n\n\n\n<p class=\"wp-block-paragraph\">Ap\u00f3s a conquista da Terra Prometida, a Arca da Alian\u00e7a foi colocada no Tabern\u00e1culo, o santu\u00e1rio m\u00f3vel dos israelitas, e mais tarde no Templo de Salom\u00e3o, em Jerusal\u00e9m. No entanto, a B\u00edblia n\u00e3o fornece informa\u00e7\u00f5es precisas sobre o destino final da Arca. H\u00e1 v\u00e1rias teorias e especula\u00e7\u00f5es sobre o que pode ter acontecido com ela.<\/p>\n\n\n\n<p class=\"wp-block-paragraph\">Alguns acreditam que a Arca tenha sido destru\u00edda quando os babil\u00f4nios saquearam Jerusal\u00e9m e destru\u00edram o Templo em 586 a.C. Outros especulam que ela tenha sido escondida ou levada para um local desconhecido antes da destrui\u00e7\u00e3o do Templo. O livro ap\u00f3crifo de 2 Macabeus sugere que o profeta Jeremias teria escondido a Arca em uma caverna antes da invas\u00e3o babil\u00f4nica.<\/p>\n\n\n\n<h2 class=\"wp-block-heading\">O Simbolismo da Arca na Tradi\u00e7\u00e3o Judaico-Crist\u00e3<\/h2>\n\n\n\n<p class=\"wp-block-paragraph\">Para os judeus e crist\u00e3os, a Arca da Alian\u00e7a \u00e9 mais do que um simples objeto hist\u00f3rico; \u00e9 um s\u00edmbolo poderoso da presen\u00e7a e da soberania de Deus. Sua constru\u00e7\u00e3o meticulosa, os objetos sagrados que abrigava e os milagres associados a ela a tornaram um \u00edcone da f\u00e9 e da devo\u00e7\u00e3o.<\/p>\n\n\n\n<p class=\"wp-block-paragraph\">Na tradi\u00e7\u00e3o crist\u00e3, a Arca tamb\u00e9m \u00e9 associada \u00e0 Virgem Maria, que \u00e9 frequentemente chamada de &#8220;Arca da Nova Alian\u00e7a&#8221;. Assim como a Arca da Alian\u00e7a continha os Dez Mandamentos, Maria carregava em seu \u00fatero o Verbo Encarnado, Jesus Cristo, a pr\u00f3pria Palavra de Deus.<\/p>\n\n\n\n<h2 class=\"wp-block-heading\">A Busca Cont\u00ednua pela Arca Perdida<\/h2>\n\n\n\n<p class=\"wp-block-paragraph\">Ao longo dos s\u00e9culos, houve in\u00fameras tentativas de localizar a Arca da Alian\u00e7a. Alguns exploradores e arque\u00f3logos afirmam ter encontrado pistas ou evid\u00eancias que indicam sua localiza\u00e7\u00e3o, mas at\u00e9 o momento, nenhuma descoberta foi confirmada como aut\u00eantica.<\/p>\n\n\n\n<p class=\"wp-block-paragraph\">A busca pela Arca da Alian\u00e7a continua a cativar a imagina\u00e7\u00e3o das pessoas, alimentando especula\u00e7\u00f5es e teorias sobre seu paradeiro. Alguns acreditam que ela esteja escondida em algum lugar na Terra Santa, enquanto outros sugerem que tenha sido levada para um local remoto ou at\u00e9 mesmo para o c\u00e9u.<\/p>\n\n\n\n<h2 class=\"wp-block-heading\">O Mist\u00e9rio Permanece<\/h2>\n\n\n\n<p class=\"wp-block-paragraph\">Em suma, a Arca da Alian\u00e7a permanece como um dos maiores mist\u00e9rios da hist\u00f3ria religiosa, envolta em especula\u00e7\u00f5es e lendas. Embora a B\u00edblia forne\u00e7a informa\u00e7\u00f5es importantes sobre sua origem, significado e papel na hist\u00f3ria de Israel, o destino final da Arca continua desconhecido. Seja como um artefato hist\u00f3rico, um s\u00edmbolo de f\u00e9 ou um enigma a ser desvendado, a Arca da Alian\u00e7a continua a exercer um fasc\u00ednio duradouro sobre aqueles que buscam entender os mist\u00e9rios da f\u00e9 e da hist\u00f3ria.<\/p>\n\n\n\n<p class=\"wp-block-paragraph\">Por\u00e9m, independentemente de onde a Arca possa estar, seu verdadeiro significado reside no simbolismo que ela representa &#8211; a presen\u00e7a divina no meio do povo e o pacto eterno entre Deus e seu povo escolhido. Enquanto o mist\u00e9rio da Arca da Alian\u00e7a perdurar, sua import\u00e2ncia espiritual e cultural continuar\u00e1 a inspirar gera\u00e7\u00f5es futuras a explorar os mist\u00e9rios da f\u00e9 e da religi\u00e3o.<\/p>\n\n\n\n<p class=\"wp-block-paragraph\"><strong>Voir aussi\u00a0: <a href=\"https:\/\/www.oracaoefe.com\/fr\/jesus-teria-tido-mais-que-12-apostolos-veja-as-evidencias\/\">Jesus teria tido mais que 12 ap\u00f3stolos; veja as evid\u00eancias<\/a><\/strong><\/p>\n\n\n\n<p class=\"wp-block-paragraph\">21 de abril de 2024<\/p>","protected":false},"excerpt":{"rendered":"<p>A Arca da Alian\u00e7a \u00e9 um dos objetos mais misteriosos e sagrados da hist\u00f3ria religiosa, envolta em lendas, mitos e especula\u00e7\u00f5es ao longo dos s\u00e9culos. Mencionada extensivamente na B\u00edblia, especialmente no Antigo Testamento, a Arca desempenhou um papel crucial na f\u00e9 e na cultura judaico-crist\u00e3.&nbsp; Origem e Significado da Arca da Alian\u00e7a A Arca da&hellip;&nbsp;<\/p>","protected":false},"author":3,"featured_media":2790,"comment_status":"closed","ping_status":"closed","sticky":false,"template":"","format":"standard","meta":{"neve_meta_sidebar":"","neve_meta_container":"","neve_meta_enable_content_width":"","neve_meta_content_width":0,"neve_meta_title_alignment":"","neve_meta_author_avatar":"","neve_post_elements_order":"","neve_meta_disable_header":"","neve_meta_disable_footer":"","neve_meta_disable_title":"","footnotes":""},"categories":[1],"tags":[],"class_list":["post-2782","post","type-post","status-publish","format-standard","has-post-thumbnail","hentry","category-curiosidades"],"yoast_head":"<!-- This site is optimized with the Yoast SEO plugin v28.4 - https:\/\/yoast.com\/product\/yoast-seo-wordpress\/ -->\n<title>Os Mist\u00e9rios da Arca da Alian\u00e7a: O Que a B\u00edblia Revela? - Ora\u00e7\u00e3o e F\u00e9<\/title>\n<meta name=\"description\" content=\"Deus tem pra voc\u00ea uma palavra de vida!\" \/>\n<meta name=\"robots\" content=\"index, follow, max-snippet:-1, max-image-preview:large, max-video-preview:-1\" \/>\n<link rel=\"canonical\" href=\"https:\/\/www.oracaoefe.com\/fr\/os-misterios-da-arca-da-alianca-o-que-a-biblia-revela\/\" \/>\n<meta property=\"og:locale\" content=\"fr_FR\" \/>\n<meta property=\"og:type\" content=\"article\" \/>\n<meta property=\"og:title\" content=\"Os Mist\u00e9rios da Arca da Alian\u00e7a: O Que a B\u00edblia Revela? - Ora\u00e7\u00e3o e F\u00e9\" \/>\n<meta property=\"og:description\" content=\"Deus tem pra voc\u00ea uma palavra de vida!\" \/>\n<meta property=\"og:url\" content=\"https:\/\/www.oracaoefe.com\/fr\/os-misterios-da-arca-da-alianca-o-que-a-biblia-revela\/\" \/>\n<meta property=\"og:site_name\" content=\"Ora\u00e7\u00e3o e F\u00e9\" \/>\n<meta property=\"article:published_time\" content=\"2024-04-21T04:01:00+00:00\" \/>\n<meta property=\"og:image\" content=\"https:\/\/www.oracaoefe.com\/wp-content\/uploads\/2024\/04\/image.png\" \/>\n\t<meta property=\"og:image:width\" content=\"1280\" \/>\n\t<meta property=\"og:image:height\" content=\"853\" \/>\n\t<meta property=\"og:image:type\" content=\"image\/png\" \/>\n<meta name=\"author\" content=\"Michele Azevedo\" \/>\n<meta name=\"twitter:card\" content=\"summary_large_image\" \/>\n<meta name=\"twitter:label1\" content=\"\u00c9crit par\" \/>\n\t<meta name=\"twitter:data1\" content=\"Michele Azevedo\" \/>\n\t<meta name=\"twitter:label2\" content=\"Dur\u00e9e de lecture estim\u00e9e\" \/>\n\t<meta name=\"twitter:data2\" content=\"5 minutes\" \/>\n<script type=\"application\/ld+json\" class=\"yoast-schema-graph\">{\"@context\":\"https:\\\/\\\/schema.org\",\"@graph\":[{\"@type\":\"Article\",\"@id\":\"https:\\\/\\\/www.oracaoefe.com\\\/os-misterios-da-arca-da-alianca-o-que-a-biblia-revela\\\/#article\",\"isPartOf\":{\"@id\":\"https:\\\/\\\/www.oracaoefe.com\\\/os-misterios-da-arca-da-alianca-o-que-a-biblia-revela\\\/\"},\"author\":{\"name\":\"Michele Azevedo\",\"@id\":\"https:\\\/\\\/www.oracaoefe.com\\\/#\\\/schema\\\/person\\\/17283c669442cf005c4d5bb58adfb7f5\"},\"headline\":\"Os Mist\u00e9rios da Arca da Alian\u00e7a: O Que a B\u00edblia Revela?\",\"datePublished\":\"2024-04-21T04:01:00+00:00\",\"mainEntityOfPage\":{\"@id\":\"https:\\\/\\\/www.oracaoefe.com\\\/os-misterios-da-arca-da-alianca-o-que-a-biblia-revela\\\/\"},\"wordCount\":925,\"image\":{\"@id\":\"https:\\\/\\\/www.oracaoefe.com\\\/os-misterios-da-arca-da-alianca-o-que-a-biblia-revela\\\/#primaryimage\"},\"thumbnailUrl\":\"https:\\\/\\\/www.oracaoefe.com\\\/wp-content\\\/uploads\\\/2024\\\/04\\\/image.png\",\"articleSection\":[\"Curiosidades\"],\"inLanguage\":\"fr-FR\"},{\"@type\":\"WebPage\",\"@id\":\"https:\\\/\\\/www.oracaoefe.com\\\/os-misterios-da-arca-da-alianca-o-que-a-biblia-revela\\\/\",\"url\":\"https:\\\/\\\/www.oracaoefe.com\\\/os-misterios-da-arca-da-alianca-o-que-a-biblia-revela\\\/\",\"name\":\"Os Mist\u00e9rios da Arca da Alian\u00e7a: O Que a B\u00edblia Revela? - Ora\u00e7\u00e3o e F\u00e9\",\"isPartOf\":{\"@id\":\"https:\\\/\\\/www.oracaoefe.com\\\/#website\"},\"primaryImageOfPage\":{\"@id\":\"https:\\\/\\\/www.oracaoefe.com\\\/os-misterios-da-arca-da-alianca-o-que-a-biblia-revela\\\/#primaryimage\"},\"image\":{\"@id\":\"https:\\\/\\\/www.oracaoefe.com\\\/os-misterios-da-arca-da-alianca-o-que-a-biblia-revela\\\/#primaryimage\"},\"thumbnailUrl\":\"https:\\\/\\\/www.oracaoefe.com\\\/wp-content\\\/uploads\\\/2024\\\/04\\\/image.png\",\"datePublished\":\"2024-04-21T04:01:00+00:00\",\"author\":{\"@id\":\"https:\\\/\\\/www.oracaoefe.com\\\/#\\\/schema\\\/person\\\/17283c669442cf005c4d5bb58adfb7f5\"},\"description\":\"Deus tem pra voc\u00ea uma palavra de vida!\",\"breadcrumb\":{\"@id\":\"https:\\\/\\\/www.oracaoefe.com\\\/os-misterios-da-arca-da-alianca-o-que-a-biblia-revela\\\/#breadcrumb\"},\"inLanguage\":\"fr-FR\",\"potentialAction\":[{\"@type\":\"ReadAction\",\"target\":[\"https:\\\/\\\/www.oracaoefe.com\\\/os-misterios-da-arca-da-alianca-o-que-a-biblia-revela\\\/\"]}]},{\"@type\":\"ImageObject\",\"inLanguage\":\"fr-FR\",\"@id\":\"https:\\\/\\\/www.oracaoefe.com\\\/os-misterios-da-arca-da-alianca-o-que-a-biblia-revela\\\/#primaryimage\",\"url\":\"https:\\\/\\\/www.oracaoefe.com\\\/wp-content\\\/uploads\\\/2024\\\/04\\\/image.png\",\"contentUrl\":\"https:\\\/\\\/www.oracaoefe.com\\\/wp-content\\\/uploads\\\/2024\\\/04\\\/image.png\",\"width\":1280,\"height\":853},{\"@type\":\"BreadcrumbList\",\"@id\":\"https:\\\/\\\/www.oracaoefe.com\\\/os-misterios-da-arca-da-alianca-o-que-a-biblia-revela\\\/#breadcrumb\",\"itemListElement\":[{\"@type\":\"ListItem\",\"position\":1,\"name\":\"Home\",\"item\":\"https:\\\/\\\/www.oracaoefe.com\\\/\"},{\"@type\":\"ListItem\",\"position\":2,\"name\":\"Curiosidades\",\"item\":\"https:\\\/\\\/www.oracaoefe.com\\\/es\\\/categoria\\\/curiosidades\\\/\"},{\"@type\":\"ListItem\",\"position\":3,\"name\":\"Os Mist\u00e9rios da Arca da Alian\u00e7a: O Que a B\u00edblia Revela?\"}]},{\"@type\":\"WebSite\",\"@id\":\"https:\\\/\\\/www.oracaoefe.com\\\/#website\",\"url\":\"https:\\\/\\\/www.oracaoefe.com\\\/\",\"name\":\"Ora\u00e7\u00e3o e F\u00e9\",\"description\":\"\",\"potentialAction\":[{\"@type\":\"SearchAction\",\"target\":{\"@type\":\"EntryPoint\",\"urlTemplate\":\"https:\\\/\\\/www.oracaoefe.com\\\/?s={search_term_string}\"},\"query-input\":{\"@type\":\"PropertyValueSpecification\",\"valueRequired\":true,\"valueName\":\"search_term_string\"}}],\"inLanguage\":\"fr-FR\"},{\"@type\":\"Person\",\"@id\":\"https:\\\/\\\/www.oracaoefe.com\\\/#\\\/schema\\\/person\\\/17283c669442cf005c4d5bb58adfb7f5\",\"name\":\"Michele Azevedo\",\"image\":{\"@type\":\"ImageObject\",\"inLanguage\":\"fr-FR\",\"@id\":\"https:\\\/\\\/secure.gravatar.com\\\/avatar\\\/6b0eb9d22841282815e2cd856a0061c45e1761cd54b22e952d98c4746939aa85?s=96&d=mm&r=g\",\"url\":\"https:\\\/\\\/secure.gravatar.com\\\/avatar\\\/6b0eb9d22841282815e2cd856a0061c45e1761cd54b22e952d98c4746939aa85?s=96&d=mm&r=g\",\"contentUrl\":\"https:\\\/\\\/secure.gravatar.com\\\/avatar\\\/6b0eb9d22841282815e2cd856a0061c45e1761cd54b22e952d98c4746939aa85?s=96&d=mm&r=g\",\"caption\":\"Michele Azevedo\"},\"description\":\"Formada em Letras - Portugu\u00eas\\\/ Ingl\u00eas pela Universidade Estadual de Ponta Grossa (UEPG), p\u00f3s-graduada em Arte na Educa\u00e7\u00e3o (FAPI) e Psicopedagogia Escolar (FAPI), idealizadora e propriet\u00e1ria do site Escritora de Sucesso, possui experi\u00eancia em escrita para blogs em geral e atua como redatora e revisora dos conte\u00fados do Ora\u00e7\u00e3o e F\u00e9.\",\"url\":\"https:\\\/\\\/www.oracaoefe.com\\\/fr\\\/author\\\/michele-azevedo\\\/\"}]}<\/script>\n<!-- \/ Yoast SEO plugin. -->","yoast_head_json":{"title":"Os Mist\u00e9rios da Arca da Alian\u00e7a: O Que a B\u00edblia Revela? - Ora\u00e7\u00e3o e F\u00e9","description":"Dieu a une parole de vie pour vous !","robots":{"index":"index","follow":"follow","max-snippet":"max-snippet:-1","max-image-preview":"max-image-preview:large","max-video-preview":"max-video-preview:-1"},"canonical":"https:\/\/www.oracaoefe.com\/fr\/os-misterios-da-arca-da-alianca-o-que-a-biblia-revela\/","og_locale":"fr_FR","og_type":"article","og_title":"Os Mist\u00e9rios da Arca da Alian\u00e7a: O Que a B\u00edblia Revela? - Ora\u00e7\u00e3o e F\u00e9","og_description":"Deus tem pra voc\u00ea uma palavra de vida!","og_url":"https:\/\/www.oracaoefe.com\/fr\/os-misterios-da-arca-da-alianca-o-que-a-biblia-revela\/","og_site_name":"Ora\u00e7\u00e3o e F\u00e9","article_published_time":"2024-04-21T04:01:00+00:00","og_image":[{"width":1280,"height":853,"url":"https:\/\/www.oracaoefe.com\/wp-content\/uploads\/2024\/04\/image.png","type":"image\/png"}],"author":"Michele Azevedo","twitter_card":"summary_large_image","twitter_misc":{"\u00c9crit par":"Michele Azevedo","Dur\u00e9e de lecture estim\u00e9e":"5 minutes"},"schema":{"@context":"https:\/\/schema.org","@graph":[{"@type":"Article","@id":"https:\/\/www.oracaoefe.com\/os-misterios-da-arca-da-alianca-o-que-a-biblia-revela\/#article","isPartOf":{"@id":"https:\/\/www.oracaoefe.com\/os-misterios-da-arca-da-alianca-o-que-a-biblia-revela\/"},"author":{"name":"Michele Azevedo","@id":"https:\/\/www.oracaoefe.com\/#\/schema\/person\/17283c669442cf005c4d5bb58adfb7f5"},"headline":"Os Mist\u00e9rios da Arca da Alian\u00e7a: O Que a B\u00edblia Revela?","datePublished":"2024-04-21T04:01:00+00:00","mainEntityOfPage":{"@id":"https:\/\/www.oracaoefe.com\/os-misterios-da-arca-da-alianca-o-que-a-biblia-revela\/"},"wordCount":925,"image":{"@id":"https:\/\/www.oracaoefe.com\/os-misterios-da-arca-da-alianca-o-que-a-biblia-revela\/#primaryimage"},"thumbnailUrl":"https:\/\/www.oracaoefe.com\/wp-content\/uploads\/2024\/04\/image.png","articleSection":["Curiosidades"],"inLanguage":"fr-FR"},{"@type":"WebPage","@id":"https:\/\/www.oracaoefe.com\/os-misterios-da-arca-da-alianca-o-que-a-biblia-revela\/","url":"https:\/\/www.oracaoefe.com\/os-misterios-da-arca-da-alianca-o-que-a-biblia-revela\/","name":"Os Mist\u00e9rios da Arca da Alian\u00e7a: O Que a B\u00edblia Revela? - Ora\u00e7\u00e3o e F\u00e9","isPartOf":{"@id":"https:\/\/www.oracaoefe.com\/#website"},"primaryImageOfPage":{"@id":"https:\/\/www.oracaoefe.com\/os-misterios-da-arca-da-alianca-o-que-a-biblia-revela\/#primaryimage"},"image":{"@id":"https:\/\/www.oracaoefe.com\/os-misterios-da-arca-da-alianca-o-que-a-biblia-revela\/#primaryimage"},"thumbnailUrl":"https:\/\/www.oracaoefe.com\/wp-content\/uploads\/2024\/04\/image.png","datePublished":"2024-04-21T04:01:00+00:00","author":{"@id":"https:\/\/www.oracaoefe.com\/#\/schema\/person\/17283c669442cf005c4d5bb58adfb7f5"},"description":"Dieu a une parole de vie pour vous !","breadcrumb":{"@id":"https:\/\/www.oracaoefe.com\/os-misterios-da-arca-da-alianca-o-que-a-biblia-revela\/#breadcrumb"},"inLanguage":"fr-FR","potentialAction":[{"@type":"ReadAction","target":["https:\/\/www.oracaoefe.com\/os-misterios-da-arca-da-alianca-o-que-a-biblia-revela\/"]}]},{"@type":"ImageObject","inLanguage":"fr-FR","@id":"https:\/\/www.oracaoefe.com\/os-misterios-da-arca-da-alianca-o-que-a-biblia-revela\/#primaryimage","url":"https:\/\/www.oracaoefe.com\/wp-content\/uploads\/2024\/04\/image.png","contentUrl":"https:\/\/www.oracaoefe.com\/wp-content\/uploads\/2024\/04\/image.png","width":1280,"height":853},{"@type":"BreadcrumbList","@id":"https:\/\/www.oracaoefe.com\/os-misterios-da-arca-da-alianca-o-que-a-biblia-revela\/#breadcrumb","itemListElement":[{"@type":"ListItem","position":1,"name":"Home","item":"https:\/\/www.oracaoefe.com\/"},{"@type":"ListItem","position":2,"name":"Curiosidades","item":"https:\/\/www.oracaoefe.com\/es\/categoria\/curiosidades\/"},{"@type":"ListItem","position":3,"name":"Os Mist\u00e9rios da Arca da Alian\u00e7a: O Que a B\u00edblia Revela?"}]},{"@type":"WebSite","@id":"https:\/\/www.oracaoefe.com\/#website","url":"https:\/\/www.oracaoefe.com\/","name":"Pri\u00e8re et foi","description":"","potentialAction":[{"@type":"SearchAction","target":{"@type":"EntryPoint","urlTemplate":"https:\/\/www.oracaoefe.com\/?s={search_term_string}"},"query-input":{"@type":"PropertyValueSpecification","valueRequired":true,"valueName":"search_term_string"}}],"inLanguage":"fr-FR"},{"@type":"Person","@id":"https:\/\/www.oracaoefe.com\/#\/schema\/person\/17283c669442cf005c4d5bb58adfb7f5","name":"Michele Azevedo","image":{"@type":"ImageObject","inLanguage":"fr-FR","@id":"https:\/\/secure.gravatar.com\/avatar\/6b0eb9d22841282815e2cd856a0061c45e1761cd54b22e952d98c4746939aa85?s=96&d=mm&r=g","url":"https:\/\/secure.gravatar.com\/avatar\/6b0eb9d22841282815e2cd856a0061c45e1761cd54b22e952d98c4746939aa85?s=96&d=mm&r=g","contentUrl":"https:\/\/secure.gravatar.com\/avatar\/6b0eb9d22841282815e2cd856a0061c45e1761cd54b22e952d98c4746939aa85?s=96&d=mm&r=g","caption":"Michele Azevedo"},"description":"Dipl\u00f4m\u00e9e en litt\u00e9rature portugaise\/anglaise de l&#039;Universit\u00e9 d&#039;\u00c9tat de Ponta Grossa (UEPG), avec des dipl\u00f4mes de troisi\u00e8me cycle en art dans l&#039;\u00e9ducation (FAPI) et en psychop\u00e9dagogie scolaire (FAPI), elle est la cr\u00e9atrice et propri\u00e9taire du site web Escritora de Sucesso, a de l&#039;exp\u00e9rience dans l&#039;\u00e9criture pour les blogs en g\u00e9n\u00e9ral et travaille comme r\u00e9dactrice et \u00e9ditrice du contenu pour Ora\u00e7\u00e3o e F\u00e9.","url":"https:\/\/www.oracaoefe.com\/fr\/author\/michele-azevedo\/"}]}},"_links":{"self":[{"href":"https:\/\/www.oracaoefe.com\/fr\/wp-json\/wp\/v2\/posts\/2782","targetHints":{"allow":["GET"]}}],"collection":[{"href":"https:\/\/www.oracaoefe.com\/fr\/wp-json\/wp\/v2\/posts"}],"about":[{"href":"https:\/\/www.oracaoefe.com\/fr\/wp-json\/wp\/v2\/types\/post"}],"author":[{"embeddable":true,"href":"https:\/\/www.oracaoefe.com\/fr\/wp-json\/wp\/v2\/users\/3"}],"replies":[{"embeddable":true,"href":"https:\/\/www.oracaoefe.com\/fr\/wp-json\/wp\/v2\/comments?post=2782"}],"version-history":[{"count":2,"href":"https:\/\/www.oracaoefe.com\/fr\/wp-json\/wp\/v2\/posts\/2782\/revisions"}],"predecessor-version":[{"id":2791,"href":"https:\/\/www.oracaoefe.com\/fr\/wp-json\/wp\/v2\/posts\/2782\/revisions\/2791"}],"wp:featuredmedia":[{"embeddable":true,"href":"https:\/\/www.oracaoefe.com\/fr\/wp-json\/wp\/v2\/media\/2790"}],"wp:attachment":[{"href":"https:\/\/www.oracaoefe.com\/fr\/wp-json\/wp\/v2\/media?parent=2782"}],"wp:term":[{"taxonomy":"category","embeddable":true,"href":"https:\/\/www.oracaoefe.com\/fr\/wp-json\/wp\/v2\/categories?post=2782"},{"taxonomy":"post_tag","embeddable":true,"href":"https:\/\/www.oracaoefe.com\/fr\/wp-json\/wp\/v2\/tags?post=2782"}],"curies":[{"name":"wp","href":"https:\/\/api.w.org\/{rel}","templated":true}]}}