{"id":2743,"date":"2024-04-12T01:00:00","date_gmt":"2024-04-12T04:00:00","guid":{"rendered":"https:\/\/www.oracaoefe.com\/?p=2743"},"modified":"2024-03-26T22:52:41","modified_gmt":"2024-03-27T01:52:41","slug":"oracao-para-tirar-ansiedade-e-angustia-3-opcoes-para-orar-com-fe","status":"publish","type":"post","link":"https:\/\/www.oracaoefe.com\/fr\/oracao-para-tirar-ansiedade-e-angustia-3-opcoes-para-orar-com-fe\/","title":{"rendered":"Ora\u00e7\u00e3o para tirar ansiedade e ang\u00fastia: 3 op\u00e7\u00f5es para orar com f\u00e9"},"content":{"rendered":"<p class=\"wp-block-paragraph\">A ansiedade e a ang\u00fastia s\u00e3o sentimentos que podem surgir em diversas situa\u00e7\u00f5es da vida, trazendo desconforto e preocupa\u00e7\u00e3o. Encontrar maneiras de lidar com esses sentimentos \u00e9 essencial para manter a sa\u00fade mental e emocional em equil\u00edbrio. Uma das formas mais poderosas de enfrentar esses desafios \u00e9 por meio da ora\u00e7\u00e3o, que oferece conforto, esperan\u00e7a e paz interior.&nbsp;<\/p>\n\n\n\n<h2 class=\"wp-block-heading\">Ora\u00e7\u00e3o para tirar ansiedade e ang\u00fastia<\/h2>\n\n\n\n<p class=\"wp-block-paragraph\">Nos momentos de ansiedade e ang\u00fastia, \u00e9 natural buscar formas de al\u00edvio e conforto para acalmar a mente e o cora\u00e7\u00e3o. Para muitos, a ora\u00e7\u00e3o se apresenta como uma poderosa ferramenta de conex\u00e3o espiritual e fortalecimento interior. \u00c9 atrav\u00e9s da ora\u00e7\u00e3o que encontramos ref\u00fagio nas palavras sagradas, depositando nossas preocupa\u00e7\u00f5es e medos diante do divino.&nbsp;<\/p>\n\n\n\n<p class=\"wp-block-paragraph\">Neste contexto, as ora\u00e7\u00f5es para tirar ansiedade e ang\u00fastia assumem um papel fundamental, oferecendo n\u00e3o apenas consolo imediato, mas tamb\u00e9m esperan\u00e7a e renovada confian\u00e7a no amparo divino.<\/p>\n\n\n\n<figure class=\"wp-block-image size-large\"><img loading=\"lazy\" decoding=\"async\" width=\"1024\" height=\"682\" src=\"https:\/\/www.oracaoefe.com\/wp-content\/uploads\/2024\/03\/image-8-1024x682.png\" alt=\"\" class=\"wp-image-2759\" srcset=\"https:\/\/www.oracaoefe.com\/wp-content\/uploads\/2024\/03\/image-8-1024x682.png 1024w, https:\/\/www.oracaoefe.com\/wp-content\/uploads\/2024\/03\/image-8-300x200.png 300w, https:\/\/www.oracaoefe.com\/wp-content\/uploads\/2024\/03\/image-8-768x512.png 768w, https:\/\/www.oracaoefe.com\/wp-content\/uploads\/2024\/03\/image-8-18x12.png 18w, https:\/\/www.oracaoefe.com\/wp-content\/uploads\/2024\/03\/image-8.png 1280w\" sizes=\"auto, (max-width: 1024px) 100vw, 1024px\" \/><\/figure>\n\n\n\n<h3 class=\"wp-block-heading\">1. Ora\u00e7\u00e3o pela Paz Interior<\/h3>\n\n\n\n<p class=\"wp-block-paragraph\"><em>Senhor, em meio \u00e0 turbul\u00eancia da vida,<\/em><\/p>\n\n\n\n<p class=\"wp-block-paragraph\"><em>Eu busco a calma que s\u00f3 Tu podes oferecer.<\/em><\/p>\n\n\n\n<p class=\"wp-block-paragraph\"><em>Envolva-me com Teu manto de paz,<\/em><\/p>\n\n\n\n<p class=\"wp-block-paragraph\"><em>E acalme esta tempestade que habita em mim.<\/em><\/p>\n\n\n\n<p class=\"wp-block-paragraph\"><em>D\u00e1-me for\u00e7a para enfrentar cada desafio,<\/em><\/p>\n\n\n\n<p class=\"wp-block-paragraph\"><em>E sabedoria para encontrar o caminho certo.<\/em><\/p>\n\n\n\n<p class=\"wp-block-paragraph\"><em>Que Tua presen\u00e7a seja meu ref\u00fagio seguro,<\/em><\/p>\n\n\n\n<p class=\"wp-block-paragraph\"><em>E que em Ti eu encontre descanso para minha alma.<\/em><\/p>\n\n\n\n<p class=\"wp-block-paragraph\"><em>Que Tua paz que ultrapassa todo entendimento<\/em><\/p>\n\n\n\n<p class=\"wp-block-paragraph\"><em>Seja o b\u00e1lsamo que cura minha ansiedade.<\/em><\/p>\n\n\n\n<p class=\"wp-block-paragraph\"><em>Confio em Ti, Senhor, para trazer serenidade<\/em><\/p>\n\n\n\n<p class=\"wp-block-paragraph\"><em>\u00c0 minha mente agitada e meu cora\u00e7\u00e3o aflito.<\/em><\/p>\n\n\n\n<h3 class=\"wp-block-heading\">2. Ora\u00e7\u00e3o da Confian\u00e7a<\/h3>\n\n\n\n<p class=\"wp-block-paragraph\"><em>Deus misericordioso, em quem deposito minha confian\u00e7a,<\/em><\/p>\n\n\n\n<p class=\"wp-block-paragraph\"><em>Pe\u00e7o que fortale\u00e7as minha f\u00e9 e esperan\u00e7a.<\/em><\/p>\n\n\n\n<p class=\"wp-block-paragraph\"><em>Ajuda-me a entregar minhas preocupa\u00e7\u00f5es em Tuas m\u00e3os,<\/em><\/p>\n\n\n\n<p class=\"wp-block-paragraph\"><em>Sabendo que cuidas de mim com amor infinito.<\/em><\/p>\n\n\n\n<p class=\"wp-block-paragraph\"><em>D\u00e1-me coragem para enfrentar os desafios que surgem,<\/em><\/p>\n\n\n\n<p class=\"wp-block-paragraph\"><em>E f\u00e9 para acreditar que tudo acontece segundo Teu plano.<\/em><\/p>\n\n\n\n<p class=\"wp-block-paragraph\"><em>Que eu possa descansar na certeza de Tua provid\u00eancia,<\/em><\/p>\n\n\n\n<p class=\"wp-block-paragraph\"><em>E encontrar conforto na confian\u00e7a de Tua presen\u00e7a constante.<\/em><\/p>\n\n\n\n<p class=\"wp-block-paragraph\"><em>Que minha f\u00e9 em Ti seja maior que meus medos,<\/em><\/p>\n\n\n\n<p class=\"wp-block-paragraph\"><em>E que Tua luz dissipe toda escurid\u00e3o que me cerca.<\/em><\/p>\n\n\n\n<p class=\"wp-block-paragraph\"><em>Confio em Ti, Senhor, para guiar meus passos<\/em><\/p>\n\n\n\n<p class=\"wp-block-paragraph\"><em>E trazer paz ao meu cora\u00e7\u00e3o perturbado.<\/em><\/p>\n\n\n\n<h3 class=\"wp-block-heading\">3. Ora\u00e7\u00e3o de Entrega<\/h3>\n\n\n\n<p class=\"wp-block-paragraph\"><em>Pai celestial, em Ti encontro ref\u00fagio e seguran\u00e7a.<\/em><\/p>\n\n\n\n<p class=\"wp-block-paragraph\"><em>Entrego a Ti todas as minhas ansiedades e ang\u00fastias,<\/em><\/p>\n\n\n\n<p class=\"wp-block-paragraph\"><em>Sabendo que Tu \u00e9s capaz de carregar meu fardo.<\/em><\/p>\n\n\n\n<p class=\"wp-block-paragraph\"><em>Ajuda-me a soltar o controle e confiar em Teu cuidado,<\/em><\/p>\n\n\n\n<p class=\"wp-block-paragraph\"><em>Conceda-me a serenidade para aceitar o que n\u00e3o posso mudar.<\/em><\/p>\n\n\n\n<p class=\"wp-block-paragraph\"><em>Que minha entrega seja um ato de f\u00e9 e rendi\u00e7\u00e3o,<\/em><\/p>\n\n\n\n<p class=\"wp-block-paragraph\"><em>E que Tua gra\u00e7a me sustente em todos os momentos.<\/em><\/p>\n\n\n\n<p class=\"wp-block-paragraph\"><em>Que minha confian\u00e7a em Ti seja inabal\u00e1vel,<\/em><\/p>\n\n\n\n<p class=\"wp-block-paragraph\"><em>E que eu encontre consolo em Tua presen\u00e7a constante.<\/em><\/p>\n\n\n\n<p class=\"wp-block-paragraph\"><em>Amen.<\/em><\/p>\n\n\n\n<h2 class=\"wp-block-heading\">Como a ora\u00e7\u00e3o pode tirar a ansiedade e ang\u00fastia<\/h2>\n\n\n\n<p class=\"wp-block-paragraph\">A ora\u00e7\u00e3o pode tirar a ansiedade de v\u00e1rias maneiras, oferecendo uma abordagem hol\u00edstica para enfrentar esse desafio emocional. Veja algumas maneiras pelas quais a ora\u00e7\u00e3o pode ajudar a aliviar a ansiedade:<\/p>\n\n\n\n<h3 class=\"wp-block-heading\">Centramento e Foco<\/h3>\n\n\n\n<p class=\"wp-block-paragraph\">A ora\u00e7\u00e3o proporciona um momento de pausa e reflex\u00e3o, permitindo que a mente se acalme e se concentre no presente. Ao direcionar nossos pensamentos e preocupa\u00e7\u00f5es para o divino, somos capazes de liberar a tens\u00e3o mental e emocional que contribui para a ansiedade.<\/p>\n\n\n\n<h3 class=\"wp-block-heading\">Express\u00e3o de Emo\u00e7\u00f5es<\/h3>\n\n\n\n<p class=\"wp-block-paragraph\">A ora\u00e7\u00e3o oferece um espa\u00e7o seguro para expressar nossas emo\u00e7\u00f5es mais profundas, incluindo medos, preocupa\u00e7\u00f5es e ang\u00fastias. Ao verbalizar nossos sentimentos perante o divino, podemos experimentar um senso de al\u00edvio e libera\u00e7\u00e3o emocional, reduzindo a carga da ansiedade.<\/p>\n\n\n\n<h3 class=\"wp-block-heading\">Conex\u00e3o Espiritual<\/h3>\n\n\n\n<p class=\"wp-block-paragraph\">A ora\u00e7\u00e3o fortalece nossa conex\u00e3o espiritual e nos lembra que n\u00e3o estamos sozinhos em nossas lutas. Ao nos voltarmos para uma fonte de amor e apoio maior do que n\u00f3s mesmos, encontramos conforto na cren\u00e7a de que somos amados e cuidados, independentemente das circunst\u00e2ncias.<\/p>\n\n\n\n<h2 class=\"wp-block-heading\">Ore para curar a ansiedade e ang\u00fastia<\/h2>\n\n\n\n<p class=\"wp-block-paragraph\">Enfrentar a ansiedade e a ang\u00fastia pode ser um desafio, mas n\u00e3o estamos sozinhos em nossa jornada. A ora\u00e7\u00e3o \u00e9 uma ferramenta poderosa que nos conecta ao divino, oferecendo conforto, esperan\u00e7a e for\u00e7a para superar as dificuldades.&nbsp;<\/p>\n\n\n\n<p class=\"wp-block-paragraph\">Ao recorrer a ora\u00e7\u00f5es como a da Serenidade, da Gratid\u00e3o e pela Paz Interior, podemos encontrar al\u00edvio para a alma e renovar nossa f\u00e9 no poder que est\u00e1 al\u00e9m de n\u00f3s mesmos. Que essas ora\u00e7\u00f5es sejam um guia para enfrentar os momentos de ang\u00fastia, trazendo serenidade, gratid\u00e3o e paz interior para nossas vidas.<\/p>\n\n\n\n<p class=\"wp-block-paragraph\"><strong>Voir aussi\u00a0: <a href=\"https:\/\/www.oracaoefe.com\/fr\/orar-pode-mudar-tudo-entenda-as-razoes-desse-fato\/\">Orar pode mudar tudo; entenda as raz\u00f5es desse fato<\/a><\/strong><\/p>\n\n\n\n<p class=\"wp-block-paragraph\">12 de abril de 2024<\/p>","protected":false},"excerpt":{"rendered":"<p>A ansiedade e a ang\u00fastia s\u00e3o sentimentos que podem surgir em diversas situa\u00e7\u00f5es da vida, trazendo desconforto e preocupa\u00e7\u00e3o. Encontrar maneiras de lidar com esses sentimentos \u00e9 essencial para manter a sa\u00fade mental e emocional em equil\u00edbrio. Uma das formas mais poderosas de enfrentar esses desafios \u00e9 por meio da ora\u00e7\u00e3o, que oferece conforto, esperan\u00e7a&hellip;&nbsp;<\/p>","protected":false},"author":3,"featured_media":2759,"comment_status":"closed","ping_status":"closed","sticky":false,"template":"","format":"standard","meta":{"neve_meta_sidebar":"","neve_meta_container":"","neve_meta_enable_content_width":"","neve_meta_content_width":0,"neve_meta_title_alignment":"","neve_meta_author_avatar":"","neve_post_elements_order":"","neve_meta_disable_header":"","neve_meta_disable_footer":"","neve_meta_disable_title":"","footnotes":""},"categories":[2],"tags":[],"class_list":["post-2743","post","type-post","status-publish","format-standard","has-post-thumbnail","hentry","category-oracao"],"yoast_head":"<!-- This site is optimized with the Yoast SEO plugin v28.4 - https:\/\/yoast.com\/product\/yoast-seo-wordpress\/ -->\n<title>Ora\u00e7\u00e3o para tirar ansiedade e ang\u00fastia: 3 op\u00e7\u00f5es para orar com f\u00e9 - Ora\u00e7\u00e3o e F\u00e9<\/title>\n<meta name=\"description\" content=\"Deus tem pra voc\u00ea uma palavra de vida!\" \/>\n<meta name=\"robots\" content=\"index, follow, max-snippet:-1, max-image-preview:large, max-video-preview:-1\" \/>\n<link rel=\"canonical\" href=\"https:\/\/www.oracaoefe.com\/fr\/oracao-para-tirar-ansiedade-e-angustia-3-opcoes-para-orar-com-fe\/\" \/>\n<meta property=\"og:locale\" content=\"fr_FR\" \/>\n<meta property=\"og:type\" content=\"article\" \/>\n<meta property=\"og:title\" content=\"Ora\u00e7\u00e3o para tirar ansiedade e ang\u00fastia: 3 op\u00e7\u00f5es para orar com f\u00e9 - Ora\u00e7\u00e3o e F\u00e9\" \/>\n<meta property=\"og:description\" content=\"Deus tem pra voc\u00ea uma palavra de vida!\" \/>\n<meta property=\"og:url\" content=\"https:\/\/www.oracaoefe.com\/fr\/oracao-para-tirar-ansiedade-e-angustia-3-opcoes-para-orar-com-fe\/\" \/>\n<meta property=\"og:site_name\" content=\"Ora\u00e7\u00e3o e F\u00e9\" \/>\n<meta property=\"article:published_time\" content=\"2024-04-12T04:00:00+00:00\" \/>\n<meta property=\"og:image\" content=\"https:\/\/www.oracaoefe.com\/wp-content\/uploads\/2024\/03\/image-8.png\" \/>\n\t<meta property=\"og:image:width\" content=\"1280\" \/>\n\t<meta property=\"og:image:height\" content=\"853\" \/>\n\t<meta property=\"og:image:type\" content=\"image\/png\" \/>\n<meta name=\"author\" content=\"Michele Azevedo\" \/>\n<meta name=\"twitter:card\" content=\"summary_large_image\" \/>\n<meta name=\"twitter:label1\" content=\"\u00c9crit par\" \/>\n\t<meta name=\"twitter:data1\" content=\"Michele Azevedo\" \/>\n\t<meta name=\"twitter:label2\" content=\"Dur\u00e9e de lecture estim\u00e9e\" \/>\n\t<meta name=\"twitter:data2\" content=\"4 minutes\" \/>\n<script type=\"application\/ld+json\" class=\"yoast-schema-graph\">{\"@context\":\"https:\\\/\\\/schema.org\",\"@graph\":[{\"@type\":\"Article\",\"@id\":\"https:\\\/\\\/www.oracaoefe.com\\\/oracao-para-tirar-ansiedade-e-angustia-3-opcoes-para-orar-com-fe\\\/#article\",\"isPartOf\":{\"@id\":\"https:\\\/\\\/www.oracaoefe.com\\\/oracao-para-tirar-ansiedade-e-angustia-3-opcoes-para-orar-com-fe\\\/\"},\"author\":{\"name\":\"Michele Azevedo\",\"@id\":\"https:\\\/\\\/www.oracaoefe.com\\\/#\\\/schema\\\/person\\\/17283c669442cf005c4d5bb58adfb7f5\"},\"headline\":\"Ora\u00e7\u00e3o para tirar ansiedade e ang\u00fastia: 3 op\u00e7\u00f5es para orar com f\u00e9\",\"datePublished\":\"2024-04-12T04:00:00+00:00\",\"mainEntityOfPage\":{\"@id\":\"https:\\\/\\\/www.oracaoefe.com\\\/oracao-para-tirar-ansiedade-e-angustia-3-opcoes-para-orar-com-fe\\\/\"},\"wordCount\":823,\"image\":{\"@id\":\"https:\\\/\\\/www.oracaoefe.com\\\/oracao-para-tirar-ansiedade-e-angustia-3-opcoes-para-orar-com-fe\\\/#primaryimage\"},\"thumbnailUrl\":\"https:\\\/\\\/www.oracaoefe.com\\\/wp-content\\\/uploads\\\/2024\\\/03\\\/image-8.png\",\"articleSection\":[\"Ora\u00e7\u00e3o\"],\"inLanguage\":\"fr-FR\"},{\"@type\":\"WebPage\",\"@id\":\"https:\\\/\\\/www.oracaoefe.com\\\/oracao-para-tirar-ansiedade-e-angustia-3-opcoes-para-orar-com-fe\\\/\",\"url\":\"https:\\\/\\\/www.oracaoefe.com\\\/oracao-para-tirar-ansiedade-e-angustia-3-opcoes-para-orar-com-fe\\\/\",\"name\":\"Ora\u00e7\u00e3o para tirar ansiedade e ang\u00fastia: 3 op\u00e7\u00f5es para orar com f\u00e9 - Ora\u00e7\u00e3o e F\u00e9\",\"isPartOf\":{\"@id\":\"https:\\\/\\\/www.oracaoefe.com\\\/#website\"},\"primaryImageOfPage\":{\"@id\":\"https:\\\/\\\/www.oracaoefe.com\\\/oracao-para-tirar-ansiedade-e-angustia-3-opcoes-para-orar-com-fe\\\/#primaryimage\"},\"image\":{\"@id\":\"https:\\\/\\\/www.oracaoefe.com\\\/oracao-para-tirar-ansiedade-e-angustia-3-opcoes-para-orar-com-fe\\\/#primaryimage\"},\"thumbnailUrl\":\"https:\\\/\\\/www.oracaoefe.com\\\/wp-content\\\/uploads\\\/2024\\\/03\\\/image-8.png\",\"datePublished\":\"2024-04-12T04:00:00+00:00\",\"author\":{\"@id\":\"https:\\\/\\\/www.oracaoefe.com\\\/#\\\/schema\\\/person\\\/17283c669442cf005c4d5bb58adfb7f5\"},\"description\":\"Deus tem pra voc\u00ea uma palavra de vida!\",\"breadcrumb\":{\"@id\":\"https:\\\/\\\/www.oracaoefe.com\\\/oracao-para-tirar-ansiedade-e-angustia-3-opcoes-para-orar-com-fe\\\/#breadcrumb\"},\"inLanguage\":\"fr-FR\",\"potentialAction\":[{\"@type\":\"ReadAction\",\"target\":[\"https:\\\/\\\/www.oracaoefe.com\\\/oracao-para-tirar-ansiedade-e-angustia-3-opcoes-para-orar-com-fe\\\/\"]}]},{\"@type\":\"ImageObject\",\"inLanguage\":\"fr-FR\",\"@id\":\"https:\\\/\\\/www.oracaoefe.com\\\/oracao-para-tirar-ansiedade-e-angustia-3-opcoes-para-orar-com-fe\\\/#primaryimage\",\"url\":\"https:\\\/\\\/www.oracaoefe.com\\\/wp-content\\\/uploads\\\/2024\\\/03\\\/image-8.png\",\"contentUrl\":\"https:\\\/\\\/www.oracaoefe.com\\\/wp-content\\\/uploads\\\/2024\\\/03\\\/image-8.png\",\"width\":1280,\"height\":853},{\"@type\":\"BreadcrumbList\",\"@id\":\"https:\\\/\\\/www.oracaoefe.com\\\/oracao-para-tirar-ansiedade-e-angustia-3-opcoes-para-orar-com-fe\\\/#breadcrumb\",\"itemListElement\":[{\"@type\":\"ListItem\",\"position\":1,\"name\":\"Home\",\"item\":\"https:\\\/\\\/www.oracaoefe.com\\\/\"},{\"@type\":\"ListItem\",\"position\":2,\"name\":\"Ora\u00e7\u00e3o\",\"item\":\"https:\\\/\\\/www.oracaoefe.com\\\/category\\\/oracao\\\/\"},{\"@type\":\"ListItem\",\"position\":3,\"name\":\"Ora\u00e7\u00e3o para tirar ansiedade e ang\u00fastia: 3 op\u00e7\u00f5es para orar com f\u00e9\"}]},{\"@type\":\"WebSite\",\"@id\":\"https:\\\/\\\/www.oracaoefe.com\\\/#website\",\"url\":\"https:\\\/\\\/www.oracaoefe.com\\\/\",\"name\":\"Ora\u00e7\u00e3o e F\u00e9\",\"description\":\"\",\"potentialAction\":[{\"@type\":\"SearchAction\",\"target\":{\"@type\":\"EntryPoint\",\"urlTemplate\":\"https:\\\/\\\/www.oracaoefe.com\\\/?s={search_term_string}\"},\"query-input\":{\"@type\":\"PropertyValueSpecification\",\"valueRequired\":true,\"valueName\":\"search_term_string\"}}],\"inLanguage\":\"fr-FR\"},{\"@type\":\"Person\",\"@id\":\"https:\\\/\\\/www.oracaoefe.com\\\/#\\\/schema\\\/person\\\/17283c669442cf005c4d5bb58adfb7f5\",\"name\":\"Michele Azevedo\",\"image\":{\"@type\":\"ImageObject\",\"inLanguage\":\"fr-FR\",\"@id\":\"https:\\\/\\\/secure.gravatar.com\\\/avatar\\\/6b0eb9d22841282815e2cd856a0061c45e1761cd54b22e952d98c4746939aa85?s=96&d=mm&r=g\",\"url\":\"https:\\\/\\\/secure.gravatar.com\\\/avatar\\\/6b0eb9d22841282815e2cd856a0061c45e1761cd54b22e952d98c4746939aa85?s=96&d=mm&r=g\",\"contentUrl\":\"https:\\\/\\\/secure.gravatar.com\\\/avatar\\\/6b0eb9d22841282815e2cd856a0061c45e1761cd54b22e952d98c4746939aa85?s=96&d=mm&r=g\",\"caption\":\"Michele Azevedo\"},\"description\":\"Formada em Letras - Portugu\u00eas\\\/ Ingl\u00eas pela Universidade Estadual de Ponta Grossa (UEPG), p\u00f3s-graduada em Arte na Educa\u00e7\u00e3o (FAPI) e Psicopedagogia Escolar (FAPI), idealizadora e propriet\u00e1ria do site Escritora de Sucesso, possui experi\u00eancia em escrita para blogs em geral e atua como redatora e revisora dos conte\u00fados do Ora\u00e7\u00e3o e F\u00e9.\",\"url\":\"https:\\\/\\\/www.oracaoefe.com\\\/fr\\\/author\\\/michele-azevedo\\\/\"}]}<\/script>\n<!-- \/ Yoast SEO plugin. -->","yoast_head_json":{"title":"Ora\u00e7\u00e3o para tirar ansiedade e ang\u00fastia: 3 op\u00e7\u00f5es para orar com f\u00e9 - Ora\u00e7\u00e3o e F\u00e9","description":"Dieu a une parole de vie pour vous !","robots":{"index":"index","follow":"follow","max-snippet":"max-snippet:-1","max-image-preview":"max-image-preview:large","max-video-preview":"max-video-preview:-1"},"canonical":"https:\/\/www.oracaoefe.com\/fr\/oracao-para-tirar-ansiedade-e-angustia-3-opcoes-para-orar-com-fe\/","og_locale":"fr_FR","og_type":"article","og_title":"Ora\u00e7\u00e3o para tirar ansiedade e ang\u00fastia: 3 op\u00e7\u00f5es para orar com f\u00e9 - Ora\u00e7\u00e3o e F\u00e9","og_description":"Deus tem pra voc\u00ea uma palavra de vida!","og_url":"https:\/\/www.oracaoefe.com\/fr\/oracao-para-tirar-ansiedade-e-angustia-3-opcoes-para-orar-com-fe\/","og_site_name":"Ora\u00e7\u00e3o e F\u00e9","article_published_time":"2024-04-12T04:00:00+00:00","og_image":[{"width":1280,"height":853,"url":"https:\/\/www.oracaoefe.com\/wp-content\/uploads\/2024\/03\/image-8.png","type":"image\/png"}],"author":"Michele Azevedo","twitter_card":"summary_large_image","twitter_misc":{"\u00c9crit par":"Michele Azevedo","Dur\u00e9e de lecture estim\u00e9e":"4 minutes"},"schema":{"@context":"https:\/\/schema.org","@graph":[{"@type":"Article","@id":"https:\/\/www.oracaoefe.com\/oracao-para-tirar-ansiedade-e-angustia-3-opcoes-para-orar-com-fe\/#article","isPartOf":{"@id":"https:\/\/www.oracaoefe.com\/oracao-para-tirar-ansiedade-e-angustia-3-opcoes-para-orar-com-fe\/"},"author":{"name":"Michele Azevedo","@id":"https:\/\/www.oracaoefe.com\/#\/schema\/person\/17283c669442cf005c4d5bb58adfb7f5"},"headline":"Ora\u00e7\u00e3o para tirar ansiedade e ang\u00fastia: 3 op\u00e7\u00f5es para orar com f\u00e9","datePublished":"2024-04-12T04:00:00+00:00","mainEntityOfPage":{"@id":"https:\/\/www.oracaoefe.com\/oracao-para-tirar-ansiedade-e-angustia-3-opcoes-para-orar-com-fe\/"},"wordCount":823,"image":{"@id":"https:\/\/www.oracaoefe.com\/oracao-para-tirar-ansiedade-e-angustia-3-opcoes-para-orar-com-fe\/#primaryimage"},"thumbnailUrl":"https:\/\/www.oracaoefe.com\/wp-content\/uploads\/2024\/03\/image-8.png","articleSection":["Ora\u00e7\u00e3o"],"inLanguage":"fr-FR"},{"@type":"WebPage","@id":"https:\/\/www.oracaoefe.com\/oracao-para-tirar-ansiedade-e-angustia-3-opcoes-para-orar-com-fe\/","url":"https:\/\/www.oracaoefe.com\/oracao-para-tirar-ansiedade-e-angustia-3-opcoes-para-orar-com-fe\/","name":"Ora\u00e7\u00e3o para tirar ansiedade e ang\u00fastia: 3 op\u00e7\u00f5es para orar com f\u00e9 - Ora\u00e7\u00e3o e F\u00e9","isPartOf":{"@id":"https:\/\/www.oracaoefe.com\/#website"},"primaryImageOfPage":{"@id":"https:\/\/www.oracaoefe.com\/oracao-para-tirar-ansiedade-e-angustia-3-opcoes-para-orar-com-fe\/#primaryimage"},"image":{"@id":"https:\/\/www.oracaoefe.com\/oracao-para-tirar-ansiedade-e-angustia-3-opcoes-para-orar-com-fe\/#primaryimage"},"thumbnailUrl":"https:\/\/www.oracaoefe.com\/wp-content\/uploads\/2024\/03\/image-8.png","datePublished":"2024-04-12T04:00:00+00:00","author":{"@id":"https:\/\/www.oracaoefe.com\/#\/schema\/person\/17283c669442cf005c4d5bb58adfb7f5"},"description":"Dieu a une parole de vie pour vous !","breadcrumb":{"@id":"https:\/\/www.oracaoefe.com\/oracao-para-tirar-ansiedade-e-angustia-3-opcoes-para-orar-com-fe\/#breadcrumb"},"inLanguage":"fr-FR","potentialAction":[{"@type":"ReadAction","target":["https:\/\/www.oracaoefe.com\/oracao-para-tirar-ansiedade-e-angustia-3-opcoes-para-orar-com-fe\/"]}]},{"@type":"ImageObject","inLanguage":"fr-FR","@id":"https:\/\/www.oracaoefe.com\/oracao-para-tirar-ansiedade-e-angustia-3-opcoes-para-orar-com-fe\/#primaryimage","url":"https:\/\/www.oracaoefe.com\/wp-content\/uploads\/2024\/03\/image-8.png","contentUrl":"https:\/\/www.oracaoefe.com\/wp-content\/uploads\/2024\/03\/image-8.png","width":1280,"height":853},{"@type":"BreadcrumbList","@id":"https:\/\/www.oracaoefe.com\/oracao-para-tirar-ansiedade-e-angustia-3-opcoes-para-orar-com-fe\/#breadcrumb","itemListElement":[{"@type":"ListItem","position":1,"name":"Home","item":"https:\/\/www.oracaoefe.com\/"},{"@type":"ListItem","position":2,"name":"Ora\u00e7\u00e3o","item":"https:\/\/www.oracaoefe.com\/category\/oracao\/"},{"@type":"ListItem","position":3,"name":"Ora\u00e7\u00e3o para tirar ansiedade e ang\u00fastia: 3 op\u00e7\u00f5es para orar com f\u00e9"}]},{"@type":"WebSite","@id":"https:\/\/www.oracaoefe.com\/#website","url":"https:\/\/www.oracaoefe.com\/","name":"Pri\u00e8re et foi","description":"","potentialAction":[{"@type":"SearchAction","target":{"@type":"EntryPoint","urlTemplate":"https:\/\/www.oracaoefe.com\/?s={search_term_string}"},"query-input":{"@type":"PropertyValueSpecification","valueRequired":true,"valueName":"search_term_string"}}],"inLanguage":"fr-FR"},{"@type":"Person","@id":"https:\/\/www.oracaoefe.com\/#\/schema\/person\/17283c669442cf005c4d5bb58adfb7f5","name":"Michele Azevedo","image":{"@type":"ImageObject","inLanguage":"fr-FR","@id":"https:\/\/secure.gravatar.com\/avatar\/6b0eb9d22841282815e2cd856a0061c45e1761cd54b22e952d98c4746939aa85?s=96&d=mm&r=g","url":"https:\/\/secure.gravatar.com\/avatar\/6b0eb9d22841282815e2cd856a0061c45e1761cd54b22e952d98c4746939aa85?s=96&d=mm&r=g","contentUrl":"https:\/\/secure.gravatar.com\/avatar\/6b0eb9d22841282815e2cd856a0061c45e1761cd54b22e952d98c4746939aa85?s=96&d=mm&r=g","caption":"Michele Azevedo"},"description":"Dipl\u00f4m\u00e9e en litt\u00e9rature portugaise\/anglaise de l&#039;Universit\u00e9 d&#039;\u00c9tat de Ponta Grossa (UEPG), avec des dipl\u00f4mes de troisi\u00e8me cycle en art dans l&#039;\u00e9ducation (FAPI) et en psychop\u00e9dagogie scolaire (FAPI), elle est la cr\u00e9atrice et propri\u00e9taire du site web Escritora de Sucesso, a de l&#039;exp\u00e9rience dans l&#039;\u00e9criture pour les blogs en g\u00e9n\u00e9ral et travaille comme r\u00e9dactrice et \u00e9ditrice du contenu pour Ora\u00e7\u00e3o e F\u00e9.","url":"https:\/\/www.oracaoefe.com\/fr\/author\/michele-azevedo\/"}]}},"_links":{"self":[{"href":"https:\/\/www.oracaoefe.com\/fr\/wp-json\/wp\/v2\/posts\/2743","targetHints":{"allow":["GET"]}}],"collection":[{"href":"https:\/\/www.oracaoefe.com\/fr\/wp-json\/wp\/v2\/posts"}],"about":[{"href":"https:\/\/www.oracaoefe.com\/fr\/wp-json\/wp\/v2\/types\/post"}],"author":[{"embeddable":true,"href":"https:\/\/www.oracaoefe.com\/fr\/wp-json\/wp\/v2\/users\/3"}],"replies":[{"embeddable":true,"href":"https:\/\/www.oracaoefe.com\/fr\/wp-json\/wp\/v2\/comments?post=2743"}],"version-history":[{"count":2,"href":"https:\/\/www.oracaoefe.com\/fr\/wp-json\/wp\/v2\/posts\/2743\/revisions"}],"predecessor-version":[{"id":2760,"href":"https:\/\/www.oracaoefe.com\/fr\/wp-json\/wp\/v2\/posts\/2743\/revisions\/2760"}],"wp:featuredmedia":[{"embeddable":true,"href":"https:\/\/www.oracaoefe.com\/fr\/wp-json\/wp\/v2\/media\/2759"}],"wp:attachment":[{"href":"https:\/\/www.oracaoefe.com\/fr\/wp-json\/wp\/v2\/media?parent=2743"}],"wp:term":[{"taxonomy":"category","embeddable":true,"href":"https:\/\/www.oracaoefe.com\/fr\/wp-json\/wp\/v2\/categories?post=2743"},{"taxonomy":"post_tag","embeddable":true,"href":"https:\/\/www.oracaoefe.com\/fr\/wp-json\/wp\/v2\/tags?post=2743"}],"curies":[{"name":"wp","href":"https:\/\/api.w.org\/{rel}","templated":true}]}}