{"id":2741,"date":"2024-04-09T01:00:00","date_gmt":"2024-04-09T04:00:00","guid":{"rendered":"https:\/\/www.oracaoefe.com\/?p=2741"},"modified":"2024-03-26T22:51:42","modified_gmt":"2024-03-27T01:51:42","slug":"o-que-significa-o-domingo-para-os-cristaos","status":"publish","type":"post","link":"https:\/\/www.oracaoefe.com\/fr\/o-que-significa-o-domingo-para-os-cristaos\/","title":{"rendered":"O que significa o domingo para os crist\u00e3os?"},"content":{"rendered":"<p class=\"wp-block-paragraph\">Para os seguidores do cristianismo ao redor do mundo, o domingo \u00e9 um dia significativo e especial. \u00c9 um dia reservado para a adora\u00e7\u00e3o, reflex\u00e3o e comunh\u00e3o com Deus e com a comunidade de f\u00e9.&nbsp;<\/p>\n\n\n\n<h2 class=\"wp-block-heading\">Origem Hist\u00f3rica do Domingo Crist\u00e3o<\/h2>\n\n\n\n<p class=\"wp-block-paragraph\">O domingo tem suas ra\u00edzes na tradi\u00e7\u00e3o judaica, onde o s\u00e1bado era o dia sagrado reservado para o descanso e a adora\u00e7\u00e3o a Deus. No entanto, para os crist\u00e3os, o domingo assumiu um significado especial em comemora\u00e7\u00e3o \u00e0 ressurrei\u00e7\u00e3o de Jesus Cristo. De acordo com os relatos b\u00edblicos, Jesus ressuscitou dos mortos no primeiro dia da semana, que agora \u00e9 conhecido como domingo.<\/p>\n\n\n\n<p class=\"wp-block-paragraph\">Desde os primeiros s\u00e9culos do cristianismo, os seguidores de Jesus come\u00e7aram a se reunir aos domingos para celebrar a ressurrei\u00e7\u00e3o e participar da Eucaristia, tamb\u00e9m conhecida como Santa Ceia. Essas reuni\u00f5es eram uma express\u00e3o de f\u00e9 na vit\u00f3ria de Cristo sobre a morte e uma oportunidade para os crist\u00e3os se fortalecerem na f\u00e9 e se encorajarem mutuamente.<\/p>\n\n\n\n<h2 class=\"wp-block-heading\">Significado Espiritual do Domingo<\/h2>\n\n\n\n<p class=\"wp-block-paragraph\">Para os crist\u00e3os, o domingo \u00e9 mais do que apenas um dia de descanso. \u00c9 um momento para renovar o relacionamento com Deus e com a comunidade de f\u00e9. Durante o culto de domingo, os crentes participam de ora\u00e7\u00f5es, louvores, leitura da B\u00edblia e ensinamentos, buscando uma conex\u00e3o mais profunda com o divino e um entendimento mais claro de sua f\u00e9.<\/p>\n\n\n\n<p class=\"wp-block-paragraph\">Al\u00e9m disso, o domingo \u00e9 visto como um dia de descanso espiritual, onde os crist\u00e3os s\u00e3o convidados a deixar de lado as preocupa\u00e7\u00f5es do mundo e se concentrar nas coisas que realmente importam, como a busca pela santidade e a pr\u00e1tica do amor ao pr\u00f3ximo.<\/p>\n\n\n\n<h2 class=\"wp-block-heading\">Celebra\u00e7\u00e3o do Domingo nas Diferentes Tradi\u00e7\u00f5es Crist\u00e3s<\/h2>\n\n\n\n<p class=\"wp-block-paragraph\">Embora o domingo seja universalmente reconhecido como o dia principal de culto para os crist\u00e3os, as diferentes tradi\u00e7\u00f5es dentro do cristianismo t\u00eam maneiras \u00fanicas de celebr\u00e1-lo.<\/p>\n\n\n\n<figure class=\"wp-block-image size-large\"><img loading=\"lazy\" decoding=\"async\" width=\"1024\" height=\"596\" src=\"https:\/\/www.oracaoefe.com\/wp-content\/uploads\/2024\/03\/image-7-1024x596.png\" alt=\"\" class=\"wp-image-2757\" srcset=\"https:\/\/www.oracaoefe.com\/wp-content\/uploads\/2024\/03\/image-7-1024x596.png 1024w, https:\/\/www.oracaoefe.com\/wp-content\/uploads\/2024\/03\/image-7-300x175.png 300w, https:\/\/www.oracaoefe.com\/wp-content\/uploads\/2024\/03\/image-7-768x447.png 768w, https:\/\/www.oracaoefe.com\/wp-content\/uploads\/2024\/03\/image-7-18x10.png 18w, https:\/\/www.oracaoefe.com\/wp-content\/uploads\/2024\/03\/image-7.png 1280w\" sizes=\"auto, (max-width: 1024px) 100vw, 1024px\" \/><\/figure>\n\n\n\n<p class=\"wp-block-paragraph\">Na tradi\u00e7\u00e3o cat\u00f3lica, o domingo \u00e9 marcado pela Missa dominical, onde os fi\u00e9is se re\u00fanem para participar da Eucaristia, ou seja, a celebra\u00e7\u00e3o do corpo e do sangue de Cristo. A Missa \u00e9 uma parte central da vida espiritual cat\u00f3lica e \u00e9 vista como uma obriga\u00e7\u00e3o para os cat\u00f3licos praticantes.<\/p>\n\n\n\n<p class=\"wp-block-paragraph\">Nas igrejas protestantes, a adora\u00e7\u00e3o de domingo pode variar de acordo com a denomina\u00e7\u00e3o. Algumas igrejas protestantes seguem uma estrutura lit\u00fargica semelhante \u00e0 cat\u00f3lica, com \u00eanfase na prega\u00e7\u00e3o da Palavra de Deus e na participa\u00e7\u00e3o na Santa Ceia. Outras igrejas protestantes adotam uma abordagem mais informal, com servi\u00e7os de adora\u00e7\u00e3o contempor\u00e2neos que incluem m\u00fasica, testemunhos e ensinamentos pr\u00e1ticos da B\u00edblia.<\/p>\n\n\n\n<p class=\"wp-block-paragraph\">Al\u00e9m disso, algumas tradi\u00e7\u00f5es crist\u00e3s, como os Adventistas do S\u00e9timo Dia, observam o s\u00e1bado como o dia sagrado de descanso e adora\u00e7\u00e3o, em conformidade com a tradi\u00e7\u00e3o judaica.<\/p>\n\n\n\n<h2 class=\"wp-block-heading\">Import\u00e2ncia Social e Cultural do Domingo<\/h2>\n\n\n\n<p class=\"wp-block-paragraph\">Al\u00e9m de seu significado espiritual, o domingo tamb\u00e9m desempenha um papel importante na vida social e cultural de muitas comunidades crist\u00e3s. \u00c9 um dia em que as fam\u00edlias se re\u00fanem para compartilhar refei\u00e7\u00f5es, participar de atividades recreativas e passar tempo de qualidade juntas. Para muitos, o domingo \u00e9 um dia de descanso do trabalho e das responsabilidades do dia a dia, permitindo que as pessoas recarreguem suas energias f\u00edsicas, emocionais e espirituais.<\/p>\n\n\n\n<p class=\"wp-block-paragraph\">Al\u00e9m disso, o domingo tamb\u00e9m \u00e9 frequentemente associado a eventos comunit\u00e1rios e atividades de servi\u00e7o, como projetos de ajuda aos necessitados e visitas a institui\u00e7\u00f5es de caridade. Essas atividades refletem o mandamento crist\u00e3o de amar ao pr\u00f3ximo e demonstram o compromisso dos crist\u00e3os em fazer a diferen\u00e7a em suas comunidades.<\/p>\n\n\n\n<h2 class=\"wp-block-heading\">Um significado espiritual<\/h2>\n\n\n\n<p class=\"wp-block-paragraph\">O domingo \u00e9 um dia de profundo significado espiritual para os crist\u00e3os, marcado pela celebra\u00e7\u00e3o da ressurrei\u00e7\u00e3o de Jesus Cristo e pela adora\u00e7\u00e3o a Deus. \u00c9 um momento para renovar a f\u00e9, fortalecer os la\u00e7os de comunidade e buscar uma vida de santidade e servi\u00e7o.&nbsp;<\/p>\n\n\n\n<p class=\"wp-block-paragraph\">Embora as pr\u00e1ticas de adora\u00e7\u00e3o possam variar entre as diferentes tradi\u00e7\u00f5es crist\u00e3s, o domingo continua sendo um dia sagrado e especial para todos os seguidores de Jesus ao redor do mundo.<\/p>\n\n\n\n<p class=\"wp-block-paragraph\"><strong>Voir aussi\u00a0: <a href=\"https:\/\/www.oracaoefe.com\/fr\/orar-pode-mudar-tudo-entenda-as-razoes-desse-fato\/\">Orar pode mudar tudo; entenda as raz\u00f5es desse fato<\/a><\/strong><\/p>\n\n\n\n<p class=\"wp-block-paragraph\">9 de abril de 2024<\/p>","protected":false},"excerpt":{"rendered":"<p>Para os seguidores do cristianismo ao redor do mundo, o domingo \u00e9 um dia significativo e especial. \u00c9 um dia reservado para a adora\u00e7\u00e3o, reflex\u00e3o e comunh\u00e3o com Deus e com a comunidade de f\u00e9.&nbsp; Origem Hist\u00f3rica do Domingo Crist\u00e3o O domingo tem suas ra\u00edzes na tradi\u00e7\u00e3o judaica, onde o s\u00e1bado era o dia sagrado&hellip;&nbsp;<\/p>","protected":false},"author":3,"featured_media":2757,"comment_status":"closed","ping_status":"closed","sticky":false,"template":"","format":"standard","meta":{"neve_meta_sidebar":"","neve_meta_container":"","neve_meta_enable_content_width":"","neve_meta_content_width":0,"neve_meta_title_alignment":"","neve_meta_author_avatar":"","neve_post_elements_order":"","neve_meta_disable_header":"","neve_meta_disable_footer":"","neve_meta_disable_title":"","footnotes":""},"categories":[4],"tags":[],"class_list":["post-2741","post","type-post","status-publish","format-standard","has-post-thumbnail","hentry","category-fique-por-dentro"],"yoast_head":"<!-- This site is optimized with the Yoast SEO plugin v28.4 - https:\/\/yoast.com\/product\/yoast-seo-wordpress\/ -->\n<title>O que significa o domingo para os crist\u00e3os? - Ora\u00e7\u00e3o e F\u00e9<\/title>\n<meta name=\"description\" content=\"Deus tem pra voc\u00ea uma palavra de vida!\" \/>\n<meta name=\"robots\" content=\"index, follow, max-snippet:-1, max-image-preview:large, max-video-preview:-1\" \/>\n<link rel=\"canonical\" href=\"https:\/\/www.oracaoefe.com\/fr\/o-que-significa-o-domingo-para-os-cristaos\/\" \/>\n<meta property=\"og:locale\" content=\"fr_FR\" \/>\n<meta property=\"og:type\" content=\"article\" \/>\n<meta property=\"og:title\" content=\"O que significa o domingo para os crist\u00e3os? - Ora\u00e7\u00e3o e F\u00e9\" \/>\n<meta property=\"og:description\" content=\"Deus tem pra voc\u00ea uma palavra de vida!\" \/>\n<meta property=\"og:url\" content=\"https:\/\/www.oracaoefe.com\/fr\/o-que-significa-o-domingo-para-os-cristaos\/\" \/>\n<meta property=\"og:site_name\" content=\"Ora\u00e7\u00e3o e F\u00e9\" \/>\n<meta property=\"article:published_time\" content=\"2024-04-09T04:00:00+00:00\" \/>\n<meta property=\"og:image\" content=\"https:\/\/www.oracaoefe.com\/wp-content\/uploads\/2024\/03\/image-7.png\" \/>\n\t<meta property=\"og:image:width\" content=\"1280\" \/>\n\t<meta property=\"og:image:height\" content=\"745\" \/>\n\t<meta property=\"og:image:type\" content=\"image\/png\" \/>\n<meta name=\"author\" content=\"Michele Azevedo\" \/>\n<meta name=\"twitter:card\" content=\"summary_large_image\" \/>\n<meta name=\"twitter:label1\" content=\"\u00c9crit par\" \/>\n\t<meta name=\"twitter:data1\" content=\"Michele Azevedo\" \/>\n\t<meta name=\"twitter:label2\" content=\"Dur\u00e9e de lecture estim\u00e9e\" \/>\n\t<meta name=\"twitter:data2\" content=\"4 minutes\" \/>\n<script type=\"application\/ld+json\" class=\"yoast-schema-graph\">{\"@context\":\"https:\\\/\\\/schema.org\",\"@graph\":[{\"@type\":\"Article\",\"@id\":\"https:\\\/\\\/www.oracaoefe.com\\\/o-que-significa-o-domingo-para-os-cristaos\\\/#article\",\"isPartOf\":{\"@id\":\"https:\\\/\\\/www.oracaoefe.com\\\/o-que-significa-o-domingo-para-os-cristaos\\\/\"},\"author\":{\"name\":\"Michele Azevedo\",\"@id\":\"https:\\\/\\\/www.oracaoefe.com\\\/#\\\/schema\\\/person\\\/17283c669442cf005c4d5bb58adfb7f5\"},\"headline\":\"O que significa o domingo para os crist\u00e3os?\",\"datePublished\":\"2024-04-09T04:00:00+00:00\",\"mainEntityOfPage\":{\"@id\":\"https:\\\/\\\/www.oracaoefe.com\\\/o-que-significa-o-domingo-para-os-cristaos\\\/\"},\"wordCount\":751,\"image\":{\"@id\":\"https:\\\/\\\/www.oracaoefe.com\\\/o-que-significa-o-domingo-para-os-cristaos\\\/#primaryimage\"},\"thumbnailUrl\":\"https:\\\/\\\/www.oracaoefe.com\\\/wp-content\\\/uploads\\\/2024\\\/03\\\/image-7.png\",\"articleSection\":[\"Fique por Dentro\"],\"inLanguage\":\"fr-FR\"},{\"@type\":\"WebPage\",\"@id\":\"https:\\\/\\\/www.oracaoefe.com\\\/o-que-significa-o-domingo-para-os-cristaos\\\/\",\"url\":\"https:\\\/\\\/www.oracaoefe.com\\\/o-que-significa-o-domingo-para-os-cristaos\\\/\",\"name\":\"O que significa o domingo para os crist\u00e3os? - Ora\u00e7\u00e3o e F\u00e9\",\"isPartOf\":{\"@id\":\"https:\\\/\\\/www.oracaoefe.com\\\/#website\"},\"primaryImageOfPage\":{\"@id\":\"https:\\\/\\\/www.oracaoefe.com\\\/o-que-significa-o-domingo-para-os-cristaos\\\/#primaryimage\"},\"image\":{\"@id\":\"https:\\\/\\\/www.oracaoefe.com\\\/o-que-significa-o-domingo-para-os-cristaos\\\/#primaryimage\"},\"thumbnailUrl\":\"https:\\\/\\\/www.oracaoefe.com\\\/wp-content\\\/uploads\\\/2024\\\/03\\\/image-7.png\",\"datePublished\":\"2024-04-09T04:00:00+00:00\",\"author\":{\"@id\":\"https:\\\/\\\/www.oracaoefe.com\\\/#\\\/schema\\\/person\\\/17283c669442cf005c4d5bb58adfb7f5\"},\"description\":\"Deus tem pra voc\u00ea uma palavra de vida!\",\"breadcrumb\":{\"@id\":\"https:\\\/\\\/www.oracaoefe.com\\\/o-que-significa-o-domingo-para-os-cristaos\\\/#breadcrumb\"},\"inLanguage\":\"fr-FR\",\"potentialAction\":[{\"@type\":\"ReadAction\",\"target\":[\"https:\\\/\\\/www.oracaoefe.com\\\/o-que-significa-o-domingo-para-os-cristaos\\\/\"]}]},{\"@type\":\"ImageObject\",\"inLanguage\":\"fr-FR\",\"@id\":\"https:\\\/\\\/www.oracaoefe.com\\\/o-que-significa-o-domingo-para-os-cristaos\\\/#primaryimage\",\"url\":\"https:\\\/\\\/www.oracaoefe.com\\\/wp-content\\\/uploads\\\/2024\\\/03\\\/image-7.png\",\"contentUrl\":\"https:\\\/\\\/www.oracaoefe.com\\\/wp-content\\\/uploads\\\/2024\\\/03\\\/image-7.png\",\"width\":1280,\"height\":745},{\"@type\":\"BreadcrumbList\",\"@id\":\"https:\\\/\\\/www.oracaoefe.com\\\/o-que-significa-o-domingo-para-os-cristaos\\\/#breadcrumb\",\"itemListElement\":[{\"@type\":\"ListItem\",\"position\":1,\"name\":\"Home\",\"item\":\"https:\\\/\\\/www.oracaoefe.com\\\/\"},{\"@type\":\"ListItem\",\"position\":2,\"name\":\"Fique por Dentro\",\"item\":\"https:\\\/\\\/www.oracaoefe.com\\\/category\\\/fique-por-dentro\\\/\"},{\"@type\":\"ListItem\",\"position\":3,\"name\":\"O que significa o domingo para os crist\u00e3os?\"}]},{\"@type\":\"WebSite\",\"@id\":\"https:\\\/\\\/www.oracaoefe.com\\\/#website\",\"url\":\"https:\\\/\\\/www.oracaoefe.com\\\/\",\"name\":\"Ora\u00e7\u00e3o e F\u00e9\",\"description\":\"\",\"potentialAction\":[{\"@type\":\"SearchAction\",\"target\":{\"@type\":\"EntryPoint\",\"urlTemplate\":\"https:\\\/\\\/www.oracaoefe.com\\\/?s={search_term_string}\"},\"query-input\":{\"@type\":\"PropertyValueSpecification\",\"valueRequired\":true,\"valueName\":\"search_term_string\"}}],\"inLanguage\":\"fr-FR\"},{\"@type\":\"Person\",\"@id\":\"https:\\\/\\\/www.oracaoefe.com\\\/#\\\/schema\\\/person\\\/17283c669442cf005c4d5bb58adfb7f5\",\"name\":\"Michele Azevedo\",\"image\":{\"@type\":\"ImageObject\",\"inLanguage\":\"fr-FR\",\"@id\":\"https:\\\/\\\/secure.gravatar.com\\\/avatar\\\/6b0eb9d22841282815e2cd856a0061c45e1761cd54b22e952d98c4746939aa85?s=96&d=mm&r=g\",\"url\":\"https:\\\/\\\/secure.gravatar.com\\\/avatar\\\/6b0eb9d22841282815e2cd856a0061c45e1761cd54b22e952d98c4746939aa85?s=96&d=mm&r=g\",\"contentUrl\":\"https:\\\/\\\/secure.gravatar.com\\\/avatar\\\/6b0eb9d22841282815e2cd856a0061c45e1761cd54b22e952d98c4746939aa85?s=96&d=mm&r=g\",\"caption\":\"Michele Azevedo\"},\"description\":\"Formada em Letras - Portugu\u00eas\\\/ Ingl\u00eas pela Universidade Estadual de Ponta Grossa (UEPG), p\u00f3s-graduada em Arte na Educa\u00e7\u00e3o (FAPI) e Psicopedagogia Escolar (FAPI), idealizadora e propriet\u00e1ria do site Escritora de Sucesso, possui experi\u00eancia em escrita para blogs em geral e atua como redatora e revisora dos conte\u00fados do Ora\u00e7\u00e3o e F\u00e9.\",\"url\":\"https:\\\/\\\/www.oracaoefe.com\\\/fr\\\/author\\\/michele-azevedo\\\/\"}]}<\/script>\n<!-- \/ Yoast SEO plugin. -->","yoast_head_json":{"title":"O que significa o domingo para os crist\u00e3os? - Ora\u00e7\u00e3o e F\u00e9","description":"Dieu a une parole de vie pour vous !","robots":{"index":"index","follow":"follow","max-snippet":"max-snippet:-1","max-image-preview":"max-image-preview:large","max-video-preview":"max-video-preview:-1"},"canonical":"https:\/\/www.oracaoefe.com\/fr\/o-que-significa-o-domingo-para-os-cristaos\/","og_locale":"fr_FR","og_type":"article","og_title":"O que significa o domingo para os crist\u00e3os? - Ora\u00e7\u00e3o e F\u00e9","og_description":"Deus tem pra voc\u00ea uma palavra de vida!","og_url":"https:\/\/www.oracaoefe.com\/fr\/o-que-significa-o-domingo-para-os-cristaos\/","og_site_name":"Ora\u00e7\u00e3o e F\u00e9","article_published_time":"2024-04-09T04:00:00+00:00","og_image":[{"width":1280,"height":745,"url":"https:\/\/www.oracaoefe.com\/wp-content\/uploads\/2024\/03\/image-7.png","type":"image\/png"}],"author":"Michele Azevedo","twitter_card":"summary_large_image","twitter_misc":{"\u00c9crit par":"Michele Azevedo","Dur\u00e9e de lecture estim\u00e9e":"4 minutes"},"schema":{"@context":"https:\/\/schema.org","@graph":[{"@type":"Article","@id":"https:\/\/www.oracaoefe.com\/o-que-significa-o-domingo-para-os-cristaos\/#article","isPartOf":{"@id":"https:\/\/www.oracaoefe.com\/o-que-significa-o-domingo-para-os-cristaos\/"},"author":{"name":"Michele Azevedo","@id":"https:\/\/www.oracaoefe.com\/#\/schema\/person\/17283c669442cf005c4d5bb58adfb7f5"},"headline":"O que significa o domingo para os crist\u00e3os?","datePublished":"2024-04-09T04:00:00+00:00","mainEntityOfPage":{"@id":"https:\/\/www.oracaoefe.com\/o-que-significa-o-domingo-para-os-cristaos\/"},"wordCount":751,"image":{"@id":"https:\/\/www.oracaoefe.com\/o-que-significa-o-domingo-para-os-cristaos\/#primaryimage"},"thumbnailUrl":"https:\/\/www.oracaoefe.com\/wp-content\/uploads\/2024\/03\/image-7.png","articleSection":["Fique por Dentro"],"inLanguage":"fr-FR"},{"@type":"WebPage","@id":"https:\/\/www.oracaoefe.com\/o-que-significa-o-domingo-para-os-cristaos\/","url":"https:\/\/www.oracaoefe.com\/o-que-significa-o-domingo-para-os-cristaos\/","name":"O que significa o domingo para os crist\u00e3os? - Ora\u00e7\u00e3o e F\u00e9","isPartOf":{"@id":"https:\/\/www.oracaoefe.com\/#website"},"primaryImageOfPage":{"@id":"https:\/\/www.oracaoefe.com\/o-que-significa-o-domingo-para-os-cristaos\/#primaryimage"},"image":{"@id":"https:\/\/www.oracaoefe.com\/o-que-significa-o-domingo-para-os-cristaos\/#primaryimage"},"thumbnailUrl":"https:\/\/www.oracaoefe.com\/wp-content\/uploads\/2024\/03\/image-7.png","datePublished":"2024-04-09T04:00:00+00:00","author":{"@id":"https:\/\/www.oracaoefe.com\/#\/schema\/person\/17283c669442cf005c4d5bb58adfb7f5"},"description":"Dieu a une parole de vie pour vous !","breadcrumb":{"@id":"https:\/\/www.oracaoefe.com\/o-que-significa-o-domingo-para-os-cristaos\/#breadcrumb"},"inLanguage":"fr-FR","potentialAction":[{"@type":"ReadAction","target":["https:\/\/www.oracaoefe.com\/o-que-significa-o-domingo-para-os-cristaos\/"]}]},{"@type":"ImageObject","inLanguage":"fr-FR","@id":"https:\/\/www.oracaoefe.com\/o-que-significa-o-domingo-para-os-cristaos\/#primaryimage","url":"https:\/\/www.oracaoefe.com\/wp-content\/uploads\/2024\/03\/image-7.png","contentUrl":"https:\/\/www.oracaoefe.com\/wp-content\/uploads\/2024\/03\/image-7.png","width":1280,"height":745},{"@type":"BreadcrumbList","@id":"https:\/\/www.oracaoefe.com\/o-que-significa-o-domingo-para-os-cristaos\/#breadcrumb","itemListElement":[{"@type":"ListItem","position":1,"name":"Home","item":"https:\/\/www.oracaoefe.com\/"},{"@type":"ListItem","position":2,"name":"Fique por Dentro","item":"https:\/\/www.oracaoefe.com\/category\/fique-por-dentro\/"},{"@type":"ListItem","position":3,"name":"O que significa o domingo para os crist\u00e3os?"}]},{"@type":"WebSite","@id":"https:\/\/www.oracaoefe.com\/#website","url":"https:\/\/www.oracaoefe.com\/","name":"Pri\u00e8re et foi","description":"","potentialAction":[{"@type":"SearchAction","target":{"@type":"EntryPoint","urlTemplate":"https:\/\/www.oracaoefe.com\/?s={search_term_string}"},"query-input":{"@type":"PropertyValueSpecification","valueRequired":true,"valueName":"search_term_string"}}],"inLanguage":"fr-FR"},{"@type":"Person","@id":"https:\/\/www.oracaoefe.com\/#\/schema\/person\/17283c669442cf005c4d5bb58adfb7f5","name":"Michele Azevedo","image":{"@type":"ImageObject","inLanguage":"fr-FR","@id":"https:\/\/secure.gravatar.com\/avatar\/6b0eb9d22841282815e2cd856a0061c45e1761cd54b22e952d98c4746939aa85?s=96&d=mm&r=g","url":"https:\/\/secure.gravatar.com\/avatar\/6b0eb9d22841282815e2cd856a0061c45e1761cd54b22e952d98c4746939aa85?s=96&d=mm&r=g","contentUrl":"https:\/\/secure.gravatar.com\/avatar\/6b0eb9d22841282815e2cd856a0061c45e1761cd54b22e952d98c4746939aa85?s=96&d=mm&r=g","caption":"Michele Azevedo"},"description":"Dipl\u00f4m\u00e9e en litt\u00e9rature portugaise\/anglaise de l&#039;Universit\u00e9 d&#039;\u00c9tat de Ponta Grossa (UEPG), avec des dipl\u00f4mes de troisi\u00e8me cycle en art dans l&#039;\u00e9ducation (FAPI) et en psychop\u00e9dagogie scolaire (FAPI), elle est la cr\u00e9atrice et propri\u00e9taire du site web Escritora de Sucesso, a de l&#039;exp\u00e9rience dans l&#039;\u00e9criture pour les blogs en g\u00e9n\u00e9ral et travaille comme r\u00e9dactrice et \u00e9ditrice du contenu pour Ora\u00e7\u00e3o e F\u00e9.","url":"https:\/\/www.oracaoefe.com\/fr\/author\/michele-azevedo\/"}]}},"_links":{"self":[{"href":"https:\/\/www.oracaoefe.com\/fr\/wp-json\/wp\/v2\/posts\/2741","targetHints":{"allow":["GET"]}}],"collection":[{"href":"https:\/\/www.oracaoefe.com\/fr\/wp-json\/wp\/v2\/posts"}],"about":[{"href":"https:\/\/www.oracaoefe.com\/fr\/wp-json\/wp\/v2\/types\/post"}],"author":[{"embeddable":true,"href":"https:\/\/www.oracaoefe.com\/fr\/wp-json\/wp\/v2\/users\/3"}],"replies":[{"embeddable":true,"href":"https:\/\/www.oracaoefe.com\/fr\/wp-json\/wp\/v2\/comments?post=2741"}],"version-history":[{"count":2,"href":"https:\/\/www.oracaoefe.com\/fr\/wp-json\/wp\/v2\/posts\/2741\/revisions"}],"predecessor-version":[{"id":2758,"href":"https:\/\/www.oracaoefe.com\/fr\/wp-json\/wp\/v2\/posts\/2741\/revisions\/2758"}],"wp:featuredmedia":[{"embeddable":true,"href":"https:\/\/www.oracaoefe.com\/fr\/wp-json\/wp\/v2\/media\/2757"}],"wp:attachment":[{"href":"https:\/\/www.oracaoefe.com\/fr\/wp-json\/wp\/v2\/media?parent=2741"}],"wp:term":[{"taxonomy":"category","embeddable":true,"href":"https:\/\/www.oracaoefe.com\/fr\/wp-json\/wp\/v2\/categories?post=2741"},{"taxonomy":"post_tag","embeddable":true,"href":"https:\/\/www.oracaoefe.com\/fr\/wp-json\/wp\/v2\/tags?post=2741"}],"curies":[{"name":"wp","href":"https:\/\/api.w.org\/{rel}","templated":true}]}}