{"id":2739,"date":"2024-04-06T01:00:00","date_gmt":"2024-04-06T04:00:00","guid":{"rendered":"https:\/\/www.oracaoefe.com\/?p=2739"},"modified":"2024-03-26T22:50:10","modified_gmt":"2024-03-27T01:50:10","slug":"o-que-e-amar-ao-proximo-como-a-ti-mesmo","status":"publish","type":"post","link":"https:\/\/www.oracaoefe.com\/fr\/o-que-e-amar-ao-proximo-como-a-ti-mesmo\/","title":{"rendered":"O que \u00e9 amar ao pr\u00f3ximo como a ti mesmo?"},"content":{"rendered":"<p class=\"wp-block-paragraph\">O mandamento de amar ao pr\u00f3ximo como a si mesmo \u00e9 uma m\u00e1xima que transcende fronteiras religiosas e culturais. Encontrado em diversas tradi\u00e7\u00f5es espirituais e \u00e9ticas ao redor do mundo, esse princ\u00edpio fundamental ressoa atrav\u00e9s dos s\u00e9culos como um lembrete poderoso da import\u00e2ncia da empatia e compaix\u00e3o em nossas vidas.&nbsp;<\/p>\n\n\n\n<h2 class=\"wp-block-heading\">O Significado Profundo<\/h2>\n\n\n\n<p class=\"wp-block-paragraph\">A frase &#8220;amar ao pr\u00f3ximo como a ti mesmo&#8221; pode parecer simples \u00e0 primeira vista, mas seu significado \u00e9 profundo e multifacetado. Em sua ess\u00eancia, esse mandamento nos chama a tratar os outros com a mesma considera\u00e7\u00e3o, respeito e bondade com que tratamos a n\u00f3s mesmos.&nbsp;<\/p>\n\n\n\n<p class=\"wp-block-paragraph\">Ele nos lembra que todos os seres humanos t\u00eam valor intr\u00ednseco e merecem ser tratados com dignidade, independentemente de suas diferen\u00e7as de ra\u00e7a, religi\u00e3o, cultura ou status social.<\/p>\n\n\n\n<h2 class=\"wp-block-heading\">Empatia e Compaix\u00e3o<\/h2>\n\n\n\n<p class=\"wp-block-paragraph\">Uma das chaves para entender e praticar o mandamento de amar ao pr\u00f3ximo como a si mesmo \u00e9 cultivar a empatia e a compaix\u00e3o. Empatia envolve a capacidade de se colocar no lugar do outro, de entender seus sentimentos, pensamentos e experi\u00eancias. Compaix\u00e3o, por sua vez, \u00e9 a vontade de agir para aliviar o sofrimento dos outros.<\/p>\n\n\n\n<p class=\"wp-block-paragraph\">Quando cultivamos empatia e compaix\u00e3o, somos capazes de ver al\u00e9m das diferen\u00e7as superficiais que nos separam e reconhecer nossa humanidade compartilhada. Isso nos capacita a agir de maneira compassiva em rela\u00e7\u00e3o aos outros, oferecendo apoio, assist\u00eancia e amor incondicional.<\/p>\n\n\n\n<figure class=\"wp-block-image size-large\"><img loading=\"lazy\" decoding=\"async\" width=\"1024\" height=\"714\" src=\"https:\/\/www.oracaoefe.com\/wp-content\/uploads\/2024\/03\/image-6-1024x714.png\" alt=\"\" class=\"wp-image-2755\" srcset=\"https:\/\/www.oracaoefe.com\/wp-content\/uploads\/2024\/03\/image-6-1024x714.png 1024w, https:\/\/www.oracaoefe.com\/wp-content\/uploads\/2024\/03\/image-6-300x209.png 300w, https:\/\/www.oracaoefe.com\/wp-content\/uploads\/2024\/03\/image-6-768x536.png 768w, https:\/\/www.oracaoefe.com\/wp-content\/uploads\/2024\/03\/image-6-18x12.png 18w, https:\/\/www.oracaoefe.com\/wp-content\/uploads\/2024\/03\/image-6.png 1280w\" sizes=\"auto, (max-width: 1024px) 100vw, 1024px\" \/><\/figure>\n\n\n\n<h2 class=\"wp-block-heading\">Praticando o Amor ao Pr\u00f3ximo<\/h2>\n\n\n\n<p class=\"wp-block-paragraph\">Praticar o amor ao pr\u00f3ximo como a si mesmo n\u00e3o \u00e9 apenas uma quest\u00e3o de sentimentos, mas tamb\u00e9m de a\u00e7\u00f5es concretas. Isso pode incluir coisas simples, como sorrir para um estranho na rua, ouvir atentamente um amigo que est\u00e1 passando por um momento dif\u00edcil, ou oferecer ajuda a algu\u00e9m que est\u00e1 em necessidade.<\/p>\n\n\n\n<p class=\"wp-block-paragraph\">No entanto, tamb\u00e9m envolve desafios mais profundos, como perdoar aqueles que nos magoaram, resistir \u00e0 tenta\u00e7\u00e3o de julgar os outros com base em preconceitos ou estere\u00f3tipos, e trabalhar ativamente para promover a justi\u00e7a e a igualdade em nossa sociedade.<\/p>\n\n\n\n<h2 class=\"wp-block-heading\">Barreiras para o Amor ao Pr\u00f3ximo<\/h2>\n\n\n\n<p class=\"wp-block-paragraph\">Embora o mandamento de amar ao pr\u00f3ximo como a si mesmo seja uma aspira\u00e7\u00e3o nobre, tamb\u00e9m enfrentamos muitas barreiras que podem nos impedir de viv\u00ea-lo plenamente. O ego\u00edsmo, o medo, o preconceito e a indiferen\u00e7a s\u00e3o apenas algumas das for\u00e7as que podem nos impedir de nos conectarmos verdadeiramente com os outros e de agir em seu benef\u00edcio.<\/p>\n\n\n\n<p class=\"wp-block-paragraph\">Al\u00e9m disso, vivemos em um mundo marcado por divis\u00f5es e conflitos, onde o \u00f3dio e a intoler\u00e2ncia muitas vezes parecem prevalecer sobre o amor e a compaix\u00e3o. Superar essas barreiras requer um compromisso cont\u00ednuo e corajoso de nos desafiarmos e de trabalharmos para construir pontes de entendimento e reconcilia\u00e7\u00e3o.<\/p>\n\n\n\n<h2 class=\"wp-block-heading\">Benef\u00edcios do Amor ao Pr\u00f3ximo<\/h2>\n\n\n\n<p class=\"wp-block-paragraph\">Embora praticar o amor ao pr\u00f3ximo como a si mesmo possa ser desafiador, os benef\u00edcios tanto para o indiv\u00edduo quanto para a sociedade como um todo s\u00e3o imensur\u00e1veis. Quando cultivamos relacionamentos baseados no respeito m\u00fatuo, na empatia e na compaix\u00e3o, experimentamos uma maior satisfa\u00e7\u00e3o e sentido de conex\u00e3o em nossas vidas.<\/p>\n\n\n\n<p class=\"wp-block-paragraph\">Al\u00e9m disso, o amor ao pr\u00f3ximo tem o poder de transformar comunidades e sociedades inteiras, promovendo a paz, a justi\u00e7a e a harmonia. Quando nos comprometemos a tratar os outros com bondade e compaix\u00e3o, estamos contribuindo para a cria\u00e7\u00e3o de um mundo mais justo e compassivo para todos.<\/p>\n\n\n\n<h2 class=\"wp-block-heading\">Um princ\u00edpio fundamental<\/h2>\n\n\n\n<p class=\"wp-block-paragraph\">O mandamento de amar ao pr\u00f3ximo como a ti mesmo \u00e9 muito mais do que uma simples sugest\u00e3o moral; \u00e9 um princ\u00edpio fundamental que pode guiar e enriquecer nossas vidas de maneiras profundas e significativas.&nbsp;<\/p>\n\n\n\n<p class=\"wp-block-paragraph\">Ao cultivarmos a empatia, a compaix\u00e3o e o respeito pelos outros, n\u00e3o apenas fortalecemos nossos relacionamentos e comunidades, mas tamb\u00e9m contribu\u00edmos para a cria\u00e7\u00e3o de um mundo mais justo, compassivo e amoroso para todos os seres humanos. Que possamos nos esfor\u00e7ar para viver de acordo com esse mandamento em todos os aspectos de nossas vidas, tornando o amor ao pr\u00f3ximo uma realidade tang\u00edvel em nosso mundo.<\/p>\n\n\n\n<p class=\"wp-block-paragraph\"><strong>Voir aussi\u00a0: <a href=\"https:\/\/www.oracaoefe.com\/fr\/orar-pode-mudar-tudo-entenda-as-razoes-desse-fato\/\">Orar pode mudar tudo; entenda as raz\u00f5es desse fato<\/a><\/strong><\/p>\n\n\n\n<p class=\"wp-block-paragraph\">6 de abril de 2024<\/p>","protected":false},"excerpt":{"rendered":"<p>O mandamento de amar ao pr\u00f3ximo como a si mesmo \u00e9 uma m\u00e1xima que transcende fronteiras religiosas e culturais. Encontrado em diversas tradi\u00e7\u00f5es espirituais e \u00e9ticas ao redor do mundo, esse princ\u00edpio fundamental ressoa atrav\u00e9s dos s\u00e9culos como um lembrete poderoso da import\u00e2ncia da empatia e compaix\u00e3o em nossas vidas.&nbsp; O Significado Profundo A frase&hellip;&nbsp;<\/p>","protected":false},"author":3,"featured_media":2755,"comment_status":"closed","ping_status":"closed","sticky":false,"template":"","format":"standard","meta":{"neve_meta_sidebar":"","neve_meta_container":"","neve_meta_enable_content_width":"","neve_meta_content_width":0,"neve_meta_title_alignment":"","neve_meta_author_avatar":"","neve_post_elements_order":"","neve_meta_disable_header":"","neve_meta_disable_footer":"","neve_meta_disable_title":"","footnotes":""},"categories":[3],"tags":[],"class_list":["post-2739","post","type-post","status-publish","format-standard","has-post-thumbnail","hentry","category-fe"],"yoast_head":"<!-- This site is optimized with the Yoast SEO plugin v28.4 - https:\/\/yoast.com\/product\/yoast-seo-wordpress\/ -->\n<title>O que \u00e9 amar ao pr\u00f3ximo como a ti mesmo? - Ora\u00e7\u00e3o e F\u00e9<\/title>\n<meta name=\"description\" content=\"Deus tem pra voc\u00ea uma palavra de vida!\" \/>\n<meta name=\"robots\" content=\"index, follow, max-snippet:-1, max-image-preview:large, max-video-preview:-1\" \/>\n<link rel=\"canonical\" href=\"https:\/\/www.oracaoefe.com\/fr\/o-que-e-amar-ao-proximo-como-a-ti-mesmo\/\" \/>\n<meta property=\"og:locale\" content=\"fr_FR\" \/>\n<meta property=\"og:type\" content=\"article\" \/>\n<meta property=\"og:title\" content=\"O que \u00e9 amar ao pr\u00f3ximo como a ti mesmo? - Ora\u00e7\u00e3o e F\u00e9\" \/>\n<meta property=\"og:description\" content=\"Deus tem pra voc\u00ea uma palavra de vida!\" \/>\n<meta property=\"og:url\" content=\"https:\/\/www.oracaoefe.com\/fr\/o-que-e-amar-ao-proximo-como-a-ti-mesmo\/\" \/>\n<meta property=\"og:site_name\" content=\"Ora\u00e7\u00e3o e F\u00e9\" \/>\n<meta property=\"article:published_time\" content=\"2024-04-06T04:00:00+00:00\" \/>\n<meta property=\"og:image\" content=\"https:\/\/www.oracaoefe.com\/wp-content\/uploads\/2024\/03\/image-6-1024x714.png\" \/>\n\t<meta property=\"og:image:width\" content=\"1024\" \/>\n\t<meta property=\"og:image:height\" content=\"714\" \/>\n\t<meta property=\"og:image:type\" content=\"image\/png\" \/>\n<meta name=\"author\" content=\"Michele Azevedo\" \/>\n<meta name=\"twitter:card\" content=\"summary_large_image\" \/>\n<meta name=\"twitter:label1\" content=\"\u00c9crit par\" \/>\n\t<meta name=\"twitter:data1\" content=\"Michele Azevedo\" \/>\n\t<meta name=\"twitter:label2\" content=\"Dur\u00e9e de lecture estim\u00e9e\" \/>\n\t<meta name=\"twitter:data2\" content=\"4 minutes\" \/>\n<script type=\"application\/ld+json\" class=\"yoast-schema-graph\">{\"@context\":\"https:\\\/\\\/schema.org\",\"@graph\":[{\"@type\":\"Article\",\"@id\":\"https:\\\/\\\/www.oracaoefe.com\\\/o-que-e-amar-ao-proximo-como-a-ti-mesmo\\\/#article\",\"isPartOf\":{\"@id\":\"https:\\\/\\\/www.oracaoefe.com\\\/o-que-e-amar-ao-proximo-como-a-ti-mesmo\\\/\"},\"author\":{\"name\":\"Michele Azevedo\",\"@id\":\"https:\\\/\\\/www.oracaoefe.com\\\/#\\\/schema\\\/person\\\/17283c669442cf005c4d5bb58adfb7f5\"},\"headline\":\"O que \u00e9 amar ao pr\u00f3ximo como a ti mesmo?\",\"datePublished\":\"2024-04-06T04:00:00+00:00\",\"mainEntityOfPage\":{\"@id\":\"https:\\\/\\\/www.oracaoefe.com\\\/o-que-e-amar-ao-proximo-como-a-ti-mesmo\\\/\"},\"wordCount\":746,\"image\":{\"@id\":\"https:\\\/\\\/www.oracaoefe.com\\\/o-que-e-amar-ao-proximo-como-a-ti-mesmo\\\/#primaryimage\"},\"thumbnailUrl\":\"https:\\\/\\\/www.oracaoefe.com\\\/wp-content\\\/uploads\\\/2024\\\/03\\\/image-6.png\",\"articleSection\":[\"F\u00e9\"],\"inLanguage\":\"fr-FR\"},{\"@type\":\"WebPage\",\"@id\":\"https:\\\/\\\/www.oracaoefe.com\\\/o-que-e-amar-ao-proximo-como-a-ti-mesmo\\\/\",\"url\":\"https:\\\/\\\/www.oracaoefe.com\\\/o-que-e-amar-ao-proximo-como-a-ti-mesmo\\\/\",\"name\":\"O que \u00e9 amar ao pr\u00f3ximo como a ti mesmo? - Ora\u00e7\u00e3o e F\u00e9\",\"isPartOf\":{\"@id\":\"https:\\\/\\\/www.oracaoefe.com\\\/#website\"},\"primaryImageOfPage\":{\"@id\":\"https:\\\/\\\/www.oracaoefe.com\\\/o-que-e-amar-ao-proximo-como-a-ti-mesmo\\\/#primaryimage\"},\"image\":{\"@id\":\"https:\\\/\\\/www.oracaoefe.com\\\/o-que-e-amar-ao-proximo-como-a-ti-mesmo\\\/#primaryimage\"},\"thumbnailUrl\":\"https:\\\/\\\/www.oracaoefe.com\\\/wp-content\\\/uploads\\\/2024\\\/03\\\/image-6.png\",\"datePublished\":\"2024-04-06T04:00:00+00:00\",\"author\":{\"@id\":\"https:\\\/\\\/www.oracaoefe.com\\\/#\\\/schema\\\/person\\\/17283c669442cf005c4d5bb58adfb7f5\"},\"description\":\"Deus tem pra voc\u00ea uma palavra de vida!\",\"breadcrumb\":{\"@id\":\"https:\\\/\\\/www.oracaoefe.com\\\/o-que-e-amar-ao-proximo-como-a-ti-mesmo\\\/#breadcrumb\"},\"inLanguage\":\"fr-FR\",\"potentialAction\":[{\"@type\":\"ReadAction\",\"target\":[\"https:\\\/\\\/www.oracaoefe.com\\\/o-que-e-amar-ao-proximo-como-a-ti-mesmo\\\/\"]}]},{\"@type\":\"ImageObject\",\"inLanguage\":\"fr-FR\",\"@id\":\"https:\\\/\\\/www.oracaoefe.com\\\/o-que-e-amar-ao-proximo-como-a-ti-mesmo\\\/#primaryimage\",\"url\":\"https:\\\/\\\/www.oracaoefe.com\\\/wp-content\\\/uploads\\\/2024\\\/03\\\/image-6.png\",\"contentUrl\":\"https:\\\/\\\/www.oracaoefe.com\\\/wp-content\\\/uploads\\\/2024\\\/03\\\/image-6.png\",\"width\":1280,\"height\":893},{\"@type\":\"BreadcrumbList\",\"@id\":\"https:\\\/\\\/www.oracaoefe.com\\\/o-que-e-amar-ao-proximo-como-a-ti-mesmo\\\/#breadcrumb\",\"itemListElement\":[{\"@type\":\"ListItem\",\"position\":1,\"name\":\"Home\",\"item\":\"https:\\\/\\\/www.oracaoefe.com\\\/\"},{\"@type\":\"ListItem\",\"position\":2,\"name\":\"F\u00e9\",\"item\":\"https:\\\/\\\/www.oracaoefe.com\\\/es\\\/categoria\\\/fe\\\/\"},{\"@type\":\"ListItem\",\"position\":3,\"name\":\"O que \u00e9 amar ao pr\u00f3ximo como a ti mesmo?\"}]},{\"@type\":\"WebSite\",\"@id\":\"https:\\\/\\\/www.oracaoefe.com\\\/#website\",\"url\":\"https:\\\/\\\/www.oracaoefe.com\\\/\",\"name\":\"Ora\u00e7\u00e3o e F\u00e9\",\"description\":\"\",\"potentialAction\":[{\"@type\":\"SearchAction\",\"target\":{\"@type\":\"EntryPoint\",\"urlTemplate\":\"https:\\\/\\\/www.oracaoefe.com\\\/?s={search_term_string}\"},\"query-input\":{\"@type\":\"PropertyValueSpecification\",\"valueRequired\":true,\"valueName\":\"search_term_string\"}}],\"inLanguage\":\"fr-FR\"},{\"@type\":\"Person\",\"@id\":\"https:\\\/\\\/www.oracaoefe.com\\\/#\\\/schema\\\/person\\\/17283c669442cf005c4d5bb58adfb7f5\",\"name\":\"Michele Azevedo\",\"image\":{\"@type\":\"ImageObject\",\"inLanguage\":\"fr-FR\",\"@id\":\"https:\\\/\\\/secure.gravatar.com\\\/avatar\\\/6b0eb9d22841282815e2cd856a0061c45e1761cd54b22e952d98c4746939aa85?s=96&d=mm&r=g\",\"url\":\"https:\\\/\\\/secure.gravatar.com\\\/avatar\\\/6b0eb9d22841282815e2cd856a0061c45e1761cd54b22e952d98c4746939aa85?s=96&d=mm&r=g\",\"contentUrl\":\"https:\\\/\\\/secure.gravatar.com\\\/avatar\\\/6b0eb9d22841282815e2cd856a0061c45e1761cd54b22e952d98c4746939aa85?s=96&d=mm&r=g\",\"caption\":\"Michele Azevedo\"},\"description\":\"Formada em Letras - Portugu\u00eas\\\/ Ingl\u00eas pela Universidade Estadual de Ponta Grossa (UEPG), p\u00f3s-graduada em Arte na Educa\u00e7\u00e3o (FAPI) e Psicopedagogia Escolar (FAPI), idealizadora e propriet\u00e1ria do site Escritora de Sucesso, possui experi\u00eancia em escrita para blogs em geral e atua como redatora e revisora dos conte\u00fados do Ora\u00e7\u00e3o e F\u00e9.\",\"url\":\"https:\\\/\\\/www.oracaoefe.com\\\/fr\\\/author\\\/michele-azevedo\\\/\"}]}<\/script>\n<!-- \/ Yoast SEO plugin. -->","yoast_head_json":{"title":"O que \u00e9 amar ao pr\u00f3ximo como a ti mesmo? - Ora\u00e7\u00e3o e F\u00e9","description":"Dieu a une parole de vie pour vous !","robots":{"index":"index","follow":"follow","max-snippet":"max-snippet:-1","max-image-preview":"max-image-preview:large","max-video-preview":"max-video-preview:-1"},"canonical":"https:\/\/www.oracaoefe.com\/fr\/o-que-e-amar-ao-proximo-como-a-ti-mesmo\/","og_locale":"fr_FR","og_type":"article","og_title":"O que \u00e9 amar ao pr\u00f3ximo como a ti mesmo? - Ora\u00e7\u00e3o e F\u00e9","og_description":"Deus tem pra voc\u00ea uma palavra de vida!","og_url":"https:\/\/www.oracaoefe.com\/fr\/o-que-e-amar-ao-proximo-como-a-ti-mesmo\/","og_site_name":"Ora\u00e7\u00e3o e F\u00e9","article_published_time":"2024-04-06T04:00:00+00:00","og_image":[{"width":1024,"height":714,"url":"https:\/\/www.oracaoefe.com\/wp-content\/uploads\/2024\/03\/image-6-1024x714.png","type":"image\/png"}],"author":"Michele Azevedo","twitter_card":"summary_large_image","twitter_misc":{"\u00c9crit par":"Michele Azevedo","Dur\u00e9e de lecture estim\u00e9e":"4 minutes"},"schema":{"@context":"https:\/\/schema.org","@graph":[{"@type":"Article","@id":"https:\/\/www.oracaoefe.com\/o-que-e-amar-ao-proximo-como-a-ti-mesmo\/#article","isPartOf":{"@id":"https:\/\/www.oracaoefe.com\/o-que-e-amar-ao-proximo-como-a-ti-mesmo\/"},"author":{"name":"Michele Azevedo","@id":"https:\/\/www.oracaoefe.com\/#\/schema\/person\/17283c669442cf005c4d5bb58adfb7f5"},"headline":"O que \u00e9 amar ao pr\u00f3ximo como a ti mesmo?","datePublished":"2024-04-06T04:00:00+00:00","mainEntityOfPage":{"@id":"https:\/\/www.oracaoefe.com\/o-que-e-amar-ao-proximo-como-a-ti-mesmo\/"},"wordCount":746,"image":{"@id":"https:\/\/www.oracaoefe.com\/o-que-e-amar-ao-proximo-como-a-ti-mesmo\/#primaryimage"},"thumbnailUrl":"https:\/\/www.oracaoefe.com\/wp-content\/uploads\/2024\/03\/image-6.png","articleSection":["F\u00e9"],"inLanguage":"fr-FR"},{"@type":"WebPage","@id":"https:\/\/www.oracaoefe.com\/o-que-e-amar-ao-proximo-como-a-ti-mesmo\/","url":"https:\/\/www.oracaoefe.com\/o-que-e-amar-ao-proximo-como-a-ti-mesmo\/","name":"O que \u00e9 amar ao pr\u00f3ximo como a ti mesmo? - Ora\u00e7\u00e3o e F\u00e9","isPartOf":{"@id":"https:\/\/www.oracaoefe.com\/#website"},"primaryImageOfPage":{"@id":"https:\/\/www.oracaoefe.com\/o-que-e-amar-ao-proximo-como-a-ti-mesmo\/#primaryimage"},"image":{"@id":"https:\/\/www.oracaoefe.com\/o-que-e-amar-ao-proximo-como-a-ti-mesmo\/#primaryimage"},"thumbnailUrl":"https:\/\/www.oracaoefe.com\/wp-content\/uploads\/2024\/03\/image-6.png","datePublished":"2024-04-06T04:00:00+00:00","author":{"@id":"https:\/\/www.oracaoefe.com\/#\/schema\/person\/17283c669442cf005c4d5bb58adfb7f5"},"description":"Dieu a une parole de vie pour vous !","breadcrumb":{"@id":"https:\/\/www.oracaoefe.com\/o-que-e-amar-ao-proximo-como-a-ti-mesmo\/#breadcrumb"},"inLanguage":"fr-FR","potentialAction":[{"@type":"ReadAction","target":["https:\/\/www.oracaoefe.com\/o-que-e-amar-ao-proximo-como-a-ti-mesmo\/"]}]},{"@type":"ImageObject","inLanguage":"fr-FR","@id":"https:\/\/www.oracaoefe.com\/o-que-e-amar-ao-proximo-como-a-ti-mesmo\/#primaryimage","url":"https:\/\/www.oracaoefe.com\/wp-content\/uploads\/2024\/03\/image-6.png","contentUrl":"https:\/\/www.oracaoefe.com\/wp-content\/uploads\/2024\/03\/image-6.png","width":1280,"height":893},{"@type":"BreadcrumbList","@id":"https:\/\/www.oracaoefe.com\/o-que-e-amar-ao-proximo-como-a-ti-mesmo\/#breadcrumb","itemListElement":[{"@type":"ListItem","position":1,"name":"Home","item":"https:\/\/www.oracaoefe.com\/"},{"@type":"ListItem","position":2,"name":"F\u00e9","item":"https:\/\/www.oracaoefe.com\/es\/categoria\/fe\/"},{"@type":"ListItem","position":3,"name":"O que \u00e9 amar ao pr\u00f3ximo como a ti mesmo?"}]},{"@type":"WebSite","@id":"https:\/\/www.oracaoefe.com\/#website","url":"https:\/\/www.oracaoefe.com\/","name":"Pri\u00e8re et foi","description":"","potentialAction":[{"@type":"SearchAction","target":{"@type":"EntryPoint","urlTemplate":"https:\/\/www.oracaoefe.com\/?s={search_term_string}"},"query-input":{"@type":"PropertyValueSpecification","valueRequired":true,"valueName":"search_term_string"}}],"inLanguage":"fr-FR"},{"@type":"Person","@id":"https:\/\/www.oracaoefe.com\/#\/schema\/person\/17283c669442cf005c4d5bb58adfb7f5","name":"Michele Azevedo","image":{"@type":"ImageObject","inLanguage":"fr-FR","@id":"https:\/\/secure.gravatar.com\/avatar\/6b0eb9d22841282815e2cd856a0061c45e1761cd54b22e952d98c4746939aa85?s=96&d=mm&r=g","url":"https:\/\/secure.gravatar.com\/avatar\/6b0eb9d22841282815e2cd856a0061c45e1761cd54b22e952d98c4746939aa85?s=96&d=mm&r=g","contentUrl":"https:\/\/secure.gravatar.com\/avatar\/6b0eb9d22841282815e2cd856a0061c45e1761cd54b22e952d98c4746939aa85?s=96&d=mm&r=g","caption":"Michele Azevedo"},"description":"Dipl\u00f4m\u00e9e en litt\u00e9rature portugaise\/anglaise de l&#039;Universit\u00e9 d&#039;\u00c9tat de Ponta Grossa (UEPG), avec des dipl\u00f4mes de troisi\u00e8me cycle en art dans l&#039;\u00e9ducation (FAPI) et en psychop\u00e9dagogie scolaire (FAPI), elle est la cr\u00e9atrice et propri\u00e9taire du site web Escritora de Sucesso, a de l&#039;exp\u00e9rience dans l&#039;\u00e9criture pour les blogs en g\u00e9n\u00e9ral et travaille comme r\u00e9dactrice et \u00e9ditrice du contenu pour Ora\u00e7\u00e3o e F\u00e9.","url":"https:\/\/www.oracaoefe.com\/fr\/author\/michele-azevedo\/"}]}},"_links":{"self":[{"href":"https:\/\/www.oracaoefe.com\/fr\/wp-json\/wp\/v2\/posts\/2739","targetHints":{"allow":["GET"]}}],"collection":[{"href":"https:\/\/www.oracaoefe.com\/fr\/wp-json\/wp\/v2\/posts"}],"about":[{"href":"https:\/\/www.oracaoefe.com\/fr\/wp-json\/wp\/v2\/types\/post"}],"author":[{"embeddable":true,"href":"https:\/\/www.oracaoefe.com\/fr\/wp-json\/wp\/v2\/users\/3"}],"replies":[{"embeddable":true,"href":"https:\/\/www.oracaoefe.com\/fr\/wp-json\/wp\/v2\/comments?post=2739"}],"version-history":[{"count":2,"href":"https:\/\/www.oracaoefe.com\/fr\/wp-json\/wp\/v2\/posts\/2739\/revisions"}],"predecessor-version":[{"id":2756,"href":"https:\/\/www.oracaoefe.com\/fr\/wp-json\/wp\/v2\/posts\/2739\/revisions\/2756"}],"wp:featuredmedia":[{"embeddable":true,"href":"https:\/\/www.oracaoefe.com\/fr\/wp-json\/wp\/v2\/media\/2755"}],"wp:attachment":[{"href":"https:\/\/www.oracaoefe.com\/fr\/wp-json\/wp\/v2\/media?parent=2739"}],"wp:term":[{"taxonomy":"category","embeddable":true,"href":"https:\/\/www.oracaoefe.com\/fr\/wp-json\/wp\/v2\/categories?post=2739"},{"taxonomy":"post_tag","embeddable":true,"href":"https:\/\/www.oracaoefe.com\/fr\/wp-json\/wp\/v2\/tags?post=2739"}],"curies":[{"name":"wp","href":"https:\/\/api.w.org\/{rel}","templated":true}]}}