{"id":2737,"date":"2024-04-03T01:00:00","date_gmt":"2024-04-03T04:00:00","guid":{"rendered":"https:\/\/www.oracaoefe.com\/?p=2737"},"modified":"2024-03-26T22:48:19","modified_gmt":"2024-03-27T01:48:19","slug":"jesus-teria-tido-mais-que-12-apostolos-veja-as-evidencias","status":"publish","type":"post","link":"https:\/\/www.oracaoefe.com\/fr\/jesus-teria-tido-mais-que-12-apostolos-veja-as-evidencias\/","title":{"rendered":"Jesus teria tido mais que 12 ap\u00f3stolos; veja as evid\u00eancias"},"content":{"rendered":"<p class=\"wp-block-paragraph\">No cerne da hist\u00f3ria crist\u00e3, os Doze Ap\u00f3stolos t\u00eam um papel fundamental. Eles foram os disc\u00edpulos escolhidos por Jesus para serem seus seguidores mais pr\u00f3ximos e para disseminar sua mensagem pelo mundo. No entanto, h\u00e1 evid\u00eancias que sugerem que Jesus pode ter tido mais do que apenas doze ap\u00f3stolos. Vamos explorar essas evid\u00eancias e considerar o impacto que isso pode ter na compreens\u00e3o da vida e do minist\u00e9rio de Jesus.<\/p>\n\n\n\n<h2 class=\"wp-block-heading\">A tradi\u00e7\u00e3o dos Doze Ap\u00f3stolos<\/h2>\n\n\n\n<p class=\"wp-block-paragraph\">Desde os primeiros tempos do Cristianismo, a tradi\u00e7\u00e3o dos Doze Ap\u00f3stolos tem sido fundamental. Mateus 10:2-4 e Lucas 6:13-16 listam os doze nomes que se tornaram sin\u00f4nimos de lideran\u00e7a na Igreja Crist\u00e3 Primitiva. Pedro, Andr\u00e9, Tiago, Jo\u00e3o, Felipe, Bartolomeu, Tom\u00e9, Mateus, Tiago (filho de Alfeu), Tadeu, Sim\u00e3o (o Zelote) e Judas Iscariotes s\u00e3o amplamente conhecidos como os Doze Ap\u00f3stolos.<\/p>\n\n\n\n<h2 class=\"wp-block-heading\">Evid\u00eancias de ap\u00f3stolos al\u00e9m dos Doze<\/h2>\n\n\n\n<p class=\"wp-block-paragraph\">Desde os prim\u00f3rdios do Cristianismo, a figura dos Doze Ap\u00f3stolos tem sido central na narrativa da vida e do minist\u00e9rio de Jesus. No entanto, ao examinarmos cuidadosamente as Escrituras e outros registros hist\u00f3ricos, surgem evid\u00eancias que sugerem que o c\u00edrculo \u00edntimo de seguidores de Jesus pode ter sido mais amplo do que tradicionalmente reconhecido.<\/p>\n\n\n\n<h3 class=\"wp-block-heading\">Paulo de Tarso<\/h3>\n\n\n\n<p class=\"wp-block-paragraph\">Paulo de Tarso, anteriormente conhecido como Saulo, \u00e9 uma figura proeminente no Cristianismo primitivo, embora n\u00e3o tenha sido um dos Doze Ap\u00f3stolos originais. Ele \u00e9 creditado com a dissemina\u00e7\u00e3o do Cristianismo entre os gentios e \u00e9 autor de v\u00e1rias ep\u00edstolas do Novo Testamento. Sua influ\u00eancia e contribui\u00e7\u00e3o para a f\u00e9 crist\u00e3 s\u00e3o ineg\u00e1veis, o que levanta a quest\u00e3o de se ele deveria ser considerado um ap\u00f3stolo.<\/p>\n\n\n\n<figure class=\"wp-block-image size-large\"><img loading=\"lazy\" decoding=\"async\" width=\"1024\" height=\"758\" src=\"https:\/\/www.oracaoefe.com\/wp-content\/uploads\/2024\/03\/image-5-1024x758.png\" alt=\"\" class=\"wp-image-2753\" srcset=\"https:\/\/www.oracaoefe.com\/wp-content\/uploads\/2024\/03\/image-5-1024x758.png 1024w, https:\/\/www.oracaoefe.com\/wp-content\/uploads\/2024\/03\/image-5-300x222.png 300w, https:\/\/www.oracaoefe.com\/wp-content\/uploads\/2024\/03\/image-5-768x568.png 768w, https:\/\/www.oracaoefe.com\/wp-content\/uploads\/2024\/03\/image-5-16x12.png 16w, https:\/\/www.oracaoefe.com\/wp-content\/uploads\/2024\/03\/image-5.png 1280w\" sizes=\"auto, (max-width: 1024px) 100vw, 1024px\" \/><\/figure>\n\n\n\n<h3 class=\"wp-block-heading\">Barnab\u00e9<\/h3>\n\n\n\n<p class=\"wp-block-paragraph\">Barnab\u00e9, um companheiro de Paulo, tamb\u00e9m \u00e9 mencionado nas Escrituras como uma figura-chave na dissemina\u00e7\u00e3o do Cristianismo. Embora n\u00e3o seja listado como um dos Doze Ap\u00f3stolos, ele \u00e9 frequentemente chamado de ap\u00f3stolo em Atos 14:14 e em outras passagens.<\/p>\n\n\n\n<h3 class=\"wp-block-heading\">Tiago, o irm\u00e3o de Jesus<\/h3>\n\n\n\n<p class=\"wp-block-paragraph\">Tiago, o irm\u00e3o de Jesus, desempenhou um papel significativo na lideran\u00e7a da igreja primitiva em Jerusal\u00e9m. Embora n\u00e3o seja frequentemente referido como um dos Doze Ap\u00f3stolos, ele \u00e9 mencionado como uma figura importante em Atos 15 e em outras partes do Novo Testamento.<\/p>\n\n\n\n<h3 class=\"wp-block-heading\">Maria Madalena<\/h3>\n\n\n\n<p class=\"wp-block-paragraph\">Maria Madalena \u00e9 uma figura intrigante nos Evangelhos, frequentemente mencionada como uma seguidora devota de Jesus. H\u00e1 especula\u00e7\u00f5es e evid\u00eancias que sugerem que ela pode ter desempenhado um papel mais proeminente do que geralmente se reconhece, possivelmente sendo considerada uma ap\u00f3stola por alguns dos primeiros seguidores de Jesus.<\/p>\n\n\n\n<h2 class=\"wp-block-heading\">Implica\u00e7\u00f5es teol\u00f3gicas e hist\u00f3ricas<\/h2>\n\n\n\n<p class=\"wp-block-paragraph\">A possibilidade de Jesus ter tido mais do que apenas doze ap\u00f3stolos tem implica\u00e7\u00f5es significativas tanto do ponto de vista teol\u00f3gico quanto hist\u00f3rico. Se aceitarmos que pessoas como Paulo, Barnab\u00e9, Tiago e Maria Madalena foram, de fato, ap\u00f3stolos de Jesus, isso amplia nossa compreens\u00e3o da diversidade e da amplitude do movimento crist\u00e3o primitivo.<\/p>\n\n\n\n<p class=\"wp-block-paragraph\">Al\u00e9m disso, isso levanta quest\u00f5es sobre a autoridade e a lideran\u00e7a dentro da igreja primitiva. Se outros al\u00e9m dos Doze foram considerados ap\u00f3stolos, como isso afeta nossa compreens\u00e3o da estrutura e da organiza\u00e7\u00e3o da igreja nos primeiros anos do Cristianismo?<\/p>\n\n\n\n<p class=\"wp-block-paragraph\">Do ponto de vista hist\u00f3rico, a considera\u00e7\u00e3o de ap\u00f3stolos al\u00e9m dos Doze nos desafia a reavaliar as fontes hist\u00f3ricas e a reconstru\u00e7\u00e3o da vida e do minist\u00e9rio de Jesus. Isso nos lembra que nossa compreens\u00e3o do passado \u00e9 frequentemente influenciada pela interpreta\u00e7\u00e3o e pela tradi\u00e7\u00e3o, e que a hist\u00f3ria \u00e9 muitas vezes mais complexa do que podemos imaginar.<\/p>\n\n\n\n<h2 class=\"wp-block-heading\">Import\u00e2ncia dos Ap\u00f3stolos<\/h2>\n\n\n\n<p class=\"wp-block-paragraph\">Enquanto a tradi\u00e7\u00e3o crist\u00e3 tem enfatizado a import\u00e2ncia dos Doze Ap\u00f3stolos, h\u00e1 evid\u00eancias que sugerem que Jesus pode ter tido mais seguidores pr\u00f3ximos do que geralmente reconhecido. A inclus\u00e3o de figuras como Paulo, Barnab\u00e9, Tiago e Maria Madalena como poss\u00edveis ap\u00f3stolos amplia nossa compreens\u00e3o da diversidade e da complexidade do movimento crist\u00e3o primitivo.<\/p>\n\n\n\n<p class=\"wp-block-paragraph\">Embora isso possa desafiar algumas no\u00e7\u00f5es tradicionais, tamb\u00e9m nos lembra da riqueza e da profundidade da hist\u00f3ria crist\u00e3. Ao considerar essas evid\u00eancias, somos convidados a explorar mais profundamente a vida e o minist\u00e9rio de Jesus e a reconhecer a variedade de vozes e perspectivas que contribu\u00edram para o crescimento e a dissemina\u00e7\u00e3o do Cristianismo nos primeiros s\u00e9culos.<\/p>\n\n\n\n<p class=\"wp-block-paragraph\"><strong>Voir aussi\u00a0: <a href=\"https:\/\/www.oracaoefe.com\/fr\/orar-pode-mudar-tudo-entenda-as-razoes-desse-fato\/\">Orar pode mudar tudo; entenda as raz\u00f5es desse fato<\/a><\/strong><\/p>\n\n\n\n<p class=\"wp-block-paragraph\">3 de abril de 2024<\/p>","protected":false},"excerpt":{"rendered":"<p>No cerne da hist\u00f3ria crist\u00e3, os Doze Ap\u00f3stolos t\u00eam um papel fundamental. Eles foram os disc\u00edpulos escolhidos por Jesus para serem seus seguidores mais pr\u00f3ximos e para disseminar sua mensagem pelo mundo. No entanto, h\u00e1 evid\u00eancias que sugerem que Jesus pode ter tido mais do que apenas doze ap\u00f3stolos. Vamos explorar essas evid\u00eancias e considerar&hellip;&nbsp;<\/p>","protected":false},"author":3,"featured_media":2753,"comment_status":"closed","ping_status":"closed","sticky":false,"template":"","format":"standard","meta":{"neve_meta_sidebar":"","neve_meta_container":"","neve_meta_enable_content_width":"","neve_meta_content_width":0,"neve_meta_title_alignment":"","neve_meta_author_avatar":"","neve_post_elements_order":"","neve_meta_disable_header":"","neve_meta_disable_footer":"","neve_meta_disable_title":"","footnotes":""},"categories":[1],"tags":[],"class_list":["post-2737","post","type-post","status-publish","format-standard","has-post-thumbnail","hentry","category-curiosidades"],"yoast_head":"<!-- This site is optimized with the Yoast SEO plugin v28.4 - https:\/\/yoast.com\/product\/yoast-seo-wordpress\/ -->\n<title>Jesus teria tido mais que 12 ap\u00f3stolos; veja as evid\u00eancias - Ora\u00e7\u00e3o e F\u00e9<\/title>\n<meta name=\"description\" content=\"Deus tem pra voc\u00ea uma palavra de vida!\" \/>\n<meta name=\"robots\" content=\"index, follow, max-snippet:-1, max-image-preview:large, max-video-preview:-1\" \/>\n<link rel=\"canonical\" href=\"https:\/\/www.oracaoefe.com\/fr\/jesus-teria-tido-mais-que-12-apostolos-veja-as-evidencias\/\" \/>\n<meta property=\"og:locale\" content=\"fr_FR\" \/>\n<meta property=\"og:type\" content=\"article\" \/>\n<meta property=\"og:title\" content=\"Jesus teria tido mais que 12 ap\u00f3stolos; veja as evid\u00eancias - Ora\u00e7\u00e3o e F\u00e9\" \/>\n<meta property=\"og:description\" content=\"Deus tem pra voc\u00ea uma palavra de vida!\" \/>\n<meta property=\"og:url\" content=\"https:\/\/www.oracaoefe.com\/fr\/jesus-teria-tido-mais-que-12-apostolos-veja-as-evidencias\/\" \/>\n<meta property=\"og:site_name\" content=\"Ora\u00e7\u00e3o e F\u00e9\" \/>\n<meta property=\"article:published_time\" content=\"2024-04-03T04:00:00+00:00\" \/>\n<meta property=\"og:image\" content=\"https:\/\/www.oracaoefe.com\/wp-content\/uploads\/2024\/03\/image-5-1024x758.png\" \/>\n\t<meta property=\"og:image:width\" content=\"1024\" \/>\n\t<meta property=\"og:image:height\" content=\"758\" \/>\n\t<meta property=\"og:image:type\" content=\"image\/png\" \/>\n<meta name=\"author\" content=\"Michele Azevedo\" \/>\n<meta name=\"twitter:card\" content=\"summary_large_image\" \/>\n<meta name=\"twitter:label1\" content=\"\u00c9crit par\" \/>\n\t<meta name=\"twitter:data1\" content=\"Michele Azevedo\" \/>\n\t<meta name=\"twitter:label2\" content=\"Dur\u00e9e de lecture estim\u00e9e\" \/>\n\t<meta name=\"twitter:data2\" content=\"4 minutes\" \/>\n<script type=\"application\/ld+json\" class=\"yoast-schema-graph\">{\"@context\":\"https:\\\/\\\/schema.org\",\"@graph\":[{\"@type\":\"Article\",\"@id\":\"https:\\\/\\\/www.oracaoefe.com\\\/jesus-teria-tido-mais-que-12-apostolos-veja-as-evidencias\\\/#article\",\"isPartOf\":{\"@id\":\"https:\\\/\\\/www.oracaoefe.com\\\/jesus-teria-tido-mais-que-12-apostolos-veja-as-evidencias\\\/\"},\"author\":{\"name\":\"Michele Azevedo\",\"@id\":\"https:\\\/\\\/www.oracaoefe.com\\\/#\\\/schema\\\/person\\\/17283c669442cf005c4d5bb58adfb7f5\"},\"headline\":\"Jesus teria tido mais que 12 ap\u00f3stolos; veja as evid\u00eancias\",\"datePublished\":\"2024-04-03T04:00:00+00:00\",\"mainEntityOfPage\":{\"@id\":\"https:\\\/\\\/www.oracaoefe.com\\\/jesus-teria-tido-mais-que-12-apostolos-veja-as-evidencias\\\/\"},\"wordCount\":787,\"image\":{\"@id\":\"https:\\\/\\\/www.oracaoefe.com\\\/jesus-teria-tido-mais-que-12-apostolos-veja-as-evidencias\\\/#primaryimage\"},\"thumbnailUrl\":\"https:\\\/\\\/www.oracaoefe.com\\\/wp-content\\\/uploads\\\/2024\\\/03\\\/image-5.png\",\"articleSection\":[\"Curiosidades\"],\"inLanguage\":\"fr-FR\"},{\"@type\":\"WebPage\",\"@id\":\"https:\\\/\\\/www.oracaoefe.com\\\/jesus-teria-tido-mais-que-12-apostolos-veja-as-evidencias\\\/\",\"url\":\"https:\\\/\\\/www.oracaoefe.com\\\/jesus-teria-tido-mais-que-12-apostolos-veja-as-evidencias\\\/\",\"name\":\"Jesus teria tido mais que 12 ap\u00f3stolos; veja as evid\u00eancias - Ora\u00e7\u00e3o e F\u00e9\",\"isPartOf\":{\"@id\":\"https:\\\/\\\/www.oracaoefe.com\\\/#website\"},\"primaryImageOfPage\":{\"@id\":\"https:\\\/\\\/www.oracaoefe.com\\\/jesus-teria-tido-mais-que-12-apostolos-veja-as-evidencias\\\/#primaryimage\"},\"image\":{\"@id\":\"https:\\\/\\\/www.oracaoefe.com\\\/jesus-teria-tido-mais-que-12-apostolos-veja-as-evidencias\\\/#primaryimage\"},\"thumbnailUrl\":\"https:\\\/\\\/www.oracaoefe.com\\\/wp-content\\\/uploads\\\/2024\\\/03\\\/image-5.png\",\"datePublished\":\"2024-04-03T04:00:00+00:00\",\"author\":{\"@id\":\"https:\\\/\\\/www.oracaoefe.com\\\/#\\\/schema\\\/person\\\/17283c669442cf005c4d5bb58adfb7f5\"},\"description\":\"Deus tem pra voc\u00ea uma palavra de vida!\",\"breadcrumb\":{\"@id\":\"https:\\\/\\\/www.oracaoefe.com\\\/jesus-teria-tido-mais-que-12-apostolos-veja-as-evidencias\\\/#breadcrumb\"},\"inLanguage\":\"fr-FR\",\"potentialAction\":[{\"@type\":\"ReadAction\",\"target\":[\"https:\\\/\\\/www.oracaoefe.com\\\/jesus-teria-tido-mais-que-12-apostolos-veja-as-evidencias\\\/\"]}]},{\"@type\":\"ImageObject\",\"inLanguage\":\"fr-FR\",\"@id\":\"https:\\\/\\\/www.oracaoefe.com\\\/jesus-teria-tido-mais-que-12-apostolos-veja-as-evidencias\\\/#primaryimage\",\"url\":\"https:\\\/\\\/www.oracaoefe.com\\\/wp-content\\\/uploads\\\/2024\\\/03\\\/image-5.png\",\"contentUrl\":\"https:\\\/\\\/www.oracaoefe.com\\\/wp-content\\\/uploads\\\/2024\\\/03\\\/image-5.png\",\"width\":1280,\"height\":947},{\"@type\":\"BreadcrumbList\",\"@id\":\"https:\\\/\\\/www.oracaoefe.com\\\/jesus-teria-tido-mais-que-12-apostolos-veja-as-evidencias\\\/#breadcrumb\",\"itemListElement\":[{\"@type\":\"ListItem\",\"position\":1,\"name\":\"Home\",\"item\":\"https:\\\/\\\/www.oracaoefe.com\\\/\"},{\"@type\":\"ListItem\",\"position\":2,\"name\":\"Curiosidades\",\"item\":\"https:\\\/\\\/www.oracaoefe.com\\\/es\\\/categoria\\\/curiosidades\\\/\"},{\"@type\":\"ListItem\",\"position\":3,\"name\":\"Jesus teria tido mais que 12 ap\u00f3stolos; veja as evid\u00eancias\"}]},{\"@type\":\"WebSite\",\"@id\":\"https:\\\/\\\/www.oracaoefe.com\\\/#website\",\"url\":\"https:\\\/\\\/www.oracaoefe.com\\\/\",\"name\":\"Ora\u00e7\u00e3o e F\u00e9\",\"description\":\"\",\"potentialAction\":[{\"@type\":\"SearchAction\",\"target\":{\"@type\":\"EntryPoint\",\"urlTemplate\":\"https:\\\/\\\/www.oracaoefe.com\\\/?s={search_term_string}\"},\"query-input\":{\"@type\":\"PropertyValueSpecification\",\"valueRequired\":true,\"valueName\":\"search_term_string\"}}],\"inLanguage\":\"fr-FR\"},{\"@type\":\"Person\",\"@id\":\"https:\\\/\\\/www.oracaoefe.com\\\/#\\\/schema\\\/person\\\/17283c669442cf005c4d5bb58adfb7f5\",\"name\":\"Michele Azevedo\",\"image\":{\"@type\":\"ImageObject\",\"inLanguage\":\"fr-FR\",\"@id\":\"https:\\\/\\\/secure.gravatar.com\\\/avatar\\\/6b0eb9d22841282815e2cd856a0061c45e1761cd54b22e952d98c4746939aa85?s=96&d=mm&r=g\",\"url\":\"https:\\\/\\\/secure.gravatar.com\\\/avatar\\\/6b0eb9d22841282815e2cd856a0061c45e1761cd54b22e952d98c4746939aa85?s=96&d=mm&r=g\",\"contentUrl\":\"https:\\\/\\\/secure.gravatar.com\\\/avatar\\\/6b0eb9d22841282815e2cd856a0061c45e1761cd54b22e952d98c4746939aa85?s=96&d=mm&r=g\",\"caption\":\"Michele Azevedo\"},\"description\":\"Formada em Letras - Portugu\u00eas\\\/ Ingl\u00eas pela Universidade Estadual de Ponta Grossa (UEPG), p\u00f3s-graduada em Arte na Educa\u00e7\u00e3o (FAPI) e Psicopedagogia Escolar (FAPI), idealizadora e propriet\u00e1ria do site Escritora de Sucesso, possui experi\u00eancia em escrita para blogs em geral e atua como redatora e revisora dos conte\u00fados do Ora\u00e7\u00e3o e F\u00e9.\",\"url\":\"https:\\\/\\\/www.oracaoefe.com\\\/fr\\\/author\\\/michele-azevedo\\\/\"}]}<\/script>\n<!-- \/ Yoast SEO plugin. -->","yoast_head_json":{"title":"Jesus teria tido mais que 12 ap\u00f3stolos; veja as evid\u00eancias - Ora\u00e7\u00e3o e F\u00e9","description":"Dieu a une parole de vie pour vous !","robots":{"index":"index","follow":"follow","max-snippet":"max-snippet:-1","max-image-preview":"max-image-preview:large","max-video-preview":"max-video-preview:-1"},"canonical":"https:\/\/www.oracaoefe.com\/fr\/jesus-teria-tido-mais-que-12-apostolos-veja-as-evidencias\/","og_locale":"fr_FR","og_type":"article","og_title":"Jesus teria tido mais que 12 ap\u00f3stolos; veja as evid\u00eancias - Ora\u00e7\u00e3o e F\u00e9","og_description":"Deus tem pra voc\u00ea uma palavra de vida!","og_url":"https:\/\/www.oracaoefe.com\/fr\/jesus-teria-tido-mais-que-12-apostolos-veja-as-evidencias\/","og_site_name":"Ora\u00e7\u00e3o e F\u00e9","article_published_time":"2024-04-03T04:00:00+00:00","og_image":[{"width":1024,"height":758,"url":"https:\/\/www.oracaoefe.com\/wp-content\/uploads\/2024\/03\/image-5-1024x758.png","type":"image\/png"}],"author":"Michele Azevedo","twitter_card":"summary_large_image","twitter_misc":{"\u00c9crit par":"Michele Azevedo","Dur\u00e9e de lecture estim\u00e9e":"4 minutes"},"schema":{"@context":"https:\/\/schema.org","@graph":[{"@type":"Article","@id":"https:\/\/www.oracaoefe.com\/jesus-teria-tido-mais-que-12-apostolos-veja-as-evidencias\/#article","isPartOf":{"@id":"https:\/\/www.oracaoefe.com\/jesus-teria-tido-mais-que-12-apostolos-veja-as-evidencias\/"},"author":{"name":"Michele Azevedo","@id":"https:\/\/www.oracaoefe.com\/#\/schema\/person\/17283c669442cf005c4d5bb58adfb7f5"},"headline":"Jesus teria tido mais que 12 ap\u00f3stolos; veja as evid\u00eancias","datePublished":"2024-04-03T04:00:00+00:00","mainEntityOfPage":{"@id":"https:\/\/www.oracaoefe.com\/jesus-teria-tido-mais-que-12-apostolos-veja-as-evidencias\/"},"wordCount":787,"image":{"@id":"https:\/\/www.oracaoefe.com\/jesus-teria-tido-mais-que-12-apostolos-veja-as-evidencias\/#primaryimage"},"thumbnailUrl":"https:\/\/www.oracaoefe.com\/wp-content\/uploads\/2024\/03\/image-5.png","articleSection":["Curiosidades"],"inLanguage":"fr-FR"},{"@type":"WebPage","@id":"https:\/\/www.oracaoefe.com\/jesus-teria-tido-mais-que-12-apostolos-veja-as-evidencias\/","url":"https:\/\/www.oracaoefe.com\/jesus-teria-tido-mais-que-12-apostolos-veja-as-evidencias\/","name":"Jesus teria tido mais que 12 ap\u00f3stolos; veja as evid\u00eancias - Ora\u00e7\u00e3o e F\u00e9","isPartOf":{"@id":"https:\/\/www.oracaoefe.com\/#website"},"primaryImageOfPage":{"@id":"https:\/\/www.oracaoefe.com\/jesus-teria-tido-mais-que-12-apostolos-veja-as-evidencias\/#primaryimage"},"image":{"@id":"https:\/\/www.oracaoefe.com\/jesus-teria-tido-mais-que-12-apostolos-veja-as-evidencias\/#primaryimage"},"thumbnailUrl":"https:\/\/www.oracaoefe.com\/wp-content\/uploads\/2024\/03\/image-5.png","datePublished":"2024-04-03T04:00:00+00:00","author":{"@id":"https:\/\/www.oracaoefe.com\/#\/schema\/person\/17283c669442cf005c4d5bb58adfb7f5"},"description":"Dieu a une parole de vie pour vous !","breadcrumb":{"@id":"https:\/\/www.oracaoefe.com\/jesus-teria-tido-mais-que-12-apostolos-veja-as-evidencias\/#breadcrumb"},"inLanguage":"fr-FR","potentialAction":[{"@type":"ReadAction","target":["https:\/\/www.oracaoefe.com\/jesus-teria-tido-mais-que-12-apostolos-veja-as-evidencias\/"]}]},{"@type":"ImageObject","inLanguage":"fr-FR","@id":"https:\/\/www.oracaoefe.com\/jesus-teria-tido-mais-que-12-apostolos-veja-as-evidencias\/#primaryimage","url":"https:\/\/www.oracaoefe.com\/wp-content\/uploads\/2024\/03\/image-5.png","contentUrl":"https:\/\/www.oracaoefe.com\/wp-content\/uploads\/2024\/03\/image-5.png","width":1280,"height":947},{"@type":"BreadcrumbList","@id":"https:\/\/www.oracaoefe.com\/jesus-teria-tido-mais-que-12-apostolos-veja-as-evidencias\/#breadcrumb","itemListElement":[{"@type":"ListItem","position":1,"name":"Home","item":"https:\/\/www.oracaoefe.com\/"},{"@type":"ListItem","position":2,"name":"Curiosidades","item":"https:\/\/www.oracaoefe.com\/es\/categoria\/curiosidades\/"},{"@type":"ListItem","position":3,"name":"Jesus teria tido mais que 12 ap\u00f3stolos; veja as evid\u00eancias"}]},{"@type":"WebSite","@id":"https:\/\/www.oracaoefe.com\/#website","url":"https:\/\/www.oracaoefe.com\/","name":"Pri\u00e8re et foi","description":"","potentialAction":[{"@type":"SearchAction","target":{"@type":"EntryPoint","urlTemplate":"https:\/\/www.oracaoefe.com\/?s={search_term_string}"},"query-input":{"@type":"PropertyValueSpecification","valueRequired":true,"valueName":"search_term_string"}}],"inLanguage":"fr-FR"},{"@type":"Person","@id":"https:\/\/www.oracaoefe.com\/#\/schema\/person\/17283c669442cf005c4d5bb58adfb7f5","name":"Michele Azevedo","image":{"@type":"ImageObject","inLanguage":"fr-FR","@id":"https:\/\/secure.gravatar.com\/avatar\/6b0eb9d22841282815e2cd856a0061c45e1761cd54b22e952d98c4746939aa85?s=96&d=mm&r=g","url":"https:\/\/secure.gravatar.com\/avatar\/6b0eb9d22841282815e2cd856a0061c45e1761cd54b22e952d98c4746939aa85?s=96&d=mm&r=g","contentUrl":"https:\/\/secure.gravatar.com\/avatar\/6b0eb9d22841282815e2cd856a0061c45e1761cd54b22e952d98c4746939aa85?s=96&d=mm&r=g","caption":"Michele Azevedo"},"description":"Dipl\u00f4m\u00e9e en litt\u00e9rature portugaise\/anglaise de l&#039;Universit\u00e9 d&#039;\u00c9tat de Ponta Grossa (UEPG), avec des dipl\u00f4mes de troisi\u00e8me cycle en art dans l&#039;\u00e9ducation (FAPI) et en psychop\u00e9dagogie scolaire (FAPI), elle est la cr\u00e9atrice et propri\u00e9taire du site web Escritora de Sucesso, a de l&#039;exp\u00e9rience dans l&#039;\u00e9criture pour les blogs en g\u00e9n\u00e9ral et travaille comme r\u00e9dactrice et \u00e9ditrice du contenu pour Ora\u00e7\u00e3o e F\u00e9.","url":"https:\/\/www.oracaoefe.com\/fr\/author\/michele-azevedo\/"}]}},"_links":{"self":[{"href":"https:\/\/www.oracaoefe.com\/fr\/wp-json\/wp\/v2\/posts\/2737","targetHints":{"allow":["GET"]}}],"collection":[{"href":"https:\/\/www.oracaoefe.com\/fr\/wp-json\/wp\/v2\/posts"}],"about":[{"href":"https:\/\/www.oracaoefe.com\/fr\/wp-json\/wp\/v2\/types\/post"}],"author":[{"embeddable":true,"href":"https:\/\/www.oracaoefe.com\/fr\/wp-json\/wp\/v2\/users\/3"}],"replies":[{"embeddable":true,"href":"https:\/\/www.oracaoefe.com\/fr\/wp-json\/wp\/v2\/comments?post=2737"}],"version-history":[{"count":2,"href":"https:\/\/www.oracaoefe.com\/fr\/wp-json\/wp\/v2\/posts\/2737\/revisions"}],"predecessor-version":[{"id":2754,"href":"https:\/\/www.oracaoefe.com\/fr\/wp-json\/wp\/v2\/posts\/2737\/revisions\/2754"}],"wp:featuredmedia":[{"embeddable":true,"href":"https:\/\/www.oracaoefe.com\/fr\/wp-json\/wp\/v2\/media\/2753"}],"wp:attachment":[{"href":"https:\/\/www.oracaoefe.com\/fr\/wp-json\/wp\/v2\/media?parent=2737"}],"wp:term":[{"taxonomy":"category","embeddable":true,"href":"https:\/\/www.oracaoefe.com\/fr\/wp-json\/wp\/v2\/categories?post=2737"},{"taxonomy":"post_tag","embeddable":true,"href":"https:\/\/www.oracaoefe.com\/fr\/wp-json\/wp\/v2\/tags?post=2737"}],"curies":[{"name":"wp","href":"https:\/\/api.w.org\/{rel}","templated":true}]}}