{"id":2735,"date":"2024-03-31T01:00:00","date_gmt":"2024-03-31T04:00:00","guid":{"rendered":"https:\/\/www.oracaoefe.com\/?p=2735"},"modified":"2025-06-15T15:17:27","modified_gmt":"2025-06-15T18:17:27","slug":"o-que-a-biblia-fala-sobre-justica-de-deus","status":"publish","type":"post","link":"https:\/\/www.oracaoefe.com\/fr\/o-que-a-biblia-fala-sobre-justica-de-deus\/","title":{"rendered":"O que a B\u00edblia fala sobre justi\u00e7a de Deus?"},"content":{"rendered":"<p class=\"wp-block-paragraph\">A justi\u00e7a \u00e9 um tema central em v\u00e1rias religi\u00f5es e filosofias ao redor do mundo. Na tradi\u00e7\u00e3o crist\u00e3, a B\u00edblia desempenha um papel fundamental na defini\u00e7\u00e3o da natureza e do car\u00e1ter da justi\u00e7a de Deus. Ao longo das Escrituras, encontramos uma variedade de passagens que exploram esse conceito complexo e importante.&nbsp;<\/p>\n\n\n\n<h2 class=\"wp-block-heading\">A Natureza da Justi\u00e7a de Deus<\/h2>\n\n\n\n<p class=\"wp-block-paragraph\">A B\u00edblia apresenta Deus como o padr\u00e3o supremo de justi\u00e7a e retid\u00e3o. Em Deuteron\u00f4mio 32:4, lemos: &#8220;Ele \u00e9 a Rocha, suas obras s\u00e3o perfeitas, e todos os seus caminhos s\u00e3o justos. Deus \u00e9 fiel e n\u00e3o comete erros; ele \u00e9 justo e reto&#8221;. Essa passagem destaca a perfei\u00e7\u00e3o e a imutabilidade da justi\u00e7a divina.<\/p>\n\n\n\n<p class=\"wp-block-paragraph\">Al\u00e9m disso, a justi\u00e7a de Deus \u00e9 insepar\u00e1vel de seu amor e miseric\u00f3rdia. O Salmo 89:14 proclama: &#8220;A justi\u00e7a e o direito s\u00e3o a base do teu trono; amor e fidelidade v\u00e3o adiante de ti&#8221;. Aqui, vemos que a justi\u00e7a de Deus n\u00e3o \u00e9 uma qualidade isolada, mas est\u00e1 intrinsecamente ligada \u00e0 sua natureza amorosa e compassiva.<\/p>\n\n\n\n<h2 class=\"wp-block-heading\">A Manifesta\u00e7\u00e3o da Justi\u00e7a de Deus na Hist\u00f3ria<\/h2>\n\n\n\n<p class=\"wp-block-paragraph\">Ao longo da B\u00edblia, vemos a justi\u00e7a de Deus se manifestando de v\u00e1rias maneiras. Em muitos casos, isso ocorre atrav\u00e9s de julgamentos e puni\u00e7\u00f5es sobre o pecado e a injusti\u00e7a. Por exemplo, a hist\u00f3ria do Dil\u00favio, narrada em G\u00eanesis, ilustra como Deus julgou a corrup\u00e7\u00e3o da humanidade atrav\u00e9s do dil\u00favio, preservando apenas No\u00e9 e sua fam\u00edlia por sua retid\u00e3o.<\/p>\n\n\n\n<p class=\"wp-block-paragraph\">No entanto, a justi\u00e7a de Deus tamb\u00e9m \u00e9 demonstrada atrav\u00e9s de seu cuidado e prote\u00e7\u00e3o dos oprimidos e marginalizados. Os profetas do Antigo Testamento frequentemente denunciavam a opress\u00e3o dos pobres e dos estrangeiros e proclamavam a justi\u00e7a de Deus em favor deles. O profeta Isa\u00edas, por exemplo, exorta: &#8220;Aprendam a fazer o que \u00e9 correto! Protejam os direitos dos oprimidos e defendam a causa dos \u00f3rf\u00e3os e das vi\u00favas&#8221; (Isa\u00edas 1:17).<\/p>\n\n\n\n<figure class=\"wp-block-image size-large\"><img loading=\"lazy\" decoding=\"async\" width=\"1024\" height=\"682\" src=\"https:\/\/www.oracaoefe.com\/wp-content\/uploads\/2024\/03\/image-4-1024x682.png\" alt=\"\" class=\"wp-image-2751\" srcset=\"https:\/\/www.oracaoefe.com\/wp-content\/uploads\/2024\/03\/image-4-1024x682.png 1024w, https:\/\/www.oracaoefe.com\/wp-content\/uploads\/2024\/03\/image-4-300x200.png 300w, https:\/\/www.oracaoefe.com\/wp-content\/uploads\/2024\/03\/image-4-768x512.png 768w, https:\/\/www.oracaoefe.com\/wp-content\/uploads\/2024\/03\/image-4-18x12.png 18w, https:\/\/www.oracaoefe.com\/wp-content\/uploads\/2024\/03\/image-4.png 1280w\" sizes=\"auto, (max-width: 1024px) 100vw, 1024px\" \/><\/figure>\n\n\n\n<h2 class=\"wp-block-heading\">A Justi\u00e7a de Deus e a Reden\u00e7\u00e3o<\/h2>\n\n\n\n<p class=\"wp-block-paragraph\">Embora a justi\u00e7a de Deus exija julgamento sobre o pecado, ela tamb\u00e9m oferece uma rota de reden\u00e7\u00e3o e restaura\u00e7\u00e3o. O Novo Testamento revela como Deus demonstrou sua justi\u00e7a ao enviar Jesus Cristo para morrer na cruz pelos pecados da humanidade.&nbsp;<\/p>\n\n\n\n<p class=\"wp-block-paragraph\">Como afirma Romanos 3:23-24: &#8220;Todos pecaram e est\u00e3o afastados da presen\u00e7a gloriosa de Deus. No entanto, ele os aceita por meio da sua bondade. Ele os liberta e perdoados, porque Cristo Jesus deu a sua vida para pagar pelos seus pecados&#8221;.<\/p>\n\n\n\n<p class=\"wp-block-paragraph\">Assim, a justi\u00e7a de Deus \u00e9 vista n\u00e3o apenas como uma qualidade que exige puni\u00e7\u00e3o pelo pecado, mas tamb\u00e9m como um meio pelo qual o perd\u00e3o e a reconcilia\u00e7\u00e3o s\u00e3o oferecidos \u00e0queles que se voltam para ele em arrependimento e f\u00e9.<\/p>\n\n\n\n<h2 class=\"wp-block-heading\">Implica\u00e7\u00f5es Pr\u00e1ticas da Justi\u00e7a de Deus<\/h2>\n\n\n\n<p class=\"wp-block-paragraph\">Para os crentes, a compreens\u00e3o da justi\u00e7a de Deus tem implica\u00e7\u00f5es significativas em suas vidas. Isso os chama a viver vidas de retid\u00e3o e integridade, buscando obedecer aos mandamentos de Deus e praticar a justi\u00e7a em todas as \u00e1reas de suas vidas. Como est\u00e1 escrito em Miqueias 6:8: &#8220;Ele mostrou a voc\u00ea, \u00f3 homem, o que \u00e9 bom e o que o Senhor exige: pratique a justi\u00e7a, ame a fidelidade e ande humildemente com o seu Deus&#8221;.<\/p>\n\n\n\n<p class=\"wp-block-paragraph\">Al\u00e9m disso, a justi\u00e7a de Deus tamb\u00e9m convoca os crentes a serem agentes de mudan\u00e7a e transforma\u00e7\u00e3o em um mundo marcado pela injusti\u00e7a e desigualdade. Isso significa defender os oprimidos, cuidar dos necessitados e trabalhar pela paz e reconcilia\u00e7\u00e3o em todas as \u00e1reas da sociedade.<\/p>\n\n\n\n<h2 class=\"wp-block-heading\">A Justi\u00e7a de Deus<\/h2>\n\n\n\n<p class=\"wp-block-paragraph\">A B\u00edblia oferece uma vis\u00e3o abrangente e profunda da justi\u00e7a de Deus, revelando-o como o padr\u00e3o supremo de retid\u00e3o, amor e miseric\u00f3rdia. Ao longo das Escrituras, vemos como a justi\u00e7a de Deus se manifesta na hist\u00f3ria, na reden\u00e7\u00e3o e na vida dos crentes.&nbsp;<\/p>\n\n\n\n<p class=\"wp-block-paragraph\">Para aqueles que seguem a Deus, a compreens\u00e3o de Sua justi\u00e7a os chama a viver vidas de retid\u00e3o e a serem agentes de transforma\u00e7\u00e3o em um mundo que tanto precisa de justi\u00e7a e amor. Que possamos nos esfor\u00e7ar para refletir a justi\u00e7a de Deus em todas as nossas a\u00e7\u00f5es e relacionamentos, para a gl\u00f3ria de seu nome.<\/p>\n\n\n\n<p class=\"wp-block-paragraph\"><strong>Voir aussi\u00a0: <a href=\"https:\/\/www.oracaoefe.com\/fr\/orar-pode-mudar-tudo-entenda-as-razoes-desse-fato\/\">Orar pode mudar tudo; entenda as raz\u00f5es desse fato<\/a><\/strong><\/p>\n\n\n\n<p class=\"wp-block-paragraph\">31 de mar\u00e7o de 2024<\/p>","protected":false},"excerpt":{"rendered":"<p>A justi\u00e7a \u00e9 um tema central em v\u00e1rias religi\u00f5es e filosofias ao redor do mundo. Na tradi\u00e7\u00e3o crist\u00e3, a B\u00edblia desempenha um papel fundamental na defini\u00e7\u00e3o da natureza e do car\u00e1ter da justi\u00e7a de Deus. Ao longo das Escrituras, encontramos uma variedade de passagens que exploram esse conceito complexo e importante.&nbsp; A Natureza da Justi\u00e7a&hellip;&nbsp;<\/p>","protected":false},"author":3,"featured_media":2751,"comment_status":"closed","ping_status":"closed","sticky":false,"template":"","format":"standard","meta":{"neve_meta_sidebar":"","neve_meta_container":"","neve_meta_enable_content_width":"","neve_meta_content_width":0,"neve_meta_title_alignment":"","neve_meta_author_avatar":"","neve_post_elements_order":"","neve_meta_disable_header":"","neve_meta_disable_footer":"","neve_meta_disable_title":"","footnotes":""},"categories":[3],"tags":[],"class_list":["post-2735","post","type-post","status-publish","format-standard","has-post-thumbnail","hentry","category-fe"],"yoast_head":"<!-- This site is optimized with the Yoast SEO plugin v28.4 - https:\/\/yoast.com\/product\/yoast-seo-wordpress\/ -->\n<title>O que a B\u00edblia fala sobre justi\u00e7a de Deus? - Ora\u00e7\u00e3o e F\u00e9<\/title>\n<meta name=\"description\" content=\"Deus tem pra voc\u00ea uma palavra de vida!\" \/>\n<meta name=\"robots\" content=\"index, follow, max-snippet:-1, max-image-preview:large, max-video-preview:-1\" \/>\n<link rel=\"canonical\" href=\"https:\/\/www.oracaoefe.com\/fr\/o-que-a-biblia-fala-sobre-justica-de-deus\/\" \/>\n<meta property=\"og:locale\" content=\"fr_FR\" \/>\n<meta property=\"og:type\" content=\"article\" \/>\n<meta property=\"og:title\" content=\"O que a B\u00edblia fala sobre justi\u00e7a de Deus? - Ora\u00e7\u00e3o e F\u00e9\" \/>\n<meta property=\"og:description\" content=\"Deus tem pra voc\u00ea uma palavra de vida!\" \/>\n<meta property=\"og:url\" content=\"https:\/\/www.oracaoefe.com\/fr\/o-que-a-biblia-fala-sobre-justica-de-deus\/\" \/>\n<meta property=\"og:site_name\" content=\"Ora\u00e7\u00e3o e F\u00e9\" \/>\n<meta property=\"article:published_time\" content=\"2024-03-31T04:00:00+00:00\" \/>\n<meta property=\"article:modified_time\" content=\"2025-06-15T18:17:27+00:00\" \/>\n<meta property=\"og:image\" content=\"https:\/\/www.oracaoefe.com\/wp-content\/uploads\/2024\/03\/image-4.png\" \/>\n\t<meta property=\"og:image:width\" content=\"1280\" \/>\n\t<meta property=\"og:image:height\" content=\"853\" \/>\n\t<meta property=\"og:image:type\" content=\"image\/png\" \/>\n<meta name=\"author\" content=\"Michele Azevedo\" \/>\n<meta name=\"twitter:card\" content=\"summary_large_image\" \/>\n<meta name=\"twitter:label1\" content=\"\u00c9crit par\" \/>\n\t<meta name=\"twitter:data1\" content=\"Michele Azevedo\" \/>\n\t<meta name=\"twitter:label2\" content=\"Dur\u00e9e de lecture estim\u00e9e\" \/>\n\t<meta name=\"twitter:data2\" content=\"4 minutes\" \/>\n<script type=\"application\/ld+json\" class=\"yoast-schema-graph\">{\"@context\":\"https:\\\/\\\/schema.org\",\"@graph\":[{\"@type\":\"Article\",\"@id\":\"https:\\\/\\\/www.oracaoefe.com\\\/o-que-a-biblia-fala-sobre-justica-de-deus\\\/#article\",\"isPartOf\":{\"@id\":\"https:\\\/\\\/www.oracaoefe.com\\\/o-que-a-biblia-fala-sobre-justica-de-deus\\\/\"},\"author\":{\"name\":\"Michele Azevedo\",\"@id\":\"https:\\\/\\\/www.oracaoefe.com\\\/#\\\/schema\\\/person\\\/17283c669442cf005c4d5bb58adfb7f5\"},\"headline\":\"O que a B\u00edblia fala sobre justi\u00e7a de Deus?\",\"datePublished\":\"2024-03-31T04:00:00+00:00\",\"dateModified\":\"2025-06-15T18:17:27+00:00\",\"mainEntityOfPage\":{\"@id\":\"https:\\\/\\\/www.oracaoefe.com\\\/o-que-a-biblia-fala-sobre-justica-de-deus\\\/\"},\"wordCount\":788,\"image\":{\"@id\":\"https:\\\/\\\/www.oracaoefe.com\\\/o-que-a-biblia-fala-sobre-justica-de-deus\\\/#primaryimage\"},\"thumbnailUrl\":\"https:\\\/\\\/www.oracaoefe.com\\\/wp-content\\\/uploads\\\/2024\\\/03\\\/image-4.png\",\"articleSection\":[\"F\u00e9\"],\"inLanguage\":\"fr-FR\"},{\"@type\":\"WebPage\",\"@id\":\"https:\\\/\\\/www.oracaoefe.com\\\/o-que-a-biblia-fala-sobre-justica-de-deus\\\/\",\"url\":\"https:\\\/\\\/www.oracaoefe.com\\\/o-que-a-biblia-fala-sobre-justica-de-deus\\\/\",\"name\":\"O que a B\u00edblia fala sobre justi\u00e7a de Deus? - Ora\u00e7\u00e3o e F\u00e9\",\"isPartOf\":{\"@id\":\"https:\\\/\\\/www.oracaoefe.com\\\/#website\"},\"primaryImageOfPage\":{\"@id\":\"https:\\\/\\\/www.oracaoefe.com\\\/o-que-a-biblia-fala-sobre-justica-de-deus\\\/#primaryimage\"},\"image\":{\"@id\":\"https:\\\/\\\/www.oracaoefe.com\\\/o-que-a-biblia-fala-sobre-justica-de-deus\\\/#primaryimage\"},\"thumbnailUrl\":\"https:\\\/\\\/www.oracaoefe.com\\\/wp-content\\\/uploads\\\/2024\\\/03\\\/image-4.png\",\"datePublished\":\"2024-03-31T04:00:00+00:00\",\"dateModified\":\"2025-06-15T18:17:27+00:00\",\"author\":{\"@id\":\"https:\\\/\\\/www.oracaoefe.com\\\/#\\\/schema\\\/person\\\/17283c669442cf005c4d5bb58adfb7f5\"},\"description\":\"Deus tem pra voc\u00ea uma palavra de vida!\",\"breadcrumb\":{\"@id\":\"https:\\\/\\\/www.oracaoefe.com\\\/o-que-a-biblia-fala-sobre-justica-de-deus\\\/#breadcrumb\"},\"inLanguage\":\"fr-FR\",\"potentialAction\":[{\"@type\":\"ReadAction\",\"target\":[\"https:\\\/\\\/www.oracaoefe.com\\\/o-que-a-biblia-fala-sobre-justica-de-deus\\\/\"]}]},{\"@type\":\"ImageObject\",\"inLanguage\":\"fr-FR\",\"@id\":\"https:\\\/\\\/www.oracaoefe.com\\\/o-que-a-biblia-fala-sobre-justica-de-deus\\\/#primaryimage\",\"url\":\"https:\\\/\\\/www.oracaoefe.com\\\/wp-content\\\/uploads\\\/2024\\\/03\\\/image-4.png\",\"contentUrl\":\"https:\\\/\\\/www.oracaoefe.com\\\/wp-content\\\/uploads\\\/2024\\\/03\\\/image-4.png\",\"width\":1280,\"height\":853},{\"@type\":\"BreadcrumbList\",\"@id\":\"https:\\\/\\\/www.oracaoefe.com\\\/o-que-a-biblia-fala-sobre-justica-de-deus\\\/#breadcrumb\",\"itemListElement\":[{\"@type\":\"ListItem\",\"position\":1,\"name\":\"Home\",\"item\":\"https:\\\/\\\/www.oracaoefe.com\\\/\"},{\"@type\":\"ListItem\",\"position\":2,\"name\":\"O que a B\u00edblia fala sobre justi\u00e7a de Deus?\"}]},{\"@type\":\"WebSite\",\"@id\":\"https:\\\/\\\/www.oracaoefe.com\\\/#website\",\"url\":\"https:\\\/\\\/www.oracaoefe.com\\\/\",\"name\":\"Ora\u00e7\u00e3o e F\u00e9\",\"description\":\"\",\"potentialAction\":[{\"@type\":\"SearchAction\",\"target\":{\"@type\":\"EntryPoint\",\"urlTemplate\":\"https:\\\/\\\/www.oracaoefe.com\\\/?s={search_term_string}\"},\"query-input\":{\"@type\":\"PropertyValueSpecification\",\"valueRequired\":true,\"valueName\":\"search_term_string\"}}],\"inLanguage\":\"fr-FR\"},{\"@type\":\"Person\",\"@id\":\"https:\\\/\\\/www.oracaoefe.com\\\/#\\\/schema\\\/person\\\/17283c669442cf005c4d5bb58adfb7f5\",\"name\":\"Michele Azevedo\",\"image\":{\"@type\":\"ImageObject\",\"inLanguage\":\"fr-FR\",\"@id\":\"https:\\\/\\\/secure.gravatar.com\\\/avatar\\\/6b0eb9d22841282815e2cd856a0061c45e1761cd54b22e952d98c4746939aa85?s=96&d=mm&r=g\",\"url\":\"https:\\\/\\\/secure.gravatar.com\\\/avatar\\\/6b0eb9d22841282815e2cd856a0061c45e1761cd54b22e952d98c4746939aa85?s=96&d=mm&r=g\",\"contentUrl\":\"https:\\\/\\\/secure.gravatar.com\\\/avatar\\\/6b0eb9d22841282815e2cd856a0061c45e1761cd54b22e952d98c4746939aa85?s=96&d=mm&r=g\",\"caption\":\"Michele Azevedo\"},\"description\":\"Formada em Letras - Portugu\u00eas\\\/ Ingl\u00eas pela Universidade Estadual de Ponta Grossa (UEPG), p\u00f3s-graduada em Arte na Educa\u00e7\u00e3o (FAPI) e Psicopedagogia Escolar (FAPI), idealizadora e propriet\u00e1ria do site Escritora de Sucesso, possui experi\u00eancia em escrita para blogs em geral e atua como redatora e revisora dos conte\u00fados do Ora\u00e7\u00e3o e F\u00e9.\",\"url\":\"https:\\\/\\\/www.oracaoefe.com\\\/fr\\\/author\\\/michele-azevedo\\\/\"}]}<\/script>\n<!-- \/ Yoast SEO plugin. -->","yoast_head_json":{"title":"O que a B\u00edblia fala sobre justi\u00e7a de Deus? - Ora\u00e7\u00e3o e F\u00e9","description":"Dieu a une parole de vie pour vous !","robots":{"index":"index","follow":"follow","max-snippet":"max-snippet:-1","max-image-preview":"max-image-preview:large","max-video-preview":"max-video-preview:-1"},"canonical":"https:\/\/www.oracaoefe.com\/fr\/o-que-a-biblia-fala-sobre-justica-de-deus\/","og_locale":"fr_FR","og_type":"article","og_title":"O que a B\u00edblia fala sobre justi\u00e7a de Deus? - Ora\u00e7\u00e3o e F\u00e9","og_description":"Deus tem pra voc\u00ea uma palavra de vida!","og_url":"https:\/\/www.oracaoefe.com\/fr\/o-que-a-biblia-fala-sobre-justica-de-deus\/","og_site_name":"Ora\u00e7\u00e3o e F\u00e9","article_published_time":"2024-03-31T04:00:00+00:00","article_modified_time":"2025-06-15T18:17:27+00:00","og_image":[{"width":1280,"height":853,"url":"https:\/\/www.oracaoefe.com\/wp-content\/uploads\/2024\/03\/image-4.png","type":"image\/png"}],"author":"Michele Azevedo","twitter_card":"summary_large_image","twitter_misc":{"\u00c9crit par":"Michele Azevedo","Dur\u00e9e de lecture estim\u00e9e":"4 minutes"},"schema":{"@context":"https:\/\/schema.org","@graph":[{"@type":"Article","@id":"https:\/\/www.oracaoefe.com\/o-que-a-biblia-fala-sobre-justica-de-deus\/#article","isPartOf":{"@id":"https:\/\/www.oracaoefe.com\/o-que-a-biblia-fala-sobre-justica-de-deus\/"},"author":{"name":"Michele Azevedo","@id":"https:\/\/www.oracaoefe.com\/#\/schema\/person\/17283c669442cf005c4d5bb58adfb7f5"},"headline":"O que a B\u00edblia fala sobre justi\u00e7a de Deus?","datePublished":"2024-03-31T04:00:00+00:00","dateModified":"2025-06-15T18:17:27+00:00","mainEntityOfPage":{"@id":"https:\/\/www.oracaoefe.com\/o-que-a-biblia-fala-sobre-justica-de-deus\/"},"wordCount":788,"image":{"@id":"https:\/\/www.oracaoefe.com\/o-que-a-biblia-fala-sobre-justica-de-deus\/#primaryimage"},"thumbnailUrl":"https:\/\/www.oracaoefe.com\/wp-content\/uploads\/2024\/03\/image-4.png","articleSection":["F\u00e9"],"inLanguage":"fr-FR"},{"@type":"WebPage","@id":"https:\/\/www.oracaoefe.com\/o-que-a-biblia-fala-sobre-justica-de-deus\/","url":"https:\/\/www.oracaoefe.com\/o-que-a-biblia-fala-sobre-justica-de-deus\/","name":"O que a B\u00edblia fala sobre justi\u00e7a de Deus? - Ora\u00e7\u00e3o e F\u00e9","isPartOf":{"@id":"https:\/\/www.oracaoefe.com\/#website"},"primaryImageOfPage":{"@id":"https:\/\/www.oracaoefe.com\/o-que-a-biblia-fala-sobre-justica-de-deus\/#primaryimage"},"image":{"@id":"https:\/\/www.oracaoefe.com\/o-que-a-biblia-fala-sobre-justica-de-deus\/#primaryimage"},"thumbnailUrl":"https:\/\/www.oracaoefe.com\/wp-content\/uploads\/2024\/03\/image-4.png","datePublished":"2024-03-31T04:00:00+00:00","dateModified":"2025-06-15T18:17:27+00:00","author":{"@id":"https:\/\/www.oracaoefe.com\/#\/schema\/person\/17283c669442cf005c4d5bb58adfb7f5"},"description":"Dieu a une parole de vie pour vous !","breadcrumb":{"@id":"https:\/\/www.oracaoefe.com\/o-que-a-biblia-fala-sobre-justica-de-deus\/#breadcrumb"},"inLanguage":"fr-FR","potentialAction":[{"@type":"ReadAction","target":["https:\/\/www.oracaoefe.com\/o-que-a-biblia-fala-sobre-justica-de-deus\/"]}]},{"@type":"ImageObject","inLanguage":"fr-FR","@id":"https:\/\/www.oracaoefe.com\/o-que-a-biblia-fala-sobre-justica-de-deus\/#primaryimage","url":"https:\/\/www.oracaoefe.com\/wp-content\/uploads\/2024\/03\/image-4.png","contentUrl":"https:\/\/www.oracaoefe.com\/wp-content\/uploads\/2024\/03\/image-4.png","width":1280,"height":853},{"@type":"BreadcrumbList","@id":"https:\/\/www.oracaoefe.com\/o-que-a-biblia-fala-sobre-justica-de-deus\/#breadcrumb","itemListElement":[{"@type":"ListItem","position":1,"name":"Home","item":"https:\/\/www.oracaoefe.com\/"},{"@type":"ListItem","position":2,"name":"O que a B\u00edblia fala sobre justi\u00e7a de Deus?"}]},{"@type":"WebSite","@id":"https:\/\/www.oracaoefe.com\/#website","url":"https:\/\/www.oracaoefe.com\/","name":"Pri\u00e8re et foi","description":"","potentialAction":[{"@type":"SearchAction","target":{"@type":"EntryPoint","urlTemplate":"https:\/\/www.oracaoefe.com\/?s={search_term_string}"},"query-input":{"@type":"PropertyValueSpecification","valueRequired":true,"valueName":"search_term_string"}}],"inLanguage":"fr-FR"},{"@type":"Person","@id":"https:\/\/www.oracaoefe.com\/#\/schema\/person\/17283c669442cf005c4d5bb58adfb7f5","name":"Michele Azevedo","image":{"@type":"ImageObject","inLanguage":"fr-FR","@id":"https:\/\/secure.gravatar.com\/avatar\/6b0eb9d22841282815e2cd856a0061c45e1761cd54b22e952d98c4746939aa85?s=96&d=mm&r=g","url":"https:\/\/secure.gravatar.com\/avatar\/6b0eb9d22841282815e2cd856a0061c45e1761cd54b22e952d98c4746939aa85?s=96&d=mm&r=g","contentUrl":"https:\/\/secure.gravatar.com\/avatar\/6b0eb9d22841282815e2cd856a0061c45e1761cd54b22e952d98c4746939aa85?s=96&d=mm&r=g","caption":"Michele Azevedo"},"description":"Dipl\u00f4m\u00e9e en litt\u00e9rature portugaise\/anglaise de l&#039;Universit\u00e9 d&#039;\u00c9tat de Ponta Grossa (UEPG), avec des dipl\u00f4mes de troisi\u00e8me cycle en art dans l&#039;\u00e9ducation (FAPI) et en psychop\u00e9dagogie scolaire (FAPI), elle est la cr\u00e9atrice et propri\u00e9taire du site web Escritora de Sucesso, a de l&#039;exp\u00e9rience dans l&#039;\u00e9criture pour les blogs en g\u00e9n\u00e9ral et travaille comme r\u00e9dactrice et \u00e9ditrice du contenu pour Ora\u00e7\u00e3o e F\u00e9.","url":"https:\/\/www.oracaoefe.com\/fr\/author\/michele-azevedo\/"}]}},"_links":{"self":[{"href":"https:\/\/www.oracaoefe.com\/fr\/wp-json\/wp\/v2\/posts\/2735","targetHints":{"allow":["GET"]}}],"collection":[{"href":"https:\/\/www.oracaoefe.com\/fr\/wp-json\/wp\/v2\/posts"}],"about":[{"href":"https:\/\/www.oracaoefe.com\/fr\/wp-json\/wp\/v2\/types\/post"}],"author":[{"embeddable":true,"href":"https:\/\/www.oracaoefe.com\/fr\/wp-json\/wp\/v2\/users\/3"}],"replies":[{"embeddable":true,"href":"https:\/\/www.oracaoefe.com\/fr\/wp-json\/wp\/v2\/comments?post=2735"}],"version-history":[{"count":2,"href":"https:\/\/www.oracaoefe.com\/fr\/wp-json\/wp\/v2\/posts\/2735\/revisions"}],"predecessor-version":[{"id":2752,"href":"https:\/\/www.oracaoefe.com\/fr\/wp-json\/wp\/v2\/posts\/2735\/revisions\/2752"}],"wp:featuredmedia":[{"embeddable":true,"href":"https:\/\/www.oracaoefe.com\/fr\/wp-json\/wp\/v2\/media\/2751"}],"wp:attachment":[{"href":"https:\/\/www.oracaoefe.com\/fr\/wp-json\/wp\/v2\/media?parent=2735"}],"wp:term":[{"taxonomy":"category","embeddable":true,"href":"https:\/\/www.oracaoefe.com\/fr\/wp-json\/wp\/v2\/categories?post=2735"},{"taxonomy":"post_tag","embeddable":true,"href":"https:\/\/www.oracaoefe.com\/fr\/wp-json\/wp\/v2\/tags?post=2735"}],"curies":[{"name":"wp","href":"https:\/\/api.w.org\/{rel}","templated":true}]}}