{"id":2733,"date":"2024-03-28T01:00:00","date_gmt":"2024-03-28T04:00:00","guid":{"rendered":"https:\/\/www.oracaoefe.com\/?p=2733"},"modified":"2024-03-26T22:45:30","modified_gmt":"2024-03-27T01:45:30","slug":"oracao-para-dormir-bem-a-noite-toda-4-opcoes-para-orar-com-fe","status":"publish","type":"post","link":"https:\/\/www.oracaoefe.com\/fr\/oracao-para-dormir-bem-a-noite-toda-4-opcoes-para-orar-com-fe\/","title":{"rendered":"Ora\u00e7\u00e3o para dormir bem a noite toda: 4 op\u00e7\u00f5es para orar com f\u00e9"},"content":{"rendered":"<p class=\"wp-block-paragraph\">Dormir bem \u00e9 essencial para a nossa sa\u00fade f\u00edsica, mental e espiritual. No entanto, muitas vezes, nossas mentes est\u00e3o agitadas e preocupadas, dificultando o sono tranquilo. A ora\u00e7\u00e3o pode ser uma ferramenta poderosa para acalmar a mente e preparar o corpo para um descanso reparador.&nbsp;<\/p>\n\n\n\n<h2 class=\"wp-block-heading\">Ora\u00e7\u00e3o para dormir bem a noite toda<\/h2>\n\n\n\n<p class=\"wp-block-paragraph\">Em um mundo cada vez mais agitado e cheio de preocupa\u00e7\u00f5es, a qualidade do sono muitas vezes \u00e9 sacrificada em meio ao estresse do dia a dia. No entanto, a import\u00e2ncia do descanso adequado para a nossa sa\u00fade f\u00edsica, mental e espiritual n\u00e3o pode ser subestimada.&nbsp;<\/p>\n\n\n\n<p class=\"wp-block-paragraph\">\u00c9 nesse contexto que a ora\u00e7\u00e3o para dormir bem a noite toda se revela como uma poderosa aliada. Atrav\u00e9s da conex\u00e3o com o divino e da entrega das preocupa\u00e7\u00f5es di\u00e1rias, podemos encontrar paz interior e preparar nosso corpo e mente para um sono tranquilo e restaurador.<\/p>\n\n\n\n<h3 class=\"wp-block-heading\">1. Ora\u00e7\u00e3o da Gratid\u00e3o<\/h3>\n\n\n\n<p class=\"wp-block-paragraph\">Antes de dormir, reserve um momento para refletir sobre as b\u00ean\u00e7\u00e3os do seu dia e expressar gratid\u00e3o a Deus por elas. Esta ora\u00e7\u00e3o simples pode ajudar a acalmar a mente e direcionar seus pensamentos para o positivo, criando um estado mental prop\u00edcio para um sono tranquilo.<\/p>\n\n\n\n<p class=\"wp-block-paragraph\">&#8220;Querido Deus, eu Te agrade\u00e7o por este dia que chega ao fim. Sou grato pelas b\u00ean\u00e7\u00e3os que recebi, pelas pessoas que amo e pelas experi\u00eancias que vivi. Pe\u00e7o que me ajudes a deixar para tr\u00e1s todas as preocupa\u00e7\u00f5es e ansiedades, confiando que est\u00e1s no controle de todas as coisas. Que o Teu amor e paz envolvam meu cora\u00e7\u00e3o enquanto eu me preparo para descansar. Am\u00e9m.&#8221;<\/p>\n\n\n\n<p class=\"wp-block-paragraph\">Recitar esta ora\u00e7\u00e3o com sinceridade pode ajudar a aliviar o estresse e a tens\u00e3o acumulados durante o dia, permitindo que voc\u00ea se entregue ao sono com um cora\u00e7\u00e3o grato.<\/p>\n\n\n\n<figure class=\"wp-block-image size-large\"><img loading=\"lazy\" decoding=\"async\" width=\"1024\" height=\"682\" src=\"https:\/\/www.oracaoefe.com\/wp-content\/uploads\/2024\/03\/image-3-1024x682.png\" alt=\"\" class=\"wp-image-2749\" srcset=\"https:\/\/www.oracaoefe.com\/wp-content\/uploads\/2024\/03\/image-3-1024x682.png 1024w, https:\/\/www.oracaoefe.com\/wp-content\/uploads\/2024\/03\/image-3-300x200.png 300w, https:\/\/www.oracaoefe.com\/wp-content\/uploads\/2024\/03\/image-3-768x512.png 768w, https:\/\/www.oracaoefe.com\/wp-content\/uploads\/2024\/03\/image-3-18x12.png 18w, https:\/\/www.oracaoefe.com\/wp-content\/uploads\/2024\/03\/image-3.png 1280w\" sizes=\"auto, (max-width: 1024px) 100vw, 1024px\" \/><\/figure>\n\n\n\n<h3 class=\"wp-block-heading\">2. Ora\u00e7\u00e3o pela Paz Interior<\/h3>\n\n\n\n<p class=\"wp-block-paragraph\">\u00c0s vezes, nossas mentes est\u00e3o t\u00e3o agitadas que \u00e9 dif\u00edcil encontrar paz interior o suficiente para adormecer. Esta ora\u00e7\u00e3o focada na busca da tranquilidade pode ajudar a acalmar os pensamentos ansiosos e promover um sono reparador.<\/p>\n\n\n\n<p class=\"wp-block-paragraph\">&#8220;Senhor, neste momento, eu Te pe\u00e7o que me concedas paz interior. Que Tuas m\u00e3os divinas toquem minha mente e acalmem todos os pensamentos inquietos. Ajuda-me a confiar em Ti completamente, sabendo que est\u00e1s sempre comigo. Que eu possa deitar-me nesta noite com a certeza de que estou seguro sob Tua prote\u00e7\u00e3o. Am\u00e9m.&#8221;<\/p>\n\n\n\n<p class=\"wp-block-paragraph\">Ao recitar esta ora\u00e7\u00e3o, concentre-se na sensa\u00e7\u00e3o de paz que deseja alcan\u00e7ar. Visualize-se relaxando e entregando todas as suas preocupa\u00e7\u00f5es a Deus, permitindo que Sua paz encha seu cora\u00e7\u00e3o e mente.<\/p>\n\n\n\n<h3 class=\"wp-block-heading\">3. Ora\u00e7\u00e3o pela Prote\u00e7\u00e3o Durante o Sono<\/h3>\n\n\n\n<p class=\"wp-block-paragraph\">\u00c0s vezes, nossos medos e preocupa\u00e7\u00f5es podem nos assombrar \u00e0 noite, dificultando o sono tranquilo. Esta ora\u00e7\u00e3o pela prote\u00e7\u00e3o durante o sono pode trazer conforto e seguran\u00e7a, lembrando-nos de que estamos sempre sob o cuidado amoroso de Deus.<\/p>\n\n\n\n<p class=\"wp-block-paragraph\">&#8220;Pai Celestial, \u00e0 medida que me preparo para dormir, pe\u00e7o a Tua prote\u00e7\u00e3o durante toda a noite. Livra-me de todos os medos e pesadelos, e concede-me um sono profundo e restaurador. Coloco minha confian\u00e7a em Ti, sabendo que Tu \u00e9s meu ref\u00fagio e fortaleza. Que Tua presen\u00e7a me envolva enquanto eu descanso, e que eu acorde renovado e revigorado pela Tua gra\u00e7a. Am\u00e9m.&#8221;<\/p>\n\n\n\n<p class=\"wp-block-paragraph\">Recite esta ora\u00e7\u00e3o com f\u00e9, confiando que Deus est\u00e1 sempre ao seu lado, protegendo-o e cuidando de voc\u00ea, mesmo enquanto voc\u00ea dorme.<\/p>\n\n\n\n<h3 class=\"wp-block-heading\">4. Ora\u00e7\u00e3o pela Renova\u00e7\u00e3o Espiritual<\/h3>\n\n\n\n<p class=\"wp-block-paragraph\">Assim como nosso corpo f\u00edsico precisa de descanso, nossa alma tamb\u00e9m precisa de renova\u00e7\u00e3o espiritual. Esta ora\u00e7\u00e3o pela renova\u00e7\u00e3o espiritual antes de dormir pode ajud\u00e1-lo a encontrar descanso n\u00e3o apenas para o seu corpo, mas tamb\u00e9m para a sua alma.<\/p>\n\n\n\n<p class=\"wp-block-paragraph\">&#8220;Divino Criador, \u00e0 medida que me preparo para dormir, pe\u00e7o que renoves minha mente, meu corpo e minha alma. Limpa-me de todas as impurezas e fortalece-me com Tua presen\u00e7a divina. Que eu possa acordar amanh\u00e3 revigorado e renovado, pronto para enfrentar um novo dia com f\u00e9 e coragem. Obrigado por Tuas infinitas b\u00ean\u00e7\u00e3os e por este momento de descanso em Tua presen\u00e7a. Am\u00e9m.&#8221;<\/p>\n\n\n\n<p class=\"wp-block-paragraph\">Recitar esta ora\u00e7\u00e3o antes de dormir pode ajud\u00e1-lo a se reconectar com sua espiritualidade e encontrar descanso e renova\u00e7\u00e3o em Deus.<\/p>\n\n\n\n<h2 class=\"wp-block-heading\">Acalme a mente e o esp\u00edrito<\/h2>\n\n\n\n<p class=\"wp-block-paragraph\">A ora\u00e7\u00e3o \u00e9 uma poderosa ferramenta para acalmar a mente e o esp\u00edrito, preparando-nos para um sono reparador e rejuvenescedor. Experimente estas quatro diferentes ora\u00e7\u00f5es antes de dormir e descubra qual ressoa mais profundamente com voc\u00ea.&nbsp;<\/p>\n\n\n\n<p class=\"wp-block-paragraph\">Que esses momentos de conex\u00e3o espiritual tragam paz, conforto e renova\u00e7\u00e3o \u00e0 sua vida, permitindo que voc\u00ea desfrute de um sono tranquilo e revigorante todas as noites. Que Deus aben\u00e7oe seu descanso e sua jornada espiritual.<\/p>\n\n\n\n<p class=\"wp-block-paragraph\"><strong>Voir aussi\u00a0: <a href=\"https:\/\/www.oracaoefe.com\/fr\/orar-pode-mudar-tudo-entenda-as-razoes-desse-fato\/\">Orar pode mudar tudo; entenda as raz\u00f5es desse fato<\/a><\/strong><\/p>\n\n\n\n<p class=\"wp-block-paragraph\">28 de mar\u00e7o de 2024<\/p>","protected":false},"excerpt":{"rendered":"<p>Dormir bem \u00e9 essencial para a nossa sa\u00fade f\u00edsica, mental e espiritual. No entanto, muitas vezes, nossas mentes est\u00e3o agitadas e preocupadas, dificultando o sono tranquilo. A ora\u00e7\u00e3o pode ser uma ferramenta poderosa para acalmar a mente e preparar o corpo para um descanso reparador.&nbsp; Ora\u00e7\u00e3o para dormir bem a noite toda Em um mundo&hellip;&nbsp;<\/p>","protected":false},"author":3,"featured_media":2749,"comment_status":"closed","ping_status":"closed","sticky":false,"template":"","format":"standard","meta":{"neve_meta_sidebar":"","neve_meta_container":"","neve_meta_enable_content_width":"","neve_meta_content_width":0,"neve_meta_title_alignment":"","neve_meta_author_avatar":"","neve_post_elements_order":"","neve_meta_disable_header":"","neve_meta_disable_footer":"","neve_meta_disable_title":"","footnotes":""},"categories":[2],"tags":[],"class_list":["post-2733","post","type-post","status-publish","format-standard","has-post-thumbnail","hentry","category-oracao"],"yoast_head":"<!-- This site is optimized with the Yoast SEO plugin v28.4 - https:\/\/yoast.com\/product\/yoast-seo-wordpress\/ -->\n<title>Ora\u00e7\u00e3o para dormir bem a noite toda: 4 op\u00e7\u00f5es para orar com f\u00e9 - Ora\u00e7\u00e3o e F\u00e9<\/title>\n<meta name=\"description\" content=\"Deus tem pra voc\u00ea uma palavra de vida!\" \/>\n<meta name=\"robots\" content=\"index, follow, max-snippet:-1, max-image-preview:large, max-video-preview:-1\" \/>\n<link rel=\"canonical\" href=\"https:\/\/www.oracaoefe.com\/fr\/oracao-para-dormir-bem-a-noite-toda-4-opcoes-para-orar-com-fe\/\" \/>\n<meta property=\"og:locale\" content=\"fr_FR\" \/>\n<meta property=\"og:type\" content=\"article\" \/>\n<meta property=\"og:title\" content=\"Ora\u00e7\u00e3o para dormir bem a noite toda: 4 op\u00e7\u00f5es para orar com f\u00e9 - Ora\u00e7\u00e3o e F\u00e9\" \/>\n<meta property=\"og:description\" content=\"Deus tem pra voc\u00ea uma palavra de vida!\" \/>\n<meta property=\"og:url\" content=\"https:\/\/www.oracaoefe.com\/fr\/oracao-para-dormir-bem-a-noite-toda-4-opcoes-para-orar-com-fe\/\" \/>\n<meta property=\"og:site_name\" content=\"Ora\u00e7\u00e3o e F\u00e9\" \/>\n<meta property=\"article:published_time\" content=\"2024-03-28T04:00:00+00:00\" \/>\n<meta property=\"og:image\" content=\"https:\/\/www.oracaoefe.com\/wp-content\/uploads\/2024\/03\/image-3.png\" \/>\n\t<meta property=\"og:image:width\" content=\"1280\" \/>\n\t<meta property=\"og:image:height\" content=\"853\" \/>\n\t<meta property=\"og:image:type\" content=\"image\/png\" \/>\n<meta name=\"author\" content=\"Michele Azevedo\" \/>\n<meta name=\"twitter:card\" content=\"summary_large_image\" \/>\n<meta name=\"twitter:label1\" content=\"\u00c9crit par\" \/>\n\t<meta name=\"twitter:data1\" content=\"Michele Azevedo\" \/>\n\t<meta name=\"twitter:label2\" content=\"Dur\u00e9e de lecture estim\u00e9e\" \/>\n\t<meta name=\"twitter:data2\" content=\"4 minutes\" \/>\n<script type=\"application\/ld+json\" class=\"yoast-schema-graph\">{\"@context\":\"https:\\\/\\\/schema.org\",\"@graph\":[{\"@type\":\"Article\",\"@id\":\"https:\\\/\\\/www.oracaoefe.com\\\/oracao-para-dormir-bem-a-noite-toda-4-opcoes-para-orar-com-fe\\\/#article\",\"isPartOf\":{\"@id\":\"https:\\\/\\\/www.oracaoefe.com\\\/oracao-para-dormir-bem-a-noite-toda-4-opcoes-para-orar-com-fe\\\/\"},\"author\":{\"name\":\"Michele Azevedo\",\"@id\":\"https:\\\/\\\/www.oracaoefe.com\\\/#\\\/schema\\\/person\\\/17283c669442cf005c4d5bb58adfb7f5\"},\"headline\":\"Ora\u00e7\u00e3o para dormir bem a noite toda: 4 op\u00e7\u00f5es para orar com f\u00e9\",\"datePublished\":\"2024-03-28T04:00:00+00:00\",\"mainEntityOfPage\":{\"@id\":\"https:\\\/\\\/www.oracaoefe.com\\\/oracao-para-dormir-bem-a-noite-toda-4-opcoes-para-orar-com-fe\\\/\"},\"wordCount\":860,\"image\":{\"@id\":\"https:\\\/\\\/www.oracaoefe.com\\\/oracao-para-dormir-bem-a-noite-toda-4-opcoes-para-orar-com-fe\\\/#primaryimage\"},\"thumbnailUrl\":\"https:\\\/\\\/www.oracaoefe.com\\\/wp-content\\\/uploads\\\/2024\\\/03\\\/image-3.png\",\"articleSection\":[\"Ora\u00e7\u00e3o\"],\"inLanguage\":\"fr-FR\"},{\"@type\":\"WebPage\",\"@id\":\"https:\\\/\\\/www.oracaoefe.com\\\/oracao-para-dormir-bem-a-noite-toda-4-opcoes-para-orar-com-fe\\\/\",\"url\":\"https:\\\/\\\/www.oracaoefe.com\\\/oracao-para-dormir-bem-a-noite-toda-4-opcoes-para-orar-com-fe\\\/\",\"name\":\"Ora\u00e7\u00e3o para dormir bem a noite toda: 4 op\u00e7\u00f5es para orar com f\u00e9 - Ora\u00e7\u00e3o e F\u00e9\",\"isPartOf\":{\"@id\":\"https:\\\/\\\/www.oracaoefe.com\\\/#website\"},\"primaryImageOfPage\":{\"@id\":\"https:\\\/\\\/www.oracaoefe.com\\\/oracao-para-dormir-bem-a-noite-toda-4-opcoes-para-orar-com-fe\\\/#primaryimage\"},\"image\":{\"@id\":\"https:\\\/\\\/www.oracaoefe.com\\\/oracao-para-dormir-bem-a-noite-toda-4-opcoes-para-orar-com-fe\\\/#primaryimage\"},\"thumbnailUrl\":\"https:\\\/\\\/www.oracaoefe.com\\\/wp-content\\\/uploads\\\/2024\\\/03\\\/image-3.png\",\"datePublished\":\"2024-03-28T04:00:00+00:00\",\"author\":{\"@id\":\"https:\\\/\\\/www.oracaoefe.com\\\/#\\\/schema\\\/person\\\/17283c669442cf005c4d5bb58adfb7f5\"},\"description\":\"Deus tem pra voc\u00ea uma palavra de vida!\",\"breadcrumb\":{\"@id\":\"https:\\\/\\\/www.oracaoefe.com\\\/oracao-para-dormir-bem-a-noite-toda-4-opcoes-para-orar-com-fe\\\/#breadcrumb\"},\"inLanguage\":\"fr-FR\",\"potentialAction\":[{\"@type\":\"ReadAction\",\"target\":[\"https:\\\/\\\/www.oracaoefe.com\\\/oracao-para-dormir-bem-a-noite-toda-4-opcoes-para-orar-com-fe\\\/\"]}]},{\"@type\":\"ImageObject\",\"inLanguage\":\"fr-FR\",\"@id\":\"https:\\\/\\\/www.oracaoefe.com\\\/oracao-para-dormir-bem-a-noite-toda-4-opcoes-para-orar-com-fe\\\/#primaryimage\",\"url\":\"https:\\\/\\\/www.oracaoefe.com\\\/wp-content\\\/uploads\\\/2024\\\/03\\\/image-3.png\",\"contentUrl\":\"https:\\\/\\\/www.oracaoefe.com\\\/wp-content\\\/uploads\\\/2024\\\/03\\\/image-3.png\",\"width\":1280,\"height\":853},{\"@type\":\"BreadcrumbList\",\"@id\":\"https:\\\/\\\/www.oracaoefe.com\\\/oracao-para-dormir-bem-a-noite-toda-4-opcoes-para-orar-com-fe\\\/#breadcrumb\",\"itemListElement\":[{\"@type\":\"ListItem\",\"position\":1,\"name\":\"Home\",\"item\":\"https:\\\/\\\/www.oracaoefe.com\\\/\"},{\"@type\":\"ListItem\",\"position\":2,\"name\":\"Ora\u00e7\u00e3o\",\"item\":\"https:\\\/\\\/www.oracaoefe.com\\\/category\\\/oracao\\\/\"},{\"@type\":\"ListItem\",\"position\":3,\"name\":\"Ora\u00e7\u00e3o para dormir bem a noite toda: 4 op\u00e7\u00f5es para orar com f\u00e9\"}]},{\"@type\":\"WebSite\",\"@id\":\"https:\\\/\\\/www.oracaoefe.com\\\/#website\",\"url\":\"https:\\\/\\\/www.oracaoefe.com\\\/\",\"name\":\"Ora\u00e7\u00e3o e F\u00e9\",\"description\":\"\",\"potentialAction\":[{\"@type\":\"SearchAction\",\"target\":{\"@type\":\"EntryPoint\",\"urlTemplate\":\"https:\\\/\\\/www.oracaoefe.com\\\/?s={search_term_string}\"},\"query-input\":{\"@type\":\"PropertyValueSpecification\",\"valueRequired\":true,\"valueName\":\"search_term_string\"}}],\"inLanguage\":\"fr-FR\"},{\"@type\":\"Person\",\"@id\":\"https:\\\/\\\/www.oracaoefe.com\\\/#\\\/schema\\\/person\\\/17283c669442cf005c4d5bb58adfb7f5\",\"name\":\"Michele Azevedo\",\"image\":{\"@type\":\"ImageObject\",\"inLanguage\":\"fr-FR\",\"@id\":\"https:\\\/\\\/secure.gravatar.com\\\/avatar\\\/6b0eb9d22841282815e2cd856a0061c45e1761cd54b22e952d98c4746939aa85?s=96&d=mm&r=g\",\"url\":\"https:\\\/\\\/secure.gravatar.com\\\/avatar\\\/6b0eb9d22841282815e2cd856a0061c45e1761cd54b22e952d98c4746939aa85?s=96&d=mm&r=g\",\"contentUrl\":\"https:\\\/\\\/secure.gravatar.com\\\/avatar\\\/6b0eb9d22841282815e2cd856a0061c45e1761cd54b22e952d98c4746939aa85?s=96&d=mm&r=g\",\"caption\":\"Michele Azevedo\"},\"description\":\"Formada em Letras - Portugu\u00eas\\\/ Ingl\u00eas pela Universidade Estadual de Ponta Grossa (UEPG), p\u00f3s-graduada em Arte na Educa\u00e7\u00e3o (FAPI) e Psicopedagogia Escolar (FAPI), idealizadora e propriet\u00e1ria do site Escritora de Sucesso, possui experi\u00eancia em escrita para blogs em geral e atua como redatora e revisora dos conte\u00fados do Ora\u00e7\u00e3o e F\u00e9.\",\"url\":\"https:\\\/\\\/www.oracaoefe.com\\\/fr\\\/author\\\/michele-azevedo\\\/\"}]}<\/script>\n<!-- \/ Yoast SEO plugin. -->","yoast_head_json":{"title":"Ora\u00e7\u00e3o para dormir bem a noite toda: 4 op\u00e7\u00f5es para orar com f\u00e9 - Ora\u00e7\u00e3o e F\u00e9","description":"Dieu a une parole de vie pour vous !","robots":{"index":"index","follow":"follow","max-snippet":"max-snippet:-1","max-image-preview":"max-image-preview:large","max-video-preview":"max-video-preview:-1"},"canonical":"https:\/\/www.oracaoefe.com\/fr\/oracao-para-dormir-bem-a-noite-toda-4-opcoes-para-orar-com-fe\/","og_locale":"fr_FR","og_type":"article","og_title":"Ora\u00e7\u00e3o para dormir bem a noite toda: 4 op\u00e7\u00f5es para orar com f\u00e9 - Ora\u00e7\u00e3o e F\u00e9","og_description":"Deus tem pra voc\u00ea uma palavra de vida!","og_url":"https:\/\/www.oracaoefe.com\/fr\/oracao-para-dormir-bem-a-noite-toda-4-opcoes-para-orar-com-fe\/","og_site_name":"Ora\u00e7\u00e3o e F\u00e9","article_published_time":"2024-03-28T04:00:00+00:00","og_image":[{"width":1280,"height":853,"url":"https:\/\/www.oracaoefe.com\/wp-content\/uploads\/2024\/03\/image-3.png","type":"image\/png"}],"author":"Michele Azevedo","twitter_card":"summary_large_image","twitter_misc":{"\u00c9crit par":"Michele Azevedo","Dur\u00e9e de lecture estim\u00e9e":"4 minutes"},"schema":{"@context":"https:\/\/schema.org","@graph":[{"@type":"Article","@id":"https:\/\/www.oracaoefe.com\/oracao-para-dormir-bem-a-noite-toda-4-opcoes-para-orar-com-fe\/#article","isPartOf":{"@id":"https:\/\/www.oracaoefe.com\/oracao-para-dormir-bem-a-noite-toda-4-opcoes-para-orar-com-fe\/"},"author":{"name":"Michele Azevedo","@id":"https:\/\/www.oracaoefe.com\/#\/schema\/person\/17283c669442cf005c4d5bb58adfb7f5"},"headline":"Ora\u00e7\u00e3o para dormir bem a noite toda: 4 op\u00e7\u00f5es para orar com f\u00e9","datePublished":"2024-03-28T04:00:00+00:00","mainEntityOfPage":{"@id":"https:\/\/www.oracaoefe.com\/oracao-para-dormir-bem-a-noite-toda-4-opcoes-para-orar-com-fe\/"},"wordCount":860,"image":{"@id":"https:\/\/www.oracaoefe.com\/oracao-para-dormir-bem-a-noite-toda-4-opcoes-para-orar-com-fe\/#primaryimage"},"thumbnailUrl":"https:\/\/www.oracaoefe.com\/wp-content\/uploads\/2024\/03\/image-3.png","articleSection":["Ora\u00e7\u00e3o"],"inLanguage":"fr-FR"},{"@type":"WebPage","@id":"https:\/\/www.oracaoefe.com\/oracao-para-dormir-bem-a-noite-toda-4-opcoes-para-orar-com-fe\/","url":"https:\/\/www.oracaoefe.com\/oracao-para-dormir-bem-a-noite-toda-4-opcoes-para-orar-com-fe\/","name":"Ora\u00e7\u00e3o para dormir bem a noite toda: 4 op\u00e7\u00f5es para orar com f\u00e9 - Ora\u00e7\u00e3o e F\u00e9","isPartOf":{"@id":"https:\/\/www.oracaoefe.com\/#website"},"primaryImageOfPage":{"@id":"https:\/\/www.oracaoefe.com\/oracao-para-dormir-bem-a-noite-toda-4-opcoes-para-orar-com-fe\/#primaryimage"},"image":{"@id":"https:\/\/www.oracaoefe.com\/oracao-para-dormir-bem-a-noite-toda-4-opcoes-para-orar-com-fe\/#primaryimage"},"thumbnailUrl":"https:\/\/www.oracaoefe.com\/wp-content\/uploads\/2024\/03\/image-3.png","datePublished":"2024-03-28T04:00:00+00:00","author":{"@id":"https:\/\/www.oracaoefe.com\/#\/schema\/person\/17283c669442cf005c4d5bb58adfb7f5"},"description":"Dieu a une parole de vie pour vous !","breadcrumb":{"@id":"https:\/\/www.oracaoefe.com\/oracao-para-dormir-bem-a-noite-toda-4-opcoes-para-orar-com-fe\/#breadcrumb"},"inLanguage":"fr-FR","potentialAction":[{"@type":"ReadAction","target":["https:\/\/www.oracaoefe.com\/oracao-para-dormir-bem-a-noite-toda-4-opcoes-para-orar-com-fe\/"]}]},{"@type":"ImageObject","inLanguage":"fr-FR","@id":"https:\/\/www.oracaoefe.com\/oracao-para-dormir-bem-a-noite-toda-4-opcoes-para-orar-com-fe\/#primaryimage","url":"https:\/\/www.oracaoefe.com\/wp-content\/uploads\/2024\/03\/image-3.png","contentUrl":"https:\/\/www.oracaoefe.com\/wp-content\/uploads\/2024\/03\/image-3.png","width":1280,"height":853},{"@type":"BreadcrumbList","@id":"https:\/\/www.oracaoefe.com\/oracao-para-dormir-bem-a-noite-toda-4-opcoes-para-orar-com-fe\/#breadcrumb","itemListElement":[{"@type":"ListItem","position":1,"name":"Home","item":"https:\/\/www.oracaoefe.com\/"},{"@type":"ListItem","position":2,"name":"Ora\u00e7\u00e3o","item":"https:\/\/www.oracaoefe.com\/category\/oracao\/"},{"@type":"ListItem","position":3,"name":"Ora\u00e7\u00e3o para dormir bem a noite toda: 4 op\u00e7\u00f5es para orar com f\u00e9"}]},{"@type":"WebSite","@id":"https:\/\/www.oracaoefe.com\/#website","url":"https:\/\/www.oracaoefe.com\/","name":"Pri\u00e8re et foi","description":"","potentialAction":[{"@type":"SearchAction","target":{"@type":"EntryPoint","urlTemplate":"https:\/\/www.oracaoefe.com\/?s={search_term_string}"},"query-input":{"@type":"PropertyValueSpecification","valueRequired":true,"valueName":"search_term_string"}}],"inLanguage":"fr-FR"},{"@type":"Person","@id":"https:\/\/www.oracaoefe.com\/#\/schema\/person\/17283c669442cf005c4d5bb58adfb7f5","name":"Michele Azevedo","image":{"@type":"ImageObject","inLanguage":"fr-FR","@id":"https:\/\/secure.gravatar.com\/avatar\/6b0eb9d22841282815e2cd856a0061c45e1761cd54b22e952d98c4746939aa85?s=96&d=mm&r=g","url":"https:\/\/secure.gravatar.com\/avatar\/6b0eb9d22841282815e2cd856a0061c45e1761cd54b22e952d98c4746939aa85?s=96&d=mm&r=g","contentUrl":"https:\/\/secure.gravatar.com\/avatar\/6b0eb9d22841282815e2cd856a0061c45e1761cd54b22e952d98c4746939aa85?s=96&d=mm&r=g","caption":"Michele Azevedo"},"description":"Dipl\u00f4m\u00e9e en litt\u00e9rature portugaise\/anglaise de l&#039;Universit\u00e9 d&#039;\u00c9tat de Ponta Grossa (UEPG), avec des dipl\u00f4mes de troisi\u00e8me cycle en art dans l&#039;\u00e9ducation (FAPI) et en psychop\u00e9dagogie scolaire (FAPI), elle est la cr\u00e9atrice et propri\u00e9taire du site web Escritora de Sucesso, a de l&#039;exp\u00e9rience dans l&#039;\u00e9criture pour les blogs en g\u00e9n\u00e9ral et travaille comme r\u00e9dactrice et \u00e9ditrice du contenu pour Ora\u00e7\u00e3o e F\u00e9.","url":"https:\/\/www.oracaoefe.com\/fr\/author\/michele-azevedo\/"}]}},"_links":{"self":[{"href":"https:\/\/www.oracaoefe.com\/fr\/wp-json\/wp\/v2\/posts\/2733","targetHints":{"allow":["GET"]}}],"collection":[{"href":"https:\/\/www.oracaoefe.com\/fr\/wp-json\/wp\/v2\/posts"}],"about":[{"href":"https:\/\/www.oracaoefe.com\/fr\/wp-json\/wp\/v2\/types\/post"}],"author":[{"embeddable":true,"href":"https:\/\/www.oracaoefe.com\/fr\/wp-json\/wp\/v2\/users\/3"}],"replies":[{"embeddable":true,"href":"https:\/\/www.oracaoefe.com\/fr\/wp-json\/wp\/v2\/comments?post=2733"}],"version-history":[{"count":2,"href":"https:\/\/www.oracaoefe.com\/fr\/wp-json\/wp\/v2\/posts\/2733\/revisions"}],"predecessor-version":[{"id":2750,"href":"https:\/\/www.oracaoefe.com\/fr\/wp-json\/wp\/v2\/posts\/2733\/revisions\/2750"}],"wp:featuredmedia":[{"embeddable":true,"href":"https:\/\/www.oracaoefe.com\/fr\/wp-json\/wp\/v2\/media\/2749"}],"wp:attachment":[{"href":"https:\/\/www.oracaoefe.com\/fr\/wp-json\/wp\/v2\/media?parent=2733"}],"wp:term":[{"taxonomy":"category","embeddable":true,"href":"https:\/\/www.oracaoefe.com\/fr\/wp-json\/wp\/v2\/categories?post=2733"},{"taxonomy":"post_tag","embeddable":true,"href":"https:\/\/www.oracaoefe.com\/fr\/wp-json\/wp\/v2\/tags?post=2733"}],"curies":[{"name":"wp","href":"https:\/\/api.w.org\/{rel}","templated":true}]}}