{"id":2730,"date":"2024-03-25T18:50:43","date_gmt":"2024-03-25T21:50:43","guid":{"rendered":"https:\/\/www.oracaoefe.com\/?p=2730"},"modified":"2024-03-25T18:50:44","modified_gmt":"2024-03-25T21:50:44","slug":"o-santo-das-causas-impossiveis-saiba-quem-e-sao-judas-tadeu","status":"publish","type":"post","link":"https:\/\/www.oracaoefe.com\/fr\/o-santo-das-causas-impossiveis-saiba-quem-e-sao-judas-tadeu\/","title":{"rendered":"O santo das causas imposs\u00edveis: Saiba quem \u00e9 S\u00e3o Judas Tadeu"},"content":{"rendered":"<p class=\"wp-block-paragraph\">Em um mundo repleto de desafios e adversidades, muitos de n\u00f3s buscamos conforto e esperan\u00e7a em figuras espirituais que representam a f\u00e9 e a bondade. Entre esses santos venerados pela tradi\u00e7\u00e3o crist\u00e3, S\u00e3o Judas Tadeu se destaca como um intercessor poderoso nas causas tidas como imposs\u00edveis.&nbsp;<\/p>\n\n\n\n<h2 class=\"wp-block-heading\">Quem foi S\u00e3o Judas Tadeu?<\/h2>\n\n\n\n<p class=\"wp-block-paragraph\">S\u00e3o Judas Tadeu, tamb\u00e9m conhecido simplesmente como S\u00e3o Judas, foi um dos doze ap\u00f3stolos escolhidos por Jesus Cristo para difundir sua mensagem de amor e salva\u00e7\u00e3o.\u00a0<\/p>\n\n\n\n<figure class=\"wp-block-image size-full\"><img loading=\"lazy\" decoding=\"async\" width=\"900\" height=\"506\" src=\"https:\/\/www.oracaoefe.com\/wp-content\/uploads\/2024\/03\/image-2.png\" alt=\"\" class=\"wp-image-2731\" srcset=\"https:\/\/www.oracaoefe.com\/wp-content\/uploads\/2024\/03\/image-2.png 900w, https:\/\/www.oracaoefe.com\/wp-content\/uploads\/2024\/03\/image-2-300x169.png 300w, https:\/\/www.oracaoefe.com\/wp-content\/uploads\/2024\/03\/image-2-768x432.png 768w, https:\/\/www.oracaoefe.com\/wp-content\/uploads\/2024\/03\/image-2-18x10.png 18w, https:\/\/www.oracaoefe.com\/wp-content\/uploads\/2024\/03\/image-2-383x215.png 383w\" sizes=\"auto, (max-width: 900px) 100vw, 900px\" \/><\/figure>\n\n\n\n<p class=\"wp-block-paragraph\">Apesar de sua import\u00e2ncia dentro do cristianismo primitivo, sua figura muitas vezes \u00e9 eclipsada pelos ap\u00f3stolos mais famosos, como Pedro e Jo\u00e3o. No entanto, ao longo dos s\u00e9culos, a devo\u00e7\u00e3o a S\u00e3o Judas Tadeu cresceu significativamente, especialmente entre aqueles que buscam aux\u00edlio em situa\u00e7\u00f5es desesperadoras.<\/p>\n\n\n\n<h2 class=\"wp-block-heading\">A Vida de S\u00e3o Judas Tadeu<\/h2>\n\n\n\n<p class=\"wp-block-paragraph\">Pouco se sabe sobre a vida de S\u00e3o Judas Tadeu al\u00e9m do que \u00e9 mencionado nos Evangelhos. Ele \u00e9 tradicionalmente identificado como o autor da Carta de Judas no Novo Testamento, na qual exorta os crist\u00e3os a permanecerem firmes na f\u00e9 e a resistirem \u00e0s influ\u00eancias malignas. Al\u00e9m disso, h\u00e1 poucos relatos hist\u00f3ricos sobre suas atividades mission\u00e1rias ap\u00f3s a ressurrei\u00e7\u00e3o de Cristo.<\/p>\n\n\n\n<p class=\"wp-block-paragraph\">A tradi\u00e7\u00e3o afirma que S\u00e3o Judas Tadeu pregou o Evangelho na Mesopot\u00e2mia e na P\u00e9rsia, enfrentando persegui\u00e7\u00f5es e desafios constantes. Sua devo\u00e7\u00e3o inabal\u00e1vel a Jesus Cristo e sua coragem diante da adversidade inspiraram muitos a se converterem ao cristianismo. No entanto, sua obra apost\u00f3lica foi interrompida tragicamente quando ele foi martirizado por sua f\u00e9, provavelmente por volta do ano 65 d.C.<\/p>\n\n\n\n<h2 class=\"wp-block-heading\">O Culto a S\u00e3o Judas Tadeu<\/h2>\n\n\n\n<p class=\"wp-block-paragraph\">Ap\u00f3s sua morte, o culto a S\u00e3o Judas Tadeu foi gradualmente se desenvolvendo, especialmente em regi\u00f5es como a It\u00e1lia e a Espanha. No entanto, foi no Brasil que a devo\u00e7\u00e3o a S\u00e3o Judas Tadeu alcan\u00e7ou seu auge. Milh\u00f5es de fi\u00e9is em todo o pa\u00eds recorrem a ele em momentos de necessidade, agradecendo suas intercess\u00f5es em casos de doen\u00e7a, desemprego, problemas familiares e outras dificuldades.<\/p>\n\n\n\n<p class=\"wp-block-paragraph\">A devo\u00e7\u00e3o a S\u00e3o Judas Tadeu \u00e9 frequentemente associada a milagres extraordin\u00e1rios, nos quais ele \u00e9 creditado por intervir em situa\u00e7\u00f5es aparentemente sem esperan\u00e7a. Muitos relatam experi\u00eancias de cura f\u00edsica e emocional, solu\u00e7\u00e3o de problemas financeiros e reconcilia\u00e7\u00e3o de relacionamentos conturbados ap\u00f3s a invoca\u00e7\u00e3o do santo das causas imposs\u00edveis.<\/p>\n\n\n\n<h2 class=\"wp-block-heading\">Ora\u00e7\u00e3o a S\u00e3o Judas Tadeu<\/h2>\n\n\n\n<p class=\"wp-block-paragraph\">A ora\u00e7\u00e3o a S\u00e3o Judas Tadeu \u00e9 uma das formas mais comuns de buscar sua intercess\u00e3o. Uma das mais conhecidas \u00e9 a seguinte:<\/p>\n\n\n\n<p class=\"wp-block-paragraph\"><em>&#8220;S\u00e3o Judas Tadeu, glorioso Ap\u00f3stolo,<\/em><\/p>\n\n\n\n<p class=\"wp-block-paragraph\"><em>fiel servo e amigo de Jesus,<\/em><\/p>\n\n\n\n<p class=\"wp-block-paragraph\"><em>o nome do traidor foi causa<\/em><\/p>\n\n\n\n<p class=\"wp-block-paragraph\"><em>para que fosseis esquecido por muitos,<\/em><\/p>\n\n\n\n<p class=\"wp-block-paragraph\"><em>mas a Igreja vos honra e invoca<\/em><\/p>\n\n\n\n<p class=\"wp-block-paragraph\"><em>por todo o mundo como patrono<\/em><\/p>\n\n\n\n<p class=\"wp-block-paragraph\"><em>dos casos desesperados e sem rem\u00e9dio.<\/em><\/p>\n\n\n\n<p class=\"wp-block-paragraph\"><em>Rogai por mim, que estou t\u00e3o desamparado.<\/em><\/p>\n\n\n\n<p class=\"wp-block-paragraph\"><em>Tomai-me sob vossa prote\u00e7\u00e3o,<\/em><\/p>\n\n\n\n<p class=\"wp-block-paragraph\"><em>trazei-me al\u00edvio e conforto!<\/em><\/p>\n\n\n\n<p class=\"wp-block-paragraph\"><em>\u00d3 S\u00e3o Judas Tadeu, ajudai-me a alcan\u00e7ar a gra\u00e7a<\/em><\/p>\n\n\n\n<p class=\"wp-block-paragraph\"><em>que vos pe\u00e7o (fazer o pedido).<\/em><\/p>\n\n\n\n<p class=\"wp-block-paragraph\"><em>Eu vos prometo, \u00f3 bendito S\u00e3o Judas Tadeu,<\/em><\/p>\n\n\n\n<p class=\"wp-block-paragraph\"><em>lembrar-me sempre deste grande favor<\/em><\/p>\n\n\n\n<p class=\"wp-block-paragraph\"><em>e nunca deixar de vos louvar e honrar<\/em><\/p>\n\n\n\n<p class=\"wp-block-paragraph\"><em>como meu especial e poderoso patrono<\/em><\/p>\n\n\n\n<p class=\"wp-block-paragraph\"><em>e fazer tudo que estiver ao meu alcance<\/em><\/p>\n\n\n\n<p class=\"wp-block-paragraph\"><em>para espalhar a devo\u00e7\u00e3o<\/em><\/p>\n\n\n\n<p class=\"wp-block-paragraph\"><em>a v\u00f3s, \u00f3 S\u00e3o Judas Tadeu.<\/em><\/p>\n\n\n\n<p class=\"wp-block-paragraph\"><em>Am\u00e9m.&#8221;<\/em><\/p>\n\n\n\n<h2 class=\"wp-block-heading\">Uma inspira\u00e7\u00e3o a milh\u00f5es de pessoas<\/h2>\n\n\n\n<p class=\"wp-block-paragraph\">S\u00e3o Judas Tadeu, o santo das causas imposs\u00edveis, continua a inspirar milh\u00f5es de pessoas em todo o mundo com sua f\u00e9 inabal\u00e1vel e seu poder de intercess\u00e3o. Sua vida e legado s\u00e3o testemunhos poderosos da gra\u00e7a divina e da miseric\u00f3rdia de Deus, mesmo nas circunst\u00e2ncias mais dif\u00edceis.&nbsp;<\/p>\n\n\n\n<p class=\"wp-block-paragraph\">Que possamos seguir seu exemplo de devo\u00e7\u00e3o e confian\u00e7a em Deus, sabendo que, com a ajuda de S\u00e3o Judas Tadeu, nenhuma causa \u00e9 verdadeiramente imposs\u00edvel. Que sua luz continue a brilhar sobre todos n\u00f3s, trazendo esperan\u00e7a e consolo em tempos de necessidade.<\/p>\n\n\n\n<p class=\"wp-block-paragraph\"><strong>Voir aussi\u00a0: <a href=\"https:\/\/www.oracaoefe.com\/fr\/como-a-fe-pode-curar-entenda-o-poder-dentro-de-si\/\">Como a f\u00e9 pode curar? Entenda o poder dentro de si<\/a><\/strong><\/p>\n\n\n\n<p class=\"wp-block-paragraph\">25 de mar\u00e7o de 2024<\/p>","protected":false},"excerpt":{"rendered":"<p>Em um mundo repleto de desafios e adversidades, muitos de n\u00f3s buscamos conforto e esperan\u00e7a em figuras espirituais que representam a f\u00e9 e a bondade. Entre esses santos venerados pela tradi\u00e7\u00e3o crist\u00e3, S\u00e3o Judas Tadeu se destaca como um intercessor poderoso nas causas tidas como imposs\u00edveis.&nbsp; Quem foi S\u00e3o Judas Tadeu? S\u00e3o Judas Tadeu, tamb\u00e9m&hellip;&nbsp;<\/p>","protected":false},"author":3,"featured_media":2731,"comment_status":"closed","ping_status":"closed","sticky":false,"template":"","format":"standard","meta":{"neve_meta_sidebar":"","neve_meta_container":"","neve_meta_enable_content_width":"","neve_meta_content_width":0,"neve_meta_title_alignment":"","neve_meta_author_avatar":"","neve_post_elements_order":"","neve_meta_disable_header":"","neve_meta_disable_footer":"","neve_meta_disable_title":"","footnotes":""},"categories":[4],"tags":[],"class_list":["post-2730","post","type-post","status-publish","format-standard","has-post-thumbnail","hentry","category-fique-por-dentro"],"yoast_head":"<!-- This site is optimized with the Yoast SEO plugin v28.4 - https:\/\/yoast.com\/product\/yoast-seo-wordpress\/ -->\n<title>O santo das causas imposs\u00edveis: Saiba quem \u00e9 S\u00e3o Judas Tadeu - Ora\u00e7\u00e3o e F\u00e9<\/title>\n<meta name=\"description\" content=\"Deus tem pra voc\u00ea uma palavra de vida!\" \/>\n<meta name=\"robots\" content=\"index, follow, max-snippet:-1, max-image-preview:large, max-video-preview:-1\" \/>\n<link rel=\"canonical\" href=\"https:\/\/www.oracaoefe.com\/fr\/o-santo-das-causas-impossiveis-saiba-quem-e-sao-judas-tadeu\/\" \/>\n<meta property=\"og:locale\" content=\"fr_FR\" \/>\n<meta property=\"og:type\" content=\"article\" \/>\n<meta property=\"og:title\" content=\"O santo das causas imposs\u00edveis: Saiba quem \u00e9 S\u00e3o Judas Tadeu - Ora\u00e7\u00e3o e F\u00e9\" \/>\n<meta property=\"og:description\" content=\"Deus tem pra voc\u00ea uma palavra de vida!\" \/>\n<meta property=\"og:url\" content=\"https:\/\/www.oracaoefe.com\/fr\/o-santo-das-causas-impossiveis-saiba-quem-e-sao-judas-tadeu\/\" \/>\n<meta property=\"og:site_name\" content=\"Ora\u00e7\u00e3o e F\u00e9\" \/>\n<meta property=\"article:published_time\" content=\"2024-03-25T21:50:43+00:00\" \/>\n<meta property=\"article:modified_time\" content=\"2024-03-25T21:50:44+00:00\" \/>\n<meta property=\"og:image\" content=\"https:\/\/www.oracaoefe.com\/wp-content\/uploads\/2024\/03\/image-2.png\" \/>\n\t<meta property=\"og:image:width\" content=\"900\" \/>\n\t<meta property=\"og:image:height\" content=\"506\" \/>\n\t<meta property=\"og:image:type\" content=\"image\/png\" \/>\n<meta name=\"author\" content=\"Michele Azevedo\" \/>\n<meta name=\"twitter:card\" content=\"summary_large_image\" \/>\n<meta name=\"twitter:label1\" content=\"\u00c9crit par\" \/>\n\t<meta name=\"twitter:data1\" content=\"Michele Azevedo\" \/>\n\t<meta name=\"twitter:label2\" content=\"Dur\u00e9e de lecture estim\u00e9e\" \/>\n\t<meta name=\"twitter:data2\" content=\"4 minutes\" \/>\n<script type=\"application\/ld+json\" class=\"yoast-schema-graph\">{\"@context\":\"https:\\\/\\\/schema.org\",\"@graph\":[{\"@type\":\"Article\",\"@id\":\"https:\\\/\\\/www.oracaoefe.com\\\/o-santo-das-causas-impossiveis-saiba-quem-e-sao-judas-tadeu\\\/#article\",\"isPartOf\":{\"@id\":\"https:\\\/\\\/www.oracaoefe.com\\\/o-santo-das-causas-impossiveis-saiba-quem-e-sao-judas-tadeu\\\/\"},\"author\":{\"name\":\"Michele Azevedo\",\"@id\":\"https:\\\/\\\/www.oracaoefe.com\\\/#\\\/schema\\\/person\\\/17283c669442cf005c4d5bb58adfb7f5\"},\"headline\":\"O santo das causas imposs\u00edveis: Saiba quem \u00e9 S\u00e3o Judas Tadeu\",\"datePublished\":\"2024-03-25T21:50:43+00:00\",\"dateModified\":\"2024-03-25T21:50:44+00:00\",\"mainEntityOfPage\":{\"@id\":\"https:\\\/\\\/www.oracaoefe.com\\\/o-santo-das-causas-impossiveis-saiba-quem-e-sao-judas-tadeu\\\/\"},\"wordCount\":732,\"image\":{\"@id\":\"https:\\\/\\\/www.oracaoefe.com\\\/o-santo-das-causas-impossiveis-saiba-quem-e-sao-judas-tadeu\\\/#primaryimage\"},\"thumbnailUrl\":\"https:\\\/\\\/www.oracaoefe.com\\\/wp-content\\\/uploads\\\/2024\\\/03\\\/image-2.png\",\"articleSection\":[\"Fique por Dentro\"],\"inLanguage\":\"fr-FR\"},{\"@type\":\"WebPage\",\"@id\":\"https:\\\/\\\/www.oracaoefe.com\\\/o-santo-das-causas-impossiveis-saiba-quem-e-sao-judas-tadeu\\\/\",\"url\":\"https:\\\/\\\/www.oracaoefe.com\\\/o-santo-das-causas-impossiveis-saiba-quem-e-sao-judas-tadeu\\\/\",\"name\":\"O santo das causas imposs\u00edveis: Saiba quem \u00e9 S\u00e3o Judas Tadeu - Ora\u00e7\u00e3o e F\u00e9\",\"isPartOf\":{\"@id\":\"https:\\\/\\\/www.oracaoefe.com\\\/#website\"},\"primaryImageOfPage\":{\"@id\":\"https:\\\/\\\/www.oracaoefe.com\\\/o-santo-das-causas-impossiveis-saiba-quem-e-sao-judas-tadeu\\\/#primaryimage\"},\"image\":{\"@id\":\"https:\\\/\\\/www.oracaoefe.com\\\/o-santo-das-causas-impossiveis-saiba-quem-e-sao-judas-tadeu\\\/#primaryimage\"},\"thumbnailUrl\":\"https:\\\/\\\/www.oracaoefe.com\\\/wp-content\\\/uploads\\\/2024\\\/03\\\/image-2.png\",\"datePublished\":\"2024-03-25T21:50:43+00:00\",\"dateModified\":\"2024-03-25T21:50:44+00:00\",\"author\":{\"@id\":\"https:\\\/\\\/www.oracaoefe.com\\\/#\\\/schema\\\/person\\\/17283c669442cf005c4d5bb58adfb7f5\"},\"description\":\"Deus tem pra voc\u00ea uma palavra de vida!\",\"breadcrumb\":{\"@id\":\"https:\\\/\\\/www.oracaoefe.com\\\/o-santo-das-causas-impossiveis-saiba-quem-e-sao-judas-tadeu\\\/#breadcrumb\"},\"inLanguage\":\"fr-FR\",\"potentialAction\":[{\"@type\":\"ReadAction\",\"target\":[\"https:\\\/\\\/www.oracaoefe.com\\\/o-santo-das-causas-impossiveis-saiba-quem-e-sao-judas-tadeu\\\/\"]}]},{\"@type\":\"ImageObject\",\"inLanguage\":\"fr-FR\",\"@id\":\"https:\\\/\\\/www.oracaoefe.com\\\/o-santo-das-causas-impossiveis-saiba-quem-e-sao-judas-tadeu\\\/#primaryimage\",\"url\":\"https:\\\/\\\/www.oracaoefe.com\\\/wp-content\\\/uploads\\\/2024\\\/03\\\/image-2.png\",\"contentUrl\":\"https:\\\/\\\/www.oracaoefe.com\\\/wp-content\\\/uploads\\\/2024\\\/03\\\/image-2.png\",\"width\":900,\"height\":506},{\"@type\":\"BreadcrumbList\",\"@id\":\"https:\\\/\\\/www.oracaoefe.com\\\/o-santo-das-causas-impossiveis-saiba-quem-e-sao-judas-tadeu\\\/#breadcrumb\",\"itemListElement\":[{\"@type\":\"ListItem\",\"position\":1,\"name\":\"Home\",\"item\":\"https:\\\/\\\/www.oracaoefe.com\\\/\"},{\"@type\":\"ListItem\",\"position\":2,\"name\":\"Fique por Dentro\",\"item\":\"https:\\\/\\\/www.oracaoefe.com\\\/category\\\/fique-por-dentro\\\/\"},{\"@type\":\"ListItem\",\"position\":3,\"name\":\"O santo das causas imposs\u00edveis: Saiba quem \u00e9 S\u00e3o Judas Tadeu\"}]},{\"@type\":\"WebSite\",\"@id\":\"https:\\\/\\\/www.oracaoefe.com\\\/#website\",\"url\":\"https:\\\/\\\/www.oracaoefe.com\\\/\",\"name\":\"Ora\u00e7\u00e3o e F\u00e9\",\"description\":\"\",\"potentialAction\":[{\"@type\":\"SearchAction\",\"target\":{\"@type\":\"EntryPoint\",\"urlTemplate\":\"https:\\\/\\\/www.oracaoefe.com\\\/?s={search_term_string}\"},\"query-input\":{\"@type\":\"PropertyValueSpecification\",\"valueRequired\":true,\"valueName\":\"search_term_string\"}}],\"inLanguage\":\"fr-FR\"},{\"@type\":\"Person\",\"@id\":\"https:\\\/\\\/www.oracaoefe.com\\\/#\\\/schema\\\/person\\\/17283c669442cf005c4d5bb58adfb7f5\",\"name\":\"Michele Azevedo\",\"image\":{\"@type\":\"ImageObject\",\"inLanguage\":\"fr-FR\",\"@id\":\"https:\\\/\\\/secure.gravatar.com\\\/avatar\\\/6b0eb9d22841282815e2cd856a0061c45e1761cd54b22e952d98c4746939aa85?s=96&d=mm&r=g\",\"url\":\"https:\\\/\\\/secure.gravatar.com\\\/avatar\\\/6b0eb9d22841282815e2cd856a0061c45e1761cd54b22e952d98c4746939aa85?s=96&d=mm&r=g\",\"contentUrl\":\"https:\\\/\\\/secure.gravatar.com\\\/avatar\\\/6b0eb9d22841282815e2cd856a0061c45e1761cd54b22e952d98c4746939aa85?s=96&d=mm&r=g\",\"caption\":\"Michele Azevedo\"},\"description\":\"Formada em Letras - Portugu\u00eas\\\/ Ingl\u00eas pela Universidade Estadual de Ponta Grossa (UEPG), p\u00f3s-graduada em Arte na Educa\u00e7\u00e3o (FAPI) e Psicopedagogia Escolar (FAPI), idealizadora e propriet\u00e1ria do site Escritora de Sucesso, possui experi\u00eancia em escrita para blogs em geral e atua como redatora e revisora dos conte\u00fados do Ora\u00e7\u00e3o e F\u00e9.\",\"url\":\"https:\\\/\\\/www.oracaoefe.com\\\/fr\\\/author\\\/michele-azevedo\\\/\"}]}<\/script>\n<!-- \/ Yoast SEO plugin. -->","yoast_head_json":{"title":"O santo das causas imposs\u00edveis: Saiba quem \u00e9 S\u00e3o Judas Tadeu - Ora\u00e7\u00e3o e F\u00e9","description":"Dieu a une parole de vie pour vous !","robots":{"index":"index","follow":"follow","max-snippet":"max-snippet:-1","max-image-preview":"max-image-preview:large","max-video-preview":"max-video-preview:-1"},"canonical":"https:\/\/www.oracaoefe.com\/fr\/o-santo-das-causas-impossiveis-saiba-quem-e-sao-judas-tadeu\/","og_locale":"fr_FR","og_type":"article","og_title":"O santo das causas imposs\u00edveis: Saiba quem \u00e9 S\u00e3o Judas Tadeu - Ora\u00e7\u00e3o e F\u00e9","og_description":"Deus tem pra voc\u00ea uma palavra de vida!","og_url":"https:\/\/www.oracaoefe.com\/fr\/o-santo-das-causas-impossiveis-saiba-quem-e-sao-judas-tadeu\/","og_site_name":"Ora\u00e7\u00e3o e F\u00e9","article_published_time":"2024-03-25T21:50:43+00:00","article_modified_time":"2024-03-25T21:50:44+00:00","og_image":[{"width":900,"height":506,"url":"https:\/\/www.oracaoefe.com\/wp-content\/uploads\/2024\/03\/image-2.png","type":"image\/png"}],"author":"Michele Azevedo","twitter_card":"summary_large_image","twitter_misc":{"\u00c9crit par":"Michele Azevedo","Dur\u00e9e de lecture estim\u00e9e":"4 minutes"},"schema":{"@context":"https:\/\/schema.org","@graph":[{"@type":"Article","@id":"https:\/\/www.oracaoefe.com\/o-santo-das-causas-impossiveis-saiba-quem-e-sao-judas-tadeu\/#article","isPartOf":{"@id":"https:\/\/www.oracaoefe.com\/o-santo-das-causas-impossiveis-saiba-quem-e-sao-judas-tadeu\/"},"author":{"name":"Michele Azevedo","@id":"https:\/\/www.oracaoefe.com\/#\/schema\/person\/17283c669442cf005c4d5bb58adfb7f5"},"headline":"O santo das causas imposs\u00edveis: Saiba quem \u00e9 S\u00e3o Judas Tadeu","datePublished":"2024-03-25T21:50:43+00:00","dateModified":"2024-03-25T21:50:44+00:00","mainEntityOfPage":{"@id":"https:\/\/www.oracaoefe.com\/o-santo-das-causas-impossiveis-saiba-quem-e-sao-judas-tadeu\/"},"wordCount":732,"image":{"@id":"https:\/\/www.oracaoefe.com\/o-santo-das-causas-impossiveis-saiba-quem-e-sao-judas-tadeu\/#primaryimage"},"thumbnailUrl":"https:\/\/www.oracaoefe.com\/wp-content\/uploads\/2024\/03\/image-2.png","articleSection":["Fique por Dentro"],"inLanguage":"fr-FR"},{"@type":"WebPage","@id":"https:\/\/www.oracaoefe.com\/o-santo-das-causas-impossiveis-saiba-quem-e-sao-judas-tadeu\/","url":"https:\/\/www.oracaoefe.com\/o-santo-das-causas-impossiveis-saiba-quem-e-sao-judas-tadeu\/","name":"O santo das causas imposs\u00edveis: Saiba quem \u00e9 S\u00e3o Judas Tadeu - Ora\u00e7\u00e3o e F\u00e9","isPartOf":{"@id":"https:\/\/www.oracaoefe.com\/#website"},"primaryImageOfPage":{"@id":"https:\/\/www.oracaoefe.com\/o-santo-das-causas-impossiveis-saiba-quem-e-sao-judas-tadeu\/#primaryimage"},"image":{"@id":"https:\/\/www.oracaoefe.com\/o-santo-das-causas-impossiveis-saiba-quem-e-sao-judas-tadeu\/#primaryimage"},"thumbnailUrl":"https:\/\/www.oracaoefe.com\/wp-content\/uploads\/2024\/03\/image-2.png","datePublished":"2024-03-25T21:50:43+00:00","dateModified":"2024-03-25T21:50:44+00:00","author":{"@id":"https:\/\/www.oracaoefe.com\/#\/schema\/person\/17283c669442cf005c4d5bb58adfb7f5"},"description":"Dieu a une parole de vie pour vous !","breadcrumb":{"@id":"https:\/\/www.oracaoefe.com\/o-santo-das-causas-impossiveis-saiba-quem-e-sao-judas-tadeu\/#breadcrumb"},"inLanguage":"fr-FR","potentialAction":[{"@type":"ReadAction","target":["https:\/\/www.oracaoefe.com\/o-santo-das-causas-impossiveis-saiba-quem-e-sao-judas-tadeu\/"]}]},{"@type":"ImageObject","inLanguage":"fr-FR","@id":"https:\/\/www.oracaoefe.com\/o-santo-das-causas-impossiveis-saiba-quem-e-sao-judas-tadeu\/#primaryimage","url":"https:\/\/www.oracaoefe.com\/wp-content\/uploads\/2024\/03\/image-2.png","contentUrl":"https:\/\/www.oracaoefe.com\/wp-content\/uploads\/2024\/03\/image-2.png","width":900,"height":506},{"@type":"BreadcrumbList","@id":"https:\/\/www.oracaoefe.com\/o-santo-das-causas-impossiveis-saiba-quem-e-sao-judas-tadeu\/#breadcrumb","itemListElement":[{"@type":"ListItem","position":1,"name":"Home","item":"https:\/\/www.oracaoefe.com\/"},{"@type":"ListItem","position":2,"name":"Fique por Dentro","item":"https:\/\/www.oracaoefe.com\/category\/fique-por-dentro\/"},{"@type":"ListItem","position":3,"name":"O santo das causas imposs\u00edveis: Saiba quem \u00e9 S\u00e3o Judas Tadeu"}]},{"@type":"WebSite","@id":"https:\/\/www.oracaoefe.com\/#website","url":"https:\/\/www.oracaoefe.com\/","name":"Pri\u00e8re et foi","description":"","potentialAction":[{"@type":"SearchAction","target":{"@type":"EntryPoint","urlTemplate":"https:\/\/www.oracaoefe.com\/?s={search_term_string}"},"query-input":{"@type":"PropertyValueSpecification","valueRequired":true,"valueName":"search_term_string"}}],"inLanguage":"fr-FR"},{"@type":"Person","@id":"https:\/\/www.oracaoefe.com\/#\/schema\/person\/17283c669442cf005c4d5bb58adfb7f5","name":"Michele Azevedo","image":{"@type":"ImageObject","inLanguage":"fr-FR","@id":"https:\/\/secure.gravatar.com\/avatar\/6b0eb9d22841282815e2cd856a0061c45e1761cd54b22e952d98c4746939aa85?s=96&d=mm&r=g","url":"https:\/\/secure.gravatar.com\/avatar\/6b0eb9d22841282815e2cd856a0061c45e1761cd54b22e952d98c4746939aa85?s=96&d=mm&r=g","contentUrl":"https:\/\/secure.gravatar.com\/avatar\/6b0eb9d22841282815e2cd856a0061c45e1761cd54b22e952d98c4746939aa85?s=96&d=mm&r=g","caption":"Michele Azevedo"},"description":"Dipl\u00f4m\u00e9e en litt\u00e9rature portugaise\/anglaise de l&#039;Universit\u00e9 d&#039;\u00c9tat de Ponta Grossa (UEPG), avec des dipl\u00f4mes de troisi\u00e8me cycle en art dans l&#039;\u00e9ducation (FAPI) et en psychop\u00e9dagogie scolaire (FAPI), elle est la cr\u00e9atrice et propri\u00e9taire du site web Escritora de Sucesso, a de l&#039;exp\u00e9rience dans l&#039;\u00e9criture pour les blogs en g\u00e9n\u00e9ral et travaille comme r\u00e9dactrice et \u00e9ditrice du contenu pour Ora\u00e7\u00e3o e F\u00e9.","url":"https:\/\/www.oracaoefe.com\/fr\/author\/michele-azevedo\/"}]}},"_links":{"self":[{"href":"https:\/\/www.oracaoefe.com\/fr\/wp-json\/wp\/v2\/posts\/2730","targetHints":{"allow":["GET"]}}],"collection":[{"href":"https:\/\/www.oracaoefe.com\/fr\/wp-json\/wp\/v2\/posts"}],"about":[{"href":"https:\/\/www.oracaoefe.com\/fr\/wp-json\/wp\/v2\/types\/post"}],"author":[{"embeddable":true,"href":"https:\/\/www.oracaoefe.com\/fr\/wp-json\/wp\/v2\/users\/3"}],"replies":[{"embeddable":true,"href":"https:\/\/www.oracaoefe.com\/fr\/wp-json\/wp\/v2\/comments?post=2730"}],"version-history":[{"count":1,"href":"https:\/\/www.oracaoefe.com\/fr\/wp-json\/wp\/v2\/posts\/2730\/revisions"}],"predecessor-version":[{"id":2732,"href":"https:\/\/www.oracaoefe.com\/fr\/wp-json\/wp\/v2\/posts\/2730\/revisions\/2732"}],"wp:featuredmedia":[{"embeddable":true,"href":"https:\/\/www.oracaoefe.com\/fr\/wp-json\/wp\/v2\/media\/2731"}],"wp:attachment":[{"href":"https:\/\/www.oracaoefe.com\/fr\/wp-json\/wp\/v2\/media?parent=2730"}],"wp:term":[{"taxonomy":"category","embeddable":true,"href":"https:\/\/www.oracaoefe.com\/fr\/wp-json\/wp\/v2\/categories?post=2730"},{"taxonomy":"post_tag","embeddable":true,"href":"https:\/\/www.oracaoefe.com\/fr\/wp-json\/wp\/v2\/tags?post=2730"}],"curies":[{"name":"wp","href":"https:\/\/api.w.org\/{rel}","templated":true}]}}